{"id":1454959,"date":"2024-10-05T08:03:47","date_gmt":"2024-10-05T15:03:47","guid":{"rendered":"https:\/\/noticiasya.com\/2024\/10\/05\/incendios-bolivia-destruyen-50-viviendas-beni-santa-cruz-orix\/"},"modified":"2024-10-05T08:03:47","modified_gmt":"2024-10-05T15:03:47","slug":"incendios-bolivia-destruyen-50-viviendas-beni-santa-cruz-orix","status":"publish","type":"post","link":"https:\/\/noticiasya.com\/midland-odessa\/2024\/10\/05\/incendios-bolivia-destruyen-50-viviendas-beni-santa-cruz-orix\/","title":{"rendered":"Incendios destruyen m\u00e1s de 50 viviendas en Beni y Santa Cruz, Bolivia"},"content":{"rendered":"<p>(CNN Espa\u00f1ol) &#8212; Los incendios forestales en los departamentos de Beni y Santa Cruz, Bolivia, arrasaron con 56 viviendas, inform\u00f3 el viernes la estatal Agencia Boliviana de Informaci\u00f3n.<\/p>\n<p>\u201cEn el departamento de Beni 22 viviendas fueron arrasadas por los incendios y el presidente (Luis Arce) me ha instruido r\u00e1pidamente que podamos construirles nuevas viviendas a estos hermanos que han perdido todo\u201d, se\u00f1al\u00f3 el ministro de Obras P\u00fablicas, Edgar Monta\u00f1o. El resto de las viviendas fueron afectadas en el departamento de Santa Cruz.<\/p>\n<p>Bolivia declara &#171;desastre nacional&#187; por incendios forestales<\/p>\n<p>Bolivia declar\u00f3 el lunes \u201cdesastre nacional\u201d debido a que la situaci\u00f3n se ha agravado desde que comenzara la emergencia a inicios de septiembre, cuando el fuego ya hab\u00eda consumido al menos 3,8 millones de hect\u00e1reas.<\/p>\n<p>The-CNN-Wire<br \/>&trade; &amp; &copy; 2024 Cable News Network, Inc., a Warner Bros. Discovery Company. All rights reserved.<\/p>\n","protected":false},"excerpt":{"rendered":"<p>(CNN Espa\u00f1ol) &#8212; Los incendios forestales en los departamentos de Beni y Santa Cruz, Bolivia, arrasaron con 56 viviendas, inform\u00f3 el viernes la estatal Agencia Boliviana de Informaci\u00f3n. \u201cEn el departamento de Beni 22 viviendas fueron arrasadas por los incendios y el presidente (Luis Arce) me ha instruido r\u00e1pidamente que podamos construirles nuevas viviendas a [&hellip;]<\/p>\n","protected":false},"author":0,"featured_media":0,"comment_status":"open","ping_status":"open","sticky":false,"template":"","format":"standard","meta":{"_jetpack_memberships_contains_paid_content":false,"footnotes":""},"categories":[10],"tags":[],"class_list":["post-1454959","post","type-post","status-publish","format-standard","hentry","category-noticias-nacionales","market-global"],"yoast_head":"<!-- This site is optimized with the Yoast SEO plugin v24.4 - https:\/\/yoast.com\/wordpress\/plugins\/seo\/ -->\n<title>Incendios destruyen m\u00e1s de 50 viviendas en Beni y Santa Cruz, Bolivia - Noticias<\/title>\n<meta name=\"robots\" content=\"index, follow, max-snippet:-1, max-image-preview:large, max-video-preview:-1\" \/>\n<link rel=\"canonical\" href=\"https:\/\/noticiasya.com\/2024\/10\/05\/incendios-bolivia-destruyen-50-viviendas-beni-santa-cruz-orix\/\" \/>\n<meta property=\"og:locale\" content=\"es_ES\" \/>\n<meta property=\"og:type\" content=\"article\" \/>\n<meta property=\"og:title\" content=\"Incendios destruyen m\u00e1s de 50 viviendas en Beni y Santa Cruz, Bolivia - Noticias\" \/>\n<meta property=\"og:description\" content=\"(CNN Espa\u00f1ol) &#8212; Los incendios forestales en los departamentos de Beni y Santa Cruz, Bolivia, arrasaron con 56 viviendas, inform\u00f3 el viernes la estatal Agencia Boliviana de Informaci\u00f3n. \u201cEn el departamento de Beni 22 viviendas fueron arrasadas por los incendios y el presidente (Luis Arce) me ha instruido r\u00e1pidamente que podamos construirles nuevas viviendas a [&hellip;]\" \/>\n<meta property=\"og:url\" content=\"https:\/\/noticiasya.com\/2024\/10\/05\/incendios-bolivia-destruyen-50-viviendas-beni-santa-cruz-orix\/\" \/>\n<meta property=\"og:site_name\" content=\"Noticias\" \/>\n<meta property=\"article:published_time\" content=\"2024-10-05T15:03:47+00:00\" \/>\n<meta name=\"twitter:card\" content=\"summary_large_image\" \/>\n<meta name=\"twitter:label1\" content=\"Est. reading time\" \/>\n\t<meta name=\"twitter:data1\" content=\"1 minuto\" \/>\n<script type=\"application\/ld+json\" class=\"yoast-schema-graph\">{\"@context\":\"https:\/\/schema.org\",\"@graph\":[{\"@type\":\"Article\",\"@id\":\"https:\/\/noticiasya.com\/2024\/10\/05\/incendios-bolivia-destruyen-50-viviendas-beni-santa-cruz-orix\/#article\",\"isPartOf\":{\"@id\":\"https:\/\/noticiasya.com\/2024\/10\/05\/incendios-bolivia-destruyen-50-viviendas-beni-santa-cruz-orix\/\"},\"author\":{\"name\":\"\",\"@id\":\"\"},\"headline\":\"Incendios destruyen m\u00e1s de 50 viviendas en Beni y Santa Cruz, Bolivia\",\"datePublished\":\"2024-10-05T15:03:47+00:00\",\"mainEntityOfPage\":{\"@id\":\"https:\/\/noticiasya.com\/2024\/10\/05\/incendios-bolivia-destruyen-50-viviendas-beni-santa-cruz-orix\/\"},\"wordCount\":158,\"commentCount\":0,\"publisher\":{\"@id\":\"https:\/\/noticiasya.com\/#organization\"},\"articleSection\":[\"Noticias Nacionales\"],\"inLanguage\":\"es\",\"potentialAction\":[{\"@type\":\"CommentAction\",\"name\":\"Comment\",\"target\":[\"https:\/\/noticiasya.com\/2024\/10\/05\/incendios-bolivia-destruyen-50-viviendas-beni-santa-cruz-orix\/#respond\"]}]},{\"@type\":\"WebPage\",\"@id\":\"https:\/\/noticiasya.com\/2024\/10\/05\/incendios-bolivia-destruyen-50-viviendas-beni-santa-cruz-orix\/\",\"url\":\"https:\/\/noticiasya.com\/2024\/10\/05\/incendios-bolivia-destruyen-50-viviendas-beni-santa-cruz-orix\/\",\"name\":\"Incendios destruyen m\u00e1s de 50 viviendas en Beni y Santa Cruz, Bolivia - Noticias\",\"isPartOf\":{\"@id\":\"https:\/\/noticiasya.com\/#website\"},\"datePublished\":\"2024-10-05T15:03:47+00:00\",\"breadcrumb\":{\"@id\":\"https:\/\/noticiasya.com\/2024\/10\/05\/incendios-bolivia-destruyen-50-viviendas-beni-santa-cruz-orix\/#breadcrumb\"},\"inLanguage\":\"es\",\"potentialAction\":[{\"@type\":\"ReadAction\",\"target\":[\"https:\/\/noticiasya.com\/2024\/10\/05\/incendios-bolivia-destruyen-50-viviendas-beni-santa-cruz-orix\/\"]}]},{\"@type\":\"BreadcrumbList\",\"@id\":\"https:\/\/noticiasya.com\/2024\/10\/05\/incendios-bolivia-destruyen-50-viviendas-beni-santa-cruz-orix\/#breadcrumb\",\"itemListElement\":[{\"@type\":\"ListItem\",\"position\":1,\"name\":\"Home\",\"item\":\"https:\/\/noticiasya.com\/\"},{\"@type\":\"ListItem\",\"position\":2,\"name\":\"Incendios destruyen m\u00e1s de 50 viviendas en Beni y Santa Cruz, Bolivia\"}]},{\"@type\":\"WebSite\",\"@id\":\"https:\/\/noticiasya.com\/#website\",\"url\":\"https:\/\/noticiasya.com\/\",\"name\":\"Noticias\",\"description\":\"Lo que importa\",\"publisher\":{\"@id\":\"https:\/\/noticiasya.com\/#organization\"},\"potentialAction\":[{\"@type\":\"SearchAction\",\"target\":{\"@type\":\"EntryPoint\",\"urlTemplate\":\"https:\/\/noticiasya.com\/?s={search_term_string}\"},\"query-input\":{\"@type\":\"PropertyValueSpecification\",\"valueRequired\":true,\"valueName\":\"search_term_string\"}}],\"inLanguage\":\"es\"},{\"@type\":\"Organization\",\"@id\":\"https:\/\/noticiasya.com\/#organization\",\"name\":\"Noticias\",\"url\":\"https:\/\/noticiasya.com\/\",\"logo\":{\"@type\":\"ImageObject\",\"inLanguage\":\"es\",\"@id\":\"https:\/\/noticiasya.com\/#\/schema\/logo\/image\/\",\"url\":\"https:\/\/noticiasya.com\/wp-content\/uploads\/sites\/22\/2023\/12\/logo-nacional.png\",\"contentUrl\":\"https:\/\/noticiasya.com\/wp-content\/uploads\/sites\/22\/2023\/12\/logo-nacional.png\",\"width\":1801,\"height\":691,\"caption\":\"Noticias\"},\"image\":{\"@id\":\"https:\/\/noticiasya.com\/#\/schema\/logo\/image\/\"}}]}<\/script>\n<!-- \/ Yoast SEO plugin. -->","yoast_head_json":{"title":"Incendios destruyen m\u00e1s de 50 viviendas en Beni y Santa Cruz, Bolivia - Noticias","robots":{"index":"index","follow":"follow","max-snippet":"max-snippet:-1","max-image-preview":"max-image-preview:large","max-video-preview":"max-video-preview:-1"},"canonical":"https:\/\/noticiasya.com\/2024\/10\/05\/incendios-bolivia-destruyen-50-viviendas-beni-santa-cruz-orix\/","og_locale":"es_ES","og_type":"article","og_title":"Incendios destruyen m\u00e1s de 50 viviendas en Beni y Santa Cruz, Bolivia - Noticias","og_description":"(CNN Espa\u00f1ol) &#8212; Los incendios forestales en los departamentos de Beni y Santa Cruz, Bolivia, arrasaron con 56 viviendas, inform\u00f3 el viernes la estatal Agencia Boliviana de Informaci\u00f3n. \u201cEn el departamento de Beni 22 viviendas fueron arrasadas por los incendios y el presidente (Luis Arce) me ha instruido r\u00e1pidamente que podamos construirles nuevas viviendas a [&hellip;]","og_url":"https:\/\/noticiasya.com\/2024\/10\/05\/incendios-bolivia-destruyen-50-viviendas-beni-santa-cruz-orix\/","og_site_name":"Noticias","article_published_time":"2024-10-05T15:03:47+00:00","twitter_card":"summary_large_image","twitter_misc":{"Est. reading time":"1 minuto"},"schema":{"@context":"https:\/\/schema.org","@graph":[{"@type":"Article","@id":"https:\/\/noticiasya.com\/2024\/10\/05\/incendios-bolivia-destruyen-50-viviendas-beni-santa-cruz-orix\/#article","isPartOf":{"@id":"https:\/\/noticiasya.com\/2024\/10\/05\/incendios-bolivia-destruyen-50-viviendas-beni-santa-cruz-orix\/"},"author":{"name":"","@id":""},"headline":"Incendios destruyen m\u00e1s de 50 viviendas en Beni y Santa Cruz, Bolivia","datePublished":"2024-10-05T15:03:47+00:00","mainEntityOfPage":{"@id":"https:\/\/noticiasya.com\/2024\/10\/05\/incendios-bolivia-destruyen-50-viviendas-beni-santa-cruz-orix\/"},"wordCount":158,"commentCount":0,"publisher":{"@id":"https:\/\/noticiasya.com\/#organization"},"articleSection":["Noticias Nacionales"],"inLanguage":"es","potentialAction":[{"@type":"CommentAction","name":"Comment","target":["https:\/\/noticiasya.com\/2024\/10\/05\/incendios-bolivia-destruyen-50-viviendas-beni-santa-cruz-orix\/#respond"]}]},{"@type":"WebPage","@id":"https:\/\/noticiasya.com\/2024\/10\/05\/incendios-bolivia-destruyen-50-viviendas-beni-santa-cruz-orix\/","url":"https:\/\/noticiasya.com\/2024\/10\/05\/incendios-bolivia-destruyen-50-viviendas-beni-santa-cruz-orix\/","name":"Incendios destruyen m\u00e1s de 50 viviendas en Beni y Santa Cruz, Bolivia - Noticias","isPartOf":{"@id":"https:\/\/noticiasya.com\/#website"},"datePublished":"2024-10-05T15:03:47+00:00","breadcrumb":{"@id":"https:\/\/noticiasya.com\/2024\/10\/05\/incendios-bolivia-destruyen-50-viviendas-beni-santa-cruz-orix\/#breadcrumb"},"inLanguage":"es","potentialAction":[{"@type":"ReadAction","target":["https:\/\/noticiasya.com\/2024\/10\/05\/incendios-bolivia-destruyen-50-viviendas-beni-santa-cruz-orix\/"]}]},{"@type":"BreadcrumbList","@id":"https:\/\/noticiasya.com\/2024\/10\/05\/incendios-bolivia-destruyen-50-viviendas-beni-santa-cruz-orix\/#breadcrumb","itemListElement":[{"@type":"ListItem","position":1,"name":"Home","item":"https:\/\/noticiasya.com\/"},{"@type":"ListItem","position":2,"name":"Incendios destruyen m\u00e1s de 50 viviendas en Beni y Santa Cruz, Bolivia"}]},{"@type":"WebSite","@id":"https:\/\/noticiasya.com\/#website","url":"https:\/\/noticiasya.com\/","name":"Noticias","description":"Lo que importa","publisher":{"@id":"https:\/\/noticiasya.com\/#organization"},"potentialAction":[{"@type":"SearchAction","target":{"@type":"EntryPoint","urlTemplate":"https:\/\/noticiasya.com\/?s={search_term_string}"},"query-input":{"@type":"PropertyValueSpecification","valueRequired":true,"valueName":"search_term_string"}}],"inLanguage":"es"},{"@type":"Organization","@id":"https:\/\/noticiasya.com\/#organization","name":"Noticias","url":"https:\/\/noticiasya.com\/","logo":{"@type":"ImageObject","inLanguage":"es","@id":"https:\/\/noticiasya.com\/#\/schema\/logo\/image\/","url":"https:\/\/noticiasya.com\/wp-content\/uploads\/sites\/22\/2023\/12\/logo-nacional.png","contentUrl":"https:\/\/noticiasya.com\/wp-content\/uploads\/sites\/22\/2023\/12\/logo-nacional.png","width":1801,"height":691,"caption":"Noticias"},"image":{"@id":"https:\/\/noticiasya.com\/#\/schema\/logo\/image\/"}}]}},"parsely":{"version":"1.1.0","canonical_url":"https:\/\/noticiasya.com\/midland-odessa\/2024\/10\/05\/incendios-bolivia-destruyen-50-viviendas-beni-santa-cruz-orix\/","smart_links":{"inbound":0,"outbound":0},"traffic_boost_suggestions_count":0,"meta":{"@context":"https:\/\/schema.org","@type":"NewsArticle","headline":"Incendios destruyen m\u00e1s de 50 viviendas en Beni y Santa Cruz, Bolivia","url":"http:\/\/noticiasya.com\/midland-odessa\/2024\/10\/05\/incendios-bolivia-destruyen-50-viviendas-beni-santa-cruz-orix\/","mainEntityOfPage":{"@type":"WebPage","@id":"http:\/\/noticiasya.com\/midland-odessa\/2024\/10\/05\/incendios-bolivia-destruyen-50-viviendas-beni-santa-cruz-orix\/"},"thumbnailUrl":"","image":{"@type":"ImageObject","url":""},"articleSection":"Noticias Nacionales","author":[],"creator":[],"publisher":{"@type":"Organization","name":"Noticias","logo":""},"keywords":[],"dateCreated":"2024-10-05T15:03:47Z","datePublished":"2024-10-05T15:03:47Z","dateModified":"2024-10-05T15:03:47Z"},"rendered":"<script type=\"application\/ld+json\" class=\"wp-parsely-metadata\">{\"@context\":\"https:\\\/\\\/schema.org\",\"@type\":\"NewsArticle\",\"headline\":\"Incendios destruyen m\\u00e1s de 50 viviendas en Beni y Santa Cruz, Bolivia\",\"url\":\"http:\\\/\\\/noticiasya.com\\\/midland-odessa\\\/2024\\\/10\\\/05\\\/incendios-bolivia-destruyen-50-viviendas-beni-santa-cruz-orix\\\/\",\"mainEntityOfPage\":{\"@type\":\"WebPage\",\"@id\":\"http:\\\/\\\/noticiasya.com\\\/midland-odessa\\\/2024\\\/10\\\/05\\\/incendios-bolivia-destruyen-50-viviendas-beni-santa-cruz-orix\\\/\"},\"thumbnailUrl\":\"\",\"image\":{\"@type\":\"ImageObject\",\"url\":\"\"},\"articleSection\":\"Noticias Nacionales\",\"author\":[],\"creator\":[],\"publisher\":{\"@type\":\"Organization\",\"name\":\"Noticias\",\"logo\":\"\"},\"keywords\":[],\"dateCreated\":\"2024-10-05T15:03:47Z\",\"datePublished\":\"2024-10-05T15:03:47Z\",\"dateModified\":\"2024-10-05T15:03:47Z\"}<\/script>","tracker_url":"https:\/\/cdn.parsely.com\/keys\/noticiasya.com\/p.js"},"jetpack_featured_media_url":"","jetpack-related-posts":[{"id":1452520,"url":"https:\/\/noticiasya.com\/midland-odessa\/2024\/09\/07\/bolivia-emergencia-nacional-incendios-forestales-orix\/","url_meta":{"origin":1454959,"position":0},"title":"Bolivia declara emergencia nacional por incendios forestales","author":"","date":"septiembre 7, 2024","format":false,"excerpt":"(CNN Espa\u00f1ol)-- Bolivia declar\u00f3 este s\u00e1bado emergencia nacional debido a los incendios forestales que afectan al pa\u00eds, informaron autoridades del Ejecutivo del presidente Luis Arce en una conferencia de prensa.Alan Lisperguer, ministro de Medio Ambiente y Agua, dijo en conferencia de prensa que hay 72 puntos de fuego activo. La\u2026","rel":"","context":"In &quot;Noticias Nacionales&quot;","block_context":{"text":"Noticias Nacionales","link":"https:\/\/noticiasya.com\/midland-odessa\/categoria\/noticias-nacionales"},"img":{"alt_text":"","src":"","width":0,"height":0},"classes":[]},{"id":1451418,"url":"https:\/\/noticiasya.com\/midland-odessa\/2024\/07\/25\/santa-cruz-bolivia-emergencia-sequia-incendios-forestales-orix\/","url_meta":{"origin":1454959,"position":1},"title":"La gobernaci\u00f3n de Santa Cruz, Bolivia, declara emergencia por la sequ\u00eda y los incendios forestales","author":"","date":"julio 25, 2024","format":false,"excerpt":"(CNN Espa\u00f1ol) --\u00a0El gobierno del departamento de Santa Cruz, Bolivia, declar\u00f3 emergencia este jueves debido a la sequ\u00eda y los incendios forestales que afectan a una decena de municipios del departamento, informaron las autoridades en un comunicado.La declaratoria tiene el objetivo de agilizar el flujo de recursos para atender los\u2026","rel":"","context":"In &quot;Noticias Nacionales&quot;","block_context":{"text":"Noticias Nacionales","link":"https:\/\/noticiasya.com\/midland-odessa\/categoria\/noticias-nacionales"},"img":{"alt_text":"","src":"","width":0,"height":0},"classes":[]},{"id":1457396,"url":"https:\/\/noticiasya.com\/midland-odessa\/2025\/01\/09\/crisis-california-seguros-incendios-trax\/","url_meta":{"origin":1454959,"position":2},"title":"Crisis en California por los seguros: la recuperaci\u00f3n de los incendios costar\u00e1 demasiado a los propietarios","author":"","date":"enero 9, 2025","format":false,"excerpt":"Lynne Levin-Guzman estaba parada en el patio delantero de la casa de sus padres de 90 a\u00f1os en el condado de Los \u00c1ngeles, California, tratando de protegerla con una manguera de jard\u00edn, porque su compa\u00f1\u00eda de seguros ya no lo har\u00eda.\u201cS\u00e9 que no se supone que est\u00e9 aqu\u00ed, pero esta\u2026","rel":"","context":"In &quot;Noticias Nacionales&quot;","block_context":{"text":"Noticias Nacionales","link":"https:\/\/noticiasya.com\/midland-odessa\/categoria\/noticias-nacionales"},"img":{"alt_text":"","src":"","width":0,"height":0},"classes":[]},{"id":1446084,"url":"https:\/\/noticiasya.com\/midland-odessa\/2024\/02\/28\/incendios-texas-hectareas-evacuaciones-trax\/","url_meta":{"origin":1454959,"position":3},"title":"Monstruoso incendio en Texas quema 150 campos de f\u00fatbol por minuto: as\u00ed est\u00e1 la situaci\u00f3n","author":"","date":"febrero 28, 2024","format":false,"excerpt":"(CNN) \u2013\u2013\u00a0Los incendios forestales en Texas siguen propag\u00e1ndose sin tregua y quemando miles de hect\u00e1reas a su paso. Al menos una persona ha muerto en el condado de Hutchinson por cuenta del fuego, mientras los bomberos luchan por contener las llamas\u00a0en medio de condiciones inusualmente c\u00e1lidas, secas y ventosas.\"Tenemos una\u2026","rel":"","context":"In &quot;Noticias Nacionales&quot;","block_context":{"text":"Noticias Nacionales","link":"https:\/\/noticiasya.com\/midland-odessa\/categoria\/noticias-nacionales"},"img":{"alt_text":"","src":"","width":0,"height":0},"classes":[]},{"id":1464198,"url":"https:\/\/noticiasya.com\/midland-odessa\/2025\/07\/03\/incendios-forestales-grecia-obligan-evacuaciones-masivas-trax\/","url_meta":{"origin":1454959,"position":4},"title":"Incendios forestales arrasan con un popular destino tur\u00edstico en Grecia y obligan a evacuaciones masivas","author":"","date":"julio 3, 2025","format":false,"excerpt":"M\u00e1s de 200 bomberos luchan por contener un incendio forestal fuera de control en Creta \u2014la isla m\u00e1s grande de Grecia y un popular destino tur\u00edstico\u2014 mientras las autoridades ordenan evacuaciones masivas.El incendio se desat\u00f3 el mi\u00e9rcoles por la tarde cerca de Ierapetra, una ciudad en la costa sureste de\u2026","rel":"","context":"In &quot;Noticias Nacionales&quot;","block_context":{"text":"Noticias Nacionales","link":"https:\/\/noticiasya.com\/midland-odessa\/categoria\/noticias-nacionales"},"img":{"alt_text":"","src":"","width":0,"height":0},"classes":[]},{"id":1458404,"url":"https:\/\/noticiasya.com\/midland-odessa\/2025\/02\/07\/incendios-en-chubut-es-una-asociacion-terrorista-que-comete-estos-delitos-y-no-les-interesa-los-bosques-ni-las-vida-humana\/","url_meta":{"origin":1454959,"position":5},"title":"Incendios en Chubut: &#171;Es una asociaci\u00f3n terrorista que comete estos delitos y no les interesa los bosques ni las vida humana&#187;","author":"","date":"febrero 7, 2025","format":false,"excerpt":"Eduardo P\u00e9rez, subsecretario de Protecci\u00f3n Civil del Ministerio de Seguridad de Chubut, habl\u00f3 este viernes en CNN Radio sobre los incendios en esa provincia y dijo que \u201chay una asociaci\u00f3n terrorista que comete estos delitos y no les interesan los bosques ni las vidas humanas\u201d.\u201cLa intencionalidad es la misma y\u2026","rel":"","context":"In &quot;Noticias Nacionales&quot;","block_context":{"text":"Noticias Nacionales","link":"https:\/\/noticiasya.com\/midland-odessa\/categoria\/noticias-nacionales"},"img":{"alt_text":"","src":"","width":0,"height":0},"classes":[]}],"jetpack_sharing_enabled":true,"_links":{"self":[{"href":"https:\/\/noticiasya.com\/midland-odessa\/wp-json\/wp\/v2\/posts\/1454959","targetHints":{"allow":["GET"]}}],"collection":[{"href":"https:\/\/noticiasya.com\/midland-odessa\/wp-json\/wp\/v2\/posts"}],"about":[{"href":"https:\/\/noticiasya.com\/midland-odessa\/wp-json\/wp\/v2\/types\/post"}],"replies":[{"embeddable":true,"href":"https:\/\/noticiasya.com\/midland-odessa\/wp-json\/wp\/v2\/comments?post=1454959"}],"version-history":[{"count":0,"href":"https:\/\/noticiasya.com\/midland-odessa\/wp-json\/wp\/v2\/posts\/1454959\/revisions"}],"wp:attachment":[{"href":"https:\/\/noticiasya.com\/midland-odessa\/wp-json\/wp\/v2\/media?parent=1454959"}],"wp:term":[{"taxonomy":"category","embeddable":true,"href":"https:\/\/noticiasya.com\/midland-odessa\/wp-json\/wp\/v2\/categories?post=1454959"},{"taxonomy":"post_tag","embeddable":true,"href":"https:\/\/noticiasya.com\/midland-odessa\/wp-json\/wp\/v2\/tags?post=1454959"}],"curies":[{"name":"wp","href":"https:\/\/api.w.org\/{rel}","templated":true}]}}