{"id":1454961,"date":"2024-10-05T13:03:51","date_gmt":"2024-10-05T20:03:51","guid":{"rendered":"https:\/\/noticiasya.com\/2024\/10\/05\/clara-brugada-jefa-de-gobierno-ciudad-de-mexico-orix\/"},"modified":"2024-10-05T13:03:51","modified_gmt":"2024-10-05T20:03:51","slug":"clara-brugada-jefa-de-gobierno-ciudad-de-mexico-orix","status":"publish","type":"post","link":"https:\/\/noticiasya.com\/midland-odessa\/2024\/10\/05\/clara-brugada-jefa-de-gobierno-ciudad-de-mexico-orix\/","title":{"rendered":"Clara Brugada asume como jefa de Gobierno de la Ciudad de M\u00e9xico"},"content":{"rendered":"<p>(CNN Espa\u00f1ol) &#8212; Clara Brugada, militante del partido oficialista Morena, asumi\u00f3 este s\u00e1bado la jefatura de Gobierno de la Ciudad de M\u00e9xico para el per\u00edodo 2024-2030, luego de que gan\u00f3 las elecciones locales del 2 de junio con el 51,9% de los votos.<\/p>\n<p>Brugada tom\u00f3 posesi\u00f3n del cargo en una ceremonia en el Congreso de la capital mexicana. Despu\u00e9s del acto protocolario, tiene previsto celebrar con sus simpatizantes afuera del Teatro Metropolitan y encabezar una caravana hasta el Z\u00f3calo.<\/p>\n<p>Como jefa de Gobierno, Brugada estar\u00e1 al frente de una ciudad con m\u00e1s de 9 millones de habitantes, una cifra que la ubica entre las urbes m\u00e1s pobladas de Am\u00e9rica Latina, sin contar la poblaci\u00f3n flotante.<\/p>\n<p>\u00bfQui\u00e9n es Clara Brugada, jefa de Gobierno de la Ciudad de M\u00e9xico?<\/p>\n<p>Brugada, de 61 a\u00f1os, sucede en el cargo a Mart\u00ed Batres, quien en junio de 2023 fue elegido el sustituto de Claudia Sheinbaum cuando esta pidi\u00f3 licencia para separarse del puesto y buscar la candidatura presidencial de Morena. El 2 de junio, mientras Brugada gan\u00f3 a nivel local, Sheinbaum lo hizo a nivel federal y asumi\u00f3 como presidenta de M\u00e9xico el 1 de octubre.<\/p>\n<p>Antes de ser jefa de gobierno, Brugada ocup\u00f3 diversos cargos, primero con el Partido de la Revoluci\u00f3n Democr\u00e1tica (PRD), que ya perdi\u00f3 el registro, y despu\u00e9s con Morena.<\/p>\n<p>Fue diputada local y federal, senadora suplente y alcaldesa de Iztapalapa, la demarcaci\u00f3n m\u00e1s poblada de la Ciudad de M\u00e9xico. Durante su campa\u00f1a prometi\u00f3 atender los problemas de la capital del pa\u00eds con medidas como mejorar la movilidad y replicar el modelo de las \u201cUtop\u00edas\u201d, centros comunitarios que desarroll\u00f3 en Iztapalapa.<\/p>\n<p>En uno de sus primeros mensajes tras ganar las elecciones, dijo que el voto a su favor \u201cno es un cheque en blanco\u201d para Morena y la \u201ccuarta transformaci\u00f3n\u201d que el partido promueve, sino \u201cla oportunidad de gobernar como debe de ser, como espera el pueblo\u201d.<\/p>\n<p>The-CNN-Wire<br \/>&trade; &amp; &copy; 2024 Cable News Network, Inc., a Warner Bros. Discovery Company. All rights reserved.<\/p>\n","protected":false},"excerpt":{"rendered":"<p>(CNN Espa\u00f1ol) &#8212; Clara Brugada, militante del partido oficialista Morena, asumi\u00f3 este s\u00e1bado la jefatura de Gobierno de la Ciudad de M\u00e9xico para el per\u00edodo 2024-2030, luego de que gan\u00f3 las elecciones locales del 2 de junio con el 51,9% de los votos. Brugada tom\u00f3 posesi\u00f3n del cargo en una ceremonia en el Congreso de [&hellip;]<\/p>\n","protected":false},"author":0,"featured_media":0,"comment_status":"open","ping_status":"open","sticky":false,"template":"","format":"standard","meta":{"_jetpack_memberships_contains_paid_content":false,"footnotes":""},"categories":[10],"tags":[],"class_list":["post-1454961","post","type-post","status-publish","format-standard","hentry","category-noticias-nacionales","market-global"],"yoast_head":"<!-- This site is optimized with the Yoast SEO plugin v24.4 - https:\/\/yoast.com\/wordpress\/plugins\/seo\/ -->\n<title>Clara Brugada asume como jefa de Gobierno de la Ciudad de M\u00e9xico - Noticias<\/title>\n<meta name=\"robots\" content=\"index, follow, max-snippet:-1, max-image-preview:large, max-video-preview:-1\" \/>\n<link rel=\"canonical\" href=\"https:\/\/noticiasya.com\/2024\/10\/05\/clara-brugada-jefa-de-gobierno-ciudad-de-mexico-orix\/\" \/>\n<meta property=\"og:locale\" content=\"es_ES\" \/>\n<meta property=\"og:type\" content=\"article\" \/>\n<meta property=\"og:title\" content=\"Clara Brugada asume como jefa de Gobierno de la Ciudad de M\u00e9xico - Noticias\" \/>\n<meta property=\"og:description\" content=\"(CNN Espa\u00f1ol) &#8212; Clara Brugada, militante del partido oficialista Morena, asumi\u00f3 este s\u00e1bado la jefatura de Gobierno de la Ciudad de M\u00e9xico para el per\u00edodo 2024-2030, luego de que gan\u00f3 las elecciones locales del 2 de junio con el 51,9% de los votos. Brugada tom\u00f3 posesi\u00f3n del cargo en una ceremonia en el Congreso de [&hellip;]\" \/>\n<meta property=\"og:url\" content=\"https:\/\/noticiasya.com\/2024\/10\/05\/clara-brugada-jefa-de-gobierno-ciudad-de-mexico-orix\/\" \/>\n<meta property=\"og:site_name\" content=\"Noticias\" \/>\n<meta property=\"article:published_time\" content=\"2024-10-05T20:03:51+00:00\" \/>\n<meta name=\"twitter:card\" content=\"summary_large_image\" \/>\n<meta name=\"twitter:label1\" content=\"Est. reading time\" \/>\n\t<meta name=\"twitter:data1\" content=\"2 minutos\" \/>\n<script type=\"application\/ld+json\" class=\"yoast-schema-graph\">{\"@context\":\"https:\/\/schema.org\",\"@graph\":[{\"@type\":\"Article\",\"@id\":\"https:\/\/noticiasya.com\/2024\/10\/05\/clara-brugada-jefa-de-gobierno-ciudad-de-mexico-orix\/#article\",\"isPartOf\":{\"@id\":\"https:\/\/noticiasya.com\/2024\/10\/05\/clara-brugada-jefa-de-gobierno-ciudad-de-mexico-orix\/\"},\"author\":{\"name\":\"\",\"@id\":\"\"},\"headline\":\"Clara Brugada asume como jefa de Gobierno de la Ciudad de M\u00e9xico\",\"datePublished\":\"2024-10-05T20:03:51+00:00\",\"mainEntityOfPage\":{\"@id\":\"https:\/\/noticiasya.com\/2024\/10\/05\/clara-brugada-jefa-de-gobierno-ciudad-de-mexico-orix\/\"},\"wordCount\":363,\"commentCount\":0,\"publisher\":{\"@id\":\"https:\/\/noticiasya.com\/#organization\"},\"articleSection\":[\"Noticias Nacionales\"],\"inLanguage\":\"es\",\"potentialAction\":[{\"@type\":\"CommentAction\",\"name\":\"Comment\",\"target\":[\"https:\/\/noticiasya.com\/2024\/10\/05\/clara-brugada-jefa-de-gobierno-ciudad-de-mexico-orix\/#respond\"]}]},{\"@type\":\"WebPage\",\"@id\":\"https:\/\/noticiasya.com\/2024\/10\/05\/clara-brugada-jefa-de-gobierno-ciudad-de-mexico-orix\/\",\"url\":\"https:\/\/noticiasya.com\/2024\/10\/05\/clara-brugada-jefa-de-gobierno-ciudad-de-mexico-orix\/\",\"name\":\"Clara Brugada asume como jefa de Gobierno de la Ciudad de M\u00e9xico - Noticias\",\"isPartOf\":{\"@id\":\"https:\/\/noticiasya.com\/#website\"},\"datePublished\":\"2024-10-05T20:03:51+00:00\",\"breadcrumb\":{\"@id\":\"https:\/\/noticiasya.com\/2024\/10\/05\/clara-brugada-jefa-de-gobierno-ciudad-de-mexico-orix\/#breadcrumb\"},\"inLanguage\":\"es\",\"potentialAction\":[{\"@type\":\"ReadAction\",\"target\":[\"https:\/\/noticiasya.com\/2024\/10\/05\/clara-brugada-jefa-de-gobierno-ciudad-de-mexico-orix\/\"]}]},{\"@type\":\"BreadcrumbList\",\"@id\":\"https:\/\/noticiasya.com\/2024\/10\/05\/clara-brugada-jefa-de-gobierno-ciudad-de-mexico-orix\/#breadcrumb\",\"itemListElement\":[{\"@type\":\"ListItem\",\"position\":1,\"name\":\"Home\",\"item\":\"https:\/\/noticiasya.com\/\"},{\"@type\":\"ListItem\",\"position\":2,\"name\":\"Clara Brugada asume como jefa de Gobierno de la Ciudad de M\u00e9xico\"}]},{\"@type\":\"WebSite\",\"@id\":\"https:\/\/noticiasya.com\/#website\",\"url\":\"https:\/\/noticiasya.com\/\",\"name\":\"Noticias\",\"description\":\"Lo que importa\",\"publisher\":{\"@id\":\"https:\/\/noticiasya.com\/#organization\"},\"potentialAction\":[{\"@type\":\"SearchAction\",\"target\":{\"@type\":\"EntryPoint\",\"urlTemplate\":\"https:\/\/noticiasya.com\/?s={search_term_string}\"},\"query-input\":{\"@type\":\"PropertyValueSpecification\",\"valueRequired\":true,\"valueName\":\"search_term_string\"}}],\"inLanguage\":\"es\"},{\"@type\":\"Organization\",\"@id\":\"https:\/\/noticiasya.com\/#organization\",\"name\":\"Noticias\",\"url\":\"https:\/\/noticiasya.com\/\",\"logo\":{\"@type\":\"ImageObject\",\"inLanguage\":\"es\",\"@id\":\"https:\/\/noticiasya.com\/#\/schema\/logo\/image\/\",\"url\":\"https:\/\/noticiasya.com\/wp-content\/uploads\/sites\/22\/2023\/12\/logo-nacional.png\",\"contentUrl\":\"https:\/\/noticiasya.com\/wp-content\/uploads\/sites\/22\/2023\/12\/logo-nacional.png\",\"width\":1801,\"height\":691,\"caption\":\"Noticias\"},\"image\":{\"@id\":\"https:\/\/noticiasya.com\/#\/schema\/logo\/image\/\"}}]}<\/script>\n<!-- \/ Yoast SEO plugin. -->","yoast_head_json":{"title":"Clara Brugada asume como jefa de Gobierno de la Ciudad de M\u00e9xico - Noticias","robots":{"index":"index","follow":"follow","max-snippet":"max-snippet:-1","max-image-preview":"max-image-preview:large","max-video-preview":"max-video-preview:-1"},"canonical":"https:\/\/noticiasya.com\/2024\/10\/05\/clara-brugada-jefa-de-gobierno-ciudad-de-mexico-orix\/","og_locale":"es_ES","og_type":"article","og_title":"Clara Brugada asume como jefa de Gobierno de la Ciudad de M\u00e9xico - Noticias","og_description":"(CNN Espa\u00f1ol) &#8212; Clara Brugada, militante del partido oficialista Morena, asumi\u00f3 este s\u00e1bado la jefatura de Gobierno de la Ciudad de M\u00e9xico para el per\u00edodo 2024-2030, luego de que gan\u00f3 las elecciones locales del 2 de junio con el 51,9% de los votos. Brugada tom\u00f3 posesi\u00f3n del cargo en una ceremonia en el Congreso de [&hellip;]","og_url":"https:\/\/noticiasya.com\/2024\/10\/05\/clara-brugada-jefa-de-gobierno-ciudad-de-mexico-orix\/","og_site_name":"Noticias","article_published_time":"2024-10-05T20:03:51+00:00","twitter_card":"summary_large_image","twitter_misc":{"Est. reading time":"2 minutos"},"schema":{"@context":"https:\/\/schema.org","@graph":[{"@type":"Article","@id":"https:\/\/noticiasya.com\/2024\/10\/05\/clara-brugada-jefa-de-gobierno-ciudad-de-mexico-orix\/#article","isPartOf":{"@id":"https:\/\/noticiasya.com\/2024\/10\/05\/clara-brugada-jefa-de-gobierno-ciudad-de-mexico-orix\/"},"author":{"name":"","@id":""},"headline":"Clara Brugada asume como jefa de Gobierno de la Ciudad de M\u00e9xico","datePublished":"2024-10-05T20:03:51+00:00","mainEntityOfPage":{"@id":"https:\/\/noticiasya.com\/2024\/10\/05\/clara-brugada-jefa-de-gobierno-ciudad-de-mexico-orix\/"},"wordCount":363,"commentCount":0,"publisher":{"@id":"https:\/\/noticiasya.com\/#organization"},"articleSection":["Noticias Nacionales"],"inLanguage":"es","potentialAction":[{"@type":"CommentAction","name":"Comment","target":["https:\/\/noticiasya.com\/2024\/10\/05\/clara-brugada-jefa-de-gobierno-ciudad-de-mexico-orix\/#respond"]}]},{"@type":"WebPage","@id":"https:\/\/noticiasya.com\/2024\/10\/05\/clara-brugada-jefa-de-gobierno-ciudad-de-mexico-orix\/","url":"https:\/\/noticiasya.com\/2024\/10\/05\/clara-brugada-jefa-de-gobierno-ciudad-de-mexico-orix\/","name":"Clara Brugada asume como jefa de Gobierno de la Ciudad de M\u00e9xico - Noticias","isPartOf":{"@id":"https:\/\/noticiasya.com\/#website"},"datePublished":"2024-10-05T20:03:51+00:00","breadcrumb":{"@id":"https:\/\/noticiasya.com\/2024\/10\/05\/clara-brugada-jefa-de-gobierno-ciudad-de-mexico-orix\/#breadcrumb"},"inLanguage":"es","potentialAction":[{"@type":"ReadAction","target":["https:\/\/noticiasya.com\/2024\/10\/05\/clara-brugada-jefa-de-gobierno-ciudad-de-mexico-orix\/"]}]},{"@type":"BreadcrumbList","@id":"https:\/\/noticiasya.com\/2024\/10\/05\/clara-brugada-jefa-de-gobierno-ciudad-de-mexico-orix\/#breadcrumb","itemListElement":[{"@type":"ListItem","position":1,"name":"Home","item":"https:\/\/noticiasya.com\/"},{"@type":"ListItem","position":2,"name":"Clara Brugada asume como jefa de Gobierno de la Ciudad de M\u00e9xico"}]},{"@type":"WebSite","@id":"https:\/\/noticiasya.com\/#website","url":"https:\/\/noticiasya.com\/","name":"Noticias","description":"Lo que importa","publisher":{"@id":"https:\/\/noticiasya.com\/#organization"},"potentialAction":[{"@type":"SearchAction","target":{"@type":"EntryPoint","urlTemplate":"https:\/\/noticiasya.com\/?s={search_term_string}"},"query-input":{"@type":"PropertyValueSpecification","valueRequired":true,"valueName":"search_term_string"}}],"inLanguage":"es"},{"@type":"Organization","@id":"https:\/\/noticiasya.com\/#organization","name":"Noticias","url":"https:\/\/noticiasya.com\/","logo":{"@type":"ImageObject","inLanguage":"es","@id":"https:\/\/noticiasya.com\/#\/schema\/logo\/image\/","url":"https:\/\/noticiasya.com\/wp-content\/uploads\/sites\/22\/2023\/12\/logo-nacional.png","contentUrl":"https:\/\/noticiasya.com\/wp-content\/uploads\/sites\/22\/2023\/12\/logo-nacional.png","width":1801,"height":691,"caption":"Noticias"},"image":{"@id":"https:\/\/noticiasya.com\/#\/schema\/logo\/image\/"}}]}},"parsely":{"version":"1.1.0","canonical_url":"https:\/\/noticiasya.com\/midland-odessa\/2024\/10\/05\/clara-brugada-jefa-de-gobierno-ciudad-de-mexico-orix\/","smart_links":{"inbound":0,"outbound":0},"traffic_boost_suggestions_count":0,"meta":{"@context":"https:\/\/schema.org","@type":"NewsArticle","headline":"Clara Brugada asume como jefa de Gobierno de la Ciudad de M\u00e9xico","url":"http:\/\/noticiasya.com\/midland-odessa\/2024\/10\/05\/clara-brugada-jefa-de-gobierno-ciudad-de-mexico-orix\/","mainEntityOfPage":{"@type":"WebPage","@id":"http:\/\/noticiasya.com\/midland-odessa\/2024\/10\/05\/clara-brugada-jefa-de-gobierno-ciudad-de-mexico-orix\/"},"thumbnailUrl":"","image":{"@type":"ImageObject","url":""},"articleSection":"Noticias Nacionales","author":[],"creator":[],"publisher":{"@type":"Organization","name":"Noticias","logo":""},"keywords":[],"dateCreated":"2024-10-05T20:03:51Z","datePublished":"2024-10-05T20:03:51Z","dateModified":"2024-10-05T20:03:51Z"},"rendered":"<script type=\"application\/ld+json\" class=\"wp-parsely-metadata\">{\"@context\":\"https:\\\/\\\/schema.org\",\"@type\":\"NewsArticle\",\"headline\":\"Clara Brugada asume como jefa de Gobierno de la Ciudad de M\\u00e9xico\",\"url\":\"http:\\\/\\\/noticiasya.com\\\/midland-odessa\\\/2024\\\/10\\\/05\\\/clara-brugada-jefa-de-gobierno-ciudad-de-mexico-orix\\\/\",\"mainEntityOfPage\":{\"@type\":\"WebPage\",\"@id\":\"http:\\\/\\\/noticiasya.com\\\/midland-odessa\\\/2024\\\/10\\\/05\\\/clara-brugada-jefa-de-gobierno-ciudad-de-mexico-orix\\\/\"},\"thumbnailUrl\":\"\",\"image\":{\"@type\":\"ImageObject\",\"url\":\"\"},\"articleSection\":\"Noticias Nacionales\",\"author\":[],\"creator\":[],\"publisher\":{\"@type\":\"Organization\",\"name\":\"Noticias\",\"logo\":\"\"},\"keywords\":[],\"dateCreated\":\"2024-10-05T20:03:51Z\",\"datePublished\":\"2024-10-05T20:03:51Z\",\"dateModified\":\"2024-10-05T20:03:51Z\"}<\/script>","tracker_url":"https:\/\/cdn.parsely.com\/keys\/noticiasya.com\/p.js"},"jetpack_featured_media_url":"","jetpack-related-posts":[{"id":1449952,"url":"https:\/\/noticiasya.com\/midland-odessa\/2024\/06\/03\/clara-brugada-candidata-jefa-gobierno-elecciones-cdmx-2024-orix\/","url_meta":{"origin":1454961,"position":0},"title":"\u00bfQui\u00e9n es Clara Brugada, futura jefa de Gobierno de Ciudad de M\u00e9xico?","author":"","date":"junio 3, 2024","format":false,"excerpt":"(CNN Espa\u00f1ol) -- Clara Marina Brugada Molina, de 60 a\u00f1os, gan\u00f3 las elecciones a la jefatura de Ciudad de M\u00e9xico, seg\u00fan los resultados oficiales preliminares, por lo que oficialismo mantendr\u00e1 el control del gobierno de la capital mexicana.Brugada Molina fue candidata de la coalici\u00f3n \u201cJuntos hacemos historia\u201d, conformada por los\u2026","rel":"","context":"In &quot;Noticias Nacionales&quot;","block_context":{"text":"Noticias Nacionales","link":"https:\/\/noticiasya.com\/midland-odessa\/categoria\/noticias-nacionales"},"img":{"alt_text":"","src":"","width":0,"height":0},"classes":[]},{"id":1462639,"url":"https:\/\/noticiasya.com\/midland-odessa\/2025\/05\/21\/quienes-eran-ximena-guzman-jose-munoz-funcionarios-asesinados-clara-brugada-cdmx-orix\/","url_meta":{"origin":1454961,"position":1},"title":"\u00bfQui\u00e9nes eran Ximena Guzm\u00e1n y Jos\u00e9 Mu\u00f1oz, los funcionarios de Clara Brugada baleados en CDMX?","author":"","date":"mayo 21, 2025","format":false,"excerpt":"Ximena Guzm\u00e1n y Jos\u00e9 Mu\u00f1oz, dos de los funcionarios m\u00e1s cercanos a Clara Brugada, jefa de Gobierno de la Ciudad de M\u00e9xico, murieron baleados en un ataque la ma\u00f1ana del martes en calles de la capital mexicana.El hecho, que fue descrito por el Gobierno de Brugada como una \u201cagresi\u00f3n directa\u201d,\u2026","rel":"","context":"In &quot;Noticias Nacionales&quot;","block_context":{"text":"Noticias Nacionales","link":"https:\/\/noticiasya.com\/midland-odessa\/categoria\/noticias-nacionales"},"img":{"alt_text":"","src":"","width":0,"height":0},"classes":[]},{"id":1465700,"url":"https:\/\/noticiasya.com\/midland-odessa\/2025\/08\/20\/detienen-responsables-homicidio-colaboradores-brugada-mexico-orix\/","url_meta":{"origin":1454961,"position":2},"title":"Detienen a 13 personas presuntamente relacionadas con homicidio de colaboradores de la jefa de Gobierno de Ciudad de M\u00e9xico","author":"","date":"agosto 20, 2025","format":false,"excerpt":"Autoridades mexicanas detuvieron la madrugada de este mi\u00e9rcoles a 13 personas presuntamente relacionadas con el homicidio de Ximena Guzm\u00e1n y Jos\u00e9 Mu\u00f1oz, dos cercanos colaboradores de la jefa de Gobierno de la Ciudad de M\u00e9xico, Clara Brugada, inform\u00f3 la propia funcionaria en un mensaje a medios.Brugada dijo que, del total\u2026","rel":"","context":"In &quot;Noticias Nacionales&quot;","block_context":{"text":"Noticias Nacionales","link":"https:\/\/noticiasya.com\/midland-odessa\/categoria\/noticias-nacionales"},"img":{"alt_text":"","src":"","width":0,"height":0},"classes":[]},{"id":1449840,"url":"https:\/\/noticiasya.com\/midland-odessa\/2024\/05\/29\/favorito-jefatura-gobierno-ciudad-de-mexico-encuestas-elecciones-mexico-orix\/","url_meta":{"origin":1454961,"position":3},"title":"\u00bfQui\u00e9n es el favorito para ganar la jefatura de Gobierno de Ciudad de M\u00e9xico? Esto dicen las encuestas","author":"","date":"mayo 29, 2024","format":false,"excerpt":"(CNN Espa\u00f1ol) -- La Jefatura de Gobierno de la Ciudad de M\u00e9xico es uno de los cargos en juego en las elecciones federales de este 2 de junio en el pa\u00eds. El cargo es ocupado actualmente por Mart\u00ed Batres, quien sucedi\u00f3 a la hoy aspirante presidencial Claudia Sheinbaum, elegida en\u2026","rel":"","context":"In &quot;Noticias Nacionales&quot;","block_context":{"text":"Noticias Nacionales","link":"https:\/\/noticiasya.com\/midland-odessa\/categoria\/noticias-nacionales"},"img":{"alt_text":"","src":"","width":0,"height":0},"classes":[]},{"id":1466346,"url":"https:\/\/noticiasya.com\/midland-odessa\/2025\/09\/10\/explosion-camion-gas-heridos-ciudad-mexico-orix\/","url_meta":{"origin":1454961,"position":4},"title":"Explosi\u00f3n de cami\u00f3n que transportaba gas deja 57 personas heridas en la Ciudad de M\u00e9xico","author":"","date":"septiembre 10, 2025","format":false,"excerpt":"La explosi\u00f3n de un veh\u00edculo que transportaba gas en la alcald\u00eda Iztapalapa, en el oriente de la Ciudad de M\u00e9xico, caus\u00f3 heridas a 57 personas este mi\u00e9rcoles, inform\u00f3 la jefa de Gobierno de la capital mexicana, Clara Brugada, en una rueda de prensa en la zona del incidente.Todos los lesionados\u2026","rel":"","context":"In &quot;Noticias Nacionales&quot;","block_context":{"text":"Noticias Nacionales","link":"https:\/\/noticiasya.com\/midland-odessa\/categoria\/noticias-nacionales"},"img":{"alt_text":"","src":"","width":0,"height":0},"classes":[]},{"id":1455021,"url":"https:\/\/noticiasya.com\/midland-odessa\/2024\/10\/10\/plan-de-seguridad-ciudad-de-mexico-clara-brugada-orix\/","url_meta":{"origin":1454961,"position":5},"title":"Tecnolog\u00eda y una nueva polic\u00eda, los ejes del plan de seguridad para Ciudad de M\u00e9xico","author":"","date":"octubre 10, 2024","format":false,"excerpt":"(CNN Espa\u00f1ol) -- La jefa de Gobierno de la Ciudad de M\u00e9xico, Clara Brugada, present\u00f3 su plan de seguridad para la Ciudad de M\u00e9xico, la urbe m\u00e1s grande y capital de M\u00e9xico.Dijo que su estrategia tendr\u00e1 un enfoque especial en el uso de tecnolog\u00eda avanzada, la creaci\u00f3n de una nueva\u2026","rel":"","context":"In &quot;Noticias Nacionales&quot;","block_context":{"text":"Noticias Nacionales","link":"https:\/\/noticiasya.com\/midland-odessa\/categoria\/noticias-nacionales"},"img":{"alt_text":"","src":"","width":0,"height":0},"classes":[]}],"jetpack_sharing_enabled":true,"_links":{"self":[{"href":"https:\/\/noticiasya.com\/midland-odessa\/wp-json\/wp\/v2\/posts\/1454961","targetHints":{"allow":["GET"]}}],"collection":[{"href":"https:\/\/noticiasya.com\/midland-odessa\/wp-json\/wp\/v2\/posts"}],"about":[{"href":"https:\/\/noticiasya.com\/midland-odessa\/wp-json\/wp\/v2\/types\/post"}],"replies":[{"embeddable":true,"href":"https:\/\/noticiasya.com\/midland-odessa\/wp-json\/wp\/v2\/comments?post=1454961"}],"version-history":[{"count":0,"href":"https:\/\/noticiasya.com\/midland-odessa\/wp-json\/wp\/v2\/posts\/1454961\/revisions"}],"wp:attachment":[{"href":"https:\/\/noticiasya.com\/midland-odessa\/wp-json\/wp\/v2\/media?parent=1454961"}],"wp:term":[{"taxonomy":"category","embeddable":true,"href":"https:\/\/noticiasya.com\/midland-odessa\/wp-json\/wp\/v2\/categories?post=1454961"},{"taxonomy":"post_tag","embeddable":true,"href":"https:\/\/noticiasya.com\/midland-odessa\/wp-json\/wp\/v2\/tags?post=1454961"}],"curies":[{"name":"wp","href":"https:\/\/api.w.org\/{rel}","templated":true}]}}