{"id":1454971,"date":"2024-10-06T15:03:49","date_gmt":"2024-10-06T22:03:49","guid":{"rendered":"https:\/\/noticiasya.com\/2024\/10\/06\/keanu-reeves-debuta-automovilismo-profesional-indianapolis-motor-speedway-trax\/"},"modified":"2024-10-06T15:03:49","modified_gmt":"2024-10-06T22:03:49","slug":"keanu-reeves-debuta-automovilismo-profesional-indianapolis-motor-speedway-trax","status":"publish","type":"post","link":"https:\/\/noticiasya.com\/midland-odessa\/2024\/10\/06\/keanu-reeves-debuta-automovilismo-profesional-indianapolis-motor-speedway-trax\/","title":{"rendered":"Keanu Reeves debuta en el automovilismo profesional en el Indianapolis Motor Speedway"},"content":{"rendered":"<p>(CNN) &#8212; Keanu Reeves est\u00e1 pisando el acelerador de su carrera profesional en el automovilismo.<\/p>\n<p>El actor de &#171;Matrix&#187; compiti\u00f3 este fin de semana en la Toyota GR Cup, una serie de carreras para aficionados y aspirantes a pilotos, en el legendario Indianapolis Motor Speedway.<\/p>\n<p>En un grupo de 33 pilotos, Reeves termin\u00f3 en el puesto 25 en la Carrera 1 del s\u00e1bado y en la posici\u00f3n 24 en la Carrera 2 de este domingo.<\/p>\n<p>El s\u00e1bado, en un momento dado, Reeves se sali\u00f3 a la hierba a mitad de los 45 minutos de carrera. Reeves evit\u00f3 una colisi\u00f3n y result\u00f3 ileso. Despu\u00e9s se reincorpor\u00f3 a la carrera.<\/p>\n<p>Keanu Reeves al volante del BRZRKR n\u00ba 92 durante la Toyota GR Cup Series en el Indianapolis Motor Speedway. (Foto: Darron Cummings\/AP)<\/p>\n<p>Reeves condujo el auto BRZRKR n\u00ba 92, una referencia a su novela gr\u00e1fica &#171;The Book of Elsewhere&#187; que coescribi\u00f3 con China Mi\u00e9ville. La novela fue lanzada en julio y es parte de la serie de c\u00f3mics BRZRKR de Reeves, el primero de los cuales lanz\u00f3 en 2021.<\/p>\n<p>Su compa\u00f1ero de equipo durante la prueba del s\u00e1bado fue la estrella de &#171;Dude Perfect&#187; Cody Jones.<\/p>\n<p>As\u00ed es la carrera y vida de Keanu Reeves: familia, pel\u00edculas m\u00e1s famosas y por qu\u00e9 es &#8216;el novio de internet&#8217;<\/p>\n<p>En 2009, la estrella de &#171;Speed&#187; compiti\u00f3 y gan\u00f3 la carrera de celebridades del Gran Premio Toyota de Long Beach.<\/p>\n<p>&#171;Speed&#187;, que protagoniz\u00f3 junto con Sandra Bullock, celebra su 30 aniversario con una proyecci\u00f3n especial el martes en Los \u00c1ngeles a la que asistir\u00e1n Bullock y Reeves.<\/p>\n<p>The-CNN-Wire<br \/>&trade; &amp; &copy; 2024 Cable News Network, Inc., a Warner Bros. Discovery Company. All rights reserved.<\/p>\n","protected":false},"excerpt":{"rendered":"<p>(CNN) &#8212; Keanu Reeves est\u00e1 pisando el acelerador de su carrera profesional en el automovilismo. El actor de &#171;Matrix&#187; compiti\u00f3 este fin de semana en la Toyota GR Cup, una serie de carreras para aficionados y aspirantes a pilotos, en el legendario Indianapolis Motor Speedway. En un grupo de 33 pilotos, Reeves termin\u00f3 en el [&hellip;]<\/p>\n","protected":false},"author":0,"featured_media":0,"comment_status":"open","ping_status":"open","sticky":false,"template":"","format":"standard","meta":{"_jetpack_memberships_contains_paid_content":false,"footnotes":""},"categories":[10],"tags":[],"class_list":["post-1454971","post","type-post","status-publish","format-standard","hentry","category-noticias-nacionales","market-global"],"yoast_head":"<!-- This site is optimized with the Yoast SEO plugin v24.4 - https:\/\/yoast.com\/wordpress\/plugins\/seo\/ -->\n<title>Keanu Reeves debuta en el automovilismo profesional en el Indianapolis Motor Speedway - Noticias<\/title>\n<meta name=\"robots\" content=\"index, follow, max-snippet:-1, max-image-preview:large, max-video-preview:-1\" \/>\n<link rel=\"canonical\" href=\"https:\/\/noticiasya.com\/2024\/10\/06\/keanu-reeves-debuta-automovilismo-profesional-indianapolis-motor-speedway-trax\/\" \/>\n<meta property=\"og:locale\" content=\"es_ES\" \/>\n<meta property=\"og:type\" content=\"article\" \/>\n<meta property=\"og:title\" content=\"Keanu Reeves debuta en el automovilismo profesional en el Indianapolis Motor Speedway - Noticias\" \/>\n<meta property=\"og:description\" content=\"(CNN) &#8212; Keanu Reeves est\u00e1 pisando el acelerador de su carrera profesional en el automovilismo. El actor de &#171;Matrix&#187; compiti\u00f3 este fin de semana en la Toyota GR Cup, una serie de carreras para aficionados y aspirantes a pilotos, en el legendario Indianapolis Motor Speedway. En un grupo de 33 pilotos, Reeves termin\u00f3 en el [&hellip;]\" \/>\n<meta property=\"og:url\" content=\"https:\/\/noticiasya.com\/2024\/10\/06\/keanu-reeves-debuta-automovilismo-profesional-indianapolis-motor-speedway-trax\/\" \/>\n<meta property=\"og:site_name\" content=\"Noticias\" \/>\n<meta property=\"article:published_time\" content=\"2024-10-06T22:03:49+00:00\" \/>\n<meta name=\"twitter:card\" content=\"summary_large_image\" \/>\n<meta name=\"twitter:label1\" content=\"Est. reading time\" \/>\n\t<meta name=\"twitter:data1\" content=\"1 minuto\" \/>\n<script type=\"application\/ld+json\" class=\"yoast-schema-graph\">{\"@context\":\"https:\/\/schema.org\",\"@graph\":[{\"@type\":\"Article\",\"@id\":\"https:\/\/noticiasya.com\/2024\/10\/06\/keanu-reeves-debuta-automovilismo-profesional-indianapolis-motor-speedway-trax\/#article\",\"isPartOf\":{\"@id\":\"https:\/\/noticiasya.com\/2024\/10\/06\/keanu-reeves-debuta-automovilismo-profesional-indianapolis-motor-speedway-trax\/\"},\"author\":{\"name\":\"\",\"@id\":\"\"},\"headline\":\"Keanu Reeves debuta en el automovilismo profesional en el Indianapolis Motor Speedway\",\"datePublished\":\"2024-10-06T22:03:49+00:00\",\"mainEntityOfPage\":{\"@id\":\"https:\/\/noticiasya.com\/2024\/10\/06\/keanu-reeves-debuta-automovilismo-profesional-indianapolis-motor-speedway-trax\/\"},\"wordCount\":294,\"commentCount\":0,\"publisher\":{\"@id\":\"https:\/\/noticiasya.com\/#organization\"},\"articleSection\":[\"Noticias Nacionales\"],\"inLanguage\":\"es\",\"potentialAction\":[{\"@type\":\"CommentAction\",\"name\":\"Comment\",\"target\":[\"https:\/\/noticiasya.com\/2024\/10\/06\/keanu-reeves-debuta-automovilismo-profesional-indianapolis-motor-speedway-trax\/#respond\"]}]},{\"@type\":\"WebPage\",\"@id\":\"https:\/\/noticiasya.com\/2024\/10\/06\/keanu-reeves-debuta-automovilismo-profesional-indianapolis-motor-speedway-trax\/\",\"url\":\"https:\/\/noticiasya.com\/2024\/10\/06\/keanu-reeves-debuta-automovilismo-profesional-indianapolis-motor-speedway-trax\/\",\"name\":\"Keanu Reeves debuta en el automovilismo profesional en el Indianapolis Motor Speedway - Noticias\",\"isPartOf\":{\"@id\":\"https:\/\/noticiasya.com\/#website\"},\"datePublished\":\"2024-10-06T22:03:49+00:00\",\"breadcrumb\":{\"@id\":\"https:\/\/noticiasya.com\/2024\/10\/06\/keanu-reeves-debuta-automovilismo-profesional-indianapolis-motor-speedway-trax\/#breadcrumb\"},\"inLanguage\":\"es\",\"potentialAction\":[{\"@type\":\"ReadAction\",\"target\":[\"https:\/\/noticiasya.com\/2024\/10\/06\/keanu-reeves-debuta-automovilismo-profesional-indianapolis-motor-speedway-trax\/\"]}]},{\"@type\":\"BreadcrumbList\",\"@id\":\"https:\/\/noticiasya.com\/2024\/10\/06\/keanu-reeves-debuta-automovilismo-profesional-indianapolis-motor-speedway-trax\/#breadcrumb\",\"itemListElement\":[{\"@type\":\"ListItem\",\"position\":1,\"name\":\"Home\",\"item\":\"https:\/\/noticiasya.com\/\"},{\"@type\":\"ListItem\",\"position\":2,\"name\":\"Keanu Reeves debuta en el automovilismo profesional en el Indianapolis Motor Speedway\"}]},{\"@type\":\"WebSite\",\"@id\":\"https:\/\/noticiasya.com\/#website\",\"url\":\"https:\/\/noticiasya.com\/\",\"name\":\"Noticias\",\"description\":\"Lo que importa\",\"publisher\":{\"@id\":\"https:\/\/noticiasya.com\/#organization\"},\"potentialAction\":[{\"@type\":\"SearchAction\",\"target\":{\"@type\":\"EntryPoint\",\"urlTemplate\":\"https:\/\/noticiasya.com\/?s={search_term_string}\"},\"query-input\":{\"@type\":\"PropertyValueSpecification\",\"valueRequired\":true,\"valueName\":\"search_term_string\"}}],\"inLanguage\":\"es\"},{\"@type\":\"Organization\",\"@id\":\"https:\/\/noticiasya.com\/#organization\",\"name\":\"Noticias\",\"url\":\"https:\/\/noticiasya.com\/\",\"logo\":{\"@type\":\"ImageObject\",\"inLanguage\":\"es\",\"@id\":\"https:\/\/noticiasya.com\/#\/schema\/logo\/image\/\",\"url\":\"https:\/\/noticiasya.com\/wp-content\/uploads\/sites\/22\/2023\/12\/logo-nacional.png\",\"contentUrl\":\"https:\/\/noticiasya.com\/wp-content\/uploads\/sites\/22\/2023\/12\/logo-nacional.png\",\"width\":1801,\"height\":691,\"caption\":\"Noticias\"},\"image\":{\"@id\":\"https:\/\/noticiasya.com\/#\/schema\/logo\/image\/\"}}]}<\/script>\n<!-- \/ Yoast SEO plugin. -->","yoast_head_json":{"title":"Keanu Reeves debuta en el automovilismo profesional en el Indianapolis Motor Speedway - Noticias","robots":{"index":"index","follow":"follow","max-snippet":"max-snippet:-1","max-image-preview":"max-image-preview:large","max-video-preview":"max-video-preview:-1"},"canonical":"https:\/\/noticiasya.com\/2024\/10\/06\/keanu-reeves-debuta-automovilismo-profesional-indianapolis-motor-speedway-trax\/","og_locale":"es_ES","og_type":"article","og_title":"Keanu Reeves debuta en el automovilismo profesional en el Indianapolis Motor Speedway - Noticias","og_description":"(CNN) &#8212; Keanu Reeves est\u00e1 pisando el acelerador de su carrera profesional en el automovilismo. El actor de &#171;Matrix&#187; compiti\u00f3 este fin de semana en la Toyota GR Cup, una serie de carreras para aficionados y aspirantes a pilotos, en el legendario Indianapolis Motor Speedway. En un grupo de 33 pilotos, Reeves termin\u00f3 en el [&hellip;]","og_url":"https:\/\/noticiasya.com\/2024\/10\/06\/keanu-reeves-debuta-automovilismo-profesional-indianapolis-motor-speedway-trax\/","og_site_name":"Noticias","article_published_time":"2024-10-06T22:03:49+00:00","twitter_card":"summary_large_image","twitter_misc":{"Est. reading time":"1 minuto"},"schema":{"@context":"https:\/\/schema.org","@graph":[{"@type":"Article","@id":"https:\/\/noticiasya.com\/2024\/10\/06\/keanu-reeves-debuta-automovilismo-profesional-indianapolis-motor-speedway-trax\/#article","isPartOf":{"@id":"https:\/\/noticiasya.com\/2024\/10\/06\/keanu-reeves-debuta-automovilismo-profesional-indianapolis-motor-speedway-trax\/"},"author":{"name":"","@id":""},"headline":"Keanu Reeves debuta en el automovilismo profesional en el Indianapolis Motor Speedway","datePublished":"2024-10-06T22:03:49+00:00","mainEntityOfPage":{"@id":"https:\/\/noticiasya.com\/2024\/10\/06\/keanu-reeves-debuta-automovilismo-profesional-indianapolis-motor-speedway-trax\/"},"wordCount":294,"commentCount":0,"publisher":{"@id":"https:\/\/noticiasya.com\/#organization"},"articleSection":["Noticias Nacionales"],"inLanguage":"es","potentialAction":[{"@type":"CommentAction","name":"Comment","target":["https:\/\/noticiasya.com\/2024\/10\/06\/keanu-reeves-debuta-automovilismo-profesional-indianapolis-motor-speedway-trax\/#respond"]}]},{"@type":"WebPage","@id":"https:\/\/noticiasya.com\/2024\/10\/06\/keanu-reeves-debuta-automovilismo-profesional-indianapolis-motor-speedway-trax\/","url":"https:\/\/noticiasya.com\/2024\/10\/06\/keanu-reeves-debuta-automovilismo-profesional-indianapolis-motor-speedway-trax\/","name":"Keanu Reeves debuta en el automovilismo profesional en el Indianapolis Motor Speedway - Noticias","isPartOf":{"@id":"https:\/\/noticiasya.com\/#website"},"datePublished":"2024-10-06T22:03:49+00:00","breadcrumb":{"@id":"https:\/\/noticiasya.com\/2024\/10\/06\/keanu-reeves-debuta-automovilismo-profesional-indianapolis-motor-speedway-trax\/#breadcrumb"},"inLanguage":"es","potentialAction":[{"@type":"ReadAction","target":["https:\/\/noticiasya.com\/2024\/10\/06\/keanu-reeves-debuta-automovilismo-profesional-indianapolis-motor-speedway-trax\/"]}]},{"@type":"BreadcrumbList","@id":"https:\/\/noticiasya.com\/2024\/10\/06\/keanu-reeves-debuta-automovilismo-profesional-indianapolis-motor-speedway-trax\/#breadcrumb","itemListElement":[{"@type":"ListItem","position":1,"name":"Home","item":"https:\/\/noticiasya.com\/"},{"@type":"ListItem","position":2,"name":"Keanu Reeves debuta en el automovilismo profesional en el Indianapolis Motor Speedway"}]},{"@type":"WebSite","@id":"https:\/\/noticiasya.com\/#website","url":"https:\/\/noticiasya.com\/","name":"Noticias","description":"Lo que importa","publisher":{"@id":"https:\/\/noticiasya.com\/#organization"},"potentialAction":[{"@type":"SearchAction","target":{"@type":"EntryPoint","urlTemplate":"https:\/\/noticiasya.com\/?s={search_term_string}"},"query-input":{"@type":"PropertyValueSpecification","valueRequired":true,"valueName":"search_term_string"}}],"inLanguage":"es"},{"@type":"Organization","@id":"https:\/\/noticiasya.com\/#organization","name":"Noticias","url":"https:\/\/noticiasya.com\/","logo":{"@type":"ImageObject","inLanguage":"es","@id":"https:\/\/noticiasya.com\/#\/schema\/logo\/image\/","url":"https:\/\/noticiasya.com\/wp-content\/uploads\/sites\/22\/2023\/12\/logo-nacional.png","contentUrl":"https:\/\/noticiasya.com\/wp-content\/uploads\/sites\/22\/2023\/12\/logo-nacional.png","width":1801,"height":691,"caption":"Noticias"},"image":{"@id":"https:\/\/noticiasya.com\/#\/schema\/logo\/image\/"}}]}},"parsely":{"version":"1.1.0","canonical_url":"https:\/\/noticiasya.com\/midland-odessa\/2024\/10\/06\/keanu-reeves-debuta-automovilismo-profesional-indianapolis-motor-speedway-trax\/","smart_links":{"inbound":0,"outbound":0},"traffic_boost_suggestions_count":0,"meta":{"@context":"https:\/\/schema.org","@type":"NewsArticle","headline":"Keanu Reeves debuta en el automovilismo profesional en el Indianapolis Motor Speedway","url":"http:\/\/noticiasya.com\/midland-odessa\/2024\/10\/06\/keanu-reeves-debuta-automovilismo-profesional-indianapolis-motor-speedway-trax\/","mainEntityOfPage":{"@type":"WebPage","@id":"http:\/\/noticiasya.com\/midland-odessa\/2024\/10\/06\/keanu-reeves-debuta-automovilismo-profesional-indianapolis-motor-speedway-trax\/"},"thumbnailUrl":"","image":{"@type":"ImageObject","url":""},"articleSection":"Noticias Nacionales","author":[],"creator":[],"publisher":{"@type":"Organization","name":"Noticias","logo":""},"keywords":[],"dateCreated":"2024-10-06T22:03:49Z","datePublished":"2024-10-06T22:03:49Z","dateModified":"2024-10-06T22:03:49Z"},"rendered":"<script type=\"application\/ld+json\" class=\"wp-parsely-metadata\">{\"@context\":\"https:\\\/\\\/schema.org\",\"@type\":\"NewsArticle\",\"headline\":\"Keanu Reeves debuta en el automovilismo profesional en el Indianapolis Motor Speedway\",\"url\":\"http:\\\/\\\/noticiasya.com\\\/midland-odessa\\\/2024\\\/10\\\/06\\\/keanu-reeves-debuta-automovilismo-profesional-indianapolis-motor-speedway-trax\\\/\",\"mainEntityOfPage\":{\"@type\":\"WebPage\",\"@id\":\"http:\\\/\\\/noticiasya.com\\\/midland-odessa\\\/2024\\\/10\\\/06\\\/keanu-reeves-debuta-automovilismo-profesional-indianapolis-motor-speedway-trax\\\/\"},\"thumbnailUrl\":\"\",\"image\":{\"@type\":\"ImageObject\",\"url\":\"\"},\"articleSection\":\"Noticias Nacionales\",\"author\":[],\"creator\":[],\"publisher\":{\"@type\":\"Organization\",\"name\":\"Noticias\",\"logo\":\"\"},\"keywords\":[],\"dateCreated\":\"2024-10-06T22:03:49Z\",\"datePublished\":\"2024-10-06T22:03:49Z\",\"dateModified\":\"2024-10-06T22:03:49Z\"}<\/script>","tracker_url":"https:\/\/cdn.parsely.com\/keys\/noticiasya.com\/p.js"},"jetpack_featured_media_url":"","jetpack-related-posts":[{"id":1457053,"url":"https:\/\/noticiasya.com\/midland-odessa\/2024\/12\/29\/aparece-chile-rolex-robado-casa-keanu-reeves-los-angeles-trax\/","url_meta":{"origin":1454971,"position":0},"title":"Aparece en Chile un Rolex robado de la casa de Keanu Reeves en Los \u00c1ngeles","author":"","date":"diciembre 29, 2024","format":false,"excerpt":"La Polic\u00eda de Chile dice haber recuperado tres relojes pertenecientes a la estrella de \u201cJohn Wick\u201d, Keanu Reeves, incluido un Rolex de US$ 9.000, que se cree que fueron robados de la casa del actor en Los \u00c1ngeles, a fines de 2023.El reloj Rolex Submariner, grabado con el nombre del\u2026","rel":"","context":"In &quot;Noticias Nacionales&quot;","block_context":{"text":"Noticias Nacionales","link":"https:\/\/noticiasya.com\/midland-odessa\/categoria\/noticias-nacionales"},"img":{"alt_text":"","src":"","width":0,"height":0},"classes":[]},{"id":1464961,"url":"https:\/\/noticiasya.com\/midland-odessa\/2025\/07\/29\/relojes-keanu-reeves-chile-fbi-orix\/","url_meta":{"origin":1454971,"position":1},"title":"Seis relojes robados al actor Keanu Reeves en EE.UU., y localizados en Chile, son entregados al FBI","author":"","date":"julio 29, 2025","format":false,"excerpt":"Seis relojes de lujo que fueron robados al actor canadiense Keanu Reeves en Estados Unidos en 2023 y localizados en Chile en 2024 fueron entregados este martes al Bur\u00f3 Federal de Investigaciones de EE.UU. (FBI, por sus siglas en ingl\u00e9s) para que sean devueltos a su due\u00f1o, inform\u00f3 la fiscal\u2026","rel":"","context":"In &quot;Noticias Nacionales&quot;","block_context":{"text":"Noticias Nacionales","link":"https:\/\/noticiasya.com\/midland-odessa\/categoria\/noticias-nacionales"},"img":{"alt_text":"","src":"","width":0,"height":0},"classes":[]},{"id":1465044,"url":"https:\/\/noticiasya.com\/midland-odessa\/2025\/08\/01\/relojes-robados-keanu-reeves-chile-orix\/","url_meta":{"origin":1454971,"position":2},"title":"C\u00f3mo los relojes robados a Keanu Reeves en Los \u00c1ngeles acabaron en manos de una banda chilena en Santiago","author":"","date":"agosto 1, 2025","format":false,"excerpt":"La entrega al FBI de seis relojes robados en Los \u00c1ngeles al actor Keanu Reeves, quien debi\u00f3 reconocerlos para confirmar su identificaci\u00f3n, fue realizada esta semana en la Embajada de EE.UU. en Santiago, Chile, a casi 9.000 kil\u00f3metros de distancia, para que finalmente sean devueltos a su due\u00f1o, en el\u2026","rel":"","context":"In &quot;Noticias Nacionales&quot;","block_context":{"text":"Noticias Nacionales","link":"https:\/\/noticiasya.com\/midland-odessa\/categoria\/noticias-nacionales"},"img":{"alt_text":"","src":"","width":0,"height":0},"classes":[]},{"id":1447697,"url":"https:\/\/noticiasya.com\/midland-odessa\/2024\/04\/03\/matrix-5-pelicula-dice-warner-bros-trax\/","url_meta":{"origin":1454971,"position":3},"title":"Hay una quinta pel\u00edcula de &#171;Matrix&#187; en camino, dice el estudio cinematogr\u00e1fico de la franquicia","author":"","date":"abril 3, 2024","format":false,"excerpt":"(CNN) -- \u00bfAlguien quiere una pastilla roja o azul?La celebrada franquicia cinematogr\u00e1fica \u201cMatrix\u201d se ampliar\u00e1 con una pr\u00f3xima quinta entrega. La coguionista y codirectora original de la pel\u00edcula, Lana Wachowski, estar\u00e1 a la cabeza como productora ejecutiva.Seg\u00fan un comunicado de prensa del estudio cinematogr\u00e1fico Warner Bros. Motion Picture Group enviado\u2026","rel":"","context":"In &quot;Noticias Nacionales&quot;","block_context":{"text":"Noticias Nacionales","link":"https:\/\/noticiasya.com\/midland-odessa\/categoria\/noticias-nacionales"},"img":{"alt_text":"","src":"","width":0,"height":0},"classes":[]},{"id":1454975,"url":"https:\/\/noticiasya.com\/midland-odessa\/2024\/10\/07\/5-cosas-7-octubre-milton-hamas-orix\/","url_meta":{"origin":1454971,"position":4},"title":"Las 5 cosas que debes saber este 7 de octubre: Hurac\u00e1n Milton obliga la mayor evacuaci\u00f3n en Florida desde 2017","author":"","date":"octubre 7, 2024","format":false,"excerpt":"Un a\u00f1o de guerra entre Israel y Hamas. Bombardeos en el L\u00edbano. Florida se prepara para la llegada del hurac\u00e1n Milton. El papa Francisco aument\u00f3 el grupo de eclesi\u00e1sticos que elegir\u00e1 a su sucesor. Los retos de Clara Brugada en M\u00e9xico.\u00a0Esto es lo que debes saber para comenzar el d\u00eda.\u2026","rel":"","context":"In &quot;Noticias Nacionales&quot;","block_context":{"text":"Noticias Nacionales","link":"https:\/\/noticiasya.com\/midland-odessa\/categoria\/noticias-nacionales"},"img":{"alt_text":"","src":"","width":0,"height":0},"classes":[]},{"id":1423177,"url":"https:\/\/noticiasya.com\/midland-odessa\/2022\/08\/30\/mississippi-enfrenta-problemas-de-acceso-a-agua-potable\/","url_meta":{"origin":1454971,"position":5},"title":"Mississippi enfrenta problemas de acceso a agua potable","author":"agomez","date":"agosto 30, 2022","format":false,"excerpt":"Hoy el New York Times revel\u00f3 que m\u00e1s de 150, 000 residentes en la capital de Mississippi no tiene acceso a agua potable.","rel":"","context":"In &quot;Comunidad&quot;","block_context":{"text":"Comunidad","link":"https:\/\/noticiasya.com\/midland-odessa\/categoria\/comunidad"},"img":{"alt_text":"","src":"","width":0,"height":0},"classes":[]}],"jetpack_sharing_enabled":true,"_links":{"self":[{"href":"https:\/\/noticiasya.com\/midland-odessa\/wp-json\/wp\/v2\/posts\/1454971","targetHints":{"allow":["GET"]}}],"collection":[{"href":"https:\/\/noticiasya.com\/midland-odessa\/wp-json\/wp\/v2\/posts"}],"about":[{"href":"https:\/\/noticiasya.com\/midland-odessa\/wp-json\/wp\/v2\/types\/post"}],"replies":[{"embeddable":true,"href":"https:\/\/noticiasya.com\/midland-odessa\/wp-json\/wp\/v2\/comments?post=1454971"}],"version-history":[{"count":0,"href":"https:\/\/noticiasya.com\/midland-odessa\/wp-json\/wp\/v2\/posts\/1454971\/revisions"}],"wp:attachment":[{"href":"https:\/\/noticiasya.com\/midland-odessa\/wp-json\/wp\/v2\/media?parent=1454971"}],"wp:term":[{"taxonomy":"category","embeddable":true,"href":"https:\/\/noticiasya.com\/midland-odessa\/wp-json\/wp\/v2\/categories?post=1454971"},{"taxonomy":"post_tag","embeddable":true,"href":"https:\/\/noticiasya.com\/midland-odessa\/wp-json\/wp\/v2\/tags?post=1454971"}],"curies":[{"name":"wp","href":"https:\/\/api.w.org\/{rel}","templated":true}]}}