{"id":1454976,"date":"2024-10-07T03:03:42","date_gmt":"2024-10-07T10:03:42","guid":{"rendered":"https:\/\/noticiasya.com\/2024\/10\/07\/fiscalia-guerrero-investiga-homicidio-alcalde-chilpancingo-alejandro-arcos-orix\/"},"modified":"2024-10-07T03:03:42","modified_gmt":"2024-10-07T10:03:42","slug":"fiscalia-guerrero-investiga-homicidio-alcalde-chilpancingo-alejandro-arcos-orix","status":"publish","type":"post","link":"https:\/\/noticiasya.com\/midland-odessa\/2024\/10\/07\/fiscalia-guerrero-investiga-homicidio-alcalde-chilpancingo-alejandro-arcos-orix\/","title":{"rendered":"Fiscal\u00eda de Guerrero investiga homicidio de alcalde de Chilpancingo, en M\u00e9xico"},"content":{"rendered":"<p>(CNN Espa\u00f1ol) &#8212; La Fiscal\u00eda General de Guerrero, M\u00e9xico, inform\u00f3 este domingo que abri\u00f3 una carpeta de investigaci\u00f3n por el homicidio del alcalde de Chilpancingo, Alejandro Arcos.<\/p>\n<p>El departamento de comunicaci\u00f3n de la Fiscal\u00eda confirm\u00f3 a CNN que el fallecido es Alejandro Arcos, alcalde de Chilpancingo, capital de Guerrero.<\/p>\n<p>Se &#171;inici\u00f3 carpeta de investigaci\u00f3n en contra de quien o quienes resulten responsables, por el delito de homicidio calificado, cometido en agravio de Alejandro \u201cN\u201d, por los hechos ocurridos en Chilpancingo&#187;, detall\u00f3 la Fiscal\u00eda en un breve comunicado.<\/p>\n<p>Alejandro Arcos asumi\u00f3 la presidencia municipal de Chilpancingo el 1 de octubre, y su secretario de Gobierno, Francisco Tapia, hab\u00eda sido asesinado el viernes de la semana pasada.<\/p>\n<p>The-CNN-Wire<br \/>&trade; &amp; &copy; 2024 Cable News Network, Inc., a Warner Bros. Discovery Company. All rights reserved.<\/p>\n","protected":false},"excerpt":{"rendered":"<p>(CNN Espa\u00f1ol) &#8212; La Fiscal\u00eda General de Guerrero, M\u00e9xico, inform\u00f3 este domingo que abri\u00f3 una carpeta de investigaci\u00f3n por el homicidio del alcalde de Chilpancingo, Alejandro Arcos. El departamento de comunicaci\u00f3n de la Fiscal\u00eda confirm\u00f3 a CNN que el fallecido es Alejandro Arcos, alcalde de Chilpancingo, capital de Guerrero. Se &#171;inici\u00f3 carpeta de investigaci\u00f3n en [&hellip;]<\/p>\n","protected":false},"author":0,"featured_media":0,"comment_status":"open","ping_status":"open","sticky":false,"template":"","format":"standard","meta":{"_jetpack_memberships_contains_paid_content":false,"footnotes":""},"categories":[10],"tags":[],"class_list":["post-1454976","post","type-post","status-publish","format-standard","hentry","category-noticias-nacionales","market-global"],"yoast_head":"<!-- This site is optimized with the Yoast SEO plugin v24.4 - https:\/\/yoast.com\/wordpress\/plugins\/seo\/ -->\n<title>Fiscal\u00eda de Guerrero investiga homicidio de alcalde de Chilpancingo, en M\u00e9xico - Noticias<\/title>\n<meta name=\"robots\" content=\"index, follow, max-snippet:-1, max-image-preview:large, max-video-preview:-1\" \/>\n<link rel=\"canonical\" href=\"https:\/\/noticiasya.com\/2024\/10\/07\/fiscalia-guerrero-investiga-homicidio-alcalde-chilpancingo-alejandro-arcos-orix\/\" \/>\n<meta property=\"og:locale\" content=\"es_ES\" \/>\n<meta property=\"og:type\" content=\"article\" \/>\n<meta property=\"og:title\" content=\"Fiscal\u00eda de Guerrero investiga homicidio de alcalde de Chilpancingo, en M\u00e9xico - Noticias\" \/>\n<meta property=\"og:description\" content=\"(CNN Espa\u00f1ol) &#8212; La Fiscal\u00eda General de Guerrero, M\u00e9xico, inform\u00f3 este domingo que abri\u00f3 una carpeta de investigaci\u00f3n por el homicidio del alcalde de Chilpancingo, Alejandro Arcos. El departamento de comunicaci\u00f3n de la Fiscal\u00eda confirm\u00f3 a CNN que el fallecido es Alejandro Arcos, alcalde de Chilpancingo, capital de Guerrero. Se &#171;inici\u00f3 carpeta de investigaci\u00f3n en [&hellip;]\" \/>\n<meta property=\"og:url\" content=\"https:\/\/noticiasya.com\/2024\/10\/07\/fiscalia-guerrero-investiga-homicidio-alcalde-chilpancingo-alejandro-arcos-orix\/\" \/>\n<meta property=\"og:site_name\" content=\"Noticias\" \/>\n<meta property=\"article:published_time\" content=\"2024-10-07T10:03:42+00:00\" \/>\n<meta name=\"twitter:card\" content=\"summary_large_image\" \/>\n<meta name=\"twitter:label1\" content=\"Est. reading time\" \/>\n\t<meta name=\"twitter:data1\" content=\"1 minuto\" \/>\n<script type=\"application\/ld+json\" class=\"yoast-schema-graph\">{\"@context\":\"https:\/\/schema.org\",\"@graph\":[{\"@type\":\"Article\",\"@id\":\"https:\/\/noticiasya.com\/2024\/10\/07\/fiscalia-guerrero-investiga-homicidio-alcalde-chilpancingo-alejandro-arcos-orix\/#article\",\"isPartOf\":{\"@id\":\"https:\/\/noticiasya.com\/2024\/10\/07\/fiscalia-guerrero-investiga-homicidio-alcalde-chilpancingo-alejandro-arcos-orix\/\"},\"author\":{\"name\":\"\",\"@id\":\"\"},\"headline\":\"Fiscal\u00eda de Guerrero investiga homicidio de alcalde de Chilpancingo, en M\u00e9xico\",\"datePublished\":\"2024-10-07T10:03:42+00:00\",\"mainEntityOfPage\":{\"@id\":\"https:\/\/noticiasya.com\/2024\/10\/07\/fiscalia-guerrero-investiga-homicidio-alcalde-chilpancingo-alejandro-arcos-orix\/\"},\"wordCount\":152,\"commentCount\":0,\"publisher\":{\"@id\":\"https:\/\/noticiasya.com\/#organization\"},\"articleSection\":[\"Noticias Nacionales\"],\"inLanguage\":\"es\",\"potentialAction\":[{\"@type\":\"CommentAction\",\"name\":\"Comment\",\"target\":[\"https:\/\/noticiasya.com\/2024\/10\/07\/fiscalia-guerrero-investiga-homicidio-alcalde-chilpancingo-alejandro-arcos-orix\/#respond\"]}]},{\"@type\":\"WebPage\",\"@id\":\"https:\/\/noticiasya.com\/2024\/10\/07\/fiscalia-guerrero-investiga-homicidio-alcalde-chilpancingo-alejandro-arcos-orix\/\",\"url\":\"https:\/\/noticiasya.com\/2024\/10\/07\/fiscalia-guerrero-investiga-homicidio-alcalde-chilpancingo-alejandro-arcos-orix\/\",\"name\":\"Fiscal\u00eda de Guerrero investiga homicidio de alcalde de Chilpancingo, en M\u00e9xico - Noticias\",\"isPartOf\":{\"@id\":\"https:\/\/noticiasya.com\/#website\"},\"datePublished\":\"2024-10-07T10:03:42+00:00\",\"breadcrumb\":{\"@id\":\"https:\/\/noticiasya.com\/2024\/10\/07\/fiscalia-guerrero-investiga-homicidio-alcalde-chilpancingo-alejandro-arcos-orix\/#breadcrumb\"},\"inLanguage\":\"es\",\"potentialAction\":[{\"@type\":\"ReadAction\",\"target\":[\"https:\/\/noticiasya.com\/2024\/10\/07\/fiscalia-guerrero-investiga-homicidio-alcalde-chilpancingo-alejandro-arcos-orix\/\"]}]},{\"@type\":\"BreadcrumbList\",\"@id\":\"https:\/\/noticiasya.com\/2024\/10\/07\/fiscalia-guerrero-investiga-homicidio-alcalde-chilpancingo-alejandro-arcos-orix\/#breadcrumb\",\"itemListElement\":[{\"@type\":\"ListItem\",\"position\":1,\"name\":\"Home\",\"item\":\"https:\/\/noticiasya.com\/\"},{\"@type\":\"ListItem\",\"position\":2,\"name\":\"Fiscal\u00eda de Guerrero investiga homicidio de alcalde de Chilpancingo, en M\u00e9xico\"}]},{\"@type\":\"WebSite\",\"@id\":\"https:\/\/noticiasya.com\/#website\",\"url\":\"https:\/\/noticiasya.com\/\",\"name\":\"Noticias\",\"description\":\"Lo que importa\",\"publisher\":{\"@id\":\"https:\/\/noticiasya.com\/#organization\"},\"potentialAction\":[{\"@type\":\"SearchAction\",\"target\":{\"@type\":\"EntryPoint\",\"urlTemplate\":\"https:\/\/noticiasya.com\/?s={search_term_string}\"},\"query-input\":{\"@type\":\"PropertyValueSpecification\",\"valueRequired\":true,\"valueName\":\"search_term_string\"}}],\"inLanguage\":\"es\"},{\"@type\":\"Organization\",\"@id\":\"https:\/\/noticiasya.com\/#organization\",\"name\":\"Noticias\",\"url\":\"https:\/\/noticiasya.com\/\",\"logo\":{\"@type\":\"ImageObject\",\"inLanguage\":\"es\",\"@id\":\"https:\/\/noticiasya.com\/#\/schema\/logo\/image\/\",\"url\":\"https:\/\/noticiasya.com\/wp-content\/uploads\/sites\/22\/2023\/12\/logo-nacional.png\",\"contentUrl\":\"https:\/\/noticiasya.com\/wp-content\/uploads\/sites\/22\/2023\/12\/logo-nacional.png\",\"width\":1801,\"height\":691,\"caption\":\"Noticias\"},\"image\":{\"@id\":\"https:\/\/noticiasya.com\/#\/schema\/logo\/image\/\"}}]}<\/script>\n<!-- \/ Yoast SEO plugin. -->","yoast_head_json":{"title":"Fiscal\u00eda de Guerrero investiga homicidio de alcalde de Chilpancingo, en M\u00e9xico - Noticias","robots":{"index":"index","follow":"follow","max-snippet":"max-snippet:-1","max-image-preview":"max-image-preview:large","max-video-preview":"max-video-preview:-1"},"canonical":"https:\/\/noticiasya.com\/2024\/10\/07\/fiscalia-guerrero-investiga-homicidio-alcalde-chilpancingo-alejandro-arcos-orix\/","og_locale":"es_ES","og_type":"article","og_title":"Fiscal\u00eda de Guerrero investiga homicidio de alcalde de Chilpancingo, en M\u00e9xico - Noticias","og_description":"(CNN Espa\u00f1ol) &#8212; La Fiscal\u00eda General de Guerrero, M\u00e9xico, inform\u00f3 este domingo que abri\u00f3 una carpeta de investigaci\u00f3n por el homicidio del alcalde de Chilpancingo, Alejandro Arcos. El departamento de comunicaci\u00f3n de la Fiscal\u00eda confirm\u00f3 a CNN que el fallecido es Alejandro Arcos, alcalde de Chilpancingo, capital de Guerrero. Se &#171;inici\u00f3 carpeta de investigaci\u00f3n en [&hellip;]","og_url":"https:\/\/noticiasya.com\/2024\/10\/07\/fiscalia-guerrero-investiga-homicidio-alcalde-chilpancingo-alejandro-arcos-orix\/","og_site_name":"Noticias","article_published_time":"2024-10-07T10:03:42+00:00","twitter_card":"summary_large_image","twitter_misc":{"Est. reading time":"1 minuto"},"schema":{"@context":"https:\/\/schema.org","@graph":[{"@type":"Article","@id":"https:\/\/noticiasya.com\/2024\/10\/07\/fiscalia-guerrero-investiga-homicidio-alcalde-chilpancingo-alejandro-arcos-orix\/#article","isPartOf":{"@id":"https:\/\/noticiasya.com\/2024\/10\/07\/fiscalia-guerrero-investiga-homicidio-alcalde-chilpancingo-alejandro-arcos-orix\/"},"author":{"name":"","@id":""},"headline":"Fiscal\u00eda de Guerrero investiga homicidio de alcalde de Chilpancingo, en M\u00e9xico","datePublished":"2024-10-07T10:03:42+00:00","mainEntityOfPage":{"@id":"https:\/\/noticiasya.com\/2024\/10\/07\/fiscalia-guerrero-investiga-homicidio-alcalde-chilpancingo-alejandro-arcos-orix\/"},"wordCount":152,"commentCount":0,"publisher":{"@id":"https:\/\/noticiasya.com\/#organization"},"articleSection":["Noticias Nacionales"],"inLanguage":"es","potentialAction":[{"@type":"CommentAction","name":"Comment","target":["https:\/\/noticiasya.com\/2024\/10\/07\/fiscalia-guerrero-investiga-homicidio-alcalde-chilpancingo-alejandro-arcos-orix\/#respond"]}]},{"@type":"WebPage","@id":"https:\/\/noticiasya.com\/2024\/10\/07\/fiscalia-guerrero-investiga-homicidio-alcalde-chilpancingo-alejandro-arcos-orix\/","url":"https:\/\/noticiasya.com\/2024\/10\/07\/fiscalia-guerrero-investiga-homicidio-alcalde-chilpancingo-alejandro-arcos-orix\/","name":"Fiscal\u00eda de Guerrero investiga homicidio de alcalde de Chilpancingo, en M\u00e9xico - Noticias","isPartOf":{"@id":"https:\/\/noticiasya.com\/#website"},"datePublished":"2024-10-07T10:03:42+00:00","breadcrumb":{"@id":"https:\/\/noticiasya.com\/2024\/10\/07\/fiscalia-guerrero-investiga-homicidio-alcalde-chilpancingo-alejandro-arcos-orix\/#breadcrumb"},"inLanguage":"es","potentialAction":[{"@type":"ReadAction","target":["https:\/\/noticiasya.com\/2024\/10\/07\/fiscalia-guerrero-investiga-homicidio-alcalde-chilpancingo-alejandro-arcos-orix\/"]}]},{"@type":"BreadcrumbList","@id":"https:\/\/noticiasya.com\/2024\/10\/07\/fiscalia-guerrero-investiga-homicidio-alcalde-chilpancingo-alejandro-arcos-orix\/#breadcrumb","itemListElement":[{"@type":"ListItem","position":1,"name":"Home","item":"https:\/\/noticiasya.com\/"},{"@type":"ListItem","position":2,"name":"Fiscal\u00eda de Guerrero investiga homicidio de alcalde de Chilpancingo, en M\u00e9xico"}]},{"@type":"WebSite","@id":"https:\/\/noticiasya.com\/#website","url":"https:\/\/noticiasya.com\/","name":"Noticias","description":"Lo que importa","publisher":{"@id":"https:\/\/noticiasya.com\/#organization"},"potentialAction":[{"@type":"SearchAction","target":{"@type":"EntryPoint","urlTemplate":"https:\/\/noticiasya.com\/?s={search_term_string}"},"query-input":{"@type":"PropertyValueSpecification","valueRequired":true,"valueName":"search_term_string"}}],"inLanguage":"es"},{"@type":"Organization","@id":"https:\/\/noticiasya.com\/#organization","name":"Noticias","url":"https:\/\/noticiasya.com\/","logo":{"@type":"ImageObject","inLanguage":"es","@id":"https:\/\/noticiasya.com\/#\/schema\/logo\/image\/","url":"https:\/\/noticiasya.com\/wp-content\/uploads\/sites\/22\/2023\/12\/logo-nacional.png","contentUrl":"https:\/\/noticiasya.com\/wp-content\/uploads\/sites\/22\/2023\/12\/logo-nacional.png","width":1801,"height":691,"caption":"Noticias"},"image":{"@id":"https:\/\/noticiasya.com\/#\/schema\/logo\/image\/"}}]}},"parsely":{"version":"1.1.0","canonical_url":"https:\/\/noticiasya.com\/midland-odessa\/2024\/10\/07\/fiscalia-guerrero-investiga-homicidio-alcalde-chilpancingo-alejandro-arcos-orix\/","smart_links":{"inbound":0,"outbound":0},"traffic_boost_suggestions_count":0,"meta":{"@context":"https:\/\/schema.org","@type":"NewsArticle","headline":"Fiscal\u00eda de Guerrero investiga homicidio de alcalde de Chilpancingo, en M\u00e9xico","url":"http:\/\/noticiasya.com\/midland-odessa\/2024\/10\/07\/fiscalia-guerrero-investiga-homicidio-alcalde-chilpancingo-alejandro-arcos-orix\/","mainEntityOfPage":{"@type":"WebPage","@id":"http:\/\/noticiasya.com\/midland-odessa\/2024\/10\/07\/fiscalia-guerrero-investiga-homicidio-alcalde-chilpancingo-alejandro-arcos-orix\/"},"thumbnailUrl":"","image":{"@type":"ImageObject","url":""},"articleSection":"Noticias Nacionales","author":[],"creator":[],"publisher":{"@type":"Organization","name":"Noticias","logo":""},"keywords":[],"dateCreated":"2024-10-07T10:03:42Z","datePublished":"2024-10-07T10:03:42Z","dateModified":"2024-10-07T10:03:42Z"},"rendered":"<script type=\"application\/ld+json\" class=\"wp-parsely-metadata\">{\"@context\":\"https:\\\/\\\/schema.org\",\"@type\":\"NewsArticle\",\"headline\":\"Fiscal\\u00eda de Guerrero investiga homicidio de alcalde de Chilpancingo, en M\\u00e9xico\",\"url\":\"http:\\\/\\\/noticiasya.com\\\/midland-odessa\\\/2024\\\/10\\\/07\\\/fiscalia-guerrero-investiga-homicidio-alcalde-chilpancingo-alejandro-arcos-orix\\\/\",\"mainEntityOfPage\":{\"@type\":\"WebPage\",\"@id\":\"http:\\\/\\\/noticiasya.com\\\/midland-odessa\\\/2024\\\/10\\\/07\\\/fiscalia-guerrero-investiga-homicidio-alcalde-chilpancingo-alejandro-arcos-orix\\\/\"},\"thumbnailUrl\":\"\",\"image\":{\"@type\":\"ImageObject\",\"url\":\"\"},\"articleSection\":\"Noticias Nacionales\",\"author\":[],\"creator\":[],\"publisher\":{\"@type\":\"Organization\",\"name\":\"Noticias\",\"logo\":\"\"},\"keywords\":[],\"dateCreated\":\"2024-10-07T10:03:42Z\",\"datePublished\":\"2024-10-07T10:03:42Z\",\"dateModified\":\"2024-10-07T10:03:42Z\"}<\/script>","tracker_url":"https:\/\/cdn.parsely.com\/keys\/noticiasya.com\/p.js"},"jetpack_featured_media_url":"","jetpack-related-posts":[{"id":1455783,"url":"https:\/\/noticiasya.com\/midland-odessa\/2024\/11\/13\/fiscalia-guerrero-presuento-responsable-asesinato-alcalde-chilpancingo-orix\/","url_meta":{"origin":1454976,"position":0},"title":"Fiscal\u00eda de Guerrero dice haber detenido a presunto responsable del asesinato del alcalde de Chilpancingo","author":"","date":"noviembre 13, 2024","format":false,"excerpt":"(CNN Espa\u00f1ol) --\u00a0La Fiscal\u00eda de Guerrero anunci\u00f3 este martes la detenci\u00f3n de un exfuncionario, al que identific\u00f3 solo como Germ\u00e1n \"N\", de la instituci\u00f3n por su presunta relaci\u00f3n con el asesinato de Alejandro Arcos, alcalde de Chilpancingo \u2015la capital del estado\u2015, ocurrido a inicios de octubre.Chilpancingo exige paz al gobierno\u2026","rel":"","context":"In &quot;Noticias Nacionales&quot;","block_context":{"text":"Noticias Nacionales","link":"https:\/\/noticiasya.com\/midland-odessa\/categoria\/noticias-nacionales"},"img":{"alt_text":"","src":"","width":0,"height":0},"classes":[]},{"id":1454988,"url":"https:\/\/noticiasya.com\/midland-odessa\/2024\/10\/08\/homicidio-alcalde-chilpancingo-inseguridad-mexico-trax\/","url_meta":{"origin":1454976,"position":1},"title":"El homicidio del alcalde de Chilpancingo renueva la preocupaci\u00f3n por la seguridad en M\u00e9xico. Esto sabemos","author":"","date":"octubre 8, 2024","format":false,"excerpt":"(CNN) -- El alcalde de una ciudad mexicana asolada por la delincuencia fue asesinado menos de una semana despu\u00e9s de asumir el cargo, el \u00faltimo de una serie de ataques violentos contra pol\u00edticos del pa\u00eds.El asesinato de Alejandro Arcos Catal\u00e1n, que asumi\u00f3 el cargo de alcalde de Chilpancingo el 1\u2026","rel":"","context":"In &quot;Noticias Nacionales&quot;","block_context":{"text":"Noticias Nacionales","link":"https:\/\/noticiasya.com\/midland-odessa\/categoria\/noticias-nacionales"},"img":{"alt_text":"","src":"","width":0,"height":0},"classes":[]},{"id":1455048,"url":"https:\/\/noticiasya.com\/midland-odessa\/2024\/10\/12\/denuncia-secuestro-verasategui-tamaulipas-orix\/","url_meta":{"origin":1454976,"position":2},"title":"Investigan denuncia de secuestro del diputado local Vicente Ver\u00e1stegui en el estado mexicano de Tamaulipas","author":"","date":"octubre 12, 2024","format":false,"excerpt":"(CNN Espa\u00f1ol) --Autoridades de M\u00e9xico abrieron este viernes una investigaci\u00f3n por el posible secuestro del diputado local Vicente Ver\u00e1stegui Ostos, presuntamente cometido en Tamaulipas, informaron la Vocer\u00eda de Seguridad y la fiscal\u00eda de ese estado del norte del pa\u00eds.La fiscal\u00eda dijo en un comunicado que, seg\u00fan la denuncia que recibi\u00f3,\u2026","rel":"","context":"In &quot;Noticias Nacionales&quot;","block_context":{"text":"Noticias Nacionales","link":"https:\/\/noticiasya.com\/midland-odessa\/categoria\/noticias-nacionales"},"img":{"alt_text":"","src":"","width":0,"height":0},"classes":[]},{"id":1456504,"url":"https:\/\/noticiasya.com\/midland-odessa\/2024\/12\/11\/matan-expresidente-tribunal-superior-justicia-guerrero-orix\/","url_meta":{"origin":1454976,"position":3},"title":"Matan a expresidente de Tribunal Superior de Justicia de Guerrero","author":"","date":"diciembre 11, 2024","format":false,"excerpt":"La gobernadora del estado mexicano de Guerrero, Evelyn Salgado, conden\u00f3 este mi\u00e9rcoles el homicidio del magistrado Edmundo Rom\u00e1n Pinz\u00f3n y dijo que realizar\u00e1 \u201cuna investigaci\u00f3n exhaustiva\u201d para resolver el crimen, de acuerdo con un mensaje publicado en sus redes sociales.Rom\u00e1n Pinz\u00f3n fue presidente del Tribunal Superior de Justicia de Guerrero,\u2026","rel":"","context":"In &quot;Noticias Nacionales&quot;","block_context":{"text":"Noticias Nacionales","link":"https:\/\/noticiasya.com\/midland-odessa\/categoria\/noticias-nacionales"},"img":{"alt_text":"","src":"","width":0,"height":0},"classes":[]},{"id":1446936,"url":"https:\/\/noticiasya.com\/midland-odessa\/2024\/03\/13\/policias-estatales-relacionados-asesinato-normalista-entregan-fiscalia-general-mexico-orix\/","url_meta":{"origin":1454976,"position":4},"title":"Polic\u00edas estatales relacionados con el asesinato de normalista de Ayotzinapa se entregan a la Fiscal\u00eda General de M\u00e9xico","author":"","date":"marzo 13, 2024","format":false,"excerpt":"(CNN Espa\u00f1ol) -- Dos polic\u00edas estatales relacionados con la muerte del joven Yanki Kothan G\u00f3mez, estudiante de la escuela Normal Rural de Ayotzinapa, se entregaron este mi\u00e9rcoles ante la Fiscal\u00eda General de la Rep\u00fablica, seg\u00fan confirm\u00f3 a CNN una fuente policial vinculada con el caso.Los agentes estatales hab\u00edan sido detenidos\u2026","rel":"","context":"In &quot;Noticias Nacionales&quot;","block_context":{"text":"Noticias Nacionales","link":"https:\/\/noticiasya.com\/midland-odessa\/categoria\/noticias-nacionales"},"img":{"alt_text":"","src":"","width":0,"height":0},"classes":[]},{"id":1447675,"url":"https:\/\/noticiasya.com\/midland-odessa\/2024\/04\/03\/camila-gomex-asesinada-taxco-asifixia-orix\/","url_meta":{"origin":1454976,"position":5},"title":"Camila G\u00f3mez, la ni\u00f1a de 8 a\u00f1os asesinada en Taxco, muri\u00f3 por asfixia mec\u00e1nica intencional, informan las autoridades","author":"","date":"abril 3, 2024","format":false,"excerpt":"(CNN) --\u00a0 La muerte de Camila G\u00f3mez Ortega, de 8 a\u00f1os, fue por asfixia mec\u00e1nica intencional por un tercero, informaron este martes las autoridades de seguridad de M\u00e9xico, al reportar la cronolog\u00eda del caso ocurrido el pasado fin de semana en Taxco, Guerrero, en cuyo marco ocurri\u00f3 un linchamiento.Al detallar\u2026","rel":"","context":"In &quot;Noticias Nacionales&quot;","block_context":{"text":"Noticias Nacionales","link":"https:\/\/noticiasya.com\/midland-odessa\/categoria\/noticias-nacionales"},"img":{"alt_text":"","src":"","width":0,"height":0},"classes":[]}],"jetpack_sharing_enabled":true,"_links":{"self":[{"href":"https:\/\/noticiasya.com\/midland-odessa\/wp-json\/wp\/v2\/posts\/1454976","targetHints":{"allow":["GET"]}}],"collection":[{"href":"https:\/\/noticiasya.com\/midland-odessa\/wp-json\/wp\/v2\/posts"}],"about":[{"href":"https:\/\/noticiasya.com\/midland-odessa\/wp-json\/wp\/v2\/types\/post"}],"replies":[{"embeddable":true,"href":"https:\/\/noticiasya.com\/midland-odessa\/wp-json\/wp\/v2\/comments?post=1454976"}],"version-history":[{"count":0,"href":"https:\/\/noticiasya.com\/midland-odessa\/wp-json\/wp\/v2\/posts\/1454976\/revisions"}],"wp:attachment":[{"href":"https:\/\/noticiasya.com\/midland-odessa\/wp-json\/wp\/v2\/media?parent=1454976"}],"wp:term":[{"taxonomy":"category","embeddable":true,"href":"https:\/\/noticiasya.com\/midland-odessa\/wp-json\/wp\/v2\/categories?post=1454976"},{"taxonomy":"post_tag","embeddable":true,"href":"https:\/\/noticiasya.com\/midland-odessa\/wp-json\/wp\/v2\/tags?post=1454976"}],"curies":[{"name":"wp","href":"https:\/\/api.w.org\/{rel}","templated":true}]}}