{"id":1454988,"date":"2024-10-08T02:04:01","date_gmt":"2024-10-08T09:04:01","guid":{"rendered":"https:\/\/noticiasya.com\/2024\/10\/08\/homicidio-alcalde-chilpancingo-inseguridad-mexico-trax\/"},"modified":"2024-10-08T02:04:01","modified_gmt":"2024-10-08T09:04:01","slug":"homicidio-alcalde-chilpancingo-inseguridad-mexico-trax","status":"publish","type":"post","link":"https:\/\/noticiasya.com\/midland-odessa\/2024\/10\/08\/homicidio-alcalde-chilpancingo-inseguridad-mexico-trax\/","title":{"rendered":"El homicidio del alcalde de Chilpancingo renueva la preocupaci\u00f3n por la seguridad en M\u00e9xico. Esto sabemos"},"content":{"rendered":"<p>(CNN) &#8212; El alcalde de una ciudad mexicana asolada por la delincuencia fue asesinado menos de una semana despu\u00e9s de asumir el cargo, el \u00faltimo de una serie de ataques violentos contra pol\u00edticos del pa\u00eds.<\/p>\n<p>El asesinato de Alejandro Arcos Catal\u00e1n, que asumi\u00f3 el cargo de alcalde de Chilpancingo el 1 de octubre, se produce pocos d\u00edas despu\u00e9s de que el secretario de Gobierno de la ciudad, Francisco Tapia, resultara muerto a tiros, y ha renovado las preocupaciones sobre la seguridad en un pa\u00eds que recientemente celebr\u00f3 sus elecciones generales m\u00e1s grandes y violentas de la historia.<\/p>\n<p>Este lunes, la reci\u00e9n elegida presidenta de M\u00e9xico, Claudia Sheinbaum, calific\u00f3 el homicidio de Arcos de &#171;desafortunado&#187; y dijo que su gabinete de seguridad explicar\u00eda este martes &#171;con m\u00e1s detalles&#187; las acciones que se est\u00e1n tomando para abordar los problemas de seguridad del pa\u00eds.<\/p>\n<p>Matan a Alejandro Arcos, alcalde de Chilpancingo, en Guerrero<\/p>\n<p>&#171;Vamos a desplegar la estrategia general. Trabajaremos en algunos estados con m\u00e1s presencia, inteligencia e investigaci\u00f3n en colaboraci\u00f3n con los gobernadores&#187;, dijo Sheinbaum durante su conferencia de prensa diaria.<\/p>\n<p>Chilpancingo es la capital de Guerrero, un estado con reputaci\u00f3n de delitos violentos que tambi\u00e9n alberga el atractivo tur\u00edstico de Acapulco.<\/p>\n<p>La gobernadora del estado, Evelyn Salgado, conden\u00f3 el homicidio y prometi\u00f3 que los responsables rendir\u00edan cuentas. \u201cSu p\u00e9rdida es lamentada por toda la sociedad guerrerense y nos llena de indignaci\u00f3n\u201d, escribi\u00f3 Salgado en X.<\/p>\n<p>Un doliente rinde homenaje a Alejandro Arcos en Chilpancingo, M\u00e9xico, el 7 de octubre. (Cr\u00e9dito: Oscar Ram\u00edrez\/Reuters)<\/p>\n<p>Sin embargo, la violencia que enfrentan los pol\u00edticos mexicanos se extiende mucho m\u00e1s all\u00e1 de Guerrero, como lo demostr\u00f3 la hist\u00f3rica elecci\u00f3n del 2 de junio que llev\u00f3 a Sheinbaum al poder.<\/p>\n<p>Con 20.000 puestos electorales en juego, la escala del derramamiento de sangre cometido por quienes intentaban influir en el voto no ten\u00eda precedentes.<\/p>\n<p>Durante la temporada de campa\u00f1a, al menos 34 candidatos pol\u00edticos fueron asesinados por organizaciones criminales. Y la violencia no se detuvo all\u00ed. Apenas horas despu\u00e9s de la elecci\u00f3n de Sheinbaum, la alcaldesa de Cotija, en Michoac\u00e1n, fue muerta a tiros.<\/p>\n<p>Sangre, miedo y votos: as\u00ed se vive la violencia hacia pol\u00edticos en M\u00e9xico 4:35<\/p>\n<p>Seg\u00fan un informe de Integralia Consultants, las organizaciones criminales en M\u00e9xico centran los ataques con motivaciones pol\u00edticas en el nivel municipal porque los alcaldes pueden ofrecerles impunidad debido a sus v\u00ednculos con las fuerzas del orden y la econom\u00eda local.<\/p>\n<p>Se afirma que las bandas criminales a menudo financian campa\u00f1as durante la temporada electoral, intimidando a los candidatos e interviniendo violentamente para obligar a los pol\u00edticos a cooperar con ellos.<\/p>\n<p>The-CNN-Wire<br \/>&trade; &amp; &copy; 2024 Cable News Network, Inc., a Warner Bros. Discovery Company. All rights reserved.<\/p>\n","protected":false},"excerpt":{"rendered":"<p>(CNN) &#8212; El alcalde de una ciudad mexicana asolada por la delincuencia fue asesinado menos de una semana despu\u00e9s de asumir el cargo, el \u00faltimo de una serie de ataques violentos contra pol\u00edticos del pa\u00eds. El asesinato de Alejandro Arcos Catal\u00e1n, que asumi\u00f3 el cargo de alcalde de Chilpancingo el 1 de octubre, se produce [&hellip;]<\/p>\n","protected":false},"author":0,"featured_media":0,"comment_status":"open","ping_status":"open","sticky":false,"template":"","format":"standard","meta":{"_jetpack_memberships_contains_paid_content":false,"footnotes":""},"categories":[10],"tags":[],"class_list":["post-1454988","post","type-post","status-publish","format-standard","hentry","category-noticias-nacionales","market-global"],"yoast_head":"<!-- This site is optimized with the Yoast SEO plugin v24.4 - https:\/\/yoast.com\/wordpress\/plugins\/seo\/ -->\n<title>El homicidio del alcalde de Chilpancingo renueva la preocupaci\u00f3n por la seguridad en M\u00e9xico. Esto sabemos - Noticias<\/title>\n<meta name=\"robots\" content=\"index, follow, max-snippet:-1, max-image-preview:large, max-video-preview:-1\" \/>\n<link rel=\"canonical\" href=\"https:\/\/noticiasya.com\/2024\/10\/08\/homicidio-alcalde-chilpancingo-inseguridad-mexico-trax\/\" \/>\n<meta property=\"og:locale\" content=\"es_ES\" \/>\n<meta property=\"og:type\" content=\"article\" \/>\n<meta property=\"og:title\" content=\"El homicidio del alcalde de Chilpancingo renueva la preocupaci\u00f3n por la seguridad en M\u00e9xico. Esto sabemos - Noticias\" \/>\n<meta property=\"og:description\" content=\"(CNN) &#8212; El alcalde de una ciudad mexicana asolada por la delincuencia fue asesinado menos de una semana despu\u00e9s de asumir el cargo, el \u00faltimo de una serie de ataques violentos contra pol\u00edticos del pa\u00eds. El asesinato de Alejandro Arcos Catal\u00e1n, que asumi\u00f3 el cargo de alcalde de Chilpancingo el 1 de octubre, se produce [&hellip;]\" \/>\n<meta property=\"og:url\" content=\"https:\/\/noticiasya.com\/2024\/10\/08\/homicidio-alcalde-chilpancingo-inseguridad-mexico-trax\/\" \/>\n<meta property=\"og:site_name\" content=\"Noticias\" \/>\n<meta property=\"article:published_time\" content=\"2024-10-08T09:04:01+00:00\" \/>\n<meta name=\"twitter:card\" content=\"summary_large_image\" \/>\n<meta name=\"twitter:label1\" content=\"Est. reading time\" \/>\n\t<meta name=\"twitter:data1\" content=\"2 minutos\" \/>\n<script type=\"application\/ld+json\" class=\"yoast-schema-graph\">{\"@context\":\"https:\/\/schema.org\",\"@graph\":[{\"@type\":\"Article\",\"@id\":\"https:\/\/noticiasya.com\/2024\/10\/08\/homicidio-alcalde-chilpancingo-inseguridad-mexico-trax\/#article\",\"isPartOf\":{\"@id\":\"https:\/\/noticiasya.com\/2024\/10\/08\/homicidio-alcalde-chilpancingo-inseguridad-mexico-trax\/\"},\"author\":{\"name\":\"\",\"@id\":\"\"},\"headline\":\"El homicidio del alcalde de Chilpancingo renueva la preocupaci\u00f3n por la seguridad en M\u00e9xico. Esto sabemos\",\"datePublished\":\"2024-10-08T09:04:01+00:00\",\"mainEntityOfPage\":{\"@id\":\"https:\/\/noticiasya.com\/2024\/10\/08\/homicidio-alcalde-chilpancingo-inseguridad-mexico-trax\/\"},\"wordCount\":504,\"commentCount\":0,\"publisher\":{\"@id\":\"https:\/\/noticiasya.com\/#organization\"},\"articleSection\":[\"Noticias Nacionales\"],\"inLanguage\":\"es\",\"potentialAction\":[{\"@type\":\"CommentAction\",\"name\":\"Comment\",\"target\":[\"https:\/\/noticiasya.com\/2024\/10\/08\/homicidio-alcalde-chilpancingo-inseguridad-mexico-trax\/#respond\"]}]},{\"@type\":\"WebPage\",\"@id\":\"https:\/\/noticiasya.com\/2024\/10\/08\/homicidio-alcalde-chilpancingo-inseguridad-mexico-trax\/\",\"url\":\"https:\/\/noticiasya.com\/2024\/10\/08\/homicidio-alcalde-chilpancingo-inseguridad-mexico-trax\/\",\"name\":\"El homicidio del alcalde de Chilpancingo renueva la preocupaci\u00f3n por la seguridad en M\u00e9xico. Esto sabemos - Noticias\",\"isPartOf\":{\"@id\":\"https:\/\/noticiasya.com\/#website\"},\"datePublished\":\"2024-10-08T09:04:01+00:00\",\"breadcrumb\":{\"@id\":\"https:\/\/noticiasya.com\/2024\/10\/08\/homicidio-alcalde-chilpancingo-inseguridad-mexico-trax\/#breadcrumb\"},\"inLanguage\":\"es\",\"potentialAction\":[{\"@type\":\"ReadAction\",\"target\":[\"https:\/\/noticiasya.com\/2024\/10\/08\/homicidio-alcalde-chilpancingo-inseguridad-mexico-trax\/\"]}]},{\"@type\":\"BreadcrumbList\",\"@id\":\"https:\/\/noticiasya.com\/2024\/10\/08\/homicidio-alcalde-chilpancingo-inseguridad-mexico-trax\/#breadcrumb\",\"itemListElement\":[{\"@type\":\"ListItem\",\"position\":1,\"name\":\"Home\",\"item\":\"https:\/\/noticiasya.com\/\"},{\"@type\":\"ListItem\",\"position\":2,\"name\":\"El homicidio del alcalde de Chilpancingo renueva la preocupaci\u00f3n por la seguridad en M\u00e9xico. Esto sabemos\"}]},{\"@type\":\"WebSite\",\"@id\":\"https:\/\/noticiasya.com\/#website\",\"url\":\"https:\/\/noticiasya.com\/\",\"name\":\"Noticias\",\"description\":\"Lo que importa\",\"publisher\":{\"@id\":\"https:\/\/noticiasya.com\/#organization\"},\"potentialAction\":[{\"@type\":\"SearchAction\",\"target\":{\"@type\":\"EntryPoint\",\"urlTemplate\":\"https:\/\/noticiasya.com\/?s={search_term_string}\"},\"query-input\":{\"@type\":\"PropertyValueSpecification\",\"valueRequired\":true,\"valueName\":\"search_term_string\"}}],\"inLanguage\":\"es\"},{\"@type\":\"Organization\",\"@id\":\"https:\/\/noticiasya.com\/#organization\",\"name\":\"Noticias\",\"url\":\"https:\/\/noticiasya.com\/\",\"logo\":{\"@type\":\"ImageObject\",\"inLanguage\":\"es\",\"@id\":\"https:\/\/noticiasya.com\/#\/schema\/logo\/image\/\",\"url\":\"https:\/\/noticiasya.com\/wp-content\/uploads\/sites\/22\/2023\/12\/logo-nacional.png\",\"contentUrl\":\"https:\/\/noticiasya.com\/wp-content\/uploads\/sites\/22\/2023\/12\/logo-nacional.png\",\"width\":1801,\"height\":691,\"caption\":\"Noticias\"},\"image\":{\"@id\":\"https:\/\/noticiasya.com\/#\/schema\/logo\/image\/\"}}]}<\/script>\n<!-- \/ Yoast SEO plugin. -->","yoast_head_json":{"title":"El homicidio del alcalde de Chilpancingo renueva la preocupaci\u00f3n por la seguridad en M\u00e9xico. Esto sabemos - Noticias","robots":{"index":"index","follow":"follow","max-snippet":"max-snippet:-1","max-image-preview":"max-image-preview:large","max-video-preview":"max-video-preview:-1"},"canonical":"https:\/\/noticiasya.com\/2024\/10\/08\/homicidio-alcalde-chilpancingo-inseguridad-mexico-trax\/","og_locale":"es_ES","og_type":"article","og_title":"El homicidio del alcalde de Chilpancingo renueva la preocupaci\u00f3n por la seguridad en M\u00e9xico. Esto sabemos - Noticias","og_description":"(CNN) &#8212; El alcalde de una ciudad mexicana asolada por la delincuencia fue asesinado menos de una semana despu\u00e9s de asumir el cargo, el \u00faltimo de una serie de ataques violentos contra pol\u00edticos del pa\u00eds. El asesinato de Alejandro Arcos Catal\u00e1n, que asumi\u00f3 el cargo de alcalde de Chilpancingo el 1 de octubre, se produce [&hellip;]","og_url":"https:\/\/noticiasya.com\/2024\/10\/08\/homicidio-alcalde-chilpancingo-inseguridad-mexico-trax\/","og_site_name":"Noticias","article_published_time":"2024-10-08T09:04:01+00:00","twitter_card":"summary_large_image","twitter_misc":{"Est. reading time":"2 minutos"},"schema":{"@context":"https:\/\/schema.org","@graph":[{"@type":"Article","@id":"https:\/\/noticiasya.com\/2024\/10\/08\/homicidio-alcalde-chilpancingo-inseguridad-mexico-trax\/#article","isPartOf":{"@id":"https:\/\/noticiasya.com\/2024\/10\/08\/homicidio-alcalde-chilpancingo-inseguridad-mexico-trax\/"},"author":{"name":"","@id":""},"headline":"El homicidio del alcalde de Chilpancingo renueva la preocupaci\u00f3n por la seguridad en M\u00e9xico. Esto sabemos","datePublished":"2024-10-08T09:04:01+00:00","mainEntityOfPage":{"@id":"https:\/\/noticiasya.com\/2024\/10\/08\/homicidio-alcalde-chilpancingo-inseguridad-mexico-trax\/"},"wordCount":504,"commentCount":0,"publisher":{"@id":"https:\/\/noticiasya.com\/#organization"},"articleSection":["Noticias Nacionales"],"inLanguage":"es","potentialAction":[{"@type":"CommentAction","name":"Comment","target":["https:\/\/noticiasya.com\/2024\/10\/08\/homicidio-alcalde-chilpancingo-inseguridad-mexico-trax\/#respond"]}]},{"@type":"WebPage","@id":"https:\/\/noticiasya.com\/2024\/10\/08\/homicidio-alcalde-chilpancingo-inseguridad-mexico-trax\/","url":"https:\/\/noticiasya.com\/2024\/10\/08\/homicidio-alcalde-chilpancingo-inseguridad-mexico-trax\/","name":"El homicidio del alcalde de Chilpancingo renueva la preocupaci\u00f3n por la seguridad en M\u00e9xico. Esto sabemos - Noticias","isPartOf":{"@id":"https:\/\/noticiasya.com\/#website"},"datePublished":"2024-10-08T09:04:01+00:00","breadcrumb":{"@id":"https:\/\/noticiasya.com\/2024\/10\/08\/homicidio-alcalde-chilpancingo-inseguridad-mexico-trax\/#breadcrumb"},"inLanguage":"es","potentialAction":[{"@type":"ReadAction","target":["https:\/\/noticiasya.com\/2024\/10\/08\/homicidio-alcalde-chilpancingo-inseguridad-mexico-trax\/"]}]},{"@type":"BreadcrumbList","@id":"https:\/\/noticiasya.com\/2024\/10\/08\/homicidio-alcalde-chilpancingo-inseguridad-mexico-trax\/#breadcrumb","itemListElement":[{"@type":"ListItem","position":1,"name":"Home","item":"https:\/\/noticiasya.com\/"},{"@type":"ListItem","position":2,"name":"El homicidio del alcalde de Chilpancingo renueva la preocupaci\u00f3n por la seguridad en M\u00e9xico. Esto sabemos"}]},{"@type":"WebSite","@id":"https:\/\/noticiasya.com\/#website","url":"https:\/\/noticiasya.com\/","name":"Noticias","description":"Lo que importa","publisher":{"@id":"https:\/\/noticiasya.com\/#organization"},"potentialAction":[{"@type":"SearchAction","target":{"@type":"EntryPoint","urlTemplate":"https:\/\/noticiasya.com\/?s={search_term_string}"},"query-input":{"@type":"PropertyValueSpecification","valueRequired":true,"valueName":"search_term_string"}}],"inLanguage":"es"},{"@type":"Organization","@id":"https:\/\/noticiasya.com\/#organization","name":"Noticias","url":"https:\/\/noticiasya.com\/","logo":{"@type":"ImageObject","inLanguage":"es","@id":"https:\/\/noticiasya.com\/#\/schema\/logo\/image\/","url":"https:\/\/noticiasya.com\/wp-content\/uploads\/sites\/22\/2023\/12\/logo-nacional.png","contentUrl":"https:\/\/noticiasya.com\/wp-content\/uploads\/sites\/22\/2023\/12\/logo-nacional.png","width":1801,"height":691,"caption":"Noticias"},"image":{"@id":"https:\/\/noticiasya.com\/#\/schema\/logo\/image\/"}}]}},"parsely":{"version":"1.1.0","canonical_url":"https:\/\/noticiasya.com\/midland-odessa\/2024\/10\/08\/homicidio-alcalde-chilpancingo-inseguridad-mexico-trax\/","smart_links":{"inbound":0,"outbound":0},"traffic_boost_suggestions_count":0,"meta":{"@context":"https:\/\/schema.org","@type":"NewsArticle","headline":"El homicidio del alcalde de Chilpancingo renueva la preocupaci\u00f3n por la seguridad en M\u00e9xico. Esto sabemos","url":"http:\/\/noticiasya.com\/midland-odessa\/2024\/10\/08\/homicidio-alcalde-chilpancingo-inseguridad-mexico-trax\/","mainEntityOfPage":{"@type":"WebPage","@id":"http:\/\/noticiasya.com\/midland-odessa\/2024\/10\/08\/homicidio-alcalde-chilpancingo-inseguridad-mexico-trax\/"},"thumbnailUrl":"","image":{"@type":"ImageObject","url":""},"articleSection":"Noticias Nacionales","author":[],"creator":[],"publisher":{"@type":"Organization","name":"Noticias","logo":""},"keywords":[],"dateCreated":"2024-10-08T09:04:01Z","datePublished":"2024-10-08T09:04:01Z","dateModified":"2024-10-08T09:04:01Z"},"rendered":"<script type=\"application\/ld+json\" class=\"wp-parsely-metadata\">{\"@context\":\"https:\\\/\\\/schema.org\",\"@type\":\"NewsArticle\",\"headline\":\"El homicidio del alcalde de Chilpancingo renueva la preocupaci\\u00f3n por la seguridad en M\\u00e9xico. Esto sabemos\",\"url\":\"http:\\\/\\\/noticiasya.com\\\/midland-odessa\\\/2024\\\/10\\\/08\\\/homicidio-alcalde-chilpancingo-inseguridad-mexico-trax\\\/\",\"mainEntityOfPage\":{\"@type\":\"WebPage\",\"@id\":\"http:\\\/\\\/noticiasya.com\\\/midland-odessa\\\/2024\\\/10\\\/08\\\/homicidio-alcalde-chilpancingo-inseguridad-mexico-trax\\\/\"},\"thumbnailUrl\":\"\",\"image\":{\"@type\":\"ImageObject\",\"url\":\"\"},\"articleSection\":\"Noticias Nacionales\",\"author\":[],\"creator\":[],\"publisher\":{\"@type\":\"Organization\",\"name\":\"Noticias\",\"logo\":\"\"},\"keywords\":[],\"dateCreated\":\"2024-10-08T09:04:01Z\",\"datePublished\":\"2024-10-08T09:04:01Z\",\"dateModified\":\"2024-10-08T09:04:01Z\"}<\/script>","tracker_url":"https:\/\/cdn.parsely.com\/keys\/noticiasya.com\/p.js"},"jetpack_featured_media_url":"","jetpack-related-posts":[{"id":1454976,"url":"https:\/\/noticiasya.com\/midland-odessa\/2024\/10\/07\/fiscalia-guerrero-investiga-homicidio-alcalde-chilpancingo-alejandro-arcos-orix\/","url_meta":{"origin":1454988,"position":0},"title":"Fiscal\u00eda de Guerrero investiga homicidio de alcalde de Chilpancingo, en M\u00e9xico","author":"","date":"octubre 7, 2024","format":false,"excerpt":"(CNN Espa\u00f1ol) -- La Fiscal\u00eda General de Guerrero, M\u00e9xico, inform\u00f3 este domingo que abri\u00f3 una carpeta de investigaci\u00f3n por el homicidio del alcalde de Chilpancingo, Alejandro Arcos.El departamento de comunicaci\u00f3n de la Fiscal\u00eda confirm\u00f3 a CNN que el fallecido es Alejandro Arcos, alcalde de Chilpancingo, capital de Guerrero.Se \"inici\u00f3 carpeta\u2026","rel":"","context":"In &quot;Noticias Nacionales&quot;","block_context":{"text":"Noticias Nacionales","link":"https:\/\/noticiasya.com\/midland-odessa\/categoria\/noticias-nacionales"},"img":{"alt_text":"","src":"","width":0,"height":0},"classes":[]},{"id":1455783,"url":"https:\/\/noticiasya.com\/midland-odessa\/2024\/11\/13\/fiscalia-guerrero-presuento-responsable-asesinato-alcalde-chilpancingo-orix\/","url_meta":{"origin":1454988,"position":1},"title":"Fiscal\u00eda de Guerrero dice haber detenido a presunto responsable del asesinato del alcalde de Chilpancingo","author":"","date":"noviembre 13, 2024","format":false,"excerpt":"(CNN Espa\u00f1ol) --\u00a0La Fiscal\u00eda de Guerrero anunci\u00f3 este martes la detenci\u00f3n de un exfuncionario, al que identific\u00f3 solo como Germ\u00e1n \"N\", de la instituci\u00f3n por su presunta relaci\u00f3n con el asesinato de Alejandro Arcos, alcalde de Chilpancingo \u2015la capital del estado\u2015, ocurrido a inicios de octubre.Chilpancingo exige paz al gobierno\u2026","rel":"","context":"In &quot;Noticias Nacionales&quot;","block_context":{"text":"Noticias Nacionales","link":"https:\/\/noticiasya.com\/midland-odessa\/categoria\/noticias-nacionales"},"img":{"alt_text":"","src":"","width":0,"height":0},"classes":[]},{"id":1468513,"url":"https:\/\/noticiasya.com\/midland-odessa\/2025\/11\/19\/detenido-presunto-autor-intelectual-carlos-manzo-orix\/","url_meta":{"origin":1454988,"position":2},"title":"Detienen a uno de los presuntos autores intelectuales del homicidio de Carlos Manzo, alcalde de Uruapan","author":"","date":"noviembre 19, 2025","format":false,"excerpt":"Uno de los presuntos autores intelectuales del homicidio de Carlos Manzo, alcalde del municipio de Uruapan asesinado el 1 de noviembre, fue detenido este martes en la ciudad de Morelia, capital del estado de Michoac\u00e1n, informaron este mi\u00e9rcoles el secretario de Seguridad y Protecci\u00f3n Ciudadana del Gobierno federal de M\u00e9xico,\u2026","rel":"","context":"In &quot;Noticias Nacionales&quot;","block_context":{"text":"Noticias Nacionales","link":"https:\/\/noticiasya.com\/midland-odessa\/categoria\/noticias-nacionales"},"img":{"alt_text":"","src":"","width":0,"height":0},"classes":[]},{"id":1455048,"url":"https:\/\/noticiasya.com\/midland-odessa\/2024\/10\/12\/denuncia-secuestro-verasategui-tamaulipas-orix\/","url_meta":{"origin":1454988,"position":3},"title":"Investigan denuncia de secuestro del diputado local Vicente Ver\u00e1stegui en el estado mexicano de Tamaulipas","author":"","date":"octubre 12, 2024","format":false,"excerpt":"(CNN Espa\u00f1ol) --Autoridades de M\u00e9xico abrieron este viernes una investigaci\u00f3n por el posible secuestro del diputado local Vicente Ver\u00e1stegui Ostos, presuntamente cometido en Tamaulipas, informaron la Vocer\u00eda de Seguridad y la fiscal\u00eda de ese estado del norte del pa\u00eds.La fiscal\u00eda dijo en un comunicado que, seg\u00fan la denuncia que recibi\u00f3,\u2026","rel":"","context":"In &quot;Noticias Nacionales&quot;","block_context":{"text":"Noticias Nacionales","link":"https:\/\/noticiasya.com\/midland-odessa\/categoria\/noticias-nacionales"},"img":{"alt_text":"","src":"","width":0,"height":0},"classes":[]},{"id":1465743,"url":"https:\/\/noticiasya.com\/midland-odessa\/2025\/08\/21\/supuestos-asesinos-colaboradores-brugada-ciudad-mexico-orix\/","url_meta":{"origin":1454988,"position":4},"title":"Qu\u00e9 se sabe de los supuestos asesinos de los colaboradores de la jefa de Gobierno de Ciudad de M\u00e9xico","author":"","date":"agosto 21, 2025","format":false,"excerpt":"Tres meses despu\u00e9s del asesinato de dos colaboradores cercanos a la jefa de Gobierno de la Ciudad de M\u00e9xico, Clara Brugada, las autoridades revelaron los primeros detalles de la investigaci\u00f3n. Pese a la detenci\u00f3n de 13 personas, a\u00fan quedan dos preguntas clave por responder: \u00bfqui\u00e9nes ordenaron el crimen y por\u2026","rel":"","context":"In &quot;Noticias Nacionales&quot;","block_context":{"text":"Noticias Nacionales","link":"https:\/\/noticiasya.com\/midland-odessa\/categoria\/noticias-nacionales"},"img":{"alt_text":"","src":"","width":0,"height":0},"classes":[]},{"id":1462648,"url":"https:\/\/noticiasya.com\/midland-odessa\/2025\/05\/21\/identifican-4-participantes-homicidio-funcionarios-gobierno-cdmx-orix\/","url_meta":{"origin":1454988,"position":5},"title":"Identifican a 4 supuestos participantes en homicidio de funcionarios cercanos a la jefa de Gobierno de la Ciudad de M\u00e9xico","author":"","date":"mayo 21, 2025","format":false,"excerpt":"Fueron identificados al menos cuatro personas que habr\u00edan participado en el \u201cataque directo y con un grado importante de planeaci\u00f3n\u201d en el que mataron a dos funcionarios del primer c\u00edrculo de la jefa de Gobierno de la Ciudad de M\u00e9xico, Clara Brugada, informaron este mi\u00e9rcoles autoridades de la capital del\u2026","rel":"","context":"In &quot;Noticias Nacionales&quot;","block_context":{"text":"Noticias Nacionales","link":"https:\/\/noticiasya.com\/midland-odessa\/categoria\/noticias-nacionales"},"img":{"alt_text":"","src":"","width":0,"height":0},"classes":[]}],"jetpack_sharing_enabled":true,"_links":{"self":[{"href":"https:\/\/noticiasya.com\/midland-odessa\/wp-json\/wp\/v2\/posts\/1454988","targetHints":{"allow":["GET"]}}],"collection":[{"href":"https:\/\/noticiasya.com\/midland-odessa\/wp-json\/wp\/v2\/posts"}],"about":[{"href":"https:\/\/noticiasya.com\/midland-odessa\/wp-json\/wp\/v2\/types\/post"}],"replies":[{"embeddable":true,"href":"https:\/\/noticiasya.com\/midland-odessa\/wp-json\/wp\/v2\/comments?post=1454988"}],"version-history":[{"count":0,"href":"https:\/\/noticiasya.com\/midland-odessa\/wp-json\/wp\/v2\/posts\/1454988\/revisions"}],"wp:attachment":[{"href":"https:\/\/noticiasya.com\/midland-odessa\/wp-json\/wp\/v2\/media?parent=1454988"}],"wp:term":[{"taxonomy":"category","embeddable":true,"href":"https:\/\/noticiasya.com\/midland-odessa\/wp-json\/wp\/v2\/categories?post=1454988"},{"taxonomy":"post_tag","embeddable":true,"href":"https:\/\/noticiasya.com\/midland-odessa\/wp-json\/wp\/v2\/tags?post=1454988"}],"curies":[{"name":"wp","href":"https:\/\/api.w.org\/{rel}","templated":true}]}}