{"id":1454998,"date":"2024-10-08T17:03:43","date_gmt":"2024-10-09T00:03:43","guid":{"rendered":"https:\/\/noticiasya.com\/2024\/10\/08\/cuba-solicita-ingreso-brics-orix\/"},"modified":"2024-10-08T17:03:43","modified_gmt":"2024-10-09T00:03:43","slug":"cuba-solicita-ingreso-brics-orix","status":"publish","type":"post","link":"https:\/\/noticiasya.com\/midland-odessa\/2024\/10\/08\/cuba-solicita-ingreso-brics-orix\/","title":{"rendered":"Cuba solicita formalmente el ingreso al grupo de los BRICS"},"content":{"rendered":"<p>(CNN Espa\u00f1ol) \u2013\u2013 El Gobierno de Cuba confirm\u00f3 este martes que ha solicitado formalmente el ingreso al grupo de los BRICS, el bloque fundado por Brasil, Rusia, India y China, al que luego se uni\u00f3 Sud\u00e1frica.<\/p>\n<p>El director de Asuntos Bilaterales de la Canciller\u00eda cubana, Carlos M. Pereira, inform\u00f3 en su cuenta de X que La Habana envi\u00f3 una carta al presidente de Rusia, Vladimir Putin, para entrar al grupo. Rusia ocupa en 2024 la presidencia de los BRICS.<\/p>\n<p>Pereira dijo que los BRICS se consolidan como \u201cactor clave en la geopol\u00edtica global y esperanza en la regi\u00f3n\u201d.<\/p>\n<p>El embajador ruso en La Habana, Viktor Coronelli, hab\u00eda adelantado la noticia el domingo. \u201cCuba ha mostrado inter\u00e9s en unirse a los BRICS\u201d, se\u00f1al\u00f3 en declaraciones recogidas por la agencia estatal rusa TASS.<\/p>\n<p>El Gobierno argentino renunci\u00f3 a los BRICS a trav\u00e9s de una carta enviada por el presidente Javier Milei<\/p>\n<p>Coronelli dijo tambi\u00e9n que el presidente de Cuba, Miguel D\u00edaz-Canel, recibi\u00f3 una invitaci\u00f3n para participar en la reuni\u00f3n ampliada paralela a la cumbre de los BRICS, prevista a celebrarse en Kaz\u00e1n, Rusia, del 22 al 24 de octubre.<\/p>\n<p>&#171;En nuestra opini\u00f3n, est\u00e1n interesados \u200b\u200ben casi todos los \u00e1mbitos de actividad del grupo de los BRICS&#187;, se\u00f1al\u00f3 el diplom\u00e1tico ruso. &#171;Y tendremos que esperar la decisi\u00f3n sobre la concesi\u00f3n del estatus de asociaci\u00f3n para ver d\u00f3nde participar\u00e1n m\u00e1s o menos activamente&#187;.<\/p>\n<p>A principios de a\u00f1o, Ir\u00e1n, Arabia Saudita, Emiratos \u00c1rabes Unidos, Etiop\u00eda, Ir\u00e1n y Egipto se unieron formalmente al grupo de los BRICS, mientras que otros pa\u00edses latinoamericanos, como Bolivia, aspiran ingresar al bloque, considerado por algunos de sus defensores como una alternativa al grupo de pa\u00edses desarrollados, conocido como el G7.<\/p>\n<p>The-CNN-Wire<br \/>&trade; &amp; &copy; 2024 Cable News Network, Inc., a Warner Bros. Discovery Company. All rights reserved.<\/p>\n","protected":false},"excerpt":{"rendered":"<p>(CNN Espa\u00f1ol) \u2013\u2013 El Gobierno de Cuba confirm\u00f3 este martes que ha solicitado formalmente el ingreso al grupo de los BRICS, el bloque fundado por Brasil, Rusia, India y China, al que luego se uni\u00f3 Sud\u00e1frica. El director de Asuntos Bilaterales de la Canciller\u00eda cubana, Carlos M. Pereira, inform\u00f3 en su cuenta de X que [&hellip;]<\/p>\n","protected":false},"author":0,"featured_media":0,"comment_status":"open","ping_status":"open","sticky":false,"template":"","format":"standard","meta":{"_jetpack_memberships_contains_paid_content":false,"footnotes":""},"categories":[10],"tags":[],"class_list":["post-1454998","post","type-post","status-publish","format-standard","hentry","category-noticias-nacionales","market-global"],"yoast_head":"<!-- This site is optimized with the Yoast SEO plugin v24.4 - https:\/\/yoast.com\/wordpress\/plugins\/seo\/ -->\n<title>Cuba solicita formalmente el ingreso al grupo de los BRICS - Noticias<\/title>\n<meta name=\"robots\" content=\"index, follow, max-snippet:-1, max-image-preview:large, max-video-preview:-1\" \/>\n<link rel=\"canonical\" href=\"https:\/\/noticiasya.com\/2024\/10\/08\/cuba-solicita-ingreso-brics-orix\/\" \/>\n<meta property=\"og:locale\" content=\"es_ES\" \/>\n<meta property=\"og:type\" content=\"article\" \/>\n<meta property=\"og:title\" content=\"Cuba solicita formalmente el ingreso al grupo de los BRICS - Noticias\" \/>\n<meta property=\"og:description\" content=\"(CNN Espa\u00f1ol) \u2013\u2013 El Gobierno de Cuba confirm\u00f3 este martes que ha solicitado formalmente el ingreso al grupo de los BRICS, el bloque fundado por Brasil, Rusia, India y China, al que luego se uni\u00f3 Sud\u00e1frica. El director de Asuntos Bilaterales de la Canciller\u00eda cubana, Carlos M. Pereira, inform\u00f3 en su cuenta de X que [&hellip;]\" \/>\n<meta property=\"og:url\" content=\"https:\/\/noticiasya.com\/2024\/10\/08\/cuba-solicita-ingreso-brics-orix\/\" \/>\n<meta property=\"og:site_name\" content=\"Noticias\" \/>\n<meta property=\"article:published_time\" content=\"2024-10-09T00:03:43+00:00\" \/>\n<meta name=\"twitter:card\" content=\"summary_large_image\" \/>\n<meta name=\"twitter:label1\" content=\"Est. reading time\" \/>\n\t<meta name=\"twitter:data1\" content=\"2 minutos\" \/>\n<script type=\"application\/ld+json\" class=\"yoast-schema-graph\">{\"@context\":\"https:\/\/schema.org\",\"@graph\":[{\"@type\":\"Article\",\"@id\":\"https:\/\/noticiasya.com\/2024\/10\/08\/cuba-solicita-ingreso-brics-orix\/#article\",\"isPartOf\":{\"@id\":\"https:\/\/noticiasya.com\/2024\/10\/08\/cuba-solicita-ingreso-brics-orix\/\"},\"author\":{\"name\":\"\",\"@id\":\"\"},\"headline\":\"Cuba solicita formalmente el ingreso al grupo de los BRICS\",\"datePublished\":\"2024-10-09T00:03:43+00:00\",\"mainEntityOfPage\":{\"@id\":\"https:\/\/noticiasya.com\/2024\/10\/08\/cuba-solicita-ingreso-brics-orix\/\"},\"wordCount\":332,\"commentCount\":0,\"publisher\":{\"@id\":\"https:\/\/noticiasya.com\/#organization\"},\"articleSection\":[\"Noticias Nacionales\"],\"inLanguage\":\"es\",\"potentialAction\":[{\"@type\":\"CommentAction\",\"name\":\"Comment\",\"target\":[\"https:\/\/noticiasya.com\/2024\/10\/08\/cuba-solicita-ingreso-brics-orix\/#respond\"]}]},{\"@type\":\"WebPage\",\"@id\":\"https:\/\/noticiasya.com\/2024\/10\/08\/cuba-solicita-ingreso-brics-orix\/\",\"url\":\"https:\/\/noticiasya.com\/2024\/10\/08\/cuba-solicita-ingreso-brics-orix\/\",\"name\":\"Cuba solicita formalmente el ingreso al grupo de los BRICS - Noticias\",\"isPartOf\":{\"@id\":\"https:\/\/noticiasya.com\/#website\"},\"datePublished\":\"2024-10-09T00:03:43+00:00\",\"breadcrumb\":{\"@id\":\"https:\/\/noticiasya.com\/2024\/10\/08\/cuba-solicita-ingreso-brics-orix\/#breadcrumb\"},\"inLanguage\":\"es\",\"potentialAction\":[{\"@type\":\"ReadAction\",\"target\":[\"https:\/\/noticiasya.com\/2024\/10\/08\/cuba-solicita-ingreso-brics-orix\/\"]}]},{\"@type\":\"BreadcrumbList\",\"@id\":\"https:\/\/noticiasya.com\/2024\/10\/08\/cuba-solicita-ingreso-brics-orix\/#breadcrumb\",\"itemListElement\":[{\"@type\":\"ListItem\",\"position\":1,\"name\":\"Home\",\"item\":\"https:\/\/noticiasya.com\/\"},{\"@type\":\"ListItem\",\"position\":2,\"name\":\"Cuba solicita formalmente el ingreso al grupo de los BRICS\"}]},{\"@type\":\"WebSite\",\"@id\":\"https:\/\/noticiasya.com\/#website\",\"url\":\"https:\/\/noticiasya.com\/\",\"name\":\"Noticias\",\"description\":\"Lo que importa\",\"publisher\":{\"@id\":\"https:\/\/noticiasya.com\/#organization\"},\"potentialAction\":[{\"@type\":\"SearchAction\",\"target\":{\"@type\":\"EntryPoint\",\"urlTemplate\":\"https:\/\/noticiasya.com\/?s={search_term_string}\"},\"query-input\":{\"@type\":\"PropertyValueSpecification\",\"valueRequired\":true,\"valueName\":\"search_term_string\"}}],\"inLanguage\":\"es\"},{\"@type\":\"Organization\",\"@id\":\"https:\/\/noticiasya.com\/#organization\",\"name\":\"Noticias\",\"url\":\"https:\/\/noticiasya.com\/\",\"logo\":{\"@type\":\"ImageObject\",\"inLanguage\":\"es\",\"@id\":\"https:\/\/noticiasya.com\/#\/schema\/logo\/image\/\",\"url\":\"https:\/\/noticiasya.com\/wp-content\/uploads\/sites\/22\/2023\/12\/logo-nacional.png\",\"contentUrl\":\"https:\/\/noticiasya.com\/wp-content\/uploads\/sites\/22\/2023\/12\/logo-nacional.png\",\"width\":1801,\"height\":691,\"caption\":\"Noticias\"},\"image\":{\"@id\":\"https:\/\/noticiasya.com\/#\/schema\/logo\/image\/\"}}]}<\/script>\n<!-- \/ Yoast SEO plugin. -->","yoast_head_json":{"title":"Cuba solicita formalmente el ingreso al grupo de los BRICS - Noticias","robots":{"index":"index","follow":"follow","max-snippet":"max-snippet:-1","max-image-preview":"max-image-preview:large","max-video-preview":"max-video-preview:-1"},"canonical":"https:\/\/noticiasya.com\/2024\/10\/08\/cuba-solicita-ingreso-brics-orix\/","og_locale":"es_ES","og_type":"article","og_title":"Cuba solicita formalmente el ingreso al grupo de los BRICS - Noticias","og_description":"(CNN Espa\u00f1ol) \u2013\u2013 El Gobierno de Cuba confirm\u00f3 este martes que ha solicitado formalmente el ingreso al grupo de los BRICS, el bloque fundado por Brasil, Rusia, India y China, al que luego se uni\u00f3 Sud\u00e1frica. El director de Asuntos Bilaterales de la Canciller\u00eda cubana, Carlos M. Pereira, inform\u00f3 en su cuenta de X que [&hellip;]","og_url":"https:\/\/noticiasya.com\/2024\/10\/08\/cuba-solicita-ingreso-brics-orix\/","og_site_name":"Noticias","article_published_time":"2024-10-09T00:03:43+00:00","twitter_card":"summary_large_image","twitter_misc":{"Est. reading time":"2 minutos"},"schema":{"@context":"https:\/\/schema.org","@graph":[{"@type":"Article","@id":"https:\/\/noticiasya.com\/2024\/10\/08\/cuba-solicita-ingreso-brics-orix\/#article","isPartOf":{"@id":"https:\/\/noticiasya.com\/2024\/10\/08\/cuba-solicita-ingreso-brics-orix\/"},"author":{"name":"","@id":""},"headline":"Cuba solicita formalmente el ingreso al grupo de los BRICS","datePublished":"2024-10-09T00:03:43+00:00","mainEntityOfPage":{"@id":"https:\/\/noticiasya.com\/2024\/10\/08\/cuba-solicita-ingreso-brics-orix\/"},"wordCount":332,"commentCount":0,"publisher":{"@id":"https:\/\/noticiasya.com\/#organization"},"articleSection":["Noticias Nacionales"],"inLanguage":"es","potentialAction":[{"@type":"CommentAction","name":"Comment","target":["https:\/\/noticiasya.com\/2024\/10\/08\/cuba-solicita-ingreso-brics-orix\/#respond"]}]},{"@type":"WebPage","@id":"https:\/\/noticiasya.com\/2024\/10\/08\/cuba-solicita-ingreso-brics-orix\/","url":"https:\/\/noticiasya.com\/2024\/10\/08\/cuba-solicita-ingreso-brics-orix\/","name":"Cuba solicita formalmente el ingreso al grupo de los BRICS - Noticias","isPartOf":{"@id":"https:\/\/noticiasya.com\/#website"},"datePublished":"2024-10-09T00:03:43+00:00","breadcrumb":{"@id":"https:\/\/noticiasya.com\/2024\/10\/08\/cuba-solicita-ingreso-brics-orix\/#breadcrumb"},"inLanguage":"es","potentialAction":[{"@type":"ReadAction","target":["https:\/\/noticiasya.com\/2024\/10\/08\/cuba-solicita-ingreso-brics-orix\/"]}]},{"@type":"BreadcrumbList","@id":"https:\/\/noticiasya.com\/2024\/10\/08\/cuba-solicita-ingreso-brics-orix\/#breadcrumb","itemListElement":[{"@type":"ListItem","position":1,"name":"Home","item":"https:\/\/noticiasya.com\/"},{"@type":"ListItem","position":2,"name":"Cuba solicita formalmente el ingreso al grupo de los BRICS"}]},{"@type":"WebSite","@id":"https:\/\/noticiasya.com\/#website","url":"https:\/\/noticiasya.com\/","name":"Noticias","description":"Lo que importa","publisher":{"@id":"https:\/\/noticiasya.com\/#organization"},"potentialAction":[{"@type":"SearchAction","target":{"@type":"EntryPoint","urlTemplate":"https:\/\/noticiasya.com\/?s={search_term_string}"},"query-input":{"@type":"PropertyValueSpecification","valueRequired":true,"valueName":"search_term_string"}}],"inLanguage":"es"},{"@type":"Organization","@id":"https:\/\/noticiasya.com\/#organization","name":"Noticias","url":"https:\/\/noticiasya.com\/","logo":{"@type":"ImageObject","inLanguage":"es","@id":"https:\/\/noticiasya.com\/#\/schema\/logo\/image\/","url":"https:\/\/noticiasya.com\/wp-content\/uploads\/sites\/22\/2023\/12\/logo-nacional.png","contentUrl":"https:\/\/noticiasya.com\/wp-content\/uploads\/sites\/22\/2023\/12\/logo-nacional.png","width":1801,"height":691,"caption":"Noticias"},"image":{"@id":"https:\/\/noticiasya.com\/#\/schema\/logo\/image\/"}}]}},"parsely":{"version":"1.1.0","canonical_url":"https:\/\/noticiasya.com\/midland-odessa\/2024\/10\/08\/cuba-solicita-ingreso-brics-orix\/","smart_links":{"inbound":0,"outbound":0},"traffic_boost_suggestions_count":0,"meta":{"@context":"https:\/\/schema.org","@type":"NewsArticle","headline":"Cuba solicita formalmente el ingreso al grupo de los BRICS","url":"http:\/\/noticiasya.com\/midland-odessa\/2024\/10\/08\/cuba-solicita-ingreso-brics-orix\/","mainEntityOfPage":{"@type":"WebPage","@id":"http:\/\/noticiasya.com\/midland-odessa\/2024\/10\/08\/cuba-solicita-ingreso-brics-orix\/"},"thumbnailUrl":"","image":{"@type":"ImageObject","url":""},"articleSection":"Noticias Nacionales","author":[],"creator":[],"publisher":{"@type":"Organization","name":"Noticias","logo":""},"keywords":[],"dateCreated":"2024-10-09T00:03:43Z","datePublished":"2024-10-09T00:03:43Z","dateModified":"2024-10-09T00:03:43Z"},"rendered":"<script type=\"application\/ld+json\" class=\"wp-parsely-metadata\">{\"@context\":\"https:\\\/\\\/schema.org\",\"@type\":\"NewsArticle\",\"headline\":\"Cuba solicita formalmente el ingreso al grupo de los BRICS\",\"url\":\"http:\\\/\\\/noticiasya.com\\\/midland-odessa\\\/2024\\\/10\\\/08\\\/cuba-solicita-ingreso-brics-orix\\\/\",\"mainEntityOfPage\":{\"@type\":\"WebPage\",\"@id\":\"http:\\\/\\\/noticiasya.com\\\/midland-odessa\\\/2024\\\/10\\\/08\\\/cuba-solicita-ingreso-brics-orix\\\/\"},\"thumbnailUrl\":\"\",\"image\":{\"@type\":\"ImageObject\",\"url\":\"\"},\"articleSection\":\"Noticias Nacionales\",\"author\":[],\"creator\":[],\"publisher\":{\"@type\":\"Organization\",\"name\":\"Noticias\",\"logo\":\"\"},\"keywords\":[],\"dateCreated\":\"2024-10-09T00:03:43Z\",\"datePublished\":\"2024-10-09T00:03:43Z\",\"dateModified\":\"2024-10-09T00:03:43Z\"}<\/script>","tracker_url":"https:\/\/cdn.parsely.com\/keys\/noticiasya.com\/p.js"},"jetpack_featured_media_url":"","jetpack-related-posts":[{"id":1448556,"url":"https:\/\/noticiasya.com\/midland-odessa\/2024\/04\/26\/rusia-apoyo-bolivia-brics-orix\/","url_meta":{"origin":1454998,"position":0},"title":"Rusia expresa su apoyo a las aspiraciones de Bolivia para ingresar al grupo BRICS","author":"","date":"abril 26, 2024","format":false,"excerpt":"(CNN Espa\u00f1ol) -- El ministro de Asuntos Exteriores de Rusia, Sergey Lavrov, anunci\u00f3 este viernes que Mosc\u00fa apoya las aspiraciones de Bolivia de unirse al grupo BRICS, en una conferencia de prensa con su par boliviana, Celinda Sosa, de visita oficial en ese pa\u00eds.Lavrov dijo tambi\u00e9n que Rusia apoya los\u2026","rel":"","context":"In &quot;Noticias Nacionales&quot;","block_context":{"text":"Noticias Nacionales","link":"https:\/\/noticiasya.com\/midland-odessa\/categoria\/noticias-nacionales"},"img":{"alt_text":"","src":"","width":0,"height":0},"classes":[]},{"id":1455316,"url":"https:\/\/noticiasya.com\/midland-odessa\/2024\/10\/23\/reunion-maduro-putin-cumbre-brics-orix\/","url_meta":{"origin":1454998,"position":1},"title":"Maduro se re\u00fane con Putin durante cumbre de los BRICS en Rusia; a\u00fan no se define la integraci\u00f3n de Venezuela al bloque","author":"","date":"octubre 23, 2024","format":false,"excerpt":"(CNN Espa\u00f1ol) -- El presidente de Venezuela, Nicol\u00e1s Maduro, sostuvo este mi\u00e9rcoles un encuentro bilateral con su par de Rusia, Vladimir Putin, quien reconoci\u00f3 al pa\u00eds sudamericano como \"uno de los viejos y fiables socios de Rusia en Am\u00e9rica Latina y en el mundo en general\". Maduro est\u00e1 desde el\u2026","rel":"","context":"In &quot;Noticias Nacionales&quot;","block_context":{"text":"Noticias Nacionales","link":"https:\/\/noticiasya.com\/midland-odessa\/categoria\/noticias-nacionales"},"img":{"alt_text":"","src":"","width":0,"height":0},"classes":[]},{"id":1442866,"url":"https:\/\/noticiasya.com\/midland-odessa\/2023\/12\/29\/el-gobierno-argentino-renuncio-a-los-brics-a-traves-de-una-carta-enviada-por-el-presidente-javier-milei\/","url_meta":{"origin":1454998,"position":2},"title":"El Gobierno argentino renunci\u00f3 a los BRICS a trav\u00e9s de una carta enviada por el presidente Javier Milei","author":"","date":"diciembre 29, 2023","format":false,"excerpt":"(CNN Espa\u00f1ol) -- El Gobierno de Javier Milei renunci\u00f3 a la membres\u00eda de Argentina al bloque de los BRICS \u2014la alianza econ\u00f3mica, pol\u00edtica y social conformada hasta ahora por Brasil, Rusia, la India, China y Sud\u00e1frica\u2014, apenas d\u00edas antes de que el ingreso acordado por el expresidente Alberto Fern\u00e1ndez entrase\u2026","rel":"","context":"In &quot;Noticias Nacionales&quot;","block_context":{"text":"Noticias Nacionales","link":"https:\/\/noticiasya.com\/midland-odessa\/categoria\/noticias-nacionales"},"img":{"alt_text":"","src":"","width":0,"height":0},"classes":[]},{"id":1464249,"url":"https:\/\/noticiasya.com\/midland-odessa\/2025\/07\/05\/claves-cumbre-brics-rio-janeiro-efe\/","url_meta":{"origin":1454998,"position":3},"title":"Diez claves para entender la cumbre de los BRICS en R\u00edo de Janeiro","author":"","date":"julio 5, 2025","format":false,"excerpt":"La XVII Cumbre de Jefes de Estado y de Gobierno de los BRICS, bajo la presidencia brasile\u00f1a, se celebrar\u00e1 en R\u00edo de Janeiro los d\u00edas 6 y 7 de julio.Algunas claves para entender lo que viene:El bloque de los BRICS fue formado inicialmente por Brasil, Rusia, India, China y Sud\u00e1frica.En\u2026","rel":"","context":"In &quot;Noticias Nacionales&quot;","block_context":{"text":"Noticias Nacionales","link":"https:\/\/noticiasya.com\/midland-odessa\/categoria\/noticias-nacionales"},"img":{"alt_text":"","src":"","width":0,"height":0},"classes":[]},{"id":1455334,"url":"https:\/\/noticiasya.com\/midland-odessa\/2024\/10\/24\/brasil-salvoconducto-opositores-embajada-argentina-caracas-orix\/","url_meta":{"origin":1454998,"position":4},"title":"Brasil espera un salvoconducto para los opositores refugiados en la embajada argentina en Caracas, reporta CNN Brasil","author":"","date":"octubre 24, 2024","format":false,"excerpt":"(CNN Espa\u00f1ol) --\u00a0El ministro de Relaciones Exteriores de Brasil, Mauro Vieira, dijo este mi\u00e9rcoles en Kazan, donde se celebra la cumbre de los BRICS, que espera que\u00a0el gobierno de Nicol\u00e1s Maduro\u00a0facilite un salvoconducto para los seis opositores asilados en la embajada argentina en Caracas, de acuerdo con un reporte de\u2026","rel":"","context":"In &quot;Noticias Nacionales&quot;","block_context":{"text":"Noticias Nacionales","link":"https:\/\/noticiasya.com\/midland-odessa\/categoria\/noticias-nacionales"},"img":{"alt_text":"","src":"","width":0,"height":0},"classes":[]},{"id":1443298,"url":"https:\/\/noticiasya.com\/midland-odessa\/2024\/01\/07\/que-es-el-brics-que-paises-lo-integran-y-que-funcion-tiene\/","url_meta":{"origin":1454998,"position":5},"title":"\u00bfQu\u00e9 es el BRICS, qu\u00e9 pa\u00edses lo integran y qu\u00e9 funci\u00f3n tiene?","author":"","date":"enero 7, 2024","format":false,"excerpt":"(CNN Espa\u00f1ol) \u2013 El bloque BRICS es una alianza econ\u00f3mica, pol\u00edtica y social integrada por Brasil, Rusia, India, China y Sud\u00e1frica. Las primeras letras de cada pa\u00eds dieron el nombre al bloque que celebr\u00f3 su primera reuni\u00f3n ministerial en septiembre de 2006.Seg\u00fan su sitio web, BRICS es un grupo informal\u2026","rel":"","context":"In &quot;Noticias Nacionales&quot;","block_context":{"text":"Noticias Nacionales","link":"https:\/\/noticiasya.com\/midland-odessa\/categoria\/noticias-nacionales"},"img":{"alt_text":"","src":"","width":0,"height":0},"classes":[]}],"jetpack_sharing_enabled":true,"_links":{"self":[{"href":"https:\/\/noticiasya.com\/midland-odessa\/wp-json\/wp\/v2\/posts\/1454998","targetHints":{"allow":["GET"]}}],"collection":[{"href":"https:\/\/noticiasya.com\/midland-odessa\/wp-json\/wp\/v2\/posts"}],"about":[{"href":"https:\/\/noticiasya.com\/midland-odessa\/wp-json\/wp\/v2\/types\/post"}],"replies":[{"embeddable":true,"href":"https:\/\/noticiasya.com\/midland-odessa\/wp-json\/wp\/v2\/comments?post=1454998"}],"version-history":[{"count":0,"href":"https:\/\/noticiasya.com\/midland-odessa\/wp-json\/wp\/v2\/posts\/1454998\/revisions"}],"wp:attachment":[{"href":"https:\/\/noticiasya.com\/midland-odessa\/wp-json\/wp\/v2\/media?parent=1454998"}],"wp:term":[{"taxonomy":"category","embeddable":true,"href":"https:\/\/noticiasya.com\/midland-odessa\/wp-json\/wp\/v2\/categories?post=1454998"},{"taxonomy":"post_tag","embeddable":true,"href":"https:\/\/noticiasya.com\/midland-odessa\/wp-json\/wp\/v2\/tags?post=1454998"}],"curies":[{"name":"wp","href":"https:\/\/api.w.org\/{rel}","templated":true}]}}