{"id":1455002,"date":"2024-10-08T20:03:53","date_gmt":"2024-10-09T03:03:53","guid":{"rendered":"https:\/\/noticiasya.com\/2024\/10\/08\/condenan-prision-fabricio-colon-pico-intimidacion-fiscal-orix\/"},"modified":"2024-10-08T20:03:53","modified_gmt":"2024-10-09T03:03:53","slug":"condenan-prision-fabricio-colon-pico-intimidacion-fiscal-orix","status":"publish","type":"post","link":"https:\/\/noticiasya.com\/midland-odessa\/2024\/10\/08\/condenan-prision-fabricio-colon-pico-intimidacion-fiscal-orix\/","title":{"rendered":"Condenan a 5 a\u00f1os de prisi\u00f3n a Fabricio Col\u00f3n Pico por intimidaci\u00f3n a la fiscal de Ecuador Diana Salazar"},"content":{"rendered":"<p>(CNN Espa\u00f1ol) &#8212; Un tribunal de Ecuador declar\u00f3 este martes culpable del delito de intimidaci\u00f3n a Fabricio Col\u00f3n Pico y lo sentenci\u00f3 a cinco a\u00f1os de prisi\u00f3n, por el env\u00edo de amenazas de muerte a la fiscal general del Estado, Diana Salazar.<\/p>\n<p>Col\u00f3n Pico, miembro de la banda delictiva de Los Lobos, enfrent\u00f3 una semana de juicio, per\u00edodo en el que la Fiscal\u00eda present\u00f3 pruebas y testimonios que advert\u00edan sobre amenazas a la vida de Salazar y de su hija.<\/p>\n<p>Un video que mostraba hombres encapuchados con armas, enviado al tel\u00e9fono de la fiscal, fue clave durante el juicio. El cotejamiento y pericia de la voz de las amenazas en el video demuestran que fue grabado por Col\u00f3n Pico, seg\u00fan determin\u00f3 el an\u00e1lisis de los investigadores del caso.<\/p>\n<p>Diana Salazar: Con el crimen del fiscal Su\u00e1rez, el crimen organizado busca debilitar a la Fiscal\u00eda<\/p>\n<p>La Fiscal\u00eda inform\u00f3 a CNN que durante el juicio Col\u00f3n Pico rechaz\u00f3 los se\u00f1alamientos en su contra y neg\u00f3 que el audio del video corresponda a su voz. Insisti\u00f3 en que no ha planificado un atentado contra la vida de la fiscal y su familia.<\/p>\n<p>Col\u00f3n Pico \u2015que era uno de los hombres m\u00e1s buscados del pa\u00eds\u2015 se hab\u00eda fugado de la c\u00e1rcel de Riobamba el pasado 8 de enero, en medio de los hechos de violencia en Ecuador que llevaron al Gobierno a decretar el estado de excepci\u00f3n por grave conmoci\u00f3n interna, el cual sigue vigente.<\/p>\n<p>El 22 de abril, Col\u00f3n Pico fue arrestado de nuevo por la Polic\u00eda en la zona de Puerto Quito, en la provincia de Pichincha, luego de obtener informaci\u00f3n que ayud\u00f3 a su detenci\u00f3n a trav\u00e9s de una l\u00ednea telef\u00f3nica habilitada para denunciar a presuntos criminales o bandas delictivas.<\/p>\n<p>Seg\u00fan la Polic\u00eda, alias Capit\u00e1n Pico enfrenta adem\u00e1s unos 21 procesos por varios delitos, como delincuencia organizada, asociaci\u00f3n il\u00edcita, tr\u00e1fico de armas y drogas, robo, entre otros.<\/p>\n<p>The-CNN-Wire<br \/>&trade; &amp; &copy; 2024 Cable News Network, Inc., a Warner Bros. Discovery Company. All rights reserved.<\/p>\n","protected":false},"excerpt":{"rendered":"<p>(CNN Espa\u00f1ol) &#8212; Un tribunal de Ecuador declar\u00f3 este martes culpable del delito de intimidaci\u00f3n a Fabricio Col\u00f3n Pico y lo sentenci\u00f3 a cinco a\u00f1os de prisi\u00f3n, por el env\u00edo de amenazas de muerte a la fiscal general del Estado, Diana Salazar. Col\u00f3n Pico, miembro de la banda delictiva de Los Lobos, enfrent\u00f3 una semana [&hellip;]<\/p>\n","protected":false},"author":0,"featured_media":0,"comment_status":"open","ping_status":"open","sticky":false,"template":"","format":"standard","meta":{"_jetpack_memberships_contains_paid_content":false,"footnotes":""},"categories":[10],"tags":[],"class_list":["post-1455002","post","type-post","status-publish","format-standard","hentry","category-noticias-nacionales","market-global"],"yoast_head":"<!-- This site is optimized with the Yoast SEO plugin v24.4 - https:\/\/yoast.com\/wordpress\/plugins\/seo\/ -->\n<title>Condenan a 5 a\u00f1os de prisi\u00f3n a Fabricio Col\u00f3n Pico por intimidaci\u00f3n a la fiscal de Ecuador Diana Salazar - Noticias<\/title>\n<meta name=\"robots\" content=\"index, follow, max-snippet:-1, max-image-preview:large, max-video-preview:-1\" \/>\n<link rel=\"canonical\" href=\"https:\/\/noticiasya.com\/2024\/10\/08\/condenan-prision-fabricio-colon-pico-intimidacion-fiscal-orix\/\" \/>\n<meta property=\"og:locale\" content=\"es_ES\" \/>\n<meta property=\"og:type\" content=\"article\" \/>\n<meta property=\"og:title\" content=\"Condenan a 5 a\u00f1os de prisi\u00f3n a Fabricio Col\u00f3n Pico por intimidaci\u00f3n a la fiscal de Ecuador Diana Salazar - Noticias\" \/>\n<meta property=\"og:description\" content=\"(CNN Espa\u00f1ol) &#8212; Un tribunal de Ecuador declar\u00f3 este martes culpable del delito de intimidaci\u00f3n a Fabricio Col\u00f3n Pico y lo sentenci\u00f3 a cinco a\u00f1os de prisi\u00f3n, por el env\u00edo de amenazas de muerte a la fiscal general del Estado, Diana Salazar. Col\u00f3n Pico, miembro de la banda delictiva de Los Lobos, enfrent\u00f3 una semana [&hellip;]\" \/>\n<meta property=\"og:url\" content=\"https:\/\/noticiasya.com\/2024\/10\/08\/condenan-prision-fabricio-colon-pico-intimidacion-fiscal-orix\/\" \/>\n<meta property=\"og:site_name\" content=\"Noticias\" \/>\n<meta property=\"article:published_time\" content=\"2024-10-09T03:03:53+00:00\" \/>\n<meta name=\"twitter:card\" content=\"summary_large_image\" \/>\n<meta name=\"twitter:label1\" content=\"Est. reading time\" \/>\n\t<meta name=\"twitter:data1\" content=\"2 minutos\" \/>\n<script type=\"application\/ld+json\" class=\"yoast-schema-graph\">{\"@context\":\"https:\/\/schema.org\",\"@graph\":[{\"@type\":\"Article\",\"@id\":\"https:\/\/noticiasya.com\/2024\/10\/08\/condenan-prision-fabricio-colon-pico-intimidacion-fiscal-orix\/#article\",\"isPartOf\":{\"@id\":\"https:\/\/noticiasya.com\/2024\/10\/08\/condenan-prision-fabricio-colon-pico-intimidacion-fiscal-orix\/\"},\"author\":{\"name\":\"\",\"@id\":\"\"},\"headline\":\"Condenan a 5 a\u00f1os de prisi\u00f3n a Fabricio Col\u00f3n Pico por intimidaci\u00f3n a la fiscal de Ecuador Diana Salazar\",\"datePublished\":\"2024-10-09T03:03:53+00:00\",\"mainEntityOfPage\":{\"@id\":\"https:\/\/noticiasya.com\/2024\/10\/08\/condenan-prision-fabricio-colon-pico-intimidacion-fiscal-orix\/\"},\"wordCount\":391,\"commentCount\":0,\"publisher\":{\"@id\":\"https:\/\/noticiasya.com\/#organization\"},\"articleSection\":[\"Noticias Nacionales\"],\"inLanguage\":\"es\",\"potentialAction\":[{\"@type\":\"CommentAction\",\"name\":\"Comment\",\"target\":[\"https:\/\/noticiasya.com\/2024\/10\/08\/condenan-prision-fabricio-colon-pico-intimidacion-fiscal-orix\/#respond\"]}]},{\"@type\":\"WebPage\",\"@id\":\"https:\/\/noticiasya.com\/2024\/10\/08\/condenan-prision-fabricio-colon-pico-intimidacion-fiscal-orix\/\",\"url\":\"https:\/\/noticiasya.com\/2024\/10\/08\/condenan-prision-fabricio-colon-pico-intimidacion-fiscal-orix\/\",\"name\":\"Condenan a 5 a\u00f1os de prisi\u00f3n a Fabricio Col\u00f3n Pico por intimidaci\u00f3n a la fiscal de Ecuador Diana Salazar - Noticias\",\"isPartOf\":{\"@id\":\"https:\/\/noticiasya.com\/#website\"},\"datePublished\":\"2024-10-09T03:03:53+00:00\",\"breadcrumb\":{\"@id\":\"https:\/\/noticiasya.com\/2024\/10\/08\/condenan-prision-fabricio-colon-pico-intimidacion-fiscal-orix\/#breadcrumb\"},\"inLanguage\":\"es\",\"potentialAction\":[{\"@type\":\"ReadAction\",\"target\":[\"https:\/\/noticiasya.com\/2024\/10\/08\/condenan-prision-fabricio-colon-pico-intimidacion-fiscal-orix\/\"]}]},{\"@type\":\"BreadcrumbList\",\"@id\":\"https:\/\/noticiasya.com\/2024\/10\/08\/condenan-prision-fabricio-colon-pico-intimidacion-fiscal-orix\/#breadcrumb\",\"itemListElement\":[{\"@type\":\"ListItem\",\"position\":1,\"name\":\"Home\",\"item\":\"https:\/\/noticiasya.com\/\"},{\"@type\":\"ListItem\",\"position\":2,\"name\":\"Condenan a 5 a\u00f1os de prisi\u00f3n a Fabricio Col\u00f3n Pico por intimidaci\u00f3n a la fiscal de Ecuador Diana Salazar\"}]},{\"@type\":\"WebSite\",\"@id\":\"https:\/\/noticiasya.com\/#website\",\"url\":\"https:\/\/noticiasya.com\/\",\"name\":\"Noticias\",\"description\":\"Lo que importa\",\"publisher\":{\"@id\":\"https:\/\/noticiasya.com\/#organization\"},\"potentialAction\":[{\"@type\":\"SearchAction\",\"target\":{\"@type\":\"EntryPoint\",\"urlTemplate\":\"https:\/\/noticiasya.com\/?s={search_term_string}\"},\"query-input\":{\"@type\":\"PropertyValueSpecification\",\"valueRequired\":true,\"valueName\":\"search_term_string\"}}],\"inLanguage\":\"es\"},{\"@type\":\"Organization\",\"@id\":\"https:\/\/noticiasya.com\/#organization\",\"name\":\"Noticias\",\"url\":\"https:\/\/noticiasya.com\/\",\"logo\":{\"@type\":\"ImageObject\",\"inLanguage\":\"es\",\"@id\":\"https:\/\/noticiasya.com\/#\/schema\/logo\/image\/\",\"url\":\"https:\/\/noticiasya.com\/wp-content\/uploads\/sites\/22\/2023\/12\/logo-nacional.png\",\"contentUrl\":\"https:\/\/noticiasya.com\/wp-content\/uploads\/sites\/22\/2023\/12\/logo-nacional.png\",\"width\":1801,\"height\":691,\"caption\":\"Noticias\"},\"image\":{\"@id\":\"https:\/\/noticiasya.com\/#\/schema\/logo\/image\/\"}}]}<\/script>\n<!-- \/ Yoast SEO plugin. -->","yoast_head_json":{"title":"Condenan a 5 a\u00f1os de prisi\u00f3n a Fabricio Col\u00f3n Pico por intimidaci\u00f3n a la fiscal de Ecuador Diana Salazar - Noticias","robots":{"index":"index","follow":"follow","max-snippet":"max-snippet:-1","max-image-preview":"max-image-preview:large","max-video-preview":"max-video-preview:-1"},"canonical":"https:\/\/noticiasya.com\/2024\/10\/08\/condenan-prision-fabricio-colon-pico-intimidacion-fiscal-orix\/","og_locale":"es_ES","og_type":"article","og_title":"Condenan a 5 a\u00f1os de prisi\u00f3n a Fabricio Col\u00f3n Pico por intimidaci\u00f3n a la fiscal de Ecuador Diana Salazar - Noticias","og_description":"(CNN Espa\u00f1ol) &#8212; Un tribunal de Ecuador declar\u00f3 este martes culpable del delito de intimidaci\u00f3n a Fabricio Col\u00f3n Pico y lo sentenci\u00f3 a cinco a\u00f1os de prisi\u00f3n, por el env\u00edo de amenazas de muerte a la fiscal general del Estado, Diana Salazar. Col\u00f3n Pico, miembro de la banda delictiva de Los Lobos, enfrent\u00f3 una semana [&hellip;]","og_url":"https:\/\/noticiasya.com\/2024\/10\/08\/condenan-prision-fabricio-colon-pico-intimidacion-fiscal-orix\/","og_site_name":"Noticias","article_published_time":"2024-10-09T03:03:53+00:00","twitter_card":"summary_large_image","twitter_misc":{"Est. reading time":"2 minutos"},"schema":{"@context":"https:\/\/schema.org","@graph":[{"@type":"Article","@id":"https:\/\/noticiasya.com\/2024\/10\/08\/condenan-prision-fabricio-colon-pico-intimidacion-fiscal-orix\/#article","isPartOf":{"@id":"https:\/\/noticiasya.com\/2024\/10\/08\/condenan-prision-fabricio-colon-pico-intimidacion-fiscal-orix\/"},"author":{"name":"","@id":""},"headline":"Condenan a 5 a\u00f1os de prisi\u00f3n a Fabricio Col\u00f3n Pico por intimidaci\u00f3n a la fiscal de Ecuador Diana Salazar","datePublished":"2024-10-09T03:03:53+00:00","mainEntityOfPage":{"@id":"https:\/\/noticiasya.com\/2024\/10\/08\/condenan-prision-fabricio-colon-pico-intimidacion-fiscal-orix\/"},"wordCount":391,"commentCount":0,"publisher":{"@id":"https:\/\/noticiasya.com\/#organization"},"articleSection":["Noticias Nacionales"],"inLanguage":"es","potentialAction":[{"@type":"CommentAction","name":"Comment","target":["https:\/\/noticiasya.com\/2024\/10\/08\/condenan-prision-fabricio-colon-pico-intimidacion-fiscal-orix\/#respond"]}]},{"@type":"WebPage","@id":"https:\/\/noticiasya.com\/2024\/10\/08\/condenan-prision-fabricio-colon-pico-intimidacion-fiscal-orix\/","url":"https:\/\/noticiasya.com\/2024\/10\/08\/condenan-prision-fabricio-colon-pico-intimidacion-fiscal-orix\/","name":"Condenan a 5 a\u00f1os de prisi\u00f3n a Fabricio Col\u00f3n Pico por intimidaci\u00f3n a la fiscal de Ecuador Diana Salazar - Noticias","isPartOf":{"@id":"https:\/\/noticiasya.com\/#website"},"datePublished":"2024-10-09T03:03:53+00:00","breadcrumb":{"@id":"https:\/\/noticiasya.com\/2024\/10\/08\/condenan-prision-fabricio-colon-pico-intimidacion-fiscal-orix\/#breadcrumb"},"inLanguage":"es","potentialAction":[{"@type":"ReadAction","target":["https:\/\/noticiasya.com\/2024\/10\/08\/condenan-prision-fabricio-colon-pico-intimidacion-fiscal-orix\/"]}]},{"@type":"BreadcrumbList","@id":"https:\/\/noticiasya.com\/2024\/10\/08\/condenan-prision-fabricio-colon-pico-intimidacion-fiscal-orix\/#breadcrumb","itemListElement":[{"@type":"ListItem","position":1,"name":"Home","item":"https:\/\/noticiasya.com\/"},{"@type":"ListItem","position":2,"name":"Condenan a 5 a\u00f1os de prisi\u00f3n a Fabricio Col\u00f3n Pico por intimidaci\u00f3n a la fiscal de Ecuador Diana Salazar"}]},{"@type":"WebSite","@id":"https:\/\/noticiasya.com\/#website","url":"https:\/\/noticiasya.com\/","name":"Noticias","description":"Lo que importa","publisher":{"@id":"https:\/\/noticiasya.com\/#organization"},"potentialAction":[{"@type":"SearchAction","target":{"@type":"EntryPoint","urlTemplate":"https:\/\/noticiasya.com\/?s={search_term_string}"},"query-input":{"@type":"PropertyValueSpecification","valueRequired":true,"valueName":"search_term_string"}}],"inLanguage":"es"},{"@type":"Organization","@id":"https:\/\/noticiasya.com\/#organization","name":"Noticias","url":"https:\/\/noticiasya.com\/","logo":{"@type":"ImageObject","inLanguage":"es","@id":"https:\/\/noticiasya.com\/#\/schema\/logo\/image\/","url":"https:\/\/noticiasya.com\/wp-content\/uploads\/sites\/22\/2023\/12\/logo-nacional.png","contentUrl":"https:\/\/noticiasya.com\/wp-content\/uploads\/sites\/22\/2023\/12\/logo-nacional.png","width":1801,"height":691,"caption":"Noticias"},"image":{"@id":"https:\/\/noticiasya.com\/#\/schema\/logo\/image\/"}}]}},"parsely":{"version":"1.1.0","canonical_url":"https:\/\/noticiasya.com\/midland-odessa\/2024\/10\/08\/condenan-prision-fabricio-colon-pico-intimidacion-fiscal-orix\/","smart_links":{"inbound":0,"outbound":0},"traffic_boost_suggestions_count":0,"meta":{"@context":"https:\/\/schema.org","@type":"NewsArticle","headline":"Condenan a 5 a\u00f1os de prisi\u00f3n a Fabricio Col\u00f3n Pico por intimidaci\u00f3n a la fiscal de Ecuador Diana Salazar","url":"http:\/\/noticiasya.com\/midland-odessa\/2024\/10\/08\/condenan-prision-fabricio-colon-pico-intimidacion-fiscal-orix\/","mainEntityOfPage":{"@type":"WebPage","@id":"http:\/\/noticiasya.com\/midland-odessa\/2024\/10\/08\/condenan-prision-fabricio-colon-pico-intimidacion-fiscal-orix\/"},"thumbnailUrl":"","image":{"@type":"ImageObject","url":""},"articleSection":"Noticias Nacionales","author":[],"creator":[],"publisher":{"@type":"Organization","name":"Noticias","logo":""},"keywords":[],"dateCreated":"2024-10-09T03:03:53Z","datePublished":"2024-10-09T03:03:53Z","dateModified":"2024-10-09T03:03:53Z"},"rendered":"<script type=\"application\/ld+json\" class=\"wp-parsely-metadata\">{\"@context\":\"https:\\\/\\\/schema.org\",\"@type\":\"NewsArticle\",\"headline\":\"Condenan a 5 a\\u00f1os de prisi\\u00f3n a Fabricio Col\\u00f3n Pico por intimidaci\\u00f3n a la fiscal de Ecuador Diana Salazar\",\"url\":\"http:\\\/\\\/noticiasya.com\\\/midland-odessa\\\/2024\\\/10\\\/08\\\/condenan-prision-fabricio-colon-pico-intimidacion-fiscal-orix\\\/\",\"mainEntityOfPage\":{\"@type\":\"WebPage\",\"@id\":\"http:\\\/\\\/noticiasya.com\\\/midland-odessa\\\/2024\\\/10\\\/08\\\/condenan-prision-fabricio-colon-pico-intimidacion-fiscal-orix\\\/\"},\"thumbnailUrl\":\"\",\"image\":{\"@type\":\"ImageObject\",\"url\":\"\"},\"articleSection\":\"Noticias Nacionales\",\"author\":[],\"creator\":[],\"publisher\":{\"@type\":\"Organization\",\"name\":\"Noticias\",\"logo\":\"\"},\"keywords\":[],\"dateCreated\":\"2024-10-09T03:03:53Z\",\"datePublished\":\"2024-10-09T03:03:53Z\",\"dateModified\":\"2024-10-09T03:03:53Z\"}<\/script>","tracker_url":"https:\/\/cdn.parsely.com\/keys\/noticiasya.com\/p.js"},"jetpack_featured_media_url":"","jetpack-related-posts":[{"id":1448450,"url":"https:\/\/noticiasya.com\/midland-odessa\/2024\/04\/23\/recluyen-prision-maxima-seguridad-fabricio-colon-pico-supuesto-plan-matar-fiscal-ecuador-orix\/","url_meta":{"origin":1455002,"position":0},"title":"Recluyen en prisi\u00f3n de m\u00e1xima seguridad a Fabricio Col\u00f3n Pico, sospechoso de organizar un supuesto plan para matar a la fiscal de Ecuador","author":"","date":"abril 23, 2024","format":false,"excerpt":"(CNN Espa\u00f1ol) --\u00a0Un juez orden\u00f3 este mi\u00e9rcoles la prisi\u00f3n preventiva de Fabricio Col\u00f3n Pico, alias \u201cCapit\u00e1n Pico\u201d, sospechoso de liderar un supuesto plan para matar a la fiscal general de Ecuador, Diana Salazar. La orden se extiende a otras cuatro personas detenidas junto a Col\u00f3n Pico el lunes en una\u2026","rel":"","context":"In &quot;Noticias Nacionales&quot;","block_context":{"text":"Noticias Nacionales","link":"https:\/\/noticiasya.com\/midland-odessa\/categoria\/noticias-nacionales"},"img":{"alt_text":"","src":"","width":0,"height":0},"classes":[]},{"id":1448378,"url":"https:\/\/noticiasya.com\/midland-odessa\/2024\/04\/22\/recaptura-fabricio-colon-pico-ecuador-orix\/","url_meta":{"origin":1455002,"position":1},"title":"As\u00ed fue la recaptura de Fabricio Col\u00f3n Pico, el sospechoso de maquinar un supuesto plan para matar a la fiscal de Ecuador","author":"","date":"abril 22, 2024","format":false,"excerpt":"(CNN Espa\u00f1ol) -- La Polic\u00eda de Ecuador y el Ministerio del Interior dieron detalles este lunes de c\u00f3mo fue la recaptura de Fabricio Col\u00f3n Pico, alias \u201cCapit\u00e1n Pico\u201d, uno de los presuntos cabecillas de la banda de Los Lobos y sospechoso de liderar un supuesto plan para matar a la\u2026","rel":"","context":"In &quot;Noticias Nacionales&quot;","block_context":{"text":"Noticias Nacionales","link":"https:\/\/noticiasya.com\/midland-odessa\/categoria\/noticias-nacionales"},"img":{"alt_text":"","src":"","width":0,"height":0},"classes":[]},{"id":1449534,"url":"https:\/\/noticiasya.com\/midland-odessa\/2024\/05\/16\/fiscal-ecuador-garantias-embarazo-juicio-politico-orix\/","url_meta":{"origin":1455002,"position":2},"title":"La fiscal general de Ecuador exige garant\u00edas para llevar su embarazo en paz en medio de juicio pol\u00edtico","author":"","date":"mayo 16, 2024","format":false,"excerpt":"(CNN) -- La fiscal general de Ecuador, Diana Salazar, anunci\u00f3 este jueves que est\u00e1 embarazada, por lo que pidi\u00f3 a la Asamblea Nacional garant\u00edas para cumplir sus funciones y llevar su gestaci\u00f3n en paz, en medio del juicio pol\u00edtico en su contra que actualmente est\u00e1 en proceso en comisiones legislativas.Salazar\u2026","rel":"","context":"In &quot;Noticias Nacionales&quot;","block_context":{"text":"Noticias Nacionales","link":"https:\/\/noticiasya.com\/midland-odessa\/categoria\/noticias-nacionales"},"img":{"alt_text":"","src":"","width":0,"height":0},"classes":[]},{"id":1449555,"url":"https:\/\/noticiasya.com\/midland-odessa\/2024\/05\/17\/suspenden-juicio-politico-fiscal-ecuador-diana-salazar-embarazo-orix\/","url_meta":{"origin":1455002,"position":3},"title":"Suspenden temporalmente procesos de juicio pol\u00edtico en contra de la fiscal general de Ecuador debido a su embarazo de riesgo","author":"","date":"mayo 17, 2024","format":false,"excerpt":"(CNN Espa\u00f1ol) -- La fiscal general de Ecuador, Diana Salazar, no tendr\u00e1 que acudir a la Asamblea Nacional para responder a los dos procesos de juicio pol\u00edtico propuestos en su contra debido a su situaci\u00f3n de vulnerabilidad por su embarazo considerado como de \u201calto riesgo\u201d.Tal como estaba previsto, el Consejo\u2026","rel":"","context":"In &quot;Noticias Nacionales&quot;","block_context":{"text":"Noticias Nacionales","link":"https:\/\/noticiasya.com\/midland-odessa\/categoria\/noticias-nacionales"},"img":{"alt_text":"","src":"","width":0,"height":0},"classes":[]},{"id":1443536,"url":"https:\/\/noticiasya.com\/midland-odessa\/2024\/01\/11\/quienes-son-los-lobos-la-banda-criminal-de-capitan-pico\/","url_meta":{"origin":1455002,"position":4},"title":"\u00bfQui\u00e9nes son Los Lobos, la banda criminal de &#171;Capit\u00e1n Pico&#187;?","author":"","date":"enero 11, 2024","format":false,"excerpt":"(CNN Espa\u00f1ol) --\u00a0 Ecuador vive una ola de violencia que este 9 de enero registr\u00f3 nuevos incidentes en distintos puntos del pa\u00eds, incluida la irrupci\u00f3n de un grupo de hombres encapuchados y armados a una transmisi\u00f3n de televisi\u00f3n en vivo. Las bandas delictivas han desatado un espiral de acciones y\u2026","rel":"","context":"In &quot;Noticias Nacionales&quot;","block_context":{"text":"Noticias Nacionales","link":"https:\/\/noticiasya.com\/midland-odessa\/categoria\/noticias-nacionales"},"img":{"alt_text":"","src":"","width":0,"height":0},"classes":[]},{"id":1460981,"url":"https:\/\/noticiasya.com\/midland-odessa\/2025\/04\/09\/diana-salazar-fiscal-de-ecuador-seguira-cargo-orix\/","url_meta":{"origin":1455002,"position":5},"title":"Diana Salazar, fiscal de Ecuador, seguir\u00e1 en el cargo hasta que se elija a su reemplazo","author":"","date":"abril 9, 2025","format":false,"excerpt":"La fiscal general de Ecuador, Diana Salazar, permanecer\u00e1 en el cargo hasta que el Consejo de Participaci\u00f3n Ciudadana y Control Social termine el concurso para elegir a su reemplazo, dijo la funcionaria este martes.Salazar y el fiscal general subrogante, Wilson Toa\u00ednga, quienes este 8 de abril cumplieron los seis a\u00f1os\u2026","rel":"","context":"In &quot;Noticias Nacionales&quot;","block_context":{"text":"Noticias Nacionales","link":"https:\/\/noticiasya.com\/midland-odessa\/categoria\/noticias-nacionales"},"img":{"alt_text":"","src":"","width":0,"height":0},"classes":[]}],"jetpack_sharing_enabled":true,"_links":{"self":[{"href":"https:\/\/noticiasya.com\/midland-odessa\/wp-json\/wp\/v2\/posts\/1455002","targetHints":{"allow":["GET"]}}],"collection":[{"href":"https:\/\/noticiasya.com\/midland-odessa\/wp-json\/wp\/v2\/posts"}],"about":[{"href":"https:\/\/noticiasya.com\/midland-odessa\/wp-json\/wp\/v2\/types\/post"}],"replies":[{"embeddable":true,"href":"https:\/\/noticiasya.com\/midland-odessa\/wp-json\/wp\/v2\/comments?post=1455002"}],"version-history":[{"count":0,"href":"https:\/\/noticiasya.com\/midland-odessa\/wp-json\/wp\/v2\/posts\/1455002\/revisions"}],"wp:attachment":[{"href":"https:\/\/noticiasya.com\/midland-odessa\/wp-json\/wp\/v2\/media?parent=1455002"}],"wp:term":[{"taxonomy":"category","embeddable":true,"href":"https:\/\/noticiasya.com\/midland-odessa\/wp-json\/wp\/v2\/categories?post=1455002"},{"taxonomy":"post_tag","embeddable":true,"href":"https:\/\/noticiasya.com\/midland-odessa\/wp-json\/wp\/v2\/tags?post=1455002"}],"curies":[{"name":"wp","href":"https:\/\/api.w.org\/{rel}","templated":true}]}}