{"id":1455006,"date":"2024-10-09T07:03:40","date_gmt":"2024-10-09T14:03:40","guid":{"rendered":"https:\/\/noticiasya.com\/2024\/10\/09\/aumento-categoria-6-huracanes-saffir-simpson-trax\/"},"modified":"2024-10-09T07:03:40","modified_gmt":"2024-10-09T14:03:40","slug":"aumento-categoria-6-huracanes-saffir-simpson-trax","status":"publish","type":"post","link":"https:\/\/noticiasya.com\/midland-odessa\/2024\/10\/09\/aumento-categoria-6-huracanes-saffir-simpson-trax\/","title":{"rendered":"\u00bfC\u00f3mo ser\u00eda una categor\u00eda 6 de huracanes? \u00bfDeber\u00eda haber una? Esto dicen los cient\u00edficos"},"content":{"rendered":"<p>(CNN) &#8212; Mientras Florida se prepara para el hurac\u00e1n Milton \u2014descrito como devastador y uno de los m\u00e1s grandes de todos los tiempos\u2014 vuelven a surgir las preguntas sobre las herramientas disponibles para medir los riesgos y la intensidad de los huracanes.<\/p>\n<p>Ahora puedes seguirnos en\u00a0WhatsApp Channel<\/p>\n<p>En el contexto de un aumento de las temperaturas y mientras los oc\u00e9anos del mundo almacenan m\u00e1s combustible potencial para tormentas, un estudio publicado en febrero propon\u00eda adaptar la escala que mide la intensidad de los huracanes para tener en cuenta tormentas a\u00fan m\u00e1s fuertes.<\/p>\n<p>La escala Saffir-Simpson actualmente va de la Categor\u00eda 1 a la 5. El estudio publicado entonces en la revista Proceedings of the National Academy of Sciences, sugiere agregar una categor\u00eda 6.<\/p>\n<p>Un hurac\u00e1n de categor\u00eda 5 es una tormenta que ha sostenido vientos de 252 km\/h o m\u00e1s. La nueva escala limitar\u00eda las tormentas de categor\u00eda 5 a vientos sostenidos de hasta 308 km\/h y cualquier valor superior a eso se convertir\u00eda en un hurac\u00e1n de categor\u00eda 6.<\/p>\n<p>Los autores del estudio, Jim Kossin, distinguido asesor cient\u00edfico de la First Street Foundation, y Michael Wehner, cient\u00edfico principal del Laboratorio Nacional Lawrence Berkeley, argumentaron que, a medida que el cambio clim\u00e1tico provoca un aumento vertiginoso de las temperaturas de los oc\u00e9anos, la intensidad potencial de los vientos de los huracanes \u2014tambi\u00e9n conocidos como ciclones tropicales o tifones en oc\u00e9anos fuera del Atl\u00e1ntico y el Pac\u00edfico Oriental\u2014 est\u00e1 aumentando.<\/p>\n<p>De hecho, de los 197 ciclones tropicales en todo el mundo que alcanzaron la categor\u00eda 5 entre 1980 y 2021, cinco excedieron el umbral hipot\u00e9tico de categor\u00eda 6, encontr\u00f3 el estudio. Los cinco ocurrieron desde 2013, incluido el hurac\u00e1n Patricia de 2015, que azot\u00f3 M\u00e9xico, y el s\u00faper tif\u00f3n Haiyan, que devast\u00f3 Filipinas en 2013.<\/p>\n<p>\u00bfQu\u00e9 significa la intensificaci\u00f3n r\u00e1pida de los huracanes?<\/p>\n<p>En esta imagen se ve el hurac\u00e1n Patricia agit\u00e1ndose en el Pac\u00edfico el 23 de octubre de 2015. (Cr\u00e9dito: NOAA \/Getty Images)<\/p>\n<p>Pero la idea de agregar una categor\u00eda 6 a la escala no es nueva, sino que viene siendo discutida durante a\u00f1os.<\/p>\n<p>La escala Saffir-Simpson, que existe desde principios de la d\u00e9cada de 1970, tambi\u00e9n tiene limitaciones porque es solo una escala de viento y no incluye los impactos de las marejadas cicl\u00f3nicas y las inundaciones inducidas por la lluvia, que pueden ser las m\u00e1s mortales y aspectos que causan da\u00f1os en las tormentas que tocan tierra.<\/p>\n<p>A medida que el planeta se calienta, los impactos de los huracanes se vuelven m\u00e1s peligrosos. Un aumento del nivel del mar de solo un par de pulgadas puede marcar una diferencia dram\u00e1tica en la distancia que pueden alcanzar las marejadas cicl\u00f3nicas tierra adentro, y un clima m\u00e1s c\u00e1lido tambi\u00e9n significa que habr\u00e1 m\u00e1s vapor de agua disponible en la atm\u00f3sfera que potencialmente caer\u00e1 en forma de lluvia.<\/p>\n<p>Este art\u00edculo fue publicado originalmente el 6 de febrero de 2024.<\/p>\n<p>The-CNN-Wire<br \/>&trade; &amp; &copy; 2024 Cable News Network, Inc., a Warner Bros. Discovery Company. All rights reserved.<\/p>\n","protected":false},"excerpt":{"rendered":"<p>(CNN) &#8212; Mientras Florida se prepara para el hurac\u00e1n Milton \u2014descrito como devastador y uno de los m\u00e1s grandes de todos los tiempos\u2014 vuelven a surgir las preguntas sobre las herramientas disponibles para medir los riesgos y la intensidad de los huracanes. Ahora puedes seguirnos en\u00a0WhatsApp Channel En el contexto de un aumento de las [&hellip;]<\/p>\n","protected":false},"author":0,"featured_media":0,"comment_status":"open","ping_status":"open","sticky":false,"template":"","format":"standard","meta":{"_jetpack_memberships_contains_paid_content":false,"footnotes":""},"categories":[10],"tags":[],"class_list":["post-1455006","post","type-post","status-publish","format-standard","hentry","category-noticias-nacionales","market-global"],"yoast_head":"<!-- This site is optimized with the Yoast SEO plugin v24.4 - https:\/\/yoast.com\/wordpress\/plugins\/seo\/ -->\n<title>\u00bfC\u00f3mo ser\u00eda una categor\u00eda 6 de huracanes? \u00bfDeber\u00eda haber una? Esto dicen los cient\u00edficos - Noticias<\/title>\n<meta name=\"robots\" content=\"index, follow, max-snippet:-1, max-image-preview:large, max-video-preview:-1\" \/>\n<link rel=\"canonical\" href=\"https:\/\/noticiasya.com\/2024\/10\/09\/aumento-categoria-6-huracanes-saffir-simpson-trax\/\" \/>\n<meta property=\"og:locale\" content=\"es_ES\" \/>\n<meta property=\"og:type\" content=\"article\" \/>\n<meta property=\"og:title\" content=\"\u00bfC\u00f3mo ser\u00eda una categor\u00eda 6 de huracanes? \u00bfDeber\u00eda haber una? Esto dicen los cient\u00edficos - Noticias\" \/>\n<meta property=\"og:description\" content=\"(CNN) &#8212; Mientras Florida se prepara para el hurac\u00e1n Milton \u2014descrito como devastador y uno de los m\u00e1s grandes de todos los tiempos\u2014 vuelven a surgir las preguntas sobre las herramientas disponibles para medir los riesgos y la intensidad de los huracanes. Ahora puedes seguirnos en\u00a0WhatsApp Channel En el contexto de un aumento de las [&hellip;]\" \/>\n<meta property=\"og:url\" content=\"https:\/\/noticiasya.com\/2024\/10\/09\/aumento-categoria-6-huracanes-saffir-simpson-trax\/\" \/>\n<meta property=\"og:site_name\" content=\"Noticias\" \/>\n<meta property=\"article:published_time\" content=\"2024-10-09T14:03:40+00:00\" \/>\n<meta name=\"twitter:card\" content=\"summary_large_image\" \/>\n<meta name=\"twitter:label1\" content=\"Est. reading time\" \/>\n\t<meta name=\"twitter:data1\" content=\"3 minutos\" \/>\n<script type=\"application\/ld+json\" class=\"yoast-schema-graph\">{\"@context\":\"https:\/\/schema.org\",\"@graph\":[{\"@type\":\"Article\",\"@id\":\"https:\/\/noticiasya.com\/2024\/10\/09\/aumento-categoria-6-huracanes-saffir-simpson-trax\/#article\",\"isPartOf\":{\"@id\":\"https:\/\/noticiasya.com\/2024\/10\/09\/aumento-categoria-6-huracanes-saffir-simpson-trax\/\"},\"author\":{\"name\":\"\",\"@id\":\"\"},\"headline\":\"\u00bfC\u00f3mo ser\u00eda una categor\u00eda 6 de huracanes? \u00bfDeber\u00eda haber una? Esto dicen los cient\u00edficos\",\"datePublished\":\"2024-10-09T14:03:40+00:00\",\"mainEntityOfPage\":{\"@id\":\"https:\/\/noticiasya.com\/2024\/10\/09\/aumento-categoria-6-huracanes-saffir-simpson-trax\/\"},\"wordCount\":548,\"commentCount\":0,\"publisher\":{\"@id\":\"https:\/\/noticiasya.com\/#organization\"},\"articleSection\":[\"Noticias Nacionales\"],\"inLanguage\":\"es\",\"potentialAction\":[{\"@type\":\"CommentAction\",\"name\":\"Comment\",\"target\":[\"https:\/\/noticiasya.com\/2024\/10\/09\/aumento-categoria-6-huracanes-saffir-simpson-trax\/#respond\"]}]},{\"@type\":\"WebPage\",\"@id\":\"https:\/\/noticiasya.com\/2024\/10\/09\/aumento-categoria-6-huracanes-saffir-simpson-trax\/\",\"url\":\"https:\/\/noticiasya.com\/2024\/10\/09\/aumento-categoria-6-huracanes-saffir-simpson-trax\/\",\"name\":\"\u00bfC\u00f3mo ser\u00eda una categor\u00eda 6 de huracanes? \u00bfDeber\u00eda haber una? Esto dicen los cient\u00edficos - Noticias\",\"isPartOf\":{\"@id\":\"https:\/\/noticiasya.com\/#website\"},\"datePublished\":\"2024-10-09T14:03:40+00:00\",\"breadcrumb\":{\"@id\":\"https:\/\/noticiasya.com\/2024\/10\/09\/aumento-categoria-6-huracanes-saffir-simpson-trax\/#breadcrumb\"},\"inLanguage\":\"es\",\"potentialAction\":[{\"@type\":\"ReadAction\",\"target\":[\"https:\/\/noticiasya.com\/2024\/10\/09\/aumento-categoria-6-huracanes-saffir-simpson-trax\/\"]}]},{\"@type\":\"BreadcrumbList\",\"@id\":\"https:\/\/noticiasya.com\/2024\/10\/09\/aumento-categoria-6-huracanes-saffir-simpson-trax\/#breadcrumb\",\"itemListElement\":[{\"@type\":\"ListItem\",\"position\":1,\"name\":\"Home\",\"item\":\"https:\/\/noticiasya.com\/\"},{\"@type\":\"ListItem\",\"position\":2,\"name\":\"\u00bfC\u00f3mo ser\u00eda una categor\u00eda 6 de huracanes? \u00bfDeber\u00eda haber una? Esto dicen los cient\u00edficos\"}]},{\"@type\":\"WebSite\",\"@id\":\"https:\/\/noticiasya.com\/#website\",\"url\":\"https:\/\/noticiasya.com\/\",\"name\":\"Noticias\",\"description\":\"Lo que importa\",\"publisher\":{\"@id\":\"https:\/\/noticiasya.com\/#organization\"},\"potentialAction\":[{\"@type\":\"SearchAction\",\"target\":{\"@type\":\"EntryPoint\",\"urlTemplate\":\"https:\/\/noticiasya.com\/?s={search_term_string}\"},\"query-input\":{\"@type\":\"PropertyValueSpecification\",\"valueRequired\":true,\"valueName\":\"search_term_string\"}}],\"inLanguage\":\"es\"},{\"@type\":\"Organization\",\"@id\":\"https:\/\/noticiasya.com\/#organization\",\"name\":\"Noticias\",\"url\":\"https:\/\/noticiasya.com\/\",\"logo\":{\"@type\":\"ImageObject\",\"inLanguage\":\"es\",\"@id\":\"https:\/\/noticiasya.com\/#\/schema\/logo\/image\/\",\"url\":\"https:\/\/noticiasya.com\/wp-content\/uploads\/sites\/22\/2023\/12\/logo-nacional.png\",\"contentUrl\":\"https:\/\/noticiasya.com\/wp-content\/uploads\/sites\/22\/2023\/12\/logo-nacional.png\",\"width\":1801,\"height\":691,\"caption\":\"Noticias\"},\"image\":{\"@id\":\"https:\/\/noticiasya.com\/#\/schema\/logo\/image\/\"}}]}<\/script>\n<!-- \/ Yoast SEO plugin. -->","yoast_head_json":{"title":"\u00bfC\u00f3mo ser\u00eda una categor\u00eda 6 de huracanes? \u00bfDeber\u00eda haber una? Esto dicen los cient\u00edficos - Noticias","robots":{"index":"index","follow":"follow","max-snippet":"max-snippet:-1","max-image-preview":"max-image-preview:large","max-video-preview":"max-video-preview:-1"},"canonical":"https:\/\/noticiasya.com\/2024\/10\/09\/aumento-categoria-6-huracanes-saffir-simpson-trax\/","og_locale":"es_ES","og_type":"article","og_title":"\u00bfC\u00f3mo ser\u00eda una categor\u00eda 6 de huracanes? \u00bfDeber\u00eda haber una? Esto dicen los cient\u00edficos - Noticias","og_description":"(CNN) &#8212; Mientras Florida se prepara para el hurac\u00e1n Milton \u2014descrito como devastador y uno de los m\u00e1s grandes de todos los tiempos\u2014 vuelven a surgir las preguntas sobre las herramientas disponibles para medir los riesgos y la intensidad de los huracanes. Ahora puedes seguirnos en\u00a0WhatsApp Channel En el contexto de un aumento de las [&hellip;]","og_url":"https:\/\/noticiasya.com\/2024\/10\/09\/aumento-categoria-6-huracanes-saffir-simpson-trax\/","og_site_name":"Noticias","article_published_time":"2024-10-09T14:03:40+00:00","twitter_card":"summary_large_image","twitter_misc":{"Est. reading time":"3 minutos"},"schema":{"@context":"https:\/\/schema.org","@graph":[{"@type":"Article","@id":"https:\/\/noticiasya.com\/2024\/10\/09\/aumento-categoria-6-huracanes-saffir-simpson-trax\/#article","isPartOf":{"@id":"https:\/\/noticiasya.com\/2024\/10\/09\/aumento-categoria-6-huracanes-saffir-simpson-trax\/"},"author":{"name":"","@id":""},"headline":"\u00bfC\u00f3mo ser\u00eda una categor\u00eda 6 de huracanes? \u00bfDeber\u00eda haber una? Esto dicen los cient\u00edficos","datePublished":"2024-10-09T14:03:40+00:00","mainEntityOfPage":{"@id":"https:\/\/noticiasya.com\/2024\/10\/09\/aumento-categoria-6-huracanes-saffir-simpson-trax\/"},"wordCount":548,"commentCount":0,"publisher":{"@id":"https:\/\/noticiasya.com\/#organization"},"articleSection":["Noticias Nacionales"],"inLanguage":"es","potentialAction":[{"@type":"CommentAction","name":"Comment","target":["https:\/\/noticiasya.com\/2024\/10\/09\/aumento-categoria-6-huracanes-saffir-simpson-trax\/#respond"]}]},{"@type":"WebPage","@id":"https:\/\/noticiasya.com\/2024\/10\/09\/aumento-categoria-6-huracanes-saffir-simpson-trax\/","url":"https:\/\/noticiasya.com\/2024\/10\/09\/aumento-categoria-6-huracanes-saffir-simpson-trax\/","name":"\u00bfC\u00f3mo ser\u00eda una categor\u00eda 6 de huracanes? \u00bfDeber\u00eda haber una? Esto dicen los cient\u00edficos - Noticias","isPartOf":{"@id":"https:\/\/noticiasya.com\/#website"},"datePublished":"2024-10-09T14:03:40+00:00","breadcrumb":{"@id":"https:\/\/noticiasya.com\/2024\/10\/09\/aumento-categoria-6-huracanes-saffir-simpson-trax\/#breadcrumb"},"inLanguage":"es","potentialAction":[{"@type":"ReadAction","target":["https:\/\/noticiasya.com\/2024\/10\/09\/aumento-categoria-6-huracanes-saffir-simpson-trax\/"]}]},{"@type":"BreadcrumbList","@id":"https:\/\/noticiasya.com\/2024\/10\/09\/aumento-categoria-6-huracanes-saffir-simpson-trax\/#breadcrumb","itemListElement":[{"@type":"ListItem","position":1,"name":"Home","item":"https:\/\/noticiasya.com\/"},{"@type":"ListItem","position":2,"name":"\u00bfC\u00f3mo ser\u00eda una categor\u00eda 6 de huracanes? \u00bfDeber\u00eda haber una? Esto dicen los cient\u00edficos"}]},{"@type":"WebSite","@id":"https:\/\/noticiasya.com\/#website","url":"https:\/\/noticiasya.com\/","name":"Noticias","description":"Lo que importa","publisher":{"@id":"https:\/\/noticiasya.com\/#organization"},"potentialAction":[{"@type":"SearchAction","target":{"@type":"EntryPoint","urlTemplate":"https:\/\/noticiasya.com\/?s={search_term_string}"},"query-input":{"@type":"PropertyValueSpecification","valueRequired":true,"valueName":"search_term_string"}}],"inLanguage":"es"},{"@type":"Organization","@id":"https:\/\/noticiasya.com\/#organization","name":"Noticias","url":"https:\/\/noticiasya.com\/","logo":{"@type":"ImageObject","inLanguage":"es","@id":"https:\/\/noticiasya.com\/#\/schema\/logo\/image\/","url":"https:\/\/noticiasya.com\/wp-content\/uploads\/sites\/22\/2023\/12\/logo-nacional.png","contentUrl":"https:\/\/noticiasya.com\/wp-content\/uploads\/sites\/22\/2023\/12\/logo-nacional.png","width":1801,"height":691,"caption":"Noticias"},"image":{"@id":"https:\/\/noticiasya.com\/#\/schema\/logo\/image\/"}}]}},"parsely":{"version":"1.1.0","canonical_url":"https:\/\/noticiasya.com\/midland-odessa\/2024\/10\/09\/aumento-categoria-6-huracanes-saffir-simpson-trax\/","smart_links":{"inbound":0,"outbound":0},"traffic_boost_suggestions_count":0,"meta":{"@context":"https:\/\/schema.org","@type":"NewsArticle","headline":"\u00bfC\u00f3mo ser\u00eda una categor\u00eda 6 de huracanes? \u00bfDeber\u00eda haber una? Esto dicen los cient\u00edficos","url":"http:\/\/noticiasya.com\/midland-odessa\/2024\/10\/09\/aumento-categoria-6-huracanes-saffir-simpson-trax\/","mainEntityOfPage":{"@type":"WebPage","@id":"http:\/\/noticiasya.com\/midland-odessa\/2024\/10\/09\/aumento-categoria-6-huracanes-saffir-simpson-trax\/"},"thumbnailUrl":"","image":{"@type":"ImageObject","url":""},"articleSection":"Noticias Nacionales","author":[],"creator":[],"publisher":{"@type":"Organization","name":"Noticias","logo":""},"keywords":[],"dateCreated":"2024-10-09T14:03:40Z","datePublished":"2024-10-09T14:03:40Z","dateModified":"2024-10-09T14:03:40Z"},"rendered":"<script type=\"application\/ld+json\" class=\"wp-parsely-metadata\">{\"@context\":\"https:\\\/\\\/schema.org\",\"@type\":\"NewsArticle\",\"headline\":\"\\u00bfC\\u00f3mo ser\\u00eda una categor\\u00eda 6 de huracanes? \\u00bfDeber\\u00eda haber una? Esto dicen los cient\\u00edficos\",\"url\":\"http:\\\/\\\/noticiasya.com\\\/midland-odessa\\\/2024\\\/10\\\/09\\\/aumento-categoria-6-huracanes-saffir-simpson-trax\\\/\",\"mainEntityOfPage\":{\"@type\":\"WebPage\",\"@id\":\"http:\\\/\\\/noticiasya.com\\\/midland-odessa\\\/2024\\\/10\\\/09\\\/aumento-categoria-6-huracanes-saffir-simpson-trax\\\/\"},\"thumbnailUrl\":\"\",\"image\":{\"@type\":\"ImageObject\",\"url\":\"\"},\"articleSection\":\"Noticias Nacionales\",\"author\":[],\"creator\":[],\"publisher\":{\"@type\":\"Organization\",\"name\":\"Noticias\",\"logo\":\"\"},\"keywords\":[],\"dateCreated\":\"2024-10-09T14:03:40Z\",\"datePublished\":\"2024-10-09T14:03:40Z\",\"dateModified\":\"2024-10-09T14:03:40Z\"}<\/script>","tracker_url":"https:\/\/cdn.parsely.com\/keys\/noticiasya.com\/p.js"},"jetpack_featured_media_url":"","jetpack-related-posts":[{"id":1450364,"url":"https:\/\/noticiasya.com\/midland-odessa\/2024\/06\/14\/temporada-huracanes-atlantico-2024-nombres-pronostico-trax\/","url_meta":{"origin":1455006,"position":0},"title":"Lo que debes saber sobre la temporada de huracanes del Atl\u00e1ntico en 2024: pron\u00f3stico, nombres de tormentas y duraci\u00f3n","author":"","date":"junio 14, 2024","format":false,"excerpt":"(CNN) -- Aqu\u00ed tienes algunos datos sobre la temporada de huracanes del Atl\u00e1ntico de 2024. La cobertura pasada de las temporadas de huracanes de 2023 y 2022, as\u00ed como las \u00faltimas noticias del clima, tambi\u00e9n se pueden encontrar en CNN.Sigue el monitor interactivo de tormentas para conocer la trayectoria y\u2026","rel":"","context":"In &quot;Noticias Nacionales&quot;","block_context":{"text":"Noticias Nacionales","link":"https:\/\/noticiasya.com\/midland-odessa\/categoria\/noticias-nacionales"},"img":{"alt_text":"","src":"","width":0,"height":0},"classes":[]},{"id":1455954,"url":"https:\/\/noticiasya.com\/midland-odessa\/2024\/11\/20\/huracanes-acelerado-intensos-cambio-climatico-trax\/","url_meta":{"origin":1455006,"position":1},"title":"Todos los huracanes de esta temporada se han acelerado y han sido m\u00e1s intensos por efecto del cambio clim\u00e1tico, afirma un estudio","author":"","date":"noviembre 20, 2024","format":false,"excerpt":"(CNN) -- Las temperaturas r\u00e9cord de los oc\u00e9anos, alimentadas por la contaminaci\u00f3n que calienta el planeta, han acelerado decenas de huracanes atl\u00e1nticos en los \u00faltimos a\u00f1os, haci\u00e9ndolos m\u00e1s potentes y peligrosos al aumentar la velocidad de sus vientos.Todos los huracanes de la temporada de 2024 en el Atl\u00e1ntico se hicieron\u2026","rel":"","context":"In &quot;Noticias Nacionales&quot;","block_context":{"text":"Noticias Nacionales","link":"https:\/\/noticiasya.com\/midland-odessa\/categoria\/noticias-nacionales"},"img":{"alt_text":"","src":"","width":0,"height":0},"classes":[]},{"id":1467839,"url":"https:\/\/noticiasya.com\/midland-odessa\/2025\/10\/29\/melissa-calentamiento-global-huracan-trax\/","url_meta":{"origin":1455006,"position":2},"title":"\u00bfPor qu\u00e9 el hurac\u00e1n Melissa se convirti\u00f3 en un monstruo devastador?","author":"","date":"octubre 29, 2025","format":false,"excerpt":"Las aguas que rodean Jamaica estuvieron calientes durante todo el verano. Para cuando el hurac\u00e1n Melissa toc\u00f3 tierra el martes, las temperaturas extremadamente c\u00e1lidas del mar Caribe contribuyeron a convertirlo en un monstruo: una tormenta de categor\u00eda 5 con vientos que alcanzaron los 298 km\/h, y que igual\u00f3 el r\u00e9cord\u2026","rel":"","context":"In &quot;Noticias Nacionales&quot;","block_context":{"text":"Noticias Nacionales","link":"https:\/\/noticiasya.com\/midland-odessa\/categoria\/noticias-nacionales"},"img":{"alt_text":"","src":"","width":0,"height":0},"classes":[]},{"id":1467179,"url":"https:\/\/noticiasya.com\/midland-odessa\/2025\/10\/07\/tormenta-atlantico-jerry-trax\/","url_meta":{"origin":1455006,"position":3},"title":"La temporada de huracanes no da se\u00f1ales de terminar: una nueva tormenta tropical podr\u00eda formarse en el Atl\u00e1ntico esta semana","author":"","date":"octubre 7, 2025","format":false,"excerpt":"Una nueva tormenta tropical podr\u00eda formarse en el Atl\u00e1ntico esta semana y continuar con el repunte de actividad tropical de la temporada de huracanes de 2025.Aunque ahora, en el final de la temporada, suelen formarse menos tormentas, la historia ha demostrado lo devastadoras que pueden ser, sobre todo porque las\u2026","rel":"","context":"In &quot;Noticias Nacionales&quot;","block_context":{"text":"Noticias Nacionales","link":"https:\/\/noticiasya.com\/midland-odessa\/categoria\/noticias-nacionales"},"img":{"alt_text":"","src":"","width":0,"height":0},"classes":[]},{"id":1450471,"url":"https:\/\/noticiasya.com\/midland-odessa\/2024\/06\/18\/que-es-ciclon-tormenta-tropical-huracan-tornado-diferencia-orix\/","url_meta":{"origin":1455006,"position":4},"title":"\u00bfCu\u00e1l es la diferencia entre un tornado, tormenta tropical, un cicl\u00f3n y un hurac\u00e1n?","author":"","date":"junio 18, 2024","format":false,"excerpt":"(CNN Espa\u00f1ol) -- Tormentas, tornados y huracanes. Estos tres fen\u00f3menos tienen mucho que ver entre ellos, y su clasificaci\u00f3n depende, entre otros, de la potencia de sus vientos y lo letales que puedan llegar a ser.Para empezar, es necesario entender que existen varios t\u00e9rminos para determinar los estados del tiempo.\u2026","rel":"","context":"In &quot;Noticias Nacionales&quot;","block_context":{"text":"Noticias Nacionales","link":"https:\/\/noticiasya.com\/midland-odessa\/categoria\/noticias-nacionales"},"img":{"alt_text":"","src":"","width":0,"height":0},"classes":[]},{"id":1454965,"url":"https:\/\/noticiasya.com\/midland-odessa\/2024\/10\/05\/tormenta-tropical-milton-florida-golfo-mexico-trax\/","url_meta":{"origin":1455006,"position":5},"title":"Menos de 10 d\u00edas despu\u00e9s de que Helene tocara tierra, Florida se prepara para otro hurac\u00e1n, potencialmente de categor\u00eda 3","author":"","date":"octubre 5, 2024","format":false,"excerpt":"(CNN) --Menos de 10 d\u00edas despu\u00e9s de que el hurac\u00e1n Helene tocara tierra en Florida, el estado se prepara para otro golpe potencialmente devastador de un hurac\u00e1n en el Golfo de M\u00e9xico, esta vez una tormenta potencial de categor\u00eda 3.La tormenta tropical Milton se form\u00f3 en el oeste del Golfo\u2026","rel":"","context":"In &quot;Noticias Nacionales&quot;","block_context":{"text":"Noticias Nacionales","link":"https:\/\/noticiasya.com\/midland-odessa\/categoria\/noticias-nacionales"},"img":{"alt_text":"","src":"","width":0,"height":0},"classes":[]}],"jetpack_sharing_enabled":true,"_links":{"self":[{"href":"https:\/\/noticiasya.com\/midland-odessa\/wp-json\/wp\/v2\/posts\/1455006","targetHints":{"allow":["GET"]}}],"collection":[{"href":"https:\/\/noticiasya.com\/midland-odessa\/wp-json\/wp\/v2\/posts"}],"about":[{"href":"https:\/\/noticiasya.com\/midland-odessa\/wp-json\/wp\/v2\/types\/post"}],"replies":[{"embeddable":true,"href":"https:\/\/noticiasya.com\/midland-odessa\/wp-json\/wp\/v2\/comments?post=1455006"}],"version-history":[{"count":0,"href":"https:\/\/noticiasya.com\/midland-odessa\/wp-json\/wp\/v2\/posts\/1455006\/revisions"}],"wp:attachment":[{"href":"https:\/\/noticiasya.com\/midland-odessa\/wp-json\/wp\/v2\/media?parent=1455006"}],"wp:term":[{"taxonomy":"category","embeddable":true,"href":"https:\/\/noticiasya.com\/midland-odessa\/wp-json\/wp\/v2\/categories?post=1455006"},{"taxonomy":"post_tag","embeddable":true,"href":"https:\/\/noticiasya.com\/midland-odessa\/wp-json\/wp\/v2\/tags?post=1455006"}],"curies":[{"name":"wp","href":"https:\/\/api.w.org\/{rel}","templated":true}]}}