{"id":1455007,"date":"2024-10-09T08:03:45","date_gmt":"2024-10-09T15:03:45","guid":{"rendered":"https:\/\/noticiasya.com\/2024\/10\/09\/extienden-apagones-10-horas-ecuador-situacion-energetica-orix\/"},"modified":"2024-10-09T08:03:45","modified_gmt":"2024-10-09T15:03:45","slug":"extienden-apagones-10-horas-ecuador-situacion-energetica-orix","status":"publish","type":"post","link":"https:\/\/noticiasya.com\/midland-odessa\/2024\/10\/09\/extienden-apagones-10-horas-ecuador-situacion-energetica-orix\/","title":{"rendered":"Extienden los horarios de los apagones por hasta 10 horas en Ecuador ante la cr\u00edtica situaci\u00f3n energ\u00e9tica"},"content":{"rendered":"<p>(CNN Espa\u00f1ol) &#8212;\u00a0 El ministro de Energ\u00eda de Ecuador, Antonio Goncalves, admiti\u00f3 este mi\u00e9rcoles en cadena nacional que la situaci\u00f3n energ\u00e9tica en el pa\u00eds se ha complicado m\u00e1s a casi un mes del inicio de nuevos apagones, y explic\u00f3 que, a partir del mediod\u00eda, se reprogramar\u00e1n los apagones por hasta 10 horas diarias, con excepci\u00f3n de ciertos sectores industriales que tendr\u00e1n un horario diferenciado para cumplir con su cuota de ahorro.<\/p>\n<p>&#171;Nuestro pa\u00eds atraviesa una situaci\u00f3n energ\u00e9tica cr\u00edtica&#187;, precis\u00f3 Goncalves, y a\u00f1adi\u00f3: &#171;Las proyecciones indican que es necesario tomar decisiones inmediatas y firmes para evitar un colapso en el sistema el\u00e9ctrico nacional&#187;.<\/p>\n<p>El ministro indic\u00f3 que el nivel de la represa Mazar \u2014una de las centrales hidroel\u00e9ctricas m\u00e1s importantes del pa\u00eds\u2014 se encuentra cerca de su l\u00edmite m\u00ednimo. &#171;Por ello, nos vemos en la necesidad de implementar una reprogramaci\u00f3n de cortes de energ\u00eda que afectar\u00e1 a todos&#187;, se\u00f1al\u00f3.<\/p>\n<p>Indignaci\u00f3n de empresarios de Ecuador por posibles apagones de 10 horas diarias durante 15 d\u00edas para el sector industrial<\/p>\n<p>Estos racionamientos de luz, seg\u00fan Goncalves, se aplicar\u00e1n en diferentes franjas horarias con el fin de distribuir &#171;de forma equitativa&#187; el impacto y &#171;garantizar&#187; que el sistema el\u00e9ctrico pueda sostenerse.<\/p>\n<p>&#171;Sabemos que esta medida es dura y que va a generar incomodidad, pero es necesaria para proteger la estabilidad energ\u00e9tica de nuestro pa\u00eds&#187;, adelant\u00f3 el funcionario.<\/p>\n<p>Autom\u00f3viles circulan en medio de un apag\u00f3n en Quito, el 19 de junio de 2024. (Cr\u00e9dito: GALO PAGUAY\/AFP via Getty Images)<\/p>\n<p>La presidenta del Comit\u00e9 Empresarial Ecuatoriano, Mar\u00eda Paz Jervis, dijo este martes a CNN que los apagones al sector industrial podr\u00edan generar un grave impacto en el empleo, la cadena alimentaria y posibles riesgos de desabastecimiento. Adem\u00e1s, pidi\u00f3 al Gobierno transparentar la situaci\u00f3n y ser honesto con la informaci\u00f3n diaria sobre la crisis energ\u00e9tica.<\/p>\n<p>&#171;Esto tiene un costo que ya lo estamos pagando&#187;, dijo Jervis.<\/p>\n<p>Ciudadanos y due\u00f1os de negocios han mostrado en los \u00faltimos d\u00edas su descontento por los apagones y las medidas implementadas por el Gobierno. En varios testimonios recogidos por CNN, los ciudadanos han manifestado que las autoridades pod\u00edan tomar m\u00e1s previsiones y planificar mejor el manejo de la crisis energ\u00e9tica que ven\u00eda recrudeci\u00e9ndose desde 2023.<\/p>\n<p>Los usuarios podr\u00e1n conocer los horarios de apagones semanalmente en sus ciudades y barrios a trav\u00e9s de un link habilitado por el Ministerio de Energ\u00eda y las empresas distribuidoras del servicio a escala nacional que ir\u00e1n informando el cronograma de cortes de luz.<\/p>\n<p>The-CNN-Wire<br \/>&trade; &amp; &copy; 2024 Cable News Network, Inc., a Warner Bros. Discovery Company. All rights reserved.<\/p>\n","protected":false},"excerpt":{"rendered":"<p>(CNN Espa\u00f1ol) &#8212;\u00a0 El ministro de Energ\u00eda de Ecuador, Antonio Goncalves, admiti\u00f3 este mi\u00e9rcoles en cadena nacional que la situaci\u00f3n energ\u00e9tica en el pa\u00eds se ha complicado m\u00e1s a casi un mes del inicio de nuevos apagones, y explic\u00f3 que, a partir del mediod\u00eda, se reprogramar\u00e1n los apagones por hasta 10 horas diarias, con excepci\u00f3n [&hellip;]<\/p>\n","protected":false},"author":0,"featured_media":0,"comment_status":"open","ping_status":"open","sticky":false,"template":"","format":"standard","meta":{"_jetpack_memberships_contains_paid_content":false,"footnotes":""},"categories":[10],"tags":[],"class_list":["post-1455007","post","type-post","status-publish","format-standard","hentry","category-noticias-nacionales","market-global"],"yoast_head":"<!-- This site is optimized with the Yoast SEO plugin v24.4 - https:\/\/yoast.com\/wordpress\/plugins\/seo\/ -->\n<title>Extienden los horarios de los apagones por hasta 10 horas en Ecuador ante la cr\u00edtica situaci\u00f3n energ\u00e9tica - Noticias<\/title>\n<meta name=\"robots\" content=\"index, follow, max-snippet:-1, max-image-preview:large, max-video-preview:-1\" \/>\n<link rel=\"canonical\" href=\"https:\/\/noticiasya.com\/2024\/10\/09\/extienden-apagones-10-horas-ecuador-situacion-energetica-orix\/\" \/>\n<meta property=\"og:locale\" content=\"es_ES\" \/>\n<meta property=\"og:type\" content=\"article\" \/>\n<meta property=\"og:title\" content=\"Extienden los horarios de los apagones por hasta 10 horas en Ecuador ante la cr\u00edtica situaci\u00f3n energ\u00e9tica - Noticias\" \/>\n<meta property=\"og:description\" content=\"(CNN Espa\u00f1ol) &#8212;\u00a0 El ministro de Energ\u00eda de Ecuador, Antonio Goncalves, admiti\u00f3 este mi\u00e9rcoles en cadena nacional que la situaci\u00f3n energ\u00e9tica en el pa\u00eds se ha complicado m\u00e1s a casi un mes del inicio de nuevos apagones, y explic\u00f3 que, a partir del mediod\u00eda, se reprogramar\u00e1n los apagones por hasta 10 horas diarias, con excepci\u00f3n [&hellip;]\" \/>\n<meta property=\"og:url\" content=\"https:\/\/noticiasya.com\/2024\/10\/09\/extienden-apagones-10-horas-ecuador-situacion-energetica-orix\/\" \/>\n<meta property=\"og:site_name\" content=\"Noticias\" \/>\n<meta property=\"article:published_time\" content=\"2024-10-09T15:03:45+00:00\" \/>\n<meta name=\"twitter:card\" content=\"summary_large_image\" \/>\n<meta name=\"twitter:label1\" content=\"Est. reading time\" \/>\n\t<meta name=\"twitter:data1\" content=\"2 minutos\" \/>\n<script type=\"application\/ld+json\" class=\"yoast-schema-graph\">{\"@context\":\"https:\/\/schema.org\",\"@graph\":[{\"@type\":\"Article\",\"@id\":\"https:\/\/noticiasya.com\/2024\/10\/09\/extienden-apagones-10-horas-ecuador-situacion-energetica-orix\/#article\",\"isPartOf\":{\"@id\":\"https:\/\/noticiasya.com\/2024\/10\/09\/extienden-apagones-10-horas-ecuador-situacion-energetica-orix\/\"},\"author\":{\"name\":\"\",\"@id\":\"\"},\"headline\":\"Extienden los horarios de los apagones por hasta 10 horas en Ecuador ante la cr\u00edtica situaci\u00f3n energ\u00e9tica\",\"datePublished\":\"2024-10-09T15:03:45+00:00\",\"mainEntityOfPage\":{\"@id\":\"https:\/\/noticiasya.com\/2024\/10\/09\/extienden-apagones-10-horas-ecuador-situacion-energetica-orix\/\"},\"wordCount\":488,\"commentCount\":0,\"publisher\":{\"@id\":\"https:\/\/noticiasya.com\/#organization\"},\"articleSection\":[\"Noticias Nacionales\"],\"inLanguage\":\"es\",\"potentialAction\":[{\"@type\":\"CommentAction\",\"name\":\"Comment\",\"target\":[\"https:\/\/noticiasya.com\/2024\/10\/09\/extienden-apagones-10-horas-ecuador-situacion-energetica-orix\/#respond\"]}]},{\"@type\":\"WebPage\",\"@id\":\"https:\/\/noticiasya.com\/2024\/10\/09\/extienden-apagones-10-horas-ecuador-situacion-energetica-orix\/\",\"url\":\"https:\/\/noticiasya.com\/2024\/10\/09\/extienden-apagones-10-horas-ecuador-situacion-energetica-orix\/\",\"name\":\"Extienden los horarios de los apagones por hasta 10 horas en Ecuador ante la cr\u00edtica situaci\u00f3n energ\u00e9tica - Noticias\",\"isPartOf\":{\"@id\":\"https:\/\/noticiasya.com\/#website\"},\"datePublished\":\"2024-10-09T15:03:45+00:00\",\"breadcrumb\":{\"@id\":\"https:\/\/noticiasya.com\/2024\/10\/09\/extienden-apagones-10-horas-ecuador-situacion-energetica-orix\/#breadcrumb\"},\"inLanguage\":\"es\",\"potentialAction\":[{\"@type\":\"ReadAction\",\"target\":[\"https:\/\/noticiasya.com\/2024\/10\/09\/extienden-apagones-10-horas-ecuador-situacion-energetica-orix\/\"]}]},{\"@type\":\"BreadcrumbList\",\"@id\":\"https:\/\/noticiasya.com\/2024\/10\/09\/extienden-apagones-10-horas-ecuador-situacion-energetica-orix\/#breadcrumb\",\"itemListElement\":[{\"@type\":\"ListItem\",\"position\":1,\"name\":\"Home\",\"item\":\"https:\/\/noticiasya.com\/\"},{\"@type\":\"ListItem\",\"position\":2,\"name\":\"Extienden los horarios de los apagones por hasta 10 horas en Ecuador ante la cr\u00edtica situaci\u00f3n energ\u00e9tica\"}]},{\"@type\":\"WebSite\",\"@id\":\"https:\/\/noticiasya.com\/#website\",\"url\":\"https:\/\/noticiasya.com\/\",\"name\":\"Noticias\",\"description\":\"Lo que importa\",\"publisher\":{\"@id\":\"https:\/\/noticiasya.com\/#organization\"},\"potentialAction\":[{\"@type\":\"SearchAction\",\"target\":{\"@type\":\"EntryPoint\",\"urlTemplate\":\"https:\/\/noticiasya.com\/?s={search_term_string}\"},\"query-input\":{\"@type\":\"PropertyValueSpecification\",\"valueRequired\":true,\"valueName\":\"search_term_string\"}}],\"inLanguage\":\"es\"},{\"@type\":\"Organization\",\"@id\":\"https:\/\/noticiasya.com\/#organization\",\"name\":\"Noticias\",\"url\":\"https:\/\/noticiasya.com\/\",\"logo\":{\"@type\":\"ImageObject\",\"inLanguage\":\"es\",\"@id\":\"https:\/\/noticiasya.com\/#\/schema\/logo\/image\/\",\"url\":\"https:\/\/noticiasya.com\/wp-content\/uploads\/sites\/22\/2023\/12\/logo-nacional.png\",\"contentUrl\":\"https:\/\/noticiasya.com\/wp-content\/uploads\/sites\/22\/2023\/12\/logo-nacional.png\",\"width\":1801,\"height\":691,\"caption\":\"Noticias\"},\"image\":{\"@id\":\"https:\/\/noticiasya.com\/#\/schema\/logo\/image\/\"}}]}<\/script>\n<!-- \/ Yoast SEO plugin. -->","yoast_head_json":{"title":"Extienden los horarios de los apagones por hasta 10 horas en Ecuador ante la cr\u00edtica situaci\u00f3n energ\u00e9tica - Noticias","robots":{"index":"index","follow":"follow","max-snippet":"max-snippet:-1","max-image-preview":"max-image-preview:large","max-video-preview":"max-video-preview:-1"},"canonical":"https:\/\/noticiasya.com\/2024\/10\/09\/extienden-apagones-10-horas-ecuador-situacion-energetica-orix\/","og_locale":"es_ES","og_type":"article","og_title":"Extienden los horarios de los apagones por hasta 10 horas en Ecuador ante la cr\u00edtica situaci\u00f3n energ\u00e9tica - Noticias","og_description":"(CNN Espa\u00f1ol) &#8212;\u00a0 El ministro de Energ\u00eda de Ecuador, Antonio Goncalves, admiti\u00f3 este mi\u00e9rcoles en cadena nacional que la situaci\u00f3n energ\u00e9tica en el pa\u00eds se ha complicado m\u00e1s a casi un mes del inicio de nuevos apagones, y explic\u00f3 que, a partir del mediod\u00eda, se reprogramar\u00e1n los apagones por hasta 10 horas diarias, con excepci\u00f3n [&hellip;]","og_url":"https:\/\/noticiasya.com\/2024\/10\/09\/extienden-apagones-10-horas-ecuador-situacion-energetica-orix\/","og_site_name":"Noticias","article_published_time":"2024-10-09T15:03:45+00:00","twitter_card":"summary_large_image","twitter_misc":{"Est. reading time":"2 minutos"},"schema":{"@context":"https:\/\/schema.org","@graph":[{"@type":"Article","@id":"https:\/\/noticiasya.com\/2024\/10\/09\/extienden-apagones-10-horas-ecuador-situacion-energetica-orix\/#article","isPartOf":{"@id":"https:\/\/noticiasya.com\/2024\/10\/09\/extienden-apagones-10-horas-ecuador-situacion-energetica-orix\/"},"author":{"name":"","@id":""},"headline":"Extienden los horarios de los apagones por hasta 10 horas en Ecuador ante la cr\u00edtica situaci\u00f3n energ\u00e9tica","datePublished":"2024-10-09T15:03:45+00:00","mainEntityOfPage":{"@id":"https:\/\/noticiasya.com\/2024\/10\/09\/extienden-apagones-10-horas-ecuador-situacion-energetica-orix\/"},"wordCount":488,"commentCount":0,"publisher":{"@id":"https:\/\/noticiasya.com\/#organization"},"articleSection":["Noticias Nacionales"],"inLanguage":"es","potentialAction":[{"@type":"CommentAction","name":"Comment","target":["https:\/\/noticiasya.com\/2024\/10\/09\/extienden-apagones-10-horas-ecuador-situacion-energetica-orix\/#respond"]}]},{"@type":"WebPage","@id":"https:\/\/noticiasya.com\/2024\/10\/09\/extienden-apagones-10-horas-ecuador-situacion-energetica-orix\/","url":"https:\/\/noticiasya.com\/2024\/10\/09\/extienden-apagones-10-horas-ecuador-situacion-energetica-orix\/","name":"Extienden los horarios de los apagones por hasta 10 horas en Ecuador ante la cr\u00edtica situaci\u00f3n energ\u00e9tica - Noticias","isPartOf":{"@id":"https:\/\/noticiasya.com\/#website"},"datePublished":"2024-10-09T15:03:45+00:00","breadcrumb":{"@id":"https:\/\/noticiasya.com\/2024\/10\/09\/extienden-apagones-10-horas-ecuador-situacion-energetica-orix\/#breadcrumb"},"inLanguage":"es","potentialAction":[{"@type":"ReadAction","target":["https:\/\/noticiasya.com\/2024\/10\/09\/extienden-apagones-10-horas-ecuador-situacion-energetica-orix\/"]}]},{"@type":"BreadcrumbList","@id":"https:\/\/noticiasya.com\/2024\/10\/09\/extienden-apagones-10-horas-ecuador-situacion-energetica-orix\/#breadcrumb","itemListElement":[{"@type":"ListItem","position":1,"name":"Home","item":"https:\/\/noticiasya.com\/"},{"@type":"ListItem","position":2,"name":"Extienden los horarios de los apagones por hasta 10 horas en Ecuador ante la cr\u00edtica situaci\u00f3n energ\u00e9tica"}]},{"@type":"WebSite","@id":"https:\/\/noticiasya.com\/#website","url":"https:\/\/noticiasya.com\/","name":"Noticias","description":"Lo que importa","publisher":{"@id":"https:\/\/noticiasya.com\/#organization"},"potentialAction":[{"@type":"SearchAction","target":{"@type":"EntryPoint","urlTemplate":"https:\/\/noticiasya.com\/?s={search_term_string}"},"query-input":{"@type":"PropertyValueSpecification","valueRequired":true,"valueName":"search_term_string"}}],"inLanguage":"es"},{"@type":"Organization","@id":"https:\/\/noticiasya.com\/#organization","name":"Noticias","url":"https:\/\/noticiasya.com\/","logo":{"@type":"ImageObject","inLanguage":"es","@id":"https:\/\/noticiasya.com\/#\/schema\/logo\/image\/","url":"https:\/\/noticiasya.com\/wp-content\/uploads\/sites\/22\/2023\/12\/logo-nacional.png","contentUrl":"https:\/\/noticiasya.com\/wp-content\/uploads\/sites\/22\/2023\/12\/logo-nacional.png","width":1801,"height":691,"caption":"Noticias"},"image":{"@id":"https:\/\/noticiasya.com\/#\/schema\/logo\/image\/"}}]}},"parsely":{"version":"1.1.0","canonical_url":"https:\/\/noticiasya.com\/midland-odessa\/2024\/10\/09\/extienden-apagones-10-horas-ecuador-situacion-energetica-orix\/","smart_links":{"inbound":0,"outbound":0},"traffic_boost_suggestions_count":0,"meta":{"@context":"https:\/\/schema.org","@type":"NewsArticle","headline":"Extienden los horarios de los apagones por hasta 10 horas en Ecuador ante la cr\u00edtica situaci\u00f3n energ\u00e9tica","url":"http:\/\/noticiasya.com\/midland-odessa\/2024\/10\/09\/extienden-apagones-10-horas-ecuador-situacion-energetica-orix\/","mainEntityOfPage":{"@type":"WebPage","@id":"http:\/\/noticiasya.com\/midland-odessa\/2024\/10\/09\/extienden-apagones-10-horas-ecuador-situacion-energetica-orix\/"},"thumbnailUrl":"","image":{"@type":"ImageObject","url":""},"articleSection":"Noticias Nacionales","author":[],"creator":[],"publisher":{"@type":"Organization","name":"Noticias","logo":""},"keywords":[],"dateCreated":"2024-10-09T15:03:45Z","datePublished":"2024-10-09T15:03:45Z","dateModified":"2024-10-09T15:03:45Z"},"rendered":"<script type=\"application\/ld+json\" class=\"wp-parsely-metadata\">{\"@context\":\"https:\\\/\\\/schema.org\",\"@type\":\"NewsArticle\",\"headline\":\"Extienden los horarios de los apagones por hasta 10 horas en Ecuador ante la cr\\u00edtica situaci\\u00f3n energ\\u00e9tica\",\"url\":\"http:\\\/\\\/noticiasya.com\\\/midland-odessa\\\/2024\\\/10\\\/09\\\/extienden-apagones-10-horas-ecuador-situacion-energetica-orix\\\/\",\"mainEntityOfPage\":{\"@type\":\"WebPage\",\"@id\":\"http:\\\/\\\/noticiasya.com\\\/midland-odessa\\\/2024\\\/10\\\/09\\\/extienden-apagones-10-horas-ecuador-situacion-energetica-orix\\\/\"},\"thumbnailUrl\":\"\",\"image\":{\"@type\":\"ImageObject\",\"url\":\"\"},\"articleSection\":\"Noticias Nacionales\",\"author\":[],\"creator\":[],\"publisher\":{\"@type\":\"Organization\",\"name\":\"Noticias\",\"logo\":\"\"},\"keywords\":[],\"dateCreated\":\"2024-10-09T15:03:45Z\",\"datePublished\":\"2024-10-09T15:03:45Z\",\"dateModified\":\"2024-10-09T15:03:45Z\"}<\/script>","tracker_url":"https:\/\/cdn.parsely.com\/keys\/noticiasya.com\/p.js"},"jetpack_featured_media_url":"","jetpack-related-posts":[{"id":1455352,"url":"https:\/\/noticiasya.com\/midland-odessa\/2024\/10\/25\/ecuador-aumento-cortes-de-energia-crisis-orix\/","url_meta":{"origin":1455007,"position":0},"title":"Gobierno de Ecuador incrementa de 8 a 14 horas diarias los cortes de energ\u00eda y se agrava la crisis","author":"","date":"octubre 25, 2024","format":false,"excerpt":"(CNN Espa\u00f1ol) -- Se agrava la situaci\u00f3n energ\u00e9tica en Ecuador y la ministra encargada de Energ\u00eda y Minas, In\u00e9s Manzano, anunci\u00f3 la noche de este jueves que los cortes del servicio de electricidad se incrementar\u00e1n de 8 a 14 horas diarias pese a que el 17 de octubre el presidente\u2026","rel":"","context":"In &quot;Noticias Nacionales&quot;","block_context":{"text":"Noticias Nacionales","link":"https:\/\/noticiasya.com\/midland-odessa\/categoria\/noticias-nacionales"},"img":{"alt_text":"","src":"","width":0,"height":0},"classes":[]},{"id":1455729,"url":"https:\/\/noticiasya.com\/midland-odessa\/2024\/11\/10\/malestar-ecuador-cortes-energia-apagones-orix\/","url_meta":{"origin":1455007,"position":1},"title":"Crece el malestar en Ecuador debido a los cortes de energ\u00eda y el incumplimiento en los horarios de apagones","author":"","date":"noviembre 10, 2024","format":false,"excerpt":"(CNN Espa\u00f1ol) \u2013\u2013 Tras el anuncio gubernamental de un nuevo aumento de cortes de energ\u00eda en Ecuador a 12 horas diarias realizado este s\u00e1bado por el Ministerio de Energ\u00eda se desat\u00f3 una serie de reacciones de rechazo, indignaci\u00f3n y malestar entre la poblaci\u00f3n y los sectores sociales y econ\u00f3micos del\u2026","rel":"","context":"In &quot;Noticias Nacionales&quot;","block_context":{"text":"Noticias Nacionales","link":"https:\/\/noticiasya.com\/midland-odessa\/categoria\/noticias-nacionales"},"img":{"alt_text":"","src":"","width":0,"height":0},"classes":[]},{"id":1452952,"url":"https:\/\/noticiasya.com\/midland-odessa\/2024\/09\/23\/crisis-energetica-aumentan-apagones-ecuador-con-cortes-de-hasta-11-horas-al-dia-orix\/","url_meta":{"origin":1455007,"position":2},"title":"Crisis energ\u00e9tica: aumentan apagones en Ecuador con cortes de hasta 11 horas al d\u00eda","author":"","date":"septiembre 23, 2024","format":false,"excerpt":"(CNN Espa\u00f1ol) -- Cerca de la medianoche de este domingo y en medio de la crisis energ\u00e9tica por la que atraviesa Ecuador, el Gobierno emiti\u00f3 un nuevo comunicado en el que inform\u00f3 sobre cambios en los horarios de los apagones previstos para esta semana y que vendr\u00e1n acompa\u00f1ados de cortes\u2026","rel":"","context":"In &quot;Noticias Nacionales&quot;","block_context":{"text":"Noticias Nacionales","link":"https:\/\/noticiasya.com\/midland-odessa\/categoria\/noticias-nacionales"},"img":{"alt_text":"","src":"","width":0,"height":0},"classes":[]},{"id":1455402,"url":"https:\/\/noticiasya.com\/midland-odessa\/2024\/10\/28\/noboa-crisis-energetica-ecuador-petro-apagones-orix\/","url_meta":{"origin":1455007,"position":3},"title":"Noboa habla de la crisis energ\u00e9tica en Ecuador: plantea pedir apoyo a Petro y poner fin a los apagones en diciembre","author":"","date":"octubre 28, 2024","format":false,"excerpt":"(CNN Espa\u00f1ol) \u2013\u2013 El presidente de Ecuador, Daniel Noboa, afirm\u00f3 durante una entrevista este domingo que su hom\u00f3logo colombiano, Gustavo Petro, deber\u00eda reanudar la venta de energ\u00eda a su pa\u00eds y asegur\u00f3 que abordar\u00e1 esa petici\u00f3n el martes que visite Cali para participar en la Conferencia de las Naciones Unidas\u2026","rel":"","context":"In &quot;Noticias Nacionales&quot;","block_context":{"text":"Noticias Nacionales","link":"https:\/\/noticiasya.com\/midland-odessa\/categoria\/noticias-nacionales"},"img":{"alt_text":"","src":"","width":0,"height":0},"classes":[]},{"id":1448294,"url":"https:\/\/noticiasya.com\/midland-odessa\/2024\/04\/19\/estado-excepcion-mexico-situacion-emergencia-orix\/","url_meta":{"origin":1455007,"position":4},"title":"Noboa declara estado de excepci\u00f3n en Ecuador por la situaci\u00f3n de \u201cemergencia\u201d en el sector el\u00e9ctrico","author":"","date":"abril 19, 2024","format":false,"excerpt":"(CNN Espa\u00f1ol) --\u00a0El presidente de Ecuador, Daniel Noboa, declar\u00f3 un nuevo estado de excepci\u00f3n por 60 d\u00edas debido a lo que describi\u00f3 como una situaci\u00f3n de emergencia en el sector el\u00e9ctrico del pa\u00eds, de acuerdo con el decreto publicado este viernes.La declaratoria ocurre la misma semana en la que se\u2026","rel":"","context":"In &quot;Noticias Nacionales&quot;","block_context":{"text":"Noticias Nacionales","link":"https:\/\/noticiasya.com\/midland-odessa\/categoria\/noticias-nacionales"},"img":{"alt_text":"","src":"","width":0,"height":0},"classes":[]},{"id":1455704,"url":"https:\/\/noticiasya.com\/midland-odessa\/2024\/11\/09\/ecuador-aumentar-cortes-luz-12-horas-diarias-orix\/","url_meta":{"origin":1455007,"position":5},"title":"Gobierno de Ecuador vuelve a aumentar los cortes de luz a hasta 12 horas diarias","author":"","date":"noviembre 9, 2024","format":false,"excerpt":"(CNN Espa\u00f1ol) -- El Gobierno de Ecuador anunci\u00f3 este s\u00e1bado que aumentar\u00e1 de nuevo la duraci\u00f3n de los cortes de luz a hasta 12 horas diarias durante este fin de semana, de acuerdo con un comunicado del Ministerio de Energ\u00eda y Minas.\"Los racionamientos estar\u00e1n vigentes desde el s\u00e1bado 9 de\u2026","rel":"","context":"In &quot;Noticias Nacionales&quot;","block_context":{"text":"Noticias Nacionales","link":"https:\/\/noticiasya.com\/midland-odessa\/categoria\/noticias-nacionales"},"img":{"alt_text":"","src":"","width":0,"height":0},"classes":[]}],"jetpack_sharing_enabled":true,"_links":{"self":[{"href":"https:\/\/noticiasya.com\/midland-odessa\/wp-json\/wp\/v2\/posts\/1455007","targetHints":{"allow":["GET"]}}],"collection":[{"href":"https:\/\/noticiasya.com\/midland-odessa\/wp-json\/wp\/v2\/posts"}],"about":[{"href":"https:\/\/noticiasya.com\/midland-odessa\/wp-json\/wp\/v2\/types\/post"}],"replies":[{"embeddable":true,"href":"https:\/\/noticiasya.com\/midland-odessa\/wp-json\/wp\/v2\/comments?post=1455007"}],"version-history":[{"count":0,"href":"https:\/\/noticiasya.com\/midland-odessa\/wp-json\/wp\/v2\/posts\/1455007\/revisions"}],"wp:attachment":[{"href":"https:\/\/noticiasya.com\/midland-odessa\/wp-json\/wp\/v2\/media?parent=1455007"}],"wp:term":[{"taxonomy":"category","embeddable":true,"href":"https:\/\/noticiasya.com\/midland-odessa\/wp-json\/wp\/v2\/categories?post=1455007"},{"taxonomy":"post_tag","embeddable":true,"href":"https:\/\/noticiasya.com\/midland-odessa\/wp-json\/wp\/v2\/tags?post=1455007"}],"curies":[{"name":"wp","href":"https:\/\/api.w.org\/{rel}","templated":true}]}}