{"id":1455024,"date":"2024-10-10T13:03:40","date_gmt":"2024-10-10T20:03:40","guid":{"rendered":"https:\/\/noticiasya.com\/2024\/10\/10\/no-entregar-premio-nobel-paz-guerras-trax\/"},"modified":"2024-10-10T13:03:40","modified_gmt":"2024-10-10T20:03:40","slug":"no-entregar-premio-nobel-paz-guerras-trax","status":"publish","type":"post","link":"https:\/\/noticiasya.com\/midland-odessa\/2024\/10\/10\/no-entregar-premio-nobel-paz-guerras-trax\/","title":{"rendered":"Nadie deber\u00eda ganar el Premio Nobel de la Paz que se entrega ma\u00f1ana, dice el director del SIPRI"},"content":{"rendered":"<p>(CNN) &#8212;\u00a0Cuando se anuncie el ganador del Premio Nobel de la Paz en Suecia este viernes, Israel y el L\u00edbano estar\u00e1n entre los m\u00e1s de 50 pa\u00edses que experimentan conflictos armados.<\/p>\n<p>Por esa raz\u00f3n \u2014y para enviar un mensaje de que \u201clas instituciones del orden mundial parecen incapaces\u201d de reducir el conflicto\u2014 el Comit\u00e9 Nobel no deber\u00eda entregar el premio de la paz de este a\u00f1o, dijo a CNN Dan Smith, director del Instituto Internacional de Investigaci\u00f3n para la Paz de Estocolmo (SIPRI, por sus siglas en ingl\u00e9s).<\/p>\n<p>Adem\u00e1s de la guerra en Medio Oriente, hay conflictos que azotan Ucrania, Sud\u00e1n, \u00c1frica occidental, Hait\u00ed, Myanmar y otros lugares, dijo Smith, una de las principales autoridades mundiales en el premio de la paz.<\/p>\n<p>&#171;Hay combates y matanzas a una escala que no hab\u00edamos experimentado desde antes del final de la Guerra Fr\u00eda&#187;, dijo. &#171;De alguna manera necesitamos centrar m\u00e1s energ\u00eda y atenci\u00f3n en eso&#187;.<\/p>\n<p>Otorgan el Premio Nobel de Qu\u00edmica a cient\u00edficos que usaron la IA para \u201cdescifrar el c\u00f3digo\u201d de casi todas las prote\u00ednas<\/p>\n<p>Su \u201cmodesta sugerencia\u201d es que el comit\u00e9 retenga el honor este a\u00f1o para resaltar \u201cla deficiencia en la pol\u00edtica mundial en este momento\u201d.<\/p>\n<p>Anteriormente, el Premio Nobel de la Paz ha sido retenido en 19 ocasiones, incluso durante la Primera y Segunda Guerra Mundial. Sin embargo, desde 1972 se ha otorgado cada a\u00f1o ininterrumpidamente.<\/p>\n<p>Si bien hay muchos ganadores potenciales dignos, no entregar el premio \u201cenviar\u00eda un mensaje muy poderoso\u201d, dijo Smith.<\/p>\n<p>\u201cAl menos por un momento, las personas que leen peri\u00f3dicos, ven historias de televisi\u00f3n y escuchan las noticias de la radio se ver\u00edan m\u00e1s o menos obligadas a contemplar el hecho de que vivimos en un planeta armado y en guerra, y realmente debemos prestar atenci\u00f3n a ese problema\u201d, dijo.<\/p>\n<p>The-CNN-Wire<br \/>&trade; &amp; &copy; 2024 Cable News Network, Inc., a Warner Bros. Discovery Company. All rights reserved.<\/p>\n","protected":false},"excerpt":{"rendered":"<p>(CNN) &#8212;\u00a0Cuando se anuncie el ganador del Premio Nobel de la Paz en Suecia este viernes, Israel y el L\u00edbano estar\u00e1n entre los m\u00e1s de 50 pa\u00edses que experimentan conflictos armados. Por esa raz\u00f3n \u2014y para enviar un mensaje de que \u201clas instituciones del orden mundial parecen incapaces\u201d de reducir el conflicto\u2014 el Comit\u00e9 Nobel [&hellip;]<\/p>\n","protected":false},"author":0,"featured_media":0,"comment_status":"open","ping_status":"open","sticky":false,"template":"","format":"standard","meta":{"_jetpack_memberships_contains_paid_content":false,"footnotes":""},"categories":[10],"tags":[],"class_list":["post-1455024","post","type-post","status-publish","format-standard","hentry","category-noticias-nacionales","market-global"],"yoast_head":"<!-- This site is optimized with the Yoast SEO plugin v24.4 - https:\/\/yoast.com\/wordpress\/plugins\/seo\/ -->\n<title>Nadie deber\u00eda ganar el Premio Nobel de la Paz que se entrega ma\u00f1ana, dice el director del SIPRI - Noticias<\/title>\n<meta name=\"robots\" content=\"index, follow, max-snippet:-1, max-image-preview:large, max-video-preview:-1\" \/>\n<link rel=\"canonical\" href=\"https:\/\/noticiasya.com\/2024\/10\/10\/no-entregar-premio-nobel-paz-guerras-trax\/\" \/>\n<meta property=\"og:locale\" content=\"es_ES\" \/>\n<meta property=\"og:type\" content=\"article\" \/>\n<meta property=\"og:title\" content=\"Nadie deber\u00eda ganar el Premio Nobel de la Paz que se entrega ma\u00f1ana, dice el director del SIPRI - Noticias\" \/>\n<meta property=\"og:description\" content=\"(CNN) &#8212;\u00a0Cuando se anuncie el ganador del Premio Nobel de la Paz en Suecia este viernes, Israel y el L\u00edbano estar\u00e1n entre los m\u00e1s de 50 pa\u00edses que experimentan conflictos armados. Por esa raz\u00f3n \u2014y para enviar un mensaje de que \u201clas instituciones del orden mundial parecen incapaces\u201d de reducir el conflicto\u2014 el Comit\u00e9 Nobel [&hellip;]\" \/>\n<meta property=\"og:url\" content=\"https:\/\/noticiasya.com\/2024\/10\/10\/no-entregar-premio-nobel-paz-guerras-trax\/\" \/>\n<meta property=\"og:site_name\" content=\"Noticias\" \/>\n<meta property=\"article:published_time\" content=\"2024-10-10T20:03:40+00:00\" \/>\n<meta name=\"twitter:card\" content=\"summary_large_image\" \/>\n<meta name=\"twitter:label1\" content=\"Est. reading time\" \/>\n\t<meta name=\"twitter:data1\" content=\"2 minutos\" \/>\n<script type=\"application\/ld+json\" class=\"yoast-schema-graph\">{\"@context\":\"https:\/\/schema.org\",\"@graph\":[{\"@type\":\"Article\",\"@id\":\"https:\/\/noticiasya.com\/2024\/10\/10\/no-entregar-premio-nobel-paz-guerras-trax\/#article\",\"isPartOf\":{\"@id\":\"https:\/\/noticiasya.com\/2024\/10\/10\/no-entregar-premio-nobel-paz-guerras-trax\/\"},\"author\":{\"name\":\"\",\"@id\":\"\"},\"headline\":\"Nadie deber\u00eda ganar el Premio Nobel de la Paz que se entrega ma\u00f1ana, dice el director del SIPRI\",\"datePublished\":\"2024-10-10T20:03:40+00:00\",\"mainEntityOfPage\":{\"@id\":\"https:\/\/noticiasya.com\/2024\/10\/10\/no-entregar-premio-nobel-paz-guerras-trax\/\"},\"wordCount\":359,\"commentCount\":0,\"publisher\":{\"@id\":\"https:\/\/noticiasya.com\/#organization\"},\"articleSection\":[\"Noticias Nacionales\"],\"inLanguage\":\"es\",\"potentialAction\":[{\"@type\":\"CommentAction\",\"name\":\"Comment\",\"target\":[\"https:\/\/noticiasya.com\/2024\/10\/10\/no-entregar-premio-nobel-paz-guerras-trax\/#respond\"]}]},{\"@type\":\"WebPage\",\"@id\":\"https:\/\/noticiasya.com\/2024\/10\/10\/no-entregar-premio-nobel-paz-guerras-trax\/\",\"url\":\"https:\/\/noticiasya.com\/2024\/10\/10\/no-entregar-premio-nobel-paz-guerras-trax\/\",\"name\":\"Nadie deber\u00eda ganar el Premio Nobel de la Paz que se entrega ma\u00f1ana, dice el director del SIPRI - Noticias\",\"isPartOf\":{\"@id\":\"https:\/\/noticiasya.com\/#website\"},\"datePublished\":\"2024-10-10T20:03:40+00:00\",\"breadcrumb\":{\"@id\":\"https:\/\/noticiasya.com\/2024\/10\/10\/no-entregar-premio-nobel-paz-guerras-trax\/#breadcrumb\"},\"inLanguage\":\"es\",\"potentialAction\":[{\"@type\":\"ReadAction\",\"target\":[\"https:\/\/noticiasya.com\/2024\/10\/10\/no-entregar-premio-nobel-paz-guerras-trax\/\"]}]},{\"@type\":\"BreadcrumbList\",\"@id\":\"https:\/\/noticiasya.com\/2024\/10\/10\/no-entregar-premio-nobel-paz-guerras-trax\/#breadcrumb\",\"itemListElement\":[{\"@type\":\"ListItem\",\"position\":1,\"name\":\"Home\",\"item\":\"https:\/\/noticiasya.com\/\"},{\"@type\":\"ListItem\",\"position\":2,\"name\":\"Nadie deber\u00eda ganar el Premio Nobel de la Paz que se entrega ma\u00f1ana, dice el director del SIPRI\"}]},{\"@type\":\"WebSite\",\"@id\":\"https:\/\/noticiasya.com\/#website\",\"url\":\"https:\/\/noticiasya.com\/\",\"name\":\"Noticias\",\"description\":\"Lo que importa\",\"publisher\":{\"@id\":\"https:\/\/noticiasya.com\/#organization\"},\"potentialAction\":[{\"@type\":\"SearchAction\",\"target\":{\"@type\":\"EntryPoint\",\"urlTemplate\":\"https:\/\/noticiasya.com\/?s={search_term_string}\"},\"query-input\":{\"@type\":\"PropertyValueSpecification\",\"valueRequired\":true,\"valueName\":\"search_term_string\"}}],\"inLanguage\":\"es\"},{\"@type\":\"Organization\",\"@id\":\"https:\/\/noticiasya.com\/#organization\",\"name\":\"Noticias\",\"url\":\"https:\/\/noticiasya.com\/\",\"logo\":{\"@type\":\"ImageObject\",\"inLanguage\":\"es\",\"@id\":\"https:\/\/noticiasya.com\/#\/schema\/logo\/image\/\",\"url\":\"https:\/\/noticiasya.com\/wp-content\/uploads\/sites\/22\/2023\/12\/logo-nacional.png\",\"contentUrl\":\"https:\/\/noticiasya.com\/wp-content\/uploads\/sites\/22\/2023\/12\/logo-nacional.png\",\"width\":1801,\"height\":691,\"caption\":\"Noticias\"},\"image\":{\"@id\":\"https:\/\/noticiasya.com\/#\/schema\/logo\/image\/\"}}]}<\/script>\n<!-- \/ Yoast SEO plugin. -->","yoast_head_json":{"title":"Nadie deber\u00eda ganar el Premio Nobel de la Paz que se entrega ma\u00f1ana, dice el director del SIPRI - Noticias","robots":{"index":"index","follow":"follow","max-snippet":"max-snippet:-1","max-image-preview":"max-image-preview:large","max-video-preview":"max-video-preview:-1"},"canonical":"https:\/\/noticiasya.com\/2024\/10\/10\/no-entregar-premio-nobel-paz-guerras-trax\/","og_locale":"es_ES","og_type":"article","og_title":"Nadie deber\u00eda ganar el Premio Nobel de la Paz que se entrega ma\u00f1ana, dice el director del SIPRI - Noticias","og_description":"(CNN) &#8212;\u00a0Cuando se anuncie el ganador del Premio Nobel de la Paz en Suecia este viernes, Israel y el L\u00edbano estar\u00e1n entre los m\u00e1s de 50 pa\u00edses que experimentan conflictos armados. Por esa raz\u00f3n \u2014y para enviar un mensaje de que \u201clas instituciones del orden mundial parecen incapaces\u201d de reducir el conflicto\u2014 el Comit\u00e9 Nobel [&hellip;]","og_url":"https:\/\/noticiasya.com\/2024\/10\/10\/no-entregar-premio-nobel-paz-guerras-trax\/","og_site_name":"Noticias","article_published_time":"2024-10-10T20:03:40+00:00","twitter_card":"summary_large_image","twitter_misc":{"Est. reading time":"2 minutos"},"schema":{"@context":"https:\/\/schema.org","@graph":[{"@type":"Article","@id":"https:\/\/noticiasya.com\/2024\/10\/10\/no-entregar-premio-nobel-paz-guerras-trax\/#article","isPartOf":{"@id":"https:\/\/noticiasya.com\/2024\/10\/10\/no-entregar-premio-nobel-paz-guerras-trax\/"},"author":{"name":"","@id":""},"headline":"Nadie deber\u00eda ganar el Premio Nobel de la Paz que se entrega ma\u00f1ana, dice el director del SIPRI","datePublished":"2024-10-10T20:03:40+00:00","mainEntityOfPage":{"@id":"https:\/\/noticiasya.com\/2024\/10\/10\/no-entregar-premio-nobel-paz-guerras-trax\/"},"wordCount":359,"commentCount":0,"publisher":{"@id":"https:\/\/noticiasya.com\/#organization"},"articleSection":["Noticias Nacionales"],"inLanguage":"es","potentialAction":[{"@type":"CommentAction","name":"Comment","target":["https:\/\/noticiasya.com\/2024\/10\/10\/no-entregar-premio-nobel-paz-guerras-trax\/#respond"]}]},{"@type":"WebPage","@id":"https:\/\/noticiasya.com\/2024\/10\/10\/no-entregar-premio-nobel-paz-guerras-trax\/","url":"https:\/\/noticiasya.com\/2024\/10\/10\/no-entregar-premio-nobel-paz-guerras-trax\/","name":"Nadie deber\u00eda ganar el Premio Nobel de la Paz que se entrega ma\u00f1ana, dice el director del SIPRI - Noticias","isPartOf":{"@id":"https:\/\/noticiasya.com\/#website"},"datePublished":"2024-10-10T20:03:40+00:00","breadcrumb":{"@id":"https:\/\/noticiasya.com\/2024\/10\/10\/no-entregar-premio-nobel-paz-guerras-trax\/#breadcrumb"},"inLanguage":"es","potentialAction":[{"@type":"ReadAction","target":["https:\/\/noticiasya.com\/2024\/10\/10\/no-entregar-premio-nobel-paz-guerras-trax\/"]}]},{"@type":"BreadcrumbList","@id":"https:\/\/noticiasya.com\/2024\/10\/10\/no-entregar-premio-nobel-paz-guerras-trax\/#breadcrumb","itemListElement":[{"@type":"ListItem","position":1,"name":"Home","item":"https:\/\/noticiasya.com\/"},{"@type":"ListItem","position":2,"name":"Nadie deber\u00eda ganar el Premio Nobel de la Paz que se entrega ma\u00f1ana, dice el director del SIPRI"}]},{"@type":"WebSite","@id":"https:\/\/noticiasya.com\/#website","url":"https:\/\/noticiasya.com\/","name":"Noticias","description":"Lo que importa","publisher":{"@id":"https:\/\/noticiasya.com\/#organization"},"potentialAction":[{"@type":"SearchAction","target":{"@type":"EntryPoint","urlTemplate":"https:\/\/noticiasya.com\/?s={search_term_string}"},"query-input":{"@type":"PropertyValueSpecification","valueRequired":true,"valueName":"search_term_string"}}],"inLanguage":"es"},{"@type":"Organization","@id":"https:\/\/noticiasya.com\/#organization","name":"Noticias","url":"https:\/\/noticiasya.com\/","logo":{"@type":"ImageObject","inLanguage":"es","@id":"https:\/\/noticiasya.com\/#\/schema\/logo\/image\/","url":"https:\/\/noticiasya.com\/wp-content\/uploads\/sites\/22\/2023\/12\/logo-nacional.png","contentUrl":"https:\/\/noticiasya.com\/wp-content\/uploads\/sites\/22\/2023\/12\/logo-nacional.png","width":1801,"height":691,"caption":"Noticias"},"image":{"@id":"https:\/\/noticiasya.com\/#\/schema\/logo\/image\/"}}]}},"parsely":{"version":"1.1.0","canonical_url":"https:\/\/noticiasya.com\/midland-odessa\/2024\/10\/10\/no-entregar-premio-nobel-paz-guerras-trax\/","smart_links":{"inbound":0,"outbound":0},"traffic_boost_suggestions_count":0,"meta":{"@context":"https:\/\/schema.org","@type":"NewsArticle","headline":"Nadie deber\u00eda ganar el Premio Nobel de la Paz que se entrega ma\u00f1ana, dice el director del SIPRI","url":"http:\/\/noticiasya.com\/midland-odessa\/2024\/10\/10\/no-entregar-premio-nobel-paz-guerras-trax\/","mainEntityOfPage":{"@type":"WebPage","@id":"http:\/\/noticiasya.com\/midland-odessa\/2024\/10\/10\/no-entregar-premio-nobel-paz-guerras-trax\/"},"thumbnailUrl":"","image":{"@type":"ImageObject","url":""},"articleSection":"Noticias Nacionales","author":[],"creator":[],"publisher":{"@type":"Organization","name":"Noticias","logo":""},"keywords":[],"dateCreated":"2024-10-10T20:03:40Z","datePublished":"2024-10-10T20:03:40Z","dateModified":"2024-10-10T20:03:40Z"},"rendered":"<script type=\"application\/ld+json\" class=\"wp-parsely-metadata\">{\"@context\":\"https:\\\/\\\/schema.org\",\"@type\":\"NewsArticle\",\"headline\":\"Nadie deber\\u00eda ganar el Premio Nobel de la Paz que se entrega ma\\u00f1ana, dice el director del SIPRI\",\"url\":\"http:\\\/\\\/noticiasya.com\\\/midland-odessa\\\/2024\\\/10\\\/10\\\/no-entregar-premio-nobel-paz-guerras-trax\\\/\",\"mainEntityOfPage\":{\"@type\":\"WebPage\",\"@id\":\"http:\\\/\\\/noticiasya.com\\\/midland-odessa\\\/2024\\\/10\\\/10\\\/no-entregar-premio-nobel-paz-guerras-trax\\\/\"},\"thumbnailUrl\":\"\",\"image\":{\"@type\":\"ImageObject\",\"url\":\"\"},\"articleSection\":\"Noticias Nacionales\",\"author\":[],\"creator\":[],\"publisher\":{\"@type\":\"Organization\",\"name\":\"Noticias\",\"logo\":\"\"},\"keywords\":[],\"dateCreated\":\"2024-10-10T20:03:40Z\",\"datePublished\":\"2024-10-10T20:03:40Z\",\"dateModified\":\"2024-10-10T20:03:40Z\"}<\/script>","tracker_url":"https:\/\/cdn.parsely.com\/keys\/noticiasya.com\/p.js"},"jetpack_featured_media_url":"","jetpack-related-posts":[{"id":1467261,"url":"https:\/\/noticiasya.com\/midland-odessa\/2025\/10\/10\/putin-nobel-paz-machado-trump-orix\/","url_meta":{"origin":1455024,"position":0},"title":"Putin dice que el Nobel de Paz ha sido otorgado en ocasiones &#171;a personas que no han hecho nada por la paz&#187; y elogia a Trump","author":"","date":"octubre 10, 2025","format":false,"excerpt":"El presidente de Rusia, Vladimir Putin, dijo este viernes que \u201cha habido casos en los que el Comit\u00e9 ha otorgado el Premio Nobel de la Paz a personas que no han hecho nada por la paz\u201d, horas despu\u00e9s de que el Comit\u00e9 Noruego anunciara su decisi\u00f3n de galardonar a la\u2026","rel":"","context":"In &quot;Noticias Nacionales&quot;","block_context":{"text":"Noticias Nacionales","link":"https:\/\/noticiasya.com\/midland-odessa\/categoria\/noticias-nacionales"},"img":{"alt_text":"","src":"","width":0,"height":0},"classes":[]},{"id":1467277,"url":"https:\/\/noticiasya.com\/midland-odessa\/2025\/10\/10\/trump-habla-machado-premio-nobel-paz-trax\/","url_meta":{"origin":1455024,"position":1},"title":"Trump habla con Machado despu\u00e9s de que su Gobierno criticara la decisi\u00f3n de otorgarle el Premio Nobel de la Paz","author":"","date":"octubre 10, 2025","format":false,"excerpt":"El presidente de Estados Unidos, Donald Trump, habl\u00f3 este viernes con la opositora venezolana y ganadora del Premio Nobel de la Paz, Mar\u00eda Corina Machado, seg\u00fan inform\u00f3 la Casa Blanca, despu\u00e9s de que el Gobierno de EE.UU. criticara al comit\u00e9 que le otorg\u00f3 el galard\u00f3n.Trump ha manifestado en varias ocasiones\u2026","rel":"","context":"In &quot;Noticias Nacionales&quot;","block_context":{"text":"Noticias Nacionales","link":"https:\/\/noticiasya.com\/midland-odessa\/categoria\/noticias-nacionales"},"img":{"alt_text":"","src":"","width":0,"height":0},"classes":[]},{"id":1470152,"url":"https:\/\/noticiasya.com\/midland-odessa\/2026\/01\/16\/revocar-nobel-paz-machado-trump-orix\/","url_meta":{"origin":1455024,"position":2},"title":"\u00bfSe puede revocar el Premio Nobel de Paz? El gesto de Machado y Trump desata pol\u00e9mica","author":"","date":"enero 16, 2026","format":false,"excerpt":"Mar\u00eda Corina Machado llev\u00f3 la medalla del Nobel de Paz que le otorgaron a la Casa Blanca. Se la entreg\u00f3 a Donald Trump. Se tomaron una foto. Trump public\u00f3 en su red social: \u201cMar\u00eda me present\u00f3 su Premio Nobel de la Paz\u201d. El Centro Nobel de la Paz hab\u00eda tuiteado\u2026","rel":"","context":"In &quot;Noticias Nacionales&quot;","block_context":{"text":"Noticias Nacionales","link":"https:\/\/noticiasya.com\/midland-odessa\/categoria\/noticias-nacionales"},"img":{"alt_text":"","src":"","width":0,"height":0},"classes":[]},{"id":1467253,"url":"https:\/\/noticiasya.com\/midland-odessa\/2025\/10\/10\/premio-nobel-paz-maria-corina-machado-lider-opositora-venezolana-trax\/","url_meta":{"origin":1455024,"position":3},"title":"Premio Nobel de la Paz para Mar\u00eda Corina Machado, l\u00edder opositora venezolana","author":"","date":"octubre 10, 2025","format":false,"excerpt":"El Premio Nobel de la Paz 2025 fue otorgado a Mar\u00eda Corina Machado por \u201cpromover los derechos democr\u00e1ticos del pueblo de Venezuela\u201d.El Comit\u00e9 Noruego del Nobel afirm\u00f3 que Mar\u00eda Corina Machado hab\u00eda ayudado a \u201cmantener encendida la llama de la democracia frente a una oscuridad creciente\u201d.Al anunciar el premio en\u2026","rel":"","context":"In &quot;Noticias Nacionales&quot;","block_context":{"text":"Noticias Nacionales","link":"https:\/\/noticiasya.com\/midland-odessa\/categoria\/noticias-nacionales"},"img":{"alt_text":"","src":"","width":0,"height":0},"classes":[]},{"id":1467270,"url":"https:\/\/noticiasya.com\/midland-odessa\/2025\/10\/10\/reacciones-nobel-paz-maria-corina-machado-orix\/","url_meta":{"origin":1455024,"position":4},"title":"&#171;El pueblo venezolano ha sufrido mucho&#187;. Las reacciones en la regi\u00f3n y el mundo al Nobel de la Paz a Mar\u00eda Corina Machado","author":"","date":"octubre 10, 2025","format":false,"excerpt":"\u201cNo tengo palabras\u201d, asegur\u00f3 Mar\u00eda Corina Machado al enterarse de que le otorgaron el Premio Nobel de la Paz. Poco despu\u00e9s de conocerse la noticia este viernes, l\u00edderes de Am\u00e9rica Latina y el mundo reaccionaron con apoyos y felicitaciones al reconocimiento del Comit\u00e9 Noruego del Nobel a la dirigente de\u2026","rel":"","context":"In &quot;Noticias Nacionales&quot;","block_context":{"text":"Noticias Nacionales","link":"https:\/\/noticiasya.com\/midland-odessa\/categoria\/noticias-nacionales"},"img":{"alt_text":"","src":"","width":0,"height":0},"classes":[]},{"id":1455037,"url":"https:\/\/noticiasya.com\/midland-odessa\/2024\/10\/11\/premio-nobel-paz-lo-que-debes-saber-orix\/","url_meta":{"origin":1455024,"position":5},"title":"Todo lo que debes saber sobre el Premio Nobel de la Paz","author":"","date":"octubre 11, 2024","format":false,"excerpt":"(CNN Espa\u00f1ol) -- El Premio Nobel de la Paz 2024 a\u00fan no se ha otorgado. Se anunciar\u00e1 el viernes 11 de octubre a las 6 ET. Aqu\u00ed te contamos todo lo que debes saber sobre este premio.El Premio Nobel de la Paz ha sido otorgado 104 veces entre 1901 y\u2026","rel":"","context":"In &quot;Noticias Nacionales&quot;","block_context":{"text":"Noticias Nacionales","link":"https:\/\/noticiasya.com\/midland-odessa\/categoria\/noticias-nacionales"},"img":{"alt_text":"","src":"","width":0,"height":0},"classes":[]}],"jetpack_sharing_enabled":true,"_links":{"self":[{"href":"https:\/\/noticiasya.com\/midland-odessa\/wp-json\/wp\/v2\/posts\/1455024","targetHints":{"allow":["GET"]}}],"collection":[{"href":"https:\/\/noticiasya.com\/midland-odessa\/wp-json\/wp\/v2\/posts"}],"about":[{"href":"https:\/\/noticiasya.com\/midland-odessa\/wp-json\/wp\/v2\/types\/post"}],"replies":[{"embeddable":true,"href":"https:\/\/noticiasya.com\/midland-odessa\/wp-json\/wp\/v2\/comments?post=1455024"}],"version-history":[{"count":0,"href":"https:\/\/noticiasya.com\/midland-odessa\/wp-json\/wp\/v2\/posts\/1455024\/revisions"}],"wp:attachment":[{"href":"https:\/\/noticiasya.com\/midland-odessa\/wp-json\/wp\/v2\/media?parent=1455024"}],"wp:term":[{"taxonomy":"category","embeddable":true,"href":"https:\/\/noticiasya.com\/midland-odessa\/wp-json\/wp\/v2\/categories?post=1455024"},{"taxonomy":"post_tag","embeddable":true,"href":"https:\/\/noticiasya.com\/midland-odessa\/wp-json\/wp\/v2\/tags?post=1455024"}],"curies":[{"name":"wp","href":"https:\/\/api.w.org\/{rel}","templated":true}]}}