{"id":1455033,"date":"2024-10-10T20:03:47","date_gmt":"2024-10-11T03:03:47","guid":{"rendered":"https:\/\/noticiasya.com\/2024\/10\/10\/senado-mexico-aprueba-reglas-eleccion-judicial-orix\/"},"modified":"2024-10-10T20:03:47","modified_gmt":"2024-10-11T03:03:47","slug":"senado-mexico-aprueba-reglas-eleccion-judicial-orix","status":"publish","type":"post","link":"https:\/\/noticiasya.com\/midland-odessa\/2024\/10\/10\/senado-mexico-aprueba-reglas-eleccion-judicial-orix\/","title":{"rendered":"Senado de M\u00e9xico aprueba las reglas para la elecci\u00f3n judicial en 2025"},"content":{"rendered":"<p>(CNN Espa\u00f1ol) \u2013\u2013 La C\u00e1mara de Senadores de M\u00e9xico aprob\u00f3 este jueves en lo general y particular el dictamen que modifica leyes secundarias de la ya promulgada reforma judicial enviadas el 7 de octubre por la presidenta de M\u00e9xico, Claudia Sheinbaum. El dictamen aprobado establece el proceso a seguir para la elecci\u00f3n de jueces, magistrados y ministros en 2025.<\/p>\n<p>Con 81 votos a favor y 40 en contra en lo general, quedaron aprobadas las reformas a la Ley General del Sistema de Medios de Impugnaci\u00f3n y la Ley General de Procedimientos Electorales, en materia de elecci\u00f3n de las personas juzgadoras el 1 de junio de 2025.<\/p>\n<p>Sheinbaum dice que la Suprema Corte \u201cno puede poner limitaciones\u201d en la reforma del Poder Judicial<\/p>\n<p>El dictamen fue aprobado en lo particular con 79 votos a favor y 39 en contra con la mayor\u00eda calificada alcanzada por el partido oficialista Morena y sus aliados, los partidos Verde Ecologista y del Trabajo.<\/p>\n<p>La discusi\u00f3n de los dict\u00e1menes de las reformas gir\u00f3 en torno a la decisi\u00f3n de Morena de retirar una adici\u00f3n que propon\u00eda el \u201cderecho de veto\u201d en contra de candidatos a juzgadores por parte de los poderes ejecutivo, legislativo y judicial.<\/p>\n<p>El senador Ignacio Mier, vicecoordinador de la bancada de Morena, anunci\u00f3 el retiro de esa propuesta luego de que la presidenta Sheinbaum manifestara este jueves su desacuerdo con el veto a las listas de aspirantes a juzgadores que emitir\u00e1n los comit\u00e9s de evaluaci\u00f3n.<\/p>\n<p>\u201cNo va a haber ning\u00fan veto para ninguno de los aspirantes\u201d, afirm\u00f3 Mier durante su intervenci\u00f3n en una sesi\u00f3n que dur\u00f3 cerca de ocho horas. Seg\u00fan el senador oficialista, el cambio fue impulsado por algunos legisladores.<\/p>\n<p>Durante la sesi\u00f3n en el Pleno, la oposici\u00f3n rechaz\u00f3 la reforma a las leyes secundarias tras argumentar &#171;falta de di\u00e1logo&#187; con Morena y subrayar la posibilidad de &#171;riesgos significativos para la democracia&#187;.<\/p>\n<p>\u201cEstas reformas se presentaron hace tres d\u00edas, \u00bfcu\u00e1l tiempo para estudio? \u00bfCu\u00e1l apertura para el debate? Precisamente por esta ausencia de di\u00e1logo se cometen errores en el proceso\u201d, expres\u00f3 Luis Donaldo Colosio Riojas, senador del partido Movimiento Ciudadano.<\/p>\n<p>Experto explica que la admisi\u00f3n de revisi\u00f3n a la reforma judicial en la Corte no echa abajo el proyecto<\/p>\n<p>&#171;Estas reformas, que pretenden ser un avance en la modernizaci\u00f3n de nuestro sistema judicial, ocultan la verdad de los riesgos significativos para la democracia y el Estado de Derecho de nuestro pa\u00eds\u201d, acus\u00f3 la senadora del Partido Revolucionario Institucional (PRI), Karla Guadalupe Toledo.<\/p>\n<p>La discusi\u00f3n en el Pleno del Senado sobre las leyes secundarias de la reforma judicial tiene lugar en medio de una divisi\u00f3n al interior del poder judicial, luego de que el Consejo de la Judicatura Federal avalara mediante votaci\u00f3n entregar a la C\u00e1mara de Senadores la informaci\u00f3n requerida para la elecci\u00f3n del poder judicial en 2025, una medida rechazada tajantemente por integrantes de la Asociaci\u00f3n de Jueces y Magistrados de M\u00e9xico (Jufed).<\/p>\n<p>El pr\u00f3ximo s\u00e1bado, la C\u00e1mara de Senadores tiene programado realizar el proceso de insaculaci\u00f3n (t\u00f3mbola) para definir qu\u00e9 cargos de magistrados y jueces se elegir\u00e1n el 1 de junio de 2025, de acuerdo a lo anunciado por el presidente de la c\u00e1mara, el senador oficialista Gerardo Fern\u00e1ndez Noro\u00f1a.<\/p>\n<p>The-CNN-Wire<br \/>&trade; &amp; &copy; 2024 Cable News Network, Inc., a Warner Bros. Discovery Company. All rights reserved.<\/p>\n","protected":false},"excerpt":{"rendered":"<p>(CNN Espa\u00f1ol) \u2013\u2013 La C\u00e1mara de Senadores de M\u00e9xico aprob\u00f3 este jueves en lo general y particular el dictamen que modifica leyes secundarias de la ya promulgada reforma judicial enviadas el 7 de octubre por la presidenta de M\u00e9xico, Claudia Sheinbaum. El dictamen aprobado establece el proceso a seguir para la elecci\u00f3n de jueces, magistrados [&hellip;]<\/p>\n","protected":false},"author":0,"featured_media":0,"comment_status":"open","ping_status":"open","sticky":false,"template":"","format":"standard","meta":{"_jetpack_memberships_contains_paid_content":false,"footnotes":""},"categories":[10],"tags":[],"class_list":["post-1455033","post","type-post","status-publish","format-standard","hentry","category-noticias-nacionales","market-global"],"yoast_head":"<!-- This site is optimized with the Yoast SEO plugin v24.4 - https:\/\/yoast.com\/wordpress\/plugins\/seo\/ -->\n<title>Senado de M\u00e9xico aprueba las reglas para la elecci\u00f3n judicial en 2025 - Noticias<\/title>\n<meta name=\"robots\" content=\"index, follow, max-snippet:-1, max-image-preview:large, max-video-preview:-1\" \/>\n<link rel=\"canonical\" href=\"https:\/\/noticiasya.com\/2024\/10\/10\/senado-mexico-aprueba-reglas-eleccion-judicial-orix\/\" \/>\n<meta property=\"og:locale\" content=\"es_ES\" \/>\n<meta property=\"og:type\" content=\"article\" \/>\n<meta property=\"og:title\" content=\"Senado de M\u00e9xico aprueba las reglas para la elecci\u00f3n judicial en 2025 - Noticias\" \/>\n<meta property=\"og:description\" content=\"(CNN Espa\u00f1ol) \u2013\u2013 La C\u00e1mara de Senadores de M\u00e9xico aprob\u00f3 este jueves en lo general y particular el dictamen que modifica leyes secundarias de la ya promulgada reforma judicial enviadas el 7 de octubre por la presidenta de M\u00e9xico, Claudia Sheinbaum. El dictamen aprobado establece el proceso a seguir para la elecci\u00f3n de jueces, magistrados [&hellip;]\" \/>\n<meta property=\"og:url\" content=\"https:\/\/noticiasya.com\/2024\/10\/10\/senado-mexico-aprueba-reglas-eleccion-judicial-orix\/\" \/>\n<meta property=\"og:site_name\" content=\"Noticias\" \/>\n<meta property=\"article:published_time\" content=\"2024-10-11T03:03:47+00:00\" \/>\n<meta name=\"twitter:card\" content=\"summary_large_image\" \/>\n<meta name=\"twitter:label1\" content=\"Est. reading time\" \/>\n\t<meta name=\"twitter:data1\" content=\"3 minutos\" \/>\n<script type=\"application\/ld+json\" class=\"yoast-schema-graph\">{\"@context\":\"https:\/\/schema.org\",\"@graph\":[{\"@type\":\"Article\",\"@id\":\"https:\/\/noticiasya.com\/2024\/10\/10\/senado-mexico-aprueba-reglas-eleccion-judicial-orix\/#article\",\"isPartOf\":{\"@id\":\"https:\/\/noticiasya.com\/2024\/10\/10\/senado-mexico-aprueba-reglas-eleccion-judicial-orix\/\"},\"author\":{\"name\":\"\",\"@id\":\"\"},\"headline\":\"Senado de M\u00e9xico aprueba las reglas para la elecci\u00f3n judicial en 2025\",\"datePublished\":\"2024-10-11T03:03:47+00:00\",\"mainEntityOfPage\":{\"@id\":\"https:\/\/noticiasya.com\/2024\/10\/10\/senado-mexico-aprueba-reglas-eleccion-judicial-orix\/\"},\"wordCount\":595,\"commentCount\":0,\"publisher\":{\"@id\":\"https:\/\/noticiasya.com\/#organization\"},\"articleSection\":[\"Noticias Nacionales\"],\"inLanguage\":\"es\",\"potentialAction\":[{\"@type\":\"CommentAction\",\"name\":\"Comment\",\"target\":[\"https:\/\/noticiasya.com\/2024\/10\/10\/senado-mexico-aprueba-reglas-eleccion-judicial-orix\/#respond\"]}]},{\"@type\":\"WebPage\",\"@id\":\"https:\/\/noticiasya.com\/2024\/10\/10\/senado-mexico-aprueba-reglas-eleccion-judicial-orix\/\",\"url\":\"https:\/\/noticiasya.com\/2024\/10\/10\/senado-mexico-aprueba-reglas-eleccion-judicial-orix\/\",\"name\":\"Senado de M\u00e9xico aprueba las reglas para la elecci\u00f3n judicial en 2025 - Noticias\",\"isPartOf\":{\"@id\":\"https:\/\/noticiasya.com\/#website\"},\"datePublished\":\"2024-10-11T03:03:47+00:00\",\"breadcrumb\":{\"@id\":\"https:\/\/noticiasya.com\/2024\/10\/10\/senado-mexico-aprueba-reglas-eleccion-judicial-orix\/#breadcrumb\"},\"inLanguage\":\"es\",\"potentialAction\":[{\"@type\":\"ReadAction\",\"target\":[\"https:\/\/noticiasya.com\/2024\/10\/10\/senado-mexico-aprueba-reglas-eleccion-judicial-orix\/\"]}]},{\"@type\":\"BreadcrumbList\",\"@id\":\"https:\/\/noticiasya.com\/2024\/10\/10\/senado-mexico-aprueba-reglas-eleccion-judicial-orix\/#breadcrumb\",\"itemListElement\":[{\"@type\":\"ListItem\",\"position\":1,\"name\":\"Home\",\"item\":\"https:\/\/noticiasya.com\/\"},{\"@type\":\"ListItem\",\"position\":2,\"name\":\"Senado de M\u00e9xico aprueba las reglas para la elecci\u00f3n judicial en 2025\"}]},{\"@type\":\"WebSite\",\"@id\":\"https:\/\/noticiasya.com\/#website\",\"url\":\"https:\/\/noticiasya.com\/\",\"name\":\"Noticias\",\"description\":\"Lo que importa\",\"publisher\":{\"@id\":\"https:\/\/noticiasya.com\/#organization\"},\"potentialAction\":[{\"@type\":\"SearchAction\",\"target\":{\"@type\":\"EntryPoint\",\"urlTemplate\":\"https:\/\/noticiasya.com\/?s={search_term_string}\"},\"query-input\":{\"@type\":\"PropertyValueSpecification\",\"valueRequired\":true,\"valueName\":\"search_term_string\"}}],\"inLanguage\":\"es\"},{\"@type\":\"Organization\",\"@id\":\"https:\/\/noticiasya.com\/#organization\",\"name\":\"Noticias\",\"url\":\"https:\/\/noticiasya.com\/\",\"logo\":{\"@type\":\"ImageObject\",\"inLanguage\":\"es\",\"@id\":\"https:\/\/noticiasya.com\/#\/schema\/logo\/image\/\",\"url\":\"https:\/\/noticiasya.com\/wp-content\/uploads\/sites\/22\/2023\/12\/logo-nacional.png\",\"contentUrl\":\"https:\/\/noticiasya.com\/wp-content\/uploads\/sites\/22\/2023\/12\/logo-nacional.png\",\"width\":1801,\"height\":691,\"caption\":\"Noticias\"},\"image\":{\"@id\":\"https:\/\/noticiasya.com\/#\/schema\/logo\/image\/\"}}]}<\/script>\n<!-- \/ Yoast SEO plugin. -->","yoast_head_json":{"title":"Senado de M\u00e9xico aprueba las reglas para la elecci\u00f3n judicial en 2025 - Noticias","robots":{"index":"index","follow":"follow","max-snippet":"max-snippet:-1","max-image-preview":"max-image-preview:large","max-video-preview":"max-video-preview:-1"},"canonical":"https:\/\/noticiasya.com\/2024\/10\/10\/senado-mexico-aprueba-reglas-eleccion-judicial-orix\/","og_locale":"es_ES","og_type":"article","og_title":"Senado de M\u00e9xico aprueba las reglas para la elecci\u00f3n judicial en 2025 - Noticias","og_description":"(CNN Espa\u00f1ol) \u2013\u2013 La C\u00e1mara de Senadores de M\u00e9xico aprob\u00f3 este jueves en lo general y particular el dictamen que modifica leyes secundarias de la ya promulgada reforma judicial enviadas el 7 de octubre por la presidenta de M\u00e9xico, Claudia Sheinbaum. El dictamen aprobado establece el proceso a seguir para la elecci\u00f3n de jueces, magistrados [&hellip;]","og_url":"https:\/\/noticiasya.com\/2024\/10\/10\/senado-mexico-aprueba-reglas-eleccion-judicial-orix\/","og_site_name":"Noticias","article_published_time":"2024-10-11T03:03:47+00:00","twitter_card":"summary_large_image","twitter_misc":{"Est. reading time":"3 minutos"},"schema":{"@context":"https:\/\/schema.org","@graph":[{"@type":"Article","@id":"https:\/\/noticiasya.com\/2024\/10\/10\/senado-mexico-aprueba-reglas-eleccion-judicial-orix\/#article","isPartOf":{"@id":"https:\/\/noticiasya.com\/2024\/10\/10\/senado-mexico-aprueba-reglas-eleccion-judicial-orix\/"},"author":{"name":"","@id":""},"headline":"Senado de M\u00e9xico aprueba las reglas para la elecci\u00f3n judicial en 2025","datePublished":"2024-10-11T03:03:47+00:00","mainEntityOfPage":{"@id":"https:\/\/noticiasya.com\/2024\/10\/10\/senado-mexico-aprueba-reglas-eleccion-judicial-orix\/"},"wordCount":595,"commentCount":0,"publisher":{"@id":"https:\/\/noticiasya.com\/#organization"},"articleSection":["Noticias Nacionales"],"inLanguage":"es","potentialAction":[{"@type":"CommentAction","name":"Comment","target":["https:\/\/noticiasya.com\/2024\/10\/10\/senado-mexico-aprueba-reglas-eleccion-judicial-orix\/#respond"]}]},{"@type":"WebPage","@id":"https:\/\/noticiasya.com\/2024\/10\/10\/senado-mexico-aprueba-reglas-eleccion-judicial-orix\/","url":"https:\/\/noticiasya.com\/2024\/10\/10\/senado-mexico-aprueba-reglas-eleccion-judicial-orix\/","name":"Senado de M\u00e9xico aprueba las reglas para la elecci\u00f3n judicial en 2025 - Noticias","isPartOf":{"@id":"https:\/\/noticiasya.com\/#website"},"datePublished":"2024-10-11T03:03:47+00:00","breadcrumb":{"@id":"https:\/\/noticiasya.com\/2024\/10\/10\/senado-mexico-aprueba-reglas-eleccion-judicial-orix\/#breadcrumb"},"inLanguage":"es","potentialAction":[{"@type":"ReadAction","target":["https:\/\/noticiasya.com\/2024\/10\/10\/senado-mexico-aprueba-reglas-eleccion-judicial-orix\/"]}]},{"@type":"BreadcrumbList","@id":"https:\/\/noticiasya.com\/2024\/10\/10\/senado-mexico-aprueba-reglas-eleccion-judicial-orix\/#breadcrumb","itemListElement":[{"@type":"ListItem","position":1,"name":"Home","item":"https:\/\/noticiasya.com\/"},{"@type":"ListItem","position":2,"name":"Senado de M\u00e9xico aprueba las reglas para la elecci\u00f3n judicial en 2025"}]},{"@type":"WebSite","@id":"https:\/\/noticiasya.com\/#website","url":"https:\/\/noticiasya.com\/","name":"Noticias","description":"Lo que importa","publisher":{"@id":"https:\/\/noticiasya.com\/#organization"},"potentialAction":[{"@type":"SearchAction","target":{"@type":"EntryPoint","urlTemplate":"https:\/\/noticiasya.com\/?s={search_term_string}"},"query-input":{"@type":"PropertyValueSpecification","valueRequired":true,"valueName":"search_term_string"}}],"inLanguage":"es"},{"@type":"Organization","@id":"https:\/\/noticiasya.com\/#organization","name":"Noticias","url":"https:\/\/noticiasya.com\/","logo":{"@type":"ImageObject","inLanguage":"es","@id":"https:\/\/noticiasya.com\/#\/schema\/logo\/image\/","url":"https:\/\/noticiasya.com\/wp-content\/uploads\/sites\/22\/2023\/12\/logo-nacional.png","contentUrl":"https:\/\/noticiasya.com\/wp-content\/uploads\/sites\/22\/2023\/12\/logo-nacional.png","width":1801,"height":691,"caption":"Noticias"},"image":{"@id":"https:\/\/noticiasya.com\/#\/schema\/logo\/image\/"}}]}},"parsely":{"version":"1.1.0","canonical_url":"https:\/\/noticiasya.com\/midland-odessa\/2024\/10\/10\/senado-mexico-aprueba-reglas-eleccion-judicial-orix\/","smart_links":{"inbound":0,"outbound":0},"traffic_boost_suggestions_count":0,"meta":{"@context":"https:\/\/schema.org","@type":"NewsArticle","headline":"Senado de M\u00e9xico aprueba las reglas para la elecci\u00f3n judicial en 2025","url":"http:\/\/noticiasya.com\/midland-odessa\/2024\/10\/10\/senado-mexico-aprueba-reglas-eleccion-judicial-orix\/","mainEntityOfPage":{"@type":"WebPage","@id":"http:\/\/noticiasya.com\/midland-odessa\/2024\/10\/10\/senado-mexico-aprueba-reglas-eleccion-judicial-orix\/"},"thumbnailUrl":"","image":{"@type":"ImageObject","url":""},"articleSection":"Noticias Nacionales","author":[],"creator":[],"publisher":{"@type":"Organization","name":"Noticias","logo":""},"keywords":[],"dateCreated":"2024-10-11T03:03:47Z","datePublished":"2024-10-11T03:03:47Z","dateModified":"2024-10-11T03:03:47Z"},"rendered":"<script type=\"application\/ld+json\" class=\"wp-parsely-metadata\">{\"@context\":\"https:\\\/\\\/schema.org\",\"@type\":\"NewsArticle\",\"headline\":\"Senado de M\\u00e9xico aprueba las reglas para la elecci\\u00f3n judicial en 2025\",\"url\":\"http:\\\/\\\/noticiasya.com\\\/midland-odessa\\\/2024\\\/10\\\/10\\\/senado-mexico-aprueba-reglas-eleccion-judicial-orix\\\/\",\"mainEntityOfPage\":{\"@type\":\"WebPage\",\"@id\":\"http:\\\/\\\/noticiasya.com\\\/midland-odessa\\\/2024\\\/10\\\/10\\\/senado-mexico-aprueba-reglas-eleccion-judicial-orix\\\/\"},\"thumbnailUrl\":\"\",\"image\":{\"@type\":\"ImageObject\",\"url\":\"\"},\"articleSection\":\"Noticias Nacionales\",\"author\":[],\"creator\":[],\"publisher\":{\"@type\":\"Organization\",\"name\":\"Noticias\",\"logo\":\"\"},\"keywords\":[],\"dateCreated\":\"2024-10-11T03:03:47Z\",\"datePublished\":\"2024-10-11T03:03:47Z\",\"dateModified\":\"2024-10-11T03:03:47Z\"}<\/script>","tracker_url":"https:\/\/cdn.parsely.com\/keys\/noticiasya.com\/p.js"},"jetpack_featured_media_url":"","jetpack-related-posts":[{"id":1452188,"url":"https:\/\/noticiasya.com\/midland-odessa\/2024\/08\/26\/reforma-judicial-mexico-avanza-en-comision-de-diputados-orix\/","url_meta":{"origin":1455033,"position":0},"title":"La reforma judicial de M\u00e9xico avanza en comisi\u00f3n de diputados","author":"","date":"agosto 26, 2024","format":false,"excerpt":"(CNN Espa\u00f1ol) -- La reforma judicial propuesta por el presidente de M\u00e9xico, Andr\u00e9s Manuel L\u00f3pez Obrador \u2015que prev\u00e9 la elecci\u00f3n de jueces y magistrados por voto popular\u2015, fue aprobada este lunes en lo general en la Comisi\u00f3n de Puntos Constitucionales de la C\u00e1mara de Diputados.Con 22 votos a favor de\u2026","rel":"","context":"In &quot;Noticias Nacionales&quot;","block_context":{"text":"Noticias Nacionales","link":"https:\/\/noticiasya.com\/midland-odessa\/categoria\/noticias-nacionales"},"img":{"alt_text":"","src":"","width":0,"height":0},"classes":[]},{"id":1472585,"url":"https:\/\/noticiasya.com\/midland-odessa\/2026\/03\/26\/senado-aprueba-plan-b-reforma-electoral-sheinbaum-cambio-revocacion-mandato-orix\/","url_meta":{"origin":1455033,"position":1},"title":"Senado aprueba el &#171;plan B&#187; de reforma electoral de Sheinbaum con un cambio respecto a la revocaci\u00f3n de mandato","author":"","date":"marzo 26, 2026","format":false,"excerpt":"El Senado de M\u00e9xico aprob\u00f3 este mi\u00e9rcoles por la noche el \u201cplan B\u201d de reforma electoral de la presidenta Claudia Sheinbaum, con una sola modificaci\u00f3n respecto a la revocaci\u00f3n de mandato presidencial.El dictamen del proyecto de Sheinbaum, que busca realizar modificaciones en algunos art\u00edculos de la Constituci\u00f3n, fue aprobado por\u2026","rel":"","context":"In &quot;Noticias Nacionales&quot;","block_context":{"text":"Noticias Nacionales","link":"https:\/\/noticiasya.com\/midland-odessa\/categoria\/noticias-nacionales"},"img":{"alt_text":"","src":"","width":0,"height":0},"classes":[]},{"id":1464185,"url":"https:\/\/noticiasya.com\/midland-odessa\/2025\/07\/03\/ley-desapariciones-forzadas-mexico-registro-biometrico-orix\/","url_meta":{"origin":1455033,"position":2},"title":"M\u00e9xico aprob\u00f3 una reforma a la ley de desaparici\u00f3n forzada. Esto debes saber sobre los registros biom\u00e9tricos","author":"","date":"julio 3, 2025","format":false,"excerpt":"La reforma a la Ley General en Materia de Desaparici\u00f3n Forzada de Personas fue aprobada por el Congreso de M\u00e9xico este lunes con 417 votos a favor y 60 en contra y fue enviada al Ejecutivo para su promulgaci\u00f3n.El paquete legislativo aprobado reforma tambi\u00e9n la Ley General de Poblaci\u00f3n, al\u2026","rel":"","context":"In &quot;Noticias Nacionales&quot;","block_context":{"text":"Noticias Nacionales","link":"https:\/\/noticiasya.com\/midland-odessa\/categoria\/noticias-nacionales"},"img":{"alt_text":"","src":"","width":0,"height":0},"classes":[]},{"id":1452124,"url":"https:\/\/noticiasya.com\/midland-odessa\/2024\/08\/24\/avanza-reforma-mexico-amlo-extincion-organismos-autonomos-orix\/","url_meta":{"origin":1455033,"position":3},"title":"Avanza en M\u00e9xico la reforma de L\u00f3pez Obrador que plantea la extinci\u00f3n de siete organismos aut\u00f3nomos","author":"","date":"agosto 24, 2024","format":false,"excerpt":"(CNN Espa\u00f1ol) -- La reforma propuesta por el presidente Andr\u00e9s Manuel L\u00f3pez Obrador (AMLO) para desaparecer siete organismos p\u00fablicos avanz\u00f3 este viernes en M\u00e9xico, fue aprobada por la Comisi\u00f3n de Puntos Constitucionales de la C\u00e1mara de Diputados y qued\u00f3 lista para ser enviada al pleno.El dictamen impulsado por el oficialista\u2026","rel":"","context":"In &quot;Noticias Nacionales&quot;","block_context":{"text":"Noticias Nacionales","link":"https:\/\/noticiasya.com\/midland-odessa\/categoria\/noticias-nacionales"},"img":{"alt_text":"","src":"","width":0,"height":0},"classes":[]},{"id":1463873,"url":"https:\/\/noticiasya.com\/midland-odessa\/2025\/06\/23\/congreso-discusion-reformas-clave-seguridad-sheinbaum-orix\/","url_meta":{"origin":1455033,"position":4},"title":"El Congreso de M\u00e9xico inicia discusi\u00f3n de reformas clave de seguridad","author":"","date":"junio 23, 2025","format":false,"excerpt":"El Congreso de M\u00e9xico inici\u00f3 un per\u00edodo extraordinario de sesiones para discutir 16 reformas, que incluyen temas clave en seguridad como la Guardia Nacional, inteligencia y desaparici\u00f3n forzadaEl per\u00edodo extraordinario se realizar\u00e1 del 23 de junio al 2 de julio. Diputados y senadores discutir\u00e1n para su aprobaci\u00f3n en total 16\u2026","rel":"","context":"In &quot;Noticias Nacionales&quot;","block_context":{"text":"Noticias Nacionales","link":"https:\/\/noticiasya.com\/midland-odessa\/categoria\/noticias-nacionales"},"img":{"alt_text":"","src":"","width":0,"height":0},"classes":[]},{"id":1459203,"url":"https:\/\/noticiasya.com\/midland-odessa\/2025\/02\/25\/reforma-soberania-sheinbaum-carteles-terroristas-explainer-orix\/","url_meta":{"origin":1455033,"position":5},"title":"\u00bfQu\u00e9 plantea Sheinbaum en su propuesta de reforma para reforzar la soberan\u00eda de M\u00e9xico?","author":"","date":"febrero 25, 2025","format":false,"excerpt":"La presidenta de M\u00e9xico, Claudia Sheinbaum, envi\u00f3 el pasado jueves al Congreso una propuesta de reforma constitucional que busca reforzar la soberan\u00eda nacional y la prohibici\u00f3n de cualquier tipo de intervenci\u00f3n extranjera en territorio mexicano, misma que llega despu\u00e9s de que Estados Unidos design\u00f3 a seis c\u00e1rteles mexicanos como organizaciones\u2026","rel":"","context":"In &quot;Noticias Nacionales&quot;","block_context":{"text":"Noticias Nacionales","link":"https:\/\/noticiasya.com\/midland-odessa\/categoria\/noticias-nacionales"},"img":{"alt_text":"","src":"","width":0,"height":0},"classes":[]}],"jetpack_sharing_enabled":true,"_links":{"self":[{"href":"https:\/\/noticiasya.com\/midland-odessa\/wp-json\/wp\/v2\/posts\/1455033","targetHints":{"allow":["GET"]}}],"collection":[{"href":"https:\/\/noticiasya.com\/midland-odessa\/wp-json\/wp\/v2\/posts"}],"about":[{"href":"https:\/\/noticiasya.com\/midland-odessa\/wp-json\/wp\/v2\/types\/post"}],"replies":[{"embeddable":true,"href":"https:\/\/noticiasya.com\/midland-odessa\/wp-json\/wp\/v2\/comments?post=1455033"}],"version-history":[{"count":0,"href":"https:\/\/noticiasya.com\/midland-odessa\/wp-json\/wp\/v2\/posts\/1455033\/revisions"}],"wp:attachment":[{"href":"https:\/\/noticiasya.com\/midland-odessa\/wp-json\/wp\/v2\/media?parent=1455033"}],"wp:term":[{"taxonomy":"category","embeddable":true,"href":"https:\/\/noticiasya.com\/midland-odessa\/wp-json\/wp\/v2\/categories?post=1455033"},{"taxonomy":"post_tag","embeddable":true,"href":"https:\/\/noticiasya.com\/midland-odessa\/wp-json\/wp\/v2\/tags?post=1455033"}],"curies":[{"name":"wp","href":"https:\/\/api.w.org\/{rel}","templated":true}]}}