{"id":1455037,"date":"2024-10-11T02:03:55","date_gmt":"2024-10-11T09:03:55","guid":{"rendered":"https:\/\/noticiasya.com\/2024\/10\/11\/premio-nobel-paz-lo-que-debes-saber-orix\/"},"modified":"2024-10-11T02:03:55","modified_gmt":"2024-10-11T09:03:55","slug":"premio-nobel-paz-lo-que-debes-saber-orix","status":"publish","type":"post","link":"https:\/\/noticiasya.com\/midland-odessa\/2024\/10\/11\/premio-nobel-paz-lo-que-debes-saber-orix\/","title":{"rendered":"Todo lo que debes saber sobre el Premio Nobel de la Paz"},"content":{"rendered":"<p>(CNN Espa\u00f1ol) &#8212; El Premio Nobel de la Paz 2024 a\u00fan no se ha otorgado. Se anunciar\u00e1 el viernes 11 de octubre a las 6 ET. Aqu\u00ed te contamos todo lo que debes saber sobre este premio.<\/p>\n<p>El Premio Nobel de la Paz ha sido otorgado 104 veces entre 1901 y 2023, y son 141 los premiados, seg\u00fan el sitio oficial del Premio Nobel.<br \/>\nLa medalla de la Paz tiene la inscripci\u00f3n en lat\u00edn: &#171;Pro pace et fraternitate gentium&#187;, que traducida significa &#171;Por la paz y la hermandad de los hombres&#187;.<br \/>\nEl Premio Nobel de la Paz se otorga habitualmente en su propia ceremonia en Oslo, Noruega. Hubo algunos a\u00f1os en los que no se entreg\u00f3. El caso m\u00e1s reciente fue 1972.<\/p>\n<p>Mujeres que recibieron el Premio Nobel de la Paz<\/p>\n<p>Seg\u00fan el sitio oficial de la organizaci\u00f3n, entre 1901 y 2020, el Premio Nobel y el premio de ciencias econ\u00f3micas se han otorgado 57 veces a mujeres. 17 de estas mujeres recibieron el Premio Nobel a la Paz. Esta es la lista:<\/p>\n<p>2023- Narges Mohammadi<\/p>\n<p>2021- Maria Ressa<\/p>\n<p>2018 &#8211; Nadia Murad<\/p>\n<p>2014 &#8211; Malala Yousafzai<\/p>\n<p>2011 &#8211; Ellen Johnson Sirleaf<\/p>\n<p>2011 &#8211; Leymah Gbowee<\/p>\n<p>2011 &#8211; Tawakkol Karman<\/p>\n<p>2004 &#8211; Wangari Muta Maathai<\/p>\n<p>2003 &#8211; Shirin Ebadi<\/p>\n<p>1997 &#8211; Jody Williams<\/p>\n<p>1992 &#8211; Rigoberta Mench\u00fa Tum<\/p>\n<p>1991 &#8211; Aung San Suu Kyi<\/p>\n<p>1982 &#8211; Alva Myrdal<\/p>\n<p>1979 &#8211; Mother Teresa<\/p>\n<p>1976 &#8211; Betty Williams<\/p>\n<p>1976 -Mairead Corrigan<\/p>\n<p>1946 &#8211; Emily Greene Balch<\/p>\n<p>1931 &#8211; Jane Addams<\/p>\n<p>1905 &#8211; Baronesa Bertha Sophie Felicita von Suttner, de soltera Condesa Kinsky von Chinic und Tettau<\/p>\n<p>Los latinos que recibieron el Premio Nobel de la Paz<\/p>\n<p>Juan Manuel Santos, premio Nobel de la Paz 2016 por sus esfuerzos para llevar la paz a Colombia tras m\u00e1s de 50 a\u00f1os de conflicto<br \/>\nLa guatemalteca Rigoberta Menchu, premio Nobel de la Paz 1992 por su trabajo en pro de la justicia social y de la reconciliaci\u00f3n etno-cultural<br \/>\n\u00d3scar Arias Sanchez, expresidente de Costa Rica, premio Nobel de la Paz 1987 por su trabajo por la paz en Centroam\u00e9rica<br \/>\nEl mexicano Alfonso Garc\u00eda Robles fue laureado en 1982 junto con el sueco Alva Myrdal por su trabajo en las negociaciones de desarme de las Naciones Unidas .<br \/>\nEl argentino Adolfo Perez Esquivel, Nobel de la Paz en 1980 por fundar organizaciones de derechos humanos no violentas para luchar contra la junta militar que gobernaba su Argentina<br \/>\nEl argentino Carlos Saavedra Lamas, quien fue ministro de Exteriores, galardonado en 1936 por mediar en el conflicto entre Paraguay y Bolivia.<\/p>\n<p>Otros datos curiosos del premio Nobel a la Paz<\/p>\n<p>Dos laureados declinaron el premio en toda su historia. Uno de ellos, el de la Paz, fue Le Duc Tho, que lo iba a recibir en 1973 junto con el secretario de Estado de los Estados Unidos, Henry Kissinger, por negociar el acuerdo de paz de Vietnam. Le Duc Tho dijo que no estaba en condiciones de aceptar el Premio Nobel de la Paz, citando la situaci\u00f3n en Vietnam.<br \/>\nTres premios Nobel estaban detenidos en el momento en que entregar\u00edan el premio: el pacifista y periodista alem\u00e1n Carl von Ossietzky; el pol\u00edtico birmano Aung San Suu Kyi y el activista chino de derechos humanos Liu Xiaobo.<br \/>\nPremios Nobel p\u00f3stumos: Los Estatutos de la Fundaci\u00f3n Nobel determinan, desde 1974, que no se puede otorgar un premio p\u00f3stumamente, a menos que la muerte haya ocurrido despu\u00e9s del anuncio del premio. Antes de 1974, el Premio Nobel solo se hab\u00eda otorgado p\u00f3stumamente en dos ocasiones, una de ellas a Dag Hammarskj\u00f6ld (Premio Nobel de la Paz 1961).<br \/>\nLa persona m\u00e1s joven en recibir un Premio Nobel fue Malala Yousafzai, que con 17 a\u00f1os recibi\u00f3 el Premio Nobel de la Paz en 2014.<\/p>\n<p>Fuente: The Nobel Prize<\/p>\n<p>The-CNN-Wire<br \/>&trade; &amp; &copy; 2024 Cable News Network, Inc., a Warner Bros. Discovery Company. All rights reserved.<\/p>\n","protected":false},"excerpt":{"rendered":"<p>(CNN Espa\u00f1ol) &#8212; El Premio Nobel de la Paz 2024 a\u00fan no se ha otorgado. Se anunciar\u00e1 el viernes 11 de octubre a las 6 ET. Aqu\u00ed te contamos todo lo que debes saber sobre este premio. El Premio Nobel de la Paz ha sido otorgado 104 veces entre 1901 y 2023, y son 141 [&hellip;]<\/p>\n","protected":false},"author":0,"featured_media":0,"comment_status":"open","ping_status":"open","sticky":false,"template":"","format":"standard","meta":{"_jetpack_memberships_contains_paid_content":false,"footnotes":""},"categories":[10],"tags":[],"class_list":["post-1455037","post","type-post","status-publish","format-standard","hentry","category-noticias-nacionales","market-global"],"yoast_head":"<!-- This site is optimized with the Yoast SEO plugin v24.4 - https:\/\/yoast.com\/wordpress\/plugins\/seo\/ -->\n<title>Todo lo que debes saber sobre el Premio Nobel de la Paz - Noticias<\/title>\n<meta name=\"robots\" content=\"index, follow, max-snippet:-1, max-image-preview:large, max-video-preview:-1\" \/>\n<link rel=\"canonical\" href=\"https:\/\/noticiasya.com\/2024\/10\/11\/premio-nobel-paz-lo-que-debes-saber-orix\/\" \/>\n<meta property=\"og:locale\" content=\"es_ES\" \/>\n<meta property=\"og:type\" content=\"article\" \/>\n<meta property=\"og:title\" content=\"Todo lo que debes saber sobre el Premio Nobel de la Paz - Noticias\" \/>\n<meta property=\"og:description\" content=\"(CNN Espa\u00f1ol) &#8212; El Premio Nobel de la Paz 2024 a\u00fan no se ha otorgado. Se anunciar\u00e1 el viernes 11 de octubre a las 6 ET. Aqu\u00ed te contamos todo lo que debes saber sobre este premio. El Premio Nobel de la Paz ha sido otorgado 104 veces entre 1901 y 2023, y son 141 [&hellip;]\" \/>\n<meta property=\"og:url\" content=\"https:\/\/noticiasya.com\/2024\/10\/11\/premio-nobel-paz-lo-que-debes-saber-orix\/\" \/>\n<meta property=\"og:site_name\" content=\"Noticias\" \/>\n<meta property=\"article:published_time\" content=\"2024-10-11T09:03:55+00:00\" \/>\n<meta name=\"twitter:card\" content=\"summary_large_image\" \/>\n<meta name=\"twitter:label1\" content=\"Est. reading time\" \/>\n\t<meta name=\"twitter:data1\" content=\"3 minutos\" \/>\n<script type=\"application\/ld+json\" class=\"yoast-schema-graph\">{\"@context\":\"https:\/\/schema.org\",\"@graph\":[{\"@type\":\"Article\",\"@id\":\"https:\/\/noticiasya.com\/2024\/10\/11\/premio-nobel-paz-lo-que-debes-saber-orix\/#article\",\"isPartOf\":{\"@id\":\"https:\/\/noticiasya.com\/2024\/10\/11\/premio-nobel-paz-lo-que-debes-saber-orix\/\"},\"author\":{\"name\":\"\",\"@id\":\"\"},\"headline\":\"Todo lo que debes saber sobre el Premio Nobel de la Paz\",\"datePublished\":\"2024-10-11T09:03:55+00:00\",\"mainEntityOfPage\":{\"@id\":\"https:\/\/noticiasya.com\/2024\/10\/11\/premio-nobel-paz-lo-que-debes-saber-orix\/\"},\"wordCount\":638,\"commentCount\":0,\"publisher\":{\"@id\":\"https:\/\/noticiasya.com\/#organization\"},\"articleSection\":[\"Noticias Nacionales\"],\"inLanguage\":\"es\",\"potentialAction\":[{\"@type\":\"CommentAction\",\"name\":\"Comment\",\"target\":[\"https:\/\/noticiasya.com\/2024\/10\/11\/premio-nobel-paz-lo-que-debes-saber-orix\/#respond\"]}]},{\"@type\":\"WebPage\",\"@id\":\"https:\/\/noticiasya.com\/2024\/10\/11\/premio-nobel-paz-lo-que-debes-saber-orix\/\",\"url\":\"https:\/\/noticiasya.com\/2024\/10\/11\/premio-nobel-paz-lo-que-debes-saber-orix\/\",\"name\":\"Todo lo que debes saber sobre el Premio Nobel de la Paz - Noticias\",\"isPartOf\":{\"@id\":\"https:\/\/noticiasya.com\/#website\"},\"datePublished\":\"2024-10-11T09:03:55+00:00\",\"breadcrumb\":{\"@id\":\"https:\/\/noticiasya.com\/2024\/10\/11\/premio-nobel-paz-lo-que-debes-saber-orix\/#breadcrumb\"},\"inLanguage\":\"es\",\"potentialAction\":[{\"@type\":\"ReadAction\",\"target\":[\"https:\/\/noticiasya.com\/2024\/10\/11\/premio-nobel-paz-lo-que-debes-saber-orix\/\"]}]},{\"@type\":\"BreadcrumbList\",\"@id\":\"https:\/\/noticiasya.com\/2024\/10\/11\/premio-nobel-paz-lo-que-debes-saber-orix\/#breadcrumb\",\"itemListElement\":[{\"@type\":\"ListItem\",\"position\":1,\"name\":\"Home\",\"item\":\"https:\/\/noticiasya.com\/\"},{\"@type\":\"ListItem\",\"position\":2,\"name\":\"Todo lo que debes saber sobre el Premio Nobel de la Paz\"}]},{\"@type\":\"WebSite\",\"@id\":\"https:\/\/noticiasya.com\/#website\",\"url\":\"https:\/\/noticiasya.com\/\",\"name\":\"Noticias\",\"description\":\"Lo que importa\",\"publisher\":{\"@id\":\"https:\/\/noticiasya.com\/#organization\"},\"potentialAction\":[{\"@type\":\"SearchAction\",\"target\":{\"@type\":\"EntryPoint\",\"urlTemplate\":\"https:\/\/noticiasya.com\/?s={search_term_string}\"},\"query-input\":{\"@type\":\"PropertyValueSpecification\",\"valueRequired\":true,\"valueName\":\"search_term_string\"}}],\"inLanguage\":\"es\"},{\"@type\":\"Organization\",\"@id\":\"https:\/\/noticiasya.com\/#organization\",\"name\":\"Noticias\",\"url\":\"https:\/\/noticiasya.com\/\",\"logo\":{\"@type\":\"ImageObject\",\"inLanguage\":\"es\",\"@id\":\"https:\/\/noticiasya.com\/#\/schema\/logo\/image\/\",\"url\":\"https:\/\/noticiasya.com\/wp-content\/uploads\/sites\/22\/2023\/12\/logo-nacional.png\",\"contentUrl\":\"https:\/\/noticiasya.com\/wp-content\/uploads\/sites\/22\/2023\/12\/logo-nacional.png\",\"width\":1801,\"height\":691,\"caption\":\"Noticias\"},\"image\":{\"@id\":\"https:\/\/noticiasya.com\/#\/schema\/logo\/image\/\"}}]}<\/script>\n<!-- \/ Yoast SEO plugin. -->","yoast_head_json":{"title":"Todo lo que debes saber sobre el Premio Nobel de la Paz - Noticias","robots":{"index":"index","follow":"follow","max-snippet":"max-snippet:-1","max-image-preview":"max-image-preview:large","max-video-preview":"max-video-preview:-1"},"canonical":"https:\/\/noticiasya.com\/2024\/10\/11\/premio-nobel-paz-lo-que-debes-saber-orix\/","og_locale":"es_ES","og_type":"article","og_title":"Todo lo que debes saber sobre el Premio Nobel de la Paz - Noticias","og_description":"(CNN Espa\u00f1ol) &#8212; El Premio Nobel de la Paz 2024 a\u00fan no se ha otorgado. Se anunciar\u00e1 el viernes 11 de octubre a las 6 ET. Aqu\u00ed te contamos todo lo que debes saber sobre este premio. El Premio Nobel de la Paz ha sido otorgado 104 veces entre 1901 y 2023, y son 141 [&hellip;]","og_url":"https:\/\/noticiasya.com\/2024\/10\/11\/premio-nobel-paz-lo-que-debes-saber-orix\/","og_site_name":"Noticias","article_published_time":"2024-10-11T09:03:55+00:00","twitter_card":"summary_large_image","twitter_misc":{"Est. reading time":"3 minutos"},"schema":{"@context":"https:\/\/schema.org","@graph":[{"@type":"Article","@id":"https:\/\/noticiasya.com\/2024\/10\/11\/premio-nobel-paz-lo-que-debes-saber-orix\/#article","isPartOf":{"@id":"https:\/\/noticiasya.com\/2024\/10\/11\/premio-nobel-paz-lo-que-debes-saber-orix\/"},"author":{"name":"","@id":""},"headline":"Todo lo que debes saber sobre el Premio Nobel de la Paz","datePublished":"2024-10-11T09:03:55+00:00","mainEntityOfPage":{"@id":"https:\/\/noticiasya.com\/2024\/10\/11\/premio-nobel-paz-lo-que-debes-saber-orix\/"},"wordCount":638,"commentCount":0,"publisher":{"@id":"https:\/\/noticiasya.com\/#organization"},"articleSection":["Noticias Nacionales"],"inLanguage":"es","potentialAction":[{"@type":"CommentAction","name":"Comment","target":["https:\/\/noticiasya.com\/2024\/10\/11\/premio-nobel-paz-lo-que-debes-saber-orix\/#respond"]}]},{"@type":"WebPage","@id":"https:\/\/noticiasya.com\/2024\/10\/11\/premio-nobel-paz-lo-que-debes-saber-orix\/","url":"https:\/\/noticiasya.com\/2024\/10\/11\/premio-nobel-paz-lo-que-debes-saber-orix\/","name":"Todo lo que debes saber sobre el Premio Nobel de la Paz - Noticias","isPartOf":{"@id":"https:\/\/noticiasya.com\/#website"},"datePublished":"2024-10-11T09:03:55+00:00","breadcrumb":{"@id":"https:\/\/noticiasya.com\/2024\/10\/11\/premio-nobel-paz-lo-que-debes-saber-orix\/#breadcrumb"},"inLanguage":"es","potentialAction":[{"@type":"ReadAction","target":["https:\/\/noticiasya.com\/2024\/10\/11\/premio-nobel-paz-lo-que-debes-saber-orix\/"]}]},{"@type":"BreadcrumbList","@id":"https:\/\/noticiasya.com\/2024\/10\/11\/premio-nobel-paz-lo-que-debes-saber-orix\/#breadcrumb","itemListElement":[{"@type":"ListItem","position":1,"name":"Home","item":"https:\/\/noticiasya.com\/"},{"@type":"ListItem","position":2,"name":"Todo lo que debes saber sobre el Premio Nobel de la Paz"}]},{"@type":"WebSite","@id":"https:\/\/noticiasya.com\/#website","url":"https:\/\/noticiasya.com\/","name":"Noticias","description":"Lo que importa","publisher":{"@id":"https:\/\/noticiasya.com\/#organization"},"potentialAction":[{"@type":"SearchAction","target":{"@type":"EntryPoint","urlTemplate":"https:\/\/noticiasya.com\/?s={search_term_string}"},"query-input":{"@type":"PropertyValueSpecification","valueRequired":true,"valueName":"search_term_string"}}],"inLanguage":"es"},{"@type":"Organization","@id":"https:\/\/noticiasya.com\/#organization","name":"Noticias","url":"https:\/\/noticiasya.com\/","logo":{"@type":"ImageObject","inLanguage":"es","@id":"https:\/\/noticiasya.com\/#\/schema\/logo\/image\/","url":"https:\/\/noticiasya.com\/wp-content\/uploads\/sites\/22\/2023\/12\/logo-nacional.png","contentUrl":"https:\/\/noticiasya.com\/wp-content\/uploads\/sites\/22\/2023\/12\/logo-nacional.png","width":1801,"height":691,"caption":"Noticias"},"image":{"@id":"https:\/\/noticiasya.com\/#\/schema\/logo\/image\/"}}]}},"parsely":{"version":"1.1.0","canonical_url":"https:\/\/noticiasya.com\/midland-odessa\/2024\/10\/11\/premio-nobel-paz-lo-que-debes-saber-orix\/","smart_links":{"inbound":0,"outbound":0},"traffic_boost_suggestions_count":0,"meta":{"@context":"https:\/\/schema.org","@type":"NewsArticle","headline":"Todo lo que debes saber sobre el Premio Nobel de la Paz","url":"http:\/\/noticiasya.com\/midland-odessa\/2024\/10\/11\/premio-nobel-paz-lo-que-debes-saber-orix\/","mainEntityOfPage":{"@type":"WebPage","@id":"http:\/\/noticiasya.com\/midland-odessa\/2024\/10\/11\/premio-nobel-paz-lo-que-debes-saber-orix\/"},"thumbnailUrl":"","image":{"@type":"ImageObject","url":""},"articleSection":"Noticias Nacionales","author":[],"creator":[],"publisher":{"@type":"Organization","name":"Noticias","logo":""},"keywords":[],"dateCreated":"2024-10-11T09:03:55Z","datePublished":"2024-10-11T09:03:55Z","dateModified":"2024-10-11T09:03:55Z"},"rendered":"<script type=\"application\/ld+json\" class=\"wp-parsely-metadata\">{\"@context\":\"https:\\\/\\\/schema.org\",\"@type\":\"NewsArticle\",\"headline\":\"Todo lo que debes saber sobre el Premio Nobel de la Paz\",\"url\":\"http:\\\/\\\/noticiasya.com\\\/midland-odessa\\\/2024\\\/10\\\/11\\\/premio-nobel-paz-lo-que-debes-saber-orix\\\/\",\"mainEntityOfPage\":{\"@type\":\"WebPage\",\"@id\":\"http:\\\/\\\/noticiasya.com\\\/midland-odessa\\\/2024\\\/10\\\/11\\\/premio-nobel-paz-lo-que-debes-saber-orix\\\/\"},\"thumbnailUrl\":\"\",\"image\":{\"@type\":\"ImageObject\",\"url\":\"\"},\"articleSection\":\"Noticias Nacionales\",\"author\":[],\"creator\":[],\"publisher\":{\"@type\":\"Organization\",\"name\":\"Noticias\",\"logo\":\"\"},\"keywords\":[],\"dateCreated\":\"2024-10-11T09:03:55Z\",\"datePublished\":\"2024-10-11T09:03:55Z\",\"dateModified\":\"2024-10-11T09:03:55Z\"}<\/script>","tracker_url":"https:\/\/cdn.parsely.com\/keys\/noticiasya.com\/p.js"},"jetpack_featured_media_url":"","jetpack-related-posts":[{"id":1467253,"url":"https:\/\/noticiasya.com\/midland-odessa\/2025\/10\/10\/premio-nobel-paz-maria-corina-machado-lider-opositora-venezolana-trax\/","url_meta":{"origin":1455037,"position":0},"title":"Premio Nobel de la Paz para Mar\u00eda Corina Machado, l\u00edder opositora venezolana","author":"","date":"octubre 10, 2025","format":false,"excerpt":"El Premio Nobel de la Paz 2025 fue otorgado a Mar\u00eda Corina Machado por \u201cpromover los derechos democr\u00e1ticos del pueblo de Venezuela\u201d.El Comit\u00e9 Noruego del Nobel afirm\u00f3 que Mar\u00eda Corina Machado hab\u00eda ayudado a \u201cmantener encendida la llama de la democracia frente a una oscuridad creciente\u201d.Al anunciar el premio en\u2026","rel":"","context":"In &quot;Noticias Nacionales&quot;","block_context":{"text":"Noticias Nacionales","link":"https:\/\/noticiasya.com\/midland-odessa\/categoria\/noticias-nacionales"},"img":{"alt_text":"","src":"","width":0,"height":0},"classes":[]},{"id":1467261,"url":"https:\/\/noticiasya.com\/midland-odessa\/2025\/10\/10\/putin-nobel-paz-machado-trump-orix\/","url_meta":{"origin":1455037,"position":1},"title":"Putin dice que el Nobel de Paz ha sido otorgado en ocasiones &#171;a personas que no han hecho nada por la paz&#187; y elogia a Trump","author":"","date":"octubre 10, 2025","format":false,"excerpt":"El presidente de Rusia, Vladimir Putin, dijo este viernes que \u201cha habido casos en los que el Comit\u00e9 ha otorgado el Premio Nobel de la Paz a personas que no han hecho nada por la paz\u201d, horas despu\u00e9s de que el Comit\u00e9 Noruego anunciara su decisi\u00f3n de galardonar a la\u2026","rel":"","context":"In &quot;Noticias Nacionales&quot;","block_context":{"text":"Noticias Nacionales","link":"https:\/\/noticiasya.com\/midland-odessa\/categoria\/noticias-nacionales"},"img":{"alt_text":"","src":"","width":0,"height":0},"classes":[]},{"id":1470152,"url":"https:\/\/noticiasya.com\/midland-odessa\/2026\/01\/16\/revocar-nobel-paz-machado-trump-orix\/","url_meta":{"origin":1455037,"position":2},"title":"\u00bfSe puede revocar el Premio Nobel de Paz? El gesto de Machado y Trump desata pol\u00e9mica","author":"","date":"enero 16, 2026","format":false,"excerpt":"Mar\u00eda Corina Machado llev\u00f3 la medalla del Nobel de Paz que le otorgaron a la Casa Blanca. Se la entreg\u00f3 a Donald Trump. Se tomaron una foto. Trump public\u00f3 en su red social: \u201cMar\u00eda me present\u00f3 su Premio Nobel de la Paz\u201d. El Centro Nobel de la Paz hab\u00eda tuiteado\u2026","rel":"","context":"In &quot;Noticias Nacionales&quot;","block_context":{"text":"Noticias Nacionales","link":"https:\/\/noticiasya.com\/midland-odessa\/categoria\/noticias-nacionales"},"img":{"alt_text":"","src":"","width":0,"height":0},"classes":[]},{"id":1467277,"url":"https:\/\/noticiasya.com\/midland-odessa\/2025\/10\/10\/trump-habla-machado-premio-nobel-paz-trax\/","url_meta":{"origin":1455037,"position":3},"title":"Trump habla con Machado despu\u00e9s de que su Gobierno criticara la decisi\u00f3n de otorgarle el Premio Nobel de la Paz","author":"","date":"octubre 10, 2025","format":false,"excerpt":"El presidente de Estados Unidos, Donald Trump, habl\u00f3 este viernes con la opositora venezolana y ganadora del Premio Nobel de la Paz, Mar\u00eda Corina Machado, seg\u00fan inform\u00f3 la Casa Blanca, despu\u00e9s de que el Gobierno de EE.UU. criticara al comit\u00e9 que le otorg\u00f3 el galard\u00f3n.Trump ha manifestado en varias ocasiones\u2026","rel":"","context":"In &quot;Noticias Nacionales&quot;","block_context":{"text":"Noticias Nacionales","link":"https:\/\/noticiasya.com\/midland-odessa\/categoria\/noticias-nacionales"},"img":{"alt_text":"","src":"","width":0,"height":0},"classes":[]},{"id":1467278,"url":"https:\/\/noticiasya.com\/midland-odessa\/2025\/10\/10\/premio-nobel-paz-latinoamericanos-orix\/","url_meta":{"origin":1455037,"position":4},"title":"Adem\u00e1s de Mar\u00eda Corina Machado, otros seis latinoamericanos han sido galardonados con el Premio Nobel de la Paz","author":"","date":"octubre 10, 2025","format":false,"excerpt":"Mar\u00eda Corina Machado se ha convertido en la s\u00e9ptima persona en Am\u00e9rica Latina en recibir el Premio Nobel de la Paz. La l\u00edder opositora de Venezuela recibi\u00f3 un reconocimiento que en la historia de los premios recibieron en total 112 personas.El Comit\u00e9 Noruego del Nobel afirm\u00f3 que Machado hab\u00eda ayudado\u2026","rel":"","context":"In &quot;Noticias Nacionales&quot;","block_context":{"text":"Noticias Nacionales","link":"https:\/\/noticiasya.com\/midland-odessa\/categoria\/noticias-nacionales"},"img":{"alt_text":"","src":"","width":0,"height":0},"classes":[]},{"id":1455024,"url":"https:\/\/noticiasya.com\/midland-odessa\/2024\/10\/10\/no-entregar-premio-nobel-paz-guerras-trax\/","url_meta":{"origin":1455037,"position":5},"title":"Nadie deber\u00eda ganar el Premio Nobel de la Paz que se entrega ma\u00f1ana, dice el director del SIPRI","author":"","date":"octubre 10, 2024","format":false,"excerpt":"(CNN) --\u00a0Cuando se anuncie el ganador del Premio Nobel de la Paz en Suecia este viernes, Israel y el L\u00edbano estar\u00e1n entre los m\u00e1s de 50 pa\u00edses que experimentan conflictos armados.Por esa raz\u00f3n \u2014y para enviar un mensaje de que \u201clas instituciones del orden mundial parecen incapaces\u201d de reducir el\u2026","rel":"","context":"In &quot;Noticias Nacionales&quot;","block_context":{"text":"Noticias Nacionales","link":"https:\/\/noticiasya.com\/midland-odessa\/categoria\/noticias-nacionales"},"img":{"alt_text":"","src":"","width":0,"height":0},"classes":[]}],"jetpack_sharing_enabled":true,"_links":{"self":[{"href":"https:\/\/noticiasya.com\/midland-odessa\/wp-json\/wp\/v2\/posts\/1455037","targetHints":{"allow":["GET"]}}],"collection":[{"href":"https:\/\/noticiasya.com\/midland-odessa\/wp-json\/wp\/v2\/posts"}],"about":[{"href":"https:\/\/noticiasya.com\/midland-odessa\/wp-json\/wp\/v2\/types\/post"}],"replies":[{"embeddable":true,"href":"https:\/\/noticiasya.com\/midland-odessa\/wp-json\/wp\/v2\/comments?post=1455037"}],"version-history":[{"count":0,"href":"https:\/\/noticiasya.com\/midland-odessa\/wp-json\/wp\/v2\/posts\/1455037\/revisions"}],"wp:attachment":[{"href":"https:\/\/noticiasya.com\/midland-odessa\/wp-json\/wp\/v2\/media?parent=1455037"}],"wp:term":[{"taxonomy":"category","embeddable":true,"href":"https:\/\/noticiasya.com\/midland-odessa\/wp-json\/wp\/v2\/categories?post=1455037"},{"taxonomy":"post_tag","embeddable":true,"href":"https:\/\/noticiasya.com\/midland-odessa\/wp-json\/wp\/v2\/tags?post=1455037"}],"curies":[{"name":"wp","href":"https:\/\/api.w.org\/{rel}","templated":true}]}}