{"id":1455046,"date":"2024-10-11T19:03:41","date_gmt":"2024-10-12T02:03:41","guid":{"rendered":"https:\/\/noticiasya.com\/2024\/10\/11\/alejandro-toledo-declara-juicio-odebrecht-orix\/"},"modified":"2024-10-11T19:03:41","modified_gmt":"2024-10-12T02:03:41","slug":"alejandro-toledo-declara-juicio-odebrecht-orix","status":"publish","type":"post","link":"https:\/\/noticiasya.com\/midland-odessa\/2024\/10\/11\/alejandro-toledo-declara-juicio-odebrecht-orix\/","title":{"rendered":"Toledo declara por primera vez durante juicio en su contra por el caso Odebrecht"},"content":{"rendered":"<p>(CNN Espa\u00f1ol) &#8212; Comenz\u00f3 la recta final en el juicio contra Alejandro Toledo. Este viernes, por primera vez, el expresidente de Per\u00fa declar\u00f3 en el proceso que se sigue en su contra por el caso conocido como Odebrecht o Interoce\u00e1nica. La intervenci\u00f3n del exmandatario es parte de los \u00faltimos pasos antes de conocer si el Poder Judicial lo declarar\u00e1 culpable o inocente.<\/p>\n<p>Por este caso, Toledo, quien gobern\u00f3 entre 2001 y 2006, fue extraditado en abril de 2023 desde Estados Unidos y actualmente se encuentra en prisi\u00f3n preventiva a la espera de su sentencia. La audiencia se realiz\u00f3 en el penal de Barbadillo, donde est\u00e1 recluido.<\/p>\n<p>En el pasado, Toledo se ha declarado inocente. En una entrevista con CNN en mayo de 2017, el exmandatario neg\u00f3 cualquier acto de corrupci\u00f3n durante su Gobierno.<\/p>\n<p>\u00bfDe qu\u00e9 se acusa a Alejandro Toledo?<\/p>\n<p>Toledo es acusado por los delitos de colusi\u00f3n y lavado de activos. La teor\u00eda fiscal sostiene que el expresidente habr\u00eda recibido m\u00e1s de US$ 30 millones de la constructora brasile\u00f1a Odebrecht a cambio de favorecerla durante su Gobierno en la licitaci\u00f3n de la carretera Interoce\u00e1nica, que une a Per\u00fa y Brasil. La Fiscal\u00eda pide 20 a\u00f1os y seis meses de prisi\u00f3n para Toledo.<\/p>\n<p>El juicio se inici\u00f3 en octubre del a\u00f1o pasado. Durante aquella audiencia inicial, el fiscal Jos\u00e9 Domingo P\u00e9rez dijo: \u201c\u00bfQu\u00e9 es lo que vamos a probar? Con la prueba anticipada del testimonio de (Josef) Maiman Rapaport, hoy fallecido, vamos a probar c\u00f3mo Alejandro Toledo le pidi\u00f3 a Maiman que utilice sus cuentas bancarias para recibir el dinero de soborno de los brasile\u00f1os de Odebrecht\u201d.<\/p>\n<p>C\u00f3mo terminaron US$ 6,6 millones confiscados a una sociedad del expresidente de Per\u00fa Alejandro Toledo en el presupuesto nacional de Costa Rica<\/p>\n<p>La Fiscal\u00eda se\u00f1ala que Odebrecht le entreg\u00f3 a Maiman m\u00e1s de US$ 30 millones para Toledo. Maiman, un examigo de Toledo que muri\u00f3 en 2021, declar\u00f3 bajo la figura de colaborador eficaz en la investigaci\u00f3n contra el exmandatario. Seg\u00fan la Fiscal\u00eda, el objetivo de ese pago era favorecer a la compa\u00f1\u00eda brasile\u00f1a en la obra de la carretera Interoce\u00e1nica. En vida, Maiman acept\u00f3 ante el Ministerio P\u00fablico haber recibido dinero de la empresa.<\/p>\n<p>La versi\u00f3n de Alejandro Toledo<\/p>\n<p>Toledo ha negado siempre el presunto soborno de Odebrecht. Si bien Jorge Barata, exrepresentante en Per\u00fa de la empresa, no se ha presentado a declarar durante el juicio a Toledo, s\u00ed lo hizo en Brasil en 2017. Seg\u00fan el Ministerio P\u00fablico, en esa ocasi\u00f3n le dijo a la Fiscal\u00eda que le hab\u00eda entregado dinero Maiman, presuntamente destinado al exmandatario. Sobre Barata, Toledo dijo este viernes durante su juicio: \u201cLas \u00fanicas veces que nos hemos reunido con el se\u00f1or Barata y los constructores peruanos ha sido para firmar el acuerdo final en p\u00fablico, en el Sal\u00f3n Dorado, en Palacio de Gobierno\u201d.<\/p>\n<p>A la salida de la audiencia, Roberto Su, abogado de Toledo, le dijo a la prensa que el dinero de Odebrecht fue entregado a Maiman y que nunca lleg\u00f3 a su defendido.<\/p>\n<p>El caso Ecoteva<\/p>\n<p>Otro juicio en contra de Alejandro Toledo es el conocido como Ecoteva y se inici\u00f3 en abril de 2023, cuando Toledo a\u00fan se encontraba en EE.UU. El expresidente tambi\u00e9n se declara inocente por este caso.<\/p>\n<p>La Fiscal\u00eda investiga la compra de dos propiedades en Lima a nombre de la suegra de Toledo y el pago de hipotecas de dos bienes, propiedad del expresidente. La tesis del Ministerio P\u00fablico es que esas operaciones se hicieron con el dinero de Ecoteva Consulting Group, una empresa de la cual la suegra del exmandatario era presidenta. Seg\u00fan la Fiscal\u00eda, ese dinero ser\u00eda el mismo que la empresa Odebrecht presuntamente entreg\u00f3 al exmandatario a trav\u00e9s de Maiman.<\/p>\n<p>Una fuente del Ministerio P\u00fablico le dijo a CNN que los activos de Ecoteva, por casi US$ 7 millones, est\u00e1n congelados en Costa Rica, y que la disoluci\u00f3n y liquidaci\u00f3n de la empresa se dar\u00edan si hay una sentencia condenatoria en este caso.<\/p>\n<p>En 2016, a trav\u00e9s de un acuerdo de conciliaci\u00f3n con el Departamento de Justicia de EE.UU., Odebrecht reconoci\u00f3 haber pagado sobornos en varios pa\u00edses de Am\u00e9rica Latina, entre ellos Per\u00fa. Seg\u00fan aquella declaraci\u00f3n la empresa pag\u00f3, entre 2005 y 2014, a funcionarios peruanos unos US$ 29 millones para asegurarse contratos de obras p\u00fablicas.<\/p>\n<p>The-CNN-Wire<br \/>&trade; &amp; &copy; 2024 Cable News Network, Inc., a Warner Bros. Discovery Company. All rights reserved.<\/p>\n","protected":false},"excerpt":{"rendered":"<p>(CNN Espa\u00f1ol) &#8212; Comenz\u00f3 la recta final en el juicio contra Alejandro Toledo. Este viernes, por primera vez, el expresidente de Per\u00fa declar\u00f3 en el proceso que se sigue en su contra por el caso conocido como Odebrecht o Interoce\u00e1nica. La intervenci\u00f3n del exmandatario es parte de los \u00faltimos pasos antes de conocer si el [&hellip;]<\/p>\n","protected":false},"author":0,"featured_media":0,"comment_status":"open","ping_status":"open","sticky":false,"template":"","format":"standard","meta":{"_jetpack_memberships_contains_paid_content":false,"footnotes":""},"categories":[10],"tags":[],"class_list":["post-1455046","post","type-post","status-publish","format-standard","hentry","category-noticias-nacionales","market-global"],"yoast_head":"<!-- This site is optimized with the Yoast SEO plugin v24.4 - https:\/\/yoast.com\/wordpress\/plugins\/seo\/ -->\n<title>Toledo declara por primera vez durante juicio en su contra por el caso Odebrecht - Noticias<\/title>\n<meta name=\"robots\" content=\"index, follow, max-snippet:-1, max-image-preview:large, max-video-preview:-1\" \/>\n<link rel=\"canonical\" href=\"https:\/\/noticiasya.com\/2024\/10\/11\/alejandro-toledo-declara-juicio-odebrecht-orix\/\" \/>\n<meta property=\"og:locale\" content=\"es_ES\" \/>\n<meta property=\"og:type\" content=\"article\" \/>\n<meta property=\"og:title\" content=\"Toledo declara por primera vez durante juicio en su contra por el caso Odebrecht - Noticias\" \/>\n<meta property=\"og:description\" content=\"(CNN Espa\u00f1ol) &#8212; Comenz\u00f3 la recta final en el juicio contra Alejandro Toledo. Este viernes, por primera vez, el expresidente de Per\u00fa declar\u00f3 en el proceso que se sigue en su contra por el caso conocido como Odebrecht o Interoce\u00e1nica. La intervenci\u00f3n del exmandatario es parte de los \u00faltimos pasos antes de conocer si el [&hellip;]\" \/>\n<meta property=\"og:url\" content=\"https:\/\/noticiasya.com\/2024\/10\/11\/alejandro-toledo-declara-juicio-odebrecht-orix\/\" \/>\n<meta property=\"og:site_name\" content=\"Noticias\" \/>\n<meta property=\"article:published_time\" content=\"2024-10-12T02:03:41+00:00\" \/>\n<meta name=\"twitter:card\" content=\"summary_large_image\" \/>\n<meta name=\"twitter:label1\" content=\"Est. reading time\" \/>\n\t<meta name=\"twitter:data1\" content=\"4 minutos\" \/>\n<script type=\"application\/ld+json\" class=\"yoast-schema-graph\">{\"@context\":\"https:\/\/schema.org\",\"@graph\":[{\"@type\":\"Article\",\"@id\":\"https:\/\/noticiasya.com\/2024\/10\/11\/alejandro-toledo-declara-juicio-odebrecht-orix\/#article\",\"isPartOf\":{\"@id\":\"https:\/\/noticiasya.com\/2024\/10\/11\/alejandro-toledo-declara-juicio-odebrecht-orix\/\"},\"author\":{\"name\":\"\",\"@id\":\"\"},\"headline\":\"Toledo declara por primera vez durante juicio en su contra por el caso Odebrecht\",\"datePublished\":\"2024-10-12T02:03:41+00:00\",\"mainEntityOfPage\":{\"@id\":\"https:\/\/noticiasya.com\/2024\/10\/11\/alejandro-toledo-declara-juicio-odebrecht-orix\/\"},\"wordCount\":785,\"commentCount\":0,\"publisher\":{\"@id\":\"https:\/\/noticiasya.com\/#organization\"},\"articleSection\":[\"Noticias Nacionales\"],\"inLanguage\":\"es\",\"potentialAction\":[{\"@type\":\"CommentAction\",\"name\":\"Comment\",\"target\":[\"https:\/\/noticiasya.com\/2024\/10\/11\/alejandro-toledo-declara-juicio-odebrecht-orix\/#respond\"]}]},{\"@type\":\"WebPage\",\"@id\":\"https:\/\/noticiasya.com\/2024\/10\/11\/alejandro-toledo-declara-juicio-odebrecht-orix\/\",\"url\":\"https:\/\/noticiasya.com\/2024\/10\/11\/alejandro-toledo-declara-juicio-odebrecht-orix\/\",\"name\":\"Toledo declara por primera vez durante juicio en su contra por el caso Odebrecht - Noticias\",\"isPartOf\":{\"@id\":\"https:\/\/noticiasya.com\/#website\"},\"datePublished\":\"2024-10-12T02:03:41+00:00\",\"breadcrumb\":{\"@id\":\"https:\/\/noticiasya.com\/2024\/10\/11\/alejandro-toledo-declara-juicio-odebrecht-orix\/#breadcrumb\"},\"inLanguage\":\"es\",\"potentialAction\":[{\"@type\":\"ReadAction\",\"target\":[\"https:\/\/noticiasya.com\/2024\/10\/11\/alejandro-toledo-declara-juicio-odebrecht-orix\/\"]}]},{\"@type\":\"BreadcrumbList\",\"@id\":\"https:\/\/noticiasya.com\/2024\/10\/11\/alejandro-toledo-declara-juicio-odebrecht-orix\/#breadcrumb\",\"itemListElement\":[{\"@type\":\"ListItem\",\"position\":1,\"name\":\"Home\",\"item\":\"https:\/\/noticiasya.com\/\"},{\"@type\":\"ListItem\",\"position\":2,\"name\":\"Toledo declara por primera vez durante juicio en su contra por el caso Odebrecht\"}]},{\"@type\":\"WebSite\",\"@id\":\"https:\/\/noticiasya.com\/#website\",\"url\":\"https:\/\/noticiasya.com\/\",\"name\":\"Noticias\",\"description\":\"Lo que importa\",\"publisher\":{\"@id\":\"https:\/\/noticiasya.com\/#organization\"},\"potentialAction\":[{\"@type\":\"SearchAction\",\"target\":{\"@type\":\"EntryPoint\",\"urlTemplate\":\"https:\/\/noticiasya.com\/?s={search_term_string}\"},\"query-input\":{\"@type\":\"PropertyValueSpecification\",\"valueRequired\":true,\"valueName\":\"search_term_string\"}}],\"inLanguage\":\"es\"},{\"@type\":\"Organization\",\"@id\":\"https:\/\/noticiasya.com\/#organization\",\"name\":\"Noticias\",\"url\":\"https:\/\/noticiasya.com\/\",\"logo\":{\"@type\":\"ImageObject\",\"inLanguage\":\"es\",\"@id\":\"https:\/\/noticiasya.com\/#\/schema\/logo\/image\/\",\"url\":\"https:\/\/noticiasya.com\/wp-content\/uploads\/sites\/22\/2023\/12\/logo-nacional.png\",\"contentUrl\":\"https:\/\/noticiasya.com\/wp-content\/uploads\/sites\/22\/2023\/12\/logo-nacional.png\",\"width\":1801,\"height\":691,\"caption\":\"Noticias\"},\"image\":{\"@id\":\"https:\/\/noticiasya.com\/#\/schema\/logo\/image\/\"}}]}<\/script>\n<!-- \/ Yoast SEO plugin. -->","yoast_head_json":{"title":"Toledo declara por primera vez durante juicio en su contra por el caso Odebrecht - Noticias","robots":{"index":"index","follow":"follow","max-snippet":"max-snippet:-1","max-image-preview":"max-image-preview:large","max-video-preview":"max-video-preview:-1"},"canonical":"https:\/\/noticiasya.com\/2024\/10\/11\/alejandro-toledo-declara-juicio-odebrecht-orix\/","og_locale":"es_ES","og_type":"article","og_title":"Toledo declara por primera vez durante juicio en su contra por el caso Odebrecht - Noticias","og_description":"(CNN Espa\u00f1ol) &#8212; Comenz\u00f3 la recta final en el juicio contra Alejandro Toledo. Este viernes, por primera vez, el expresidente de Per\u00fa declar\u00f3 en el proceso que se sigue en su contra por el caso conocido como Odebrecht o Interoce\u00e1nica. La intervenci\u00f3n del exmandatario es parte de los \u00faltimos pasos antes de conocer si el [&hellip;]","og_url":"https:\/\/noticiasya.com\/2024\/10\/11\/alejandro-toledo-declara-juicio-odebrecht-orix\/","og_site_name":"Noticias","article_published_time":"2024-10-12T02:03:41+00:00","twitter_card":"summary_large_image","twitter_misc":{"Est. reading time":"4 minutos"},"schema":{"@context":"https:\/\/schema.org","@graph":[{"@type":"Article","@id":"https:\/\/noticiasya.com\/2024\/10\/11\/alejandro-toledo-declara-juicio-odebrecht-orix\/#article","isPartOf":{"@id":"https:\/\/noticiasya.com\/2024\/10\/11\/alejandro-toledo-declara-juicio-odebrecht-orix\/"},"author":{"name":"","@id":""},"headline":"Toledo declara por primera vez durante juicio en su contra por el caso Odebrecht","datePublished":"2024-10-12T02:03:41+00:00","mainEntityOfPage":{"@id":"https:\/\/noticiasya.com\/2024\/10\/11\/alejandro-toledo-declara-juicio-odebrecht-orix\/"},"wordCount":785,"commentCount":0,"publisher":{"@id":"https:\/\/noticiasya.com\/#organization"},"articleSection":["Noticias Nacionales"],"inLanguage":"es","potentialAction":[{"@type":"CommentAction","name":"Comment","target":["https:\/\/noticiasya.com\/2024\/10\/11\/alejandro-toledo-declara-juicio-odebrecht-orix\/#respond"]}]},{"@type":"WebPage","@id":"https:\/\/noticiasya.com\/2024\/10\/11\/alejandro-toledo-declara-juicio-odebrecht-orix\/","url":"https:\/\/noticiasya.com\/2024\/10\/11\/alejandro-toledo-declara-juicio-odebrecht-orix\/","name":"Toledo declara por primera vez durante juicio en su contra por el caso Odebrecht - Noticias","isPartOf":{"@id":"https:\/\/noticiasya.com\/#website"},"datePublished":"2024-10-12T02:03:41+00:00","breadcrumb":{"@id":"https:\/\/noticiasya.com\/2024\/10\/11\/alejandro-toledo-declara-juicio-odebrecht-orix\/#breadcrumb"},"inLanguage":"es","potentialAction":[{"@type":"ReadAction","target":["https:\/\/noticiasya.com\/2024\/10\/11\/alejandro-toledo-declara-juicio-odebrecht-orix\/"]}]},{"@type":"BreadcrumbList","@id":"https:\/\/noticiasya.com\/2024\/10\/11\/alejandro-toledo-declara-juicio-odebrecht-orix\/#breadcrumb","itemListElement":[{"@type":"ListItem","position":1,"name":"Home","item":"https:\/\/noticiasya.com\/"},{"@type":"ListItem","position":2,"name":"Toledo declara por primera vez durante juicio en su contra por el caso Odebrecht"}]},{"@type":"WebSite","@id":"https:\/\/noticiasya.com\/#website","url":"https:\/\/noticiasya.com\/","name":"Noticias","description":"Lo que importa","publisher":{"@id":"https:\/\/noticiasya.com\/#organization"},"potentialAction":[{"@type":"SearchAction","target":{"@type":"EntryPoint","urlTemplate":"https:\/\/noticiasya.com\/?s={search_term_string}"},"query-input":{"@type":"PropertyValueSpecification","valueRequired":true,"valueName":"search_term_string"}}],"inLanguage":"es"},{"@type":"Organization","@id":"https:\/\/noticiasya.com\/#organization","name":"Noticias","url":"https:\/\/noticiasya.com\/","logo":{"@type":"ImageObject","inLanguage":"es","@id":"https:\/\/noticiasya.com\/#\/schema\/logo\/image\/","url":"https:\/\/noticiasya.com\/wp-content\/uploads\/sites\/22\/2023\/12\/logo-nacional.png","contentUrl":"https:\/\/noticiasya.com\/wp-content\/uploads\/sites\/22\/2023\/12\/logo-nacional.png","width":1801,"height":691,"caption":"Noticias"},"image":{"@id":"https:\/\/noticiasya.com\/#\/schema\/logo\/image\/"}}]}},"parsely":{"version":"1.1.0","canonical_url":"https:\/\/noticiasya.com\/midland-odessa\/2024\/10\/11\/alejandro-toledo-declara-juicio-odebrecht-orix\/","smart_links":{"inbound":0,"outbound":0},"traffic_boost_suggestions_count":0,"meta":{"@context":"https:\/\/schema.org","@type":"NewsArticle","headline":"Toledo declara por primera vez durante juicio en su contra por el caso Odebrecht","url":"http:\/\/noticiasya.com\/midland-odessa\/2024\/10\/11\/alejandro-toledo-declara-juicio-odebrecht-orix\/","mainEntityOfPage":{"@type":"WebPage","@id":"http:\/\/noticiasya.com\/midland-odessa\/2024\/10\/11\/alejandro-toledo-declara-juicio-odebrecht-orix\/"},"thumbnailUrl":"","image":{"@type":"ImageObject","url":""},"articleSection":"Noticias Nacionales","author":[],"creator":[],"publisher":{"@type":"Organization","name":"Noticias","logo":""},"keywords":[],"dateCreated":"2024-10-12T02:03:41Z","datePublished":"2024-10-12T02:03:41Z","dateModified":"2024-10-12T02:03:41Z"},"rendered":"<script type=\"application\/ld+json\" class=\"wp-parsely-metadata\">{\"@context\":\"https:\\\/\\\/schema.org\",\"@type\":\"NewsArticle\",\"headline\":\"Toledo declara por primera vez durante juicio en su contra por el caso Odebrecht\",\"url\":\"http:\\\/\\\/noticiasya.com\\\/midland-odessa\\\/2024\\\/10\\\/11\\\/alejandro-toledo-declara-juicio-odebrecht-orix\\\/\",\"mainEntityOfPage\":{\"@type\":\"WebPage\",\"@id\":\"http:\\\/\\\/noticiasya.com\\\/midland-odessa\\\/2024\\\/10\\\/11\\\/alejandro-toledo-declara-juicio-odebrecht-orix\\\/\"},\"thumbnailUrl\":\"\",\"image\":{\"@type\":\"ImageObject\",\"url\":\"\"},\"articleSection\":\"Noticias Nacionales\",\"author\":[],\"creator\":[],\"publisher\":{\"@type\":\"Organization\",\"name\":\"Noticias\",\"logo\":\"\"},\"keywords\":[],\"dateCreated\":\"2024-10-12T02:03:41Z\",\"datePublished\":\"2024-10-12T02:03:41Z\",\"dateModified\":\"2024-10-12T02:03:41Z\"}<\/script>","tracker_url":"https:\/\/cdn.parsely.com\/keys\/noticiasya.com\/p.js"},"jetpack_featured_media_url":"","jetpack-related-posts":[{"id":1466137,"url":"https:\/\/noticiasya.com\/midland-odessa\/2025\/09\/03\/sentencian-segunda-vez-expresidente-alejandro-toledo-peru-orix\/","url_meta":{"origin":1455046,"position":0},"title":"Sentencian por segunda vez al expresidente Alejandro Toledo en Per\u00fa","author":"","date":"septiembre 3, 2025","format":false,"excerpt":"El expresidente de Per\u00fa, Alejandro Toledo, fue sentenciado este mi\u00e9rcoles a 13 a\u00f1os y cuatro meses de prisi\u00f3n por lavado de activos agravado. Se trata de la segunda sentencia contra el exmandatario, esta vez por el caso conocido como Ecoteva. La primera fue de 20 a\u00f1os y seis meses de\u2026","rel":"","context":"In &quot;Noticias Nacionales&quot;","block_context":{"text":"Noticias Nacionales","link":"https:\/\/noticiasya.com\/midland-odessa\/categoria\/noticias-nacionales"},"img":{"alt_text":"","src":"","width":0,"height":0},"classes":[]},{"id":1449564,"url":"https:\/\/noticiasya.com\/midland-odessa\/2024\/05\/17\/caso-ecoteva-expresidente-peru-alejandro-toledo-presupuesto-costa-rica-orix\/","url_meta":{"origin":1455046,"position":1},"title":"C\u00f3mo terminaron US$ 6,6 millones confiscados a una sociedad del expresidente de Per\u00fa Alejandro Toledo en el presupuesto nacional de Costa Rica","author":"","date":"mayo 17, 2024","format":false,"excerpt":"(CNN Espa\u00f1ol) --\u00a0Una investigaci\u00f3n penal que el Ministerio P\u00fablico de Costa Rica inici\u00f3 en 2013, es el primer eslab\u00f3n en el recorrido de US$ 6,6 millones, que se le decomisaron a una sociedad en la que participaba el exmandatario de Per\u00fa Alejandro Toledo y que ahora, con el visto bueno\u2026","rel":"","context":"In &quot;Noticias Nacionales&quot;","block_context":{"text":"Noticias Nacionales","link":"https:\/\/noticiasya.com\/midland-odessa\/categoria\/noticias-nacionales"},"img":{"alt_text":"","src":"","width":0,"height":0},"classes":[]},{"id":1455284,"url":"https:\/\/noticiasya.com\/midland-odessa\/2024\/10\/21\/sentencian-20-anios-de-prision-expresidente-de-peru-alejandro-toledo-orix\/","url_meta":{"origin":1455046,"position":2},"title":"Sentencian a m\u00e1s de 20 a\u00f1os de prisi\u00f3n al expresidente de Per\u00fa Alejandro Toledo por colusi\u00f3n y lavado de activos por caso Odebrecht","author":"","date":"octubre 21, 2024","format":false,"excerpt":"(CNN Espa\u00f1ol) --\u00a0El expresidente de Per\u00fa, Alejandro Toledo, fue sentenciado este lunes a 20 a\u00f1os y seis meses de prisi\u00f3n por un tribunal de Lima por colusi\u00f3n y lavado de activos relacionados con el denominado caso Odebrecht.Seg\u00fan la Fiscal\u00eda, Toledo recibi\u00f3 un soborno por parte de la transnacional brasile\u00f1a para\u2026","rel":"","context":"In &quot;Noticias Nacionales&quot;","block_context":{"text":"Noticias Nacionales","link":"https:\/\/noticiasya.com\/midland-odessa\/categoria\/noticias-nacionales"},"img":{"alt_text":"","src":"","width":0,"height":0},"classes":[]},{"id":1465520,"url":"https:\/\/noticiasya.com\/midland-odessa\/2025\/08\/14\/barbadillo-prision-expresidentes-peru-vizcarra-orix\/","url_meta":{"origin":1455046,"position":3},"title":"Barbadillo, la prisi\u00f3n sin barrotes para expresidentes que se ha convertido en s\u00edmbolo de la crisis pol\u00edtica en Per\u00fa","author":"","date":"agosto 14, 2025","format":false,"excerpt":"Apenas 20 kil\u00f3metros separan al penal de Barbadillo del Palacio de Gobierno en Lima, lo que equivale a unos 40 minutos en auto, o m\u00e1s, dependiendo del tr\u00e1fico en la capital peruana.En Barbadillo pasan sus noches cuatro de los presidentes peruanos que, precisamente, vivieron en el Palacio de Gobierno, el\u2026","rel":"","context":"In &quot;Noticias Nacionales&quot;","block_context":{"text":"Noticias Nacionales","link":"https:\/\/noticiasya.com\/midland-odessa\/categoria\/noticias-nacionales"},"img":{"alt_text":"","src":"","width":0,"height":0},"classes":[]},{"id":1468736,"url":"https:\/\/noticiasya.com\/midland-odessa\/2025\/11\/26\/barbadillo-prision-presidentes-peru-orix\/","url_meta":{"origin":1455046,"position":4},"title":"As\u00ed es Barbadillo, la &#171;prisi\u00f3n de los presidentes&#187; de Per\u00fa a la que podr\u00eda ser enviado Vizcarra","author":"","date":"noviembre 26, 2025","format":false,"excerpt":"Apenas 20 kil\u00f3metros separan al penal de Barbadillo del Palacio de Gobierno en Lima, lo que equivale a unos 40 minutos en auto, o m\u00e1s, dependiendo del tr\u00e1fico en la capital peruana.En Barbadillo pasan sus noches cuatro de los presidentes peruanos que, precisamente, vivieron en el Palacio de Gobierno, el\u2026","rel":"","context":"In &quot;Noticias Nacionales&quot;","block_context":{"text":"Noticias Nacionales","link":"https:\/\/noticiasya.com\/midland-odessa\/categoria\/noticias-nacionales"},"img":{"alt_text":"","src":"","width":0,"height":0},"classes":[]},{"id":1468763,"url":"https:\/\/noticiasya.com\/midland-odessa\/2025\/11\/27\/condena-pedro-castillo-presidentes-destituidos-condenados-peru-orix\/","url_meta":{"origin":1455046,"position":5},"title":"Tras la condena a Pedro Castillo, qui\u00e9nes son los otros presidentes destituidos y condenados en Per\u00fa","author":"","date":"noviembre 27, 2025","format":false,"excerpt":"El expresidente de Per\u00fa, Pedro Castillo, fue condenado este jueves a 11 a\u00f1os, 5 meses y 15 d\u00edas de prisi\u00f3n por el delito de conspiraci\u00f3n para la rebeli\u00f3n.La Fiscal\u00eda lo hab\u00eda acusado por rebeli\u00f3n y pidi\u00f3 una pena de 34 a\u00f1os, pero la Corte Suprema consider\u00f3 que el delito no\u2026","rel":"","context":"In &quot;Noticias Nacionales&quot;","block_context":{"text":"Noticias Nacionales","link":"https:\/\/noticiasya.com\/midland-odessa\/categoria\/noticias-nacionales"},"img":{"alt_text":"","src":"","width":0,"height":0},"classes":[]}],"jetpack_sharing_enabled":true,"_links":{"self":[{"href":"https:\/\/noticiasya.com\/midland-odessa\/wp-json\/wp\/v2\/posts\/1455046","targetHints":{"allow":["GET"]}}],"collection":[{"href":"https:\/\/noticiasya.com\/midland-odessa\/wp-json\/wp\/v2\/posts"}],"about":[{"href":"https:\/\/noticiasya.com\/midland-odessa\/wp-json\/wp\/v2\/types\/post"}],"replies":[{"embeddable":true,"href":"https:\/\/noticiasya.com\/midland-odessa\/wp-json\/wp\/v2\/comments?post=1455046"}],"version-history":[{"count":0,"href":"https:\/\/noticiasya.com\/midland-odessa\/wp-json\/wp\/v2\/posts\/1455046\/revisions"}],"wp:attachment":[{"href":"https:\/\/noticiasya.com\/midland-odessa\/wp-json\/wp\/v2\/media?parent=1455046"}],"wp:term":[{"taxonomy":"category","embeddable":true,"href":"https:\/\/noticiasya.com\/midland-odessa\/wp-json\/wp\/v2\/categories?post=1455046"},{"taxonomy":"post_tag","embeddable":true,"href":"https:\/\/noticiasya.com\/midland-odessa\/wp-json\/wp\/v2\/tags?post=1455046"}],"curies":[{"name":"wp","href":"https:\/\/api.w.org\/{rel}","templated":true}]}}