{"id":1455048,"date":"2024-10-12T00:03:43","date_gmt":"2024-10-12T07:03:43","guid":{"rendered":"https:\/\/noticiasya.com\/2024\/10\/12\/denuncia-secuestro-verasategui-tamaulipas-orix\/"},"modified":"2024-10-12T00:03:43","modified_gmt":"2024-10-12T07:03:43","slug":"denuncia-secuestro-verasategui-tamaulipas-orix","status":"publish","type":"post","link":"https:\/\/noticiasya.com\/midland-odessa\/2024\/10\/12\/denuncia-secuestro-verasategui-tamaulipas-orix\/","title":{"rendered":"Investigan denuncia de secuestro del diputado local Vicente Ver\u00e1stegui en el estado mexicano de Tamaulipas"},"content":{"rendered":"<p>(CNN Espa\u00f1ol) &#8211;Autoridades de M\u00e9xico abrieron este viernes una investigaci\u00f3n por el posible secuestro del diputado local Vicente Ver\u00e1stegui Ostos, presuntamente cometido en Tamaulipas, informaron la Vocer\u00eda de Seguridad y la fiscal\u00eda de ese estado del norte del pa\u00eds.<\/p>\n<p>La fiscal\u00eda dijo en un comunicado que, seg\u00fan la denuncia que recibi\u00f3, el hecho habr\u00eda ocurrido entre los municipios de Xicot\u00e9ncatl y El Mante. Agreg\u00f3 que miembros de la instituci\u00f3n formaron un equipo con integrantes de la Guardia Estatal y la Comisi\u00f3n Estatal de B\u00fasqueda para localizar al legislador.<\/p>\n<p>Por separado, la Vocer\u00eda de Seguridad inform\u00f3 en su cuenta de Facebook que en el operativo de b\u00fasqueda tambi\u00e9n participan la Secretar\u00eda de la Defensa Nacional y la Guardia Nacional, instancias federales.<\/p>\n<p>El alcalde de Chilpancingo sali\u00f3 solo, sin esquema de seguridad, antes de ser encontrado muerto, inform\u00f3 el secretario de Seguridad de M\u00e9xico<\/p>\n<p>Ver\u00e1stegui es diputado del opositor Partido Acci\u00f3n Nacional (PAN) en la actual Legislatura del Congreso de Tamaulipas. Antes fue alcalde de Xicot\u00e9ncatl en dos per\u00edodos, de 2005 a 2007 y de 2016 a 2018, as\u00ed como diputado federal de 2018 a 2021, seg\u00fan su semblanza curricular.<\/p>\n<p>El legislador tambi\u00e9n ha sido empresario del sector azucarero y es hermano de C\u00e9sar Augusto Ver\u00e1stegui Ostos, quien fue el candidato del PAN al gobierno de Tamaulipas en 2022 y perdi\u00f3 frente al actual gobernador, Am\u00e9rico Villarreal, de Morena.<\/p>\n<p>Tamaulipas, ubicado en la frontera con Estados Unidos, es uno de los estados de M\u00e9xico con mayores problemas de violencia por la operaci\u00f3n de diversos grupos delictivos. Entre enero y agosto, en la entidad hubo 813 v\u00edctimas de homicidio doloso y 28 de secuestro, seg\u00fan las estad\u00edsticas del Secretariado Ejecutivo del Sistema Nacional de Seguridad P\u00fablica (SESNSP). De esos 28 secuestros, 13 ocurrieron tan solo en agosto.<\/p>\n<p>The-CNN-Wire<br \/>&trade; &amp; &copy; 2024 Cable News Network, Inc., a Warner Bros. Discovery Company. All rights reserved.<\/p>\n","protected":false},"excerpt":{"rendered":"<p>(CNN Espa\u00f1ol) &#8211;Autoridades de M\u00e9xico abrieron este viernes una investigaci\u00f3n por el posible secuestro del diputado local Vicente Ver\u00e1stegui Ostos, presuntamente cometido en Tamaulipas, informaron la Vocer\u00eda de Seguridad y la fiscal\u00eda de ese estado del norte del pa\u00eds. La fiscal\u00eda dijo en un comunicado que, seg\u00fan la denuncia que recibi\u00f3, el hecho habr\u00eda ocurrido [&hellip;]<\/p>\n","protected":false},"author":0,"featured_media":0,"comment_status":"open","ping_status":"open","sticky":false,"template":"","format":"standard","meta":{"_jetpack_memberships_contains_paid_content":false,"footnotes":""},"categories":[10],"tags":[],"class_list":["post-1455048","post","type-post","status-publish","format-standard","hentry","category-noticias-nacionales","market-global"],"yoast_head":"<!-- This site is optimized with the Yoast SEO plugin v24.4 - https:\/\/yoast.com\/wordpress\/plugins\/seo\/ -->\n<title>Investigan denuncia de secuestro del diputado local Vicente Ver\u00e1stegui en el estado mexicano de Tamaulipas - Noticias<\/title>\n<meta name=\"robots\" content=\"index, follow, max-snippet:-1, max-image-preview:large, max-video-preview:-1\" \/>\n<link rel=\"canonical\" href=\"https:\/\/noticiasya.com\/2024\/10\/12\/denuncia-secuestro-verasategui-tamaulipas-orix\/\" \/>\n<meta property=\"og:locale\" content=\"es_ES\" \/>\n<meta property=\"og:type\" content=\"article\" \/>\n<meta property=\"og:title\" content=\"Investigan denuncia de secuestro del diputado local Vicente Ver\u00e1stegui en el estado mexicano de Tamaulipas - Noticias\" \/>\n<meta property=\"og:description\" content=\"(CNN Espa\u00f1ol) &#8211;Autoridades de M\u00e9xico abrieron este viernes una investigaci\u00f3n por el posible secuestro del diputado local Vicente Ver\u00e1stegui Ostos, presuntamente cometido en Tamaulipas, informaron la Vocer\u00eda de Seguridad y la fiscal\u00eda de ese estado del norte del pa\u00eds. La fiscal\u00eda dijo en un comunicado que, seg\u00fan la denuncia que recibi\u00f3, el hecho habr\u00eda ocurrido [&hellip;]\" \/>\n<meta property=\"og:url\" content=\"https:\/\/noticiasya.com\/2024\/10\/12\/denuncia-secuestro-verasategui-tamaulipas-orix\/\" \/>\n<meta property=\"og:site_name\" content=\"Noticias\" \/>\n<meta property=\"article:published_time\" content=\"2024-10-12T07:03:43+00:00\" \/>\n<meta name=\"twitter:card\" content=\"summary_large_image\" \/>\n<meta name=\"twitter:label1\" content=\"Est. reading time\" \/>\n\t<meta name=\"twitter:data1\" content=\"2 minutos\" \/>\n<script type=\"application\/ld+json\" class=\"yoast-schema-graph\">{\"@context\":\"https:\/\/schema.org\",\"@graph\":[{\"@type\":\"Article\",\"@id\":\"https:\/\/noticiasya.com\/2024\/10\/12\/denuncia-secuestro-verasategui-tamaulipas-orix\/#article\",\"isPartOf\":{\"@id\":\"https:\/\/noticiasya.com\/2024\/10\/12\/denuncia-secuestro-verasategui-tamaulipas-orix\/\"},\"author\":{\"name\":\"\",\"@id\":\"\"},\"headline\":\"Investigan denuncia de secuestro del diputado local Vicente Ver\u00e1stegui en el estado mexicano de Tamaulipas\",\"datePublished\":\"2024-10-12T07:03:43+00:00\",\"mainEntityOfPage\":{\"@id\":\"https:\/\/noticiasya.com\/2024\/10\/12\/denuncia-secuestro-verasategui-tamaulipas-orix\/\"},\"wordCount\":349,\"commentCount\":0,\"publisher\":{\"@id\":\"https:\/\/noticiasya.com\/#organization\"},\"articleSection\":[\"Noticias Nacionales\"],\"inLanguage\":\"es\",\"potentialAction\":[{\"@type\":\"CommentAction\",\"name\":\"Comment\",\"target\":[\"https:\/\/noticiasya.com\/2024\/10\/12\/denuncia-secuestro-verasategui-tamaulipas-orix\/#respond\"]}]},{\"@type\":\"WebPage\",\"@id\":\"https:\/\/noticiasya.com\/2024\/10\/12\/denuncia-secuestro-verasategui-tamaulipas-orix\/\",\"url\":\"https:\/\/noticiasya.com\/2024\/10\/12\/denuncia-secuestro-verasategui-tamaulipas-orix\/\",\"name\":\"Investigan denuncia de secuestro del diputado local Vicente Ver\u00e1stegui en el estado mexicano de Tamaulipas - Noticias\",\"isPartOf\":{\"@id\":\"https:\/\/noticiasya.com\/#website\"},\"datePublished\":\"2024-10-12T07:03:43+00:00\",\"breadcrumb\":{\"@id\":\"https:\/\/noticiasya.com\/2024\/10\/12\/denuncia-secuestro-verasategui-tamaulipas-orix\/#breadcrumb\"},\"inLanguage\":\"es\",\"potentialAction\":[{\"@type\":\"ReadAction\",\"target\":[\"https:\/\/noticiasya.com\/2024\/10\/12\/denuncia-secuestro-verasategui-tamaulipas-orix\/\"]}]},{\"@type\":\"BreadcrumbList\",\"@id\":\"https:\/\/noticiasya.com\/2024\/10\/12\/denuncia-secuestro-verasategui-tamaulipas-orix\/#breadcrumb\",\"itemListElement\":[{\"@type\":\"ListItem\",\"position\":1,\"name\":\"Home\",\"item\":\"https:\/\/noticiasya.com\/\"},{\"@type\":\"ListItem\",\"position\":2,\"name\":\"Investigan denuncia de secuestro del diputado local Vicente Ver\u00e1stegui en el estado mexicano de Tamaulipas\"}]},{\"@type\":\"WebSite\",\"@id\":\"https:\/\/noticiasya.com\/#website\",\"url\":\"https:\/\/noticiasya.com\/\",\"name\":\"Noticias\",\"description\":\"Lo que importa\",\"publisher\":{\"@id\":\"https:\/\/noticiasya.com\/#organization\"},\"potentialAction\":[{\"@type\":\"SearchAction\",\"target\":{\"@type\":\"EntryPoint\",\"urlTemplate\":\"https:\/\/noticiasya.com\/?s={search_term_string}\"},\"query-input\":{\"@type\":\"PropertyValueSpecification\",\"valueRequired\":true,\"valueName\":\"search_term_string\"}}],\"inLanguage\":\"es\"},{\"@type\":\"Organization\",\"@id\":\"https:\/\/noticiasya.com\/#organization\",\"name\":\"Noticias\",\"url\":\"https:\/\/noticiasya.com\/\",\"logo\":{\"@type\":\"ImageObject\",\"inLanguage\":\"es\",\"@id\":\"https:\/\/noticiasya.com\/#\/schema\/logo\/image\/\",\"url\":\"https:\/\/noticiasya.com\/wp-content\/uploads\/sites\/22\/2023\/12\/logo-nacional.png\",\"contentUrl\":\"https:\/\/noticiasya.com\/wp-content\/uploads\/sites\/22\/2023\/12\/logo-nacional.png\",\"width\":1801,\"height\":691,\"caption\":\"Noticias\"},\"image\":{\"@id\":\"https:\/\/noticiasya.com\/#\/schema\/logo\/image\/\"}}]}<\/script>\n<!-- \/ Yoast SEO plugin. -->","yoast_head_json":{"title":"Investigan denuncia de secuestro del diputado local Vicente Ver\u00e1stegui en el estado mexicano de Tamaulipas - Noticias","robots":{"index":"index","follow":"follow","max-snippet":"max-snippet:-1","max-image-preview":"max-image-preview:large","max-video-preview":"max-video-preview:-1"},"canonical":"https:\/\/noticiasya.com\/2024\/10\/12\/denuncia-secuestro-verasategui-tamaulipas-orix\/","og_locale":"es_ES","og_type":"article","og_title":"Investigan denuncia de secuestro del diputado local Vicente Ver\u00e1stegui en el estado mexicano de Tamaulipas - Noticias","og_description":"(CNN Espa\u00f1ol) &#8211;Autoridades de M\u00e9xico abrieron este viernes una investigaci\u00f3n por el posible secuestro del diputado local Vicente Ver\u00e1stegui Ostos, presuntamente cometido en Tamaulipas, informaron la Vocer\u00eda de Seguridad y la fiscal\u00eda de ese estado del norte del pa\u00eds. La fiscal\u00eda dijo en un comunicado que, seg\u00fan la denuncia que recibi\u00f3, el hecho habr\u00eda ocurrido [&hellip;]","og_url":"https:\/\/noticiasya.com\/2024\/10\/12\/denuncia-secuestro-verasategui-tamaulipas-orix\/","og_site_name":"Noticias","article_published_time":"2024-10-12T07:03:43+00:00","twitter_card":"summary_large_image","twitter_misc":{"Est. reading time":"2 minutos"},"schema":{"@context":"https:\/\/schema.org","@graph":[{"@type":"Article","@id":"https:\/\/noticiasya.com\/2024\/10\/12\/denuncia-secuestro-verasategui-tamaulipas-orix\/#article","isPartOf":{"@id":"https:\/\/noticiasya.com\/2024\/10\/12\/denuncia-secuestro-verasategui-tamaulipas-orix\/"},"author":{"name":"","@id":""},"headline":"Investigan denuncia de secuestro del diputado local Vicente Ver\u00e1stegui en el estado mexicano de Tamaulipas","datePublished":"2024-10-12T07:03:43+00:00","mainEntityOfPage":{"@id":"https:\/\/noticiasya.com\/2024\/10\/12\/denuncia-secuestro-verasategui-tamaulipas-orix\/"},"wordCount":349,"commentCount":0,"publisher":{"@id":"https:\/\/noticiasya.com\/#organization"},"articleSection":["Noticias Nacionales"],"inLanguage":"es","potentialAction":[{"@type":"CommentAction","name":"Comment","target":["https:\/\/noticiasya.com\/2024\/10\/12\/denuncia-secuestro-verasategui-tamaulipas-orix\/#respond"]}]},{"@type":"WebPage","@id":"https:\/\/noticiasya.com\/2024\/10\/12\/denuncia-secuestro-verasategui-tamaulipas-orix\/","url":"https:\/\/noticiasya.com\/2024\/10\/12\/denuncia-secuestro-verasategui-tamaulipas-orix\/","name":"Investigan denuncia de secuestro del diputado local Vicente Ver\u00e1stegui en el estado mexicano de Tamaulipas - Noticias","isPartOf":{"@id":"https:\/\/noticiasya.com\/#website"},"datePublished":"2024-10-12T07:03:43+00:00","breadcrumb":{"@id":"https:\/\/noticiasya.com\/2024\/10\/12\/denuncia-secuestro-verasategui-tamaulipas-orix\/#breadcrumb"},"inLanguage":"es","potentialAction":[{"@type":"ReadAction","target":["https:\/\/noticiasya.com\/2024\/10\/12\/denuncia-secuestro-verasategui-tamaulipas-orix\/"]}]},{"@type":"BreadcrumbList","@id":"https:\/\/noticiasya.com\/2024\/10\/12\/denuncia-secuestro-verasategui-tamaulipas-orix\/#breadcrumb","itemListElement":[{"@type":"ListItem","position":1,"name":"Home","item":"https:\/\/noticiasya.com\/"},{"@type":"ListItem","position":2,"name":"Investigan denuncia de secuestro del diputado local Vicente Ver\u00e1stegui en el estado mexicano de Tamaulipas"}]},{"@type":"WebSite","@id":"https:\/\/noticiasya.com\/#website","url":"https:\/\/noticiasya.com\/","name":"Noticias","description":"Lo que importa","publisher":{"@id":"https:\/\/noticiasya.com\/#organization"},"potentialAction":[{"@type":"SearchAction","target":{"@type":"EntryPoint","urlTemplate":"https:\/\/noticiasya.com\/?s={search_term_string}"},"query-input":{"@type":"PropertyValueSpecification","valueRequired":true,"valueName":"search_term_string"}}],"inLanguage":"es"},{"@type":"Organization","@id":"https:\/\/noticiasya.com\/#organization","name":"Noticias","url":"https:\/\/noticiasya.com\/","logo":{"@type":"ImageObject","inLanguage":"es","@id":"https:\/\/noticiasya.com\/#\/schema\/logo\/image\/","url":"https:\/\/noticiasya.com\/wp-content\/uploads\/sites\/22\/2023\/12\/logo-nacional.png","contentUrl":"https:\/\/noticiasya.com\/wp-content\/uploads\/sites\/22\/2023\/12\/logo-nacional.png","width":1801,"height":691,"caption":"Noticias"},"image":{"@id":"https:\/\/noticiasya.com\/#\/schema\/logo\/image\/"}}]}},"parsely":{"version":"1.1.0","canonical_url":"https:\/\/noticiasya.com\/midland-odessa\/2024\/10\/12\/denuncia-secuestro-verasategui-tamaulipas-orix\/","smart_links":{"inbound":0,"outbound":0},"traffic_boost_suggestions_count":0,"meta":{"@context":"https:\/\/schema.org","@type":"NewsArticle","headline":"Investigan denuncia de secuestro del diputado local Vicente Ver\u00e1stegui en el estado mexicano de Tamaulipas","url":"http:\/\/noticiasya.com\/midland-odessa\/2024\/10\/12\/denuncia-secuestro-verasategui-tamaulipas-orix\/","mainEntityOfPage":{"@type":"WebPage","@id":"http:\/\/noticiasya.com\/midland-odessa\/2024\/10\/12\/denuncia-secuestro-verasategui-tamaulipas-orix\/"},"thumbnailUrl":"","image":{"@type":"ImageObject","url":""},"articleSection":"Noticias Nacionales","author":[],"creator":[],"publisher":{"@type":"Organization","name":"Noticias","logo":""},"keywords":[],"dateCreated":"2024-10-12T07:03:43Z","datePublished":"2024-10-12T07:03:43Z","dateModified":"2024-10-12T07:03:43Z"},"rendered":"<script type=\"application\/ld+json\" class=\"wp-parsely-metadata\">{\"@context\":\"https:\\\/\\\/schema.org\",\"@type\":\"NewsArticle\",\"headline\":\"Investigan denuncia de secuestro del diputado local Vicente Ver\\u00e1stegui en el estado mexicano de Tamaulipas\",\"url\":\"http:\\\/\\\/noticiasya.com\\\/midland-odessa\\\/2024\\\/10\\\/12\\\/denuncia-secuestro-verasategui-tamaulipas-orix\\\/\",\"mainEntityOfPage\":{\"@type\":\"WebPage\",\"@id\":\"http:\\\/\\\/noticiasya.com\\\/midland-odessa\\\/2024\\\/10\\\/12\\\/denuncia-secuestro-verasategui-tamaulipas-orix\\\/\"},\"thumbnailUrl\":\"\",\"image\":{\"@type\":\"ImageObject\",\"url\":\"\"},\"articleSection\":\"Noticias Nacionales\",\"author\":[],\"creator\":[],\"publisher\":{\"@type\":\"Organization\",\"name\":\"Noticias\",\"logo\":\"\"},\"keywords\":[],\"dateCreated\":\"2024-10-12T07:03:43Z\",\"datePublished\":\"2024-10-12T07:03:43Z\",\"dateModified\":\"2024-10-12T07:03:43Z\"}<\/script>","tracker_url":"https:\/\/cdn.parsely.com\/keys\/noticiasya.com\/p.js"},"jetpack_featured_media_url":"","jetpack-related-posts":[{"id":1443128,"url":"https:\/\/noticiasya.com\/midland-odessa\/2024\/01\/04\/autoridades-de-mexico-localizan-a-los-31-migrantes-secuestrados-en-tamaulipas-2\/","url_meta":{"origin":1455048,"position":0},"title":"Autoridades de M\u00e9xico localizan a los 31 migrantes secuestrados en Tamaulipas","author":"","date":"enero 4, 2024","format":false,"excerpt":"(CNN Espa\u00f1ol) -- Autoridades de M\u00e9xico localizaron con vida a los 31 migrantes que fueron secuestrados el pasado s\u00e1bado en el estado de Tamaulipas, en el norte del pa\u00eds, confirm\u00f3 a CNN el portavoz de seguridad del gobierno del estado, Jorge Cu\u00e9llar.Los migrantes se encuentran sanos y salvos, a\u00f1adi\u00f3.La vocer\u00eda\u2026","rel":"","context":"In &quot;Noticias Nacionales&quot;","block_context":{"text":"Noticias Nacionales","link":"https:\/\/noticiasya.com\/midland-odessa\/categoria\/noticias-nacionales"},"img":{"alt_text":"","src":"","width":0,"height":0},"classes":[]},{"id":1443085,"url":"https:\/\/noticiasya.com\/midland-odessa\/2024\/01\/03\/investigan-el-secuestro-de-31-migrantes-que-viajaban-en-un-autobus-en-tamaulipas-en-el-noreste-de-mexico\/","url_meta":{"origin":1455048,"position":1},"title":"Investigan el secuestro de 31 migrantes que viajaban en un autob\u00fas en Tamaulipas, en el noreste de M\u00e9xico","author":"","date":"enero 3, 2024","format":false,"excerpt":"(CNN Espa\u00f1ol) --\u00a0El presidente de M\u00e9xico, Andr\u00e9s Manuel L\u00f3pez Obrador, inform\u00f3 que su Gobierno investiga el presunto secuestro de al menos 31 migrantes en Tamaulipas, en el noreste del pa\u00eds, al responder a preguntas de periodistas que lo esperaban tras su conferencia matutina diaria, que este martes se realiz\u00f3 en\u2026","rel":"","context":"In &quot;Noticias Nacionales&quot;","block_context":{"text":"Noticias Nacionales","link":"https:\/\/noticiasya.com\/midland-odessa\/categoria\/noticias-nacionales"},"img":{"alt_text":"","src":"","width":0,"height":0},"classes":[]},{"id":1443087,"url":"https:\/\/noticiasya.com\/midland-odessa\/2024\/01\/03\/investigan-el-secuestro-de-31-migrantes-que-viajaban-en-un-autobus-en-tamaulipas-en-el-noreste-de-mexico-2\/","url_meta":{"origin":1455048,"position":2},"title":"Investigan el secuestro de 31 migrantes que viajaban en un autob\u00fas en Tamaulipas, en el noreste de M\u00e9xico","author":"","date":"enero 3, 2024","format":false,"excerpt":"(CNN Espa\u00f1ol) --\u00a0El presidente de M\u00e9xico, Andr\u00e9s Manuel L\u00f3pez Obrador, inform\u00f3 que su Gobierno investiga el presunto secuestro de al menos 31 migrantes en Tamaulipas, en el noreste del pa\u00eds, al responder a preguntas de periodistas que lo esperaban tras su conferencia matutina diaria, que este martes se realiz\u00f3 en\u2026","rel":"","context":"In &quot;Noticias Nacionales&quot;","block_context":{"text":"Noticias Nacionales","link":"https:\/\/noticiasya.com\/midland-odessa\/categoria\/noticias-nacionales"},"img":{"alt_text":"","src":"","width":0,"height":0},"classes":[]},{"id":1462980,"url":"https:\/\/noticiasya.com\/midland-odessa\/2025\/05\/29\/hallan-cuerpos-tamaulipas-grupo-fugitivo-orix\/","url_meta":{"origin":1455048,"position":3},"title":"Hallan cinco cuerpos en predio en Tamaulipas; investigan si corresponden a integrantes desaparecidos del grupo Fugitivo","author":"","date":"mayo 29, 2025","format":false,"excerpt":"El fiscal del estado mexicano de Tamaulipas, Irving Barrios, inform\u00f3 que producto de un operativo de b\u00fasqueda fueron hallados en un predio en la ciudad de Reynosa, al noreste del pa\u00eds, cinco cuerpos que, presumen, pudieran corresponder a los integrantes del grupo musical Fugitivo, reportados como desaparecidos desde el fin\u2026","rel":"","context":"In &quot;Noticias Nacionales&quot;","block_context":{"text":"Noticias Nacionales","link":"https:\/\/noticiasya.com\/midland-odessa\/categoria\/noticias-nacionales"},"img":{"alt_text":"","src":"","width":0,"height":0},"classes":[]},{"id":1443120,"url":"https:\/\/noticiasya.com\/midland-odessa\/2024\/01\/03\/autoridades-de-mexico-localizan-a-los-31-migrantes-secuestrados-en-tamaulipas\/","url_meta":{"origin":1455048,"position":4},"title":"Autoridades de M\u00e9xico localizan a los 31 migrantes secuestrados en Tamaulipas","author":"","date":"enero 3, 2024","format":false,"excerpt":"(CNN Espa\u00f1ol) -- Autoridades de M\u00e9xico localizaron con vida a los 31 migrantes que fueron secuestrados el pasado s\u00e1bado en el estado de Tamaulipas, en el norte del pa\u00eds, confirm\u00f3 a CNN el portavoz de seguridad del gobierno del estado, Jorge Cu\u00e9llar.Los migrantes se encuentran sanos y salvos, a\u00f1adi\u00f3.Por su\u2026","rel":"","context":"In &quot;Noticias Nacionales&quot;","block_context":{"text":"Noticias Nacionales","link":"https:\/\/noticiasya.com\/midland-odessa\/categoria\/noticias-nacionales"},"img":{"alt_text":"","src":"","width":0,"height":0},"classes":[]},{"id":1455118,"url":"https:\/\/noticiasya.com\/midland-odessa\/2024\/10\/15\/fiscalia-de-mexico-investiga-muerte-cuatro-personas-nuevo-laredo-tamaulipas-orix\/","url_meta":{"origin":1455048,"position":5},"title":"Fiscal\u00eda de M\u00e9xico investiga la muerte de cuatro personas durante fuego cruzado en Nuevo Laredo, Tamaulipas","author":"","date":"octubre 15, 2024","format":false,"excerpt":"(CNN Espa\u00f1ol) --\u00a0La Fiscal\u00eda General de M\u00e9xico investiga la muerte de tres adultos y una ni\u00f1a en Nuevo Laredo, Tamaulipas, ciudad fronteriza con Estados Unidos, quienes perdieron la vida este fin de semana en fuegos cruzados cuando elementos de las fuerzas armadas persegu\u00edan a presuntos delincuentes, inform\u00f3 este martes la\u2026","rel":"","context":"In &quot;Noticias Nacionales&quot;","block_context":{"text":"Noticias Nacionales","link":"https:\/\/noticiasya.com\/midland-odessa\/categoria\/noticias-nacionales"},"img":{"alt_text":"","src":"","width":0,"height":0},"classes":[]}],"jetpack_sharing_enabled":true,"_links":{"self":[{"href":"https:\/\/noticiasya.com\/midland-odessa\/wp-json\/wp\/v2\/posts\/1455048","targetHints":{"allow":["GET"]}}],"collection":[{"href":"https:\/\/noticiasya.com\/midland-odessa\/wp-json\/wp\/v2\/posts"}],"about":[{"href":"https:\/\/noticiasya.com\/midland-odessa\/wp-json\/wp\/v2\/types\/post"}],"replies":[{"embeddable":true,"href":"https:\/\/noticiasya.com\/midland-odessa\/wp-json\/wp\/v2\/comments?post=1455048"}],"version-history":[{"count":0,"href":"https:\/\/noticiasya.com\/midland-odessa\/wp-json\/wp\/v2\/posts\/1455048\/revisions"}],"wp:attachment":[{"href":"https:\/\/noticiasya.com\/midland-odessa\/wp-json\/wp\/v2\/media?parent=1455048"}],"wp:term":[{"taxonomy":"category","embeddable":true,"href":"https:\/\/noticiasya.com\/midland-odessa\/wp-json\/wp\/v2\/categories?post=1455048"},{"taxonomy":"post_tag","embeddable":true,"href":"https:\/\/noticiasya.com\/midland-odessa\/wp-json\/wp\/v2\/tags?post=1455048"}],"curies":[{"name":"wp","href":"https:\/\/api.w.org\/{rel}","templated":true}]}}