{"id":1455049,"date":"2024-10-12T03:03:57","date_gmt":"2024-10-12T10:03:57","guid":{"rendered":"https:\/\/noticiasya.com\/2024\/10\/12\/que-celebra-espana-dia-de-la-hispanidad-orix\/"},"modified":"2024-10-12T03:03:57","modified_gmt":"2024-10-12T10:03:57","slug":"que-celebra-espana-dia-de-la-hispanidad-orix","status":"publish","type":"post","link":"https:\/\/noticiasya.com\/midland-odessa\/2024\/10\/12\/que-celebra-espana-dia-de-la-hispanidad-orix\/","title":{"rendered":"\u00bfQu\u00e9 celebra Espa\u00f1a en el D\u00eda de la Hispanidad?"},"content":{"rendered":"<p>(CNN Espa\u00f1ol) &#8212; El 12 de octubre es una fecha que se conmemora en diferentes lugares del mundo, y desde distintas perspectivas.<\/p>\n<p>Ese d\u00eda de 1942 la expedici\u00f3n de Cristobal Col\u00f3n toc\u00f3 tierra en la isla Guanahani, de las Bahamas, junto a una tripulaci\u00f3n de 90 personas que hab\u00edan zarpado unas 10 semanas antes a bordo de los barcos bautizados como Ni\u00f1a, Pinta y Santa Mar\u00eda.<\/p>\n<p>Pero ese episodio, conocido como &#171;Columbus Day&#187; en Estados Unidos y que fue por mucho tiempo conocido como el D\u00eda de la Raza en el continente americano \u2014en donde ahora muchos comenzaron a nombrarlo como el D\u00eda de la resistencia ind\u00edgena o el D\u00eda del respeto por la diversidad cultural\u2014 en Espa\u00f1a es conocido como el D\u00eda de la Hispanidad.<\/p>\n<p>\u00bfQu\u00e9 se celebra en Espa\u00f1a?<\/p>\n<p>&#171;La Fiesta Nacional de Espa\u00f1a o D\u00eda de la Hispanidad (&#8230;) conmemora la efem\u00e9ride hist\u00f3rica del descubrimiento de Am\u00e9rica por parte de Espa\u00f1a, un hito hist\u00f3rico trascendental para nuestro pa\u00eds, con el que se inicia un periodo de proyecci\u00f3n ling\u00fc\u00edstica y cultural en Am\u00e9rica. Todo ello ocurri\u00f3 en una \u00e9poca en la cual se estaba configurando el Estado moderno&#187;, explica el Gobierno de Espa\u00f1a a trav\u00e9s de su Ministerio de Defensa.<\/p>\n<p>Adem\u00e1s, afirma que se trata de una fiesta de &#171;uni\u00f3n, hermanamiento y en la que mostramos, adem\u00e1s, nuestro v\u00ednculo con la comunidad internacional&#187;.<\/p>\n<p>12 mitos y verdades sobre el D\u00eda de la Raza o la fiesta del D\u00eda de la Hispanidad<\/p>\n<p>En Espa\u00f1a, la fecha es un festivo \u2014es decir que no se trabaja\u2014 y se conmemora con un acto en la Plaza de Col\u00f3n de Madrid, donde se rinde homenaje a la bandera y a quienes murieron por el pa\u00eds, seguido de un desfile militar por el Paseo de la Castellana. Cada a\u00f1o, asisten el rey y miembros de la Familia Real, los representantes de los poderes del Estado y los presidentes de las autonom\u00edas espa\u00f1olas.<\/p>\n<p>La ley 18\/1987, vigente desde el a\u00f1o 1987 cuando se estableci\u00f3 la conmemoraci\u00f3n, fundamenta a trav\u00e9s de un texto que &#171;la fecha elegida, el 12 de octubre, simboliza la efem\u00e9rides hist\u00f3rica en la que Espa\u00f1a, a punto de concluir un proceso de construcci\u00f3n del Estado a partir de nuestra pluralidad cultural y pol\u00edtica, y la integraci\u00f3n de los Reinos de Espa\u00f1a en una misma Monarqu\u00eda, inicia un per\u00edodo de proyecci\u00f3n ling\u00fc\u00edstica y cultural m\u00e1s all\u00e1 de los l\u00edmites europeos&#187;.<\/p>\n<p>Impresi\u00f3n de Currier e Ives del explorador italiano Crist\u00f3bal Col\u00f3n (1451-1506), llegando a &#171;las Indias Occidentales&#187; el 11 de octubre de 1492.<\/p>\n<p>El revisionismo crece fuera de Espa\u00f1a<\/p>\n<p>En el \u00faltimo tiempo, cada vez m\u00e1s historiadores discuten la forma en la que ese episodio es recordado, al menos fuera de Espa\u00f1a. Pero adem\u00e1s de una revisi\u00f3n de los hechos hist\u00f3ricos, existe una serie de cuestionamientos surgidos en muchos de los pa\u00edses americanos de la mano de movimientos amplios que disputan el significado que se le daba a esta fecha.<\/p>\n<p>Col\u00f3n no fue la primera persona en llegar al continente por lo que tampoco fue el responsable de &#171;descubrirlo&#187;. Por el contrario, los pueblos ind\u00edgenas hab\u00edan estado viviendo en Am\u00e9rica durante siglos, mucho antes de la llegada de la expedici\u00f3n espa\u00f1ola.<\/p>\n<p>No se trata de que Col\u00f3n, mandatado por los reyes espa\u00f1oles, no haya descubierto nada nuevo mientras buscaba una ruta a las Indias Orientales. Pero la narrativa que lo presentaba como &#171;descubridor de Am\u00e9rica&#187; ya ha sido ampliamente superada en m\u00faltiples espacios: el &#171;Nuevo Mundo&#187; solo era nuevo para los europeos en cuyo nombre navegaba.<\/p>\n<p>Se trata, en cambio, de la violencia, enfermedad y muerte que sigui\u00f3 a la llegada de los colonizadores a territorio americano, que dio forma al continente tal como lo conocemos hoy.<\/p>\n<p>Sin embargo, no hay duda de que los viajes de Col\u00f3n tuvieron un &#171;impacto hist\u00f3rico innegable, lo que provoc\u00f3 la gran era de la exploraci\u00f3n en el Atl\u00e1ntico, el comercio y, eventualmente, la colonizaci\u00f3n de los europeos&#187;, dijo el historiador David M. Perry, quien escribi\u00f3\u00a0un art\u00edculo de opini\u00f3n\u00a0para CNN sobre el D\u00eda de Col\u00f3n.<\/p>\n<p>Con informaci\u00f3n de \u00c1ngela Reyes Haczek, Alicia Lee, y Sof\u00eda Benavides.<\/p>\n<p>The-CNN-Wire<br \/>&trade; &amp; &copy; 2024 Cable News Network, Inc., a Warner Bros. Discovery Company. All rights reserved.<\/p>\n","protected":false},"excerpt":{"rendered":"<p>(CNN Espa\u00f1ol) &#8212; El 12 de octubre es una fecha que se conmemora en diferentes lugares del mundo, y desde distintas perspectivas. Ese d\u00eda de 1942 la expedici\u00f3n de Cristobal Col\u00f3n toc\u00f3 tierra en la isla Guanahani, de las Bahamas, junto a una tripulaci\u00f3n de 90 personas que hab\u00edan zarpado unas 10 semanas antes a [&hellip;]<\/p>\n","protected":false},"author":0,"featured_media":0,"comment_status":"open","ping_status":"open","sticky":false,"template":"","format":"standard","meta":{"_jetpack_memberships_contains_paid_content":false,"footnotes":""},"categories":[10],"tags":[],"class_list":["post-1455049","post","type-post","status-publish","format-standard","hentry","category-noticias-nacionales","market-global"],"yoast_head":"<!-- This site is optimized with the Yoast SEO plugin v24.4 - https:\/\/yoast.com\/wordpress\/plugins\/seo\/ -->\n<title>\u00bfQu\u00e9 celebra Espa\u00f1a en el D\u00eda de la Hispanidad? - Noticias<\/title>\n<meta name=\"robots\" content=\"index, follow, max-snippet:-1, max-image-preview:large, max-video-preview:-1\" \/>\n<link rel=\"canonical\" href=\"https:\/\/noticiasya.com\/2024\/10\/12\/que-celebra-espana-dia-de-la-hispanidad-orix\/\" \/>\n<meta property=\"og:locale\" content=\"es_ES\" \/>\n<meta property=\"og:type\" content=\"article\" \/>\n<meta property=\"og:title\" content=\"\u00bfQu\u00e9 celebra Espa\u00f1a en el D\u00eda de la Hispanidad? - Noticias\" \/>\n<meta property=\"og:description\" content=\"(CNN Espa\u00f1ol) &#8212; El 12 de octubre es una fecha que se conmemora en diferentes lugares del mundo, y desde distintas perspectivas. Ese d\u00eda de 1942 la expedici\u00f3n de Cristobal Col\u00f3n toc\u00f3 tierra en la isla Guanahani, de las Bahamas, junto a una tripulaci\u00f3n de 90 personas que hab\u00edan zarpado unas 10 semanas antes a [&hellip;]\" \/>\n<meta property=\"og:url\" content=\"https:\/\/noticiasya.com\/2024\/10\/12\/que-celebra-espana-dia-de-la-hispanidad-orix\/\" \/>\n<meta property=\"og:site_name\" content=\"Noticias\" \/>\n<meta property=\"article:published_time\" content=\"2024-10-12T10:03:57+00:00\" \/>\n<meta name=\"twitter:card\" content=\"summary_large_image\" \/>\n<meta name=\"twitter:label1\" content=\"Est. reading time\" \/>\n\t<meta name=\"twitter:data1\" content=\"4 minutos\" \/>\n<script type=\"application\/ld+json\" class=\"yoast-schema-graph\">{\"@context\":\"https:\/\/schema.org\",\"@graph\":[{\"@type\":\"Article\",\"@id\":\"https:\/\/noticiasya.com\/2024\/10\/12\/que-celebra-espana-dia-de-la-hispanidad-orix\/#article\",\"isPartOf\":{\"@id\":\"https:\/\/noticiasya.com\/2024\/10\/12\/que-celebra-espana-dia-de-la-hispanidad-orix\/\"},\"author\":{\"name\":\"\",\"@id\":\"\"},\"headline\":\"\u00bfQu\u00e9 celebra Espa\u00f1a en el D\u00eda de la Hispanidad?\",\"datePublished\":\"2024-10-12T10:03:57+00:00\",\"mainEntityOfPage\":{\"@id\":\"https:\/\/noticiasya.com\/2024\/10\/12\/que-celebra-espana-dia-de-la-hispanidad-orix\/\"},\"wordCount\":784,\"commentCount\":0,\"publisher\":{\"@id\":\"https:\/\/noticiasya.com\/#organization\"},\"articleSection\":[\"Noticias Nacionales\"],\"inLanguage\":\"es\",\"potentialAction\":[{\"@type\":\"CommentAction\",\"name\":\"Comment\",\"target\":[\"https:\/\/noticiasya.com\/2024\/10\/12\/que-celebra-espana-dia-de-la-hispanidad-orix\/#respond\"]}]},{\"@type\":\"WebPage\",\"@id\":\"https:\/\/noticiasya.com\/2024\/10\/12\/que-celebra-espana-dia-de-la-hispanidad-orix\/\",\"url\":\"https:\/\/noticiasya.com\/2024\/10\/12\/que-celebra-espana-dia-de-la-hispanidad-orix\/\",\"name\":\"\u00bfQu\u00e9 celebra Espa\u00f1a en el D\u00eda de la Hispanidad? - Noticias\",\"isPartOf\":{\"@id\":\"https:\/\/noticiasya.com\/#website\"},\"datePublished\":\"2024-10-12T10:03:57+00:00\",\"breadcrumb\":{\"@id\":\"https:\/\/noticiasya.com\/2024\/10\/12\/que-celebra-espana-dia-de-la-hispanidad-orix\/#breadcrumb\"},\"inLanguage\":\"es\",\"potentialAction\":[{\"@type\":\"ReadAction\",\"target\":[\"https:\/\/noticiasya.com\/2024\/10\/12\/que-celebra-espana-dia-de-la-hispanidad-orix\/\"]}]},{\"@type\":\"BreadcrumbList\",\"@id\":\"https:\/\/noticiasya.com\/2024\/10\/12\/que-celebra-espana-dia-de-la-hispanidad-orix\/#breadcrumb\",\"itemListElement\":[{\"@type\":\"ListItem\",\"position\":1,\"name\":\"Home\",\"item\":\"https:\/\/noticiasya.com\/\"},{\"@type\":\"ListItem\",\"position\":2,\"name\":\"\u00bfQu\u00e9 celebra Espa\u00f1a en el D\u00eda de la Hispanidad?\"}]},{\"@type\":\"WebSite\",\"@id\":\"https:\/\/noticiasya.com\/#website\",\"url\":\"https:\/\/noticiasya.com\/\",\"name\":\"Noticias\",\"description\":\"Lo que importa\",\"publisher\":{\"@id\":\"https:\/\/noticiasya.com\/#organization\"},\"potentialAction\":[{\"@type\":\"SearchAction\",\"target\":{\"@type\":\"EntryPoint\",\"urlTemplate\":\"https:\/\/noticiasya.com\/?s={search_term_string}\"},\"query-input\":{\"@type\":\"PropertyValueSpecification\",\"valueRequired\":true,\"valueName\":\"search_term_string\"}}],\"inLanguage\":\"es\"},{\"@type\":\"Organization\",\"@id\":\"https:\/\/noticiasya.com\/#organization\",\"name\":\"Noticias\",\"url\":\"https:\/\/noticiasya.com\/\",\"logo\":{\"@type\":\"ImageObject\",\"inLanguage\":\"es\",\"@id\":\"https:\/\/noticiasya.com\/#\/schema\/logo\/image\/\",\"url\":\"https:\/\/noticiasya.com\/wp-content\/uploads\/sites\/22\/2023\/12\/logo-nacional.png\",\"contentUrl\":\"https:\/\/noticiasya.com\/wp-content\/uploads\/sites\/22\/2023\/12\/logo-nacional.png\",\"width\":1801,\"height\":691,\"caption\":\"Noticias\"},\"image\":{\"@id\":\"https:\/\/noticiasya.com\/#\/schema\/logo\/image\/\"}}]}<\/script>\n<!-- \/ Yoast SEO plugin. -->","yoast_head_json":{"title":"\u00bfQu\u00e9 celebra Espa\u00f1a en el D\u00eda de la Hispanidad? - Noticias","robots":{"index":"index","follow":"follow","max-snippet":"max-snippet:-1","max-image-preview":"max-image-preview:large","max-video-preview":"max-video-preview:-1"},"canonical":"https:\/\/noticiasya.com\/2024\/10\/12\/que-celebra-espana-dia-de-la-hispanidad-orix\/","og_locale":"es_ES","og_type":"article","og_title":"\u00bfQu\u00e9 celebra Espa\u00f1a en el D\u00eda de la Hispanidad? - Noticias","og_description":"(CNN Espa\u00f1ol) &#8212; El 12 de octubre es una fecha que se conmemora en diferentes lugares del mundo, y desde distintas perspectivas. Ese d\u00eda de 1942 la expedici\u00f3n de Cristobal Col\u00f3n toc\u00f3 tierra en la isla Guanahani, de las Bahamas, junto a una tripulaci\u00f3n de 90 personas que hab\u00edan zarpado unas 10 semanas antes a [&hellip;]","og_url":"https:\/\/noticiasya.com\/2024\/10\/12\/que-celebra-espana-dia-de-la-hispanidad-orix\/","og_site_name":"Noticias","article_published_time":"2024-10-12T10:03:57+00:00","twitter_card":"summary_large_image","twitter_misc":{"Est. reading time":"4 minutos"},"schema":{"@context":"https:\/\/schema.org","@graph":[{"@type":"Article","@id":"https:\/\/noticiasya.com\/2024\/10\/12\/que-celebra-espana-dia-de-la-hispanidad-orix\/#article","isPartOf":{"@id":"https:\/\/noticiasya.com\/2024\/10\/12\/que-celebra-espana-dia-de-la-hispanidad-orix\/"},"author":{"name":"","@id":""},"headline":"\u00bfQu\u00e9 celebra Espa\u00f1a en el D\u00eda de la Hispanidad?","datePublished":"2024-10-12T10:03:57+00:00","mainEntityOfPage":{"@id":"https:\/\/noticiasya.com\/2024\/10\/12\/que-celebra-espana-dia-de-la-hispanidad-orix\/"},"wordCount":784,"commentCount":0,"publisher":{"@id":"https:\/\/noticiasya.com\/#organization"},"articleSection":["Noticias Nacionales"],"inLanguage":"es","potentialAction":[{"@type":"CommentAction","name":"Comment","target":["https:\/\/noticiasya.com\/2024\/10\/12\/que-celebra-espana-dia-de-la-hispanidad-orix\/#respond"]}]},{"@type":"WebPage","@id":"https:\/\/noticiasya.com\/2024\/10\/12\/que-celebra-espana-dia-de-la-hispanidad-orix\/","url":"https:\/\/noticiasya.com\/2024\/10\/12\/que-celebra-espana-dia-de-la-hispanidad-orix\/","name":"\u00bfQu\u00e9 celebra Espa\u00f1a en el D\u00eda de la Hispanidad? - Noticias","isPartOf":{"@id":"https:\/\/noticiasya.com\/#website"},"datePublished":"2024-10-12T10:03:57+00:00","breadcrumb":{"@id":"https:\/\/noticiasya.com\/2024\/10\/12\/que-celebra-espana-dia-de-la-hispanidad-orix\/#breadcrumb"},"inLanguage":"es","potentialAction":[{"@type":"ReadAction","target":["https:\/\/noticiasya.com\/2024\/10\/12\/que-celebra-espana-dia-de-la-hispanidad-orix\/"]}]},{"@type":"BreadcrumbList","@id":"https:\/\/noticiasya.com\/2024\/10\/12\/que-celebra-espana-dia-de-la-hispanidad-orix\/#breadcrumb","itemListElement":[{"@type":"ListItem","position":1,"name":"Home","item":"https:\/\/noticiasya.com\/"},{"@type":"ListItem","position":2,"name":"\u00bfQu\u00e9 celebra Espa\u00f1a en el D\u00eda de la Hispanidad?"}]},{"@type":"WebSite","@id":"https:\/\/noticiasya.com\/#website","url":"https:\/\/noticiasya.com\/","name":"Noticias","description":"Lo que importa","publisher":{"@id":"https:\/\/noticiasya.com\/#organization"},"potentialAction":[{"@type":"SearchAction","target":{"@type":"EntryPoint","urlTemplate":"https:\/\/noticiasya.com\/?s={search_term_string}"},"query-input":{"@type":"PropertyValueSpecification","valueRequired":true,"valueName":"search_term_string"}}],"inLanguage":"es"},{"@type":"Organization","@id":"https:\/\/noticiasya.com\/#organization","name":"Noticias","url":"https:\/\/noticiasya.com\/","logo":{"@type":"ImageObject","inLanguage":"es","@id":"https:\/\/noticiasya.com\/#\/schema\/logo\/image\/","url":"https:\/\/noticiasya.com\/wp-content\/uploads\/sites\/22\/2023\/12\/logo-nacional.png","contentUrl":"https:\/\/noticiasya.com\/wp-content\/uploads\/sites\/22\/2023\/12\/logo-nacional.png","width":1801,"height":691,"caption":"Noticias"},"image":{"@id":"https:\/\/noticiasya.com\/#\/schema\/logo\/image\/"}}]}},"parsely":{"version":"1.1.0","canonical_url":"https:\/\/noticiasya.com\/midland-odessa\/2024\/10\/12\/que-celebra-espana-dia-de-la-hispanidad-orix\/","smart_links":{"inbound":0,"outbound":0},"traffic_boost_suggestions_count":0,"meta":{"@context":"https:\/\/schema.org","@type":"NewsArticle","headline":"\u00bfQu\u00e9 celebra Espa\u00f1a en el D\u00eda de la Hispanidad?","url":"http:\/\/noticiasya.com\/midland-odessa\/2024\/10\/12\/que-celebra-espana-dia-de-la-hispanidad-orix\/","mainEntityOfPage":{"@type":"WebPage","@id":"http:\/\/noticiasya.com\/midland-odessa\/2024\/10\/12\/que-celebra-espana-dia-de-la-hispanidad-orix\/"},"thumbnailUrl":"","image":{"@type":"ImageObject","url":""},"articleSection":"Noticias Nacionales","author":[],"creator":[],"publisher":{"@type":"Organization","name":"Noticias","logo":""},"keywords":[],"dateCreated":"2024-10-12T10:03:57Z","datePublished":"2024-10-12T10:03:57Z","dateModified":"2024-10-12T10:03:57Z"},"rendered":"<script type=\"application\/ld+json\" class=\"wp-parsely-metadata\">{\"@context\":\"https:\\\/\\\/schema.org\",\"@type\":\"NewsArticle\",\"headline\":\"\\u00bfQu\\u00e9 celebra Espa\\u00f1a en el D\\u00eda de la Hispanidad?\",\"url\":\"http:\\\/\\\/noticiasya.com\\\/midland-odessa\\\/2024\\\/10\\\/12\\\/que-celebra-espana-dia-de-la-hispanidad-orix\\\/\",\"mainEntityOfPage\":{\"@type\":\"WebPage\",\"@id\":\"http:\\\/\\\/noticiasya.com\\\/midland-odessa\\\/2024\\\/10\\\/12\\\/que-celebra-espana-dia-de-la-hispanidad-orix\\\/\"},\"thumbnailUrl\":\"\",\"image\":{\"@type\":\"ImageObject\",\"url\":\"\"},\"articleSection\":\"Noticias Nacionales\",\"author\":[],\"creator\":[],\"publisher\":{\"@type\":\"Organization\",\"name\":\"Noticias\",\"logo\":\"\"},\"keywords\":[],\"dateCreated\":\"2024-10-12T10:03:57Z\",\"datePublished\":\"2024-10-12T10:03:57Z\",\"dateModified\":\"2024-10-12T10:03:57Z\"}<\/script>","tracker_url":"https:\/\/cdn.parsely.com\/keys\/noticiasya.com\/p.js"},"jetpack_featured_media_url":"","jetpack-related-posts":[{"id":1455053,"url":"https:\/\/noticiasya.com\/midland-odessa\/2024\/10\/12\/mitos-y-verdades-dia-de-la-raza-dia-de-la-hispanidad-orix\/","url_meta":{"origin":1455049,"position":0},"title":"12 mitos y verdades sobre el D\u00eda de la Raza o la fiesta del D\u00eda de la Hispanidad","author":"","date":"octubre 12, 2024","format":false,"excerpt":"(CNN Espa\u00f1ol) -- En octubre muchos pa\u00edses celebran una festividad similar, aunque no se pongan de acuerdo con el nombre. En Estados Unidos se celebra el segundo lunes\u00a0de octubre, y se conoce como el D\u00eda de Crist\u00f3bal Col\u00f3n. En Latinoam\u00e9rica se celebra el 12 del mes y se llama el\u2026","rel":"","context":"In &quot;Noticias Nacionales&quot;","block_context":{"text":"Noticias Nacionales","link":"https:\/\/noticiasya.com\/midland-odessa\/categoria\/noticias-nacionales"},"img":{"alt_text":"","src":"","width":0,"height":0},"classes":[]},{"id":1451279,"url":"https:\/\/noticiasya.com\/midland-odessa\/2024\/07\/20\/por-que-independencia-colombia-20-julio-1810-origen-historia-orix\/","url_meta":{"origin":1455049,"position":1},"title":"\u00bfPor qu\u00e9 se celebra el 20 de julio la Independencia de Colombia? Esto fue lo que ocurri\u00f3 en 1810","author":"","date":"julio 20, 2024","format":false,"excerpt":"(CNN Espa\u00f1ol) -- El 20 de julio en Colombia se conmemora el D\u00eda de la Independencia debido a una serie de eventos que dar\u00edan inicio a la Independencia de la Nueva Granada \u2014como se llamaba el conjunto de provincias que hoy forman la actual Colombia\u2014 del poder de Espa\u00f1a.Si bien\u2026","rel":"","context":"In &quot;Noticias Nacionales&quot;","block_context":{"text":"Noticias Nacionales","link":"https:\/\/noticiasya.com\/midland-odessa\/categoria\/noticias-nacionales"},"img":{"alt_text":"","src":"","width":0,"height":0},"classes":[]},{"id":1447113,"url":"https:\/\/noticiasya.com\/midland-odessa\/2024\/03\/19\/cuando-dia-del-padre-espana-2024-orix\/","url_meta":{"origin":1455049,"position":2},"title":"\u00bfCu\u00e1ndo se celebra el D\u00eda del Padre en Espa\u00f1a en 2024 y por qu\u00e9?","author":"","date":"marzo 19, 2024","format":false,"excerpt":"(CNN Espa\u00f1ol) -- El D\u00eda del Padre se ha convertido en una festividad generalizada en Espa\u00f1a desde hace a\u00f1os a pesar de que no es un festivo oficial en el calendario.Cada a\u00f1o la celebraci\u00f3n se lleva a cabo el 19 de marzo, lo cual coincide directamente con San Jos\u00e9, una\u2026","rel":"","context":"In &quot;Noticias Nacionales&quot;","block_context":{"text":"Noticias Nacionales","link":"https:\/\/noticiasya.com\/midland-odessa\/categoria\/noticias-nacionales"},"img":{"alt_text":"","src":"","width":0,"height":0},"classes":[]},{"id":1462205,"url":"https:\/\/noticiasya.com\/midland-odessa\/2025\/05\/10\/cuando-se-celebra-dia-de-madres-por-que-orix\/","url_meta":{"origin":1455049,"position":3},"title":"\u00bfCu\u00e1ndo se celebra el D\u00eda de las Madres en EE.UU. en 2025 y por qu\u00e9?","author":"","date":"mayo 10, 2025","format":false,"excerpt":"Estados Unidos celebra el D\u00eda de las Madres este domingo 11 de mayo, uni\u00e9ndose as\u00ed a otros pa\u00edses como M\u00e9xico, Colombia o Espa\u00f1a, que tambi\u00e9n conmemoran la labor de las madres en el mes de mayo.En EE.UU. y Colombia festejan a las mam\u00e1s el segundo domingo de cada mayo, es\u2026","rel":"","context":"In &quot;Noticias Nacionales&quot;","block_context":{"text":"Noticias Nacionales","link":"https:\/\/noticiasya.com\/midland-odessa\/categoria\/noticias-nacionales"},"img":{"alt_text":"","src":"","width":0,"height":0},"classes":[]},{"id":1461362,"url":"https:\/\/noticiasya.com\/midland-odessa\/2025\/04\/18\/semana-santa-catolica-que-es-trax\/","url_meta":{"origin":1455049,"position":4},"title":"Viernes Santo para los cristianos: qu\u00e9 se conmemora en Semana Santa","author":"","date":"abril 18, 2025","format":false,"excerpt":"En Semana Santa, los cristianos conmemoran la pasi\u00f3n, muerte y resurrecci\u00f3n de Jesucristo al tercer d\u00eda despu\u00e9s de su crucifixi\u00f3n. Tambi\u00e9n marca el final del per\u00edodo de penitencia de 40 d\u00edas llamado Cuaresma. La Pascua se considera la \u00e9poca m\u00e1s importante del a\u00f1o cristiano.Para los cristianos, el Domingo de Ramos\u2026","rel":"","context":"In &quot;Noticias Nacionales&quot;","block_context":{"text":"Noticias Nacionales","link":"https:\/\/noticiasya.com\/midland-odessa\/categoria\/noticias-nacionales"},"img":{"alt_text":"","src":"","width":0,"height":0},"classes":[]},{"id":1449382,"url":"https:\/\/noticiasya.com\/midland-odessa\/2024\/05\/10\/cuando-celebra-dia-madre-colombia-por-que-orix\/","url_meta":{"origin":1455049,"position":5},"title":"\u00bfCu\u00e1ndo se celebra el D\u00eda de la Madre en Colombia y EE.UU. en 2024 y por qu\u00e9?","author":"","date":"mayo 10, 2024","format":false,"excerpt":"(CNN Espa\u00f1ol) \u2014 Colombia celebrar\u00e1 este a\u00f1o el D\u00eda de la Madre el domingo 12 de mayo, uni\u00e9ndose as\u00ed a otros pa\u00edses como M\u00e9xico, Estados Unidos o Espa\u00f1a que tambi\u00e9n conmemoran la labor de las madres en el mes de mayo.En Colombia y EE.UU. festejan a las mam\u00e1s el segundo\u2026","rel":"","context":"In &quot;Noticias Nacionales&quot;","block_context":{"text":"Noticias Nacionales","link":"https:\/\/noticiasya.com\/midland-odessa\/categoria\/noticias-nacionales"},"img":{"alt_text":"","src":"","width":0,"height":0},"classes":[]}],"jetpack_sharing_enabled":true,"_links":{"self":[{"href":"https:\/\/noticiasya.com\/midland-odessa\/wp-json\/wp\/v2\/posts\/1455049","targetHints":{"allow":["GET"]}}],"collection":[{"href":"https:\/\/noticiasya.com\/midland-odessa\/wp-json\/wp\/v2\/posts"}],"about":[{"href":"https:\/\/noticiasya.com\/midland-odessa\/wp-json\/wp\/v2\/types\/post"}],"replies":[{"embeddable":true,"href":"https:\/\/noticiasya.com\/midland-odessa\/wp-json\/wp\/v2\/comments?post=1455049"}],"version-history":[{"count":0,"href":"https:\/\/noticiasya.com\/midland-odessa\/wp-json\/wp\/v2\/posts\/1455049\/revisions"}],"wp:attachment":[{"href":"https:\/\/noticiasya.com\/midland-odessa\/wp-json\/wp\/v2\/media?parent=1455049"}],"wp:term":[{"taxonomy":"category","embeddable":true,"href":"https:\/\/noticiasya.com\/midland-odessa\/wp-json\/wp\/v2\/categories?post=1455049"},{"taxonomy":"post_tag","embeddable":true,"href":"https:\/\/noticiasya.com\/midland-odessa\/wp-json\/wp\/v2\/tags?post=1455049"}],"curies":[{"name":"wp","href":"https:\/\/api.w.org\/{rel}","templated":true}]}}