{"id":1455050,"date":"2024-10-12T03:03:57","date_gmt":"2024-10-12T10:03:57","guid":{"rendered":"https:\/\/noticiasya.com\/2024\/10\/12\/harris-informe-historial-medico-trax\/"},"modified":"2024-10-12T03:03:57","modified_gmt":"2024-10-12T10:03:57","slug":"harris-informe-historial-medico-trax","status":"publish","type":"post","link":"https:\/\/noticiasya.com\/midland-odessa\/2024\/10\/12\/harris-informe-historial-medico-trax\/","title":{"rendered":"La campa\u00f1a de Harris publicar\u00e1 un informe detallando el historial m\u00e9dico y la informaci\u00f3n sanitaria de la vicepresidenta"},"content":{"rendered":"<p>(CNN) &#8212; Se espera que la campa\u00f1a de la vicepresidenta Kamala Harris publique este s\u00e1bado un informe detallando su historial m\u00e9dico y la informaci\u00f3n sobre su salud, dijo un alto asesor.<\/p>\n<p>Se trata de un esfuerzo por establecer un contraste entre la candidata dem\u00f3crata, de 59 a\u00f1os, y su rival republicano, Donald Trump, de 78 a\u00f1os, que aspira a convertirse en la persona de mayor edad elegida para el Despacho Oval y ha divulgado relativamente poca informaci\u00f3n detallada sobre su propio historial m\u00e9dico.<\/p>\n<p>El informe de Harris, dijo el ayudante, concluir\u00e1: \u201cPosee la resistencia f\u00edsica y mental requerida para ejecutar con \u00e9xito los deberes de la presidencia, que incluyen los de jefe ejecutivo, Jefe de estado y comandante en jefe\u201d.<\/p>\n<p>Kamala Harris se enfoca en la reforma migratoria para atraer a votantes latinos<\/p>\n<p>Trump no ha hecho p\u00fablicos sus historiales m\u00e9dicos reales, y los memorandos sobre su salud en el pasado han utilizado a menudo un lenguaje hiperb\u00f3lico.<\/p>\n<p>Harris nunca ha publicado su historial m\u00e9dico. Ha dicho en las redes sociales que su difunta madre, Shyamala Gopalan Harris -que muri\u00f3 de c\u00e1ncer de colon en 2009-, trabaj\u00f3 como investigadora del c\u00e1ncer de mama, y ha abogado por el cribado del c\u00e1ncer de mama.<\/p>\n<p>The-CNN-Wire<br \/>&trade; &amp; &copy; 2024 Cable News Network, Inc., a Warner Bros. Discovery Company. All rights reserved.<\/p>\n","protected":false},"excerpt":{"rendered":"<p>(CNN) &#8212; Se espera que la campa\u00f1a de la vicepresidenta Kamala Harris publique este s\u00e1bado un informe detallando su historial m\u00e9dico y la informaci\u00f3n sobre su salud, dijo un alto asesor. Se trata de un esfuerzo por establecer un contraste entre la candidata dem\u00f3crata, de 59 a\u00f1os, y su rival republicano, Donald Trump, de 78 [&hellip;]<\/p>\n","protected":false},"author":0,"featured_media":0,"comment_status":"open","ping_status":"open","sticky":false,"template":"","format":"standard","meta":{"_jetpack_memberships_contains_paid_content":false,"footnotes":""},"categories":[10],"tags":[],"class_list":["post-1455050","post","type-post","status-publish","format-standard","hentry","category-noticias-nacionales","market-global"],"yoast_head":"<!-- This site is optimized with the Yoast SEO plugin v24.4 - https:\/\/yoast.com\/wordpress\/plugins\/seo\/ -->\n<title>La campa\u00f1a de Harris publicar\u00e1 un informe detallando el historial m\u00e9dico y la informaci\u00f3n sanitaria de la vicepresidenta - Noticias<\/title>\n<meta name=\"robots\" content=\"index, follow, max-snippet:-1, max-image-preview:large, max-video-preview:-1\" \/>\n<link rel=\"canonical\" href=\"https:\/\/noticiasya.com\/2024\/10\/12\/harris-informe-historial-medico-trax\/\" \/>\n<meta property=\"og:locale\" content=\"es_ES\" \/>\n<meta property=\"og:type\" content=\"article\" \/>\n<meta property=\"og:title\" content=\"La campa\u00f1a de Harris publicar\u00e1 un informe detallando el historial m\u00e9dico y la informaci\u00f3n sanitaria de la vicepresidenta - Noticias\" \/>\n<meta property=\"og:description\" content=\"(CNN) &#8212; Se espera que la campa\u00f1a de la vicepresidenta Kamala Harris publique este s\u00e1bado un informe detallando su historial m\u00e9dico y la informaci\u00f3n sobre su salud, dijo un alto asesor. Se trata de un esfuerzo por establecer un contraste entre la candidata dem\u00f3crata, de 59 a\u00f1os, y su rival republicano, Donald Trump, de 78 [&hellip;]\" \/>\n<meta property=\"og:url\" content=\"https:\/\/noticiasya.com\/2024\/10\/12\/harris-informe-historial-medico-trax\/\" \/>\n<meta property=\"og:site_name\" content=\"Noticias\" \/>\n<meta property=\"article:published_time\" content=\"2024-10-12T10:03:57+00:00\" \/>\n<meta name=\"twitter:card\" content=\"summary_large_image\" \/>\n<meta name=\"twitter:label1\" content=\"Est. reading time\" \/>\n\t<meta name=\"twitter:data1\" content=\"1 minuto\" \/>\n<script type=\"application\/ld+json\" class=\"yoast-schema-graph\">{\"@context\":\"https:\/\/schema.org\",\"@graph\":[{\"@type\":\"Article\",\"@id\":\"https:\/\/noticiasya.com\/2024\/10\/12\/harris-informe-historial-medico-trax\/#article\",\"isPartOf\":{\"@id\":\"https:\/\/noticiasya.com\/2024\/10\/12\/harris-informe-historial-medico-trax\/\"},\"author\":{\"name\":\"\",\"@id\":\"\"},\"headline\":\"La campa\u00f1a de Harris publicar\u00e1 un informe detallando el historial m\u00e9dico y la informaci\u00f3n sanitaria de la vicepresidenta\",\"datePublished\":\"2024-10-12T10:03:57+00:00\",\"mainEntityOfPage\":{\"@id\":\"https:\/\/noticiasya.com\/2024\/10\/12\/harris-informe-historial-medico-trax\/\"},\"wordCount\":255,\"commentCount\":0,\"publisher\":{\"@id\":\"https:\/\/noticiasya.com\/#organization\"},\"articleSection\":[\"Noticias Nacionales\"],\"inLanguage\":\"es\",\"potentialAction\":[{\"@type\":\"CommentAction\",\"name\":\"Comment\",\"target\":[\"https:\/\/noticiasya.com\/2024\/10\/12\/harris-informe-historial-medico-trax\/#respond\"]}]},{\"@type\":\"WebPage\",\"@id\":\"https:\/\/noticiasya.com\/2024\/10\/12\/harris-informe-historial-medico-trax\/\",\"url\":\"https:\/\/noticiasya.com\/2024\/10\/12\/harris-informe-historial-medico-trax\/\",\"name\":\"La campa\u00f1a de Harris publicar\u00e1 un informe detallando el historial m\u00e9dico y la informaci\u00f3n sanitaria de la vicepresidenta - Noticias\",\"isPartOf\":{\"@id\":\"https:\/\/noticiasya.com\/#website\"},\"datePublished\":\"2024-10-12T10:03:57+00:00\",\"breadcrumb\":{\"@id\":\"https:\/\/noticiasya.com\/2024\/10\/12\/harris-informe-historial-medico-trax\/#breadcrumb\"},\"inLanguage\":\"es\",\"potentialAction\":[{\"@type\":\"ReadAction\",\"target\":[\"https:\/\/noticiasya.com\/2024\/10\/12\/harris-informe-historial-medico-trax\/\"]}]},{\"@type\":\"BreadcrumbList\",\"@id\":\"https:\/\/noticiasya.com\/2024\/10\/12\/harris-informe-historial-medico-trax\/#breadcrumb\",\"itemListElement\":[{\"@type\":\"ListItem\",\"position\":1,\"name\":\"Home\",\"item\":\"https:\/\/noticiasya.com\/\"},{\"@type\":\"ListItem\",\"position\":2,\"name\":\"La campa\u00f1a de Harris publicar\u00e1 un informe detallando el historial m\u00e9dico y la informaci\u00f3n sanitaria de la vicepresidenta\"}]},{\"@type\":\"WebSite\",\"@id\":\"https:\/\/noticiasya.com\/#website\",\"url\":\"https:\/\/noticiasya.com\/\",\"name\":\"Noticias\",\"description\":\"Lo que importa\",\"publisher\":{\"@id\":\"https:\/\/noticiasya.com\/#organization\"},\"potentialAction\":[{\"@type\":\"SearchAction\",\"target\":{\"@type\":\"EntryPoint\",\"urlTemplate\":\"https:\/\/noticiasya.com\/?s={search_term_string}\"},\"query-input\":{\"@type\":\"PropertyValueSpecification\",\"valueRequired\":true,\"valueName\":\"search_term_string\"}}],\"inLanguage\":\"es\"},{\"@type\":\"Organization\",\"@id\":\"https:\/\/noticiasya.com\/#organization\",\"name\":\"Noticias\",\"url\":\"https:\/\/noticiasya.com\/\",\"logo\":{\"@type\":\"ImageObject\",\"inLanguage\":\"es\",\"@id\":\"https:\/\/noticiasya.com\/#\/schema\/logo\/image\/\",\"url\":\"https:\/\/noticiasya.com\/wp-content\/uploads\/sites\/22\/2023\/12\/logo-nacional.png\",\"contentUrl\":\"https:\/\/noticiasya.com\/wp-content\/uploads\/sites\/22\/2023\/12\/logo-nacional.png\",\"width\":1801,\"height\":691,\"caption\":\"Noticias\"},\"image\":{\"@id\":\"https:\/\/noticiasya.com\/#\/schema\/logo\/image\/\"}}]}<\/script>\n<!-- \/ Yoast SEO plugin. -->","yoast_head_json":{"title":"La campa\u00f1a de Harris publicar\u00e1 un informe detallando el historial m\u00e9dico y la informaci\u00f3n sanitaria de la vicepresidenta - Noticias","robots":{"index":"index","follow":"follow","max-snippet":"max-snippet:-1","max-image-preview":"max-image-preview:large","max-video-preview":"max-video-preview:-1"},"canonical":"https:\/\/noticiasya.com\/2024\/10\/12\/harris-informe-historial-medico-trax\/","og_locale":"es_ES","og_type":"article","og_title":"La campa\u00f1a de Harris publicar\u00e1 un informe detallando el historial m\u00e9dico y la informaci\u00f3n sanitaria de la vicepresidenta - Noticias","og_description":"(CNN) &#8212; Se espera que la campa\u00f1a de la vicepresidenta Kamala Harris publique este s\u00e1bado un informe detallando su historial m\u00e9dico y la informaci\u00f3n sobre su salud, dijo un alto asesor. Se trata de un esfuerzo por establecer un contraste entre la candidata dem\u00f3crata, de 59 a\u00f1os, y su rival republicano, Donald Trump, de 78 [&hellip;]","og_url":"https:\/\/noticiasya.com\/2024\/10\/12\/harris-informe-historial-medico-trax\/","og_site_name":"Noticias","article_published_time":"2024-10-12T10:03:57+00:00","twitter_card":"summary_large_image","twitter_misc":{"Est. reading time":"1 minuto"},"schema":{"@context":"https:\/\/schema.org","@graph":[{"@type":"Article","@id":"https:\/\/noticiasya.com\/2024\/10\/12\/harris-informe-historial-medico-trax\/#article","isPartOf":{"@id":"https:\/\/noticiasya.com\/2024\/10\/12\/harris-informe-historial-medico-trax\/"},"author":{"name":"","@id":""},"headline":"La campa\u00f1a de Harris publicar\u00e1 un informe detallando el historial m\u00e9dico y la informaci\u00f3n sanitaria de la vicepresidenta","datePublished":"2024-10-12T10:03:57+00:00","mainEntityOfPage":{"@id":"https:\/\/noticiasya.com\/2024\/10\/12\/harris-informe-historial-medico-trax\/"},"wordCount":255,"commentCount":0,"publisher":{"@id":"https:\/\/noticiasya.com\/#organization"},"articleSection":["Noticias Nacionales"],"inLanguage":"es","potentialAction":[{"@type":"CommentAction","name":"Comment","target":["https:\/\/noticiasya.com\/2024\/10\/12\/harris-informe-historial-medico-trax\/#respond"]}]},{"@type":"WebPage","@id":"https:\/\/noticiasya.com\/2024\/10\/12\/harris-informe-historial-medico-trax\/","url":"https:\/\/noticiasya.com\/2024\/10\/12\/harris-informe-historial-medico-trax\/","name":"La campa\u00f1a de Harris publicar\u00e1 un informe detallando el historial m\u00e9dico y la informaci\u00f3n sanitaria de la vicepresidenta - Noticias","isPartOf":{"@id":"https:\/\/noticiasya.com\/#website"},"datePublished":"2024-10-12T10:03:57+00:00","breadcrumb":{"@id":"https:\/\/noticiasya.com\/2024\/10\/12\/harris-informe-historial-medico-trax\/#breadcrumb"},"inLanguage":"es","potentialAction":[{"@type":"ReadAction","target":["https:\/\/noticiasya.com\/2024\/10\/12\/harris-informe-historial-medico-trax\/"]}]},{"@type":"BreadcrumbList","@id":"https:\/\/noticiasya.com\/2024\/10\/12\/harris-informe-historial-medico-trax\/#breadcrumb","itemListElement":[{"@type":"ListItem","position":1,"name":"Home","item":"https:\/\/noticiasya.com\/"},{"@type":"ListItem","position":2,"name":"La campa\u00f1a de Harris publicar\u00e1 un informe detallando el historial m\u00e9dico y la informaci\u00f3n sanitaria de la vicepresidenta"}]},{"@type":"WebSite","@id":"https:\/\/noticiasya.com\/#website","url":"https:\/\/noticiasya.com\/","name":"Noticias","description":"Lo que importa","publisher":{"@id":"https:\/\/noticiasya.com\/#organization"},"potentialAction":[{"@type":"SearchAction","target":{"@type":"EntryPoint","urlTemplate":"https:\/\/noticiasya.com\/?s={search_term_string}"},"query-input":{"@type":"PropertyValueSpecification","valueRequired":true,"valueName":"search_term_string"}}],"inLanguage":"es"},{"@type":"Organization","@id":"https:\/\/noticiasya.com\/#organization","name":"Noticias","url":"https:\/\/noticiasya.com\/","logo":{"@type":"ImageObject","inLanguage":"es","@id":"https:\/\/noticiasya.com\/#\/schema\/logo\/image\/","url":"https:\/\/noticiasya.com\/wp-content\/uploads\/sites\/22\/2023\/12\/logo-nacional.png","contentUrl":"https:\/\/noticiasya.com\/wp-content\/uploads\/sites\/22\/2023\/12\/logo-nacional.png","width":1801,"height":691,"caption":"Noticias"},"image":{"@id":"https:\/\/noticiasya.com\/#\/schema\/logo\/image\/"}}]}},"parsely":{"version":"1.1.0","canonical_url":"https:\/\/noticiasya.com\/midland-odessa\/2024\/10\/12\/harris-informe-historial-medico-trax\/","smart_links":{"inbound":0,"outbound":0},"traffic_boost_suggestions_count":0,"meta":{"@context":"https:\/\/schema.org","@type":"NewsArticle","headline":"La campa\u00f1a de Harris publicar\u00e1 un informe detallando el historial m\u00e9dico y la informaci\u00f3n sanitaria de la vicepresidenta","url":"http:\/\/noticiasya.com\/midland-odessa\/2024\/10\/12\/harris-informe-historial-medico-trax\/","mainEntityOfPage":{"@type":"WebPage","@id":"http:\/\/noticiasya.com\/midland-odessa\/2024\/10\/12\/harris-informe-historial-medico-trax\/"},"thumbnailUrl":"","image":{"@type":"ImageObject","url":""},"articleSection":"Noticias Nacionales","author":[],"creator":[],"publisher":{"@type":"Organization","name":"Noticias","logo":""},"keywords":[],"dateCreated":"2024-10-12T10:03:57Z","datePublished":"2024-10-12T10:03:57Z","dateModified":"2024-10-12T10:03:57Z"},"rendered":"<script type=\"application\/ld+json\" class=\"wp-parsely-metadata\">{\"@context\":\"https:\\\/\\\/schema.org\",\"@type\":\"NewsArticle\",\"headline\":\"La campa\\u00f1a de Harris publicar\\u00e1 un informe detallando el historial m\\u00e9dico y la informaci\\u00f3n sanitaria de la vicepresidenta\",\"url\":\"http:\\\/\\\/noticiasya.com\\\/midland-odessa\\\/2024\\\/10\\\/12\\\/harris-informe-historial-medico-trax\\\/\",\"mainEntityOfPage\":{\"@type\":\"WebPage\",\"@id\":\"http:\\\/\\\/noticiasya.com\\\/midland-odessa\\\/2024\\\/10\\\/12\\\/harris-informe-historial-medico-trax\\\/\"},\"thumbnailUrl\":\"\",\"image\":{\"@type\":\"ImageObject\",\"url\":\"\"},\"articleSection\":\"Noticias Nacionales\",\"author\":[],\"creator\":[],\"publisher\":{\"@type\":\"Organization\",\"name\":\"Noticias\",\"logo\":\"\"},\"keywords\":[],\"dateCreated\":\"2024-10-12T10:03:57Z\",\"datePublished\":\"2024-10-12T10:03:57Z\",\"dateModified\":\"2024-10-12T10:03:57Z\"}<\/script>","tracker_url":"https:\/\/cdn.parsely.com\/keys\/noticiasya.com\/p.js"},"jetpack_featured_media_url":"","jetpack-related-posts":[{"id":1451354,"url":"https:\/\/noticiasya.com\/midland-odessa\/2024\/07\/23\/beyonce-autoriza-kamala-harris-utilizar-cancion-freedom-campana-presidencial-trax\/","url_meta":{"origin":1455050,"position":0},"title":"Exclusiva: Beyonc\u00e9 autoriza a Kamala Harris a utilizar su canci\u00f3n &#8216;Freedom&#8217; para su campa\u00f1a presidencial","author":"","date":"julio 23, 2024","format":false,"excerpt":"(CNN) -- La vicepresidenta Kamala Harris hizo una gran entrada durante su primera visita oficial a su sede de campa\u00f1a este lunes por la noche, saliendo al ritmo de la canci\u00f3n \"Freedom\" de Beyonc\u00e9.Una fuente cercana a Harris le dijo a CNN que su equipo obtuvo la aprobaci\u00f3n de los\u2026","rel":"","context":"In &quot;Noticias Nacionales&quot;","block_context":{"text":"Noticias Nacionales","link":"https:\/\/noticiasya.com\/midland-odessa\/categoria\/noticias-nacionales"},"img":{"alt_text":"","src":"","width":0,"height":0},"classes":[]},{"id":1455192,"url":"https:\/\/noticiasya.com\/midland-odessa\/2024\/10\/17\/kamala-harris-fox-news-tensa-entrevista-trax\/","url_meta":{"origin":1455050,"position":1},"title":"Kamala Harris se enfrenta a presentador de Fox News en una tensa entrevista","author":"","date":"octubre 17, 2024","format":false,"excerpt":"(CNN) --\u00a0La vicepresidenta Kamala Harris convirti\u00f3 las preguntas sobre sus casi cuatro a\u00f1os en el cargo en ataques al historial de su rival republicano Donald Trump durante una acalorada entrevista este mi\u00e9rcoles en Fox News, su primera aparici\u00f3n en la cadena conservadora, en un intento por atraer a votantes republicanos\u2026","rel":"","context":"In &quot;Noticias Nacionales&quot;","block_context":{"text":"Noticias Nacionales","link":"https:\/\/noticiasya.com\/midland-odessa\/categoria\/noticias-nacionales"},"img":{"alt_text":"","src":"","width":0,"height":0},"classes":[]},{"id":1455550,"url":"https:\/\/noticiasya.com\/midland-odessa\/2024\/11\/04\/kamala-harris-quien-es-perfil-trax\/","url_meta":{"origin":1455050,"position":2},"title":"\u00bfQui\u00e9n es Kamala Harris, aspirante a convertirse en la primera mujer presidenta de EE.UU.?","author":"","date":"noviembre 4, 2024","format":false,"excerpt":"(CNN) -- Cuando el presidente Joe Biden decidi\u00f3 terminar su aspiraci\u00f3n a la reelecci\u00f3n y respaldar a la vicepresidenta Kamala Harris para reemplazarlo en la campa\u00f1a, trastoc\u00f3 la carrera presidencial y puso un renovado foco de atenci\u00f3n sobre Harris.Su trayectoria profesional, de fiscal a pol\u00edtica, ha estado marcada por muchos\u2026","rel":"","context":"In &quot;Noticias Nacionales&quot;","block_context":{"text":"Noticias Nacionales","link":"https:\/\/noticiasya.com\/midland-odessa\/categoria\/noticias-nacionales"},"img":{"alt_text":"","src":"","width":0,"height":0},"classes":[]},{"id":1451313,"url":"https:\/\/noticiasya.com\/midland-odessa\/2024\/07\/22\/harris-contrasta-historial-fiscal-con-trump-como-delincuente-trax\/","url_meta":{"origin":1455050,"position":3},"title":"C\u00f3mo Harris se prepara para contrastar su historial como fiscal con el de Trump como delincuente","author":"","date":"julio 22, 2024","format":false,"excerpt":"(CNN) --\u00a0 Kamala Harris ha pasado mucho m\u00e1s tiempo de su vida como fiscal que como senadora o vicepresidenta, y es exactamente as\u00ed como ahora se presentar\u00e1 contra Donald Trump.En sesiones que se desarrollaban silenciosamente en el Observatorio Naval incluso antes del desastroso debate de Joe Biden, Harris y su\u2026","rel":"","context":"In &quot;Noticias Nacionales&quot;","block_context":{"text":"Noticias Nacionales","link":"https:\/\/noticiasya.com\/midland-odessa\/categoria\/noticias-nacionales"},"img":{"alt_text":"","src":"","width":0,"height":0},"classes":[]},{"id":1455194,"url":"https:\/\/noticiasya.com\/midland-odessa\/2024\/10\/17\/analisis-declaraciones-principales-kamala-harris-fox-news-trax\/","url_meta":{"origin":1455050,"position":4},"title":"AN\u00c1LISIS | Las declaraciones principales de Kamala Harris contra Fox News","author":"","date":"octubre 17, 2024","format":false,"excerpt":"(CNN) -- La vicepresidenta Kamala Harris no ha concedido muchas entrevistas a periodistas durante su breve campa\u00f1a presidencial, y desde luego ninguna a medios conservadores.De hecho, cuando el mi\u00e9rcoles se sent\u00f3 con Bret Baier, de Fox News, durante casi media hora, fue su primera entrevista con la cadena conservadora, parte\u2026","rel":"","context":"In &quot;Noticias Nacionales&quot;","block_context":{"text":"Noticias Nacionales","link":"https:\/\/noticiasya.com\/midland-odessa\/categoria\/noticias-nacionales"},"img":{"alt_text":"","src":"","width":0,"height":0},"classes":[]},{"id":1452280,"url":"https:\/\/noticiasya.com\/midland-odessa\/2024\/08\/29\/kamala-harris-cambio-postura-inmigracion-entrevista-trax\/","url_meta":{"origin":1455050,"position":5},"title":"Harris explica por qu\u00e9 cambi\u00f3 su postura sobre inmigraci\u00f3n desde que compiti\u00f3 en las primarias de 2020","author":"","date":"agosto 29, 2024","format":false,"excerpt":"Savannah, Georgia (CNN) \u2013\u2013 La vicepresidenta de Estados Unidos, Kamala Harris, brind\u00f3 este jueves su explicaci\u00f3n m\u00e1s amplia hasta la fecha sobre por qu\u00e9 cambi\u00f3 algunas de sus posturas sobre el fracking y la inmigraci\u00f3n, y le dijo a Dana Bash de CNN que sus valores no han cambiado, pero\u2026","rel":"","context":"In &quot;Noticias Nacionales&quot;","block_context":{"text":"Noticias Nacionales","link":"https:\/\/noticiasya.com\/midland-odessa\/categoria\/noticias-nacionales"},"img":{"alt_text":"","src":"","width":0,"height":0},"classes":[]}],"jetpack_sharing_enabled":true,"_links":{"self":[{"href":"https:\/\/noticiasya.com\/midland-odessa\/wp-json\/wp\/v2\/posts\/1455050","targetHints":{"allow":["GET"]}}],"collection":[{"href":"https:\/\/noticiasya.com\/midland-odessa\/wp-json\/wp\/v2\/posts"}],"about":[{"href":"https:\/\/noticiasya.com\/midland-odessa\/wp-json\/wp\/v2\/types\/post"}],"replies":[{"embeddable":true,"href":"https:\/\/noticiasya.com\/midland-odessa\/wp-json\/wp\/v2\/comments?post=1455050"}],"version-history":[{"count":0,"href":"https:\/\/noticiasya.com\/midland-odessa\/wp-json\/wp\/v2\/posts\/1455050\/revisions"}],"wp:attachment":[{"href":"https:\/\/noticiasya.com\/midland-odessa\/wp-json\/wp\/v2\/media?parent=1455050"}],"wp:term":[{"taxonomy":"category","embeddable":true,"href":"https:\/\/noticiasya.com\/midland-odessa\/wp-json\/wp\/v2\/categories?post=1455050"},{"taxonomy":"post_tag","embeddable":true,"href":"https:\/\/noticiasya.com\/midland-odessa\/wp-json\/wp\/v2\/tags?post=1455050"}],"curies":[{"name":"wp","href":"https:\/\/api.w.org\/{rel}","templated":true}]}}