{"id":1455053,"date":"2024-10-12T05:03:40","date_gmt":"2024-10-12T12:03:40","guid":{"rendered":"https:\/\/noticiasya.com\/2024\/10\/12\/mitos-y-verdades-dia-de-la-raza-dia-de-la-hispanidad-orix\/"},"modified":"2024-10-12T05:03:40","modified_gmt":"2024-10-12T12:03:40","slug":"mitos-y-verdades-dia-de-la-raza-dia-de-la-hispanidad-orix","status":"publish","type":"post","link":"https:\/\/noticiasya.com\/midland-odessa\/2024\/10\/12\/mitos-y-verdades-dia-de-la-raza-dia-de-la-hispanidad-orix\/","title":{"rendered":"12 mitos y verdades sobre el D\u00eda de la Raza o la fiesta del D\u00eda de la Hispanidad"},"content":{"rendered":"<p>(CNN Espa\u00f1ol) &#8212;  En octubre muchos pa\u00edses celebran una festividad similar, aunque no se pongan de acuerdo con el nombre. En Estados Unidos se celebra el segundo lunes\u00a0de octubre, y se conoce como el D\u00eda de Crist\u00f3bal Col\u00f3n. En Latinoam\u00e9rica se celebra el 12 del mes y se llama el D\u00eda de la Raza, y en Espa\u00f1a, aunque se festeja en esa misma fecha, se le conoce como el D\u00eda de la Hispanidad o, formalmente, D\u00eda de la Fiesta Nacional.<\/p>\n<p>Estatua de Cristobal Col\u00f3n en Barcelona, Espa\u00f1a. (Photo credit should read JOSEP LAGO\/AFP\/Getty Images)<\/p>\n<p>Algo en lo que los pa\u00edses s\u00ed coinciden es en el origen pol\u00e9mico de la festividad. Surgi\u00f3 para celebrar la llegada de Crist\u00f3bal Col\u00f3n a Am\u00e9rica, el descubrimiento, como se conoce, pero el hecho es que en el nuevo continente ya hab\u00edan sociedades, y muchos abogan porque se recuerde esa herencia, y no la impuesta por los exploradores europeos.<\/p>\n<p>Este a\u00f1o, al menos una docena de ciudades de Estados Unidos, incluidas San Francisco y Cincinnati, decidieron dejar de celebrar el D\u00eda de Crist\u00f3bal Col\u00f3n y, en cambio, celebrar\u00edan el D\u00eda de los Pueblos Ind\u00edgenas.<\/p>\n<p>Los cambios \u2014que empezaron en ciudades como Seattle, Minneapolis y Albuquerque y que se han expandido a otros condados y distritos escolares\u2014 se basan en esfuerzos recientes para darle un enfoque diferente al d\u00eda del explorador italiano.<\/p>\n<p>\u201cEl D\u00eda de las Comunidades Ind\u00edgenas representa un cambio de conciencia\u201d, dice el doctor Leo Killsback, un ciudadano de la Naci\u00f3n Cheyenne del Norte y profesor asistente de Estudios Ind\u00edgenoamericanos de la Universidad del Estado de Arizona.<\/p>\n<p>\u201cEsto reconoce que los ind\u00edgenas y sus voces son importantes en las conversaciones de hoy en d\u00eda\u201d.<\/p>\n<p>Mira aqu\u00ed 12 mitos y verdades sobre Col\u00f3n y la llegada a Am\u00e9rica:<\/p>\n<p>1. Crist\u00f3bal Col\u00f3n descubri\u00f3 que la Tierra no era plana<\/p>\n<p>El mito dice que Col\u00f3n estaba acostado sobre el prado y ve\u00eda que los barcos se perd\u00edan ocult\u00e1ndose detr\u00e1s del horizonte por lo que lleg\u00f3 a la conclusi\u00f3n de que la Tierra no era plana y por eso quiso emprender su traves\u00eda.<\/p>\n<p>No es verdad.<\/p>\n<p>Los antiguos griegos demostraron que la Tierra era redonda 2.000 a\u00f1os antes de que Col\u00f3n naciera. Incluso usaron la sombra de la Tierra durante un eclipse para calcular la circunferencia del planeta.<\/p>\n<p>2. Crist\u00f3bal Col\u00f3n era italiano<\/p>\n<p>Siempre se habla del &#8216;explorador italiano&#8217;, y esto es cierto en parte, seg\u00fan los mapas modernos. Col\u00f3n naci\u00f3 en G\u00e9nova en 1436 (o 1456, no se sabe con certeza). Hoy d\u00eda la ciudad hace parte de Italia, pero el pa\u00eds se fund\u00f3 en 1815, casi 400 a\u00f1os despu\u00e9s del nacimiento del explorador.<\/p>\n<p>3. El explorador era un gran calculista y ge\u00f3grafo<\/p>\n<p>William Phillips, profesor de Historia en la Universidad de Minnesota y coautor de &#8216;Los mundos de Crist\u00f3bal Col\u00f3n&#8217;, dice que Col\u00f3n era p\u00e9simo con las matem\u00e1ticas y la geograf\u00eda. &#171;No logr\u00f3 obtener fondos por mucho tiempo porque sus c\u00e1lculos estaban mal, pensaba que la tierra cubr\u00eda m\u00e1s del planeta de lo que en verdad cubre, y cre\u00eda que Jap\u00f3n quedaba a unos 2.400 kil\u00f3metros de la costa de China&#187;. (Son un poco m\u00e1s de 1.200 kil\u00f3metros).<\/p>\n<p>4. Los ind\u00edgenas se sorprendieron con la llegada de Col\u00f3n y su tripulaci\u00f3n<\/p>\n<p>La historia que les cuentan a los ni\u00f1os en la mayor\u00eda de escuelas es que a la llegada de los europeos a las costas americanas, los ind\u00edgenas locales los recibieron con asombro y admiraci\u00f3n maravillados por sus barcos, sus ropas y sus objetos.<\/p>\n<p>S\u00ed, probablemente les sorprendi\u00f3, pero estaban acostumbrados a las llegadas de extranjeros de otras partes de Am\u00e9rica, seg\u00fan LeAnne Howe, profesora de Literatura Americana en la Universidad de Georgia. Col\u00f3n no les pareci\u00f3 tan distinto, pues era com\u00fan que otros pobladores llegaran a sus costas y de hecho se quedaran all\u00ed por temporadas.<\/p>\n<p>5. Am\u00e9rica ten\u00eda sociedades primitivas antes del descubrimiento<\/p>\n<p>No, aunque se suela describir los asentamientos ind\u00edgenas como simples o primitivos.<\/p>\n<p>Seg\u00fan Howe, los lugares donde habitaban hab\u00edan sido construidos hace d\u00e9cadas o incluso siglos antes de la llegada de Col\u00f3n. Eran el lugar de sociedades ricas y complejas.<\/p>\n<p>6. Col\u00f3n naveg\u00f3 los mares por su amor a la exploraci\u00f3n<\/p>\n<p>No es del todo cierto. Col\u00f3n no se hizo a la mar con sus tres carabelas para descubrir nuevas tierras, afirma David M. Perry, profesor de Historia en la Universidad Dominican de Illinois. Lo cierto es que iba en b\u00fasqueda del oro asi\u00e1tico y termin\u00f3 llevando de vuelta a Europa algod\u00f3n y esclavos.<\/p>\n<p>7. Col\u00f3n descubri\u00f3 Am\u00e9rica<\/p>\n<p>Falso. El continente americano lleva el nombre de otro explorador, el italiano Am\u00e9rico Vespucio, a quien se le atribuyen las primeras llegadas al nuevo mundo.<\/p>\n<p>8. Col\u00f3n era un valiente explorador<\/p>\n<p>Aunque sus intenciones no fueran tan desinteresadas, aunque esclaviz\u00f3 a los ind\u00edgenas y reclam\u00f3 los bienes y tierras que les pertenec\u00edan, no se puede desconocer que el explorador tuvo coraje, afirma Perry. Ponerse en frente de una flota de nav\u00edos y dirigirse hacia lo que muchos pensaban que era un oc\u00e9ano enorme en el que encontrar\u00eda la muerte fue algo valiente.<\/p>\n<p>9. La llegada de Col\u00f3n a Am\u00e9rica tuvo efectos negativos para los ind\u00edgenas<\/p>\n<p>Cierto. No s\u00f3lo por la esclavitud, pero tambi\u00e9n porque producto de las enfermedades que trajeron los exploradores, la poblaci\u00f3n de ind\u00edgenas fue diezmada dr\u00e1sticamente por las epidemias, asegura Perry.<\/p>\n<p>10. Col\u00f3n siempre tuvo apoyo de la reina de Espa\u00f1a<\/p>\n<p>No, ni tampoco fue una misi\u00f3n encargada por la monarca. Como se explic\u00f3 en el punto 3, por problemas en sus c\u00e1lculos Col\u00f3n tuvo muchos inconvenientes a la hora de conseguir financiaci\u00f3n para su viaje, hasta que logr\u00f3 convencer a la reina espa\u00f1ola.<\/p>\n<p>11. Col\u00f3n\u00a0dijo que hab\u00eda llegado a un nuevo mundo<\/p>\n<p>Col\u00f3n era muy terco, coinciden los profesores Howe y Phillips, por esa raz\u00f3n, a pesar de sus malos c\u00e1lculos nunca se dio por vencido. Esa misma terquedad hizo que jam\u00e1s aceptara que no hab\u00eda llegado a Asia.<\/p>\n<p>12. Los viajes de Col\u00f3n cambiaron la historia<\/p>\n<p>S\u00ed, sus traves\u00edas tienen un impacto hist\u00f3rico innegable pues no s\u00f3lo abrieron la era de la exploraci\u00f3n en esa parte del mundo, el comercio y la eventual colonizaci\u00f3n de Am\u00e9rica, sino que determinaron muchas cosas en el continente, desde el lenguaje y la religi\u00f3n hasta las costumbres y tradiciones, afirma Perry.<\/p>\n<p>Este art\u00edculo se public\u00f3 originalmente el 12 de octubre de 2016.<\/p>\n<p>The-CNN-Wire<br \/>&trade; &amp; &copy; 2024 Cable News Network, Inc., a Warner Bros. Discovery Company. All rights reserved.<\/p>\n","protected":false},"excerpt":{"rendered":"<p>(CNN Espa\u00f1ol) &#8212; En octubre muchos pa\u00edses celebran una festividad similar, aunque no se pongan de acuerdo con el nombre. En Estados Unidos se celebra el segundo lunes\u00a0de octubre, y se conoce como el D\u00eda de Crist\u00f3bal Col\u00f3n. En Latinoam\u00e9rica se celebra el 12 del mes y se llama el D\u00eda de la Raza, y [&hellip;]<\/p>\n","protected":false},"author":0,"featured_media":0,"comment_status":"open","ping_status":"open","sticky":false,"template":"","format":"standard","meta":{"_jetpack_memberships_contains_paid_content":false,"footnotes":""},"categories":[10],"tags":[],"class_list":["post-1455053","post","type-post","status-publish","format-standard","hentry","category-noticias-nacionales","market-global"],"yoast_head":"<!-- This site is optimized with the Yoast SEO plugin v24.4 - https:\/\/yoast.com\/wordpress\/plugins\/seo\/ -->\n<title>12 mitos y verdades sobre el D\u00eda de la Raza o la fiesta del D\u00eda de la Hispanidad - Noticias<\/title>\n<meta name=\"robots\" content=\"index, follow, max-snippet:-1, max-image-preview:large, max-video-preview:-1\" \/>\n<link rel=\"canonical\" href=\"https:\/\/noticiasya.com\/2024\/10\/12\/mitos-y-verdades-dia-de-la-raza-dia-de-la-hispanidad-orix\/\" \/>\n<meta property=\"og:locale\" content=\"es_ES\" \/>\n<meta property=\"og:type\" content=\"article\" \/>\n<meta property=\"og:title\" content=\"12 mitos y verdades sobre el D\u00eda de la Raza o la fiesta del D\u00eda de la Hispanidad - Noticias\" \/>\n<meta property=\"og:description\" content=\"(CNN Espa\u00f1ol) &#8212; En octubre muchos pa\u00edses celebran una festividad similar, aunque no se pongan de acuerdo con el nombre. En Estados Unidos se celebra el segundo lunes\u00a0de octubre, y se conoce como el D\u00eda de Crist\u00f3bal Col\u00f3n. En Latinoam\u00e9rica se celebra el 12 del mes y se llama el D\u00eda de la Raza, y [&hellip;]\" \/>\n<meta property=\"og:url\" content=\"https:\/\/noticiasya.com\/2024\/10\/12\/mitos-y-verdades-dia-de-la-raza-dia-de-la-hispanidad-orix\/\" \/>\n<meta property=\"og:site_name\" content=\"Noticias\" \/>\n<meta property=\"article:published_time\" content=\"2024-10-12T12:03:40+00:00\" \/>\n<meta name=\"twitter:card\" content=\"summary_large_image\" \/>\n<meta name=\"twitter:label1\" content=\"Est. reading time\" \/>\n\t<meta name=\"twitter:data1\" content=\"6 minutos\" \/>\n<script type=\"application\/ld+json\" class=\"yoast-schema-graph\">{\"@context\":\"https:\/\/schema.org\",\"@graph\":[{\"@type\":\"Article\",\"@id\":\"https:\/\/noticiasya.com\/2024\/10\/12\/mitos-y-verdades-dia-de-la-raza-dia-de-la-hispanidad-orix\/#article\",\"isPartOf\":{\"@id\":\"https:\/\/noticiasya.com\/2024\/10\/12\/mitos-y-verdades-dia-de-la-raza-dia-de-la-hispanidad-orix\/\"},\"author\":{\"name\":\"\",\"@id\":\"\"},\"headline\":\"12 mitos y verdades sobre el D\u00eda de la Raza o la fiesta del D\u00eda de la Hispanidad\",\"datePublished\":\"2024-10-12T12:03:40+00:00\",\"mainEntityOfPage\":{\"@id\":\"https:\/\/noticiasya.com\/2024\/10\/12\/mitos-y-verdades-dia-de-la-raza-dia-de-la-hispanidad-orix\/\"},\"wordCount\":1197,\"commentCount\":0,\"publisher\":{\"@id\":\"https:\/\/noticiasya.com\/#organization\"},\"articleSection\":[\"Noticias Nacionales\"],\"inLanguage\":\"es\",\"potentialAction\":[{\"@type\":\"CommentAction\",\"name\":\"Comment\",\"target\":[\"https:\/\/noticiasya.com\/2024\/10\/12\/mitos-y-verdades-dia-de-la-raza-dia-de-la-hispanidad-orix\/#respond\"]}]},{\"@type\":\"WebPage\",\"@id\":\"https:\/\/noticiasya.com\/2024\/10\/12\/mitos-y-verdades-dia-de-la-raza-dia-de-la-hispanidad-orix\/\",\"url\":\"https:\/\/noticiasya.com\/2024\/10\/12\/mitos-y-verdades-dia-de-la-raza-dia-de-la-hispanidad-orix\/\",\"name\":\"12 mitos y verdades sobre el D\u00eda de la Raza o la fiesta del D\u00eda de la Hispanidad - Noticias\",\"isPartOf\":{\"@id\":\"https:\/\/noticiasya.com\/#website\"},\"datePublished\":\"2024-10-12T12:03:40+00:00\",\"breadcrumb\":{\"@id\":\"https:\/\/noticiasya.com\/2024\/10\/12\/mitos-y-verdades-dia-de-la-raza-dia-de-la-hispanidad-orix\/#breadcrumb\"},\"inLanguage\":\"es\",\"potentialAction\":[{\"@type\":\"ReadAction\",\"target\":[\"https:\/\/noticiasya.com\/2024\/10\/12\/mitos-y-verdades-dia-de-la-raza-dia-de-la-hispanidad-orix\/\"]}]},{\"@type\":\"BreadcrumbList\",\"@id\":\"https:\/\/noticiasya.com\/2024\/10\/12\/mitos-y-verdades-dia-de-la-raza-dia-de-la-hispanidad-orix\/#breadcrumb\",\"itemListElement\":[{\"@type\":\"ListItem\",\"position\":1,\"name\":\"Home\",\"item\":\"https:\/\/noticiasya.com\/\"},{\"@type\":\"ListItem\",\"position\":2,\"name\":\"12 mitos y verdades sobre el D\u00eda de la Raza o la fiesta del D\u00eda de la Hispanidad\"}]},{\"@type\":\"WebSite\",\"@id\":\"https:\/\/noticiasya.com\/#website\",\"url\":\"https:\/\/noticiasya.com\/\",\"name\":\"Noticias\",\"description\":\"Lo que importa\",\"publisher\":{\"@id\":\"https:\/\/noticiasya.com\/#organization\"},\"potentialAction\":[{\"@type\":\"SearchAction\",\"target\":{\"@type\":\"EntryPoint\",\"urlTemplate\":\"https:\/\/noticiasya.com\/?s={search_term_string}\"},\"query-input\":{\"@type\":\"PropertyValueSpecification\",\"valueRequired\":true,\"valueName\":\"search_term_string\"}}],\"inLanguage\":\"es\"},{\"@type\":\"Organization\",\"@id\":\"https:\/\/noticiasya.com\/#organization\",\"name\":\"Noticias\",\"url\":\"https:\/\/noticiasya.com\/\",\"logo\":{\"@type\":\"ImageObject\",\"inLanguage\":\"es\",\"@id\":\"https:\/\/noticiasya.com\/#\/schema\/logo\/image\/\",\"url\":\"https:\/\/noticiasya.com\/wp-content\/uploads\/sites\/22\/2023\/12\/logo-nacional.png\",\"contentUrl\":\"https:\/\/noticiasya.com\/wp-content\/uploads\/sites\/22\/2023\/12\/logo-nacional.png\",\"width\":1801,\"height\":691,\"caption\":\"Noticias\"},\"image\":{\"@id\":\"https:\/\/noticiasya.com\/#\/schema\/logo\/image\/\"}}]}<\/script>\n<!-- \/ Yoast SEO plugin. -->","yoast_head_json":{"title":"12 mitos y verdades sobre el D\u00eda de la Raza o la fiesta del D\u00eda de la Hispanidad - Noticias","robots":{"index":"index","follow":"follow","max-snippet":"max-snippet:-1","max-image-preview":"max-image-preview:large","max-video-preview":"max-video-preview:-1"},"canonical":"https:\/\/noticiasya.com\/2024\/10\/12\/mitos-y-verdades-dia-de-la-raza-dia-de-la-hispanidad-orix\/","og_locale":"es_ES","og_type":"article","og_title":"12 mitos y verdades sobre el D\u00eda de la Raza o la fiesta del D\u00eda de la Hispanidad - Noticias","og_description":"(CNN Espa\u00f1ol) &#8212; En octubre muchos pa\u00edses celebran una festividad similar, aunque no se pongan de acuerdo con el nombre. En Estados Unidos se celebra el segundo lunes\u00a0de octubre, y se conoce como el D\u00eda de Crist\u00f3bal Col\u00f3n. En Latinoam\u00e9rica se celebra el 12 del mes y se llama el D\u00eda de la Raza, y [&hellip;]","og_url":"https:\/\/noticiasya.com\/2024\/10\/12\/mitos-y-verdades-dia-de-la-raza-dia-de-la-hispanidad-orix\/","og_site_name":"Noticias","article_published_time":"2024-10-12T12:03:40+00:00","twitter_card":"summary_large_image","twitter_misc":{"Est. reading time":"6 minutos"},"schema":{"@context":"https:\/\/schema.org","@graph":[{"@type":"Article","@id":"https:\/\/noticiasya.com\/2024\/10\/12\/mitos-y-verdades-dia-de-la-raza-dia-de-la-hispanidad-orix\/#article","isPartOf":{"@id":"https:\/\/noticiasya.com\/2024\/10\/12\/mitos-y-verdades-dia-de-la-raza-dia-de-la-hispanidad-orix\/"},"author":{"name":"","@id":""},"headline":"12 mitos y verdades sobre el D\u00eda de la Raza o la fiesta del D\u00eda de la Hispanidad","datePublished":"2024-10-12T12:03:40+00:00","mainEntityOfPage":{"@id":"https:\/\/noticiasya.com\/2024\/10\/12\/mitos-y-verdades-dia-de-la-raza-dia-de-la-hispanidad-orix\/"},"wordCount":1197,"commentCount":0,"publisher":{"@id":"https:\/\/noticiasya.com\/#organization"},"articleSection":["Noticias Nacionales"],"inLanguage":"es","potentialAction":[{"@type":"CommentAction","name":"Comment","target":["https:\/\/noticiasya.com\/2024\/10\/12\/mitos-y-verdades-dia-de-la-raza-dia-de-la-hispanidad-orix\/#respond"]}]},{"@type":"WebPage","@id":"https:\/\/noticiasya.com\/2024\/10\/12\/mitos-y-verdades-dia-de-la-raza-dia-de-la-hispanidad-orix\/","url":"https:\/\/noticiasya.com\/2024\/10\/12\/mitos-y-verdades-dia-de-la-raza-dia-de-la-hispanidad-orix\/","name":"12 mitos y verdades sobre el D\u00eda de la Raza o la fiesta del D\u00eda de la Hispanidad - Noticias","isPartOf":{"@id":"https:\/\/noticiasya.com\/#website"},"datePublished":"2024-10-12T12:03:40+00:00","breadcrumb":{"@id":"https:\/\/noticiasya.com\/2024\/10\/12\/mitos-y-verdades-dia-de-la-raza-dia-de-la-hispanidad-orix\/#breadcrumb"},"inLanguage":"es","potentialAction":[{"@type":"ReadAction","target":["https:\/\/noticiasya.com\/2024\/10\/12\/mitos-y-verdades-dia-de-la-raza-dia-de-la-hispanidad-orix\/"]}]},{"@type":"BreadcrumbList","@id":"https:\/\/noticiasya.com\/2024\/10\/12\/mitos-y-verdades-dia-de-la-raza-dia-de-la-hispanidad-orix\/#breadcrumb","itemListElement":[{"@type":"ListItem","position":1,"name":"Home","item":"https:\/\/noticiasya.com\/"},{"@type":"ListItem","position":2,"name":"12 mitos y verdades sobre el D\u00eda de la Raza o la fiesta del D\u00eda de la Hispanidad"}]},{"@type":"WebSite","@id":"https:\/\/noticiasya.com\/#website","url":"https:\/\/noticiasya.com\/","name":"Noticias","description":"Lo que importa","publisher":{"@id":"https:\/\/noticiasya.com\/#organization"},"potentialAction":[{"@type":"SearchAction","target":{"@type":"EntryPoint","urlTemplate":"https:\/\/noticiasya.com\/?s={search_term_string}"},"query-input":{"@type":"PropertyValueSpecification","valueRequired":true,"valueName":"search_term_string"}}],"inLanguage":"es"},{"@type":"Organization","@id":"https:\/\/noticiasya.com\/#organization","name":"Noticias","url":"https:\/\/noticiasya.com\/","logo":{"@type":"ImageObject","inLanguage":"es","@id":"https:\/\/noticiasya.com\/#\/schema\/logo\/image\/","url":"https:\/\/noticiasya.com\/wp-content\/uploads\/sites\/22\/2023\/12\/logo-nacional.png","contentUrl":"https:\/\/noticiasya.com\/wp-content\/uploads\/sites\/22\/2023\/12\/logo-nacional.png","width":1801,"height":691,"caption":"Noticias"},"image":{"@id":"https:\/\/noticiasya.com\/#\/schema\/logo\/image\/"}}]}},"parsely":{"version":"1.1.0","canonical_url":"https:\/\/noticiasya.com\/midland-odessa\/2024\/10\/12\/mitos-y-verdades-dia-de-la-raza-dia-de-la-hispanidad-orix\/","smart_links":{"inbound":0,"outbound":0},"traffic_boost_suggestions_count":0,"meta":{"@context":"https:\/\/schema.org","@type":"NewsArticle","headline":"12 mitos y verdades sobre el D\u00eda de la Raza o la fiesta del D\u00eda de la Hispanidad","url":"http:\/\/noticiasya.com\/midland-odessa\/2024\/10\/12\/mitos-y-verdades-dia-de-la-raza-dia-de-la-hispanidad-orix\/","mainEntityOfPage":{"@type":"WebPage","@id":"http:\/\/noticiasya.com\/midland-odessa\/2024\/10\/12\/mitos-y-verdades-dia-de-la-raza-dia-de-la-hispanidad-orix\/"},"thumbnailUrl":"","image":{"@type":"ImageObject","url":""},"articleSection":"Noticias Nacionales","author":[],"creator":[],"publisher":{"@type":"Organization","name":"Noticias","logo":""},"keywords":[],"dateCreated":"2024-10-12T12:03:40Z","datePublished":"2024-10-12T12:03:40Z","dateModified":"2024-10-12T12:03:40Z"},"rendered":"<script type=\"application\/ld+json\" class=\"wp-parsely-metadata\">{\"@context\":\"https:\\\/\\\/schema.org\",\"@type\":\"NewsArticle\",\"headline\":\"12 mitos y verdades sobre el D\\u00eda de la Raza o la fiesta del D\\u00eda de la Hispanidad\",\"url\":\"http:\\\/\\\/noticiasya.com\\\/midland-odessa\\\/2024\\\/10\\\/12\\\/mitos-y-verdades-dia-de-la-raza-dia-de-la-hispanidad-orix\\\/\",\"mainEntityOfPage\":{\"@type\":\"WebPage\",\"@id\":\"http:\\\/\\\/noticiasya.com\\\/midland-odessa\\\/2024\\\/10\\\/12\\\/mitos-y-verdades-dia-de-la-raza-dia-de-la-hispanidad-orix\\\/\"},\"thumbnailUrl\":\"\",\"image\":{\"@type\":\"ImageObject\",\"url\":\"\"},\"articleSection\":\"Noticias Nacionales\",\"author\":[],\"creator\":[],\"publisher\":{\"@type\":\"Organization\",\"name\":\"Noticias\",\"logo\":\"\"},\"keywords\":[],\"dateCreated\":\"2024-10-12T12:03:40Z\",\"datePublished\":\"2024-10-12T12:03:40Z\",\"dateModified\":\"2024-10-12T12:03:40Z\"}<\/script>","tracker_url":"https:\/\/cdn.parsely.com\/keys\/noticiasya.com\/p.js"},"jetpack_featured_media_url":"","jetpack-related-posts":[{"id":1455049,"url":"https:\/\/noticiasya.com\/midland-odessa\/2024\/10\/12\/que-celebra-espana-dia-de-la-hispanidad-orix\/","url_meta":{"origin":1455053,"position":0},"title":"\u00bfQu\u00e9 celebra Espa\u00f1a en el D\u00eda de la Hispanidad?","author":"","date":"octubre 12, 2024","format":false,"excerpt":"(CNN Espa\u00f1ol) -- El 12 de octubre es una fecha que se conmemora en diferentes lugares del mundo, y desde distintas perspectivas.Ese d\u00eda de 1942 la expedici\u00f3n de Cristobal Col\u00f3n toc\u00f3 tierra en la isla Guanahani, de las Bahamas, junto a una tripulaci\u00f3n de 90 personas que hab\u00edan zarpado unas\u2026","rel":"","context":"In &quot;Noticias Nacionales&quot;","block_context":{"text":"Noticias Nacionales","link":"https:\/\/noticiasya.com\/midland-odessa\/categoria\/noticias-nacionales"},"img":{"alt_text":"","src":"","width":0,"height":0},"classes":[]},{"id":1455069,"url":"https:\/\/noticiasya.com\/midland-odessa\/2024\/10\/13\/abierto-cerrado-feriado-pueblos-indigenas-trax\/","url_meta":{"origin":1455053,"position":1},"title":"\u00bfQu\u00e9 est\u00e1 abierto y qu\u00e9 cerrado en EE.UU. por el feriado del D\u00eda de los Pueblos Ind\u00edgenas de 2024?","author":"","date":"octubre 13, 2024","format":false,"excerpt":"(CNN) \u2013\u2013 El segundo lunes de octubre, los estadounidenses celebrar\u00e1n el D\u00eda de los Pueblos Ind\u00edgenas, tambi\u00e9n conocido como \"Columbus Day\" en ingl\u00e9s.El D\u00eda de los Pueblos Ind\u00edgenas reconoce las contribuciones y el legado de quienes vivieron en el pa\u00eds mucho antes de que Crist\u00f3bal Col\u00f3n afirmara err\u00f3neamente haber descubierto\u2026","rel":"","context":"In &quot;Noticias Nacionales&quot;","block_context":{"text":"Noticias Nacionales","link":"https:\/\/noticiasya.com\/midland-odessa\/categoria\/noticias-nacionales"},"img":{"alt_text":"","src":"","width":0,"height":0},"classes":[]},{"id":1455470,"url":"https:\/\/noticiasya.com\/midland-odessa\/2024\/10\/31\/dia-todos-santos-historia-tradiciones-festividad-trax\/","url_meta":{"origin":1455053,"position":2},"title":"D\u00eda de Todos los Santos: origen, historia y por qu\u00e9 se celebra esta tradici\u00f3n","author":"","date":"octubre 31, 2024","format":false,"excerpt":"(CNN) -- Cada a\u00f1o, el 1 de noviembre, muchos cat\u00f3licos romanos y otros cristianos de todo el mundo celebran el D\u00eda de Todos los Santos, que honra a todos los santos de la Iglesia que se considera que llegaron al cielo.En la Iglesia ortodoxa, el D\u00eda de Todos los Santos\u2026","rel":"","context":"In &quot;Noticias Nacionales&quot;","block_context":{"text":"Noticias Nacionales","link":"https:\/\/noticiasya.com\/midland-odessa\/categoria\/noticias-nacionales"},"img":{"alt_text":"","src":"","width":0,"height":0},"classes":[]},{"id":1471894,"url":"https:\/\/noticiasya.com\/midland-odessa\/2026\/03\/05\/espana-fragata-chipre-mision-proteccion-otan-trax\/","url_meta":{"origin":1455053,"position":3},"title":"Espa\u00f1a env\u00eda la fragata &#171;Crist\u00f3bal Col\u00f3n&#187; a Chipre para integrarla en operativo conjunto de defensa","author":"","date":"marzo 5, 2026","format":false,"excerpt":"Espa\u00f1a enviar\u00e1 la fragata \u201cCrist\u00f3bal Col\u00f3n\u201d a Chipre en compa\u00f1\u00eda del portaaviones franc\u00e9s \u201cCharles de Gaulle\u201d y de otros nav\u00edos de la Armada griega para dar protecci\u00f3n y defensa a\u00e9rea a ese pa\u00eds, que sufri\u00f3 un ataque como consecuencia de la guerra en Medio Oriente, inform\u00f3 este jueves el Ministerio\u2026","rel":"","context":"In &quot;Noticias Nacionales&quot;","block_context":{"text":"Noticias Nacionales","link":"https:\/\/noticiasya.com\/midland-odessa\/categoria\/noticias-nacionales"},"img":{"alt_text":"","src":"","width":0,"height":0},"classes":[]},{"id":1447113,"url":"https:\/\/noticiasya.com\/midland-odessa\/2024\/03\/19\/cuando-dia-del-padre-espana-2024-orix\/","url_meta":{"origin":1455053,"position":4},"title":"\u00bfCu\u00e1ndo se celebra el D\u00eda del Padre en Espa\u00f1a en 2024 y por qu\u00e9?","author":"","date":"marzo 19, 2024","format":false,"excerpt":"(CNN Espa\u00f1ol) -- El D\u00eda del Padre se ha convertido en una festividad generalizada en Espa\u00f1a desde hace a\u00f1os a pesar de que no es un festivo oficial en el calendario.Cada a\u00f1o la celebraci\u00f3n se lleva a cabo el 19 de marzo, lo cual coincide directamente con San Jos\u00e9, una\u2026","rel":"","context":"In &quot;Noticias Nacionales&quot;","block_context":{"text":"Noticias Nacionales","link":"https:\/\/noticiasya.com\/midland-odessa\/categoria\/noticias-nacionales"},"img":{"alt_text":"","src":"","width":0,"height":0},"classes":[]},{"id":1471226,"url":"https:\/\/noticiasya.com\/midland-odessa\/2026\/02\/14\/carnval-origen-historia-por-que-celebramos-orix\/","url_meta":{"origin":1455053,"position":5},"title":"Del Egipto antiguo a las calles de R\u00edo de Janeiro: la historia de por qu\u00e9 celebramos carnaval","author":"","date":"febrero 14, 2026","format":false,"excerpt":"De Venecia a R\u00edo de Janeiro, de Barranquilla a Nueva Orleans, hay una celebraci\u00f3n que cada a\u00f1o atraviesa las barreras de edad, g\u00e9nero, raza y nacionalidad y convoca a millones: el carnaval. Para rastrear su origen hay que hacer un largo viaje en el tiempo.El origen hist\u00f3rico de la festividad\u2026","rel":"","context":"In &quot;Noticias Nacionales&quot;","block_context":{"text":"Noticias Nacionales","link":"https:\/\/noticiasya.com\/midland-odessa\/categoria\/noticias-nacionales"},"img":{"alt_text":"","src":"","width":0,"height":0},"classes":[]}],"jetpack_sharing_enabled":true,"_links":{"self":[{"href":"https:\/\/noticiasya.com\/midland-odessa\/wp-json\/wp\/v2\/posts\/1455053","targetHints":{"allow":["GET"]}}],"collection":[{"href":"https:\/\/noticiasya.com\/midland-odessa\/wp-json\/wp\/v2\/posts"}],"about":[{"href":"https:\/\/noticiasya.com\/midland-odessa\/wp-json\/wp\/v2\/types\/post"}],"replies":[{"embeddable":true,"href":"https:\/\/noticiasya.com\/midland-odessa\/wp-json\/wp\/v2\/comments?post=1455053"}],"version-history":[{"count":0,"href":"https:\/\/noticiasya.com\/midland-odessa\/wp-json\/wp\/v2\/posts\/1455053\/revisions"}],"wp:attachment":[{"href":"https:\/\/noticiasya.com\/midland-odessa\/wp-json\/wp\/v2\/media?parent=1455053"}],"wp:term":[{"taxonomy":"category","embeddable":true,"href":"https:\/\/noticiasya.com\/midland-odessa\/wp-json\/wp\/v2\/categories?post=1455053"},{"taxonomy":"post_tag","embeddable":true,"href":"https:\/\/noticiasya.com\/midland-odessa\/wp-json\/wp\/v2\/tags?post=1455053"}],"curies":[{"name":"wp","href":"https:\/\/api.w.org\/{rel}","templated":true}]}}