{"id":1455055,"date":"2024-10-12T11:03:37","date_gmt":"2024-10-12T18:03:37","guid":{"rendered":"https:\/\/noticiasya.com\/2024\/10\/12\/muere-alex-salmond-figura-movimiento-independentista-escocia-trax\/"},"modified":"2024-10-12T11:03:37","modified_gmt":"2024-10-12T18:03:37","slug":"muere-alex-salmond-figura-movimiento-independentista-escocia-trax","status":"publish","type":"post","link":"https:\/\/noticiasya.com\/midland-odessa\/2024\/10\/12\/muere-alex-salmond-figura-movimiento-independentista-escocia-trax\/","title":{"rendered":"Muere a los 69 a\u00f1os Alex Salmond, figura destacada del movimiento independentista de Escocia"},"content":{"rendered":"<p>(CNN) &#8212; El ex primer ministro de Escocia Alex Salmond muri\u00f3 a los 69 a\u00f1os, seg\u00fan declaraciones de los principales partidos pol\u00edticos de Escocia y medios de comunicaci\u00f3n del Reino Unido.<\/p>\n<p>Salmond enferm\u00f3 mientras estaba en Macedonia del Norte, seg\u00fan informes de los medios brit\u00e1nicos.<\/p>\n<p>\u201cNunca podr\u00e9 agradecerle a Alex todas sus lecciones, consejos, orientaci\u00f3n, mentor\u00eda, amor y amistad y todo lo que hizo por Escocia. Durante muchos a\u00f1os fue el padre de la naci\u00f3n y durante varios a\u00f1os ha sido una figura paternal para m\u00ed. Nuestros pensamientos est\u00e1n con toda la familia y con todos los habitantes de Escocia que est\u00e1n de luto\u201d, dijo este s\u00e1bado Chris McEleny, secretario general del Partido Alba, fundado por Salmond.<\/p>\n<p>El primer ministro brit\u00e1nico, Keir Starmer, dijo: \u201cDurante m\u00e1s de 30 a\u00f1os, Alex Salmond fue una figura monumental de la pol\u00edtica de Escocia y del Reino Unido. Deja un legado duradero. Como primer ministro de Escocia, se preocup\u00f3 profundamente por el patrimonio, la historia y la cultura de Escocia, as\u00ed como por las comunidades que represent\u00f3 como MP (miembro del parlamento) y MSP (miembro del parlamento escoc\u00e9s) durante muchos a\u00f1os de servicio. Mis pensamientos est\u00e1n con quienes lo conocieron, su familia y sus seres queridos. En nombre del Gobierno del Reino Unido, les ofrezco hoy nuestras condolencias\u201d.<\/p>\n<p>Investigadores espa\u00f1oles confirman que los restos de Crist\u00f3bal Col\u00f3n se encuentran en Sevilla<\/p>\n<p>Salmond dimiti\u00f3 como primer ministro y l\u00edder del Partido Nacional Escoc\u00e9s (SNP, por sus siglas en ingl\u00e9s) tras la derrota en el refer\u00e9ndum de septiembre de 2014 sobre la independencia de Escocia, que hab\u00eda defendido durante mucho tiempo. Fue reemplazado por la primera ministra Nicola Sturgeon. Luego hizo campa\u00f1a por la independencia de Escocia bajo el reci\u00e9n formado Partido Alba, que fund\u00f3 en 2021.<\/p>\n<p>Despu\u00e9s de perder su esca\u00f1o en el parlamento, Salmond sigui\u00f3 siendo una figura importante tanto en la pol\u00edtica escocesa como en la brit\u00e1nica, trabajando como comentarista y presentando el Alex Salmond Show en la emisora \u200b\u200bestatal rusa RT.<\/p>\n<p>En 2018, llev\u00f3 al Gobierno del pa\u00eds a los tribunales por acusaciones en su contra de conducta sexual inapropiada. Salmond dijo que el Gobierno escoc\u00e9s le neg\u00f3 la oportunidad de defenderse adecuadamente de las acusaciones, que se relacionaban con su presunto comportamiento hacia un miembro del personal de la residencia oficial de Bute House, seg\u00fan el Daily Record of Scotland. Salmond fue finalmente absuelto de todos los cargos por un jurado en un juicio en marzo de 2020.<\/p>\n<p>\u201cLa triste noticia del fallecimiento de Alex Salmond hoy ser\u00e1 un shock para todos los que lo conocieron en Escocia, en todo el Reino Unido y m\u00e1s all\u00e1. Nuestros pensamientos est\u00e1n con su familia y amigos en este momento dif\u00edcil y, en nombre del Partido Laborista Escoc\u00e9s, ofrezco nuestras m\u00e1s sinceras condolencias a todos los que lamentar\u00e1n su p\u00e9rdida\u201d, dijo el l\u00edder del Partido Laborista Escoc\u00e9s, Anas Sarwar. \u201cAlex fue una figura central en la pol\u00edtica durante m\u00e1s de tres d\u00e9cadas y su contribuci\u00f3n al panorama pol\u00edtico escoc\u00e9s no puede ser sobreestimada\u201d, agreg\u00f3.<\/p>\n<p>El SNP tambi\u00e9n republic\u00f3 m\u00faltiples informes de los medios escoceses sobre la muerte de Salmond en las redes sociales.<\/p>\n<p>CNN se ha comunicado con el Gobierno de Escocia para obtener comentarios.<\/p>\n<p>The-CNN-Wire<br \/>&trade; &amp; &copy; 2024 Cable News Network, Inc., a Warner Bros. Discovery Company. All rights reserved.<\/p>\n","protected":false},"excerpt":{"rendered":"<p>(CNN) &#8212; El ex primer ministro de Escocia Alex Salmond muri\u00f3 a los 69 a\u00f1os, seg\u00fan declaraciones de los principales partidos pol\u00edticos de Escocia y medios de comunicaci\u00f3n del Reino Unido. Salmond enferm\u00f3 mientras estaba en Macedonia del Norte, seg\u00fan informes de los medios brit\u00e1nicos. \u201cNunca podr\u00e9 agradecerle a Alex todas sus lecciones, consejos, orientaci\u00f3n, [&hellip;]<\/p>\n","protected":false},"author":0,"featured_media":0,"comment_status":"open","ping_status":"open","sticky":false,"template":"","format":"standard","meta":{"_jetpack_memberships_contains_paid_content":false,"footnotes":""},"categories":[10],"tags":[],"class_list":["post-1455055","post","type-post","status-publish","format-standard","hentry","category-noticias-nacionales","market-global"],"yoast_head":"<!-- This site is optimized with the Yoast SEO plugin v24.4 - https:\/\/yoast.com\/wordpress\/plugins\/seo\/ -->\n<title>Muere a los 69 a\u00f1os Alex Salmond, figura destacada del movimiento independentista de Escocia - Noticias<\/title>\n<meta name=\"robots\" content=\"index, follow, max-snippet:-1, max-image-preview:large, max-video-preview:-1\" \/>\n<link rel=\"canonical\" href=\"https:\/\/noticiasya.com\/2024\/10\/12\/muere-alex-salmond-figura-movimiento-independentista-escocia-trax\/\" \/>\n<meta property=\"og:locale\" content=\"es_ES\" \/>\n<meta property=\"og:type\" content=\"article\" \/>\n<meta property=\"og:title\" content=\"Muere a los 69 a\u00f1os Alex Salmond, figura destacada del movimiento independentista de Escocia - Noticias\" \/>\n<meta property=\"og:description\" content=\"(CNN) &#8212; El ex primer ministro de Escocia Alex Salmond muri\u00f3 a los 69 a\u00f1os, seg\u00fan declaraciones de los principales partidos pol\u00edticos de Escocia y medios de comunicaci\u00f3n del Reino Unido. Salmond enferm\u00f3 mientras estaba en Macedonia del Norte, seg\u00fan informes de los medios brit\u00e1nicos. \u201cNunca podr\u00e9 agradecerle a Alex todas sus lecciones, consejos, orientaci\u00f3n, [&hellip;]\" \/>\n<meta property=\"og:url\" content=\"https:\/\/noticiasya.com\/2024\/10\/12\/muere-alex-salmond-figura-movimiento-independentista-escocia-trax\/\" \/>\n<meta property=\"og:site_name\" content=\"Noticias\" \/>\n<meta property=\"article:published_time\" content=\"2024-10-12T18:03:37+00:00\" \/>\n<meta name=\"twitter:card\" content=\"summary_large_image\" \/>\n<meta name=\"twitter:label1\" content=\"Est. reading time\" \/>\n\t<meta name=\"twitter:data1\" content=\"3 minutos\" \/>\n<script type=\"application\/ld+json\" class=\"yoast-schema-graph\">{\"@context\":\"https:\/\/schema.org\",\"@graph\":[{\"@type\":\"Article\",\"@id\":\"https:\/\/noticiasya.com\/2024\/10\/12\/muere-alex-salmond-figura-movimiento-independentista-escocia-trax\/#article\",\"isPartOf\":{\"@id\":\"https:\/\/noticiasya.com\/2024\/10\/12\/muere-alex-salmond-figura-movimiento-independentista-escocia-trax\/\"},\"author\":{\"name\":\"\",\"@id\":\"\"},\"headline\":\"Muere a los 69 a\u00f1os Alex Salmond, figura destacada del movimiento independentista de Escocia\",\"datePublished\":\"2024-10-12T18:03:37+00:00\",\"mainEntityOfPage\":{\"@id\":\"https:\/\/noticiasya.com\/2024\/10\/12\/muere-alex-salmond-figura-movimiento-independentista-escocia-trax\/\"},\"wordCount\":610,\"commentCount\":0,\"publisher\":{\"@id\":\"https:\/\/noticiasya.com\/#organization\"},\"articleSection\":[\"Noticias Nacionales\"],\"inLanguage\":\"es\",\"potentialAction\":[{\"@type\":\"CommentAction\",\"name\":\"Comment\",\"target\":[\"https:\/\/noticiasya.com\/2024\/10\/12\/muere-alex-salmond-figura-movimiento-independentista-escocia-trax\/#respond\"]}]},{\"@type\":\"WebPage\",\"@id\":\"https:\/\/noticiasya.com\/2024\/10\/12\/muere-alex-salmond-figura-movimiento-independentista-escocia-trax\/\",\"url\":\"https:\/\/noticiasya.com\/2024\/10\/12\/muere-alex-salmond-figura-movimiento-independentista-escocia-trax\/\",\"name\":\"Muere a los 69 a\u00f1os Alex Salmond, figura destacada del movimiento independentista de Escocia - Noticias\",\"isPartOf\":{\"@id\":\"https:\/\/noticiasya.com\/#website\"},\"datePublished\":\"2024-10-12T18:03:37+00:00\",\"breadcrumb\":{\"@id\":\"https:\/\/noticiasya.com\/2024\/10\/12\/muere-alex-salmond-figura-movimiento-independentista-escocia-trax\/#breadcrumb\"},\"inLanguage\":\"es\",\"potentialAction\":[{\"@type\":\"ReadAction\",\"target\":[\"https:\/\/noticiasya.com\/2024\/10\/12\/muere-alex-salmond-figura-movimiento-independentista-escocia-trax\/\"]}]},{\"@type\":\"BreadcrumbList\",\"@id\":\"https:\/\/noticiasya.com\/2024\/10\/12\/muere-alex-salmond-figura-movimiento-independentista-escocia-trax\/#breadcrumb\",\"itemListElement\":[{\"@type\":\"ListItem\",\"position\":1,\"name\":\"Home\",\"item\":\"https:\/\/noticiasya.com\/\"},{\"@type\":\"ListItem\",\"position\":2,\"name\":\"Muere a los 69 a\u00f1os Alex Salmond, figura destacada del movimiento independentista de Escocia\"}]},{\"@type\":\"WebSite\",\"@id\":\"https:\/\/noticiasya.com\/#website\",\"url\":\"https:\/\/noticiasya.com\/\",\"name\":\"Noticias\",\"description\":\"Lo que importa\",\"publisher\":{\"@id\":\"https:\/\/noticiasya.com\/#organization\"},\"potentialAction\":[{\"@type\":\"SearchAction\",\"target\":{\"@type\":\"EntryPoint\",\"urlTemplate\":\"https:\/\/noticiasya.com\/?s={search_term_string}\"},\"query-input\":{\"@type\":\"PropertyValueSpecification\",\"valueRequired\":true,\"valueName\":\"search_term_string\"}}],\"inLanguage\":\"es\"},{\"@type\":\"Organization\",\"@id\":\"https:\/\/noticiasya.com\/#organization\",\"name\":\"Noticias\",\"url\":\"https:\/\/noticiasya.com\/\",\"logo\":{\"@type\":\"ImageObject\",\"inLanguage\":\"es\",\"@id\":\"https:\/\/noticiasya.com\/#\/schema\/logo\/image\/\",\"url\":\"https:\/\/noticiasya.com\/wp-content\/uploads\/sites\/22\/2023\/12\/logo-nacional.png\",\"contentUrl\":\"https:\/\/noticiasya.com\/wp-content\/uploads\/sites\/22\/2023\/12\/logo-nacional.png\",\"width\":1801,\"height\":691,\"caption\":\"Noticias\"},\"image\":{\"@id\":\"https:\/\/noticiasya.com\/#\/schema\/logo\/image\/\"}}]}<\/script>\n<!-- \/ Yoast SEO plugin. -->","yoast_head_json":{"title":"Muere a los 69 a\u00f1os Alex Salmond, figura destacada del movimiento independentista de Escocia - Noticias","robots":{"index":"index","follow":"follow","max-snippet":"max-snippet:-1","max-image-preview":"max-image-preview:large","max-video-preview":"max-video-preview:-1"},"canonical":"https:\/\/noticiasya.com\/2024\/10\/12\/muere-alex-salmond-figura-movimiento-independentista-escocia-trax\/","og_locale":"es_ES","og_type":"article","og_title":"Muere a los 69 a\u00f1os Alex Salmond, figura destacada del movimiento independentista de Escocia - Noticias","og_description":"(CNN) &#8212; El ex primer ministro de Escocia Alex Salmond muri\u00f3 a los 69 a\u00f1os, seg\u00fan declaraciones de los principales partidos pol\u00edticos de Escocia y medios de comunicaci\u00f3n del Reino Unido. Salmond enferm\u00f3 mientras estaba en Macedonia del Norte, seg\u00fan informes de los medios brit\u00e1nicos. \u201cNunca podr\u00e9 agradecerle a Alex todas sus lecciones, consejos, orientaci\u00f3n, [&hellip;]","og_url":"https:\/\/noticiasya.com\/2024\/10\/12\/muere-alex-salmond-figura-movimiento-independentista-escocia-trax\/","og_site_name":"Noticias","article_published_time":"2024-10-12T18:03:37+00:00","twitter_card":"summary_large_image","twitter_misc":{"Est. reading time":"3 minutos"},"schema":{"@context":"https:\/\/schema.org","@graph":[{"@type":"Article","@id":"https:\/\/noticiasya.com\/2024\/10\/12\/muere-alex-salmond-figura-movimiento-independentista-escocia-trax\/#article","isPartOf":{"@id":"https:\/\/noticiasya.com\/2024\/10\/12\/muere-alex-salmond-figura-movimiento-independentista-escocia-trax\/"},"author":{"name":"","@id":""},"headline":"Muere a los 69 a\u00f1os Alex Salmond, figura destacada del movimiento independentista de Escocia","datePublished":"2024-10-12T18:03:37+00:00","mainEntityOfPage":{"@id":"https:\/\/noticiasya.com\/2024\/10\/12\/muere-alex-salmond-figura-movimiento-independentista-escocia-trax\/"},"wordCount":610,"commentCount":0,"publisher":{"@id":"https:\/\/noticiasya.com\/#organization"},"articleSection":["Noticias Nacionales"],"inLanguage":"es","potentialAction":[{"@type":"CommentAction","name":"Comment","target":["https:\/\/noticiasya.com\/2024\/10\/12\/muere-alex-salmond-figura-movimiento-independentista-escocia-trax\/#respond"]}]},{"@type":"WebPage","@id":"https:\/\/noticiasya.com\/2024\/10\/12\/muere-alex-salmond-figura-movimiento-independentista-escocia-trax\/","url":"https:\/\/noticiasya.com\/2024\/10\/12\/muere-alex-salmond-figura-movimiento-independentista-escocia-trax\/","name":"Muere a los 69 a\u00f1os Alex Salmond, figura destacada del movimiento independentista de Escocia - Noticias","isPartOf":{"@id":"https:\/\/noticiasya.com\/#website"},"datePublished":"2024-10-12T18:03:37+00:00","breadcrumb":{"@id":"https:\/\/noticiasya.com\/2024\/10\/12\/muere-alex-salmond-figura-movimiento-independentista-escocia-trax\/#breadcrumb"},"inLanguage":"es","potentialAction":[{"@type":"ReadAction","target":["https:\/\/noticiasya.com\/2024\/10\/12\/muere-alex-salmond-figura-movimiento-independentista-escocia-trax\/"]}]},{"@type":"BreadcrumbList","@id":"https:\/\/noticiasya.com\/2024\/10\/12\/muere-alex-salmond-figura-movimiento-independentista-escocia-trax\/#breadcrumb","itemListElement":[{"@type":"ListItem","position":1,"name":"Home","item":"https:\/\/noticiasya.com\/"},{"@type":"ListItem","position":2,"name":"Muere a los 69 a\u00f1os Alex Salmond, figura destacada del movimiento independentista de Escocia"}]},{"@type":"WebSite","@id":"https:\/\/noticiasya.com\/#website","url":"https:\/\/noticiasya.com\/","name":"Noticias","description":"Lo que importa","publisher":{"@id":"https:\/\/noticiasya.com\/#organization"},"potentialAction":[{"@type":"SearchAction","target":{"@type":"EntryPoint","urlTemplate":"https:\/\/noticiasya.com\/?s={search_term_string}"},"query-input":{"@type":"PropertyValueSpecification","valueRequired":true,"valueName":"search_term_string"}}],"inLanguage":"es"},{"@type":"Organization","@id":"https:\/\/noticiasya.com\/#organization","name":"Noticias","url":"https:\/\/noticiasya.com\/","logo":{"@type":"ImageObject","inLanguage":"es","@id":"https:\/\/noticiasya.com\/#\/schema\/logo\/image\/","url":"https:\/\/noticiasya.com\/wp-content\/uploads\/sites\/22\/2023\/12\/logo-nacional.png","contentUrl":"https:\/\/noticiasya.com\/wp-content\/uploads\/sites\/22\/2023\/12\/logo-nacional.png","width":1801,"height":691,"caption":"Noticias"},"image":{"@id":"https:\/\/noticiasya.com\/#\/schema\/logo\/image\/"}}]}},"parsely":{"version":"1.1.0","canonical_url":"https:\/\/noticiasya.com\/midland-odessa\/2024\/10\/12\/muere-alex-salmond-figura-movimiento-independentista-escocia-trax\/","smart_links":{"inbound":0,"outbound":0},"traffic_boost_suggestions_count":0,"meta":{"@context":"https:\/\/schema.org","@type":"NewsArticle","headline":"Muere a los 69 a\u00f1os Alex Salmond, figura destacada del movimiento independentista de Escocia","url":"http:\/\/noticiasya.com\/midland-odessa\/2024\/10\/12\/muere-alex-salmond-figura-movimiento-independentista-escocia-trax\/","mainEntityOfPage":{"@type":"WebPage","@id":"http:\/\/noticiasya.com\/midland-odessa\/2024\/10\/12\/muere-alex-salmond-figura-movimiento-independentista-escocia-trax\/"},"thumbnailUrl":"","image":{"@type":"ImageObject","url":""},"articleSection":"Noticias Nacionales","author":[],"creator":[],"publisher":{"@type":"Organization","name":"Noticias","logo":""},"keywords":[],"dateCreated":"2024-10-12T18:03:37Z","datePublished":"2024-10-12T18:03:37Z","dateModified":"2024-10-12T18:03:37Z"},"rendered":"<script type=\"application\/ld+json\" class=\"wp-parsely-metadata\">{\"@context\":\"https:\\\/\\\/schema.org\",\"@type\":\"NewsArticle\",\"headline\":\"Muere a los 69 a\\u00f1os Alex Salmond, figura destacada del movimiento independentista de Escocia\",\"url\":\"http:\\\/\\\/noticiasya.com\\\/midland-odessa\\\/2024\\\/10\\\/12\\\/muere-alex-salmond-figura-movimiento-independentista-escocia-trax\\\/\",\"mainEntityOfPage\":{\"@type\":\"WebPage\",\"@id\":\"http:\\\/\\\/noticiasya.com\\\/midland-odessa\\\/2024\\\/10\\\/12\\\/muere-alex-salmond-figura-movimiento-independentista-escocia-trax\\\/\"},\"thumbnailUrl\":\"\",\"image\":{\"@type\":\"ImageObject\",\"url\":\"\"},\"articleSection\":\"Noticias Nacionales\",\"author\":[],\"creator\":[],\"publisher\":{\"@type\":\"Organization\",\"name\":\"Noticias\",\"logo\":\"\"},\"keywords\":[],\"dateCreated\":\"2024-10-12T18:03:37Z\",\"datePublished\":\"2024-10-12T18:03:37Z\",\"dateModified\":\"2024-10-12T18:03:37Z\"}<\/script>","tracker_url":"https:\/\/cdn.parsely.com\/keys\/noticiasya.com\/p.js"},"jetpack_featured_media_url":"","jetpack-related-posts":[{"id":1464869,"url":"https:\/\/noticiasya.com\/midland-odessa\/2025\/07\/26\/trump-escocia-golf-escandalo-epstein-trax\/","url_meta":{"origin":1455055,"position":0},"title":"Trump huye de las controversias en Washington en un viaje a Escocia con mucho golf","author":"","date":"julio 26, 2025","format":false,"excerpt":"Huyendo de la agobiante humedad de Washington y de las constantes preguntas sobre las acaloradas pol\u00e9micas, el presidente Donald Trump vuelve a refugiarse el fin de semana en sus clubes de golf, esta vez a m\u00e1s de 5.000 kil\u00f3metros de distancia, en Escocia.Aunque la Casa Blanca calific\u00f3 su viaje de\u2026","rel":"","context":"In &quot;Noticias Nacionales&quot;","block_context":{"text":"Noticias Nacionales","link":"https:\/\/noticiasya.com\/midland-odessa\/categoria\/noticias-nacionales"},"img":{"alt_text":"","src":"","width":0,"height":0},"classes":[]},{"id":1447930,"url":"https:\/\/noticiasya.com\/midland-odessa\/2024\/04\/10\/ley-crimenes-odio-escocia-jk-rowling-elon-musk-trax\/","url_meta":{"origin":1455055,"position":1},"title":"C\u00f3mo una ley contra los cr\u00edmenes de odio que pretend\u00eda proteger contra los prejuicios atrajo a JK Rowling y Elon Musk, provocando una mayor divisi\u00f3n","author":"","date":"abril 10, 2024","format":false,"excerpt":"(CNN) -- Un feroz debate que se ha propagado por las redes sociales, los despachos de abogados, las comisar\u00edas de polic\u00eda y la pol\u00edtica escocesa tambi\u00e9n lleg\u00f3 a las calles de Edimburgo este fin de semana.La semana pasada entr\u00f3 en vigor en Escocia la Ley sobre Delitos de Odio y\u2026","rel":"","context":"In &quot;Noticias Nacionales&quot;","block_context":{"text":"Noticias Nacionales","link":"https:\/\/noticiasya.com\/midland-odessa\/categoria\/noticias-nacionales"},"img":{"alt_text":"","src":"","width":0,"height":0},"classes":[]},{"id":1452661,"url":"https:\/\/noticiasya.com\/midland-odessa\/2024\/09\/13\/busqueda-origen-piedra-del-altar-stonehenge-trax\/","url_meta":{"origin":1455055,"position":2},"title":"Intensifican b\u00fasqueda del origen de la misteriosa Piedra del Altar de Stonehenge","author":"","date":"septiembre 13, 2024","format":false,"excerpt":"(CNN) -- Con la esperanza de resolver uno de los m\u00e1s grandes misterios sobre el ic\u00f3nico monolito, los ge\u00f3logos han trasladado la b\u00fasqueda de los or\u00edgenes del Altar de Piedra central de Stonehenge a Escocia despu\u00e9s de que una investigaci\u00f3n reciente redirigiera la b\u00fasqueda desde Gales.Pero en un giro sorprendente,\u2026","rel":"","context":"In &quot;Noticias Nacionales&quot;","block_context":{"text":"Noticias Nacionales","link":"https:\/\/noticiasya.com\/midland-odessa\/categoria\/noticias-nacionales"},"img":{"alt_text":"","src":"","width":0,"height":0},"classes":[]},{"id":1456780,"url":"https:\/\/noticiasya.com\/midland-odessa\/2024\/12\/19\/por-que-reconstruyo-stonehenge-inglaterra-trax\/","url_meta":{"origin":1455055,"position":3},"title":"Los cient\u00edficos creen saber por qu\u00e9 se reconstruy\u00f3 Stonehenge hace miles de a\u00f1os","author":"","date":"diciembre 19, 2024","format":false,"excerpt":"Los cient\u00edficos hicieron un descubrimiento importante este a\u00f1o relacionado con Stonehenge, uno de los mayores misterios de la humanidad, y cada vez se conocen a\u00fan m\u00e1s revelaciones.En agosto, un equipo de investigadores comparti\u00f3 pruebas que suger\u00edan que la Piedra del Altar, un monolito ic\u00f3nico en el coraz\u00f3n de Stonehenge, fue\u2026","rel":"","context":"In &quot;Noticias Nacionales&quot;","block_context":{"text":"Noticias Nacionales","link":"https:\/\/noticiasya.com\/midland-odessa\/categoria\/noticias-nacionales"},"img":{"alt_text":"","src":"","width":0,"height":0},"classes":[]},{"id":1448612,"url":"https:\/\/noticiasya.com\/midland-odessa\/2024\/04\/27\/isla-mull-kintyre-venta-trax\/","url_meta":{"origin":1455055,"position":4},"title":"\u00bfTe gustar\u00eda tener tu propia isla? Este lugar id\u00edlico cerca de Mull of Kintyre est\u00e1 a la venta","author":"","date":"abril 27, 2024","format":false,"excerpt":"(CNN) -- Una id\u00edlica isla privada de 183 hect\u00e1reas est\u00e1 a la venta frente a la costa oeste de Escocia y cuenta con playas de arena, frailecillos en abundancia, siete casas, un pub, un helipuerto y un reba\u00f1o de ovejas de cara negra.La isla Sanda se encuentra entre Escocia e\u2026","rel":"","context":"In &quot;Noticias Nacionales&quot;","block_context":{"text":"Noticias Nacionales","link":"https:\/\/noticiasya.com\/midland-odessa\/categoria\/noticias-nacionales"},"img":{"alt_text":"","src":"","width":0,"height":0},"classes":[]},{"id":1451928,"url":"https:\/\/noticiasya.com\/midland-odessa\/2024\/08\/16\/buque-primera-guerra-mundial-trax\/","url_meta":{"origin":1455055,"position":5},"title":"Hallan en condiciones &#171;asombrosas&#187; restos de un buque de la Primera Guerra Mundial","author":"","date":"agosto 16, 2024","format":false,"excerpt":"(CNN) -- Durante m\u00e1s de 100 a\u00f1os, los restos sobrenaturales de un buque de guerra brit\u00e1nico permanecieron perdidos en el fondo del mar, cubiertos de percebes y algas, despu\u00e9s de que un submarino alem\u00e1n lo torpedeara durante la Primera Guerra Mundial.Ahora, los buzos especializados que trabajan con Lost In Waters\u2026","rel":"","context":"In &quot;Noticias Nacionales&quot;","block_context":{"text":"Noticias Nacionales","link":"https:\/\/noticiasya.com\/midland-odessa\/categoria\/noticias-nacionales"},"img":{"alt_text":"","src":"","width":0,"height":0},"classes":[]}],"jetpack_sharing_enabled":true,"_links":{"self":[{"href":"https:\/\/noticiasya.com\/midland-odessa\/wp-json\/wp\/v2\/posts\/1455055","targetHints":{"allow":["GET"]}}],"collection":[{"href":"https:\/\/noticiasya.com\/midland-odessa\/wp-json\/wp\/v2\/posts"}],"about":[{"href":"https:\/\/noticiasya.com\/midland-odessa\/wp-json\/wp\/v2\/types\/post"}],"replies":[{"embeddable":true,"href":"https:\/\/noticiasya.com\/midland-odessa\/wp-json\/wp\/v2\/comments?post=1455055"}],"version-history":[{"count":0,"href":"https:\/\/noticiasya.com\/midland-odessa\/wp-json\/wp\/v2\/posts\/1455055\/revisions"}],"wp:attachment":[{"href":"https:\/\/noticiasya.com\/midland-odessa\/wp-json\/wp\/v2\/media?parent=1455055"}],"wp:term":[{"taxonomy":"category","embeddable":true,"href":"https:\/\/noticiasya.com\/midland-odessa\/wp-json\/wp\/v2\/categories?post=1455055"},{"taxonomy":"post_tag","embeddable":true,"href":"https:\/\/noticiasya.com\/midland-odessa\/wp-json\/wp\/v2\/tags?post=1455055"}],"curies":[{"name":"wp","href":"https:\/\/api.w.org\/{rel}","templated":true}]}}