{"id":1455168,"date":"2024-10-16T15:03:39","date_gmt":"2024-10-16T22:03:39","guid":{"rendered":"https:\/\/noticiasya.com\/2024\/10\/16\/cambio-tono-univision-televisa-foro-trump-trax\/"},"modified":"2024-10-16T15:03:39","modified_gmt":"2024-10-16T22:03:39","slug":"cambio-tono-univision-televisa-foro-trump-trax","status":"publish","type":"post","link":"https:\/\/noticiasya.com\/midland-odessa\/2024\/10\/16\/cambio-tono-univision-televisa-foro-trump-trax\/","title":{"rendered":"Univisi\u00f3n, tildada por Trump de \u201cportavoz\u201d de la izquierda, modera su tono"},"content":{"rendered":"<p>(CNN) &#8212; Cuando el expresidente Donald Trump suba al escenario con votantes latinos el mi\u00e9rcoles por la noche en Miami en un foro organizado por Univisi\u00f3n, es posible que falte algo: verificaci\u00f3n de datos.<\/p>\n<p>Tampoco hubo verificaci\u00f3n de datos durante el foro de la vicepresidenta Kamala Harris con la cadena la semana pasada. Pero fue la sesi\u00f3n de preguntas y respuestas con su rival republicano la que sorprendi\u00f3 a algunos dentro y fuera de la cadena, que la ven como otro indicador del cambio de tono pol\u00edtico de la cadena \u200b\u200ben espa\u00f1ol, especialmente en su enfoque para confrontar a Trump en entornos de alto perfil.<\/p>\n<p>Si bien la verificaci\u00f3n de datos en vivo pudo realizarse en el escenario, dijo a CNN una persona con conocimiento, la cadena declar\u00f3 oficialmente que se llevar\u00e1 a cabo despu\u00e9s y durante un programa especial del 17 de octubre que revisar\u00e1 las respuestas de ambos candidatos.<\/p>\n<p>Univisi\u00f3n, la mayor cadena de televisi\u00f3n en espa\u00f1ol de Estados Unidos, es conocida desde hace tiempo por sus entrevistas desafiantes y su cobertura minuciosa de los pol\u00edticos y sus medidas que afectan a la comunidad latina. Pero la Univisi\u00f3n de tendencia izquierdista de los ciclos electorales anteriores se ve diferente a la de hoy.<\/p>\n<p>En 2015, la cadena adopt\u00f3 una postura marcada contra Trump despu\u00e9s de que denigrara a los inmigrantes calific\u00e1ndolos de personas que \u201ctraen drogas\u201d y \u201cvioladores\u201d a Estados Unidos. Univisi\u00f3n, que transmiti\u00f3 los concursos de Miss Universo de Trump, cort\u00f3 lazos con el entonces candidato, citando lo que llam\u00f3 \u201ccomentarios despectivos\u201d. Las dos partes llegaron a un acuerdo m\u00e1s tarde despu\u00e9s de que Trump demandara a la cadena por incumplimiento de contrato.<\/p>\n<p>Durante esa elecci\u00f3n, Jorge Ramos, el presentador estrella de la cadena durante mucho tiempo, adquiri\u00f3 un reconocimiento internacional a\u00fan mayor al enfrentar a Trump por su pol\u00edtica de inmigraci\u00f3n y comentarios sobre los inmigrantes. Trump expuls\u00f3 a Ramos de una conferencia de prensa despu\u00e9s de que el periodista lo confrontara por su pol\u00edtica de inmigraci\u00f3n. Ramos sigui\u00f3 criticando la postura de Trump sobre los inmigrantes y habl\u00f3 sobre lo que dijo que es el lenguaje racista de Trump.<\/p>\n<p>En 2020, la campa\u00f1a de Trump ridiculiz\u00f3 a Univisi\u00f3n como &#171;un portavoz&#187; del Partido Dem\u00f3crata. Univisi\u00f3n respondi\u00f3 invitando a Trump a una entrevista y coment\u00f3: &#171;Seguiremos cumpliendo con nuestro compromiso y deber de informar a la comunidad hispana sobre sus pol\u00edticas y su campa\u00f1a electoral abrazando la verdad y los hechos&#187;.<\/p>\n<p>Pero ahora, tras la fusi\u00f3n de Univisi\u00f3n con el gigante mexicano de las telecomunicaciones Televisa, Univisi\u00f3n enfrenta cr\u00edticas por ser &#171;blanda&#187; con Trump. Es un cambio que la cadena ha defendido abiertamente a medida que cambian las realidades econ\u00f3micas y la demograf\u00eda.<\/p>\n<p>Un \u201cantes y despu\u00e9s\u201d de la entrevista<\/p>\n<p>Los foros con Harris y Trump son moderadas por Enrique Acevedo, el presentador con sede en M\u00e9xico del noticiero nocturno insignia de la empresa matriz de Univisi\u00f3n, Televisa, &#171;En Punto&#187;.<\/p>\n<p>Fue la entrevista de Acevedo con Trump en noviembre la que sorprendi\u00f3 a muchos dentro y fuera de la cadena por su enfoque m\u00e1s suave y la falta de verificaci\u00f3n de los hechos. Para muchos observadores y exempleados de Univisi\u00f3n, la entrevista represent\u00f3 una divisi\u00f3n entre la Univisi\u00f3n del pasado y la que puede estar tomando forma como la Univisi\u00f3n del futuro.<\/p>\n<p>\u201cHubo un antes y un despu\u00e9s\u201d de la entrevista, dijo un exempleado.<\/p>\n<p>Enrique Acevedo habla en la cumbre Global Citizen NOW en The Glasshouse el 28 de abril de 2023 en la ciudad de Nueva York. Cr\u00e9dito: Noam Galai\/Getty Images<\/p>\n<p>Parte de esa decepci\u00f3n fue p\u00fablica. Un grupo de organizaciones latinas influyentes escribi\u00f3 una carta abierta expresando su \u201cprofunda preocupaci\u00f3n\u201d por la entrevista con Trump. Ramos fue a\u00fan m\u00e1s all\u00e1, criticando p\u00fablicamente la entrevista en su sitio web.<\/p>\n<p>La entrevista \u201cpuso en duda la independencia de nuestro departamento de noticias y cre\u00f3 incomodidad e incertidumbre dentro de la sala de redacci\u00f3n\u201d, escribi\u00f3 Ramos.<\/p>\n<p>\u201cNo podemos normalizar un comportamiento que amenaza la democracia y la comunidad hispana, ni ofrecerle a Trump un micr\u00f3fono abierto para difundir sus falsedades y teor\u00edas conspirativas\u201d, escribi\u00f3 Ramos. \u201cDebemos cuestionar y verificar todo lo que dice y hace. Por eso es muy peligroso no enfrentar a Trump. Y por eso es nuestra obligaci\u00f3n moral enfrentarlo cada vez que haya una oportunidad period\u00edstica para hacerlo\u201d.<\/p>\n<p>Acevedo defendi\u00f3 m\u00e1s tarde la entrevista en una columna para The Washington Post.<\/p>\n<p>\u201cAl ofrecer una plataforma justa para las opiniones de Trump, que resuenan en un segmento creciente de la audiencia de Televisa-Univisi\u00f3n, le conced\u00ed intencionalmente un amplio espacio\u201d, dijo Acevedo. \u201cFue una entrevista suave por dise\u00f1o, no por accidente o imposici\u00f3n, como algunos sugirieron\u201d.<\/p>\n<p>La elecci\u00f3n de Acevedo como entrevistador en noviembre y moderador de los foros abiertos tambi\u00e9n gener\u00f3 dudas dentro de Univisi\u00f3n. Aunque Acevedo tiene ciudadan\u00eda estadounidense y ha pasado mucho tiempo en Estados Unidos, incluso como corresponsal en Washington, su programa de noticias de Televisa tiene sede en M\u00e9xico y no se transmite por Univisi\u00f3n. (Acevedo tambi\u00e9n es corresponsal ocasional de CBS News).<\/p>\n<p>Acevedo moder\u00f3 un debate de las primarias presidenciales de 2016 y ha conseguido entrevistas importantes para Univision con el presidente de EE.UU. Joe Biden, la Dra. Jill Biden, el secretario de Estado Antony Blinken y otros altos funcionarios del Gobierno. Pero dentro y alrededor de Univision, algunos cuestionaron por qu\u00e9 la cadena no llam\u00f3 a uno de los muchos corresponsales y presentadores que viven y trabajan en los EE.UU. para conducir un foro abierto con los votantes estadounidenses.<\/p>\n<p>En una declaraci\u00f3n, Acevedo rechaz\u00f3 lo que dijo que eran comentarios &#171;casi discriminatorios&#187; sobre sus calificaciones para presentar el foro abierto.<\/p>\n<p>&#171;Mi experiencia a trav\u00e9s de fronteras, idiomas y plataformas le da precisamente a la audiencia de Univision la perspectiva regional y global que se merece, y conf\u00edo en el valor \u00fanico que aporto a este papel&#187;, dijo Acevedo.<\/p>\n<p>Un alto ejecutivo de Univision tambi\u00e9n defendi\u00f3 el papel de Acevedo. &#171;Es un periodista experimentado y calificado. Es uno de los rostros de nuestra cobertura de noticias y determinamos que es la persona adecuada (para) este papel&#187;, dijo la persona.<\/p>\n<p>Ramos se prepara para su salida<\/p>\n<p>El mes pasado Jorge Ramos anunci\u00f3 que dejar\u00e1 Univisi\u00f3n a fines de a\u00f1o despu\u00e9s de cuatro d\u00e9cadas en la cadena. Su partida es para muchos la se\u00f1al definitiva de que la posici\u00f3n editorial de Univisi\u00f3n est\u00e1 cambiando.<\/p>\n<p>\u201cJorge es un s\u00edmbolo muy importante de una era del periodismo en este pa\u00eds, y es quiz\u00e1s el \u00fanico presentador reconocible, la \u00fanica persona a la que todos los latinos podr\u00edan se\u00f1alar como un defensor de ellos en todas y cada una de las circunstancias\u201d, dijo un experiodista de Univisi\u00f3n.<\/p>\n<p>El periodista Jorge Ramos en un evento en Coral Gables, Florida, el 29 de septiembre de 2024. Cr\u00e9dito: MPI10\/MediaPunch \/IPX\/AP<\/p>\n<p>Varios exempleados que hablaron con CNN se\u00f1alaron que m\u00e1s republicanos han aparecido en el aire de la cadena en los \u00faltimos a\u00f1os, y que la calidad del periodismo cotidiano de Univisi\u00f3n no ha cambiado. Pero es el tono durante estos grandes momentos lo que ha causado alarma.<\/p>\n<p>\u201cLa pregunta es, \u00bfcu\u00e1l es la misi\u00f3n del periodismo? \u00bfEs realmente solo estar frente a quien sea y dejar que hable, o cu\u00e1l es tu papel?\u201d, dijo un experiodista de Univisi\u00f3n. \u201c\u00bfCu\u00e1l es la diferencia entre encender una c\u00e1mara y dejarle decir lo que quiera, en vez de tener tu logo, tu reputaci\u00f3n y tu credibilidad detr\u00e1s de ella?\u201d.<\/p>\n<p>Ramos se neg\u00f3 a hacer comentarios.<\/p>\n<p>Los nuevos due\u00f1os de la cadena<\/p>\n<p>Cuando Acevedo se sent\u00f3 con Trump en Mar-a-Lago en noviembre, tambi\u00e9n estaban presentes en la sala los codirectores ejecutivos de TelevisaUnivision M\u00e9xico, Alfonso de Angoitia Noriega y Bernardo G\u00f3mez Mart\u00ednez, seg\u00fan informes.<\/p>\n<p>Eso hizo sonar las alarmas para algunos en la cadena, preocupados por lo que vieron como el enfoque de Televisa hacia las noticias en M\u00e9xico que se estaba transponiendo en Univision. En M\u00e9xico, el grupo ha sido acusado de elegir las relaciones comerciales en lugar de desafiar a los que est\u00e1n en el poder.<\/p>\n<p>\u201cLa forma en que han manejado las noticias en M\u00e9xico es tan dram\u00e1ticamente diferente, y la forma en que entienden el poder y el periodismo y la intersecci\u00f3n de ambos, es simplemente un cambio de juego. Cambia todo\u201d, dijo un experiodista de Univision.<\/p>\n<p>Joaqu\u00edn Blaya, expresidente de Univisi\u00f3n, ridiculiz\u00f3 p\u00fablicamente la entrevista de Acevedo con Trump como \u201ccobertura de noticias al estilo mexicano\u201d. Acevedo, en su columna de ese momento, contraatac\u00f3, calific\u00e1ndola de \u201cprejuicio obsoleto\u201d sobre M\u00e9xico y sus medios de comunicaci\u00f3n.<\/p>\n<p>Daniel Coronell, director de noticias de Univisi\u00f3n, dijo anteriormente al New York Times que los ejecutivos de Televisa no tienen voz ni voto en la sala de redacci\u00f3n.<\/p>\n<p>\u201cUnivisi\u00f3n tiene una clara separaci\u00f3n entre los intereses corporativos y el departamento de noticias\u201d, afirm\u00f3 en diciembre.<\/p>\n<p>Las realidades econ\u00f3micas<\/p>\n<p>Para Televisa y los candidatos presidenciales por igual, Univisi\u00f3n es un activo importante: es la cadena m\u00e1s popular para hispanohablantes en EE.UU. y un medio fundamental para llegar a los votantes hispanos durante una elecci\u00f3n.<\/p>\n<p>Pero mientras algunos se preguntan si el cambio de la cadena es pol\u00edtico o la influencia de sus nuevos propietarios mexicanos, otros dicen que es simplemente pura demograf\u00eda y econom\u00eda.<\/p>\n<p>Mike Madrid, consultor pol\u00edtico republicano en Grassroots Lab y autor de \u201cEl siglo latino\u201d, dijo a CNN que la audiencia televisiva de habla hispana en Estados Unidos se est\u00e1 reduciendo. Eso significa que Univision lucha por una porci\u00f3n cada vez m\u00e1s peque\u00f1a del pastel de la audiencia.<\/p>\n<p>El expresidente de EE.UU. Donald Trump habla durante un mitin de campa\u00f1a el 15 de octubre de 2024 en Atlanta, Georgia. Cr\u00e9dito: Kevin Dietsch\/Getty Images<\/p>\n<p>\u201cUnivision tuvo una reputaci\u00f3n muy partidista durante tres d\u00e9cadas, no pueden darse el lujo de ser partidistas, tienen que conseguir todos los votos, todos los espectadores\u201d, afirm\u00f3 Madrid, quien se opone a Trump. \u201cTienen que atraer a todos, y con Trump obteniendo m\u00e1s apoyo latino, est\u00e1n avanzando hacia la direcci\u00f3n de construir una audiencia, en lugar de reducirla a la mitad\u201d.<\/p>\n<p>Los latinos son una poblaci\u00f3n madura para los republicanos, seg\u00fan Madrid, tanto en pol\u00edtica como en los medios. La audiencia hispana de Fox News crece r\u00e1pidamente, se\u00f1al\u00f3 Madrid. Esta semana Fox News anunci\u00f3 que pretende capitalizar ese crecimiento con un nuevo programa diario de una hora en espa\u00f1ol titulado \u201cFOX Noticias\u201d en el canal de deportes en espa\u00f1ol, Fox Deportes.<\/p>\n<p>Otros en Univision dicen que el cambio ayuda a la cadena a ganar la relevancia pol\u00edtica que su audiencia merece. La entrevista de Acevedo con Trump fue la primera vez en 22 a\u00f1os que un presidente republicano actual o anterior se sent\u00f3 con la cadena para una entrevista.<\/p>\n<p>Aunque la verificaci\u00f3n de datos no fue una condici\u00f3n para la participaci\u00f3n de ninguno de los candidatos en el foro p\u00fablico, dijo un portavoz de Univision, Trump y su campa\u00f1a han protestado por la verificaci\u00f3n de datos en foros anteriores.<\/p>\n<p>Un ejecutivo de Univision defendi\u00f3 el enfoque del foro, diciendo que ese formato ofrece a los votantes latinos una \u201coportunidad sin precedentes para hablar con los candidatos\u201d y tener \u201cun di\u00e1logo aut\u00e9ntico\u201d.<\/p>\n<p>\u201cNo ha habido otro escenario nacional para tener este di\u00e1logo clave\u201d, dijo el ejecutivo.<\/p>\n<p>Wade Davis, CEO de Univision hasta el mes pasado, defendi\u00f3 el enfoque de Univision en un memorando poco despu\u00e9s de la entrevista de Trump el a\u00f1o pasado.<\/p>\n<p>\u201cTomamos la decisi\u00f3n de adoptar una estrategia que es diferente a la que est\u00e1n utilizando algunas otras grandes cadenas, que ha sido etiquetada como partidista\u201d, afirm\u00f3. \u201cLa estrategia de noticias de Univision es no partidista y objetiva, y servimos a nuestra audiencia al dar la bienvenida a temas, ideas, candidatos y partidos en competencia\u201d.<\/p>\n<p>The-CNN-Wire<br \/>&trade; &amp; &copy; 2024 Cable News Network, Inc., a Warner Bros. Discovery Company. All rights reserved.<\/p>\n","protected":false},"excerpt":{"rendered":"<p>(CNN) &#8212; Cuando el expresidente Donald Trump suba al escenario con votantes latinos el mi\u00e9rcoles por la noche en Miami en un foro organizado por Univisi\u00f3n, es posible que falte algo: verificaci\u00f3n de datos. Tampoco hubo verificaci\u00f3n de datos durante el foro de la vicepresidenta Kamala Harris con la cadena la semana pasada. Pero fue [&hellip;]<\/p>\n","protected":false},"author":0,"featured_media":0,"comment_status":"open","ping_status":"open","sticky":false,"template":"","format":"standard","meta":{"_jetpack_memberships_contains_paid_content":false,"footnotes":""},"categories":[10],"tags":[],"class_list":["post-1455168","post","type-post","status-publish","format-standard","hentry","category-noticias-nacionales","market-global"],"yoast_head":"<!-- This site is optimized with the Yoast SEO plugin v24.4 - https:\/\/yoast.com\/wordpress\/plugins\/seo\/ -->\n<title>Univisi\u00f3n, tildada por Trump de \u201cportavoz\u201d de la izquierda, modera su tono - Noticias<\/title>\n<meta name=\"robots\" content=\"index, follow, max-snippet:-1, max-image-preview:large, max-video-preview:-1\" \/>\n<link rel=\"canonical\" href=\"https:\/\/noticiasya.com\/2024\/10\/16\/cambio-tono-univision-televisa-foro-trump-trax\/\" \/>\n<meta property=\"og:locale\" content=\"es_ES\" \/>\n<meta property=\"og:type\" content=\"article\" \/>\n<meta property=\"og:title\" content=\"Univisi\u00f3n, tildada por Trump de \u201cportavoz\u201d de la izquierda, modera su tono - Noticias\" \/>\n<meta property=\"og:description\" content=\"(CNN) &#8212; Cuando el expresidente Donald Trump suba al escenario con votantes latinos el mi\u00e9rcoles por la noche en Miami en un foro organizado por Univisi\u00f3n, es posible que falte algo: verificaci\u00f3n de datos. Tampoco hubo verificaci\u00f3n de datos durante el foro de la vicepresidenta Kamala Harris con la cadena la semana pasada. Pero fue [&hellip;]\" \/>\n<meta property=\"og:url\" content=\"https:\/\/noticiasya.com\/2024\/10\/16\/cambio-tono-univision-televisa-foro-trump-trax\/\" \/>\n<meta property=\"og:site_name\" content=\"Noticias\" \/>\n<meta property=\"article:published_time\" content=\"2024-10-16T22:03:39+00:00\" \/>\n<meta name=\"twitter:card\" content=\"summary_large_image\" \/>\n<meta name=\"twitter:label1\" content=\"Est. reading time\" \/>\n\t<meta name=\"twitter:data1\" content=\"10 minutos\" \/>\n<script type=\"application\/ld+json\" class=\"yoast-schema-graph\">{\"@context\":\"https:\/\/schema.org\",\"@graph\":[{\"@type\":\"Article\",\"@id\":\"https:\/\/noticiasya.com\/2024\/10\/16\/cambio-tono-univision-televisa-foro-trump-trax\/#article\",\"isPartOf\":{\"@id\":\"https:\/\/noticiasya.com\/2024\/10\/16\/cambio-tono-univision-televisa-foro-trump-trax\/\"},\"author\":{\"name\":\"\",\"@id\":\"\"},\"headline\":\"Univisi\u00f3n, tildada por Trump de \u201cportavoz\u201d de la izquierda, modera su tono\",\"datePublished\":\"2024-10-16T22:03:39+00:00\",\"mainEntityOfPage\":{\"@id\":\"https:\/\/noticiasya.com\/2024\/10\/16\/cambio-tono-univision-televisa-foro-trump-trax\/\"},\"wordCount\":2118,\"commentCount\":0,\"publisher\":{\"@id\":\"https:\/\/noticiasya.com\/#organization\"},\"articleSection\":[\"Noticias Nacionales\"],\"inLanguage\":\"es\",\"potentialAction\":[{\"@type\":\"CommentAction\",\"name\":\"Comment\",\"target\":[\"https:\/\/noticiasya.com\/2024\/10\/16\/cambio-tono-univision-televisa-foro-trump-trax\/#respond\"]}]},{\"@type\":\"WebPage\",\"@id\":\"https:\/\/noticiasya.com\/2024\/10\/16\/cambio-tono-univision-televisa-foro-trump-trax\/\",\"url\":\"https:\/\/noticiasya.com\/2024\/10\/16\/cambio-tono-univision-televisa-foro-trump-trax\/\",\"name\":\"Univisi\u00f3n, tildada por Trump de \u201cportavoz\u201d de la izquierda, modera su tono - Noticias\",\"isPartOf\":{\"@id\":\"https:\/\/noticiasya.com\/#website\"},\"datePublished\":\"2024-10-16T22:03:39+00:00\",\"breadcrumb\":{\"@id\":\"https:\/\/noticiasya.com\/2024\/10\/16\/cambio-tono-univision-televisa-foro-trump-trax\/#breadcrumb\"},\"inLanguage\":\"es\",\"potentialAction\":[{\"@type\":\"ReadAction\",\"target\":[\"https:\/\/noticiasya.com\/2024\/10\/16\/cambio-tono-univision-televisa-foro-trump-trax\/\"]}]},{\"@type\":\"BreadcrumbList\",\"@id\":\"https:\/\/noticiasya.com\/2024\/10\/16\/cambio-tono-univision-televisa-foro-trump-trax\/#breadcrumb\",\"itemListElement\":[{\"@type\":\"ListItem\",\"position\":1,\"name\":\"Home\",\"item\":\"https:\/\/noticiasya.com\/\"},{\"@type\":\"ListItem\",\"position\":2,\"name\":\"Univisi\u00f3n, tildada por Trump de \u201cportavoz\u201d de la izquierda, modera su tono\"}]},{\"@type\":\"WebSite\",\"@id\":\"https:\/\/noticiasya.com\/#website\",\"url\":\"https:\/\/noticiasya.com\/\",\"name\":\"Noticias\",\"description\":\"Lo que importa\",\"publisher\":{\"@id\":\"https:\/\/noticiasya.com\/#organization\"},\"potentialAction\":[{\"@type\":\"SearchAction\",\"target\":{\"@type\":\"EntryPoint\",\"urlTemplate\":\"https:\/\/noticiasya.com\/?s={search_term_string}\"},\"query-input\":{\"@type\":\"PropertyValueSpecification\",\"valueRequired\":true,\"valueName\":\"search_term_string\"}}],\"inLanguage\":\"es\"},{\"@type\":\"Organization\",\"@id\":\"https:\/\/noticiasya.com\/#organization\",\"name\":\"Noticias\",\"url\":\"https:\/\/noticiasya.com\/\",\"logo\":{\"@type\":\"ImageObject\",\"inLanguage\":\"es\",\"@id\":\"https:\/\/noticiasya.com\/#\/schema\/logo\/image\/\",\"url\":\"https:\/\/noticiasya.com\/wp-content\/uploads\/sites\/22\/2023\/12\/logo-nacional.png\",\"contentUrl\":\"https:\/\/noticiasya.com\/wp-content\/uploads\/sites\/22\/2023\/12\/logo-nacional.png\",\"width\":1801,\"height\":691,\"caption\":\"Noticias\"},\"image\":{\"@id\":\"https:\/\/noticiasya.com\/#\/schema\/logo\/image\/\"}}]}<\/script>\n<!-- \/ Yoast SEO plugin. -->","yoast_head_json":{"title":"Univisi\u00f3n, tildada por Trump de \u201cportavoz\u201d de la izquierda, modera su tono - Noticias","robots":{"index":"index","follow":"follow","max-snippet":"max-snippet:-1","max-image-preview":"max-image-preview:large","max-video-preview":"max-video-preview:-1"},"canonical":"https:\/\/noticiasya.com\/2024\/10\/16\/cambio-tono-univision-televisa-foro-trump-trax\/","og_locale":"es_ES","og_type":"article","og_title":"Univisi\u00f3n, tildada por Trump de \u201cportavoz\u201d de la izquierda, modera su tono - Noticias","og_description":"(CNN) &#8212; Cuando el expresidente Donald Trump suba al escenario con votantes latinos el mi\u00e9rcoles por la noche en Miami en un foro organizado por Univisi\u00f3n, es posible que falte algo: verificaci\u00f3n de datos. Tampoco hubo verificaci\u00f3n de datos durante el foro de la vicepresidenta Kamala Harris con la cadena la semana pasada. Pero fue [&hellip;]","og_url":"https:\/\/noticiasya.com\/2024\/10\/16\/cambio-tono-univision-televisa-foro-trump-trax\/","og_site_name":"Noticias","article_published_time":"2024-10-16T22:03:39+00:00","twitter_card":"summary_large_image","twitter_misc":{"Est. reading time":"10 minutos"},"schema":{"@context":"https:\/\/schema.org","@graph":[{"@type":"Article","@id":"https:\/\/noticiasya.com\/2024\/10\/16\/cambio-tono-univision-televisa-foro-trump-trax\/#article","isPartOf":{"@id":"https:\/\/noticiasya.com\/2024\/10\/16\/cambio-tono-univision-televisa-foro-trump-trax\/"},"author":{"name":"","@id":""},"headline":"Univisi\u00f3n, tildada por Trump de \u201cportavoz\u201d de la izquierda, modera su tono","datePublished":"2024-10-16T22:03:39+00:00","mainEntityOfPage":{"@id":"https:\/\/noticiasya.com\/2024\/10\/16\/cambio-tono-univision-televisa-foro-trump-trax\/"},"wordCount":2118,"commentCount":0,"publisher":{"@id":"https:\/\/noticiasya.com\/#organization"},"articleSection":["Noticias Nacionales"],"inLanguage":"es","potentialAction":[{"@type":"CommentAction","name":"Comment","target":["https:\/\/noticiasya.com\/2024\/10\/16\/cambio-tono-univision-televisa-foro-trump-trax\/#respond"]}]},{"@type":"WebPage","@id":"https:\/\/noticiasya.com\/2024\/10\/16\/cambio-tono-univision-televisa-foro-trump-trax\/","url":"https:\/\/noticiasya.com\/2024\/10\/16\/cambio-tono-univision-televisa-foro-trump-trax\/","name":"Univisi\u00f3n, tildada por Trump de \u201cportavoz\u201d de la izquierda, modera su tono - Noticias","isPartOf":{"@id":"https:\/\/noticiasya.com\/#website"},"datePublished":"2024-10-16T22:03:39+00:00","breadcrumb":{"@id":"https:\/\/noticiasya.com\/2024\/10\/16\/cambio-tono-univision-televisa-foro-trump-trax\/#breadcrumb"},"inLanguage":"es","potentialAction":[{"@type":"ReadAction","target":["https:\/\/noticiasya.com\/2024\/10\/16\/cambio-tono-univision-televisa-foro-trump-trax\/"]}]},{"@type":"BreadcrumbList","@id":"https:\/\/noticiasya.com\/2024\/10\/16\/cambio-tono-univision-televisa-foro-trump-trax\/#breadcrumb","itemListElement":[{"@type":"ListItem","position":1,"name":"Home","item":"https:\/\/noticiasya.com\/"},{"@type":"ListItem","position":2,"name":"Univisi\u00f3n, tildada por Trump de \u201cportavoz\u201d de la izquierda, modera su tono"}]},{"@type":"WebSite","@id":"https:\/\/noticiasya.com\/#website","url":"https:\/\/noticiasya.com\/","name":"Noticias","description":"Lo que importa","publisher":{"@id":"https:\/\/noticiasya.com\/#organization"},"potentialAction":[{"@type":"SearchAction","target":{"@type":"EntryPoint","urlTemplate":"https:\/\/noticiasya.com\/?s={search_term_string}"},"query-input":{"@type":"PropertyValueSpecification","valueRequired":true,"valueName":"search_term_string"}}],"inLanguage":"es"},{"@type":"Organization","@id":"https:\/\/noticiasya.com\/#organization","name":"Noticias","url":"https:\/\/noticiasya.com\/","logo":{"@type":"ImageObject","inLanguage":"es","@id":"https:\/\/noticiasya.com\/#\/schema\/logo\/image\/","url":"https:\/\/noticiasya.com\/wp-content\/uploads\/sites\/22\/2023\/12\/logo-nacional.png","contentUrl":"https:\/\/noticiasya.com\/wp-content\/uploads\/sites\/22\/2023\/12\/logo-nacional.png","width":1801,"height":691,"caption":"Noticias"},"image":{"@id":"https:\/\/noticiasya.com\/#\/schema\/logo\/image\/"}}]}},"parsely":{"version":"1.1.0","canonical_url":"https:\/\/noticiasya.com\/midland-odessa\/2024\/10\/16\/cambio-tono-univision-televisa-foro-trump-trax\/","smart_links":{"inbound":0,"outbound":0},"traffic_boost_suggestions_count":0,"meta":{"@context":"https:\/\/schema.org","@type":"NewsArticle","headline":"Univisi\u00f3n, tildada por Trump de \u201cportavoz\u201d de la izquierda, modera su tono","url":"http:\/\/noticiasya.com\/midland-odessa\/2024\/10\/16\/cambio-tono-univision-televisa-foro-trump-trax\/","mainEntityOfPage":{"@type":"WebPage","@id":"http:\/\/noticiasya.com\/midland-odessa\/2024\/10\/16\/cambio-tono-univision-televisa-foro-trump-trax\/"},"thumbnailUrl":"","image":{"@type":"ImageObject","url":""},"articleSection":"Noticias Nacionales","author":[],"creator":[],"publisher":{"@type":"Organization","name":"Noticias","logo":""},"keywords":[],"dateCreated":"2024-10-16T22:03:39Z","datePublished":"2024-10-16T22:03:39Z","dateModified":"2024-10-16T22:03:39Z"},"rendered":"<script type=\"application\/ld+json\" class=\"wp-parsely-metadata\">{\"@context\":\"https:\\\/\\\/schema.org\",\"@type\":\"NewsArticle\",\"headline\":\"Univisi\\u00f3n, tildada por Trump de \\u201cportavoz\\u201d de la izquierda, modera su tono\",\"url\":\"http:\\\/\\\/noticiasya.com\\\/midland-odessa\\\/2024\\\/10\\\/16\\\/cambio-tono-univision-televisa-foro-trump-trax\\\/\",\"mainEntityOfPage\":{\"@type\":\"WebPage\",\"@id\":\"http:\\\/\\\/noticiasya.com\\\/midland-odessa\\\/2024\\\/10\\\/16\\\/cambio-tono-univision-televisa-foro-trump-trax\\\/\"},\"thumbnailUrl\":\"\",\"image\":{\"@type\":\"ImageObject\",\"url\":\"\"},\"articleSection\":\"Noticias Nacionales\",\"author\":[],\"creator\":[],\"publisher\":{\"@type\":\"Organization\",\"name\":\"Noticias\",\"logo\":\"\"},\"keywords\":[],\"dateCreated\":\"2024-10-16T22:03:39Z\",\"datePublished\":\"2024-10-16T22:03:39Z\",\"dateModified\":\"2024-10-16T22:03:39Z\"}<\/script>","tracker_url":"https:\/\/cdn.parsely.com\/keys\/noticiasya.com\/p.js"},"jetpack_featured_media_url":"","jetpack-related-posts":[{"id":1450729,"url":"https:\/\/noticiasya.com\/midland-odessa\/2024\/06\/26\/debate-presidencial-biden-trump-duracion-reglas-formato-orix\/","url_meta":{"origin":1455168,"position":0},"title":"Debate presidencial entre Biden y Trump en CNN: qui\u00e9nes son los moderadores, duraci\u00f3n, reglas y formato","author":"","date":"junio 26, 2024","format":false,"excerpt":"(CNN Espa\u00f1ol) -- El debate de CNN entre el presidente Joe Biden y el expresidente Donald Trump, que se lleva a cabo en Atlanta este jueves 27 de junio, marca el primer enfrentamiento en persona de la campa\u00f1a de 2024 entre ambos aspirantes. Ambos candidatos aceptaron la invitaci\u00f3n de la\u2026","rel":"","context":"In &quot;Noticias Nacionales&quot;","block_context":{"text":"Noticias Nacionales","link":"https:\/\/noticiasya.com\/midland-odessa\/categoria\/noticias-nacionales"},"img":{"alt_text":"","src":"","width":0,"height":0},"classes":[]},{"id":1450776,"url":"https:\/\/noticiasya.com\/midland-odessa\/2024\/06\/28\/479-millones-vieron-debate-cnn-biden-y-trump-trax\/","url_meta":{"origin":1455168,"position":1},"title":"47,9 millones de personas vieron el debate presidencial de CNN entre Biden y Trump","author":"","date":"junio 28, 2024","format":false,"excerpt":"(CNN) -- El debate de la noche del jueves en CNN entre el presidente Joe Biden y el expresidente Donald Trump fue visto por 47,9 millones de espectadores por televisi\u00f3n, seg\u00fan cifras preliminares de Nielsen.El debate de 90 minutos, que conmocion\u00f3 al mundo pol\u00edtico, se transmiti\u00f3 simult\u00e1neamente a trav\u00e9s de\u2026","rel":"","context":"In &quot;Noticias Nacionales&quot;","block_context":{"text":"Noticias Nacionales","link":"https:\/\/noticiasya.com\/midland-odessa\/categoria\/noticias-nacionales"},"img":{"alt_text":"","src":"","width":0,"height":0},"classes":[]},{"id":1450491,"url":"https:\/\/noticiasya.com\/midland-odessa\/2024\/06\/18\/televisaunivision-investiga-noticia-falsa-elecciones-venezuela-orix\/","url_meta":{"origin":1455168,"position":2},"title":"TelevisaUnivision investiga la publicaci\u00f3n de una noticia falsa sobre las elecciones en Venezuela en su sitio web","author":"","date":"junio 18, 2024","format":false,"excerpt":"(CNN Espa\u00f1ol) --\u00a0La cadena TelevisaUnivision abri\u00f3 una investigaci\u00f3n interna luego de que el lunes un usuario public\u00f3 en uno de los sitios web de Univision una noticia falsa sobre las pr\u00f3ximas elecciones presidenciales en Venezuela, con datos que fueron replicados por algunos medios en el pa\u00eds sudamericano.La empresa dijo en\u2026","rel":"","context":"In &quot;Noticias Nacionales&quot;","block_context":{"text":"Noticias Nacionales","link":"https:\/\/noticiasya.com\/midland-odessa\/categoria\/noticias-nacionales"},"img":{"alt_text":"","src":"","width":0,"height":0},"classes":[]},{"id":1455169,"url":"https:\/\/noticiasya.com\/midland-odessa\/2024\/10\/16\/trump-latinos-indecisos-univision-orix\/","url_meta":{"origin":1455168,"position":3},"title":"Trump respondi\u00f3 a preguntas de votantes latinos indecisos repitiendo falsedades de inmigraci\u00f3n","author":"","date":"octubre 16, 2024","format":false,"excerpt":"(CNN Espa\u00f1ol) -- El candidato republicano a la presidencia de Estados Unidos, Donald Trump, particip\u00f3 este mi\u00e9rcoles en un foro con votantes hispanos que siguen indecisos sobre por qui\u00e9n votar en las elecciones presidenciales del 5 de noviembre.El foro organizado por Univision Noticias, llamado \"Los Latinos Preguntan... Donald Trump Responde\",\u2026","rel":"","context":"In &quot;Noticias Nacionales&quot;","block_context":{"text":"Noticias Nacionales","link":"https:\/\/noticiasya.com\/midland-odessa\/categoria\/noticias-nacionales"},"img":{"alt_text":"","src":"","width":0,"height":0},"classes":[]},{"id":1457463,"url":"https:\/\/noticiasya.com\/midland-odessa\/2025\/01\/12\/copresidente-supervision-meta-presion-politica-programa-verificacion-trax\/","url_meta":{"origin":1455168,"position":4},"title":"Copresidente de supervisi\u00f3n de Meta dice que la empresa &#171;cede a la presi\u00f3n pol\u00edtica&#187; al acabar con programa de verificaci\u00f3n","author":"","date":"enero 12, 2025","format":false,"excerpt":"La decisi\u00f3n de Meta de poner fin a su programa de verificaci\u00f3n de datos parece indicar que la empresa est\u00e1 \u201ccediendo\u201d ante presiones pol\u00edticas, dijo el copresidente del consejo de supervisi\u00f3n de Meta, Michael McConnell.McConnell, profesor de derecho en la Universidad de Stanford, dijo a NPR el viernes que le\u2026","rel":"","context":"In &quot;Noticias Nacionales&quot;","block_context":{"text":"Noticias Nacionales","link":"https:\/\/noticiasya.com\/midland-odessa\/categoria\/noticias-nacionales"},"img":{"alt_text":"","src":"","width":0,"height":0},"classes":[]},{"id":1455184,"url":"https:\/\/noticiasya.com\/midland-odessa\/2024\/10\/17\/kamala-harris-fox-news-trump-analisis-trax\/","url_meta":{"origin":1455168,"position":5},"title":"AN\u00c1LISIS | Harris se enfrenta a Fox mientras intenta atraer votantes del Partido Republicano","author":"","date":"octubre 17, 2024","format":false,"excerpt":"(CNN) -- Kamala Harris no tuvo su segundo debate con Donald Trump, por lo que fue a Fox News.La vicepresidenta se enfrent\u00f3 acaloradamente a Bret Baier, el principal presentador de la cadena pro-Trump, este mi\u00e9rcoles por la noche, en el tipo de enfrentamiento sin guion que los republicanos llevan tiempo\u2026","rel":"","context":"In &quot;Noticias Nacionales&quot;","block_context":{"text":"Noticias Nacionales","link":"https:\/\/noticiasya.com\/midland-odessa\/categoria\/noticias-nacionales"},"img":{"alt_text":"","src":"","width":0,"height":0},"classes":[]}],"jetpack_sharing_enabled":true,"_links":{"self":[{"href":"https:\/\/noticiasya.com\/midland-odessa\/wp-json\/wp\/v2\/posts\/1455168","targetHints":{"allow":["GET"]}}],"collection":[{"href":"https:\/\/noticiasya.com\/midland-odessa\/wp-json\/wp\/v2\/posts"}],"about":[{"href":"https:\/\/noticiasya.com\/midland-odessa\/wp-json\/wp\/v2\/types\/post"}],"replies":[{"embeddable":true,"href":"https:\/\/noticiasya.com\/midland-odessa\/wp-json\/wp\/v2\/comments?post=1455168"}],"version-history":[{"count":0,"href":"https:\/\/noticiasya.com\/midland-odessa\/wp-json\/wp\/v2\/posts\/1455168\/revisions"}],"wp:attachment":[{"href":"https:\/\/noticiasya.com\/midland-odessa\/wp-json\/wp\/v2\/media?parent=1455168"}],"wp:term":[{"taxonomy":"category","embeddable":true,"href":"https:\/\/noticiasya.com\/midland-odessa\/wp-json\/wp\/v2\/categories?post=1455168"},{"taxonomy":"post_tag","embeddable":true,"href":"https:\/\/noticiasya.com\/midland-odessa\/wp-json\/wp\/v2\/tags?post=1455168"}],"curies":[{"name":"wp","href":"https:\/\/api.w.org\/{rel}","templated":true}]}}