{"id":1455175,"date":"2024-10-16T17:04:04","date_gmt":"2024-10-17T00:04:04","guid":{"rendered":"https:\/\/noticiasya.com\/2024\/10\/16\/cuba-minimo-produccion-electrica-semanas-orix\/"},"modified":"2024-10-16T17:04:04","modified_gmt":"2024-10-17T00:04:04","slug":"cuba-minimo-produccion-electrica-semanas-orix","status":"publish","type":"post","link":"https:\/\/noticiasya.com\/midland-odessa\/2024\/10\/16\/cuba-minimo-produccion-electrica-semanas-orix\/","title":{"rendered":"Cuba alcanza m\u00ednimo de producci\u00f3n el\u00e9ctrica en semanas con la mayor\u00eda de sus centrales energ\u00e9ticas da\u00f1adas o sin combustible"},"content":{"rendered":"<p>(CNN Espa\u00f1ol) \u2013\u2013 Cuba anunci\u00f3 este mi\u00e9rcoles que no podr\u00e1 cumplir con la demanda el\u00e9ctrica diaria, una tendencia que se ha agudizado desde finales de septiembre, seg\u00fan informaci\u00f3n analizada por CNN con base a reportes del Ministerio de Energ\u00eda y Minas publicados en su cuenta de Facebook.<\/p>\n<p>Las autoridades cubanas estiman que, para este mi\u00e9rcoles, la isla s\u00f3lo podr\u00e1 producir el 42.75% de electricidad que requiere en la hora pico. Es decir, generar\u00e1 2.005 megawatts, mientras espera una demanda de 3.380 cuando m\u00e1s personas la necesitan.<\/p>\n<p>Cuba solicita formalmente el ingreso al grupo de los BRICS<\/p>\n<p>Este d\u00e9ficit de casi el 60% en la producci\u00f3n de electricidad diaria en Cuba ha sido constante desde, al menos, el 27 de septiembre, seg\u00fan los reportes oficiales.<\/p>\n<p>No se trata de un problema nuevo. La limitada infraestructura de Cuba no ha recibido el mantenimiento que requiere por a\u00f1os y los apagones recurrentes se remontan a la d\u00e9cada de 1990. La situaci\u00f3n se agrav\u00f3 a\u00fan m\u00e1s en 2022 con el incendio de la instalaci\u00f3n de combustible en Matanzas (oeste de la isla), que destruy\u00f3 el 40% de la principal estructura de almacenamiento de combustible en el pa\u00eds.<\/p>\n<p>El ministro de Energ\u00eda y Minas, Vicente de la O Levy, advirti\u00f3 desde marzo que las condiciones de las termoel\u00e9ctricas suponen desaf\u00edos para el pa\u00eds, seg\u00fan declaraciones a la televisi\u00f3n estatal.<\/p>\n<p>De hecho, siete de las ocho termoel\u00e9ctricas que abastecen de energ\u00eda a Cuba se encuentran averiadas o en mantenimiento, de acuerdo on un comunicado difundido este mi\u00e9rcoles por la Uni\u00f3n El\u00e9ctrica de Cuba y el Ministerio de Energ\u00eda y Minas de la isla.<\/p>\n<p>Cuba recorta el gramaje del pan subsidiado por falta de harina<\/p>\n<p>Adem\u00e1s, Uni\u00f3n El\u00e9ctrica de Cuba inform\u00f3 que 37 centrales de generaci\u00f3n de energ\u00eda est\u00e1n fuera de servicio por falta de combustible. Estas centrales est\u00e1n situadas en las zonas de la patana de Mariel, Mariel y Santiago de Cuba.<\/p>\n<p>CNN ha solicitado comentarios a la Uni\u00f3n El\u00e9ctrica de Cuba, as\u00ed como al gobierno cubano, para conocer el n\u00famero de afectados por la falta de suministro el\u00e9ctrico y qu\u00e9 medidas est\u00e1n tomando para mejorar la situaci\u00f3n, y est\u00e1 a la espera de repuesta.<\/p>\n<p>Este lunes, las autoridades cubanas informaron de la instalaci\u00f3n de paneles de energ\u00eda solar, con los que buscan incrementar la capacidad de generaci\u00f3n energ\u00e9tica en la isla, pero el primero de los proyectos anunciados (que producir\u00eda unos 1.000 watts) estar\u00eda disponible hasta dentro de dos a\u00f1os.<\/p>\n<p>Falta de energ\u00eda, el diario escenario en Cuba<\/p>\n<p>Los cortes de energ\u00eda afectan seriamente el d\u00eda a d\u00eda de los cubanos, que se topan con menos transporte p\u00fablico, fallos en los sem\u00e1foros, cajeros autom\u00e1ticos, dispensadores de gasolinas, pago electr\u00f3nico de tiendas, en las cocinas el\u00e9ctricas y las bombas de agua, por mencionar algunos ejemplos.<\/p>\n<p>En el edificio Gir\u00f3n de La Habana, los frecuentes apagones han empeorado la calidad de vida de algunas personas mayores, como relata un testimonio recogido por la agencia EFE, que describe como habitantes de 80 a\u00f1os con movilidad reducida deben subir varios pisos sin tener un ascensor en el inmueble.<\/p>\n<p>La falta de electricidad en Cuba, sumados a otros problemas de escasez, han alimentado el descontento en la isla y han abonado a que se lleven a cabo manifestaciones multitudinarias a lo largo de los a\u00f1os, como las hist\u00f3ricas protestas del 11 de julio de 2021 y otras registradas en 2022 y 2024.<\/p>\n<p>The-CNN-Wire<br \/>&trade; &amp; &copy; 2024 Cable News Network, Inc., a Warner Bros. Discovery Company. All rights reserved.<\/p>\n","protected":false},"excerpt":{"rendered":"<p>(CNN Espa\u00f1ol) \u2013\u2013 Cuba anunci\u00f3 este mi\u00e9rcoles que no podr\u00e1 cumplir con la demanda el\u00e9ctrica diaria, una tendencia que se ha agudizado desde finales de septiembre, seg\u00fan informaci\u00f3n analizada por CNN con base a reportes del Ministerio de Energ\u00eda y Minas publicados en su cuenta de Facebook. Las autoridades cubanas estiman que, para este mi\u00e9rcoles, [&hellip;]<\/p>\n","protected":false},"author":0,"featured_media":0,"comment_status":"open","ping_status":"open","sticky":false,"template":"","format":"standard","meta":{"_jetpack_memberships_contains_paid_content":false,"footnotes":""},"categories":[10],"tags":[],"class_list":["post-1455175","post","type-post","status-publish","format-standard","hentry","category-noticias-nacionales","market-global"],"yoast_head":"<!-- This site is optimized with the Yoast SEO plugin v24.4 - https:\/\/yoast.com\/wordpress\/plugins\/seo\/ -->\n<title>Cuba alcanza m\u00ednimo de producci\u00f3n el\u00e9ctrica en semanas con la mayor\u00eda de sus centrales energ\u00e9ticas da\u00f1adas o sin combustible - Noticias<\/title>\n<meta name=\"robots\" content=\"index, follow, max-snippet:-1, max-image-preview:large, max-video-preview:-1\" \/>\n<link rel=\"canonical\" href=\"https:\/\/noticiasya.com\/2024\/10\/16\/cuba-minimo-produccion-electrica-semanas-orix\/\" \/>\n<meta property=\"og:locale\" content=\"es_ES\" \/>\n<meta property=\"og:type\" content=\"article\" \/>\n<meta property=\"og:title\" content=\"Cuba alcanza m\u00ednimo de producci\u00f3n el\u00e9ctrica en semanas con la mayor\u00eda de sus centrales energ\u00e9ticas da\u00f1adas o sin combustible - Noticias\" \/>\n<meta property=\"og:description\" content=\"(CNN Espa\u00f1ol) \u2013\u2013 Cuba anunci\u00f3 este mi\u00e9rcoles que no podr\u00e1 cumplir con la demanda el\u00e9ctrica diaria, una tendencia que se ha agudizado desde finales de septiembre, seg\u00fan informaci\u00f3n analizada por CNN con base a reportes del Ministerio de Energ\u00eda y Minas publicados en su cuenta de Facebook. Las autoridades cubanas estiman que, para este mi\u00e9rcoles, [&hellip;]\" \/>\n<meta property=\"og:url\" content=\"https:\/\/noticiasya.com\/2024\/10\/16\/cuba-minimo-produccion-electrica-semanas-orix\/\" \/>\n<meta property=\"og:site_name\" content=\"Noticias\" \/>\n<meta property=\"article:published_time\" content=\"2024-10-17T00:04:04+00:00\" \/>\n<meta name=\"twitter:card\" content=\"summary_large_image\" \/>\n<meta name=\"twitter:label1\" content=\"Est. reading time\" \/>\n\t<meta name=\"twitter:data1\" content=\"3 minutos\" \/>\n<script type=\"application\/ld+json\" class=\"yoast-schema-graph\">{\"@context\":\"https:\/\/schema.org\",\"@graph\":[{\"@type\":\"Article\",\"@id\":\"https:\/\/noticiasya.com\/2024\/10\/16\/cuba-minimo-produccion-electrica-semanas-orix\/#article\",\"isPartOf\":{\"@id\":\"https:\/\/noticiasya.com\/2024\/10\/16\/cuba-minimo-produccion-electrica-semanas-orix\/\"},\"author\":{\"name\":\"\",\"@id\":\"\"},\"headline\":\"Cuba alcanza m\u00ednimo de producci\u00f3n el\u00e9ctrica en semanas con la mayor\u00eda de sus centrales energ\u00e9ticas da\u00f1adas o sin combustible\",\"datePublished\":\"2024-10-17T00:04:04+00:00\",\"mainEntityOfPage\":{\"@id\":\"https:\/\/noticiasya.com\/2024\/10\/16\/cuba-minimo-produccion-electrica-semanas-orix\/\"},\"wordCount\":651,\"commentCount\":0,\"publisher\":{\"@id\":\"https:\/\/noticiasya.com\/#organization\"},\"articleSection\":[\"Noticias Nacionales\"],\"inLanguage\":\"es\",\"potentialAction\":[{\"@type\":\"CommentAction\",\"name\":\"Comment\",\"target\":[\"https:\/\/noticiasya.com\/2024\/10\/16\/cuba-minimo-produccion-electrica-semanas-orix\/#respond\"]}]},{\"@type\":\"WebPage\",\"@id\":\"https:\/\/noticiasya.com\/2024\/10\/16\/cuba-minimo-produccion-electrica-semanas-orix\/\",\"url\":\"https:\/\/noticiasya.com\/2024\/10\/16\/cuba-minimo-produccion-electrica-semanas-orix\/\",\"name\":\"Cuba alcanza m\u00ednimo de producci\u00f3n el\u00e9ctrica en semanas con la mayor\u00eda de sus centrales energ\u00e9ticas da\u00f1adas o sin combustible - Noticias\",\"isPartOf\":{\"@id\":\"https:\/\/noticiasya.com\/#website\"},\"datePublished\":\"2024-10-17T00:04:04+00:00\",\"breadcrumb\":{\"@id\":\"https:\/\/noticiasya.com\/2024\/10\/16\/cuba-minimo-produccion-electrica-semanas-orix\/#breadcrumb\"},\"inLanguage\":\"es\",\"potentialAction\":[{\"@type\":\"ReadAction\",\"target\":[\"https:\/\/noticiasya.com\/2024\/10\/16\/cuba-minimo-produccion-electrica-semanas-orix\/\"]}]},{\"@type\":\"BreadcrumbList\",\"@id\":\"https:\/\/noticiasya.com\/2024\/10\/16\/cuba-minimo-produccion-electrica-semanas-orix\/#breadcrumb\",\"itemListElement\":[{\"@type\":\"ListItem\",\"position\":1,\"name\":\"Home\",\"item\":\"https:\/\/noticiasya.com\/\"},{\"@type\":\"ListItem\",\"position\":2,\"name\":\"Cuba alcanza m\u00ednimo de producci\u00f3n el\u00e9ctrica en semanas con la mayor\u00eda de sus centrales energ\u00e9ticas da\u00f1adas o sin combustible\"}]},{\"@type\":\"WebSite\",\"@id\":\"https:\/\/noticiasya.com\/#website\",\"url\":\"https:\/\/noticiasya.com\/\",\"name\":\"Noticias\",\"description\":\"Lo que importa\",\"publisher\":{\"@id\":\"https:\/\/noticiasya.com\/#organization\"},\"potentialAction\":[{\"@type\":\"SearchAction\",\"target\":{\"@type\":\"EntryPoint\",\"urlTemplate\":\"https:\/\/noticiasya.com\/?s={search_term_string}\"},\"query-input\":{\"@type\":\"PropertyValueSpecification\",\"valueRequired\":true,\"valueName\":\"search_term_string\"}}],\"inLanguage\":\"es\"},{\"@type\":\"Organization\",\"@id\":\"https:\/\/noticiasya.com\/#organization\",\"name\":\"Noticias\",\"url\":\"https:\/\/noticiasya.com\/\",\"logo\":{\"@type\":\"ImageObject\",\"inLanguage\":\"es\",\"@id\":\"https:\/\/noticiasya.com\/#\/schema\/logo\/image\/\",\"url\":\"https:\/\/noticiasya.com\/wp-content\/uploads\/sites\/22\/2023\/12\/logo-nacional.png\",\"contentUrl\":\"https:\/\/noticiasya.com\/wp-content\/uploads\/sites\/22\/2023\/12\/logo-nacional.png\",\"width\":1801,\"height\":691,\"caption\":\"Noticias\"},\"image\":{\"@id\":\"https:\/\/noticiasya.com\/#\/schema\/logo\/image\/\"}}]}<\/script>\n<!-- \/ Yoast SEO plugin. -->","yoast_head_json":{"title":"Cuba alcanza m\u00ednimo de producci\u00f3n el\u00e9ctrica en semanas con la mayor\u00eda de sus centrales energ\u00e9ticas da\u00f1adas o sin combustible - Noticias","robots":{"index":"index","follow":"follow","max-snippet":"max-snippet:-1","max-image-preview":"max-image-preview:large","max-video-preview":"max-video-preview:-1"},"canonical":"https:\/\/noticiasya.com\/2024\/10\/16\/cuba-minimo-produccion-electrica-semanas-orix\/","og_locale":"es_ES","og_type":"article","og_title":"Cuba alcanza m\u00ednimo de producci\u00f3n el\u00e9ctrica en semanas con la mayor\u00eda de sus centrales energ\u00e9ticas da\u00f1adas o sin combustible - Noticias","og_description":"(CNN Espa\u00f1ol) \u2013\u2013 Cuba anunci\u00f3 este mi\u00e9rcoles que no podr\u00e1 cumplir con la demanda el\u00e9ctrica diaria, una tendencia que se ha agudizado desde finales de septiembre, seg\u00fan informaci\u00f3n analizada por CNN con base a reportes del Ministerio de Energ\u00eda y Minas publicados en su cuenta de Facebook. Las autoridades cubanas estiman que, para este mi\u00e9rcoles, [&hellip;]","og_url":"https:\/\/noticiasya.com\/2024\/10\/16\/cuba-minimo-produccion-electrica-semanas-orix\/","og_site_name":"Noticias","article_published_time":"2024-10-17T00:04:04+00:00","twitter_card":"summary_large_image","twitter_misc":{"Est. reading time":"3 minutos"},"schema":{"@context":"https:\/\/schema.org","@graph":[{"@type":"Article","@id":"https:\/\/noticiasya.com\/2024\/10\/16\/cuba-minimo-produccion-electrica-semanas-orix\/#article","isPartOf":{"@id":"https:\/\/noticiasya.com\/2024\/10\/16\/cuba-minimo-produccion-electrica-semanas-orix\/"},"author":{"name":"","@id":""},"headline":"Cuba alcanza m\u00ednimo de producci\u00f3n el\u00e9ctrica en semanas con la mayor\u00eda de sus centrales energ\u00e9ticas da\u00f1adas o sin combustible","datePublished":"2024-10-17T00:04:04+00:00","mainEntityOfPage":{"@id":"https:\/\/noticiasya.com\/2024\/10\/16\/cuba-minimo-produccion-electrica-semanas-orix\/"},"wordCount":651,"commentCount":0,"publisher":{"@id":"https:\/\/noticiasya.com\/#organization"},"articleSection":["Noticias Nacionales"],"inLanguage":"es","potentialAction":[{"@type":"CommentAction","name":"Comment","target":["https:\/\/noticiasya.com\/2024\/10\/16\/cuba-minimo-produccion-electrica-semanas-orix\/#respond"]}]},{"@type":"WebPage","@id":"https:\/\/noticiasya.com\/2024\/10\/16\/cuba-minimo-produccion-electrica-semanas-orix\/","url":"https:\/\/noticiasya.com\/2024\/10\/16\/cuba-minimo-produccion-electrica-semanas-orix\/","name":"Cuba alcanza m\u00ednimo de producci\u00f3n el\u00e9ctrica en semanas con la mayor\u00eda de sus centrales energ\u00e9ticas da\u00f1adas o sin combustible - Noticias","isPartOf":{"@id":"https:\/\/noticiasya.com\/#website"},"datePublished":"2024-10-17T00:04:04+00:00","breadcrumb":{"@id":"https:\/\/noticiasya.com\/2024\/10\/16\/cuba-minimo-produccion-electrica-semanas-orix\/#breadcrumb"},"inLanguage":"es","potentialAction":[{"@type":"ReadAction","target":["https:\/\/noticiasya.com\/2024\/10\/16\/cuba-minimo-produccion-electrica-semanas-orix\/"]}]},{"@type":"BreadcrumbList","@id":"https:\/\/noticiasya.com\/2024\/10\/16\/cuba-minimo-produccion-electrica-semanas-orix\/#breadcrumb","itemListElement":[{"@type":"ListItem","position":1,"name":"Home","item":"https:\/\/noticiasya.com\/"},{"@type":"ListItem","position":2,"name":"Cuba alcanza m\u00ednimo de producci\u00f3n el\u00e9ctrica en semanas con la mayor\u00eda de sus centrales energ\u00e9ticas da\u00f1adas o sin combustible"}]},{"@type":"WebSite","@id":"https:\/\/noticiasya.com\/#website","url":"https:\/\/noticiasya.com\/","name":"Noticias","description":"Lo que importa","publisher":{"@id":"https:\/\/noticiasya.com\/#organization"},"potentialAction":[{"@type":"SearchAction","target":{"@type":"EntryPoint","urlTemplate":"https:\/\/noticiasya.com\/?s={search_term_string}"},"query-input":{"@type":"PropertyValueSpecification","valueRequired":true,"valueName":"search_term_string"}}],"inLanguage":"es"},{"@type":"Organization","@id":"https:\/\/noticiasya.com\/#organization","name":"Noticias","url":"https:\/\/noticiasya.com\/","logo":{"@type":"ImageObject","inLanguage":"es","@id":"https:\/\/noticiasya.com\/#\/schema\/logo\/image\/","url":"https:\/\/noticiasya.com\/wp-content\/uploads\/sites\/22\/2023\/12\/logo-nacional.png","contentUrl":"https:\/\/noticiasya.com\/wp-content\/uploads\/sites\/22\/2023\/12\/logo-nacional.png","width":1801,"height":691,"caption":"Noticias"},"image":{"@id":"https:\/\/noticiasya.com\/#\/schema\/logo\/image\/"}}]}},"parsely":{"version":"1.1.0","canonical_url":"https:\/\/noticiasya.com\/midland-odessa\/2024\/10\/16\/cuba-minimo-produccion-electrica-semanas-orix\/","smart_links":{"inbound":0,"outbound":0},"traffic_boost_suggestions_count":0,"meta":{"@context":"https:\/\/schema.org","@type":"NewsArticle","headline":"Cuba alcanza m\u00ednimo de producci\u00f3n el\u00e9ctrica en semanas con la mayor\u00eda de sus centrales energ\u00e9ticas da\u00f1adas o sin combustible","url":"http:\/\/noticiasya.com\/midland-odessa\/2024\/10\/16\/cuba-minimo-produccion-electrica-semanas-orix\/","mainEntityOfPage":{"@type":"WebPage","@id":"http:\/\/noticiasya.com\/midland-odessa\/2024\/10\/16\/cuba-minimo-produccion-electrica-semanas-orix\/"},"thumbnailUrl":"","image":{"@type":"ImageObject","url":""},"articleSection":"Noticias Nacionales","author":[],"creator":[],"publisher":{"@type":"Organization","name":"Noticias","logo":""},"keywords":[],"dateCreated":"2024-10-17T00:04:04Z","datePublished":"2024-10-17T00:04:04Z","dateModified":"2024-10-17T00:04:04Z"},"rendered":"<script type=\"application\/ld+json\" class=\"wp-parsely-metadata\">{\"@context\":\"https:\\\/\\\/schema.org\",\"@type\":\"NewsArticle\",\"headline\":\"Cuba alcanza m\\u00ednimo de producci\\u00f3n el\\u00e9ctrica en semanas con la mayor\\u00eda de sus centrales energ\\u00e9ticas da\\u00f1adas o sin combustible\",\"url\":\"http:\\\/\\\/noticiasya.com\\\/midland-odessa\\\/2024\\\/10\\\/16\\\/cuba-minimo-produccion-electrica-semanas-orix\\\/\",\"mainEntityOfPage\":{\"@type\":\"WebPage\",\"@id\":\"http:\\\/\\\/noticiasya.com\\\/midland-odessa\\\/2024\\\/10\\\/16\\\/cuba-minimo-produccion-electrica-semanas-orix\\\/\"},\"thumbnailUrl\":\"\",\"image\":{\"@type\":\"ImageObject\",\"url\":\"\"},\"articleSection\":\"Noticias Nacionales\",\"author\":[],\"creator\":[],\"publisher\":{\"@type\":\"Organization\",\"name\":\"Noticias\",\"logo\":\"\"},\"keywords\":[],\"dateCreated\":\"2024-10-17T00:04:04Z\",\"datePublished\":\"2024-10-17T00:04:04Z\",\"dateModified\":\"2024-10-17T00:04:04Z\"}<\/script>","tracker_url":"https:\/\/cdn.parsely.com\/keys\/noticiasya.com\/p.js"},"jetpack_featured_media_url":"","jetpack-related-posts":[{"id":1455222,"url":"https:\/\/noticiasya.com\/midland-odessa\/2024\/10\/18\/cuba-apagon-toda-la-isla-fallo-planta-electrica-trax\/","url_meta":{"origin":1455175,"position":0},"title":"Cuba experimenta un apag\u00f3n en toda la isla tras falla en planta el\u00e9ctrica","author":"","date":"octubre 18, 2024","format":false,"excerpt":"(CNN) --\u00a0La red el\u00e9ctrica de Cuba sufri\u00f3 un apag\u00f3n este viernes, dejando al pa\u00eds a oscuras tras \"la falla\" de una de las principales plantas de energ\u00eda de la isla, seg\u00fan su ministerio de energ\u00eda.En un comunicado en X, el ministerio dijo que \"la falla\" de la Central Termoel\u00e9ctrica Antonio\u2026","rel":"","context":"In &quot;Noticias Nacionales&quot;","block_context":{"text":"Noticias Nacionales","link":"https:\/\/noticiasya.com\/midland-odessa\/categoria\/noticias-nacionales"},"img":{"alt_text":"","src":"","width":0,"height":0},"classes":[]},{"id":1466329,"url":"https:\/\/noticiasya.com\/midland-odessa\/2025\/09\/10\/cuba-apagon-cuarto-orix\/","url_meta":{"origin":1455175,"position":1},"title":"Cuba sufre un nuevo apag\u00f3n en todo el pa\u00eds, el cuarto en menos de un a\u00f1o","author":"","date":"septiembre 10, 2025","format":false,"excerpt":"Cuba sufri\u00f3 este mi\u00e9rcoles un nuevo apag\u00f3n en todo el pa\u00eds, seg\u00fan inform\u00f3 en redes sociales la estatal Uni\u00f3n El\u00e9ctrica (UNE). Es el cuarto a nivel nacional en menos de un a\u00f1o.El corte el\u00e9ctrico general ocurri\u00f3 a las 9:14 a.m. hora local.\u201cSe ha producido una desconexi\u00f3n total del Sistema El\u00e9ctrico,\u2026","rel":"","context":"In &quot;Noticias Nacionales&quot;","block_context":{"text":"Noticias Nacionales","link":"https:\/\/noticiasya.com\/midland-odessa\/categoria\/noticias-nacionales"},"img":{"alt_text":"","src":"","width":0,"height":0},"classes":[]},{"id":1470914,"url":"https:\/\/noticiasya.com\/midland-odessa\/2026\/02\/05\/cuba-tensiones-politicas-apagones-bajas-temperaturas-orix\/","url_meta":{"origin":1455175,"position":2},"title":"Cuba atraviesa una semana marcada por las tensiones pol\u00edticas, los apagones y las bajas temperaturas","author":"","date":"febrero 5, 2026","format":false,"excerpt":"La primera semana de febrero ha resaltado algunos de los desaf\u00edos que enfrenta Cuba en este arranque de a\u00f1o. Al derrocamiento de su aliado Nicol\u00e1s Maduro en Venezuela y las crecientes presiones de Estados Unidos, en estos d\u00edas se han sumado nuevos problemas de abasto de energ\u00eda y un descenso\u2026","rel":"","context":"In &quot;Noticias Nacionales&quot;","block_context":{"text":"Noticias Nacionales","link":"https:\/\/noticiasya.com\/midland-odessa\/categoria\/noticias-nacionales"},"img":{"alt_text":"","src":"","width":0,"height":0},"classes":[]},{"id":1470921,"url":"https:\/\/noticiasya.com\/midland-odessa\/2026\/02\/05\/proporcionara-ususd-6-millones-cuba-petroleo-trax\/","url_meta":{"origin":1455175,"position":3},"title":"EE.UU. proporcionar\u00e1 US$ 6 millones en ayuda humanitaria a Cuba mientras busca restringir el suministro de petr\u00f3leo","author":"","date":"febrero 5, 2026","format":false,"excerpt":"El Departamento de Estado de EE.UU. anunci\u00f3 US$ 6 millones en asistencia humanitaria para Cuba mientras el Gobierno de Trump intenta cortar el suministro de petr\u00f3leo a la isla.La asistencia ser\u00e1 distribuida a trav\u00e9s de Caritas, una red de organizaciones caritativas cat\u00f3licas, y la Iglesia cat\u00f3lica, dijo este jueves Jeremy\u2026","rel":"","context":"In &quot;Noticias Nacionales&quot;","block_context":{"text":"Noticias Nacionales","link":"https:\/\/noticiasya.com\/midland-odessa\/categoria\/noticias-nacionales"},"img":{"alt_text":"","src":"","width":0,"height":0},"classes":[]},{"id":1455668,"url":"https:\/\/noticiasya.com\/midland-odessa\/2024\/11\/08\/rescate-cuba-huracan-rafael-electricidad-trax\/","url_meta":{"origin":1455175,"position":4},"title":"Se restablece la energ\u00eda en partes de Cuba tras apag\u00f3n nacional debido al hurac\u00e1n Rafael","author":"","date":"noviembre 8, 2024","format":false,"excerpt":"(CNN) -- La energ\u00eda fue restablecida en algunas \u00e1reas de Cuba despu\u00e9s de que el hurac\u00e1n Rafael azotara la isla el mi\u00e9rcoles, causando un apag\u00f3n nacional.Dos plantas el\u00e9ctricas han sido parcialmente restauradas y \u00e1reas en el este y centro de Cuba, junto con partes de la muy afectada Pinar del\u2026","rel":"","context":"In &quot;Noticias Nacionales&quot;","block_context":{"text":"Noticias Nacionales","link":"https:\/\/noticiasya.com\/midland-odessa\/categoria\/noticias-nacionales"},"img":{"alt_text":"","src":"","width":0,"height":0},"classes":[]},{"id":1472194,"url":"https:\/\/noticiasya.com\/midland-odessa\/2026\/03\/14\/cuba-petroleo-energia-afectaciones-presion-eeuu-orix\/","url_meta":{"origin":1455175,"position":5},"title":"Cuba se va apagando bajo la presi\u00f3n de EE.UU. Este es el panorama en la isla hoy","author":"","date":"marzo 14, 2026","format":false,"excerpt":"A tres meses de que Cuba dej\u00f3 de recibir env\u00edos de petr\u00f3leo del exterior, cada vez m\u00e1s aspectos de la vida en la isla est\u00e1n resintiendo el golpe de la falta de energ\u00e9ticos y dejan de moverse.El presidente Miguel D\u00edaz-Canel lo reconoci\u00f3 as\u00ed la ma\u00f1ana de este viernes. En una\u2026","rel":"","context":"In &quot;Noticias Nacionales&quot;","block_context":{"text":"Noticias Nacionales","link":"https:\/\/noticiasya.com\/midland-odessa\/categoria\/noticias-nacionales"},"img":{"alt_text":"","src":"","width":0,"height":0},"classes":[]}],"jetpack_sharing_enabled":true,"_links":{"self":[{"href":"https:\/\/noticiasya.com\/midland-odessa\/wp-json\/wp\/v2\/posts\/1455175","targetHints":{"allow":["GET"]}}],"collection":[{"href":"https:\/\/noticiasya.com\/midland-odessa\/wp-json\/wp\/v2\/posts"}],"about":[{"href":"https:\/\/noticiasya.com\/midland-odessa\/wp-json\/wp\/v2\/types\/post"}],"replies":[{"embeddable":true,"href":"https:\/\/noticiasya.com\/midland-odessa\/wp-json\/wp\/v2\/comments?post=1455175"}],"version-history":[{"count":0,"href":"https:\/\/noticiasya.com\/midland-odessa\/wp-json\/wp\/v2\/posts\/1455175\/revisions"}],"wp:attachment":[{"href":"https:\/\/noticiasya.com\/midland-odessa\/wp-json\/wp\/v2\/media?parent=1455175"}],"wp:term":[{"taxonomy":"category","embeddable":true,"href":"https:\/\/noticiasya.com\/midland-odessa\/wp-json\/wp\/v2\/categories?post=1455175"},{"taxonomy":"post_tag","embeddable":true,"href":"https:\/\/noticiasya.com\/midland-odessa\/wp-json\/wp\/v2\/tags?post=1455175"}],"curies":[{"name":"wp","href":"https:\/\/api.w.org\/{rel}","templated":true}]}}