{"id":1455176,"date":"2024-10-16T17:04:04","date_gmt":"2024-10-17T00:04:04","guid":{"rendered":"https:\/\/noticiasya.com\/2024\/10\/16\/senado-mexicano-reforma-constitucional-control-estatal-sector-energetico-orix\/"},"modified":"2024-10-16T17:04:04","modified_gmt":"2024-10-17T00:04:04","slug":"senado-mexicano-reforma-constitucional-control-estatal-sector-energetico-orix","status":"publish","type":"post","link":"https:\/\/noticiasya.com\/midland-odessa\/2024\/10\/16\/senado-mexicano-reforma-constitucional-control-estatal-sector-energetico-orix\/","title":{"rendered":"Senado de M\u00e9xico debate la reforma oficialista que fortalece el control estatal del sector energ\u00e9tico"},"content":{"rendered":"<p>(CNN Espa\u00f1ol) &#8212;\u00a0El pleno del Senado de M\u00e9xico debate este mi\u00e9rcoles la iniciativa de reforma constitucional en materia energ\u00e9tica que da prioridad al Estado en la generaci\u00f3n de energ\u00eda el\u00e9ctrica. El proyecto ya fue aprobado en la C\u00e1mara de Diputados el 9 de octubre.<\/p>\n<p>La reforma, que modifica los art\u00edculos 25, 27 y 28 de la Constituci\u00f3n, otorga al Estado la responsabilidad de la transici\u00f3n energ\u00e9tica hacia fuentes renovables, y establece que Petr\u00f3leos Mexicanos (Pemex) y la Comisi\u00f3n Federal de Electricidad (CFE) vuelvan a considerarse empresas p\u00fablicas estatales. Adem\u00e1s, propone que \u201cen ning\u00fan caso\u201d, las empresas privadas prevalecer\u00e1n sobre la estatal en diversas actividades de la industria el\u00e9ctrica. Y que, en el caso del litio, no se otorgar\u00e1n concesiones a los privados.<\/p>\n<p>An\u00e1lisis: \u00bfqu\u00e9 supone la implementaci\u00f3n de la reforma judicial en M\u00e9xico?<\/p>\n<p>Asimismo, establece que la CFE deber\u00e1 proveer electricidad al menor precio posible evitando el lucro para garantizar la seguridad nacional y la soberan\u00eda.<\/p>\n<p>Desde su habitual conferencia matutina, la presidenta de M\u00e9xico, Claudia Sheinbaum, dijo este mi\u00e9rcoles que el objetivo de esta reforma es que la CFE tenga al menos 54% de la generaci\u00f3n de energ\u00eda y 46% lo puedan proveer empresas privadas a partir de una planeaci\u00f3n energ\u00e9tica y \u201creglas muy claras\u201d.<\/p>\n<p>El proyecto de reforma establece &#171;que si la generaci\u00f3n de CFE pasa del 50%, no se considera monopolio&#187;.<\/p>\n<p>Otra de las modificaciones establecidas en dicha iniciativa es la eliminaci\u00f3n de un p\u00e1rrafo de la Constituci\u00f3n que deja al Estado mexicano &#171;a cargo de la transici\u00f3n energ\u00e9tica&#187; hacia fuentes renovables y no contaminantes, una disposici\u00f3n que, seg\u00fan el oficialismo, exime a los privados de responsabilizarse en dicha labor.<\/p>\n<p>\u201cEn ese p\u00e1rrafo no quedaba claro exactamente a que se refer\u00edan, formalmente era para la transici\u00f3n energ\u00e9tica, pero en el p\u00e1rrafo no queda claro si era solo obligaci\u00f3n del Estado, la planeaci\u00f3n de la transici\u00f3n o tambi\u00e9n la producci\u00f3n de todas las fuentes renovables de energ\u00eda\u201d, dijo Sheinbaum.<\/p>\n<p>La oposici\u00f3n se\u00f1ala que esta reforma afectar\u00e1 a todos los mexicanos, debido a que puede resultar m\u00e1s costosa y menos eficiente.<\/p>\n<p>&#171;Esta reforma nos regresa hacia un modelo econ\u00f3mico obsoleto que ya ha demostrado muchas veces sus limitaciones y sus fallos en perjuicio de la econom\u00eda familiar, comunitaria y nacional. Es historia sabida y conocida que, bajo monopolios, los costos de todos los servicios tienden a aumentar mientras que la calidad disminuye\u201d, argument\u00f3 el senador de Movimiento Ciudadano Luis Donaldo Colosio Riojas, el lunes pasado durante la discusi\u00f3n del dictamen en comisiones del Senado.<\/p>\n<p>Expertos alertan de \u201cambig\u00fcedades\u201d en reforma energ\u00e9tica<\/p>\n<p>Sin embargo, analistas advierten sobre algunas \u201cambig\u00fcedades\u201d contenidas en esta reforma energ\u00e9tica impulsada por el oficialismo, y que fue enviada el 5 de febrero por el entonces presidente Andr\u00e9s Manuel L\u00f3pez Obrador al Congreso dentro de un paquete legislativo.<\/p>\n<p>Tras la reforma judicial, \u00bfcu\u00e1les son las otras 19 reformas que impulsa AMLO?<\/p>\n<p>Expertos consultados por CNN se\u00f1alan que, entre los cambios contemplados en el proyecto de reforma, uno de los que m\u00e1s destaca es la eliminaci\u00f3n en el texto constitucional del concepto \u201cempresas productivas del Estado\u201d para establecer el de \u201cempresas p\u00fablicas del Estado\u201d.<\/p>\n<p>\u201cLa implicaci\u00f3n, por desgracia, es muy grande, principalmente porque pueden realizar y proponer proyectos que no tengan rentabilidad econ\u00f3mica\u201d, dijo a CNN Gonzalo Monroy, director general de la consultora GMEC y especialista en el sector energ\u00e9tico.<\/p>\n<p>Monroy opin\u00f3 que, si bien lo anterior puede considerarse \u201cprioritario\u201d o \u201cestrat\u00e9gico\u201d para el pa\u00eds esto les permite cambiar la Ley de Presupuesto y Responsabilidad Hacendaria.<\/p>\n<p>\u201cEsto significar\u00eda que la Secretar\u00eda de Hacienda aun sabiendo que perder\u00eda dinero, se lo enviar\u00eda al Congreso de la Uni\u00f3n para su discusi\u00f3n y eventual aprobaci\u00f3n\u201d, apunt\u00f3 Monroy.<\/p>\n<p>Otro de los puntos que establece la iniciativa y que destacan los analistas consultados es la parte de la prevalencia de lo p\u00fablico sobre lo privado en la industria el\u00e9ctrica.<\/p>\n<p>\u201cEl 54% (para el sector p\u00fablico) y 46% (para el sector privado) de generaci\u00f3n de energ\u00eda ser\u00e1 seguramente discutido, y eventualmente aprobado, en una reforma a la Ley de la Industria El\u00e9ctrica, una reforma a leyes secundarias que vendr\u00e1 seguramente en los pr\u00f3ximos meses\u201d, refiere Monroy.<\/p>\n<p>Monroy se\u00f1ala que en esta iniciativa oficialista el concepto de \u201cprevalencia\u201d en la generaci\u00f3n de energ\u00eda busca \u201ccobijar legalmente\u201d a la reforma el\u00e9ctrica de 2021 presentada por el expresidente L\u00f3pez Obrador y que fue rechazada en el Congreso de la Uni\u00f3n en abril de 2022.<\/p>\n<p>L\u00f3pez Obrador argumentaba que el proyecto de ley habr\u00eda protegido a los consumidores y habr\u00eda hecho al pa\u00eds m\u00e1s independiente energ\u00e9ticamente.<\/p>\n<p>El ABC de la reforma el\u00e9ctrica de AMLO: qu\u00e9 pas\u00f3, qu\u00e9 propon\u00eda y c\u00f3mo fue el proceso antes de su rechazo<\/p>\n<p>Con la intenci\u00f3n de revertir la reforma el\u00e9ctrica de 2013 que liberaliz\u00f3 el mercado, la iniciativa de L\u00f3pez Obrador buscaba que las plantas de la CFE vendieran la electricidad antes que las compa\u00f1\u00edas privadas, es decir, ten\u00eda la intenci\u00f3n de limitar la participaci\u00f3n privada en el sector, cancelando contratos de inversi\u00f3n.<\/p>\n<p>La semana pasada, durante la conferencia presidencial, la secretaria de Energ\u00eda, Luz Elena Gonz\u00e1lez, descart\u00f3 que la reforma energ\u00e9tica privatice la generaci\u00f3n de energ\u00eda en el pa\u00eds y, por el contrario, afirm\u00f3 que con ella se est\u00e1 regulando.<\/p>\n<p>Gonz\u00e1lez insisti\u00f3 en que se favorecer\u00e1 la generaci\u00f3n de &#171;energ\u00eda limpia y favorable&#187;, por lo que se considera tambi\u00e9n al litio e internet &#171;\u00e1reas estrat\u00e9gicas del Estado&#187;.<\/p>\n<p>The-CNN-Wire<br \/>&trade; &amp; &copy; 2024 Cable News Network, Inc., a Warner Bros. Discovery Company. All rights reserved.<\/p>\n","protected":false},"excerpt":{"rendered":"<p>(CNN Espa\u00f1ol) &#8212;\u00a0El pleno del Senado de M\u00e9xico debate este mi\u00e9rcoles la iniciativa de reforma constitucional en materia energ\u00e9tica que da prioridad al Estado en la generaci\u00f3n de energ\u00eda el\u00e9ctrica. El proyecto ya fue aprobado en la C\u00e1mara de Diputados el 9 de octubre. La reforma, que modifica los art\u00edculos 25, 27 y 28 de [&hellip;]<\/p>\n","protected":false},"author":0,"featured_media":0,"comment_status":"open","ping_status":"open","sticky":false,"template":"","format":"standard","meta":{"_jetpack_memberships_contains_paid_content":false,"footnotes":""},"categories":[10],"tags":[],"class_list":["post-1455176","post","type-post","status-publish","format-standard","hentry","category-noticias-nacionales","market-global"],"yoast_head":"<!-- This site is optimized with the Yoast SEO plugin v24.4 - https:\/\/yoast.com\/wordpress\/plugins\/seo\/ -->\n<title>Senado de M\u00e9xico debate la reforma oficialista que fortalece el control estatal del sector energ\u00e9tico - Noticias<\/title>\n<meta name=\"robots\" content=\"index, follow, max-snippet:-1, max-image-preview:large, max-video-preview:-1\" \/>\n<link rel=\"canonical\" href=\"https:\/\/noticiasya.com\/2024\/10\/16\/senado-mexicano-reforma-constitucional-control-estatal-sector-energetico-orix\/\" \/>\n<meta property=\"og:locale\" content=\"es_ES\" \/>\n<meta property=\"og:type\" content=\"article\" \/>\n<meta property=\"og:title\" content=\"Senado de M\u00e9xico debate la reforma oficialista que fortalece el control estatal del sector energ\u00e9tico - Noticias\" \/>\n<meta property=\"og:description\" content=\"(CNN Espa\u00f1ol) &#8212;\u00a0El pleno del Senado de M\u00e9xico debate este mi\u00e9rcoles la iniciativa de reforma constitucional en materia energ\u00e9tica que da prioridad al Estado en la generaci\u00f3n de energ\u00eda el\u00e9ctrica. El proyecto ya fue aprobado en la C\u00e1mara de Diputados el 9 de octubre. La reforma, que modifica los art\u00edculos 25, 27 y 28 de [&hellip;]\" \/>\n<meta property=\"og:url\" content=\"https:\/\/noticiasya.com\/2024\/10\/16\/senado-mexicano-reforma-constitucional-control-estatal-sector-energetico-orix\/\" \/>\n<meta property=\"og:site_name\" content=\"Noticias\" \/>\n<meta property=\"article:published_time\" content=\"2024-10-17T00:04:04+00:00\" \/>\n<meta name=\"twitter:card\" content=\"summary_large_image\" \/>\n<meta name=\"twitter:label1\" content=\"Est. reading time\" \/>\n\t<meta name=\"twitter:data1\" content=\"5 minutos\" \/>\n<script type=\"application\/ld+json\" class=\"yoast-schema-graph\">{\"@context\":\"https:\/\/schema.org\",\"@graph\":[{\"@type\":\"Article\",\"@id\":\"https:\/\/noticiasya.com\/2024\/10\/16\/senado-mexicano-reforma-constitucional-control-estatal-sector-energetico-orix\/#article\",\"isPartOf\":{\"@id\":\"https:\/\/noticiasya.com\/2024\/10\/16\/senado-mexicano-reforma-constitucional-control-estatal-sector-energetico-orix\/\"},\"author\":{\"name\":\"\",\"@id\":\"\"},\"headline\":\"Senado de M\u00e9xico debate la reforma oficialista que fortalece el control estatal del sector energ\u00e9tico\",\"datePublished\":\"2024-10-17T00:04:04+00:00\",\"mainEntityOfPage\":{\"@id\":\"https:\/\/noticiasya.com\/2024\/10\/16\/senado-mexicano-reforma-constitucional-control-estatal-sector-energetico-orix\/\"},\"wordCount\":1024,\"commentCount\":0,\"publisher\":{\"@id\":\"https:\/\/noticiasya.com\/#organization\"},\"articleSection\":[\"Noticias Nacionales\"],\"inLanguage\":\"es\",\"potentialAction\":[{\"@type\":\"CommentAction\",\"name\":\"Comment\",\"target\":[\"https:\/\/noticiasya.com\/2024\/10\/16\/senado-mexicano-reforma-constitucional-control-estatal-sector-energetico-orix\/#respond\"]}]},{\"@type\":\"WebPage\",\"@id\":\"https:\/\/noticiasya.com\/2024\/10\/16\/senado-mexicano-reforma-constitucional-control-estatal-sector-energetico-orix\/\",\"url\":\"https:\/\/noticiasya.com\/2024\/10\/16\/senado-mexicano-reforma-constitucional-control-estatal-sector-energetico-orix\/\",\"name\":\"Senado de M\u00e9xico debate la reforma oficialista que fortalece el control estatal del sector energ\u00e9tico - Noticias\",\"isPartOf\":{\"@id\":\"https:\/\/noticiasya.com\/#website\"},\"datePublished\":\"2024-10-17T00:04:04+00:00\",\"breadcrumb\":{\"@id\":\"https:\/\/noticiasya.com\/2024\/10\/16\/senado-mexicano-reforma-constitucional-control-estatal-sector-energetico-orix\/#breadcrumb\"},\"inLanguage\":\"es\",\"potentialAction\":[{\"@type\":\"ReadAction\",\"target\":[\"https:\/\/noticiasya.com\/2024\/10\/16\/senado-mexicano-reforma-constitucional-control-estatal-sector-energetico-orix\/\"]}]},{\"@type\":\"BreadcrumbList\",\"@id\":\"https:\/\/noticiasya.com\/2024\/10\/16\/senado-mexicano-reforma-constitucional-control-estatal-sector-energetico-orix\/#breadcrumb\",\"itemListElement\":[{\"@type\":\"ListItem\",\"position\":1,\"name\":\"Home\",\"item\":\"https:\/\/noticiasya.com\/\"},{\"@type\":\"ListItem\",\"position\":2,\"name\":\"Senado de M\u00e9xico debate la reforma oficialista que fortalece el control estatal del sector energ\u00e9tico\"}]},{\"@type\":\"WebSite\",\"@id\":\"https:\/\/noticiasya.com\/#website\",\"url\":\"https:\/\/noticiasya.com\/\",\"name\":\"Noticias\",\"description\":\"Lo que importa\",\"publisher\":{\"@id\":\"https:\/\/noticiasya.com\/#organization\"},\"potentialAction\":[{\"@type\":\"SearchAction\",\"target\":{\"@type\":\"EntryPoint\",\"urlTemplate\":\"https:\/\/noticiasya.com\/?s={search_term_string}\"},\"query-input\":{\"@type\":\"PropertyValueSpecification\",\"valueRequired\":true,\"valueName\":\"search_term_string\"}}],\"inLanguage\":\"es\"},{\"@type\":\"Organization\",\"@id\":\"https:\/\/noticiasya.com\/#organization\",\"name\":\"Noticias\",\"url\":\"https:\/\/noticiasya.com\/\",\"logo\":{\"@type\":\"ImageObject\",\"inLanguage\":\"es\",\"@id\":\"https:\/\/noticiasya.com\/#\/schema\/logo\/image\/\",\"url\":\"https:\/\/noticiasya.com\/wp-content\/uploads\/sites\/22\/2023\/12\/logo-nacional.png\",\"contentUrl\":\"https:\/\/noticiasya.com\/wp-content\/uploads\/sites\/22\/2023\/12\/logo-nacional.png\",\"width\":1801,\"height\":691,\"caption\":\"Noticias\"},\"image\":{\"@id\":\"https:\/\/noticiasya.com\/#\/schema\/logo\/image\/\"}}]}<\/script>\n<!-- \/ Yoast SEO plugin. -->","yoast_head_json":{"title":"Senado de M\u00e9xico debate la reforma oficialista que fortalece el control estatal del sector energ\u00e9tico - Noticias","robots":{"index":"index","follow":"follow","max-snippet":"max-snippet:-1","max-image-preview":"max-image-preview:large","max-video-preview":"max-video-preview:-1"},"canonical":"https:\/\/noticiasya.com\/2024\/10\/16\/senado-mexicano-reforma-constitucional-control-estatal-sector-energetico-orix\/","og_locale":"es_ES","og_type":"article","og_title":"Senado de M\u00e9xico debate la reforma oficialista que fortalece el control estatal del sector energ\u00e9tico - Noticias","og_description":"(CNN Espa\u00f1ol) &#8212;\u00a0El pleno del Senado de M\u00e9xico debate este mi\u00e9rcoles la iniciativa de reforma constitucional en materia energ\u00e9tica que da prioridad al Estado en la generaci\u00f3n de energ\u00eda el\u00e9ctrica. El proyecto ya fue aprobado en la C\u00e1mara de Diputados el 9 de octubre. La reforma, que modifica los art\u00edculos 25, 27 y 28 de [&hellip;]","og_url":"https:\/\/noticiasya.com\/2024\/10\/16\/senado-mexicano-reforma-constitucional-control-estatal-sector-energetico-orix\/","og_site_name":"Noticias","article_published_time":"2024-10-17T00:04:04+00:00","twitter_card":"summary_large_image","twitter_misc":{"Est. reading time":"5 minutos"},"schema":{"@context":"https:\/\/schema.org","@graph":[{"@type":"Article","@id":"https:\/\/noticiasya.com\/2024\/10\/16\/senado-mexicano-reforma-constitucional-control-estatal-sector-energetico-orix\/#article","isPartOf":{"@id":"https:\/\/noticiasya.com\/2024\/10\/16\/senado-mexicano-reforma-constitucional-control-estatal-sector-energetico-orix\/"},"author":{"name":"","@id":""},"headline":"Senado de M\u00e9xico debate la reforma oficialista que fortalece el control estatal del sector energ\u00e9tico","datePublished":"2024-10-17T00:04:04+00:00","mainEntityOfPage":{"@id":"https:\/\/noticiasya.com\/2024\/10\/16\/senado-mexicano-reforma-constitucional-control-estatal-sector-energetico-orix\/"},"wordCount":1024,"commentCount":0,"publisher":{"@id":"https:\/\/noticiasya.com\/#organization"},"articleSection":["Noticias Nacionales"],"inLanguage":"es","potentialAction":[{"@type":"CommentAction","name":"Comment","target":["https:\/\/noticiasya.com\/2024\/10\/16\/senado-mexicano-reforma-constitucional-control-estatal-sector-energetico-orix\/#respond"]}]},{"@type":"WebPage","@id":"https:\/\/noticiasya.com\/2024\/10\/16\/senado-mexicano-reforma-constitucional-control-estatal-sector-energetico-orix\/","url":"https:\/\/noticiasya.com\/2024\/10\/16\/senado-mexicano-reforma-constitucional-control-estatal-sector-energetico-orix\/","name":"Senado de M\u00e9xico debate la reforma oficialista que fortalece el control estatal del sector energ\u00e9tico - Noticias","isPartOf":{"@id":"https:\/\/noticiasya.com\/#website"},"datePublished":"2024-10-17T00:04:04+00:00","breadcrumb":{"@id":"https:\/\/noticiasya.com\/2024\/10\/16\/senado-mexicano-reforma-constitucional-control-estatal-sector-energetico-orix\/#breadcrumb"},"inLanguage":"es","potentialAction":[{"@type":"ReadAction","target":["https:\/\/noticiasya.com\/2024\/10\/16\/senado-mexicano-reforma-constitucional-control-estatal-sector-energetico-orix\/"]}]},{"@type":"BreadcrumbList","@id":"https:\/\/noticiasya.com\/2024\/10\/16\/senado-mexicano-reforma-constitucional-control-estatal-sector-energetico-orix\/#breadcrumb","itemListElement":[{"@type":"ListItem","position":1,"name":"Home","item":"https:\/\/noticiasya.com\/"},{"@type":"ListItem","position":2,"name":"Senado de M\u00e9xico debate la reforma oficialista que fortalece el control estatal del sector energ\u00e9tico"}]},{"@type":"WebSite","@id":"https:\/\/noticiasya.com\/#website","url":"https:\/\/noticiasya.com\/","name":"Noticias","description":"Lo que importa","publisher":{"@id":"https:\/\/noticiasya.com\/#organization"},"potentialAction":[{"@type":"SearchAction","target":{"@type":"EntryPoint","urlTemplate":"https:\/\/noticiasya.com\/?s={search_term_string}"},"query-input":{"@type":"PropertyValueSpecification","valueRequired":true,"valueName":"search_term_string"}}],"inLanguage":"es"},{"@type":"Organization","@id":"https:\/\/noticiasya.com\/#organization","name":"Noticias","url":"https:\/\/noticiasya.com\/","logo":{"@type":"ImageObject","inLanguage":"es","@id":"https:\/\/noticiasya.com\/#\/schema\/logo\/image\/","url":"https:\/\/noticiasya.com\/wp-content\/uploads\/sites\/22\/2023\/12\/logo-nacional.png","contentUrl":"https:\/\/noticiasya.com\/wp-content\/uploads\/sites\/22\/2023\/12\/logo-nacional.png","width":1801,"height":691,"caption":"Noticias"},"image":{"@id":"https:\/\/noticiasya.com\/#\/schema\/logo\/image\/"}}]}},"parsely":{"version":"1.1.0","canonical_url":"https:\/\/noticiasya.com\/midland-odessa\/2024\/10\/16\/senado-mexicano-reforma-constitucional-control-estatal-sector-energetico-orix\/","smart_links":{"inbound":0,"outbound":0},"traffic_boost_suggestions_count":0,"meta":{"@context":"https:\/\/schema.org","@type":"NewsArticle","headline":"Senado de M\u00e9xico debate la reforma oficialista que fortalece el control estatal del sector energ\u00e9tico","url":"http:\/\/noticiasya.com\/midland-odessa\/2024\/10\/16\/senado-mexicano-reforma-constitucional-control-estatal-sector-energetico-orix\/","mainEntityOfPage":{"@type":"WebPage","@id":"http:\/\/noticiasya.com\/midland-odessa\/2024\/10\/16\/senado-mexicano-reforma-constitucional-control-estatal-sector-energetico-orix\/"},"thumbnailUrl":"","image":{"@type":"ImageObject","url":""},"articleSection":"Noticias Nacionales","author":[],"creator":[],"publisher":{"@type":"Organization","name":"Noticias","logo":""},"keywords":[],"dateCreated":"2024-10-17T00:04:04Z","datePublished":"2024-10-17T00:04:04Z","dateModified":"2024-10-17T00:04:04Z"},"rendered":"<script type=\"application\/ld+json\" class=\"wp-parsely-metadata\">{\"@context\":\"https:\\\/\\\/schema.org\",\"@type\":\"NewsArticle\",\"headline\":\"Senado de M\\u00e9xico debate la reforma oficialista que fortalece el control estatal del sector energ\\u00e9tico\",\"url\":\"http:\\\/\\\/noticiasya.com\\\/midland-odessa\\\/2024\\\/10\\\/16\\\/senado-mexicano-reforma-constitucional-control-estatal-sector-energetico-orix\\\/\",\"mainEntityOfPage\":{\"@type\":\"WebPage\",\"@id\":\"http:\\\/\\\/noticiasya.com\\\/midland-odessa\\\/2024\\\/10\\\/16\\\/senado-mexicano-reforma-constitucional-control-estatal-sector-energetico-orix\\\/\"},\"thumbnailUrl\":\"\",\"image\":{\"@type\":\"ImageObject\",\"url\":\"\"},\"articleSection\":\"Noticias Nacionales\",\"author\":[],\"creator\":[],\"publisher\":{\"@type\":\"Organization\",\"name\":\"Noticias\",\"logo\":\"\"},\"keywords\":[],\"dateCreated\":\"2024-10-17T00:04:04Z\",\"datePublished\":\"2024-10-17T00:04:04Z\",\"dateModified\":\"2024-10-17T00:04:04Z\"}<\/script>","tracker_url":"https:\/\/cdn.parsely.com\/keys\/noticiasya.com\/p.js"},"jetpack_featured_media_url":"","jetpack-related-posts":[{"id":1455188,"url":"https:\/\/noticiasya.com\/midland-odessa\/2024\/10\/17\/senado-mexico-reforma-oficialista-pemex-cfe-empresas-publicas-estatales-orix\/","url_meta":{"origin":1455176,"position":0},"title":"Senado de M\u00e9xico aprueba reforma oficialista sobre el sector energ\u00e9tico: Pemex y CFE volver\u00edan a ser empresas p\u00fablicas estatales","author":"","date":"octubre 17, 2024","format":false,"excerpt":"(CNN Espa\u00f1ol) -- El pleno del Senado de M\u00e9xico aprob\u00f3 este jueves la iniciativa de reforma constitucional en materia energ\u00e9tica que da prioridad al Estado en la generaci\u00f3n de energ\u00eda el\u00e9ctrica. La reforma ahora pasa a congresos estatales para su votaci\u00f3n.El Senado inform\u00f3 a trav\u00e9s de su cuenta en X\u00a0este\u2026","rel":"","context":"In &quot;Noticias Nacionales&quot;","block_context":{"text":"Noticias Nacionales","link":"https:\/\/noticiasya.com\/midland-odessa\/categoria\/noticias-nacionales"},"img":{"alt_text":"","src":"","width":0,"height":0},"classes":[]},{"id":1470700,"url":"https:\/\/noticiasya.com\/midland-odessa\/2026\/01\/31\/cambios-industria-petroleo-ley-hidrocarburos-orix\/","url_meta":{"origin":1455176,"position":1},"title":"Qu\u00e9 cambia en la industria del petr\u00f3leo de Venezuela con la nueva ley de hidrocarburos que acaba de ser aprobada","author":"","date":"enero 31, 2026","format":false,"excerpt":"La era de la industria petrolera estatal y cerrada, y de las grandes nacionalizaciones de empresas, al grito de \u201c\u00a1Expr\u00f3piese!\u201d lanzado por el fallecido presidente Hugo Chavez, parece estar llegando a su fin en Venezuela.O al menos eso parece indicar la reforma de la ley de hidrocarburos que se aprob\u00f3\u2026","rel":"","context":"In &quot;Noticias Nacionales&quot;","block_context":{"text":"Noticias Nacionales","link":"https:\/\/noticiasya.com\/midland-odessa\/categoria\/noticias-nacionales"},"img":{"alt_text":"","src":"","width":0,"height":0},"classes":[]},{"id":1452658,"url":"https:\/\/noticiasya.com\/midland-odessa\/2024\/09\/13\/miguel-angel-yunes-marquez-favor-reforma-judicial-orix\/","url_meta":{"origin":1455176,"position":2},"title":"\u00bfQui\u00e9n es Miguel \u00c1ngel Yunes M\u00e1rquez, el senador de la oposici\u00f3n mexicana que vot\u00f3 a favor de la pol\u00e9mica reforma judicial?","author":"","date":"septiembre 13, 2024","format":false,"excerpt":"(CNN Espa\u00f1ol) \u2013\u2013 El Senado aprob\u00f3 en la madrugada de este mi\u00e9rcoles la pol\u00e9mica reforma al Poder Judicial del presidente de M\u00e9xico Andr\u00e9s Manuel L\u00f3pez Obrador luego de alcanzar la mayor\u00eda calificada que se requiere para un cambio a la Constituci\u00f3n gracias al voto a favor del oficialismo y de\u2026","rel":"","context":"In &quot;Noticias Nacionales&quot;","block_context":{"text":"Noticias Nacionales","link":"https:\/\/noticiasya.com\/midland-odessa\/categoria\/noticias-nacionales"},"img":{"alt_text":"","src":"","width":0,"height":0},"classes":[]},{"id":1463678,"url":"https:\/\/noticiasya.com\/midland-odessa\/2025\/06\/17\/senado-colombia-aprueba-reforma-laboral-petro-consulta-popular-orix\/","url_meta":{"origin":1455176,"position":3},"title":"El Senado de Colombia aprueba la reforma laboral, un tema que Petro plante\u00f3 llevar a consulta popular","author":"","date":"junio 17, 2025","format":false,"excerpt":"El Senado de Colombia aprob\u00f3 este martes la reforma laboral que se discut\u00eda desde 2023, un tema que el presidente Gustavo Petro plante\u00f3 someter a una consulta popular y por el que ha tenido tensiones con el Poder Legislativo.La \u00faltima votaci\u00f3n termin\u00f3 con 56 votos a favor y 31 en\u2026","rel":"","context":"In &quot;Noticias Nacionales&quot;","block_context":{"text":"Noticias Nacionales","link":"https:\/\/noticiasya.com\/midland-odessa\/categoria\/noticias-nacionales"},"img":{"alt_text":"","src":"","width":0,"height":0},"classes":[]},{"id":1452212,"url":"https:\/\/noticiasya.com\/midland-odessa\/2024\/08\/27\/estados-unidos-reitera-preocupacion-reforma-judicial-mexico-orix\/","url_meta":{"origin":1455176,"position":4},"title":"Estados Unidos reitera preocupaci\u00f3n por la reforma judicial de M\u00e9xico","author":"","date":"agosto 27, 2024","format":false,"excerpt":"(CNN Espa\u00f1ol) --\u00a0El Departamento de Estado de Estados Unidos y la Comisi\u00f3n de Relaciones Exteriores del Senado de ese pa\u00eds expresaron este martes su preocupaci\u00f3n por la reforma Judicial que comenz\u00f3 a aprobarse este lunes en el congreso de M\u00e9xico.La embajada de EE.UU. en M\u00e9xico dijo que apoya \"el compromiso\u2026","rel":"","context":"In &quot;Noticias Nacionales&quot;","block_context":{"text":"Noticias Nacionales","link":"https:\/\/noticiasya.com\/midland-odessa\/categoria\/noticias-nacionales"},"img":{"alt_text":"","src":"","width":0,"height":0},"classes":[]},{"id":1463782,"url":"https:\/\/noticiasya.com\/midland-odessa\/2025\/06\/20\/reforma-laboral-ley-orix\/","url_meta":{"origin":1455176,"position":5},"title":"Reforma laboral en Colombia, a un paso de convertirse en ley","author":"","date":"junio 20, 2025","format":false,"excerpt":"En reuni\u00f3n plenaria, el Senado de Colombia aprob\u00f3 la conciliaci\u00f3n de la reforma laboral propuesta por el Gobierno del presidente Gustavo Petro y que se hab\u00eda convertido en un pulso pol\u00edtico entre el poder Ejecutivo y sectores de la oposici\u00f3n en el Legislativo. Ahora pasa a sanci\u00f3n presidencial.\u201cLo que ha\u2026","rel":"","context":"In &quot;Noticias Nacionales&quot;","block_context":{"text":"Noticias Nacionales","link":"https:\/\/noticiasya.com\/midland-odessa\/categoria\/noticias-nacionales"},"img":{"alt_text":"","src":"","width":0,"height":0},"classes":[]}],"jetpack_sharing_enabled":true,"_links":{"self":[{"href":"https:\/\/noticiasya.com\/midland-odessa\/wp-json\/wp\/v2\/posts\/1455176","targetHints":{"allow":["GET"]}}],"collection":[{"href":"https:\/\/noticiasya.com\/midland-odessa\/wp-json\/wp\/v2\/posts"}],"about":[{"href":"https:\/\/noticiasya.com\/midland-odessa\/wp-json\/wp\/v2\/types\/post"}],"replies":[{"embeddable":true,"href":"https:\/\/noticiasya.com\/midland-odessa\/wp-json\/wp\/v2\/comments?post=1455176"}],"version-history":[{"count":0,"href":"https:\/\/noticiasya.com\/midland-odessa\/wp-json\/wp\/v2\/posts\/1455176\/revisions"}],"wp:attachment":[{"href":"https:\/\/noticiasya.com\/midland-odessa\/wp-json\/wp\/v2\/media?parent=1455176"}],"wp:term":[{"taxonomy":"category","embeddable":true,"href":"https:\/\/noticiasya.com\/midland-odessa\/wp-json\/wp\/v2\/categories?post=1455176"},{"taxonomy":"post_tag","embeddable":true,"href":"https:\/\/noticiasya.com\/midland-odessa\/wp-json\/wp\/v2\/tags?post=1455176"}],"curies":[{"name":"wp","href":"https:\/\/api.w.org\/{rel}","templated":true}]}}