{"id":1455180,"date":"2024-10-16T18:03:49","date_gmt":"2024-10-17T01:03:49","guid":{"rendered":"https:\/\/noticiasya.com\/2024\/10\/16\/kamala-harris-entrevista-fox-news-trax\/"},"modified":"2024-10-16T18:03:49","modified_gmt":"2024-10-17T01:03:49","slug":"kamala-harris-entrevista-fox-news-trax","status":"publish","type":"post","link":"https:\/\/noticiasya.com\/midland-odessa\/2024\/10\/16\/kamala-harris-entrevista-fox-news-trax\/","title":{"rendered":"La raz\u00f3n por la que Kamala Harris acept\u00f3 su primera entrevista formal en Fox News"},"content":{"rendered":"<p>(CNN) &#8212; Muchos dem\u00f3cratas evitan Fox News debido a la naturaleza hostil de la cobertura de noticias y los comentarios de la cadena. Entonces, \u00bfpor qu\u00e9 acept\u00f3 Kamala Harris sentarse con el presentador de Fox, Bret Baier, para su primera entrevista formal con el medio de derecha el mi\u00e9rcoles?<\/p>\n<p>&#171;Tiene dos prop\u00f3sitos&#187;, dijo el portavoz de Harris, Ian Sams, al podcast &#171;Inside the Hive&#187; de Vanity Fair antes de la entrevista.<\/p>\n<p>En primer lugar, cit\u00f3 los altos \u00edndices de audiencia de Fox y dijo que &#171;hay muchos votantes indecisos que miran&#187;, incluidos algunos dem\u00f3cratas y votantes independientes.<\/p>\n<p>Por qu\u00e9 la campa\u00f1a de Harris ha gastado US$ 11 millones en una p\u00e1gina de Facebook con 1.000 seguidores<\/p>\n<p>La audiencia de Fox &#171;francamente, a menudo recibe un mont\u00f3n de basura&#187;, dijo Sams, y Harris quiere asegurarse de que &#171;puedan escucharla directamente&#187;.<\/p>\n<p>Sams dijo que la campa\u00f1a de Harris no se hace ilusiones sobre la inclinaci\u00f3n pol\u00edtica de Fox; seg\u00fan \u00e9l, existe \u201ctoda una realidad alternativa que Fox News y otros medios de comunicaci\u00f3n de derecha crean todos los d\u00edas\u201d, pero \u201chacer llegar nuestro mensaje a trav\u00e9s de Fox es una pieza importante del rompecabezas\u201d, afirm\u00f3.<\/p>\n<p>Por eso mismo, el compa\u00f1ero de f\u00f3rmula de Harris, Tim Walz, apareci\u00f3 en \u201cFox News Sunday\u201d durante dos semanas consecutivas.<\/p>\n<p>Los asesores de Harris han establecido un contraste entre sus recientes apariciones en televisi\u00f3n y las de Donald Trump. La propia Harris critic\u00f3 a Trump por retirarse de una entrevista en \u201c60 Minutes\u201d y negarse a debatir con ella de nuevo.<\/p>\n<p>The-CNN-Wire<br \/>&trade; &amp; &copy; 2024 Cable News Network, Inc., a Warner Bros. Discovery Company. All rights reserved.<\/p>\n","protected":false},"excerpt":{"rendered":"<p>(CNN) &#8212; Muchos dem\u00f3cratas evitan Fox News debido a la naturaleza hostil de la cobertura de noticias y los comentarios de la cadena. Entonces, \u00bfpor qu\u00e9 acept\u00f3 Kamala Harris sentarse con el presentador de Fox, Bret Baier, para su primera entrevista formal con el medio de derecha el mi\u00e9rcoles? &#171;Tiene dos prop\u00f3sitos&#187;, dijo el portavoz [&hellip;]<\/p>\n","protected":false},"author":0,"featured_media":0,"comment_status":"open","ping_status":"open","sticky":false,"template":"","format":"standard","meta":{"_jetpack_memberships_contains_paid_content":false,"footnotes":""},"categories":[10],"tags":[],"class_list":["post-1455180","post","type-post","status-publish","format-standard","hentry","category-noticias-nacionales","market-global"],"yoast_head":"<!-- This site is optimized with the Yoast SEO plugin v24.4 - https:\/\/yoast.com\/wordpress\/plugins\/seo\/ -->\n<title>La raz\u00f3n por la que Kamala Harris acept\u00f3 su primera entrevista formal en Fox News - Noticias<\/title>\n<meta name=\"robots\" content=\"index, follow, max-snippet:-1, max-image-preview:large, max-video-preview:-1\" \/>\n<link rel=\"canonical\" href=\"https:\/\/noticiasya.com\/2024\/10\/16\/kamala-harris-entrevista-fox-news-trax\/\" \/>\n<meta property=\"og:locale\" content=\"es_ES\" \/>\n<meta property=\"og:type\" content=\"article\" \/>\n<meta property=\"og:title\" content=\"La raz\u00f3n por la que Kamala Harris acept\u00f3 su primera entrevista formal en Fox News - Noticias\" \/>\n<meta property=\"og:description\" content=\"(CNN) &#8212; Muchos dem\u00f3cratas evitan Fox News debido a la naturaleza hostil de la cobertura de noticias y los comentarios de la cadena. Entonces, \u00bfpor qu\u00e9 acept\u00f3 Kamala Harris sentarse con el presentador de Fox, Bret Baier, para su primera entrevista formal con el medio de derecha el mi\u00e9rcoles? &#171;Tiene dos prop\u00f3sitos&#187;, dijo el portavoz [&hellip;]\" \/>\n<meta property=\"og:url\" content=\"https:\/\/noticiasya.com\/2024\/10\/16\/kamala-harris-entrevista-fox-news-trax\/\" \/>\n<meta property=\"og:site_name\" content=\"Noticias\" \/>\n<meta property=\"article:published_time\" content=\"2024-10-17T01:03:49+00:00\" \/>\n<meta name=\"twitter:card\" content=\"summary_large_image\" \/>\n<meta name=\"twitter:label1\" content=\"Est. reading time\" \/>\n\t<meta name=\"twitter:data1\" content=\"1 minuto\" \/>\n<script type=\"application\/ld+json\" class=\"yoast-schema-graph\">{\"@context\":\"https:\/\/schema.org\",\"@graph\":[{\"@type\":\"Article\",\"@id\":\"https:\/\/noticiasya.com\/2024\/10\/16\/kamala-harris-entrevista-fox-news-trax\/#article\",\"isPartOf\":{\"@id\":\"https:\/\/noticiasya.com\/2024\/10\/16\/kamala-harris-entrevista-fox-news-trax\/\"},\"author\":{\"name\":\"\",\"@id\":\"\"},\"headline\":\"La raz\u00f3n por la que Kamala Harris acept\u00f3 su primera entrevista formal en Fox News\",\"datePublished\":\"2024-10-17T01:03:49+00:00\",\"mainEntityOfPage\":{\"@id\":\"https:\/\/noticiasya.com\/2024\/10\/16\/kamala-harris-entrevista-fox-news-trax\/\"},\"wordCount\":300,\"commentCount\":0,\"publisher\":{\"@id\":\"https:\/\/noticiasya.com\/#organization\"},\"articleSection\":[\"Noticias Nacionales\"],\"inLanguage\":\"es\",\"potentialAction\":[{\"@type\":\"CommentAction\",\"name\":\"Comment\",\"target\":[\"https:\/\/noticiasya.com\/2024\/10\/16\/kamala-harris-entrevista-fox-news-trax\/#respond\"]}]},{\"@type\":\"WebPage\",\"@id\":\"https:\/\/noticiasya.com\/2024\/10\/16\/kamala-harris-entrevista-fox-news-trax\/\",\"url\":\"https:\/\/noticiasya.com\/2024\/10\/16\/kamala-harris-entrevista-fox-news-trax\/\",\"name\":\"La raz\u00f3n por la que Kamala Harris acept\u00f3 su primera entrevista formal en Fox News - Noticias\",\"isPartOf\":{\"@id\":\"https:\/\/noticiasya.com\/#website\"},\"datePublished\":\"2024-10-17T01:03:49+00:00\",\"breadcrumb\":{\"@id\":\"https:\/\/noticiasya.com\/2024\/10\/16\/kamala-harris-entrevista-fox-news-trax\/#breadcrumb\"},\"inLanguage\":\"es\",\"potentialAction\":[{\"@type\":\"ReadAction\",\"target\":[\"https:\/\/noticiasya.com\/2024\/10\/16\/kamala-harris-entrevista-fox-news-trax\/\"]}]},{\"@type\":\"BreadcrumbList\",\"@id\":\"https:\/\/noticiasya.com\/2024\/10\/16\/kamala-harris-entrevista-fox-news-trax\/#breadcrumb\",\"itemListElement\":[{\"@type\":\"ListItem\",\"position\":1,\"name\":\"Home\",\"item\":\"https:\/\/noticiasya.com\/\"},{\"@type\":\"ListItem\",\"position\":2,\"name\":\"La raz\u00f3n por la que Kamala Harris acept\u00f3 su primera entrevista formal en Fox News\"}]},{\"@type\":\"WebSite\",\"@id\":\"https:\/\/noticiasya.com\/#website\",\"url\":\"https:\/\/noticiasya.com\/\",\"name\":\"Noticias\",\"description\":\"Lo que importa\",\"publisher\":{\"@id\":\"https:\/\/noticiasya.com\/#organization\"},\"potentialAction\":[{\"@type\":\"SearchAction\",\"target\":{\"@type\":\"EntryPoint\",\"urlTemplate\":\"https:\/\/noticiasya.com\/?s={search_term_string}\"},\"query-input\":{\"@type\":\"PropertyValueSpecification\",\"valueRequired\":true,\"valueName\":\"search_term_string\"}}],\"inLanguage\":\"es\"},{\"@type\":\"Organization\",\"@id\":\"https:\/\/noticiasya.com\/#organization\",\"name\":\"Noticias\",\"url\":\"https:\/\/noticiasya.com\/\",\"logo\":{\"@type\":\"ImageObject\",\"inLanguage\":\"es\",\"@id\":\"https:\/\/noticiasya.com\/#\/schema\/logo\/image\/\",\"url\":\"https:\/\/noticiasya.com\/wp-content\/uploads\/sites\/22\/2023\/12\/logo-nacional.png\",\"contentUrl\":\"https:\/\/noticiasya.com\/wp-content\/uploads\/sites\/22\/2023\/12\/logo-nacional.png\",\"width\":1801,\"height\":691,\"caption\":\"Noticias\"},\"image\":{\"@id\":\"https:\/\/noticiasya.com\/#\/schema\/logo\/image\/\"}}]}<\/script>\n<!-- \/ Yoast SEO plugin. -->","yoast_head_json":{"title":"La raz\u00f3n por la que Kamala Harris acept\u00f3 su primera entrevista formal en Fox News - Noticias","robots":{"index":"index","follow":"follow","max-snippet":"max-snippet:-1","max-image-preview":"max-image-preview:large","max-video-preview":"max-video-preview:-1"},"canonical":"https:\/\/noticiasya.com\/2024\/10\/16\/kamala-harris-entrevista-fox-news-trax\/","og_locale":"es_ES","og_type":"article","og_title":"La raz\u00f3n por la que Kamala Harris acept\u00f3 su primera entrevista formal en Fox News - Noticias","og_description":"(CNN) &#8212; Muchos dem\u00f3cratas evitan Fox News debido a la naturaleza hostil de la cobertura de noticias y los comentarios de la cadena. Entonces, \u00bfpor qu\u00e9 acept\u00f3 Kamala Harris sentarse con el presentador de Fox, Bret Baier, para su primera entrevista formal con el medio de derecha el mi\u00e9rcoles? &#171;Tiene dos prop\u00f3sitos&#187;, dijo el portavoz [&hellip;]","og_url":"https:\/\/noticiasya.com\/2024\/10\/16\/kamala-harris-entrevista-fox-news-trax\/","og_site_name":"Noticias","article_published_time":"2024-10-17T01:03:49+00:00","twitter_card":"summary_large_image","twitter_misc":{"Est. reading time":"1 minuto"},"schema":{"@context":"https:\/\/schema.org","@graph":[{"@type":"Article","@id":"https:\/\/noticiasya.com\/2024\/10\/16\/kamala-harris-entrevista-fox-news-trax\/#article","isPartOf":{"@id":"https:\/\/noticiasya.com\/2024\/10\/16\/kamala-harris-entrevista-fox-news-trax\/"},"author":{"name":"","@id":""},"headline":"La raz\u00f3n por la que Kamala Harris acept\u00f3 su primera entrevista formal en Fox News","datePublished":"2024-10-17T01:03:49+00:00","mainEntityOfPage":{"@id":"https:\/\/noticiasya.com\/2024\/10\/16\/kamala-harris-entrevista-fox-news-trax\/"},"wordCount":300,"commentCount":0,"publisher":{"@id":"https:\/\/noticiasya.com\/#organization"},"articleSection":["Noticias Nacionales"],"inLanguage":"es","potentialAction":[{"@type":"CommentAction","name":"Comment","target":["https:\/\/noticiasya.com\/2024\/10\/16\/kamala-harris-entrevista-fox-news-trax\/#respond"]}]},{"@type":"WebPage","@id":"https:\/\/noticiasya.com\/2024\/10\/16\/kamala-harris-entrevista-fox-news-trax\/","url":"https:\/\/noticiasya.com\/2024\/10\/16\/kamala-harris-entrevista-fox-news-trax\/","name":"La raz\u00f3n por la que Kamala Harris acept\u00f3 su primera entrevista formal en Fox News - Noticias","isPartOf":{"@id":"https:\/\/noticiasya.com\/#website"},"datePublished":"2024-10-17T01:03:49+00:00","breadcrumb":{"@id":"https:\/\/noticiasya.com\/2024\/10\/16\/kamala-harris-entrevista-fox-news-trax\/#breadcrumb"},"inLanguage":"es","potentialAction":[{"@type":"ReadAction","target":["https:\/\/noticiasya.com\/2024\/10\/16\/kamala-harris-entrevista-fox-news-trax\/"]}]},{"@type":"BreadcrumbList","@id":"https:\/\/noticiasya.com\/2024\/10\/16\/kamala-harris-entrevista-fox-news-trax\/#breadcrumb","itemListElement":[{"@type":"ListItem","position":1,"name":"Home","item":"https:\/\/noticiasya.com\/"},{"@type":"ListItem","position":2,"name":"La raz\u00f3n por la que Kamala Harris acept\u00f3 su primera entrevista formal en Fox News"}]},{"@type":"WebSite","@id":"https:\/\/noticiasya.com\/#website","url":"https:\/\/noticiasya.com\/","name":"Noticias","description":"Lo que importa","publisher":{"@id":"https:\/\/noticiasya.com\/#organization"},"potentialAction":[{"@type":"SearchAction","target":{"@type":"EntryPoint","urlTemplate":"https:\/\/noticiasya.com\/?s={search_term_string}"},"query-input":{"@type":"PropertyValueSpecification","valueRequired":true,"valueName":"search_term_string"}}],"inLanguage":"es"},{"@type":"Organization","@id":"https:\/\/noticiasya.com\/#organization","name":"Noticias","url":"https:\/\/noticiasya.com\/","logo":{"@type":"ImageObject","inLanguage":"es","@id":"https:\/\/noticiasya.com\/#\/schema\/logo\/image\/","url":"https:\/\/noticiasya.com\/wp-content\/uploads\/sites\/22\/2023\/12\/logo-nacional.png","contentUrl":"https:\/\/noticiasya.com\/wp-content\/uploads\/sites\/22\/2023\/12\/logo-nacional.png","width":1801,"height":691,"caption":"Noticias"},"image":{"@id":"https:\/\/noticiasya.com\/#\/schema\/logo\/image\/"}}]}},"parsely":{"version":"1.1.0","canonical_url":"https:\/\/noticiasya.com\/midland-odessa\/2024\/10\/16\/kamala-harris-entrevista-fox-news-trax\/","smart_links":{"inbound":0,"outbound":0},"traffic_boost_suggestions_count":0,"meta":{"@context":"https:\/\/schema.org","@type":"NewsArticle","headline":"La raz\u00f3n por la que Kamala Harris acept\u00f3 su primera entrevista formal en Fox News","url":"http:\/\/noticiasya.com\/midland-odessa\/2024\/10\/16\/kamala-harris-entrevista-fox-news-trax\/","mainEntityOfPage":{"@type":"WebPage","@id":"http:\/\/noticiasya.com\/midland-odessa\/2024\/10\/16\/kamala-harris-entrevista-fox-news-trax\/"},"thumbnailUrl":"","image":{"@type":"ImageObject","url":""},"articleSection":"Noticias Nacionales","author":[],"creator":[],"publisher":{"@type":"Organization","name":"Noticias","logo":""},"keywords":[],"dateCreated":"2024-10-17T01:03:49Z","datePublished":"2024-10-17T01:03:49Z","dateModified":"2024-10-17T01:03:49Z"},"rendered":"<script type=\"application\/ld+json\" class=\"wp-parsely-metadata\">{\"@context\":\"https:\\\/\\\/schema.org\",\"@type\":\"NewsArticle\",\"headline\":\"La raz\\u00f3n por la que Kamala Harris acept\\u00f3 su primera entrevista formal en Fox News\",\"url\":\"http:\\\/\\\/noticiasya.com\\\/midland-odessa\\\/2024\\\/10\\\/16\\\/kamala-harris-entrevista-fox-news-trax\\\/\",\"mainEntityOfPage\":{\"@type\":\"WebPage\",\"@id\":\"http:\\\/\\\/noticiasya.com\\\/midland-odessa\\\/2024\\\/10\\\/16\\\/kamala-harris-entrevista-fox-news-trax\\\/\"},\"thumbnailUrl\":\"\",\"image\":{\"@type\":\"ImageObject\",\"url\":\"\"},\"articleSection\":\"Noticias Nacionales\",\"author\":[],\"creator\":[],\"publisher\":{\"@type\":\"Organization\",\"name\":\"Noticias\",\"logo\":\"\"},\"keywords\":[],\"dateCreated\":\"2024-10-17T01:03:49Z\",\"datePublished\":\"2024-10-17T01:03:49Z\",\"dateModified\":\"2024-10-17T01:03:49Z\"}<\/script>","tracker_url":"https:\/\/cdn.parsely.com\/keys\/noticiasya.com\/p.js"},"jetpack_featured_media_url":"","jetpack-related-posts":[{"id":1455184,"url":"https:\/\/noticiasya.com\/midland-odessa\/2024\/10\/17\/kamala-harris-fox-news-trump-analisis-trax\/","url_meta":{"origin":1455180,"position":0},"title":"AN\u00c1LISIS | Harris se enfrenta a Fox mientras intenta atraer votantes del Partido Republicano","author":"","date":"octubre 17, 2024","format":false,"excerpt":"(CNN) -- Kamala Harris no tuvo su segundo debate con Donald Trump, por lo que fue a Fox News.La vicepresidenta se enfrent\u00f3 acaloradamente a Bret Baier, el principal presentador de la cadena pro-Trump, este mi\u00e9rcoles por la noche, en el tipo de enfrentamiento sin guion que los republicanos llevan tiempo\u2026","rel":"","context":"In &quot;Noticias Nacionales&quot;","block_context":{"text":"Noticias Nacionales","link":"https:\/\/noticiasya.com\/midland-odessa\/categoria\/noticias-nacionales"},"img":{"alt_text":"","src":"","width":0,"height":0},"classes":[]},{"id":1455192,"url":"https:\/\/noticiasya.com\/midland-odessa\/2024\/10\/17\/kamala-harris-fox-news-tensa-entrevista-trax\/","url_meta":{"origin":1455180,"position":1},"title":"Kamala Harris se enfrenta a presentador de Fox News en una tensa entrevista","author":"","date":"octubre 17, 2024","format":false,"excerpt":"(CNN) --\u00a0La vicepresidenta Kamala Harris convirti\u00f3 las preguntas sobre sus casi cuatro a\u00f1os en el cargo en ataques al historial de su rival republicano Donald Trump durante una acalorada entrevista este mi\u00e9rcoles en Fox News, su primera aparici\u00f3n en la cadena conservadora, en un intento por atraer a votantes republicanos\u2026","rel":"","context":"In &quot;Noticias Nacionales&quot;","block_context":{"text":"Noticias Nacionales","link":"https:\/\/noticiasya.com\/midland-odessa\/categoria\/noticias-nacionales"},"img":{"alt_text":"","src":"","width":0,"height":0},"classes":[]},{"id":1455112,"url":"https:\/\/noticiasya.com\/midland-odessa\/2024\/10\/15\/trump-entrevista-cancela-cnbc-elecciones-eeuu-trax\/","url_meta":{"origin":1455180,"position":2},"title":"Trump cancela entrevista con CNBC, la segunda este mes con la prensa convencional","author":"","date":"octubre 15, 2024","format":false,"excerpt":"(CNN) --\u00a0Donald Trump cancel\u00f3 una entrevista con CNBC, marcando la segunda vez este mes que el expresidente de Estados Unidos cancela una aparici\u00f3n con la prensa convencional.Joe Kernen, co-presentador de \"Squawk Box\", dio la noticia de la cancelaci\u00f3n de la entrevista no anunciada durante la transmisi\u00f3n de este martes por\u2026","rel":"","context":"In &quot;Noticias Nacionales&quot;","block_context":{"text":"Noticias Nacionales","link":"https:\/\/noticiasya.com\/midland-odessa\/categoria\/noticias-nacionales"},"img":{"alt_text":"","src":"","width":0,"height":0},"classes":[]},{"id":1455129,"url":"https:\/\/noticiasya.com\/midland-odessa\/2024\/10\/16\/trump-inocherencias-harris-fox-analisis-trax\/","url_meta":{"origin":1455180,"position":3},"title":"AN\u00c1LISIS | Trump esboza &#171;un tejido de ideas&#187;, mientras Harris se va a Fox","author":"","date":"octubre 16, 2024","format":false,"excerpt":"(CNN) -- Donald Trump est\u00e1 tratando de volver al poder, mientras que Kamala Harris se atreve por fin a salirse del guion mientras los dem\u00f3cratas se preocupan por su campa\u00f1a.Este martes, el candidato republicano y la candidata dem\u00f3crata ofrecieron a los votantes una visi\u00f3n inusualmente autorreflexiva de sus caracteres mientras\u2026","rel":"","context":"In &quot;Noticias Nacionales&quot;","block_context":{"text":"Noticias Nacionales","link":"https:\/\/noticiasya.com\/midland-odessa\/categoria\/noticias-nacionales"},"img":{"alt_text":"","src":"","width":0,"height":0},"classes":[]},{"id":1455194,"url":"https:\/\/noticiasya.com\/midland-odessa\/2024\/10\/17\/analisis-declaraciones-principales-kamala-harris-fox-news-trax\/","url_meta":{"origin":1455180,"position":4},"title":"AN\u00c1LISIS | Las declaraciones principales de Kamala Harris contra Fox News","author":"","date":"octubre 17, 2024","format":false,"excerpt":"(CNN) -- La vicepresidenta Kamala Harris no ha concedido muchas entrevistas a periodistas durante su breve campa\u00f1a presidencial, y desde luego ninguna a medios conservadores.De hecho, cuando el mi\u00e9rcoles se sent\u00f3 con Bret Baier, de Fox News, durante casi media hora, fue su primera entrevista con la cadena conservadora, parte\u2026","rel":"","context":"In &quot;Noticias Nacionales&quot;","block_context":{"text":"Noticias Nacionales","link":"https:\/\/noticiasya.com\/midland-odessa\/categoria\/noticias-nacionales"},"img":{"alt_text":"","src":"","width":0,"height":0},"classes":[]},{"id":1455074,"url":"https:\/\/noticiasya.com\/midland-odessa\/2024\/10\/14\/vision-extrema-trump-estados-unidos-aumenta-presion-harris-trax\/","url_meta":{"origin":1455180,"position":5},"title":"AN\u00c1LISIS | La visi\u00f3n extrema de Trump para Estados Unidos aumenta la presi\u00f3n sobre Harris","author":"","date":"octubre 14, 2024","format":false,"excerpt":"(CNN) --\u00a0 Donald Trump est\u00e1 invocando la visi\u00f3n de un nuevo mandato extremo en la Casa Blanca que transformar\u00eda a Estados Unidos y sacudir\u00eda al mundo.Y la vicepresidenta Kamala Harris tiene solo tres semanas para evitarlo, mientras lucha por recuperar el impulso en una carrera muy re\u00f1ida hasta el d\u00eda\u2026","rel":"","context":"In &quot;Noticias Nacionales&quot;","block_context":{"text":"Noticias Nacionales","link":"https:\/\/noticiasya.com\/midland-odessa\/categoria\/noticias-nacionales"},"img":{"alt_text":"","src":"","width":0,"height":0},"classes":[]}],"jetpack_sharing_enabled":true,"_links":{"self":[{"href":"https:\/\/noticiasya.com\/midland-odessa\/wp-json\/wp\/v2\/posts\/1455180","targetHints":{"allow":["GET"]}}],"collection":[{"href":"https:\/\/noticiasya.com\/midland-odessa\/wp-json\/wp\/v2\/posts"}],"about":[{"href":"https:\/\/noticiasya.com\/midland-odessa\/wp-json\/wp\/v2\/types\/post"}],"replies":[{"embeddable":true,"href":"https:\/\/noticiasya.com\/midland-odessa\/wp-json\/wp\/v2\/comments?post=1455180"}],"version-history":[{"count":0,"href":"https:\/\/noticiasya.com\/midland-odessa\/wp-json\/wp\/v2\/posts\/1455180\/revisions"}],"wp:attachment":[{"href":"https:\/\/noticiasya.com\/midland-odessa\/wp-json\/wp\/v2\/media?parent=1455180"}],"wp:term":[{"taxonomy":"category","embeddable":true,"href":"https:\/\/noticiasya.com\/midland-odessa\/wp-json\/wp\/v2\/categories?post=1455180"},{"taxonomy":"post_tag","embeddable":true,"href":"https:\/\/noticiasya.com\/midland-odessa\/wp-json\/wp\/v2\/tags?post=1455180"}],"curies":[{"name":"wp","href":"https:\/\/api.w.org\/{rel}","templated":true}]}}