{"id":1455187,"date":"2024-10-17T05:03:40","date_gmt":"2024-10-17T12:03:40","guid":{"rendered":"https:\/\/noticiasya.com\/2024\/10\/17\/luna-cazador-fotos-trax\/"},"modified":"2024-10-17T05:03:40","modified_gmt":"2024-10-17T12:03:40","slug":"luna-cazador-fotos-trax","status":"publish","type":"post","link":"https:\/\/noticiasya.com\/midland-odessa\/2024\/10\/17\/luna-cazador-fotos-trax\/","title":{"rendered":"FOTOS| La \u00faltima superluna de 2024 ilumina los cielos"},"content":{"rendered":"<p>(CNN) &#8212; La luna del cazador de este a\u00f1o tambi\u00e9n fue una superluna, lo que ocurre cuando est\u00e1 m\u00e1s cerca de la Tierra de lo normal. Este fen\u00f3meno celestial sucede varias veces durante cada ciclo lunar, ya que la \u00f3rbita de la luna es el\u00edptica, lo que significa que hay intervalos en los que el \u00fanico sat\u00e9lite natural permanente de la Tierra est\u00e1 m\u00e1s cerca del planeta y otros m\u00e1s lejos.<\/p>\n<p>La luna del cazador es la primera luna llena despu\u00e9s del equinoccio de oto\u00f1o, que este a\u00f1o ocurri\u00f3 el 22 de septiembre. Este evento lunar marca el cambio de estaci\u00f3n. El nombre proviene de los pueblos ind\u00edgenas, quienes se beneficiaban de la brillante apariencia de la luna mientras los cazadores se preparaban para los largos inviernos.<\/p>\n<p>La superluna se eleva cerca de Lancaster, California, el mi\u00e9rcoles. (Cr\u00e9dito: Mario Tama\/Getty Images)<\/p>\n<p>La superluna se eleva detr\u00e1s de la plataforma de observaci\u00f3n al aire libre en Hudson Yards, en Nueva York, vista desde Hoboken, Nueva Jersey, este mi\u00e9rcoles. (Cr\u00e9dito: Gary Hershorn\/Corbis News\/Getty Images)<\/p>\n<p>La luna se eleva detr\u00e1s del Monumento a Lincoln y el Monumento a Washington, mientras una bandada de p\u00e1jaros pasa este mi\u00e9rcoles. (Cr\u00e9dito: J. David Ake\/Getty Images)<\/p>\n<p>Un avi\u00f3n cruza la superluna mientras la gente la observa elevarse sobre el lago Michigan en Chicago, este mi\u00e9rcoles. (Cr\u00e9dito: Erin Hooley\/AP)<\/p>\n<p>La superluna se eleva sobre la cordillera de los Andes en Santiago, Chile, este mi\u00e9rcoles. (Cr\u00e9dito: Ivan Alvarado\/Reuters)<\/p>\n<p>La superluna se cierne sobre una bas\u00edlica en Bogot\u00e1, Colombia, este mi\u00e9rcoles. (Cr\u00e9dito: Fernando Vergara\/AP)<\/p>\n<p>La luna se eleva detr\u00e1s de la c\u00fapula de una mezquita en Doha, Catar, este mi\u00e9rcoles. (Cr\u00e9dito: Karim Jaafar\/AFP\/Getty Images)<\/p>\n<p>La luna se eleva sobre el mar B\u00e1ltico en Haffkrug, norte de Alemania, este mi\u00e9rcoles. (Cr\u00e9dito: Michael Probst\/AP)<\/p>\n<p>La luna se eleva detr\u00e1s del faro en el puerto de Travemuende, en el norte de Alemania, este martes 15 de octubre. (Cr\u00e9dito: Michael Probst\/AP)<\/p>\n<p>La luna, en su fase gibosa creciente, asoma entre las nubes en el muelle de N\u00e1poles, Florida, este martes. (Cr\u00e9dito:(Cr\u00e9dito: Jonah Hinebaugh\/Naples Daily News\/USA Today Network\/Imagn Images)<\/p>\n<p>La luna se eleva en el cielo sobre Boston, Massachusetts, el martes. (Cr\u00e9dito: Selcuk Acar\/Anadolu\/Getty Images)<\/p>\n<p>The-CNN-Wire<br \/>&trade; &amp; &copy; 2024 Cable News Network, Inc., a Warner Bros. Discovery Company. All rights reserved.<\/p>\n","protected":false},"excerpt":{"rendered":"<p>(CNN) &#8212; La luna del cazador de este a\u00f1o tambi\u00e9n fue una superluna, lo que ocurre cuando est\u00e1 m\u00e1s cerca de la Tierra de lo normal. Este fen\u00f3meno celestial sucede varias veces durante cada ciclo lunar, ya que la \u00f3rbita de la luna es el\u00edptica, lo que significa que hay intervalos en los que el [&hellip;]<\/p>\n","protected":false},"author":0,"featured_media":0,"comment_status":"open","ping_status":"open","sticky":false,"template":"","format":"standard","meta":{"_jetpack_memberships_contains_paid_content":false,"footnotes":""},"categories":[10],"tags":[],"class_list":["post-1455187","post","type-post","status-publish","format-standard","hentry","category-noticias-nacionales","market-global"],"yoast_head":"<!-- This site is optimized with the Yoast SEO plugin v24.4 - https:\/\/yoast.com\/wordpress\/plugins\/seo\/ -->\n<title>FOTOS| La \u00faltima superluna de 2024 ilumina los cielos - Noticias<\/title>\n<meta name=\"robots\" content=\"index, follow, max-snippet:-1, max-image-preview:large, max-video-preview:-1\" \/>\n<link rel=\"canonical\" href=\"https:\/\/noticiasya.com\/2024\/10\/17\/luna-cazador-fotos-trax\/\" \/>\n<meta property=\"og:locale\" content=\"es_ES\" \/>\n<meta property=\"og:type\" content=\"article\" \/>\n<meta property=\"og:title\" content=\"FOTOS| La \u00faltima superluna de 2024 ilumina los cielos - Noticias\" \/>\n<meta property=\"og:description\" content=\"(CNN) &#8212; La luna del cazador de este a\u00f1o tambi\u00e9n fue una superluna, lo que ocurre cuando est\u00e1 m\u00e1s cerca de la Tierra de lo normal. Este fen\u00f3meno celestial sucede varias veces durante cada ciclo lunar, ya que la \u00f3rbita de la luna es el\u00edptica, lo que significa que hay intervalos en los que el [&hellip;]\" \/>\n<meta property=\"og:url\" content=\"https:\/\/noticiasya.com\/2024\/10\/17\/luna-cazador-fotos-trax\/\" \/>\n<meta property=\"og:site_name\" content=\"Noticias\" \/>\n<meta property=\"article:published_time\" content=\"2024-10-17T12:03:40+00:00\" \/>\n<meta name=\"twitter:card\" content=\"summary_large_image\" \/>\n<meta name=\"twitter:label1\" content=\"Est. reading time\" \/>\n\t<meta name=\"twitter:data1\" content=\"2 minutos\" \/>\n<script type=\"application\/ld+json\" class=\"yoast-schema-graph\">{\"@context\":\"https:\/\/schema.org\",\"@graph\":[{\"@type\":\"Article\",\"@id\":\"https:\/\/noticiasya.com\/2024\/10\/17\/luna-cazador-fotos-trax\/#article\",\"isPartOf\":{\"@id\":\"https:\/\/noticiasya.com\/2024\/10\/17\/luna-cazador-fotos-trax\/\"},\"author\":{\"name\":\"\",\"@id\":\"\"},\"headline\":\"FOTOS| La \u00faltima superluna de 2024 ilumina los cielos\",\"datePublished\":\"2024-10-17T12:03:40+00:00\",\"mainEntityOfPage\":{\"@id\":\"https:\/\/noticiasya.com\/2024\/10\/17\/luna-cazador-fotos-trax\/\"},\"wordCount\":443,\"commentCount\":0,\"publisher\":{\"@id\":\"https:\/\/noticiasya.com\/#organization\"},\"articleSection\":[\"Noticias Nacionales\"],\"inLanguage\":\"es\",\"potentialAction\":[{\"@type\":\"CommentAction\",\"name\":\"Comment\",\"target\":[\"https:\/\/noticiasya.com\/2024\/10\/17\/luna-cazador-fotos-trax\/#respond\"]}]},{\"@type\":\"WebPage\",\"@id\":\"https:\/\/noticiasya.com\/2024\/10\/17\/luna-cazador-fotos-trax\/\",\"url\":\"https:\/\/noticiasya.com\/2024\/10\/17\/luna-cazador-fotos-trax\/\",\"name\":\"FOTOS| La \u00faltima superluna de 2024 ilumina los cielos - Noticias\",\"isPartOf\":{\"@id\":\"https:\/\/noticiasya.com\/#website\"},\"datePublished\":\"2024-10-17T12:03:40+00:00\",\"breadcrumb\":{\"@id\":\"https:\/\/noticiasya.com\/2024\/10\/17\/luna-cazador-fotos-trax\/#breadcrumb\"},\"inLanguage\":\"es\",\"potentialAction\":[{\"@type\":\"ReadAction\",\"target\":[\"https:\/\/noticiasya.com\/2024\/10\/17\/luna-cazador-fotos-trax\/\"]}]},{\"@type\":\"BreadcrumbList\",\"@id\":\"https:\/\/noticiasya.com\/2024\/10\/17\/luna-cazador-fotos-trax\/#breadcrumb\",\"itemListElement\":[{\"@type\":\"ListItem\",\"position\":1,\"name\":\"Home\",\"item\":\"https:\/\/noticiasya.com\/\"},{\"@type\":\"ListItem\",\"position\":2,\"name\":\"FOTOS| La \u00faltima superluna de 2024 ilumina los cielos\"}]},{\"@type\":\"WebSite\",\"@id\":\"https:\/\/noticiasya.com\/#website\",\"url\":\"https:\/\/noticiasya.com\/\",\"name\":\"Noticias\",\"description\":\"Lo que importa\",\"publisher\":{\"@id\":\"https:\/\/noticiasya.com\/#organization\"},\"potentialAction\":[{\"@type\":\"SearchAction\",\"target\":{\"@type\":\"EntryPoint\",\"urlTemplate\":\"https:\/\/noticiasya.com\/?s={search_term_string}\"},\"query-input\":{\"@type\":\"PropertyValueSpecification\",\"valueRequired\":true,\"valueName\":\"search_term_string\"}}],\"inLanguage\":\"es\"},{\"@type\":\"Organization\",\"@id\":\"https:\/\/noticiasya.com\/#organization\",\"name\":\"Noticias\",\"url\":\"https:\/\/noticiasya.com\/\",\"logo\":{\"@type\":\"ImageObject\",\"inLanguage\":\"es\",\"@id\":\"https:\/\/noticiasya.com\/#\/schema\/logo\/image\/\",\"url\":\"https:\/\/noticiasya.com\/wp-content\/uploads\/sites\/22\/2023\/12\/logo-nacional.png\",\"contentUrl\":\"https:\/\/noticiasya.com\/wp-content\/uploads\/sites\/22\/2023\/12\/logo-nacional.png\",\"width\":1801,\"height\":691,\"caption\":\"Noticias\"},\"image\":{\"@id\":\"https:\/\/noticiasya.com\/#\/schema\/logo\/image\/\"}}]}<\/script>\n<!-- \/ Yoast SEO plugin. -->","yoast_head_json":{"title":"FOTOS| La \u00faltima superluna de 2024 ilumina los cielos - Noticias","robots":{"index":"index","follow":"follow","max-snippet":"max-snippet:-1","max-image-preview":"max-image-preview:large","max-video-preview":"max-video-preview:-1"},"canonical":"https:\/\/noticiasya.com\/2024\/10\/17\/luna-cazador-fotos-trax\/","og_locale":"es_ES","og_type":"article","og_title":"FOTOS| La \u00faltima superluna de 2024 ilumina los cielos - Noticias","og_description":"(CNN) &#8212; La luna del cazador de este a\u00f1o tambi\u00e9n fue una superluna, lo que ocurre cuando est\u00e1 m\u00e1s cerca de la Tierra de lo normal. Este fen\u00f3meno celestial sucede varias veces durante cada ciclo lunar, ya que la \u00f3rbita de la luna es el\u00edptica, lo que significa que hay intervalos en los que el [&hellip;]","og_url":"https:\/\/noticiasya.com\/2024\/10\/17\/luna-cazador-fotos-trax\/","og_site_name":"Noticias","article_published_time":"2024-10-17T12:03:40+00:00","twitter_card":"summary_large_image","twitter_misc":{"Est. reading time":"2 minutos"},"schema":{"@context":"https:\/\/schema.org","@graph":[{"@type":"Article","@id":"https:\/\/noticiasya.com\/2024\/10\/17\/luna-cazador-fotos-trax\/#article","isPartOf":{"@id":"https:\/\/noticiasya.com\/2024\/10\/17\/luna-cazador-fotos-trax\/"},"author":{"name":"","@id":""},"headline":"FOTOS| La \u00faltima superluna de 2024 ilumina los cielos","datePublished":"2024-10-17T12:03:40+00:00","mainEntityOfPage":{"@id":"https:\/\/noticiasya.com\/2024\/10\/17\/luna-cazador-fotos-trax\/"},"wordCount":443,"commentCount":0,"publisher":{"@id":"https:\/\/noticiasya.com\/#organization"},"articleSection":["Noticias Nacionales"],"inLanguage":"es","potentialAction":[{"@type":"CommentAction","name":"Comment","target":["https:\/\/noticiasya.com\/2024\/10\/17\/luna-cazador-fotos-trax\/#respond"]}]},{"@type":"WebPage","@id":"https:\/\/noticiasya.com\/2024\/10\/17\/luna-cazador-fotos-trax\/","url":"https:\/\/noticiasya.com\/2024\/10\/17\/luna-cazador-fotos-trax\/","name":"FOTOS| La \u00faltima superluna de 2024 ilumina los cielos - Noticias","isPartOf":{"@id":"https:\/\/noticiasya.com\/#website"},"datePublished":"2024-10-17T12:03:40+00:00","breadcrumb":{"@id":"https:\/\/noticiasya.com\/2024\/10\/17\/luna-cazador-fotos-trax\/#breadcrumb"},"inLanguage":"es","potentialAction":[{"@type":"ReadAction","target":["https:\/\/noticiasya.com\/2024\/10\/17\/luna-cazador-fotos-trax\/"]}]},{"@type":"BreadcrumbList","@id":"https:\/\/noticiasya.com\/2024\/10\/17\/luna-cazador-fotos-trax\/#breadcrumb","itemListElement":[{"@type":"ListItem","position":1,"name":"Home","item":"https:\/\/noticiasya.com\/"},{"@type":"ListItem","position":2,"name":"FOTOS| La \u00faltima superluna de 2024 ilumina los cielos"}]},{"@type":"WebSite","@id":"https:\/\/noticiasya.com\/#website","url":"https:\/\/noticiasya.com\/","name":"Noticias","description":"Lo que importa","publisher":{"@id":"https:\/\/noticiasya.com\/#organization"},"potentialAction":[{"@type":"SearchAction","target":{"@type":"EntryPoint","urlTemplate":"https:\/\/noticiasya.com\/?s={search_term_string}"},"query-input":{"@type":"PropertyValueSpecification","valueRequired":true,"valueName":"search_term_string"}}],"inLanguage":"es"},{"@type":"Organization","@id":"https:\/\/noticiasya.com\/#organization","name":"Noticias","url":"https:\/\/noticiasya.com\/","logo":{"@type":"ImageObject","inLanguage":"es","@id":"https:\/\/noticiasya.com\/#\/schema\/logo\/image\/","url":"https:\/\/noticiasya.com\/wp-content\/uploads\/sites\/22\/2023\/12\/logo-nacional.png","contentUrl":"https:\/\/noticiasya.com\/wp-content\/uploads\/sites\/22\/2023\/12\/logo-nacional.png","width":1801,"height":691,"caption":"Noticias"},"image":{"@id":"https:\/\/noticiasya.com\/#\/schema\/logo\/image\/"}}]}},"parsely":{"version":"1.1.0","canonical_url":"https:\/\/noticiasya.com\/midland-odessa\/2024\/10\/17\/luna-cazador-fotos-trax\/","smart_links":{"inbound":0,"outbound":0},"traffic_boost_suggestions_count":0,"meta":{"@context":"https:\/\/schema.org","@type":"NewsArticle","headline":"FOTOS| La \u00faltima superluna de 2024 ilumina los cielos","url":"http:\/\/noticiasya.com\/midland-odessa\/2024\/10\/17\/luna-cazador-fotos-trax\/","mainEntityOfPage":{"@type":"WebPage","@id":"http:\/\/noticiasya.com\/midland-odessa\/2024\/10\/17\/luna-cazador-fotos-trax\/"},"thumbnailUrl":"","image":{"@type":"ImageObject","url":""},"articleSection":"Noticias Nacionales","author":[],"creator":[],"publisher":{"@type":"Organization","name":"Noticias","logo":""},"keywords":[],"dateCreated":"2024-10-17T12:03:40Z","datePublished":"2024-10-17T12:03:40Z","dateModified":"2024-10-17T12:03:40Z"},"rendered":"<script type=\"application\/ld+json\" class=\"wp-parsely-metadata\">{\"@context\":\"https:\\\/\\\/schema.org\",\"@type\":\"NewsArticle\",\"headline\":\"FOTOS| La \\u00faltima superluna de 2024 ilumina los cielos\",\"url\":\"http:\\\/\\\/noticiasya.com\\\/midland-odessa\\\/2024\\\/10\\\/17\\\/luna-cazador-fotos-trax\\\/\",\"mainEntityOfPage\":{\"@type\":\"WebPage\",\"@id\":\"http:\\\/\\\/noticiasya.com\\\/midland-odessa\\\/2024\\\/10\\\/17\\\/luna-cazador-fotos-trax\\\/\"},\"thumbnailUrl\":\"\",\"image\":{\"@type\":\"ImageObject\",\"url\":\"\"},\"articleSection\":\"Noticias Nacionales\",\"author\":[],\"creator\":[],\"publisher\":{\"@type\":\"Organization\",\"name\":\"Noticias\",\"logo\":\"\"},\"keywords\":[],\"dateCreated\":\"2024-10-17T12:03:40Z\",\"datePublished\":\"2024-10-17T12:03:40Z\",\"dateModified\":\"2024-10-17T12:03:40Z\"}<\/script>","tracker_url":"https:\/\/cdn.parsely.com\/keys\/noticiasya.com\/p.js"},"jetpack_featured_media_url":"","jetpack-related-posts":[{"id":1455144,"url":"https:\/\/noticiasya.com\/midland-odessa\/2024\/10\/16\/como-donde-ver-ultima-superluna-2024-orix\/","url_meta":{"origin":1455187,"position":0},"title":"\u00bfC\u00f3mo y d\u00f3nde ver la \u00faltima superluna de 2024?","author":"","date":"octubre 16, 2024","format":false,"excerpt":"(CNN Espa\u00f1ol) \u2014 Octubre ha sido un gran mes para todos los amantes de la astronom\u00eda, con eventos asombros como un eclipse solar anular (conocido como \"anillo de fuego\"), lluvias de estrellas, un cometa que nos visita cada 80.000 a\u00f1os... y ahora es turno de una superluna, la \u00faltima de\u2026","rel":"","context":"In &quot;Noticias Nacionales&quot;","block_context":{"text":"Noticias Nacionales","link":"https:\/\/noticiasya.com\/midland-odessa\/categoria\/noticias-nacionales"},"img":{"alt_text":"","src":"","width":0,"height":0},"classes":[]},{"id":1452726,"url":"https:\/\/noticiasya.com\/midland-odessa\/2024\/09\/16\/como-donde-ver-eclipse-lunar-superluna-martes-orix\/","url_meta":{"origin":1455187,"position":1},"title":"\u00bfC\u00f3mo y d\u00f3nde ver el eclipse lunar y la superluna del martes?","author":"","date":"septiembre 16, 2024","format":false,"excerpt":"(CNN Espa\u00f1ol) -- Atenci\u00f3n, amantes de los eventos astron\u00f3micos: esta semana se podr\u00e1 ver el \u00faltimo eclipse lunar de 2024 y, junto a \u00e9l, llegar\u00e1 tambi\u00e9n la primera superluna del a\u00f1o.Entre la noche del martes 17 de septiembre y la madrugada del mi\u00e9rcoles 18, tendr\u00e1 lugar este eclipse lunar, que\u2026","rel":"","context":"In &quot;Noticias Nacionales&quot;","block_context":{"text":"Noticias Nacionales","link":"https:\/\/noticiasya.com\/midland-odessa\/categoria\/noticias-nacionales"},"img":{"alt_text":"","src":"","width":0,"height":0},"classes":[]},{"id":1451967,"url":"https:\/\/noticiasya.com\/midland-odessa\/2024\/08\/19\/como-ver-la-rara-superluna-azul-de-agosto\/","url_meta":{"origin":1455187,"position":2},"title":"C\u00f3mo ver la rara superluna azul de agosto","author":"","date":"agosto 19, 2024","format":false,"excerpt":"(CNN) -- Agosto sigue siendo un mes apasionante para los observadores del cielo. Poco despu\u00e9s del pico de la lluvia de meteoros de las Perseidas la semana pasada, la primera de las cuatro superlunas consecutivas del a\u00f1o se formar\u00e1 el 19 de agosto. La rara combinaci\u00f3n c\u00f3smica de una superluna\u2026","rel":"","context":"In &quot;Noticias Nacionales&quot;","block_context":{"text":"Noticias Nacionales","link":"https:\/\/noticiasya.com\/midland-odessa\/categoria\/noticias-nacionales"},"img":{"alt_text":"","src":"","width":0,"height":0},"classes":[]},{"id":1468928,"url":"https:\/\/noticiasya.com\/midland-odessa\/2025\/12\/03\/superluna-diciembre-2025-ultima-ano-trax\/","url_meta":{"origin":1455187,"position":3},"title":"La \u00faltima superluna del a\u00f1o brillar\u00e1 esta semana en el cielo","author":"","date":"diciembre 3, 2025","format":false,"excerpt":"Mant\u00e9n la mirada en lo alto del cielo esta semana para ver la \u00faltima superluna del a\u00f1o.La superluna que se ver\u00e1 en diciembre, tambi\u00e9n llamada la luna fr\u00eda, alcanzar\u00e1 su punto m\u00e1s lleno alrededor de las 6:14 p. m., hora de Miami, del jueves, seg\u00fan EarthSky.\u201cEl jueves, la Luna saldr\u00e1\u2026","rel":"","context":"In &quot;Noticias Nacionales&quot;","block_context":{"text":"Noticias Nacionales","link":"https:\/\/noticiasya.com\/midland-odessa\/categoria\/noticias-nacionales"},"img":{"alt_text":"","src":"","width":0,"height":0},"classes":[]},{"id":1452799,"url":"https:\/\/noticiasya.com\/midland-odessa\/2024\/09\/18\/fotos-primera-superluna-octubre-2024-orix\/","url_meta":{"origin":1455187,"position":4},"title":"FOTOS | Eclipse lunar y la primera superluna de 2024","author":"","date":"septiembre 18, 2024","format":false,"excerpt":"(CNN Espa\u00f1ol) --Un eclipse lunar parcial fue visible en Europa, y en la mayor parte de Asia, Norteam\u00e9rica, Sudam\u00e9rica y \u00c1frica la noche del martes 17 de septiembre y madrugada del mi\u00e9rcoles 18. Adem\u00e1s, el eclipse estuvo acompa\u00f1ado de la primera superluna de 2024.Ahora puedes seguirnos en\u00a0WhatsApp ChannelEl t\u00e9rmino superluna\u00a0generalmente\u2026","rel":"","context":"In &quot;Noticias Nacionales&quot;","block_context":{"text":"Noticias Nacionales","link":"https:\/\/noticiasya.com\/midland-odessa\/categoria\/noticias-nacionales"},"img":{"alt_text":"","src":"","width":0,"height":0},"classes":[]},{"id":1455826,"url":"https:\/\/noticiasya.com\/midland-odessa\/2024\/11\/14\/ultima-superluna-del-ano-alcanzara-punto-maximo-con-lluvia-meteoros-leonidas-trax\/","url_meta":{"origin":1455187,"position":5},"title":"La \u00faltima superluna del a\u00f1o alcanzar\u00e1 su punto m\u00e1ximo junto con la lluvia de meteoros le\u00f3nidas","author":"","date":"noviembre 14, 2024","format":false,"excerpt":"(CNN) -- La luna llena de noviembre, tambi\u00e9n conocida como luna del castor, brillar\u00e1 en el cielo el viernes como la \u00faltima superluna del a\u00f1o.Para los observadores del cielo que la observen este fin de semana, la lluvia de meteoros le\u00f3nidas podr\u00eda ser un espect\u00e1culo extra deslumbrante cuando alcance su\u2026","rel":"","context":"In &quot;Noticias Nacionales&quot;","block_context":{"text":"Noticias Nacionales","link":"https:\/\/noticiasya.com\/midland-odessa\/categoria\/noticias-nacionales"},"img":{"alt_text":"","src":"","width":0,"height":0},"classes":[]}],"jetpack_sharing_enabled":true,"_links":{"self":[{"href":"https:\/\/noticiasya.com\/midland-odessa\/wp-json\/wp\/v2\/posts\/1455187","targetHints":{"allow":["GET"]}}],"collection":[{"href":"https:\/\/noticiasya.com\/midland-odessa\/wp-json\/wp\/v2\/posts"}],"about":[{"href":"https:\/\/noticiasya.com\/midland-odessa\/wp-json\/wp\/v2\/types\/post"}],"replies":[{"embeddable":true,"href":"https:\/\/noticiasya.com\/midland-odessa\/wp-json\/wp\/v2\/comments?post=1455187"}],"version-history":[{"count":0,"href":"https:\/\/noticiasya.com\/midland-odessa\/wp-json\/wp\/v2\/posts\/1455187\/revisions"}],"wp:attachment":[{"href":"https:\/\/noticiasya.com\/midland-odessa\/wp-json\/wp\/v2\/media?parent=1455187"}],"wp:term":[{"taxonomy":"category","embeddable":true,"href":"https:\/\/noticiasya.com\/midland-odessa\/wp-json\/wp\/v2\/categories?post=1455187"},{"taxonomy":"post_tag","embeddable":true,"href":"https:\/\/noticiasya.com\/midland-odessa\/wp-json\/wp\/v2\/tags?post=1455187"}],"curies":[{"name":"wp","href":"https:\/\/api.w.org\/{rel}","templated":true}]}}