{"id":1455189,"date":"2024-10-17T06:03:50","date_gmt":"2024-10-17T13:03:50","guid":{"rendered":"https:\/\/noticiasya.com\/2024\/10\/17\/condena-genaro-garcia-luna-anios-prision-orix\/"},"modified":"2024-10-17T06:03:50","modified_gmt":"2024-10-17T13:03:50","slug":"condena-genaro-garcia-luna-anios-prision-orix","status":"publish","type":"post","link":"https:\/\/noticiasya.com\/midland-odessa\/2024\/10\/17\/condena-genaro-garcia-luna-anios-prision-orix\/","title":{"rendered":"Una \u201cdoble vida\u201d y la comparaci\u00f3n con el Chapo Guzm\u00e1n: detr\u00e1s de la condena de Garc\u00eda Luna a m\u00e1s de 38 a\u00f1os de prisi\u00f3n"},"content":{"rendered":"<p>(CNN Espa\u00f1ol) &#8212; Cuando el juez Brian Cogan conden\u00f3 al exsecretario de Seguridad P\u00fablica de M\u00e9xico, Genaro Garc\u00eda Luna, a 460 meses de c\u00e1rcel (m\u00e1s de 38 a\u00f1os de prisi\u00f3n), una multa de US$ 2 millones y cinco a\u00f1os de libertad condicional, habl\u00f3 de una &#171;doble vida&#187; del exfuncionario mexicano y lo compar\u00f3 con el exjefe del c\u00e1rtel de Sinaloa, Joaqu\u00edn \u201cEl Chapo\u201d Guzm\u00e1n.<\/p>\n<p>Con traje azul, camisa blanca y corbata morada a rayas, Garc\u00eda Luna ingres\u00f3 a la corte de Nueva York el mi\u00e9rcoles por la tarde. En una solicitud especial a Cogan, Garc\u00eda Luna hab\u00eda pedido presentarse vestido de civil y no con la vestimenta de la prisi\u00f3n. El juez autoriz\u00f3 ese pedido.<\/p>\n<p>Al entrar a la sala, envi\u00f3 un beso a su familia, que presenciaba todo atentamente. Pudo pronunciarse una vez m\u00e1s ante el juez y, en gran medida, reiter\u00f3 lo que ya hab\u00eda dicho en la carta enviada el martes, en la que hab\u00eda pedido clemencia al hablar de su familia y la importancia de sus valores.<\/p>\n<p>Garc\u00eda Luna remarc\u00f3 su buen comportamiento y desempe\u00f1o en la prisi\u00f3n de Brooklyn, el Centro de Detenci\u00f3n Metropolitano (MDC, por sus siglas en ingl\u00e9s). Un lugar en el que, pese a ser conocido como \u201cel infierno en la tierra\u201d por sus malas condiciones, \u00e9l dice haber trabajado y contribuido para su mejora.<\/p>\n<p>As\u00ed es la c\u00e1rcel en la que est\u00e1n Genaro Garc\u00eda Luna, el Mayo Zambada y Diddy Combs<\/p>\n<p>Si bien reconoci\u00f3 que no era el momento para clamar su inocencia, mencion\u00f3 directamente a su pa\u00eds y a su familia, y asegur\u00f3: \u201cYo soy inocente, no he cometido los delitos de los que se me acusa\u201d.<\/p>\n<p>\u201cY por eso le pido, se\u00f1or juez, que me permita regresar lo antes posible con mi familia y reincorporarme a la sociedad que admiro y respeto\u201d, dijo Garc\u00eda Luna.<\/p>\n<p>Su defensor, el abogado C\u00e9sar de Castro, hab\u00eda solicitado la sentencia m\u00ednima posible: 20 a\u00f1os de prisi\u00f3n. El pedido lo argument\u00f3 al se\u00f1alar que su defendido se hab\u00eda comportado de manera \u201c\u00edntegra\u201d en la c\u00e1rcel, donde se hab\u00eda ganado la confianza y el respeto de los guardiac\u00e1rceles y dem\u00e1s prisioneros, algo que consider\u00f3 inusual.<\/p>\n<p>Genaro Garc\u00eda Luna pide clemencia al juez un d\u00eda antes de su sentencia<\/p>\n<p>En reiteradas oportunidades, De Castro plante\u00f3 ante la sala la pregunta de por qu\u00e9 20 a\u00f1os no pod\u00edan ser suficientes para Garc\u00eda Luna, un hombre de 56 a\u00f1os a quien \u201clo \u00fanico que le queda es su familia\u201d porque \u201clo ha perdido todo\u201d.<\/p>\n<p>El letrado incluso remarc\u00f3 que, una vez cumplida la sentencia en Estados Unidos, Garc\u00eda Luna iba a tener que enfrentar los mismos cargos en M\u00e9xico, porque ser\u00eda deportado.<\/p>\n<p>Su esposa Linda Pereyra y dos de sus hijos estaban presentes el mi\u00e9rcoles en el tribunal. Otro de sus hijos, Genaro, se ausent\u00f3 porque est\u00e1 enfermo con covid.<\/p>\n<p>Con l\u00e1grimas en sus ojos, Pereyra dijo a CNN tras la condena que apelar\u00e1n a la sentencia. \u201cVamos a seguir luchando\u201d, afirm\u00f3.<\/p>\n<p>Sketch de Genaro Garc\u00eda Luna durante su sentencia. (Cr\u00e9dito: Jane Rosenberg)<\/p>\n<p>La comparaci\u00f3n con el Chapo Guzm\u00e1n y la \u201cdoble vida\u201d de Garc\u00eda Luna, seg\u00fan el juez Cogan<\/p>\n<p>La fiscal Saritha Komatireddy, quien llev\u00f3 el caso, dijo que quien \u201cquita una vida merece vida en la c\u00e1rcel\u201d, y responsabiliz\u00f3 a Garc\u00eda Luna de \u201ccientos de miles de muertes\u201d en Estados Unidos y M\u00e9xico, que le atribuy\u00f3 por haber \u201capoyado, ayudado y trabajado\u201d para el c\u00e1rtel de Sinaloa.<\/p>\n<p>Komatireddy fue tajante al considerar que el c\u00e1rtel de Sinaloa no existir\u00eda como tal si no fuese por el exfuncionario. Adem\u00e1s, compar\u00f3 al exsecretario de Seguridad P\u00fablica de M\u00e9xico con el Chapo Guzm\u00e1n: dijo que \u00e9l es incluso \u201cpeor\u201d porque \u201cpermiti\u00f3 que alguien como el Chapo existiera\u201d.<\/p>\n<p>Al dictar la sentencia, el juez coincidi\u00f3 en las comparaciones con Guzm\u00e1n y consider\u00f3 que lo que hizo el exsecretario es \u201cvivir una doble vida\u201d, en la que se \u201cescond\u00eda detr\u00e1s de una imagen limpia\u201d para cometer ilegalidades.<\/p>\n<p>\u00bfQui\u00e9n es Genaro Garc\u00eda Luna, el exsecretario de Seguridad P\u00fablica de M\u00e9xico sentenciado en Estados Unidos por narcotr\u00e1fico?<\/p>\n<p>Cogan dijo que Garc\u00eda Luna puede ser &#171;m\u00e1s educado y elocuente que el Chapo Guzman, pero es igual de delincuente&#187;.<\/p>\n<p>En esa presunta dualidad que mencion\u00f3 Cogan, reconoci\u00f3 el lado bueno al que se refer\u00eda Garc\u00eda Luna en sus cartas: su vida familiar y su comportamiento en la c\u00e1rcel. Y es por esa raz\u00f3n que, seg\u00fan dijo, decidi\u00f3 sentenciarlo a poco m\u00e1s de 38 a\u00f1os y no a cadena perpetua y as\u00ed darle, seg\u00fan el juez, &#171;una luz al final del t\u00fanel&#187;.<\/p>\n<p>Abogado de Garc\u00eda Luna: \u00c9l consagr\u00f3 su vida al servicio p\u00fablico 5:20<\/p>\n<p>El juez Cogan adem\u00e1s dijo que no tiene \u201cninguna confianza\u201d en la situaci\u00f3n financiera que declar\u00f3 tener Garc\u00eda Luna al decir que no tiene dinero.<\/p>\n<p>En declaraciones tras la sentencia, De Castro dijo que aunque tiene \u201cun inmenso respeto por el juez Cogan\u201d, est\u00e1 en desacuerdo con la forma en que describi\u00f3 a su cliente. Asegur\u00f3 que Genaro Garc\u00eda Luna \u201cno es la persona que describieron los testigos\u201d y que no vivi\u00f3 \u201cuna doble vida\u201d.<\/p>\n<p>El abogado remarc\u00f3 que sostienen su inocencia y que pidi\u00f3 al juez el traslado de Garc\u00eda Luna a una prisi\u00f3n cerca de Washington. El magistrado dijo que tomar\u00eda en consideraci\u00f3n ese pedido.<\/p>\n<p>The-CNN-Wire<br \/>&trade; &amp; &copy; 2024 Cable News Network, Inc., a Warner Bros. Discovery Company. All rights reserved.<\/p>\n","protected":false},"excerpt":{"rendered":"<p>(CNN Espa\u00f1ol) &#8212; Cuando el juez Brian Cogan conden\u00f3 al exsecretario de Seguridad P\u00fablica de M\u00e9xico, Genaro Garc\u00eda Luna, a 460 meses de c\u00e1rcel (m\u00e1s de 38 a\u00f1os de prisi\u00f3n), una multa de US$ 2 millones y cinco a\u00f1os de libertad condicional, habl\u00f3 de una &#171;doble vida&#187; del exfuncionario mexicano y lo compar\u00f3 con el [&hellip;]<\/p>\n","protected":false},"author":0,"featured_media":0,"comment_status":"open","ping_status":"open","sticky":false,"template":"","format":"standard","meta":{"_jetpack_memberships_contains_paid_content":false,"footnotes":""},"categories":[10],"tags":[],"class_list":["post-1455189","post","type-post","status-publish","format-standard","hentry","category-noticias-nacionales","market-global"],"yoast_head":"<!-- This site is optimized with the Yoast SEO plugin v24.4 - https:\/\/yoast.com\/wordpress\/plugins\/seo\/ -->\n<title>Una \u201cdoble vida\u201d y la comparaci\u00f3n con el Chapo Guzm\u00e1n: detr\u00e1s de la condena de Garc\u00eda Luna a m\u00e1s de 38 a\u00f1os de prisi\u00f3n - Noticias<\/title>\n<meta name=\"robots\" content=\"index, follow, max-snippet:-1, max-image-preview:large, max-video-preview:-1\" \/>\n<link rel=\"canonical\" href=\"https:\/\/noticiasya.com\/2024\/10\/17\/condena-genaro-garcia-luna-anios-prision-orix\/\" \/>\n<meta property=\"og:locale\" content=\"es_ES\" \/>\n<meta property=\"og:type\" content=\"article\" \/>\n<meta property=\"og:title\" content=\"Una \u201cdoble vida\u201d y la comparaci\u00f3n con el Chapo Guzm\u00e1n: detr\u00e1s de la condena de Garc\u00eda Luna a m\u00e1s de 38 a\u00f1os de prisi\u00f3n - Noticias\" \/>\n<meta property=\"og:description\" content=\"(CNN Espa\u00f1ol) &#8212; Cuando el juez Brian Cogan conden\u00f3 al exsecretario de Seguridad P\u00fablica de M\u00e9xico, Genaro Garc\u00eda Luna, a 460 meses de c\u00e1rcel (m\u00e1s de 38 a\u00f1os de prisi\u00f3n), una multa de US$ 2 millones y cinco a\u00f1os de libertad condicional, habl\u00f3 de una &#171;doble vida&#187; del exfuncionario mexicano y lo compar\u00f3 con el [&hellip;]\" \/>\n<meta property=\"og:url\" content=\"https:\/\/noticiasya.com\/2024\/10\/17\/condena-genaro-garcia-luna-anios-prision-orix\/\" \/>\n<meta property=\"og:site_name\" content=\"Noticias\" \/>\n<meta property=\"article:published_time\" content=\"2024-10-17T13:03:50+00:00\" \/>\n<meta name=\"twitter:card\" content=\"summary_large_image\" \/>\n<meta name=\"twitter:label1\" content=\"Est. reading time\" \/>\n\t<meta name=\"twitter:data1\" content=\"5 minutos\" \/>\n<script type=\"application\/ld+json\" class=\"yoast-schema-graph\">{\"@context\":\"https:\/\/schema.org\",\"@graph\":[{\"@type\":\"Article\",\"@id\":\"https:\/\/noticiasya.com\/2024\/10\/17\/condena-genaro-garcia-luna-anios-prision-orix\/#article\",\"isPartOf\":{\"@id\":\"https:\/\/noticiasya.com\/2024\/10\/17\/condena-genaro-garcia-luna-anios-prision-orix\/\"},\"author\":{\"name\":\"\",\"@id\":\"\"},\"headline\":\"Una \u201cdoble vida\u201d y la comparaci\u00f3n con el Chapo Guzm\u00e1n: detr\u00e1s de la condena de Garc\u00eda Luna a m\u00e1s de 38 a\u00f1os de prisi\u00f3n\",\"datePublished\":\"2024-10-17T13:03:50+00:00\",\"mainEntityOfPage\":{\"@id\":\"https:\/\/noticiasya.com\/2024\/10\/17\/condena-genaro-garcia-luna-anios-prision-orix\/\"},\"wordCount\":1012,\"commentCount\":0,\"publisher\":{\"@id\":\"https:\/\/noticiasya.com\/#organization\"},\"articleSection\":[\"Noticias Nacionales\"],\"inLanguage\":\"es\",\"potentialAction\":[{\"@type\":\"CommentAction\",\"name\":\"Comment\",\"target\":[\"https:\/\/noticiasya.com\/2024\/10\/17\/condena-genaro-garcia-luna-anios-prision-orix\/#respond\"]}]},{\"@type\":\"WebPage\",\"@id\":\"https:\/\/noticiasya.com\/2024\/10\/17\/condena-genaro-garcia-luna-anios-prision-orix\/\",\"url\":\"https:\/\/noticiasya.com\/2024\/10\/17\/condena-genaro-garcia-luna-anios-prision-orix\/\",\"name\":\"Una \u201cdoble vida\u201d y la comparaci\u00f3n con el Chapo Guzm\u00e1n: detr\u00e1s de la condena de Garc\u00eda Luna a m\u00e1s de 38 a\u00f1os de prisi\u00f3n - Noticias\",\"isPartOf\":{\"@id\":\"https:\/\/noticiasya.com\/#website\"},\"datePublished\":\"2024-10-17T13:03:50+00:00\",\"breadcrumb\":{\"@id\":\"https:\/\/noticiasya.com\/2024\/10\/17\/condena-genaro-garcia-luna-anios-prision-orix\/#breadcrumb\"},\"inLanguage\":\"es\",\"potentialAction\":[{\"@type\":\"ReadAction\",\"target\":[\"https:\/\/noticiasya.com\/2024\/10\/17\/condena-genaro-garcia-luna-anios-prision-orix\/\"]}]},{\"@type\":\"BreadcrumbList\",\"@id\":\"https:\/\/noticiasya.com\/2024\/10\/17\/condena-genaro-garcia-luna-anios-prision-orix\/#breadcrumb\",\"itemListElement\":[{\"@type\":\"ListItem\",\"position\":1,\"name\":\"Home\",\"item\":\"https:\/\/noticiasya.com\/\"},{\"@type\":\"ListItem\",\"position\":2,\"name\":\"Una \u201cdoble vida\u201d y la comparaci\u00f3n con el Chapo Guzm\u00e1n: detr\u00e1s de la condena de Garc\u00eda Luna a m\u00e1s de 38 a\u00f1os de prisi\u00f3n\"}]},{\"@type\":\"WebSite\",\"@id\":\"https:\/\/noticiasya.com\/#website\",\"url\":\"https:\/\/noticiasya.com\/\",\"name\":\"Noticias\",\"description\":\"Lo que importa\",\"publisher\":{\"@id\":\"https:\/\/noticiasya.com\/#organization\"},\"potentialAction\":[{\"@type\":\"SearchAction\",\"target\":{\"@type\":\"EntryPoint\",\"urlTemplate\":\"https:\/\/noticiasya.com\/?s={search_term_string}\"},\"query-input\":{\"@type\":\"PropertyValueSpecification\",\"valueRequired\":true,\"valueName\":\"search_term_string\"}}],\"inLanguage\":\"es\"},{\"@type\":\"Organization\",\"@id\":\"https:\/\/noticiasya.com\/#organization\",\"name\":\"Noticias\",\"url\":\"https:\/\/noticiasya.com\/\",\"logo\":{\"@type\":\"ImageObject\",\"inLanguage\":\"es\",\"@id\":\"https:\/\/noticiasya.com\/#\/schema\/logo\/image\/\",\"url\":\"https:\/\/noticiasya.com\/wp-content\/uploads\/sites\/22\/2023\/12\/logo-nacional.png\",\"contentUrl\":\"https:\/\/noticiasya.com\/wp-content\/uploads\/sites\/22\/2023\/12\/logo-nacional.png\",\"width\":1801,\"height\":691,\"caption\":\"Noticias\"},\"image\":{\"@id\":\"https:\/\/noticiasya.com\/#\/schema\/logo\/image\/\"}}]}<\/script>\n<!-- \/ Yoast SEO plugin. -->","yoast_head_json":{"title":"Una \u201cdoble vida\u201d y la comparaci\u00f3n con el Chapo Guzm\u00e1n: detr\u00e1s de la condena de Garc\u00eda Luna a m\u00e1s de 38 a\u00f1os de prisi\u00f3n - Noticias","robots":{"index":"index","follow":"follow","max-snippet":"max-snippet:-1","max-image-preview":"max-image-preview:large","max-video-preview":"max-video-preview:-1"},"canonical":"https:\/\/noticiasya.com\/2024\/10\/17\/condena-genaro-garcia-luna-anios-prision-orix\/","og_locale":"es_ES","og_type":"article","og_title":"Una \u201cdoble vida\u201d y la comparaci\u00f3n con el Chapo Guzm\u00e1n: detr\u00e1s de la condena de Garc\u00eda Luna a m\u00e1s de 38 a\u00f1os de prisi\u00f3n - Noticias","og_description":"(CNN Espa\u00f1ol) &#8212; Cuando el juez Brian Cogan conden\u00f3 al exsecretario de Seguridad P\u00fablica de M\u00e9xico, Genaro Garc\u00eda Luna, a 460 meses de c\u00e1rcel (m\u00e1s de 38 a\u00f1os de prisi\u00f3n), una multa de US$ 2 millones y cinco a\u00f1os de libertad condicional, habl\u00f3 de una &#171;doble vida&#187; del exfuncionario mexicano y lo compar\u00f3 con el [&hellip;]","og_url":"https:\/\/noticiasya.com\/2024\/10\/17\/condena-genaro-garcia-luna-anios-prision-orix\/","og_site_name":"Noticias","article_published_time":"2024-10-17T13:03:50+00:00","twitter_card":"summary_large_image","twitter_misc":{"Est. reading time":"5 minutos"},"schema":{"@context":"https:\/\/schema.org","@graph":[{"@type":"Article","@id":"https:\/\/noticiasya.com\/2024\/10\/17\/condena-genaro-garcia-luna-anios-prision-orix\/#article","isPartOf":{"@id":"https:\/\/noticiasya.com\/2024\/10\/17\/condena-genaro-garcia-luna-anios-prision-orix\/"},"author":{"name":"","@id":""},"headline":"Una \u201cdoble vida\u201d y la comparaci\u00f3n con el Chapo Guzm\u00e1n: detr\u00e1s de la condena de Garc\u00eda Luna a m\u00e1s de 38 a\u00f1os de prisi\u00f3n","datePublished":"2024-10-17T13:03:50+00:00","mainEntityOfPage":{"@id":"https:\/\/noticiasya.com\/2024\/10\/17\/condena-genaro-garcia-luna-anios-prision-orix\/"},"wordCount":1012,"commentCount":0,"publisher":{"@id":"https:\/\/noticiasya.com\/#organization"},"articleSection":["Noticias Nacionales"],"inLanguage":"es","potentialAction":[{"@type":"CommentAction","name":"Comment","target":["https:\/\/noticiasya.com\/2024\/10\/17\/condena-genaro-garcia-luna-anios-prision-orix\/#respond"]}]},{"@type":"WebPage","@id":"https:\/\/noticiasya.com\/2024\/10\/17\/condena-genaro-garcia-luna-anios-prision-orix\/","url":"https:\/\/noticiasya.com\/2024\/10\/17\/condena-genaro-garcia-luna-anios-prision-orix\/","name":"Una \u201cdoble vida\u201d y la comparaci\u00f3n con el Chapo Guzm\u00e1n: detr\u00e1s de la condena de Garc\u00eda Luna a m\u00e1s de 38 a\u00f1os de prisi\u00f3n - Noticias","isPartOf":{"@id":"https:\/\/noticiasya.com\/#website"},"datePublished":"2024-10-17T13:03:50+00:00","breadcrumb":{"@id":"https:\/\/noticiasya.com\/2024\/10\/17\/condena-genaro-garcia-luna-anios-prision-orix\/#breadcrumb"},"inLanguage":"es","potentialAction":[{"@type":"ReadAction","target":["https:\/\/noticiasya.com\/2024\/10\/17\/condena-genaro-garcia-luna-anios-prision-orix\/"]}]},{"@type":"BreadcrumbList","@id":"https:\/\/noticiasya.com\/2024\/10\/17\/condena-genaro-garcia-luna-anios-prision-orix\/#breadcrumb","itemListElement":[{"@type":"ListItem","position":1,"name":"Home","item":"https:\/\/noticiasya.com\/"},{"@type":"ListItem","position":2,"name":"Una \u201cdoble vida\u201d y la comparaci\u00f3n con el Chapo Guzm\u00e1n: detr\u00e1s de la condena de Garc\u00eda Luna a m\u00e1s de 38 a\u00f1os de prisi\u00f3n"}]},{"@type":"WebSite","@id":"https:\/\/noticiasya.com\/#website","url":"https:\/\/noticiasya.com\/","name":"Noticias","description":"Lo que importa","publisher":{"@id":"https:\/\/noticiasya.com\/#organization"},"potentialAction":[{"@type":"SearchAction","target":{"@type":"EntryPoint","urlTemplate":"https:\/\/noticiasya.com\/?s={search_term_string}"},"query-input":{"@type":"PropertyValueSpecification","valueRequired":true,"valueName":"search_term_string"}}],"inLanguage":"es"},{"@type":"Organization","@id":"https:\/\/noticiasya.com\/#organization","name":"Noticias","url":"https:\/\/noticiasya.com\/","logo":{"@type":"ImageObject","inLanguage":"es","@id":"https:\/\/noticiasya.com\/#\/schema\/logo\/image\/","url":"https:\/\/noticiasya.com\/wp-content\/uploads\/sites\/22\/2023\/12\/logo-nacional.png","contentUrl":"https:\/\/noticiasya.com\/wp-content\/uploads\/sites\/22\/2023\/12\/logo-nacional.png","width":1801,"height":691,"caption":"Noticias"},"image":{"@id":"https:\/\/noticiasya.com\/#\/schema\/logo\/image\/"}}]}},"parsely":{"version":"1.1.0","canonical_url":"https:\/\/noticiasya.com\/midland-odessa\/2024\/10\/17\/condena-genaro-garcia-luna-anios-prision-orix\/","smart_links":{"inbound":0,"outbound":0},"traffic_boost_suggestions_count":0,"meta":{"@context":"https:\/\/schema.org","@type":"NewsArticle","headline":"Una \u201cdoble vida\u201d y la comparaci\u00f3n con el Chapo Guzm\u00e1n: detr\u00e1s de la condena de Garc\u00eda Luna a m\u00e1s de 38 a\u00f1os de prisi\u00f3n","url":"http:\/\/noticiasya.com\/midland-odessa\/2024\/10\/17\/condena-genaro-garcia-luna-anios-prision-orix\/","mainEntityOfPage":{"@type":"WebPage","@id":"http:\/\/noticiasya.com\/midland-odessa\/2024\/10\/17\/condena-genaro-garcia-luna-anios-prision-orix\/"},"thumbnailUrl":"","image":{"@type":"ImageObject","url":""},"articleSection":"Noticias Nacionales","author":[],"creator":[],"publisher":{"@type":"Organization","name":"Noticias","logo":""},"keywords":[],"dateCreated":"2024-10-17T13:03:50Z","datePublished":"2024-10-17T13:03:50Z","dateModified":"2024-10-17T13:03:50Z"},"rendered":"<script type=\"application\/ld+json\" class=\"wp-parsely-metadata\">{\"@context\":\"https:\\\/\\\/schema.org\",\"@type\":\"NewsArticle\",\"headline\":\"Una \\u201cdoble vida\\u201d y la comparaci\\u00f3n con el Chapo Guzm\\u00e1n: detr\\u00e1s de la condena de Garc\\u00eda Luna a m\\u00e1s de 38 a\\u00f1os de prisi\\u00f3n\",\"url\":\"http:\\\/\\\/noticiasya.com\\\/midland-odessa\\\/2024\\\/10\\\/17\\\/condena-genaro-garcia-luna-anios-prision-orix\\\/\",\"mainEntityOfPage\":{\"@type\":\"WebPage\",\"@id\":\"http:\\\/\\\/noticiasya.com\\\/midland-odessa\\\/2024\\\/10\\\/17\\\/condena-genaro-garcia-luna-anios-prision-orix\\\/\"},\"thumbnailUrl\":\"\",\"image\":{\"@type\":\"ImageObject\",\"url\":\"\"},\"articleSection\":\"Noticias Nacionales\",\"author\":[],\"creator\":[],\"publisher\":{\"@type\":\"Organization\",\"name\":\"Noticias\",\"logo\":\"\"},\"keywords\":[],\"dateCreated\":\"2024-10-17T13:03:50Z\",\"datePublished\":\"2024-10-17T13:03:50Z\",\"dateModified\":\"2024-10-17T13:03:50Z\"}<\/script>","tracker_url":"https:\/\/cdn.parsely.com\/keys\/noticiasya.com\/p.js"},"jetpack_featured_media_url":"","jetpack-related-posts":[{"id":1455121,"url":"https:\/\/noticiasya.com\/midland-odessa\/2024\/10\/15\/genaro-garcia-luna-clemencia-al-juez-antes-sentencia-orix\/","url_meta":{"origin":1455189,"position":0},"title":"Genaro Garc\u00eda Luna pide clemencia al juez un d\u00eda antes de su sentencia","author":"","date":"octubre 15, 2024","format":false,"excerpt":"(CNN Espa\u00f1ol) --\u00a0Genaro Garc\u00eda Luna, secretario de Seguridad P\u00fablica de M\u00e9xico durante la presidencia de Felipe Calder\u00f3n y juzgado en Estados Unidos por cargos de narcotr\u00e1fico y v\u00ednculos con la delincuencia organizada, pidi\u00f3 este martes clemencia al juez Brian Cogan, que dar\u00e1 sentencia de su caso.A un d\u00eda de su\u2026","rel":"","context":"In &quot;Noticias Nacionales&quot;","block_context":{"text":"Noticias Nacionales","link":"https:\/\/noticiasya.com\/midland-odessa\/categoria\/noticias-nacionales"},"img":{"alt_text":"","src":"","width":0,"height":0},"classes":[]},{"id":1447161,"url":"https:\/\/noticiasya.com\/midland-odessa\/2024\/03\/20\/defensa-genaro-garcia-luna-vuelve-pedir-la-anulacion-veredicto-orix\/","url_meta":{"origin":1455189,"position":1},"title":"La defensa de Genaro Garc\u00eda Luna vuelve a pedir la anulaci\u00f3n del veredicto que lo conden\u00f3","author":"","date":"marzo 20, 2024","format":false,"excerpt":"(CNN Espa\u00f1ol) --\u00a0La defensa de Genaro Garc\u00eda Luna present\u00f3 este martes una nueva moci\u00f3n para insistir que se anule el juicio que conden\u00f3 al exsecretario de Seguridad Ciudadana de M\u00e9xico en Estados Unidos, seg\u00fan los documentos judiciales a los que tuvo acceso CNN.En su solicitud al juez federal Brian Cogan,\u2026","rel":"","context":"In &quot;Noticias Nacionales&quot;","block_context":{"text":"Noticias Nacionales","link":"https:\/\/noticiasya.com\/midland-odessa\/categoria\/noticias-nacionales"},"img":{"alt_text":"","src":"","width":0,"height":0},"classes":[]},{"id":1464206,"url":"https:\/\/noticiasya.com\/midland-odessa\/2025\/07\/03\/defensa-garcia-luna-rechaza-traslado-prision-colorado-orix\/","url_meta":{"origin":1455189,"position":2},"title":"La defensa de Garc\u00eda Luna rechaza su traslado a prisi\u00f3n de m\u00e1xima seguridad en Colorado","author":"","date":"julio 3, 2025","format":false,"excerpt":"La defensa legal de Genaro Garc\u00eda Luna denunci\u00f3 que su cliente fue trasladado sin raz\u00f3n alguna de una c\u00e1rcel en Nueva York a la prisi\u00f3n de m\u00e1xima seguridad Florence, en Colorado, donde est\u00e1n recluidos criminales de alto perfil como Joaqu\u00edn \u201cEl Chapo\u201d Guzm\u00e1n.C\u00e9sar de Castro, abogado de Garc\u00eda Luna en\u2026","rel":"","context":"In &quot;Noticias Nacionales&quot;","block_context":{"text":"Noticias Nacionales","link":"https:\/\/noticiasya.com\/midland-odessa\/categoria\/noticias-nacionales"},"img":{"alt_text":"","src":"","width":0,"height":0},"classes":[]},{"id":1452863,"url":"https:\/\/noticiasya.com\/midland-odessa\/2024\/09\/19\/solicitan-ee-uu-cadena-perpetua-multa-millonaria-garcia-luna-orix\/","url_meta":{"origin":1455189,"position":3},"title":"Solicitan en EE.UU. cadena perpetua y multa millonaria contra Genaro Garc\u00eda Luna","author":"","date":"septiembre 19, 2024","format":false,"excerpt":"(CNN Espa\u00f1ol) -- El Departamento de Justicia de Estados Unidos solicit\u00f3 este jueves cadena perpetua y una multa de US$ 5 millones para el exsecretario de Seguridad P\u00fablica de M\u00e9xico Genaro Garc\u00eda Luna, declarado culpable por delitos relacionados con narcotr\u00e1fico.El documento enviado a la corte del Distrito Este de Nueva\u2026","rel":"","context":"In &quot;Noticias Nacionales&quot;","block_context":{"text":"Noticias Nacionales","link":"https:\/\/noticiasya.com\/midland-odessa\/categoria\/noticias-nacionales"},"img":{"alt_text":"","src":"","width":0,"height":0},"classes":[]},{"id":1455235,"url":"https:\/\/noticiasya.com\/midland-odessa\/2024\/10\/18\/el-mayo-zambada-primera-audiencia-juez-brian-cogan-orix\/","url_meta":{"origin":1455189,"position":4},"title":"Con mejor apariencia e inexpresivo, el Mayo Zambada acude a su primera audiencia frente al juez Brian Cogan","author":"","date":"octubre 18, 2024","format":false,"excerpt":"(CNN Espa\u00f1ol) -- Ismael \"el Mayo\" Zambada lleg\u00f3 este viernes a su segunda audiencia en Nueva York y la primera ante el juez Brian Cogan, el mismo que este mi\u00e9rcoles conden\u00f3 al exsecretario de Seguridad de M\u00e9xico, Genaro Garc\u00eda Luna, y a Joaqu\u00edn \"el Chapo\" Guzm\u00e1n en 2019, vestido de\u2026","rel":"","context":"In &quot;Noticias Nacionales&quot;","block_context":{"text":"Noticias Nacionales","link":"https:\/\/noticiasya.com\/midland-odessa\/categoria\/noticias-nacionales"},"img":{"alt_text":"","src":"","width":0,"height":0},"classes":[]},{"id":1455154,"url":"https:\/\/noticiasya.com\/midland-odessa\/2024\/10\/16\/sheinbaum-garcia-luna-reaccion-felipe-calderon-orix\/","url_meta":{"origin":1455189,"position":5},"title":"Sheinbaum dice que espera \u201cla sentencia de Garc\u00eda Luna y la reacci\u00f3n del expresidente Felipe Calder\u00f3n\u201d","author":"","date":"octubre 16, 2024","format":false,"excerpt":"(CNN Espa\u00f1ol) -- La presidenta de M\u00e9xico, Claudia Sheinbaum, en su rueda de prensa matutina del mi\u00e9rcoles expres\u00f3 que la carta que Genaro Garc\u00eda Luna, secretario de Seguridad P\u00fablica durante la presidencia de Felipe Calder\u00f3n y juzgado en Estados Unidos por cargos de narcotr\u00e1fico y v\u00ednculos con la delincuencia organizada,\u2026","rel":"","context":"In &quot;Noticias Nacionales&quot;","block_context":{"text":"Noticias Nacionales","link":"https:\/\/noticiasya.com\/midland-odessa\/categoria\/noticias-nacionales"},"img":{"alt_text":"","src":"","width":0,"height":0},"classes":[]}],"jetpack_sharing_enabled":true,"_links":{"self":[{"href":"https:\/\/noticiasya.com\/midland-odessa\/wp-json\/wp\/v2\/posts\/1455189","targetHints":{"allow":["GET"]}}],"collection":[{"href":"https:\/\/noticiasya.com\/midland-odessa\/wp-json\/wp\/v2\/posts"}],"about":[{"href":"https:\/\/noticiasya.com\/midland-odessa\/wp-json\/wp\/v2\/types\/post"}],"replies":[{"embeddable":true,"href":"https:\/\/noticiasya.com\/midland-odessa\/wp-json\/wp\/v2\/comments?post=1455189"}],"version-history":[{"count":0,"href":"https:\/\/noticiasya.com\/midland-odessa\/wp-json\/wp\/v2\/posts\/1455189\/revisions"}],"wp:attachment":[{"href":"https:\/\/noticiasya.com\/midland-odessa\/wp-json\/wp\/v2\/media?parent=1455189"}],"wp:term":[{"taxonomy":"category","embeddable":true,"href":"https:\/\/noticiasya.com\/midland-odessa\/wp-json\/wp\/v2\/categories?post=1455189"},{"taxonomy":"post_tag","embeddable":true,"href":"https:\/\/noticiasya.com\/midland-odessa\/wp-json\/wp\/v2\/tags?post=1455189"}],"curies":[{"name":"wp","href":"https:\/\/api.w.org\/{rel}","templated":true}]}}