{"id":1455196,"date":"2024-10-17T14:03:44","date_gmt":"2024-10-17T21:03:44","guid":{"rendered":"https:\/\/noticiasya.com\/2024\/10\/17\/que-dice-reforma-laboral-mexico-seguridad-social-choferes-repartidores-aplicaciones-orix\/"},"modified":"2024-10-17T14:03:44","modified_gmt":"2024-10-17T21:03:44","slug":"que-dice-reforma-laboral-mexico-seguridad-social-choferes-repartidores-aplicaciones-orix","status":"publish","type":"post","link":"https:\/\/noticiasya.com\/midland-odessa\/2024\/10\/17\/que-dice-reforma-laboral-mexico-seguridad-social-choferes-repartidores-aplicaciones-orix\/","title":{"rendered":"Qu\u00e9 dice la reforma laboral en M\u00e9xico sobre la seguridad social de choferes y repartidores de aplicaciones"},"content":{"rendered":"<p>(CNN Espa\u00f1ol) \u2014 El Gobierno de M\u00e9xico present\u00f3 una iniciativa de reforma a la ley Federal del Trabajo para regular las condiciones laborales de los trabajadores de plataformas digitales, como choferes y repartidores. Abarcar\u00eda a cerca de 658.000 personas, seg\u00fan datos del Servicio de Administraci\u00f3n Tributaria (SAT).<\/p>\n<p>La reforma otorgar\u00eda a estos trabajadores acceso a derechos laborales como la seguridad social, a trav\u00e9s del Instituto Mexicano del Seguro Social (IMSS), cr\u00e9ditos del Infonavit y seguro contra accidentes, seg\u00fan el Gobierno.<\/p>\n<p>\u00bfEn qu\u00e9 consiste la reforma sobre el sector energ\u00e9tico en M\u00e9xico?<\/p>\n<p>La presidenta Claudia Sheinbaum dijo en su conferencia matutina el mi\u00e9rcoles que las plataformas integran a los trabajadores de una manera que \u201cno tiene nada que ver con la ley Federal del Trabajo, en una manera de no reconocer las obligaciones que tiene un empleador con sus trabajadores\u201d.<\/p>\n<p>\u201cSe contratan como socios, que no son socios, solamente para evitar incorporar a las y los trabajadores a los derechos que deben de tener. Si fueran socios, deber\u00edan de tener tambi\u00e9n reparto de utilidades\u201d, dijo Sheinbaum.<\/p>\n<p>Estos son los puntos clave de la reforma:<\/p>\n<p>Acceso a la seguridad social<\/p>\n<p>La reforma se\u00f1ala que los trabajadores que generen m\u00e1s de un salario m\u00ednimo mensual tengan acceso a la seguridad social a trav\u00e9s del Instituto Mexicano del Seguro Social (IMSS), lo que incluye cobertura en riesgos de trabajo, enfermedades, incapacidades, pensiones y guarder\u00edas. Adem\u00e1s, podr\u00e1n acceder a cr\u00e9ditos del Infonavit.<\/p>\n<p>Seg\u00fan datos del Servicio de Administraci\u00f3n Tributaria (SAT), actualmente el 41% de los trabajadores de plataformas digitales en M\u00e9xico (unas 272.000 personas) logran ingresos equivalentes o superiores al salario m\u00ednimo mensual.<\/p>\n<p>Se plantea que el IMSS implemente un programa piloto de 180 d\u00edas, obligatorio para las plataformas, para hacer los ajustes necesarios.<\/p>\n<p>Los trabajadores podr\u00edan darse de alta en el IMSS al comienzo del mes sin pago, con ajuste retroactivo y pagar al final del mes. Cada plataforma tendr\u00eda registros patronales a nivel nacional. Los trabajadores que no alcancen un salario m\u00ednimo podr\u00edan asegurarse en el r\u00e9gimen de trabajadores independientes.<\/p>\n<p>Seguro contra accidentes<\/p>\n<p>Todos los trabajadores de plataformas, sin importar el nivel de ingresos, tendr\u00edan protecci\u00f3n contra accidentes laborales en el tiempo que presten sus servicios, seg\u00fan el proyecto oficialista. En caso de un accidente, la plataforma en la que se est\u00e9 trabajando ser\u00e1 responsable de cubrir la atenci\u00f3n y el aseguramiento.<\/p>\n<p>Contratos \u201cm\u00e1s claros\u201d<\/p>\n<p>De aprobarse la reforma, las plataformas deber\u00e1n registrar el contrato de sus trabajadores ante el Centro Federal de Conciliaci\u00f3n y Registro Laboral. Este contrato deber\u00e1 contener las reglas del algoritmo que gestiona la asignaci\u00f3n de tareas en las plataformas, con lo que se busca ofrecer mayor transparencia sobre los mecanismos de asignaci\u00f3n de los servicios y claridad en las condiciones laborales de los trabajadores.<\/p>\n<p>Flexibilidad de horarios<\/p>\n<p>La reforma mantiene la flexibilidad del modelo de las plataformas, permitiendo que los trabajadores sigan eligiendo sus horarios y las aplicaciones en las que quieran trabajar. No habr\u00eda cambios en el modelo de negocio.<\/p>\n<p>Se mantendr\u00eda tambi\u00e9n la subordinaci\u00f3n discontinua, que se refiere al tiempo en que el trabajador est\u00e1 prestando el servicio.<\/p>\n<p>Derecho a desconexi\u00f3n<\/p>\n<p>La reforma establece mecanismos para que las plataformas no puedan desconectar a sus trabajadores de manera arbitraria. Se deber\u00e1 notificar a los trabajadores con al menos tres d\u00edas de anticipaci\u00f3n antes de una desconexi\u00f3n, salvo en casos graves, como cuando haya un incumplimiento de pedidos. Los procesos de desconexi\u00f3n deber\u00e1n ser gestionados por personas y no por algoritmos.<\/p>\n<p>Perspectiva de g\u00e9nero<\/p>\n<p>Se incluyen disposiciones con perspectiva de g\u00e9nero, incorporando mecanismos especializados para prevenir y atender casos de acoso u hostigamiento.<\/p>\n<p>The-CNN-Wire<br \/>&trade; &amp; &copy; 2024 Cable News Network, Inc., a Warner Bros. Discovery Company. All rights reserved.<\/p>\n","protected":false},"excerpt":{"rendered":"<p>(CNN Espa\u00f1ol) \u2014 El Gobierno de M\u00e9xico present\u00f3 una iniciativa de reforma a la ley Federal del Trabajo para regular las condiciones laborales de los trabajadores de plataformas digitales, como choferes y repartidores. Abarcar\u00eda a cerca de 658.000 personas, seg\u00fan datos del Servicio de Administraci\u00f3n Tributaria (SAT). La reforma otorgar\u00eda a estos trabajadores acceso a [&hellip;]<\/p>\n","protected":false},"author":0,"featured_media":0,"comment_status":"open","ping_status":"open","sticky":false,"template":"","format":"standard","meta":{"_jetpack_memberships_contains_paid_content":false,"footnotes":""},"categories":[10],"tags":[],"class_list":["post-1455196","post","type-post","status-publish","format-standard","hentry","category-noticias-nacionales","market-global"],"yoast_head":"<!-- This site is optimized with the Yoast SEO plugin v24.4 - https:\/\/yoast.com\/wordpress\/plugins\/seo\/ -->\n<title>Qu\u00e9 dice la reforma laboral en M\u00e9xico sobre la seguridad social de choferes y repartidores de aplicaciones - Noticias<\/title>\n<meta name=\"robots\" content=\"index, follow, max-snippet:-1, max-image-preview:large, max-video-preview:-1\" \/>\n<link rel=\"canonical\" href=\"https:\/\/noticiasya.com\/2024\/10\/17\/que-dice-reforma-laboral-mexico-seguridad-social-choferes-repartidores-aplicaciones-orix\/\" \/>\n<meta property=\"og:locale\" content=\"es_ES\" \/>\n<meta property=\"og:type\" content=\"article\" \/>\n<meta property=\"og:title\" content=\"Qu\u00e9 dice la reforma laboral en M\u00e9xico sobre la seguridad social de choferes y repartidores de aplicaciones - Noticias\" \/>\n<meta property=\"og:description\" content=\"(CNN Espa\u00f1ol) \u2014 El Gobierno de M\u00e9xico present\u00f3 una iniciativa de reforma a la ley Federal del Trabajo para regular las condiciones laborales de los trabajadores de plataformas digitales, como choferes y repartidores. Abarcar\u00eda a cerca de 658.000 personas, seg\u00fan datos del Servicio de Administraci\u00f3n Tributaria (SAT). La reforma otorgar\u00eda a estos trabajadores acceso a [&hellip;]\" \/>\n<meta property=\"og:url\" content=\"https:\/\/noticiasya.com\/2024\/10\/17\/que-dice-reforma-laboral-mexico-seguridad-social-choferes-repartidores-aplicaciones-orix\/\" \/>\n<meta property=\"og:site_name\" content=\"Noticias\" \/>\n<meta property=\"article:published_time\" content=\"2024-10-17T21:03:44+00:00\" \/>\n<meta name=\"twitter:card\" content=\"summary_large_image\" \/>\n<meta name=\"twitter:label1\" content=\"Est. reading time\" \/>\n\t<meta name=\"twitter:data1\" content=\"3 minutos\" \/>\n<script type=\"application\/ld+json\" class=\"yoast-schema-graph\">{\"@context\":\"https:\/\/schema.org\",\"@graph\":[{\"@type\":\"Article\",\"@id\":\"https:\/\/noticiasya.com\/2024\/10\/17\/que-dice-reforma-laboral-mexico-seguridad-social-choferes-repartidores-aplicaciones-orix\/#article\",\"isPartOf\":{\"@id\":\"https:\/\/noticiasya.com\/2024\/10\/17\/que-dice-reforma-laboral-mexico-seguridad-social-choferes-repartidores-aplicaciones-orix\/\"},\"author\":{\"name\":\"\",\"@id\":\"\"},\"headline\":\"Qu\u00e9 dice la reforma laboral en M\u00e9xico sobre la seguridad social de choferes y repartidores de aplicaciones\",\"datePublished\":\"2024-10-17T21:03:44+00:00\",\"mainEntityOfPage\":{\"@id\":\"https:\/\/noticiasya.com\/2024\/10\/17\/que-dice-reforma-laboral-mexico-seguridad-social-choferes-repartidores-aplicaciones-orix\/\"},\"wordCount\":677,\"commentCount\":0,\"publisher\":{\"@id\":\"https:\/\/noticiasya.com\/#organization\"},\"articleSection\":[\"Noticias Nacionales\"],\"inLanguage\":\"es\",\"potentialAction\":[{\"@type\":\"CommentAction\",\"name\":\"Comment\",\"target\":[\"https:\/\/noticiasya.com\/2024\/10\/17\/que-dice-reforma-laboral-mexico-seguridad-social-choferes-repartidores-aplicaciones-orix\/#respond\"]}]},{\"@type\":\"WebPage\",\"@id\":\"https:\/\/noticiasya.com\/2024\/10\/17\/que-dice-reforma-laboral-mexico-seguridad-social-choferes-repartidores-aplicaciones-orix\/\",\"url\":\"https:\/\/noticiasya.com\/2024\/10\/17\/que-dice-reforma-laboral-mexico-seguridad-social-choferes-repartidores-aplicaciones-orix\/\",\"name\":\"Qu\u00e9 dice la reforma laboral en M\u00e9xico sobre la seguridad social de choferes y repartidores de aplicaciones - Noticias\",\"isPartOf\":{\"@id\":\"https:\/\/noticiasya.com\/#website\"},\"datePublished\":\"2024-10-17T21:03:44+00:00\",\"breadcrumb\":{\"@id\":\"https:\/\/noticiasya.com\/2024\/10\/17\/que-dice-reforma-laboral-mexico-seguridad-social-choferes-repartidores-aplicaciones-orix\/#breadcrumb\"},\"inLanguage\":\"es\",\"potentialAction\":[{\"@type\":\"ReadAction\",\"target\":[\"https:\/\/noticiasya.com\/2024\/10\/17\/que-dice-reforma-laboral-mexico-seguridad-social-choferes-repartidores-aplicaciones-orix\/\"]}]},{\"@type\":\"BreadcrumbList\",\"@id\":\"https:\/\/noticiasya.com\/2024\/10\/17\/que-dice-reforma-laboral-mexico-seguridad-social-choferes-repartidores-aplicaciones-orix\/#breadcrumb\",\"itemListElement\":[{\"@type\":\"ListItem\",\"position\":1,\"name\":\"Home\",\"item\":\"https:\/\/noticiasya.com\/\"},{\"@type\":\"ListItem\",\"position\":2,\"name\":\"Qu\u00e9 dice la reforma laboral en M\u00e9xico sobre la seguridad social de choferes y repartidores de aplicaciones\"}]},{\"@type\":\"WebSite\",\"@id\":\"https:\/\/noticiasya.com\/#website\",\"url\":\"https:\/\/noticiasya.com\/\",\"name\":\"Noticias\",\"description\":\"Lo que importa\",\"publisher\":{\"@id\":\"https:\/\/noticiasya.com\/#organization\"},\"potentialAction\":[{\"@type\":\"SearchAction\",\"target\":{\"@type\":\"EntryPoint\",\"urlTemplate\":\"https:\/\/noticiasya.com\/?s={search_term_string}\"},\"query-input\":{\"@type\":\"PropertyValueSpecification\",\"valueRequired\":true,\"valueName\":\"search_term_string\"}}],\"inLanguage\":\"es\"},{\"@type\":\"Organization\",\"@id\":\"https:\/\/noticiasya.com\/#organization\",\"name\":\"Noticias\",\"url\":\"https:\/\/noticiasya.com\/\",\"logo\":{\"@type\":\"ImageObject\",\"inLanguage\":\"es\",\"@id\":\"https:\/\/noticiasya.com\/#\/schema\/logo\/image\/\",\"url\":\"https:\/\/noticiasya.com\/wp-content\/uploads\/sites\/22\/2023\/12\/logo-nacional.png\",\"contentUrl\":\"https:\/\/noticiasya.com\/wp-content\/uploads\/sites\/22\/2023\/12\/logo-nacional.png\",\"width\":1801,\"height\":691,\"caption\":\"Noticias\"},\"image\":{\"@id\":\"https:\/\/noticiasya.com\/#\/schema\/logo\/image\/\"}}]}<\/script>\n<!-- \/ Yoast SEO plugin. -->","yoast_head_json":{"title":"Qu\u00e9 dice la reforma laboral en M\u00e9xico sobre la seguridad social de choferes y repartidores de aplicaciones - Noticias","robots":{"index":"index","follow":"follow","max-snippet":"max-snippet:-1","max-image-preview":"max-image-preview:large","max-video-preview":"max-video-preview:-1"},"canonical":"https:\/\/noticiasya.com\/2024\/10\/17\/que-dice-reforma-laboral-mexico-seguridad-social-choferes-repartidores-aplicaciones-orix\/","og_locale":"es_ES","og_type":"article","og_title":"Qu\u00e9 dice la reforma laboral en M\u00e9xico sobre la seguridad social de choferes y repartidores de aplicaciones - Noticias","og_description":"(CNN Espa\u00f1ol) \u2014 El Gobierno de M\u00e9xico present\u00f3 una iniciativa de reforma a la ley Federal del Trabajo para regular las condiciones laborales de los trabajadores de plataformas digitales, como choferes y repartidores. Abarcar\u00eda a cerca de 658.000 personas, seg\u00fan datos del Servicio de Administraci\u00f3n Tributaria (SAT). La reforma otorgar\u00eda a estos trabajadores acceso a [&hellip;]","og_url":"https:\/\/noticiasya.com\/2024\/10\/17\/que-dice-reforma-laboral-mexico-seguridad-social-choferes-repartidores-aplicaciones-orix\/","og_site_name":"Noticias","article_published_time":"2024-10-17T21:03:44+00:00","twitter_card":"summary_large_image","twitter_misc":{"Est. reading time":"3 minutos"},"schema":{"@context":"https:\/\/schema.org","@graph":[{"@type":"Article","@id":"https:\/\/noticiasya.com\/2024\/10\/17\/que-dice-reforma-laboral-mexico-seguridad-social-choferes-repartidores-aplicaciones-orix\/#article","isPartOf":{"@id":"https:\/\/noticiasya.com\/2024\/10\/17\/que-dice-reforma-laboral-mexico-seguridad-social-choferes-repartidores-aplicaciones-orix\/"},"author":{"name":"","@id":""},"headline":"Qu\u00e9 dice la reforma laboral en M\u00e9xico sobre la seguridad social de choferes y repartidores de aplicaciones","datePublished":"2024-10-17T21:03:44+00:00","mainEntityOfPage":{"@id":"https:\/\/noticiasya.com\/2024\/10\/17\/que-dice-reforma-laboral-mexico-seguridad-social-choferes-repartidores-aplicaciones-orix\/"},"wordCount":677,"commentCount":0,"publisher":{"@id":"https:\/\/noticiasya.com\/#organization"},"articleSection":["Noticias Nacionales"],"inLanguage":"es","potentialAction":[{"@type":"CommentAction","name":"Comment","target":["https:\/\/noticiasya.com\/2024\/10\/17\/que-dice-reforma-laboral-mexico-seguridad-social-choferes-repartidores-aplicaciones-orix\/#respond"]}]},{"@type":"WebPage","@id":"https:\/\/noticiasya.com\/2024\/10\/17\/que-dice-reforma-laboral-mexico-seguridad-social-choferes-repartidores-aplicaciones-orix\/","url":"https:\/\/noticiasya.com\/2024\/10\/17\/que-dice-reforma-laboral-mexico-seguridad-social-choferes-repartidores-aplicaciones-orix\/","name":"Qu\u00e9 dice la reforma laboral en M\u00e9xico sobre la seguridad social de choferes y repartidores de aplicaciones - Noticias","isPartOf":{"@id":"https:\/\/noticiasya.com\/#website"},"datePublished":"2024-10-17T21:03:44+00:00","breadcrumb":{"@id":"https:\/\/noticiasya.com\/2024\/10\/17\/que-dice-reforma-laboral-mexico-seguridad-social-choferes-repartidores-aplicaciones-orix\/#breadcrumb"},"inLanguage":"es","potentialAction":[{"@type":"ReadAction","target":["https:\/\/noticiasya.com\/2024\/10\/17\/que-dice-reforma-laboral-mexico-seguridad-social-choferes-repartidores-aplicaciones-orix\/"]}]},{"@type":"BreadcrumbList","@id":"https:\/\/noticiasya.com\/2024\/10\/17\/que-dice-reforma-laboral-mexico-seguridad-social-choferes-repartidores-aplicaciones-orix\/#breadcrumb","itemListElement":[{"@type":"ListItem","position":1,"name":"Home","item":"https:\/\/noticiasya.com\/"},{"@type":"ListItem","position":2,"name":"Qu\u00e9 dice la reforma laboral en M\u00e9xico sobre la seguridad social de choferes y repartidores de aplicaciones"}]},{"@type":"WebSite","@id":"https:\/\/noticiasya.com\/#website","url":"https:\/\/noticiasya.com\/","name":"Noticias","description":"Lo que importa","publisher":{"@id":"https:\/\/noticiasya.com\/#organization"},"potentialAction":[{"@type":"SearchAction","target":{"@type":"EntryPoint","urlTemplate":"https:\/\/noticiasya.com\/?s={search_term_string}"},"query-input":{"@type":"PropertyValueSpecification","valueRequired":true,"valueName":"search_term_string"}}],"inLanguage":"es"},{"@type":"Organization","@id":"https:\/\/noticiasya.com\/#organization","name":"Noticias","url":"https:\/\/noticiasya.com\/","logo":{"@type":"ImageObject","inLanguage":"es","@id":"https:\/\/noticiasya.com\/#\/schema\/logo\/image\/","url":"https:\/\/noticiasya.com\/wp-content\/uploads\/sites\/22\/2023\/12\/logo-nacional.png","contentUrl":"https:\/\/noticiasya.com\/wp-content\/uploads\/sites\/22\/2023\/12\/logo-nacional.png","width":1801,"height":691,"caption":"Noticias"},"image":{"@id":"https:\/\/noticiasya.com\/#\/schema\/logo\/image\/"}}]}},"parsely":{"version":"1.1.0","canonical_url":"https:\/\/noticiasya.com\/midland-odessa\/2024\/10\/17\/que-dice-reforma-laboral-mexico-seguridad-social-choferes-repartidores-aplicaciones-orix\/","smart_links":{"inbound":0,"outbound":0},"traffic_boost_suggestions_count":0,"meta":{"@context":"https:\/\/schema.org","@type":"NewsArticle","headline":"Qu\u00e9 dice la reforma laboral en M\u00e9xico sobre la seguridad social de choferes y repartidores de aplicaciones","url":"http:\/\/noticiasya.com\/midland-odessa\/2024\/10\/17\/que-dice-reforma-laboral-mexico-seguridad-social-choferes-repartidores-aplicaciones-orix\/","mainEntityOfPage":{"@type":"WebPage","@id":"http:\/\/noticiasya.com\/midland-odessa\/2024\/10\/17\/que-dice-reforma-laboral-mexico-seguridad-social-choferes-repartidores-aplicaciones-orix\/"},"thumbnailUrl":"","image":{"@type":"ImageObject","url":""},"articleSection":"Noticias Nacionales","author":[],"creator":[],"publisher":{"@type":"Organization","name":"Noticias","logo":""},"keywords":[],"dateCreated":"2024-10-17T21:03:44Z","datePublished":"2024-10-17T21:03:44Z","dateModified":"2024-10-17T21:03:44Z"},"rendered":"<script type=\"application\/ld+json\" class=\"wp-parsely-metadata\">{\"@context\":\"https:\\\/\\\/schema.org\",\"@type\":\"NewsArticle\",\"headline\":\"Qu\\u00e9 dice la reforma laboral en M\\u00e9xico sobre la seguridad social de choferes y repartidores de aplicaciones\",\"url\":\"http:\\\/\\\/noticiasya.com\\\/midland-odessa\\\/2024\\\/10\\\/17\\\/que-dice-reforma-laboral-mexico-seguridad-social-choferes-repartidores-aplicaciones-orix\\\/\",\"mainEntityOfPage\":{\"@type\":\"WebPage\",\"@id\":\"http:\\\/\\\/noticiasya.com\\\/midland-odessa\\\/2024\\\/10\\\/17\\\/que-dice-reforma-laboral-mexico-seguridad-social-choferes-repartidores-aplicaciones-orix\\\/\"},\"thumbnailUrl\":\"\",\"image\":{\"@type\":\"ImageObject\",\"url\":\"\"},\"articleSection\":\"Noticias Nacionales\",\"author\":[],\"creator\":[],\"publisher\":{\"@type\":\"Organization\",\"name\":\"Noticias\",\"logo\":\"\"},\"keywords\":[],\"dateCreated\":\"2024-10-17T21:03:44Z\",\"datePublished\":\"2024-10-17T21:03:44Z\",\"dateModified\":\"2024-10-17T21:03:44Z\"}<\/script>","tracker_url":"https:\/\/cdn.parsely.com\/keys\/noticiasya.com\/p.js"},"jetpack_featured_media_url":"","jetpack-related-posts":[{"id":1456452,"url":"https:\/\/noticiasya.com\/midland-odessa\/2024\/12\/10\/ley-derechos-laborales-plataformas-digitales-orix\/","url_meta":{"origin":1455196,"position":0},"title":"C\u00e1mara de Diputados de M\u00e9xico aprueba ley que otorga derechos laborales a trabajadores de plataformas digitales","author":"","date":"diciembre 10, 2024","format":false,"excerpt":"La C\u00e1mara de Diputados de M\u00e9xico aprob\u00f3 este martes una reforma que otorga derechos laborales a todos los trabajadores de plataformas digitales.En el texto se define plataforma digital como \u201cel conjunto de mecanismos, aplicaciones inform\u00e1ticas, sistemas y dispositivos que asignen tareas, obras, servicios y trabajos en favor de terceros\u201d. Tambi\u00e9n\u2026","rel":"","context":"In &quot;Noticias Nacionales&quot;","block_context":{"text":"Noticias Nacionales","link":"https:\/\/noticiasya.com\/midland-odessa\/categoria\/noticias-nacionales"},"img":{"alt_text":"","src":"","width":0,"height":0},"classes":[]},{"id":1470996,"url":"https:\/\/noticiasya.com\/midland-odessa\/2026\/02\/08\/empleo-argentina-salario-aplicaciones-reparto-orix\/","url_meta":{"origin":1455196,"position":1},"title":"Desempleados o con un salario insuficiente, trabajadores argentinos se vuelcan a las apps de reparto y traslado","author":"","date":"febrero 8, 2026","format":false,"excerpt":"Adri\u00e1n Ayala se ajusta la mochila roja y cuadrada sobre la espalda antes de subirse a la bicicleta. Tanto el transporte como el bolso son prestados: favores de familiares y amigos que le permiten sumar algunos pesos m\u00e1s a fin de mes. En la aplicaci\u00f3n de repartos, cada d\u00eda aparecen\u2026","rel":"","context":"In &quot;Noticias Nacionales&quot;","block_context":{"text":"Noticias Nacionales","link":"https:\/\/noticiasya.com\/midland-odessa\/categoria\/noticias-nacionales"},"img":{"alt_text":"","src":"","width":0,"height":0},"classes":[]},{"id":1444981,"url":"https:\/\/noticiasya.com\/midland-odessa\/2024\/02\/06\/lopez-obrador-presenta-proyecto-de-reforma-a-la-constitucion-de-mexico\/","url_meta":{"origin":1455196,"position":2},"title":"L\u00f3pez Obrador presenta proyecto de reforma a la Constituci\u00f3n de M\u00e9xico","author":"","date":"febrero 6, 2024","format":false,"excerpt":"(CNN Espa\u00f1ol) -- El presidente de M\u00e9xico, Andr\u00e9s Manuel L\u00f3pez Obrador, present\u00f3 este lunes un proyecto de ley para reformar la Constituci\u00f3n del pa\u00eds con el objetivo, seg\u00fan dijo, de \u201cmodificar el contenido de art\u00edculos impopulares\u201d de la actual Carta Magna. Entre las propuestas destaca la eliminaci\u00f3n de organismos de\u2026","rel":"","context":"In &quot;Noticias Nacionales&quot;","block_context":{"text":"Noticias Nacionales","link":"https:\/\/noticiasya.com\/midland-odessa\/categoria\/noticias-nacionales"},"img":{"alt_text":"","src":"","width":0,"height":0},"classes":[]},{"id":1444987,"url":"https:\/\/noticiasya.com\/midland-odessa\/2024\/02\/06\/lopez-obrador-presenta-proyecto-de-reforma-a-la-constitucion-de-mexico-2\/","url_meta":{"origin":1455196,"position":3},"title":"L\u00f3pez Obrador presenta proyecto de reforma a la Constituci\u00f3n de M\u00e9xico","author":"","date":"febrero 6, 2024","format":false,"excerpt":"(CNN Espa\u00f1ol) -- El presidente de M\u00e9xico, Andr\u00e9s Manuel L\u00f3pez Obrador, present\u00f3 este lunes un proyecto de ley para reformar la Constituci\u00f3n del pa\u00eds con el objetivo, seg\u00fan dijo, de \u201cmodificar el contenido de art\u00edculos impopulares\u201d de la actual Carta Magna. Entre las propuestas destaca la eliminaci\u00f3n de organismos de\u2026","rel":"","context":"In &quot;Noticias Nacionales&quot;","block_context":{"text":"Noticias Nacionales","link":"https:\/\/noticiasya.com\/midland-odessa\/categoria\/noticias-nacionales"},"img":{"alt_text":"","src":"","width":0,"height":0},"classes":[]},{"id":1444989,"url":"https:\/\/noticiasya.com\/midland-odessa\/2024\/02\/06\/lopez-obrador-presenta-proyecto-de-reforma-a-la-constitucion-de-mexico-3\/","url_meta":{"origin":1455196,"position":4},"title":"L\u00f3pez Obrador presenta proyecto de reforma a la Constituci\u00f3n de M\u00e9xico","author":"","date":"febrero 6, 2024","format":false,"excerpt":"(CNN Espa\u00f1ol) -- El presidente de M\u00e9xico, Andr\u00e9s Manuel L\u00f3pez Obrador, present\u00f3 este lunes un proyecto de ley para reformar la Constituci\u00f3n del pa\u00eds con el objetivo, seg\u00fan dijo, de \u201cmodificar el contenido de art\u00edculos impopulares\u201d de la actual Carta Magna. Entre las propuestas destaca la eliminaci\u00f3n de organismos de\u2026","rel":"","context":"In &quot;Noticias Nacionales&quot;","block_context":{"text":"Noticias Nacionales","link":"https:\/\/noticiasya.com\/midland-odessa\/categoria\/noticias-nacionales"},"img":{"alt_text":"","src":"","width":0,"height":0},"classes":[]},{"id":1471478,"url":"https:\/\/noticiasya.com\/midland-odessa\/2026\/02\/20\/argentina-diputados-reforma-laboral-senado-efe\/","url_meta":{"origin":1455196,"position":5},"title":"Diputados aprueban reforma laboral en Argentina y el proyecto regresa al Senado","author":"","date":"febrero 20, 2026","format":false,"excerpt":"La C\u00e1mara de Diputados de Argentina aprob\u00f3 este viernes el proyecto de reforma laboral propuesto por el Gobierno del presidente Javier Milei, que volver\u00e1 al Senado para su aprobaci\u00f3n final tras la eliminaci\u00f3n de un pol\u00e9mico art\u00edculo sobre licencias por enfermedad.La Ley de Modernizaci\u00f3n Laboral fue aprobada en la C\u00e1mara\u2026","rel":"","context":"In &quot;Noticias Nacionales&quot;","block_context":{"text":"Noticias Nacionales","link":"https:\/\/noticiasya.com\/midland-odessa\/categoria\/noticias-nacionales"},"img":{"alt_text":"","src":"","width":0,"height":0},"classes":[]}],"jetpack_sharing_enabled":true,"_links":{"self":[{"href":"https:\/\/noticiasya.com\/midland-odessa\/wp-json\/wp\/v2\/posts\/1455196","targetHints":{"allow":["GET"]}}],"collection":[{"href":"https:\/\/noticiasya.com\/midland-odessa\/wp-json\/wp\/v2\/posts"}],"about":[{"href":"https:\/\/noticiasya.com\/midland-odessa\/wp-json\/wp\/v2\/types\/post"}],"replies":[{"embeddable":true,"href":"https:\/\/noticiasya.com\/midland-odessa\/wp-json\/wp\/v2\/comments?post=1455196"}],"version-history":[{"count":0,"href":"https:\/\/noticiasya.com\/midland-odessa\/wp-json\/wp\/v2\/posts\/1455196\/revisions"}],"wp:attachment":[{"href":"https:\/\/noticiasya.com\/midland-odessa\/wp-json\/wp\/v2\/media?parent=1455196"}],"wp:term":[{"taxonomy":"category","embeddable":true,"href":"https:\/\/noticiasya.com\/midland-odessa\/wp-json\/wp\/v2\/categories?post=1455196"},{"taxonomy":"post_tag","embeddable":true,"href":"https:\/\/noticiasya.com\/midland-odessa\/wp-json\/wp\/v2\/tags?post=1455196"}],"curies":[{"name":"wp","href":"https:\/\/api.w.org\/{rel}","templated":true}]}}