{"id":1455205,"date":"2024-10-17T18:03:48","date_gmt":"2024-10-18T01:03:48","guid":{"rendered":"https:\/\/noticiasya.com\/2024\/10\/17\/asamblea-venezuela-destituye-juan-carlos-delpino-orix\/"},"modified":"2024-10-17T18:03:48","modified_gmt":"2024-10-18T01:03:48","slug":"asamblea-venezuela-destituye-juan-carlos-delpino-orix","status":"publish","type":"post","link":"https:\/\/noticiasya.com\/midland-odessa\/2024\/10\/17\/asamblea-venezuela-destituye-juan-carlos-delpino-orix\/","title":{"rendered":"La Asamblea Nacional de Venezuela acusa a Juan Carlos Delpino de \u201ctraici\u00f3n a la patria\u201d y lo destituye como rector principal del CNE"},"content":{"rendered":"<p>(CNN Espa\u00f1ol) &#8212; La Asamblea Nacional de Venezuela, de mayor\u00eda oficialista, destituy\u00f3 este jueves a Juan Carlos Delpino como rector principal del Consejo Nacional Electoral (CNE), tras considerar que cometi\u00f3 \u201ctraici\u00f3n a la patria\u201d y otros delitos. Delpino rechaza las acusaciones.<\/p>\n<p>El Poder Legislativo aprob\u00f3 la destituci\u00f3n pues, a su juicio, Delpino viol\u00f3 la Constituci\u00f3n y otras leyes al ausentarse del acto en el que el CNE present\u00f3 los resultados de las elecciones presidenciales del 28 de julio. Esa noche, Delpino fue el \u00fanico integrante del CNE que no estuvo presente cuando el presidente Nicol\u00e1s Maduro fue declarado ganador de los comicios, un resultado que la oposici\u00f3n rechaza y que es cuestionado por una parte de la comunidad internacional por no haberse hecho p\u00fablicos los datos detallados por centros y mesas de votaci\u00f3n.<\/p>\n<p>Edmundo Gonz\u00e1lez Urrutia se reuni\u00f3 con el rector del CNE Juan Delpino<\/p>\n<p>La Asamblea consider\u00f3 que, con su ausencia en esa presentaci\u00f3n y declaraciones a medios de comunicaci\u00f3n, Delpino puso \u201cen duda la transparencia del sistema electoral venezolano sin presentar pruebas\u201d, seg\u00fan inform\u00f3 la instituci\u00f3n en un comunicado.<\/p>\n<p>El presidente de la Asamblea, Jorge Rodr\u00edguez, tambi\u00e9n pidi\u00f3 a la Fiscal\u00eda General investigar a Delpino y actuar contra \u00e9l con \u201ctodo el peso de la ley\u201d. Rodr\u00edguez, uno de los hombres m\u00e1s cercanos a Maduro, acus\u00f3 a Delpino de supuestos delitos como asociaci\u00f3n para delinquir.<\/p>\n<p>Delpino respondi\u00f3 a los se\u00f1alamientos en su cuenta de X, donde dijo que \u201cla \u00fanica asociaci\u00f3n delictiva que se puede se\u00f1alar sin lugar a equ\u00edvocos es la que desgobierna al pa\u00eds\u201d y que no asisti\u00f3 a la presentaci\u00f3n de resultados porque solamente se dar\u00edan a conocer n\u00fameros favorables al oficialismo.<\/p>\n<p>La destituci\u00f3n de Delpino ocurre 11 d\u00edas despu\u00e9s de que el candidato de la oposici\u00f3n mayoritaria, Edmundo Gonz\u00e1lez Urrutia, quien se encuentra en Espa\u00f1a, public\u00f3 en su cuenta de Instagram una foto de una reuni\u00f3n que sostuvieron ambos e insisti\u00f3 en que el 28 de julio se difundieron \u201cresultados fraudulentos\u201d. Gonz\u00e1lez Urrutia y la Plataforma Unitaria Democr\u00e1tica (PUD) afirman que \u00e9l gan\u00f3 los comicios y piden a la comunidad internacional ejercer presi\u00f3n para evitar que Maduro inicie un nuevo mandato el 10 de enero.<\/p>\n<p>The-CNN-Wire<br \/>&trade; &amp; &copy; 2024 Cable News Network, Inc., a Warner Bros. Discovery Company. All rights reserved.<\/p>\n","protected":false},"excerpt":{"rendered":"<p>(CNN Espa\u00f1ol) &#8212; La Asamblea Nacional de Venezuela, de mayor\u00eda oficialista, destituy\u00f3 este jueves a Juan Carlos Delpino como rector principal del Consejo Nacional Electoral (CNE), tras considerar que cometi\u00f3 \u201ctraici\u00f3n a la patria\u201d y otros delitos. Delpino rechaza las acusaciones. El Poder Legislativo aprob\u00f3 la destituci\u00f3n pues, a su juicio, Delpino viol\u00f3 la Constituci\u00f3n [&hellip;]<\/p>\n","protected":false},"author":0,"featured_media":0,"comment_status":"open","ping_status":"open","sticky":false,"template":"","format":"standard","meta":{"_jetpack_memberships_contains_paid_content":false,"footnotes":""},"categories":[10],"tags":[],"class_list":["post-1455205","post","type-post","status-publish","format-standard","hentry","category-noticias-nacionales","market-global"],"yoast_head":"<!-- This site is optimized with the Yoast SEO plugin v24.4 - https:\/\/yoast.com\/wordpress\/plugins\/seo\/ -->\n<title>La Asamblea Nacional de Venezuela acusa a Juan Carlos Delpino de \u201ctraici\u00f3n a la patria\u201d y lo destituye como rector principal del CNE - Noticias<\/title>\n<meta name=\"robots\" content=\"index, follow, max-snippet:-1, max-image-preview:large, max-video-preview:-1\" \/>\n<link rel=\"canonical\" href=\"https:\/\/noticiasya.com\/2024\/10\/17\/asamblea-venezuela-destituye-juan-carlos-delpino-orix\/\" \/>\n<meta property=\"og:locale\" content=\"es_ES\" \/>\n<meta property=\"og:type\" content=\"article\" \/>\n<meta property=\"og:title\" content=\"La Asamblea Nacional de Venezuela acusa a Juan Carlos Delpino de \u201ctraici\u00f3n a la patria\u201d y lo destituye como rector principal del CNE - Noticias\" \/>\n<meta property=\"og:description\" content=\"(CNN Espa\u00f1ol) &#8212; La Asamblea Nacional de Venezuela, de mayor\u00eda oficialista, destituy\u00f3 este jueves a Juan Carlos Delpino como rector principal del Consejo Nacional Electoral (CNE), tras considerar que cometi\u00f3 \u201ctraici\u00f3n a la patria\u201d y otros delitos. Delpino rechaza las acusaciones. El Poder Legislativo aprob\u00f3 la destituci\u00f3n pues, a su juicio, Delpino viol\u00f3 la Constituci\u00f3n [&hellip;]\" \/>\n<meta property=\"og:url\" content=\"https:\/\/noticiasya.com\/2024\/10\/17\/asamblea-venezuela-destituye-juan-carlos-delpino-orix\/\" \/>\n<meta property=\"og:site_name\" content=\"Noticias\" \/>\n<meta property=\"article:published_time\" content=\"2024-10-18T01:03:48+00:00\" \/>\n<meta name=\"twitter:card\" content=\"summary_large_image\" \/>\n<meta name=\"twitter:label1\" content=\"Est. reading time\" \/>\n\t<meta name=\"twitter:data1\" content=\"2 minutos\" \/>\n<script type=\"application\/ld+json\" class=\"yoast-schema-graph\">{\"@context\":\"https:\/\/schema.org\",\"@graph\":[{\"@type\":\"Article\",\"@id\":\"https:\/\/noticiasya.com\/2024\/10\/17\/asamblea-venezuela-destituye-juan-carlos-delpino-orix\/#article\",\"isPartOf\":{\"@id\":\"https:\/\/noticiasya.com\/2024\/10\/17\/asamblea-venezuela-destituye-juan-carlos-delpino-orix\/\"},\"author\":{\"name\":\"\",\"@id\":\"\"},\"headline\":\"La Asamblea Nacional de Venezuela acusa a Juan Carlos Delpino de \u201ctraici\u00f3n a la patria\u201d y lo destituye como rector principal del CNE\",\"datePublished\":\"2024-10-18T01:03:48+00:00\",\"mainEntityOfPage\":{\"@id\":\"https:\/\/noticiasya.com\/2024\/10\/17\/asamblea-venezuela-destituye-juan-carlos-delpino-orix\/\"},\"wordCount\":435,\"commentCount\":0,\"publisher\":{\"@id\":\"https:\/\/noticiasya.com\/#organization\"},\"articleSection\":[\"Noticias Nacionales\"],\"inLanguage\":\"es\",\"potentialAction\":[{\"@type\":\"CommentAction\",\"name\":\"Comment\",\"target\":[\"https:\/\/noticiasya.com\/2024\/10\/17\/asamblea-venezuela-destituye-juan-carlos-delpino-orix\/#respond\"]}]},{\"@type\":\"WebPage\",\"@id\":\"https:\/\/noticiasya.com\/2024\/10\/17\/asamblea-venezuela-destituye-juan-carlos-delpino-orix\/\",\"url\":\"https:\/\/noticiasya.com\/2024\/10\/17\/asamblea-venezuela-destituye-juan-carlos-delpino-orix\/\",\"name\":\"La Asamblea Nacional de Venezuela acusa a Juan Carlos Delpino de \u201ctraici\u00f3n a la patria\u201d y lo destituye como rector principal del CNE - Noticias\",\"isPartOf\":{\"@id\":\"https:\/\/noticiasya.com\/#website\"},\"datePublished\":\"2024-10-18T01:03:48+00:00\",\"breadcrumb\":{\"@id\":\"https:\/\/noticiasya.com\/2024\/10\/17\/asamblea-venezuela-destituye-juan-carlos-delpino-orix\/#breadcrumb\"},\"inLanguage\":\"es\",\"potentialAction\":[{\"@type\":\"ReadAction\",\"target\":[\"https:\/\/noticiasya.com\/2024\/10\/17\/asamblea-venezuela-destituye-juan-carlos-delpino-orix\/\"]}]},{\"@type\":\"BreadcrumbList\",\"@id\":\"https:\/\/noticiasya.com\/2024\/10\/17\/asamblea-venezuela-destituye-juan-carlos-delpino-orix\/#breadcrumb\",\"itemListElement\":[{\"@type\":\"ListItem\",\"position\":1,\"name\":\"Home\",\"item\":\"https:\/\/noticiasya.com\/\"},{\"@type\":\"ListItem\",\"position\":2,\"name\":\"La Asamblea Nacional de Venezuela acusa a Juan Carlos Delpino de \u201ctraici\u00f3n a la patria\u201d y lo destituye como rector principal del CNE\"}]},{\"@type\":\"WebSite\",\"@id\":\"https:\/\/noticiasya.com\/#website\",\"url\":\"https:\/\/noticiasya.com\/\",\"name\":\"Noticias\",\"description\":\"Lo que importa\",\"publisher\":{\"@id\":\"https:\/\/noticiasya.com\/#organization\"},\"potentialAction\":[{\"@type\":\"SearchAction\",\"target\":{\"@type\":\"EntryPoint\",\"urlTemplate\":\"https:\/\/noticiasya.com\/?s={search_term_string}\"},\"query-input\":{\"@type\":\"PropertyValueSpecification\",\"valueRequired\":true,\"valueName\":\"search_term_string\"}}],\"inLanguage\":\"es\"},{\"@type\":\"Organization\",\"@id\":\"https:\/\/noticiasya.com\/#organization\",\"name\":\"Noticias\",\"url\":\"https:\/\/noticiasya.com\/\",\"logo\":{\"@type\":\"ImageObject\",\"inLanguage\":\"es\",\"@id\":\"https:\/\/noticiasya.com\/#\/schema\/logo\/image\/\",\"url\":\"https:\/\/noticiasya.com\/wp-content\/uploads\/sites\/22\/2023\/12\/logo-nacional.png\",\"contentUrl\":\"https:\/\/noticiasya.com\/wp-content\/uploads\/sites\/22\/2023\/12\/logo-nacional.png\",\"width\":1801,\"height\":691,\"caption\":\"Noticias\"},\"image\":{\"@id\":\"https:\/\/noticiasya.com\/#\/schema\/logo\/image\/\"}}]}<\/script>\n<!-- \/ Yoast SEO plugin. -->","yoast_head_json":{"title":"La Asamblea Nacional de Venezuela acusa a Juan Carlos Delpino de \u201ctraici\u00f3n a la patria\u201d y lo destituye como rector principal del CNE - Noticias","robots":{"index":"index","follow":"follow","max-snippet":"max-snippet:-1","max-image-preview":"max-image-preview:large","max-video-preview":"max-video-preview:-1"},"canonical":"https:\/\/noticiasya.com\/2024\/10\/17\/asamblea-venezuela-destituye-juan-carlos-delpino-orix\/","og_locale":"es_ES","og_type":"article","og_title":"La Asamblea Nacional de Venezuela acusa a Juan Carlos Delpino de \u201ctraici\u00f3n a la patria\u201d y lo destituye como rector principal del CNE - Noticias","og_description":"(CNN Espa\u00f1ol) &#8212; La Asamblea Nacional de Venezuela, de mayor\u00eda oficialista, destituy\u00f3 este jueves a Juan Carlos Delpino como rector principal del Consejo Nacional Electoral (CNE), tras considerar que cometi\u00f3 \u201ctraici\u00f3n a la patria\u201d y otros delitos. Delpino rechaza las acusaciones. El Poder Legislativo aprob\u00f3 la destituci\u00f3n pues, a su juicio, Delpino viol\u00f3 la Constituci\u00f3n [&hellip;]","og_url":"https:\/\/noticiasya.com\/2024\/10\/17\/asamblea-venezuela-destituye-juan-carlos-delpino-orix\/","og_site_name":"Noticias","article_published_time":"2024-10-18T01:03:48+00:00","twitter_card":"summary_large_image","twitter_misc":{"Est. reading time":"2 minutos"},"schema":{"@context":"https:\/\/schema.org","@graph":[{"@type":"Article","@id":"https:\/\/noticiasya.com\/2024\/10\/17\/asamblea-venezuela-destituye-juan-carlos-delpino-orix\/#article","isPartOf":{"@id":"https:\/\/noticiasya.com\/2024\/10\/17\/asamblea-venezuela-destituye-juan-carlos-delpino-orix\/"},"author":{"name":"","@id":""},"headline":"La Asamblea Nacional de Venezuela acusa a Juan Carlos Delpino de \u201ctraici\u00f3n a la patria\u201d y lo destituye como rector principal del CNE","datePublished":"2024-10-18T01:03:48+00:00","mainEntityOfPage":{"@id":"https:\/\/noticiasya.com\/2024\/10\/17\/asamblea-venezuela-destituye-juan-carlos-delpino-orix\/"},"wordCount":435,"commentCount":0,"publisher":{"@id":"https:\/\/noticiasya.com\/#organization"},"articleSection":["Noticias Nacionales"],"inLanguage":"es","potentialAction":[{"@type":"CommentAction","name":"Comment","target":["https:\/\/noticiasya.com\/2024\/10\/17\/asamblea-venezuela-destituye-juan-carlos-delpino-orix\/#respond"]}]},{"@type":"WebPage","@id":"https:\/\/noticiasya.com\/2024\/10\/17\/asamblea-venezuela-destituye-juan-carlos-delpino-orix\/","url":"https:\/\/noticiasya.com\/2024\/10\/17\/asamblea-venezuela-destituye-juan-carlos-delpino-orix\/","name":"La Asamblea Nacional de Venezuela acusa a Juan Carlos Delpino de \u201ctraici\u00f3n a la patria\u201d y lo destituye como rector principal del CNE - Noticias","isPartOf":{"@id":"https:\/\/noticiasya.com\/#website"},"datePublished":"2024-10-18T01:03:48+00:00","breadcrumb":{"@id":"https:\/\/noticiasya.com\/2024\/10\/17\/asamblea-venezuela-destituye-juan-carlos-delpino-orix\/#breadcrumb"},"inLanguage":"es","potentialAction":[{"@type":"ReadAction","target":["https:\/\/noticiasya.com\/2024\/10\/17\/asamblea-venezuela-destituye-juan-carlos-delpino-orix\/"]}]},{"@type":"BreadcrumbList","@id":"https:\/\/noticiasya.com\/2024\/10\/17\/asamblea-venezuela-destituye-juan-carlos-delpino-orix\/#breadcrumb","itemListElement":[{"@type":"ListItem","position":1,"name":"Home","item":"https:\/\/noticiasya.com\/"},{"@type":"ListItem","position":2,"name":"La Asamblea Nacional de Venezuela acusa a Juan Carlos Delpino de \u201ctraici\u00f3n a la patria\u201d y lo destituye como rector principal del CNE"}]},{"@type":"WebSite","@id":"https:\/\/noticiasya.com\/#website","url":"https:\/\/noticiasya.com\/","name":"Noticias","description":"Lo que importa","publisher":{"@id":"https:\/\/noticiasya.com\/#organization"},"potentialAction":[{"@type":"SearchAction","target":{"@type":"EntryPoint","urlTemplate":"https:\/\/noticiasya.com\/?s={search_term_string}"},"query-input":{"@type":"PropertyValueSpecification","valueRequired":true,"valueName":"search_term_string"}}],"inLanguage":"es"},{"@type":"Organization","@id":"https:\/\/noticiasya.com\/#organization","name":"Noticias","url":"https:\/\/noticiasya.com\/","logo":{"@type":"ImageObject","inLanguage":"es","@id":"https:\/\/noticiasya.com\/#\/schema\/logo\/image\/","url":"https:\/\/noticiasya.com\/wp-content\/uploads\/sites\/22\/2023\/12\/logo-nacional.png","contentUrl":"https:\/\/noticiasya.com\/wp-content\/uploads\/sites\/22\/2023\/12\/logo-nacional.png","width":1801,"height":691,"caption":"Noticias"},"image":{"@id":"https:\/\/noticiasya.com\/#\/schema\/logo\/image\/"}}]}},"parsely":{"version":"1.1.0","canonical_url":"https:\/\/noticiasya.com\/midland-odessa\/2024\/10\/17\/asamblea-venezuela-destituye-juan-carlos-delpino-orix\/","smart_links":{"inbound":0,"outbound":0},"traffic_boost_suggestions_count":0,"meta":{"@context":"https:\/\/schema.org","@type":"NewsArticle","headline":"La Asamblea Nacional de Venezuela acusa a Juan Carlos Delpino de \u201ctraici\u00f3n a la patria\u201d y lo destituye como rector principal del CNE","url":"http:\/\/noticiasya.com\/midland-odessa\/2024\/10\/17\/asamblea-venezuela-destituye-juan-carlos-delpino-orix\/","mainEntityOfPage":{"@type":"WebPage","@id":"http:\/\/noticiasya.com\/midland-odessa\/2024\/10\/17\/asamblea-venezuela-destituye-juan-carlos-delpino-orix\/"},"thumbnailUrl":"","image":{"@type":"ImageObject","url":""},"articleSection":"Noticias Nacionales","author":[],"creator":[],"publisher":{"@type":"Organization","name":"Noticias","logo":""},"keywords":[],"dateCreated":"2024-10-18T01:03:48Z","datePublished":"2024-10-18T01:03:48Z","dateModified":"2024-10-18T01:03:48Z"},"rendered":"<script type=\"application\/ld+json\" class=\"wp-parsely-metadata\">{\"@context\":\"https:\\\/\\\/schema.org\",\"@type\":\"NewsArticle\",\"headline\":\"La Asamblea Nacional de Venezuela acusa a Juan Carlos Delpino de \\u201ctraici\\u00f3n a la patria\\u201d y lo destituye como rector principal del CNE\",\"url\":\"http:\\\/\\\/noticiasya.com\\\/midland-odessa\\\/2024\\\/10\\\/17\\\/asamblea-venezuela-destituye-juan-carlos-delpino-orix\\\/\",\"mainEntityOfPage\":{\"@type\":\"WebPage\",\"@id\":\"http:\\\/\\\/noticiasya.com\\\/midland-odessa\\\/2024\\\/10\\\/17\\\/asamblea-venezuela-destituye-juan-carlos-delpino-orix\\\/\"},\"thumbnailUrl\":\"\",\"image\":{\"@type\":\"ImageObject\",\"url\":\"\"},\"articleSection\":\"Noticias Nacionales\",\"author\":[],\"creator\":[],\"publisher\":{\"@type\":\"Organization\",\"name\":\"Noticias\",\"logo\":\"\"},\"keywords\":[],\"dateCreated\":\"2024-10-18T01:03:48Z\",\"datePublished\":\"2024-10-18T01:03:48Z\",\"dateModified\":\"2024-10-18T01:03:48Z\"}<\/script>","tracker_url":"https:\/\/cdn.parsely.com\/keys\/noticiasya.com\/p.js"},"jetpack_featured_media_url":"","jetpack-related-posts":[{"id":1452219,"url":"https:\/\/noticiasya.com\/midland-odessa\/2024\/08\/27\/protestas-elecciones-venezuela-un-mes-oposicion-oficialismo-orix\/","url_meta":{"origin":1455205,"position":0},"title":"Oposici\u00f3n y oficialismo vuelven a las calles de Venezuela un mes despu\u00e9s de las elecciones: as\u00ed llegan las protestas","author":"","date":"agosto 27, 2024","format":false,"excerpt":"(CNN Espa\u00f1ol) -- Este mi\u00e9rcoles se cumple un mes de las elecciones presidenciales en Venezuela, en las que el Consejo Nacional Electoral (CNE) dio por ganador al presidente Nicol\u00e1s Maduro, sin que hasta la fecha se conozcan los resultados detallados de los comicios por centros y mesas de votaci\u00f3n. Han\u2026","rel":"","context":"In &quot;Noticias Nacionales&quot;","block_context":{"text":"Noticias Nacionales","link":"https:\/\/noticiasya.com\/midland-odessa\/categoria\/noticias-nacionales"},"img":{"alt_text":"","src":"","width":0,"height":0},"classes":[]},{"id":1452187,"url":"https:\/\/noticiasya.com\/midland-odessa\/2024\/08\/26\/cne-venezuela-denuncia-ataque-pagina-web-orix\/","url_meta":{"origin":1455205,"position":1},"title":"El Consejo Nacional Electoral de Venezuela denuncia, sin presentar pruebas, otro ataque contra su p\u00e1gina web","author":"","date":"agosto 26, 2024","format":false,"excerpt":"(CNN Espa\u00f1ol) \u2013\u2013 El Consejo Nacional Electoral de Venezuela (CNE) denunci\u00f3 este lunes, sin presentar pruebas, que su p\u00e1gina web fue objeto de un ataque cibern\u00e9tico, lo que volvi\u00f3 a afectar el acceso de los usuarios, apenas unas horas despu\u00e9s de que volviera en l\u00ednea, tras un mes de permanecer\u2026","rel":"","context":"In &quot;Noticias Nacionales&quot;","block_context":{"text":"Noticias Nacionales","link":"https:\/\/noticiasya.com\/midland-odessa\/categoria\/noticias-nacionales"},"img":{"alt_text":"","src":"","width":0,"height":0},"classes":[]},{"id":1455117,"url":"https:\/\/noticiasya.com\/midland-odessa\/2024\/10\/15\/oposicion-venezuela-informe-oea-elecciones-edmundo-gonzalez-orix\/","url_meta":{"origin":1455205,"position":2},"title":"Oposici\u00f3n venezolana presenta ante la OEA informe que reitera victoria de Edmundo Gonz\u00e1lez en las elecciones presidenciales","author":"","date":"octubre 15, 2024","format":false,"excerpt":"(CNN Espa\u00f1ol) -- El equipo electoral de la mayor\u00eda de la oposici\u00f3n venezolana, Comando con Venezuela, present\u00f3 este martes ante la Organizaci\u00f3n de los Estados Americanos (OEA) un informe en el que, asegura, se comprueba que los resultados de la elecci\u00f3n presidencial del 28 de julio dan la victoria al\u2026","rel":"","context":"In &quot;Noticias Nacionales&quot;","block_context":{"text":"Noticias Nacionales","link":"https:\/\/noticiasya.com\/midland-odessa\/categoria\/noticias-nacionales"},"img":{"alt_text":"","src":"","width":0,"height":0},"classes":[]},{"id":1451837,"url":"https:\/\/noticiasya.com\/midland-odessa\/2024\/08\/13\/presidente-asamblea-venezuela-reformas-electorales-ningun-extranjero-pronuncie-comicios-orix\/","url_meta":{"origin":1455205,"position":3},"title":"El presidente de la Asamblea de Venezuela propone reformas electorales para que \u201cning\u00fan extranjero\u201d se pronuncie sobre comicios en el pa\u00eds","author":"","date":"agosto 13, 2024","format":false,"excerpt":"(CNN Espa\u00f1ol) -- El presidente de la Asamblea Nacional de Venezuela, Jorge Rodr\u00edguez, plante\u00f3 este martes una reforma a las leyes electorales con el objetivo de que \u201cning\u00fan extranjero\u201d pueda pronunciarse sobre los comicios que se realizan en el pa\u00eds sudamericano.Rodr\u00edguez, militante del oficialista Partido Socialista Unido de Venezuela (PSUV)\u2026","rel":"","context":"In &quot;Noticias Nacionales&quot;","block_context":{"text":"Noticias Nacionales","link":"https:\/\/noticiasya.com\/midland-odessa\/categoria\/noticias-nacionales"},"img":{"alt_text":"","src":"","width":0,"height":0},"classes":[]},{"id":1462819,"url":"https:\/\/noticiasya.com\/midland-odessa\/2025\/05\/26\/resultados-elecciones-oficialismo-abstencion-orix\/","url_meta":{"origin":1455205,"position":4},"title":"Los resultados en la elecci\u00f3n criticada en Venezuela: dominio del oficialismo y participaci\u00f3n del 42%, seg\u00fan CNE","author":"","date":"mayo 26, 2025","format":false,"excerpt":"Los resultados anunciados por las autoridades de las elecciones regionales, parlamentarias y de Consejos Legislativos en Venezuela reiteran el dominio del oficialismo en un ambiente de poca participaci\u00f3n electoral y concentraci\u00f3n de poder.La jornada estuvo marcada por la fragmentaci\u00f3n de la oposici\u00f3n, pues una parte importante no particip\u00f3 y llam\u00f3\u2026","rel":"","context":"In &quot;Noticias Nacionales&quot;","block_context":{"text":"Noticias Nacionales","link":"https:\/\/noticiasya.com\/midland-odessa\/categoria\/noticias-nacionales"},"img":{"alt_text":"","src":"","width":0,"height":0},"classes":[]},{"id":1449485,"url":"https:\/\/noticiasya.com\/midland-odessa\/2024\/05\/15\/venezuela-elecciones-ue-observacion-retirar-invitacion-orix\/","url_meta":{"origin":1455205,"position":5},"title":"Asamblea Nacional de Venezuela propone retirar la invitaci\u00f3n a la UE para observar las elecciones presidenciales","author":"","date":"mayo 15, 2024","format":false,"excerpt":"(CNN Espa\u00f1ol) -- La Asamblea Nacional de Venezuela acord\u00f3 solicitar este martes al Consejo Nacional Electoral (CNE) que rechace la participaci\u00f3n de la Uni\u00f3n Europea como observador independiente en las elecciones presidenciales en el pa\u00eds, que est\u00e1n previstas para el pr\u00f3ximo 28 de julio.El presidente de la Asamblea Nacional, Jorge\u2026","rel":"","context":"In &quot;Noticias Nacionales&quot;","block_context":{"text":"Noticias Nacionales","link":"https:\/\/noticiasya.com\/midland-odessa\/categoria\/noticias-nacionales"},"img":{"alt_text":"","src":"","width":0,"height":0},"classes":[]}],"jetpack_sharing_enabled":true,"_links":{"self":[{"href":"https:\/\/noticiasya.com\/midland-odessa\/wp-json\/wp\/v2\/posts\/1455205","targetHints":{"allow":["GET"]}}],"collection":[{"href":"https:\/\/noticiasya.com\/midland-odessa\/wp-json\/wp\/v2\/posts"}],"about":[{"href":"https:\/\/noticiasya.com\/midland-odessa\/wp-json\/wp\/v2\/types\/post"}],"replies":[{"embeddable":true,"href":"https:\/\/noticiasya.com\/midland-odessa\/wp-json\/wp\/v2\/comments?post=1455205"}],"version-history":[{"count":0,"href":"https:\/\/noticiasya.com\/midland-odessa\/wp-json\/wp\/v2\/posts\/1455205\/revisions"}],"wp:attachment":[{"href":"https:\/\/noticiasya.com\/midland-odessa\/wp-json\/wp\/v2\/media?parent=1455205"}],"wp:term":[{"taxonomy":"category","embeddable":true,"href":"https:\/\/noticiasya.com\/midland-odessa\/wp-json\/wp\/v2\/categories?post=1455205"},{"taxonomy":"post_tag","embeddable":true,"href":"https:\/\/noticiasya.com\/midland-odessa\/wp-json\/wp\/v2\/tags?post=1455205"}],"curies":[{"name":"wp","href":"https:\/\/api.w.org\/{rel}","templated":true}]}}