{"id":1455207,"date":"2024-10-17T18:03:48","date_gmt":"2024-10-18T01:03:48","guid":{"rendered":"https:\/\/noticiasya.com\/2024\/10\/17\/aznar-critica-reforma-judicial-mexico-carta-disculpas-rey-espana-orix\/"},"modified":"2024-10-17T18:03:48","modified_gmt":"2024-10-18T01:03:48","slug":"aznar-critica-reforma-judicial-mexico-carta-disculpas-rey-espana-orix","status":"publish","type":"post","link":"https:\/\/noticiasya.com\/midland-odessa\/2024\/10\/17\/aznar-critica-reforma-judicial-mexico-carta-disculpas-rey-espana-orix\/","title":{"rendered":"Aznar critica la reforma judicial en M\u00e9xico y reacciona sobre la carta de disculpas solicitada al rey de Espa\u00f1a"},"content":{"rendered":"<p>(CNN Espa\u00f1ol) &#8212;\u00a0Jos\u00e9 Mar\u00eda Aznar, expresidente del Gobierno espa\u00f1ol (1996-2004), dijo en una entrevista con CNN que la reforma judicial en M\u00e9xico mina el Estado de Derecho.<br \/>\n\u201cJueces propuestos por el Gobierno, aprobados por un congreso que controla el Gobierno y votados por un censo a favor del Gobierno. Eso\u2026 eso es algo m\u00e1s que el vaciamiento de la Constituci\u00f3n. Oiga, despu\u00e9s de todo esto, \u00bfc\u00f3mo se le llama al Estado de Derecho aqu\u00ed, si es que se le puede llamar de alguna manera\u201d, afirm\u00f3 el expresidente del derechista Partido Popular espa\u00f1ol.<\/p>\n<p>El entonces presidente Andr\u00e9s Manuel L\u00f3pez Obrador aprob\u00f3 la reforma judicial mexicana el 15 de septiembre, en v\u00edspera del festejo por la Independencia de M\u00e9xico, luego de que el oficialista Movimiento Regeneraci\u00f3n Nacional (Morena) y sus aliados obtuvieran una aplastante victoria en las elecciones del 2 de junio, que les dio el control de las dos c\u00e1maras legislativas y la presidencia del pa\u00eds.<\/p>\n<p>La controvertida reforma, que entre otras cosas establece la elecci\u00f3n de jueces y magistrados por votaci\u00f3n popular, ha generado preocupaci\u00f3n entre economistas y defensores de los derechos humanos, quienes temen que debilite el sistema judicial mexicano. La presidenta Claudia Sheinbaum ha rechazado en varias oportunidades estas acusaciones.<\/p>\n<p>AN\u00c1LISIS | \u00bfPor qu\u00e9 genera tanta pol\u00e9mica la reforma judicial del Gobierno de L\u00f3pez Obrador?<\/p>\n<p>En la entrevista con Fernando del Rinc\u00f3n desde Madrid, Aznar se refiri\u00f3 tambi\u00e9n a la carta que L\u00f3pez Obrador pidi\u00f3 al rey Felipe VI en nombre de los pueblos ind\u00edgenas de M\u00e9xico, para que se disculpara por los abusos cometidos durante la colonizaci\u00f3n espa\u00f1ola.<\/p>\n<p>\u201cEs absurdo pensar que no se puede explicar Am\u00e9rica sin los espa\u00f1oles, as\u00ed como es absurdo pedirme a m\u00ed, como espa\u00f1ol, que me explique sin la existencia de Am\u00e9rica.<\/p>\n<p>Yo siempre digo que soy un pol\u00edtico atl\u00e1ntico en todos los sentidos. Entre otras cosas porque sin Am\u00e9rica yo no puedo explicar ni la historia de mi pa\u00eds, ni la existencia de mi pa\u00eds, ni el presente de mi pa\u00eds, ni siquiera mi propia existencia\u201d.<\/p>\n<p>Sheinbaum ha mantenido la postura de L\u00f3pez Obrador en este tema. Su Canciller\u00eda incluso decidi\u00f3 no invitar al rey a su toma de posesi\u00f3n. El Gobierno espa\u00f1ol decidi\u00f3 no enviar delegaci\u00f3n alguna.<\/p>\n<p>CNN ha solicitado comentarios sobre estas declaraciones de Aznar a la Secretar\u00eda de Relaciones Exteriores y la Presidencia de M\u00e9xico.<\/p>\n<p>La entrevista a Jos\u00e9 Mar\u00eda Aznar ser\u00e1 transmitida este viernes 18 en Conclusiones, a las 9 P.M. (hora de Miami), en CNN en Espa\u00f1ol.<\/p>\n<p>The-CNN-Wire<br \/>&trade; &amp; &copy; 2024 Cable News Network, Inc., a Warner Bros. Discovery Company. All rights reserved.<\/p>\n","protected":false},"excerpt":{"rendered":"<p>(CNN Espa\u00f1ol) &#8212;\u00a0Jos\u00e9 Mar\u00eda Aznar, expresidente del Gobierno espa\u00f1ol (1996-2004), dijo en una entrevista con CNN que la reforma judicial en M\u00e9xico mina el Estado de Derecho. \u201cJueces propuestos por el Gobierno, aprobados por un congreso que controla el Gobierno y votados por un censo a favor del Gobierno. Eso\u2026 eso es algo m\u00e1s que [&hellip;]<\/p>\n","protected":false},"author":0,"featured_media":0,"comment_status":"open","ping_status":"open","sticky":false,"template":"","format":"standard","meta":{"_jetpack_memberships_contains_paid_content":false,"footnotes":""},"categories":[10],"tags":[],"class_list":["post-1455207","post","type-post","status-publish","format-standard","hentry","category-noticias-nacionales","market-global"],"yoast_head":"<!-- This site is optimized with the Yoast SEO plugin v24.4 - https:\/\/yoast.com\/wordpress\/plugins\/seo\/ -->\n<title>Aznar critica la reforma judicial en M\u00e9xico y reacciona sobre la carta de disculpas solicitada al rey de Espa\u00f1a - Noticias<\/title>\n<meta name=\"robots\" content=\"index, follow, max-snippet:-1, max-image-preview:large, max-video-preview:-1\" \/>\n<link rel=\"canonical\" href=\"https:\/\/noticiasya.com\/2024\/10\/17\/aznar-critica-reforma-judicial-mexico-carta-disculpas-rey-espana-orix\/\" \/>\n<meta property=\"og:locale\" content=\"es_ES\" \/>\n<meta property=\"og:type\" content=\"article\" \/>\n<meta property=\"og:title\" content=\"Aznar critica la reforma judicial en M\u00e9xico y reacciona sobre la carta de disculpas solicitada al rey de Espa\u00f1a - Noticias\" \/>\n<meta property=\"og:description\" content=\"(CNN Espa\u00f1ol) &#8212;\u00a0Jos\u00e9 Mar\u00eda Aznar, expresidente del Gobierno espa\u00f1ol (1996-2004), dijo en una entrevista con CNN que la reforma judicial en M\u00e9xico mina el Estado de Derecho. \u201cJueces propuestos por el Gobierno, aprobados por un congreso que controla el Gobierno y votados por un censo a favor del Gobierno. Eso\u2026 eso es algo m\u00e1s que [&hellip;]\" \/>\n<meta property=\"og:url\" content=\"https:\/\/noticiasya.com\/2024\/10\/17\/aznar-critica-reforma-judicial-mexico-carta-disculpas-rey-espana-orix\/\" \/>\n<meta property=\"og:site_name\" content=\"Noticias\" \/>\n<meta property=\"article:published_time\" content=\"2024-10-18T01:03:48+00:00\" \/>\n<meta name=\"twitter:card\" content=\"summary_large_image\" \/>\n<meta name=\"twitter:label1\" content=\"Est. reading time\" \/>\n\t<meta name=\"twitter:data1\" content=\"2 minutos\" \/>\n<script type=\"application\/ld+json\" class=\"yoast-schema-graph\">{\"@context\":\"https:\/\/schema.org\",\"@graph\":[{\"@type\":\"Article\",\"@id\":\"https:\/\/noticiasya.com\/2024\/10\/17\/aznar-critica-reforma-judicial-mexico-carta-disculpas-rey-espana-orix\/#article\",\"isPartOf\":{\"@id\":\"https:\/\/noticiasya.com\/2024\/10\/17\/aznar-critica-reforma-judicial-mexico-carta-disculpas-rey-espana-orix\/\"},\"author\":{\"name\":\"\",\"@id\":\"\"},\"headline\":\"Aznar critica la reforma judicial en M\u00e9xico y reacciona sobre la carta de disculpas solicitada al rey de Espa\u00f1a\",\"datePublished\":\"2024-10-18T01:03:48+00:00\",\"mainEntityOfPage\":{\"@id\":\"https:\/\/noticiasya.com\/2024\/10\/17\/aznar-critica-reforma-judicial-mexico-carta-disculpas-rey-espana-orix\/\"},\"wordCount\":493,\"commentCount\":0,\"publisher\":{\"@id\":\"https:\/\/noticiasya.com\/#organization\"},\"articleSection\":[\"Noticias Nacionales\"],\"inLanguage\":\"es\",\"potentialAction\":[{\"@type\":\"CommentAction\",\"name\":\"Comment\",\"target\":[\"https:\/\/noticiasya.com\/2024\/10\/17\/aznar-critica-reforma-judicial-mexico-carta-disculpas-rey-espana-orix\/#respond\"]}]},{\"@type\":\"WebPage\",\"@id\":\"https:\/\/noticiasya.com\/2024\/10\/17\/aznar-critica-reforma-judicial-mexico-carta-disculpas-rey-espana-orix\/\",\"url\":\"https:\/\/noticiasya.com\/2024\/10\/17\/aznar-critica-reforma-judicial-mexico-carta-disculpas-rey-espana-orix\/\",\"name\":\"Aznar critica la reforma judicial en M\u00e9xico y reacciona sobre la carta de disculpas solicitada al rey de Espa\u00f1a - Noticias\",\"isPartOf\":{\"@id\":\"https:\/\/noticiasya.com\/#website\"},\"datePublished\":\"2024-10-18T01:03:48+00:00\",\"breadcrumb\":{\"@id\":\"https:\/\/noticiasya.com\/2024\/10\/17\/aznar-critica-reforma-judicial-mexico-carta-disculpas-rey-espana-orix\/#breadcrumb\"},\"inLanguage\":\"es\",\"potentialAction\":[{\"@type\":\"ReadAction\",\"target\":[\"https:\/\/noticiasya.com\/2024\/10\/17\/aznar-critica-reforma-judicial-mexico-carta-disculpas-rey-espana-orix\/\"]}]},{\"@type\":\"BreadcrumbList\",\"@id\":\"https:\/\/noticiasya.com\/2024\/10\/17\/aznar-critica-reforma-judicial-mexico-carta-disculpas-rey-espana-orix\/#breadcrumb\",\"itemListElement\":[{\"@type\":\"ListItem\",\"position\":1,\"name\":\"Home\",\"item\":\"https:\/\/noticiasya.com\/\"},{\"@type\":\"ListItem\",\"position\":2,\"name\":\"Aznar critica la reforma judicial en M\u00e9xico y reacciona sobre la carta de disculpas solicitada al rey de Espa\u00f1a\"}]},{\"@type\":\"WebSite\",\"@id\":\"https:\/\/noticiasya.com\/#website\",\"url\":\"https:\/\/noticiasya.com\/\",\"name\":\"Noticias\",\"description\":\"Lo que importa\",\"publisher\":{\"@id\":\"https:\/\/noticiasya.com\/#organization\"},\"potentialAction\":[{\"@type\":\"SearchAction\",\"target\":{\"@type\":\"EntryPoint\",\"urlTemplate\":\"https:\/\/noticiasya.com\/?s={search_term_string}\"},\"query-input\":{\"@type\":\"PropertyValueSpecification\",\"valueRequired\":true,\"valueName\":\"search_term_string\"}}],\"inLanguage\":\"es\"},{\"@type\":\"Organization\",\"@id\":\"https:\/\/noticiasya.com\/#organization\",\"name\":\"Noticias\",\"url\":\"https:\/\/noticiasya.com\/\",\"logo\":{\"@type\":\"ImageObject\",\"inLanguage\":\"es\",\"@id\":\"https:\/\/noticiasya.com\/#\/schema\/logo\/image\/\",\"url\":\"https:\/\/noticiasya.com\/wp-content\/uploads\/sites\/22\/2023\/12\/logo-nacional.png\",\"contentUrl\":\"https:\/\/noticiasya.com\/wp-content\/uploads\/sites\/22\/2023\/12\/logo-nacional.png\",\"width\":1801,\"height\":691,\"caption\":\"Noticias\"},\"image\":{\"@id\":\"https:\/\/noticiasya.com\/#\/schema\/logo\/image\/\"}}]}<\/script>\n<!-- \/ Yoast SEO plugin. -->","yoast_head_json":{"title":"Aznar critica la reforma judicial en M\u00e9xico y reacciona sobre la carta de disculpas solicitada al rey de Espa\u00f1a - Noticias","robots":{"index":"index","follow":"follow","max-snippet":"max-snippet:-1","max-image-preview":"max-image-preview:large","max-video-preview":"max-video-preview:-1"},"canonical":"https:\/\/noticiasya.com\/2024\/10\/17\/aznar-critica-reforma-judicial-mexico-carta-disculpas-rey-espana-orix\/","og_locale":"es_ES","og_type":"article","og_title":"Aznar critica la reforma judicial en M\u00e9xico y reacciona sobre la carta de disculpas solicitada al rey de Espa\u00f1a - Noticias","og_description":"(CNN Espa\u00f1ol) &#8212;\u00a0Jos\u00e9 Mar\u00eda Aznar, expresidente del Gobierno espa\u00f1ol (1996-2004), dijo en una entrevista con CNN que la reforma judicial en M\u00e9xico mina el Estado de Derecho. \u201cJueces propuestos por el Gobierno, aprobados por un congreso que controla el Gobierno y votados por un censo a favor del Gobierno. Eso\u2026 eso es algo m\u00e1s que [&hellip;]","og_url":"https:\/\/noticiasya.com\/2024\/10\/17\/aznar-critica-reforma-judicial-mexico-carta-disculpas-rey-espana-orix\/","og_site_name":"Noticias","article_published_time":"2024-10-18T01:03:48+00:00","twitter_card":"summary_large_image","twitter_misc":{"Est. reading time":"2 minutos"},"schema":{"@context":"https:\/\/schema.org","@graph":[{"@type":"Article","@id":"https:\/\/noticiasya.com\/2024\/10\/17\/aznar-critica-reforma-judicial-mexico-carta-disculpas-rey-espana-orix\/#article","isPartOf":{"@id":"https:\/\/noticiasya.com\/2024\/10\/17\/aznar-critica-reforma-judicial-mexico-carta-disculpas-rey-espana-orix\/"},"author":{"name":"","@id":""},"headline":"Aznar critica la reforma judicial en M\u00e9xico y reacciona sobre la carta de disculpas solicitada al rey de Espa\u00f1a","datePublished":"2024-10-18T01:03:48+00:00","mainEntityOfPage":{"@id":"https:\/\/noticiasya.com\/2024\/10\/17\/aznar-critica-reforma-judicial-mexico-carta-disculpas-rey-espana-orix\/"},"wordCount":493,"commentCount":0,"publisher":{"@id":"https:\/\/noticiasya.com\/#organization"},"articleSection":["Noticias Nacionales"],"inLanguage":"es","potentialAction":[{"@type":"CommentAction","name":"Comment","target":["https:\/\/noticiasya.com\/2024\/10\/17\/aznar-critica-reforma-judicial-mexico-carta-disculpas-rey-espana-orix\/#respond"]}]},{"@type":"WebPage","@id":"https:\/\/noticiasya.com\/2024\/10\/17\/aznar-critica-reforma-judicial-mexico-carta-disculpas-rey-espana-orix\/","url":"https:\/\/noticiasya.com\/2024\/10\/17\/aznar-critica-reforma-judicial-mexico-carta-disculpas-rey-espana-orix\/","name":"Aznar critica la reforma judicial en M\u00e9xico y reacciona sobre la carta de disculpas solicitada al rey de Espa\u00f1a - Noticias","isPartOf":{"@id":"https:\/\/noticiasya.com\/#website"},"datePublished":"2024-10-18T01:03:48+00:00","breadcrumb":{"@id":"https:\/\/noticiasya.com\/2024\/10\/17\/aznar-critica-reforma-judicial-mexico-carta-disculpas-rey-espana-orix\/#breadcrumb"},"inLanguage":"es","potentialAction":[{"@type":"ReadAction","target":["https:\/\/noticiasya.com\/2024\/10\/17\/aznar-critica-reforma-judicial-mexico-carta-disculpas-rey-espana-orix\/"]}]},{"@type":"BreadcrumbList","@id":"https:\/\/noticiasya.com\/2024\/10\/17\/aznar-critica-reforma-judicial-mexico-carta-disculpas-rey-espana-orix\/#breadcrumb","itemListElement":[{"@type":"ListItem","position":1,"name":"Home","item":"https:\/\/noticiasya.com\/"},{"@type":"ListItem","position":2,"name":"Aznar critica la reforma judicial en M\u00e9xico y reacciona sobre la carta de disculpas solicitada al rey de Espa\u00f1a"}]},{"@type":"WebSite","@id":"https:\/\/noticiasya.com\/#website","url":"https:\/\/noticiasya.com\/","name":"Noticias","description":"Lo que importa","publisher":{"@id":"https:\/\/noticiasya.com\/#organization"},"potentialAction":[{"@type":"SearchAction","target":{"@type":"EntryPoint","urlTemplate":"https:\/\/noticiasya.com\/?s={search_term_string}"},"query-input":{"@type":"PropertyValueSpecification","valueRequired":true,"valueName":"search_term_string"}}],"inLanguage":"es"},{"@type":"Organization","@id":"https:\/\/noticiasya.com\/#organization","name":"Noticias","url":"https:\/\/noticiasya.com\/","logo":{"@type":"ImageObject","inLanguage":"es","@id":"https:\/\/noticiasya.com\/#\/schema\/logo\/image\/","url":"https:\/\/noticiasya.com\/wp-content\/uploads\/sites\/22\/2023\/12\/logo-nacional.png","contentUrl":"https:\/\/noticiasya.com\/wp-content\/uploads\/sites\/22\/2023\/12\/logo-nacional.png","width":1801,"height":691,"caption":"Noticias"},"image":{"@id":"https:\/\/noticiasya.com\/#\/schema\/logo\/image\/"}}]}},"parsely":{"version":"1.1.0","canonical_url":"https:\/\/noticiasya.com\/midland-odessa\/2024\/10\/17\/aznar-critica-reforma-judicial-mexico-carta-disculpas-rey-espana-orix\/","smart_links":{"inbound":0,"outbound":0},"traffic_boost_suggestions_count":0,"meta":{"@context":"https:\/\/schema.org","@type":"NewsArticle","headline":"Aznar critica la reforma judicial en M\u00e9xico y reacciona sobre la carta de disculpas solicitada al rey de Espa\u00f1a","url":"http:\/\/noticiasya.com\/midland-odessa\/2024\/10\/17\/aznar-critica-reforma-judicial-mexico-carta-disculpas-rey-espana-orix\/","mainEntityOfPage":{"@type":"WebPage","@id":"http:\/\/noticiasya.com\/midland-odessa\/2024\/10\/17\/aznar-critica-reforma-judicial-mexico-carta-disculpas-rey-espana-orix\/"},"thumbnailUrl":"","image":{"@type":"ImageObject","url":""},"articleSection":"Noticias Nacionales","author":[],"creator":[],"publisher":{"@type":"Organization","name":"Noticias","logo":""},"keywords":[],"dateCreated":"2024-10-18T01:03:48Z","datePublished":"2024-10-18T01:03:48Z","dateModified":"2024-10-18T01:03:48Z"},"rendered":"<script type=\"application\/ld+json\" class=\"wp-parsely-metadata\">{\"@context\":\"https:\\\/\\\/schema.org\",\"@type\":\"NewsArticle\",\"headline\":\"Aznar critica la reforma judicial en M\\u00e9xico y reacciona sobre la carta de disculpas solicitada al rey de Espa\\u00f1a\",\"url\":\"http:\\\/\\\/noticiasya.com\\\/midland-odessa\\\/2024\\\/10\\\/17\\\/aznar-critica-reforma-judicial-mexico-carta-disculpas-rey-espana-orix\\\/\",\"mainEntityOfPage\":{\"@type\":\"WebPage\",\"@id\":\"http:\\\/\\\/noticiasya.com\\\/midland-odessa\\\/2024\\\/10\\\/17\\\/aznar-critica-reforma-judicial-mexico-carta-disculpas-rey-espana-orix\\\/\"},\"thumbnailUrl\":\"\",\"image\":{\"@type\":\"ImageObject\",\"url\":\"\"},\"articleSection\":\"Noticias Nacionales\",\"author\":[],\"creator\":[],\"publisher\":{\"@type\":\"Organization\",\"name\":\"Noticias\",\"logo\":\"\"},\"keywords\":[],\"dateCreated\":\"2024-10-18T01:03:48Z\",\"datePublished\":\"2024-10-18T01:03:48Z\",\"dateModified\":\"2024-10-18T01:03:48Z\"}<\/script>","tracker_url":"https:\/\/cdn.parsely.com\/keys\/noticiasya.com\/p.js"},"jetpack_featured_media_url":"","jetpack-related-posts":[{"id":1452715,"url":"https:\/\/noticiasya.com\/midland-odessa\/2024\/09\/15\/expresidente-zedillo-advierte-sobre-dano-democracia-mexico-reforma-judicial-orix\/","url_meta":{"origin":1455207,"position":0},"title":"El expresidente Zedillo advierte sobre da\u00f1os a la democracia en M\u00e9xico por la reforma judicial","author":"","date":"septiembre 15, 2024","format":false,"excerpt":"(CNN Espa\u00f1ol) -- El expresidente de M\u00e9xico, Ernesto Zedillo consider\u00f3 este domingo que la reci\u00e9n promulgada reforma judicial conduce a la devastaci\u00f3n del Poder Judicial ya que \"no tiene nada que mejore la capacidad del Estado para procurar e impartir justicia\".Durante su participaci\u00f3n en la Conferencia Anual de la Barra\u2026","rel":"","context":"In &quot;Noticias Nacionales&quot;","block_context":{"text":"Noticias Nacionales","link":"https:\/\/noticiasya.com\/midland-odessa\/categoria\/noticias-nacionales"},"img":{"alt_text":"","src":"","width":0,"height":0},"classes":[]},{"id":1452212,"url":"https:\/\/noticiasya.com\/midland-odessa\/2024\/08\/27\/estados-unidos-reitera-preocupacion-reforma-judicial-mexico-orix\/","url_meta":{"origin":1455207,"position":1},"title":"Estados Unidos reitera preocupaci\u00f3n por la reforma judicial de M\u00e9xico","author":"","date":"agosto 27, 2024","format":false,"excerpt":"(CNN Espa\u00f1ol) --\u00a0El Departamento de Estado de Estados Unidos y la Comisi\u00f3n de Relaciones Exteriores del Senado de ese pa\u00eds expresaron este martes su preocupaci\u00f3n por la reforma Judicial que comenz\u00f3 a aprobarse este lunes en el congreso de M\u00e9xico.La embajada de EE.UU. en M\u00e9xico dijo que apoya \"el compromiso\u2026","rel":"","context":"In &quot;Noticias Nacionales&quot;","block_context":{"text":"Noticias Nacionales","link":"https:\/\/noticiasya.com\/midland-odessa\/categoria\/noticias-nacionales"},"img":{"alt_text":"","src":"","width":0,"height":0},"classes":[]},{"id":1455317,"url":"https:\/\/noticiasya.com\/midland-odessa\/2024\/10\/23\/mexico-sheinbaum-qr-jueza-suspension-reforma-judicial-orix\/","url_meta":{"origin":1455207,"position":2},"title":"Sheinbaum se burla de que no funciona el c\u00f3digo QR que le envi\u00f3 la jueza que emiti\u00f3 una suspensi\u00f3n contra la reforma judicial","author":"","date":"octubre 23, 2024","format":false,"excerpt":"(CNN Espa\u00f1ol) \u2013\u2013 La presidenta de M\u00e9xico, Claudia Sheinbaum, se burl\u00f3 este mi\u00e9rcoles de que la notificaci\u00f3n judicial que le envi\u00f3 la jueza Nancy Ju\u00e1rez para eliminar la reforma judicial del Diario Oficial de la Federaci\u00f3n, hecha a trav\u00e9s de un c\u00f3digo QR, no funciona y env\u00eda a un aviso\u2026","rel":"","context":"In &quot;Noticias Nacionales&quot;","block_context":{"text":"Noticias Nacionales","link":"https:\/\/noticiasya.com\/midland-odessa\/categoria\/noticias-nacionales"},"img":{"alt_text":"","src":"","width":0,"height":0},"classes":[]},{"id":1452642,"url":"https:\/\/noticiasya.com\/midland-odessa\/2024\/09\/13\/reforma-judicial-mexico-congresos-locales-orig\/","url_meta":{"origin":1455207,"position":3},"title":"Los congresos locales aprueban la reforma judicial en M\u00e9xico. \u00bfQu\u00e9 sigue?","author":"","date":"septiembre 13, 2024","format":false,"excerpt":"(CNN Espa\u00f1ol) -- El presidente de M\u00e9xico, Andr\u00e9s Manuel L\u00f3pez Obrador, anunci\u00f3 que prev\u00e9 que la reforma judicial se publique el 15 de septiembre, domingo y v\u00edspera de los festejos por la Independencia mexicana puesto que, dijo, \"es una reforma important\u00edsima\".Este jueves, se alcanz\u00f3 y super\u00f3 el m\u00ednimo de 17\u2026","rel":"","context":"In &quot;Noticias Nacionales&quot;","block_context":{"text":"Noticias Nacionales","link":"https:\/\/noticiasya.com\/midland-odessa\/categoria\/noticias-nacionales"},"img":{"alt_text":"","src":"","width":0,"height":0},"classes":[]},{"id":1451870,"url":"https:\/\/noticiasya.com\/midland-odessa\/2024\/08\/14\/preocupaciones-estados-unidos-reforma-judicial-mexico-orix\/","url_meta":{"origin":1455207,"position":4},"title":"Las preocupaciones que genera en EE.UU. la reforma judicial en M\u00e9xico","author":"","date":"agosto 14, 2024","format":false,"excerpt":"(CNN Espa\u00f1ol) -- La propuesta de reformar el Poder Judicial en M\u00e9xico ha generado preocupaci\u00f3n dentro y fuera del pa\u00eds debido a su posible impacto en la independencia judicial, punto importante para el cumplimiento del Tratado entre M\u00e9xico, Estados Unidos y Canad\u00e1 (T-MEC).El partido oficialista Morena y sus aliados, PT\u2026","rel":"","context":"In &quot;Noticias Nacionales&quot;","block_context":{"text":"Noticias Nacionales","link":"https:\/\/noticiasya.com\/midland-odessa\/categoria\/noticias-nacionales"},"img":{"alt_text":"","src":"","width":0,"height":0},"classes":[]},{"id":1451557,"url":"https:\/\/noticiasya.com\/midland-odessa\/2024\/08\/01\/sheinbaum-expresidente-suprema-corte-zaldivar-gabinete-ampliado-reforma-judicial-orix\/","url_meta":{"origin":1455207,"position":5},"title":"Sheinbaum suma a expresidente de la Suprema Corte a su gabinete ampliado para supervisar la reforma judicial","author":"","date":"agosto 1, 2024","format":false,"excerpt":"(CNN Espa\u00f1ol) -- La pr\u00f3xima presidenta de M\u00e9xico, Claudia Sheinbaum, anunci\u00f3 este jueves que Arturo Zald\u00edvar, expresidente de la Suprema Corte de Justicia de la Naci\u00f3n, asumir\u00e1 el cargo de coordinador de Pol\u00edtica y Gobierno, instancia dependiente de la oficina de la presidencia del pa\u00eds. Esa cartera dar\u00e1 seguimiento a\u2026","rel":"","context":"In &quot;Noticias Nacionales&quot;","block_context":{"text":"Noticias Nacionales","link":"https:\/\/noticiasya.com\/midland-odessa\/categoria\/noticias-nacionales"},"img":{"alt_text":"","src":"","width":0,"height":0},"classes":[]}],"jetpack_sharing_enabled":true,"_links":{"self":[{"href":"https:\/\/noticiasya.com\/midland-odessa\/wp-json\/wp\/v2\/posts\/1455207","targetHints":{"allow":["GET"]}}],"collection":[{"href":"https:\/\/noticiasya.com\/midland-odessa\/wp-json\/wp\/v2\/posts"}],"about":[{"href":"https:\/\/noticiasya.com\/midland-odessa\/wp-json\/wp\/v2\/types\/post"}],"replies":[{"embeddable":true,"href":"https:\/\/noticiasya.com\/midland-odessa\/wp-json\/wp\/v2\/comments?post=1455207"}],"version-history":[{"count":0,"href":"https:\/\/noticiasya.com\/midland-odessa\/wp-json\/wp\/v2\/posts\/1455207\/revisions"}],"wp:attachment":[{"href":"https:\/\/noticiasya.com\/midland-odessa\/wp-json\/wp\/v2\/media?parent=1455207"}],"wp:term":[{"taxonomy":"category","embeddable":true,"href":"https:\/\/noticiasya.com\/midland-odessa\/wp-json\/wp\/v2\/categories?post=1455207"},{"taxonomy":"post_tag","embeddable":true,"href":"https:\/\/noticiasya.com\/midland-odessa\/wp-json\/wp\/v2\/tags?post=1455207"}],"curies":[{"name":"wp","href":"https:\/\/api.w.org\/{rel}","templated":true}]}}