{"id":1455209,"date":"2024-10-17T20:03:44","date_gmt":"2024-10-18T03:03:44","guid":{"rendered":"https:\/\/noticiasya.com\/2024\/10\/17\/oficina-federal-prisiones-joaquin-guzman-lopez-no-esta-bajo-su-custodia-orix\/"},"modified":"2024-10-17T20:03:44","modified_gmt":"2024-10-18T03:03:44","slug":"oficina-federal-prisiones-joaquin-guzman-lopez-no-esta-bajo-su-custodia-orix","status":"publish","type":"post","link":"https:\/\/noticiasya.com\/midland-odessa\/2024\/10\/17\/oficina-federal-prisiones-joaquin-guzman-lopez-no-esta-bajo-su-custodia-orix\/","title":{"rendered":"La Oficina Federal de Prisiones de EE.UU. indica que Joaqu\u00edn Guzm\u00e1n L\u00f3pez no est\u00e1 bajo su custodia desde este mi\u00e9rcoles"},"content":{"rendered":"<p>(CNN Espa\u00f1ol) &#8212;\u00a0Los registros de la Oficina Federal de Prisiones de Estados Unidos (BOP, por sus siglas en ingl\u00e9s) indican que Joaqu\u00edn Guzm\u00e1n L\u00f3pez, quien fue detenido el 25 de julio junto con Israel \u201cEl Mayo\u201d Zambada en Estados Unidos, no est\u00e1 bajo su custodia desde el 16 de octubre, seg\u00fan verific\u00f3 este jueves CNN en la informaci\u00f3n p\u00fablica disponible en el portal de la agencia penitenciaria.<\/p>\n<p>CNN est\u00e1 buscando al abogado de Guzm\u00e1n L\u00f3pez para conocer el estatus legal de su cliente.<\/p>\n<p>Guzm\u00e1n L\u00f3pez es hijo de Joaqu\u00edn \u201cEl Chapo\u201d Guzm\u00e1n, considerado el l\u00edder del poderoso C\u00e1rtel de Sinaloa y quien cumple una sentencia de cadena perpetua por delitos de narcotr\u00e1fico dictada en 2019.<\/p>\n<p>Cronolog\u00eda del caso del Mayo Zambada y Joaqu\u00edn Guzm\u00e1n L\u00f3pez: de las detenciones en El Paso hasta una acusaci\u00f3n de secuestro<\/p>\n<p>Guzm\u00e1n L\u00f3pez est\u00e1 acusado en Chicago de delitos relacionados con narc\u00f3ticos, lavado de dinero y armas de fuego. Su abogado, Jeffrey Lichtman, dijo que estaba a la espera de &#171;trabajar en el caso con \u00e9l\u201d. Por su parte, Zambada espera el juicio en el que enfrentar\u00e1 cargos por narcotr\u00e1fico y lavado de dinero, entre otros delitos, y sobre los que se ha declarado inocente.<\/p>\n<p>La detenci\u00f3n de Guzm\u00e1n L\u00f3pez junto con Zambada tens\u00f3 las relaciones entre M\u00e9xico y Estados Unidos, pues el entonces presidente Andr\u00e9s Manuel L\u00f3pez Obrador dijo que el Departamento de Justicia de EE.UU. fragu\u00f3 un supuesto \u201cacuerdo\u201d con miembros del C\u00e1rtel de Sinaloa, por lo que pidi\u00f3 una explicaci\u00f3n a Washington.<\/p>\n<p>La presidenta de M\u00e9xico, Claudia Sheinbaum, dijo este mi\u00e9rcoles que espera averiguar c\u00f3mo ocurri\u00f3 el arresto de Zambada.<\/p>\n<p>El embajador de EE.UU. en M\u00e9xico, Ken Salazar, dijo en agosto que Zambada hab\u00eda sido llevado a Estados Unidos contra su voluntad, mientras que Guzm\u00e1n L\u00f3pez se hab\u00eda entregado ante las autoridades estadounidenses.<\/p>\n<p>Salazar dijo este jueves en una rueda de prensa que la relaci\u00f3n entre su gobierno y el de Sheinbaum \u201cva muy bien\u201d.<\/p>\n<p>The-CNN-Wire<br \/>&trade; &amp; &copy; 2024 Cable News Network, Inc., a Warner Bros. Discovery Company. All rights reserved.<\/p>\n","protected":false},"excerpt":{"rendered":"<p>(CNN Espa\u00f1ol) &#8212;\u00a0Los registros de la Oficina Federal de Prisiones de Estados Unidos (BOP, por sus siglas en ingl\u00e9s) indican que Joaqu\u00edn Guzm\u00e1n L\u00f3pez, quien fue detenido el 25 de julio junto con Israel \u201cEl Mayo\u201d Zambada en Estados Unidos, no est\u00e1 bajo su custodia desde el 16 de octubre, seg\u00fan verific\u00f3 este jueves CNN [&hellip;]<\/p>\n","protected":false},"author":0,"featured_media":0,"comment_status":"open","ping_status":"open","sticky":false,"template":"","format":"standard","meta":{"_jetpack_memberships_contains_paid_content":false,"footnotes":""},"categories":[10],"tags":[],"class_list":["post-1455209","post","type-post","status-publish","format-standard","hentry","category-noticias-nacionales","market-global"],"yoast_head":"<!-- This site is optimized with the Yoast SEO plugin v24.4 - https:\/\/yoast.com\/wordpress\/plugins\/seo\/ -->\n<title>La Oficina Federal de Prisiones de EE.UU. indica que Joaqu\u00edn Guzm\u00e1n L\u00f3pez no est\u00e1 bajo su custodia desde este mi\u00e9rcoles - Noticias<\/title>\n<meta name=\"robots\" content=\"index, follow, max-snippet:-1, max-image-preview:large, max-video-preview:-1\" \/>\n<link rel=\"canonical\" href=\"https:\/\/noticiasya.com\/2024\/10\/17\/oficina-federal-prisiones-joaquin-guzman-lopez-no-esta-bajo-su-custodia-orix\/\" \/>\n<meta property=\"og:locale\" content=\"es_ES\" \/>\n<meta property=\"og:type\" content=\"article\" \/>\n<meta property=\"og:title\" content=\"La Oficina Federal de Prisiones de EE.UU. indica que Joaqu\u00edn Guzm\u00e1n L\u00f3pez no est\u00e1 bajo su custodia desde este mi\u00e9rcoles - Noticias\" \/>\n<meta property=\"og:description\" content=\"(CNN Espa\u00f1ol) &#8212;\u00a0Los registros de la Oficina Federal de Prisiones de Estados Unidos (BOP, por sus siglas en ingl\u00e9s) indican que Joaqu\u00edn Guzm\u00e1n L\u00f3pez, quien fue detenido el 25 de julio junto con Israel \u201cEl Mayo\u201d Zambada en Estados Unidos, no est\u00e1 bajo su custodia desde el 16 de octubre, seg\u00fan verific\u00f3 este jueves CNN [&hellip;]\" \/>\n<meta property=\"og:url\" content=\"https:\/\/noticiasya.com\/2024\/10\/17\/oficina-federal-prisiones-joaquin-guzman-lopez-no-esta-bajo-su-custodia-orix\/\" \/>\n<meta property=\"og:site_name\" content=\"Noticias\" \/>\n<meta property=\"article:published_time\" content=\"2024-10-18T03:03:44+00:00\" \/>\n<meta name=\"twitter:card\" content=\"summary_large_image\" \/>\n<meta name=\"twitter:label1\" content=\"Est. reading time\" \/>\n\t<meta name=\"twitter:data1\" content=\"2 minutos\" \/>\n<script type=\"application\/ld+json\" class=\"yoast-schema-graph\">{\"@context\":\"https:\/\/schema.org\",\"@graph\":[{\"@type\":\"Article\",\"@id\":\"https:\/\/noticiasya.com\/2024\/10\/17\/oficina-federal-prisiones-joaquin-guzman-lopez-no-esta-bajo-su-custodia-orix\/#article\",\"isPartOf\":{\"@id\":\"https:\/\/noticiasya.com\/2024\/10\/17\/oficina-federal-prisiones-joaquin-guzman-lopez-no-esta-bajo-su-custodia-orix\/\"},\"author\":{\"name\":\"\",\"@id\":\"\"},\"headline\":\"La Oficina Federal de Prisiones de EE.UU. indica que Joaqu\u00edn Guzm\u00e1n L\u00f3pez no est\u00e1 bajo su custodia desde este mi\u00e9rcoles\",\"datePublished\":\"2024-10-18T03:03:44+00:00\",\"mainEntityOfPage\":{\"@id\":\"https:\/\/noticiasya.com\/2024\/10\/17\/oficina-federal-prisiones-joaquin-guzman-lopez-no-esta-bajo-su-custodia-orix\/\"},\"wordCount\":407,\"commentCount\":0,\"publisher\":{\"@id\":\"https:\/\/noticiasya.com\/#organization\"},\"articleSection\":[\"Noticias Nacionales\"],\"inLanguage\":\"es\",\"potentialAction\":[{\"@type\":\"CommentAction\",\"name\":\"Comment\",\"target\":[\"https:\/\/noticiasya.com\/2024\/10\/17\/oficina-federal-prisiones-joaquin-guzman-lopez-no-esta-bajo-su-custodia-orix\/#respond\"]}]},{\"@type\":\"WebPage\",\"@id\":\"https:\/\/noticiasya.com\/2024\/10\/17\/oficina-federal-prisiones-joaquin-guzman-lopez-no-esta-bajo-su-custodia-orix\/\",\"url\":\"https:\/\/noticiasya.com\/2024\/10\/17\/oficina-federal-prisiones-joaquin-guzman-lopez-no-esta-bajo-su-custodia-orix\/\",\"name\":\"La Oficina Federal de Prisiones de EE.UU. indica que Joaqu\u00edn Guzm\u00e1n L\u00f3pez no est\u00e1 bajo su custodia desde este mi\u00e9rcoles - Noticias\",\"isPartOf\":{\"@id\":\"https:\/\/noticiasya.com\/#website\"},\"datePublished\":\"2024-10-18T03:03:44+00:00\",\"breadcrumb\":{\"@id\":\"https:\/\/noticiasya.com\/2024\/10\/17\/oficina-federal-prisiones-joaquin-guzman-lopez-no-esta-bajo-su-custodia-orix\/#breadcrumb\"},\"inLanguage\":\"es\",\"potentialAction\":[{\"@type\":\"ReadAction\",\"target\":[\"https:\/\/noticiasya.com\/2024\/10\/17\/oficina-federal-prisiones-joaquin-guzman-lopez-no-esta-bajo-su-custodia-orix\/\"]}]},{\"@type\":\"BreadcrumbList\",\"@id\":\"https:\/\/noticiasya.com\/2024\/10\/17\/oficina-federal-prisiones-joaquin-guzman-lopez-no-esta-bajo-su-custodia-orix\/#breadcrumb\",\"itemListElement\":[{\"@type\":\"ListItem\",\"position\":1,\"name\":\"Home\",\"item\":\"https:\/\/noticiasya.com\/\"},{\"@type\":\"ListItem\",\"position\":2,\"name\":\"La Oficina Federal de Prisiones de EE.UU. indica que Joaqu\u00edn Guzm\u00e1n L\u00f3pez no est\u00e1 bajo su custodia desde este mi\u00e9rcoles\"}]},{\"@type\":\"WebSite\",\"@id\":\"https:\/\/noticiasya.com\/#website\",\"url\":\"https:\/\/noticiasya.com\/\",\"name\":\"Noticias\",\"description\":\"Lo que importa\",\"publisher\":{\"@id\":\"https:\/\/noticiasya.com\/#organization\"},\"potentialAction\":[{\"@type\":\"SearchAction\",\"target\":{\"@type\":\"EntryPoint\",\"urlTemplate\":\"https:\/\/noticiasya.com\/?s={search_term_string}\"},\"query-input\":{\"@type\":\"PropertyValueSpecification\",\"valueRequired\":true,\"valueName\":\"search_term_string\"}}],\"inLanguage\":\"es\"},{\"@type\":\"Organization\",\"@id\":\"https:\/\/noticiasya.com\/#organization\",\"name\":\"Noticias\",\"url\":\"https:\/\/noticiasya.com\/\",\"logo\":{\"@type\":\"ImageObject\",\"inLanguage\":\"es\",\"@id\":\"https:\/\/noticiasya.com\/#\/schema\/logo\/image\/\",\"url\":\"https:\/\/noticiasya.com\/wp-content\/uploads\/sites\/22\/2023\/12\/logo-nacional.png\",\"contentUrl\":\"https:\/\/noticiasya.com\/wp-content\/uploads\/sites\/22\/2023\/12\/logo-nacional.png\",\"width\":1801,\"height\":691,\"caption\":\"Noticias\"},\"image\":{\"@id\":\"https:\/\/noticiasya.com\/#\/schema\/logo\/image\/\"}}]}<\/script>\n<!-- \/ Yoast SEO plugin. -->","yoast_head_json":{"title":"La Oficina Federal de Prisiones de EE.UU. indica que Joaqu\u00edn Guzm\u00e1n L\u00f3pez no est\u00e1 bajo su custodia desde este mi\u00e9rcoles - Noticias","robots":{"index":"index","follow":"follow","max-snippet":"max-snippet:-1","max-image-preview":"max-image-preview:large","max-video-preview":"max-video-preview:-1"},"canonical":"https:\/\/noticiasya.com\/2024\/10\/17\/oficina-federal-prisiones-joaquin-guzman-lopez-no-esta-bajo-su-custodia-orix\/","og_locale":"es_ES","og_type":"article","og_title":"La Oficina Federal de Prisiones de EE.UU. indica que Joaqu\u00edn Guzm\u00e1n L\u00f3pez no est\u00e1 bajo su custodia desde este mi\u00e9rcoles - Noticias","og_description":"(CNN Espa\u00f1ol) &#8212;\u00a0Los registros de la Oficina Federal de Prisiones de Estados Unidos (BOP, por sus siglas en ingl\u00e9s) indican que Joaqu\u00edn Guzm\u00e1n L\u00f3pez, quien fue detenido el 25 de julio junto con Israel \u201cEl Mayo\u201d Zambada en Estados Unidos, no est\u00e1 bajo su custodia desde el 16 de octubre, seg\u00fan verific\u00f3 este jueves CNN [&hellip;]","og_url":"https:\/\/noticiasya.com\/2024\/10\/17\/oficina-federal-prisiones-joaquin-guzman-lopez-no-esta-bajo-su-custodia-orix\/","og_site_name":"Noticias","article_published_time":"2024-10-18T03:03:44+00:00","twitter_card":"summary_large_image","twitter_misc":{"Est. reading time":"2 minutos"},"schema":{"@context":"https:\/\/schema.org","@graph":[{"@type":"Article","@id":"https:\/\/noticiasya.com\/2024\/10\/17\/oficina-federal-prisiones-joaquin-guzman-lopez-no-esta-bajo-su-custodia-orix\/#article","isPartOf":{"@id":"https:\/\/noticiasya.com\/2024\/10\/17\/oficina-federal-prisiones-joaquin-guzman-lopez-no-esta-bajo-su-custodia-orix\/"},"author":{"name":"","@id":""},"headline":"La Oficina Federal de Prisiones de EE.UU. indica que Joaqu\u00edn Guzm\u00e1n L\u00f3pez no est\u00e1 bajo su custodia desde este mi\u00e9rcoles","datePublished":"2024-10-18T03:03:44+00:00","mainEntityOfPage":{"@id":"https:\/\/noticiasya.com\/2024\/10\/17\/oficina-federal-prisiones-joaquin-guzman-lopez-no-esta-bajo-su-custodia-orix\/"},"wordCount":407,"commentCount":0,"publisher":{"@id":"https:\/\/noticiasya.com\/#organization"},"articleSection":["Noticias Nacionales"],"inLanguage":"es","potentialAction":[{"@type":"CommentAction","name":"Comment","target":["https:\/\/noticiasya.com\/2024\/10\/17\/oficina-federal-prisiones-joaquin-guzman-lopez-no-esta-bajo-su-custodia-orix\/#respond"]}]},{"@type":"WebPage","@id":"https:\/\/noticiasya.com\/2024\/10\/17\/oficina-federal-prisiones-joaquin-guzman-lopez-no-esta-bajo-su-custodia-orix\/","url":"https:\/\/noticiasya.com\/2024\/10\/17\/oficina-federal-prisiones-joaquin-guzman-lopez-no-esta-bajo-su-custodia-orix\/","name":"La Oficina Federal de Prisiones de EE.UU. indica que Joaqu\u00edn Guzm\u00e1n L\u00f3pez no est\u00e1 bajo su custodia desde este mi\u00e9rcoles - Noticias","isPartOf":{"@id":"https:\/\/noticiasya.com\/#website"},"datePublished":"2024-10-18T03:03:44+00:00","breadcrumb":{"@id":"https:\/\/noticiasya.com\/2024\/10\/17\/oficina-federal-prisiones-joaquin-guzman-lopez-no-esta-bajo-su-custodia-orix\/#breadcrumb"},"inLanguage":"es","potentialAction":[{"@type":"ReadAction","target":["https:\/\/noticiasya.com\/2024\/10\/17\/oficina-federal-prisiones-joaquin-guzman-lopez-no-esta-bajo-su-custodia-orix\/"]}]},{"@type":"BreadcrumbList","@id":"https:\/\/noticiasya.com\/2024\/10\/17\/oficina-federal-prisiones-joaquin-guzman-lopez-no-esta-bajo-su-custodia-orix\/#breadcrumb","itemListElement":[{"@type":"ListItem","position":1,"name":"Home","item":"https:\/\/noticiasya.com\/"},{"@type":"ListItem","position":2,"name":"La Oficina Federal de Prisiones de EE.UU. indica que Joaqu\u00edn Guzm\u00e1n L\u00f3pez no est\u00e1 bajo su custodia desde este mi\u00e9rcoles"}]},{"@type":"WebSite","@id":"https:\/\/noticiasya.com\/#website","url":"https:\/\/noticiasya.com\/","name":"Noticias","description":"Lo que importa","publisher":{"@id":"https:\/\/noticiasya.com\/#organization"},"potentialAction":[{"@type":"SearchAction","target":{"@type":"EntryPoint","urlTemplate":"https:\/\/noticiasya.com\/?s={search_term_string}"},"query-input":{"@type":"PropertyValueSpecification","valueRequired":true,"valueName":"search_term_string"}}],"inLanguage":"es"},{"@type":"Organization","@id":"https:\/\/noticiasya.com\/#organization","name":"Noticias","url":"https:\/\/noticiasya.com\/","logo":{"@type":"ImageObject","inLanguage":"es","@id":"https:\/\/noticiasya.com\/#\/schema\/logo\/image\/","url":"https:\/\/noticiasya.com\/wp-content\/uploads\/sites\/22\/2023\/12\/logo-nacional.png","contentUrl":"https:\/\/noticiasya.com\/wp-content\/uploads\/sites\/22\/2023\/12\/logo-nacional.png","width":1801,"height":691,"caption":"Noticias"},"image":{"@id":"https:\/\/noticiasya.com\/#\/schema\/logo\/image\/"}}]}},"parsely":{"version":"1.1.0","canonical_url":"https:\/\/noticiasya.com\/midland-odessa\/2024\/10\/17\/oficina-federal-prisiones-joaquin-guzman-lopez-no-esta-bajo-su-custodia-orix\/","smart_links":{"inbound":0,"outbound":0},"traffic_boost_suggestions_count":0,"meta":{"@context":"https:\/\/schema.org","@type":"NewsArticle","headline":"La Oficina Federal de Prisiones de EE.UU. indica que Joaqu\u00edn Guzm\u00e1n L\u00f3pez no est\u00e1 bajo su custodia desde este mi\u00e9rcoles","url":"http:\/\/noticiasya.com\/midland-odessa\/2024\/10\/17\/oficina-federal-prisiones-joaquin-guzman-lopez-no-esta-bajo-su-custodia-orix\/","mainEntityOfPage":{"@type":"WebPage","@id":"http:\/\/noticiasya.com\/midland-odessa\/2024\/10\/17\/oficina-federal-prisiones-joaquin-guzman-lopez-no-esta-bajo-su-custodia-orix\/"},"thumbnailUrl":"","image":{"@type":"ImageObject","url":""},"articleSection":"Noticias Nacionales","author":[],"creator":[],"publisher":{"@type":"Organization","name":"Noticias","logo":""},"keywords":[],"dateCreated":"2024-10-18T03:03:44Z","datePublished":"2024-10-18T03:03:44Z","dateModified":"2024-10-18T03:03:44Z"},"rendered":"<script type=\"application\/ld+json\" class=\"wp-parsely-metadata\">{\"@context\":\"https:\\\/\\\/schema.org\",\"@type\":\"NewsArticle\",\"headline\":\"La Oficina Federal de Prisiones de EE.UU. indica que Joaqu\\u00edn Guzm\\u00e1n L\\u00f3pez no est\\u00e1 bajo su custodia desde este mi\\u00e9rcoles\",\"url\":\"http:\\\/\\\/noticiasya.com\\\/midland-odessa\\\/2024\\\/10\\\/17\\\/oficina-federal-prisiones-joaquin-guzman-lopez-no-esta-bajo-su-custodia-orix\\\/\",\"mainEntityOfPage\":{\"@type\":\"WebPage\",\"@id\":\"http:\\\/\\\/noticiasya.com\\\/midland-odessa\\\/2024\\\/10\\\/17\\\/oficina-federal-prisiones-joaquin-guzman-lopez-no-esta-bajo-su-custodia-orix\\\/\"},\"thumbnailUrl\":\"\",\"image\":{\"@type\":\"ImageObject\",\"url\":\"\"},\"articleSection\":\"Noticias Nacionales\",\"author\":[],\"creator\":[],\"publisher\":{\"@type\":\"Organization\",\"name\":\"Noticias\",\"logo\":\"\"},\"keywords\":[],\"dateCreated\":\"2024-10-18T03:03:44Z\",\"datePublished\":\"2024-10-18T03:03:44Z\",\"dateModified\":\"2024-10-18T03:03:44Z\"}<\/script>","tracker_url":"https:\/\/cdn.parsely.com\/keys\/noticiasya.com\/p.js"},"jetpack_featured_media_url":"","jetpack-related-posts":[{"id":1452283,"url":"https:\/\/noticiasya.com\/midland-odessa\/2024\/08\/29\/fiscalia-mexico-investigacion-secuestro-mayo-zambada-ovidio-guzman-orix\/","url_meta":{"origin":1455209,"position":0},"title":"Fiscal\u00eda de M\u00e9xico liga investigaci\u00f3n de presunto secuestro de Mayo Zambada con excarcelaci\u00f3n de Ovidio Guzm\u00e1n en EE.UU.","author":"","date":"agosto 29, 2024","format":false,"excerpt":"(CNN Espa\u00f1ol) --\u00a0La\u00a0Fiscal\u00eda General de la Rep\u00fablica de M\u00e9xico (FGR) inform\u00f3 este jueves detalles de la investigaci\u00f3n del caso que involucra al cofundador del Cartel de Sinaloa, Ismael \"El Mayo\" Zambada, y a Joaqu\u00edn Guzm\u00e1n L\u00f3pez, uno de los hijos del narcotraficante convicto Joaqu\u00edn \"El Chapo\" Guzm\u00e1n.La dependencia de seguridad\u2026","rel":"","context":"In &quot;Noticias Nacionales&quot;","block_context":{"text":"Noticias Nacionales","link":"https:\/\/noticiasya.com\/midland-odessa\/categoria\/noticias-nacionales"},"img":{"alt_text":"","src":"","width":0,"height":0},"classes":[]},{"id":1468917,"url":"https:\/\/noticiasya.com\/midland-odessa\/2025\/12\/03\/joaquin-guzman-lopez-secuestro-mayo-zambada-orix\/","url_meta":{"origin":1455209,"position":1},"title":"Enga\u00f1ado, esposado y sedado: as\u00ed fue el &#171;secuestro&#187; del Mayo Zambada antes de su detenci\u00f3n en EE.UU., seg\u00fan Guzm\u00e1n L\u00f3pez","author":"","date":"diciembre 3, 2025","format":false,"excerpt":"Fue una de las noticias m\u00e1s sonadas del a\u00f1o pasado. No era para menos. Se trataba de la detenci\u00f3n en Estados Unidos de dos de los l\u00edderes del Cartel de Sinaloa, uno de los m\u00e1s poderosos y conocidos dentro y fuera de M\u00e9xico. Joaqu\u00edn Guzm\u00e1n L\u00f3pez, hijo de Joaqu\u00edn \u201cChapo\u201d\u2026","rel":"","context":"In &quot;Noticias Nacionales&quot;","block_context":{"text":"Noticias Nacionales","link":"https:\/\/noticiasya.com\/midland-odessa\/categoria\/noticias-nacionales"},"img":{"alt_text":"","src":"","width":0,"height":0},"classes":[]},{"id":1451446,"url":"https:\/\/noticiasya.com\/midland-odessa\/2024\/07\/26\/mayo-zambada-asi-se-entero-gobierno-mexico-detencion-joaquin-guzman-orix\/","url_meta":{"origin":1455209,"position":2},"title":"As\u00ed se enter\u00f3 el Gobierno mexicano de la detenci\u00f3n de Ismael &#171;El Mayo&#187; Zambada y Joaqu\u00edn Guzm\u00e1n","author":"","date":"julio 26, 2024","format":false,"excerpt":"(CNN Espa\u00f1ol) -- La secretaria de Seguridad y Protecci\u00f3n Ciudadana de M\u00e9xico Rosa Icela Rodr\u00edguez confirm\u00f3 que el Gobierno de ese pa\u00eds no particip\u00f3 en la detenci\u00f3n de Ismael \"El Mayo\" Zambada y de Joaqu\u00edn Guzm\u00e1n L\u00f3pez. Rodr\u00edguez present\u00f3 un informe en la conferencia de prensa matutina del presidente Andr\u00e9s\u2026","rel":"","context":"In &quot;Noticias Nacionales&quot;","block_context":{"text":"Noticias Nacionales","link":"https:\/\/noticiasya.com\/midland-odessa\/categoria\/noticias-nacionales"},"img":{"alt_text":"","src":"","width":0,"height":0},"classes":[]},{"id":1468798,"url":"https:\/\/noticiasya.com\/midland-odessa\/2025\/11\/28\/joaquin-guzman-lopez-cambiara-declaracion-culpable-orix\/","url_meta":{"origin":1455209,"position":3},"title":"Joaqu\u00edn Guzm\u00e1n L\u00f3pez, hijo de &#171;El Chapo&#187;, cambiar\u00e1 su declaraci\u00f3n de inocente a culpable, seg\u00fan documentos judiciales","author":"","date":"noviembre 28, 2025","format":false,"excerpt":"El mexicano Joaqu\u00edn Guzm\u00e1n L\u00f3pez, uno de los hijos del narcotraficante Joaqu\u00edn \u201cEl Chapo\u201d Guzm\u00e1n, acept\u00f3 cambiar su declaraci\u00f3n de inocente a culpable por diversos cargos que se le imputan en la Corte Federal del Distrito Norte de Illinois, de acuerdo con documentos judiciales consultados este viernes.Guzm\u00e1n L\u00f3pez cambiar\u00e1 su\u2026","rel":"","context":"In &quot;Noticias Nacionales&quot;","block_context":{"text":"Noticias Nacionales","link":"https:\/\/noticiasya.com\/midland-odessa\/categoria\/noticias-nacionales"},"img":{"alt_text":"","src":"","width":0,"height":0},"classes":[]},{"id":1451425,"url":"https:\/\/noticiasya.com\/midland-odessa\/2024\/07\/25\/detienen-ismael-el-mayo-zambada-cartel-de-sinaloa-trax\/","url_meta":{"origin":1455209,"position":4},"title":"Detienen en Texas a &#171;El Mayo&#187; Zambada y a un hijo de &#171;El Chapo&#187; Guzm\u00e1n","author":"","date":"julio 25, 2024","format":false,"excerpt":"(CNN) -- Dos presuntos l\u00edderes del c\u00e1rtel de Sinaola fueron detenidos este jueves en El Paso, Texas, y se encuentran bajo custodia estadounidense, inform\u00f3 este jueves El Departamento de Justicia de EE.UU.Los detenidos son Ismael \u201cEl Mayo\u201d Zambada Garc\u00eda, cofundador y supuesto l\u00edder del c\u00e1rtel y Joaqu\u00edn Guzm\u00e1n L\u00f3pez, hijo\u2026","rel":"","context":"In &quot;Noticias Nacionales&quot;","block_context":{"text":"Noticias Nacionales","link":"https:\/\/noticiasya.com\/midland-odessa\/categoria\/noticias-nacionales"},"img":{"alt_text":"","src":"","width":0,"height":0},"classes":[]},{"id":1451873,"url":"https:\/\/noticiasya.com\/midland-odessa\/2024\/08\/14\/muerto-desaparecido-piloto-incognitas-arresto-caso-zambada-orix\/","url_meta":{"origin":1455209,"position":5},"title":"Un muerto, un desaparecido y un piloto sin identificar, algunas de las inc\u00f3gnitas en la trama que rodea el caso Zambada","author":"","date":"agosto 14, 2024","format":false,"excerpt":"(CNN Espa\u00f1ol) -- A tres semanas del arresto en Estados Unidos de los presuntos narcotraficantes Ismael \u201cel Mayo\u201d Zambada y Joaqu\u00edn Guzm\u00e1n L\u00f3pez, hijo de Joaqu\u00edn \u201cel Chapo\u201d Guzm\u00e1n, el Gobierno de M\u00e9xico est\u00e1 insatisfecho con la versi\u00f3n que ofreci\u00f3 el Gobierno estadounidense y decidi\u00f3 abrir su propia investigaci\u00f3n a\u2026","rel":"","context":"In &quot;Noticias Nacionales&quot;","block_context":{"text":"Noticias Nacionales","link":"https:\/\/noticiasya.com\/midland-odessa\/categoria\/noticias-nacionales"},"img":{"alt_text":"","src":"","width":0,"height":0},"classes":[]}],"jetpack_sharing_enabled":true,"_links":{"self":[{"href":"https:\/\/noticiasya.com\/midland-odessa\/wp-json\/wp\/v2\/posts\/1455209","targetHints":{"allow":["GET"]}}],"collection":[{"href":"https:\/\/noticiasya.com\/midland-odessa\/wp-json\/wp\/v2\/posts"}],"about":[{"href":"https:\/\/noticiasya.com\/midland-odessa\/wp-json\/wp\/v2\/types\/post"}],"replies":[{"embeddable":true,"href":"https:\/\/noticiasya.com\/midland-odessa\/wp-json\/wp\/v2\/comments?post=1455209"}],"version-history":[{"count":0,"href":"https:\/\/noticiasya.com\/midland-odessa\/wp-json\/wp\/v2\/posts\/1455209\/revisions"}],"wp:attachment":[{"href":"https:\/\/noticiasya.com\/midland-odessa\/wp-json\/wp\/v2\/media?parent=1455209"}],"wp:term":[{"taxonomy":"category","embeddable":true,"href":"https:\/\/noticiasya.com\/midland-odessa\/wp-json\/wp\/v2\/categories?post=1455209"},{"taxonomy":"post_tag","embeddable":true,"href":"https:\/\/noticiasya.com\/midland-odessa\/wp-json\/wp\/v2\/tags?post=1455209"}],"curies":[{"name":"wp","href":"https:\/\/api.w.org\/{rel}","templated":true}]}}