{"id":1455218,"date":"2024-10-18T10:03:45","date_gmt":"2024-10-18T17:03:45","guid":{"rendered":"https:\/\/noticiasya.com\/2024\/10\/18\/claudia-sheinbaum-reforma-judicial-diario-oficial-orix\/"},"modified":"2024-10-18T10:03:45","modified_gmt":"2024-10-18T17:03:45","slug":"claudia-sheinbaum-reforma-judicial-diario-oficial-orix","status":"publish","type":"post","link":"https:\/\/noticiasya.com\/midland-odessa\/2024\/10\/18\/claudia-sheinbaum-reforma-judicial-diario-oficial-orix\/","title":{"rendered":"Claudia Sheinbaum asegura que no van a bajar la publicaci\u00f3n de la reforma judicial del Diario Oficial de la Federaci\u00f3n"},"content":{"rendered":"<p>(CNN Espa\u00f1ol) &#8212;\u00a0La presidenta de M\u00e9xico, Claudia Sheinbaum, no dar\u00e1 marcha atr\u00e1s con la publicaci\u00f3n de la reforma judicial en el Diario Oficial de la Federaci\u00f3n (DOF), seg\u00fan dijo en la conferencia matutina de este viernes, luego de que una jueza ordenara bajarla en un plazo de 24 horas. \u201cJur\u00eddicamente no tiene ning\u00fan sustento\u201d, argument\u00f3 la mandataria.<\/p>\n<p>&#171;No vamos a bajar la publicaci\u00f3n, n\u00famero uno, y n\u00famero dos: vamos a hacer una denuncia de esta jueza ante el Consejo de la Judicatura, ya sabemos que el Consejo de la Judicatura no necesariamente est\u00e1 haciendo su trabajo, pero de todas maneras no queremos que quede en la impunidad, queremos que quede el antecedente&#187;, anunci\u00f3 Sheinbaum.<\/p>\n<p>CNN ha enviado una solicitud de reacci\u00f3n al Consejo sobre los se\u00f1alamientos que hizo la presidenta durante su conferencia de prensa diaria y est\u00e1 a la espera de una respuesta. Tambi\u00e9n intenta contactarse con la Jueza Ju\u00e1rez Salas.<\/p>\n<p>El jueves, la jueza Nancy Ju\u00e1rez Salas, del D\u00e9cimo Noveno juzgado de distrito de Veracruz resolvi\u00f3 que la Presidencia incumpli\u00f3 la suspensi\u00f3n provisional que le orden\u00f3 no publicar en el DOF la reforma judicial. La presidenta afirm\u00f3 este viernes que no recibi\u00f3 ninguna notificaci\u00f3n y que se enter\u00f3 de esto a trav\u00e9s de medios de comunicaci\u00f3n.<\/p>\n<p>Sheinbaum calific\u00f3 la orden de la jueza como \u201cuna ocurrencia\u201d que \u201cno tiene sustento jur\u00eddico\u201d. \u201cUna jueza que por su invento le pide a la presidenta que quite del Diario Oficial de la Federaci\u00f3n lo que al presidente le orden\u00f3 el poder legislativo despu\u00e9s de un proceso electoral, en donde el pueblo de M\u00e9xico determin\u00f3 la composici\u00f3n del poder legislativo y la Constituci\u00f3n y la ley de procedimientos electorales, ese poder legislativo con todos los mecanismos de ley cambia el poder judicial a partir de una iniciativa que env\u00eda el entonces presidente, Andr\u00e9s Manuel L\u00f3pez Obrador, todo sustentado en la constituci\u00f3n, bueno que una jueza tenga una ocurrencia&#187;, se\u00f1al\u00f3.<\/p>\n<p>The-CNN-Wire<br \/>&trade; &amp; &copy; 2024 Cable News Network, Inc., a Warner Bros. Discovery Company. All rights reserved.<\/p>\n","protected":false},"excerpt":{"rendered":"<p>(CNN Espa\u00f1ol) &#8212;\u00a0La presidenta de M\u00e9xico, Claudia Sheinbaum, no dar\u00e1 marcha atr\u00e1s con la publicaci\u00f3n de la reforma judicial en el Diario Oficial de la Federaci\u00f3n (DOF), seg\u00fan dijo en la conferencia matutina de este viernes, luego de que una jueza ordenara bajarla en un plazo de 24 horas. \u201cJur\u00eddicamente no tiene ning\u00fan sustento\u201d, argument\u00f3 [&hellip;]<\/p>\n","protected":false},"author":0,"featured_media":0,"comment_status":"open","ping_status":"open","sticky":false,"template":"","format":"standard","meta":{"_jetpack_memberships_contains_paid_content":false,"footnotes":""},"categories":[10],"tags":[],"class_list":["post-1455218","post","type-post","status-publish","format-standard","hentry","category-noticias-nacionales","market-global"],"yoast_head":"<!-- This site is optimized with the Yoast SEO plugin v24.4 - https:\/\/yoast.com\/wordpress\/plugins\/seo\/ -->\n<title>Claudia Sheinbaum asegura que no van a bajar la publicaci\u00f3n de la reforma judicial del Diario Oficial de la Federaci\u00f3n - Noticias<\/title>\n<meta name=\"robots\" content=\"index, follow, max-snippet:-1, max-image-preview:large, max-video-preview:-1\" \/>\n<link rel=\"canonical\" href=\"https:\/\/noticiasya.com\/2024\/10\/18\/claudia-sheinbaum-reforma-judicial-diario-oficial-orix\/\" \/>\n<meta property=\"og:locale\" content=\"es_ES\" \/>\n<meta property=\"og:type\" content=\"article\" \/>\n<meta property=\"og:title\" content=\"Claudia Sheinbaum asegura que no van a bajar la publicaci\u00f3n de la reforma judicial del Diario Oficial de la Federaci\u00f3n - Noticias\" \/>\n<meta property=\"og:description\" content=\"(CNN Espa\u00f1ol) &#8212;\u00a0La presidenta de M\u00e9xico, Claudia Sheinbaum, no dar\u00e1 marcha atr\u00e1s con la publicaci\u00f3n de la reforma judicial en el Diario Oficial de la Federaci\u00f3n (DOF), seg\u00fan dijo en la conferencia matutina de este viernes, luego de que una jueza ordenara bajarla en un plazo de 24 horas. \u201cJur\u00eddicamente no tiene ning\u00fan sustento\u201d, argument\u00f3 [&hellip;]\" \/>\n<meta property=\"og:url\" content=\"https:\/\/noticiasya.com\/2024\/10\/18\/claudia-sheinbaum-reforma-judicial-diario-oficial-orix\/\" \/>\n<meta property=\"og:site_name\" content=\"Noticias\" \/>\n<meta property=\"article:published_time\" content=\"2024-10-18T17:03:45+00:00\" \/>\n<meta name=\"twitter:card\" content=\"summary_large_image\" \/>\n<meta name=\"twitter:label1\" content=\"Est. reading time\" \/>\n\t<meta name=\"twitter:data1\" content=\"2 minutos\" \/>\n<script type=\"application\/ld+json\" class=\"yoast-schema-graph\">{\"@context\":\"https:\/\/schema.org\",\"@graph\":[{\"@type\":\"Article\",\"@id\":\"https:\/\/noticiasya.com\/2024\/10\/18\/claudia-sheinbaum-reforma-judicial-diario-oficial-orix\/#article\",\"isPartOf\":{\"@id\":\"https:\/\/noticiasya.com\/2024\/10\/18\/claudia-sheinbaum-reforma-judicial-diario-oficial-orix\/\"},\"author\":{\"name\":\"\",\"@id\":\"\"},\"headline\":\"Claudia Sheinbaum asegura que no van a bajar la publicaci\u00f3n de la reforma judicial del Diario Oficial de la Federaci\u00f3n\",\"datePublished\":\"2024-10-18T17:03:45+00:00\",\"mainEntityOfPage\":{\"@id\":\"https:\/\/noticiasya.com\/2024\/10\/18\/claudia-sheinbaum-reforma-judicial-diario-oficial-orix\/\"},\"wordCount\":387,\"commentCount\":0,\"publisher\":{\"@id\":\"https:\/\/noticiasya.com\/#organization\"},\"articleSection\":[\"Noticias Nacionales\"],\"inLanguage\":\"es\",\"potentialAction\":[{\"@type\":\"CommentAction\",\"name\":\"Comment\",\"target\":[\"https:\/\/noticiasya.com\/2024\/10\/18\/claudia-sheinbaum-reforma-judicial-diario-oficial-orix\/#respond\"]}]},{\"@type\":\"WebPage\",\"@id\":\"https:\/\/noticiasya.com\/2024\/10\/18\/claudia-sheinbaum-reforma-judicial-diario-oficial-orix\/\",\"url\":\"https:\/\/noticiasya.com\/2024\/10\/18\/claudia-sheinbaum-reforma-judicial-diario-oficial-orix\/\",\"name\":\"Claudia Sheinbaum asegura que no van a bajar la publicaci\u00f3n de la reforma judicial del Diario Oficial de la Federaci\u00f3n - Noticias\",\"isPartOf\":{\"@id\":\"https:\/\/noticiasya.com\/#website\"},\"datePublished\":\"2024-10-18T17:03:45+00:00\",\"breadcrumb\":{\"@id\":\"https:\/\/noticiasya.com\/2024\/10\/18\/claudia-sheinbaum-reforma-judicial-diario-oficial-orix\/#breadcrumb\"},\"inLanguage\":\"es\",\"potentialAction\":[{\"@type\":\"ReadAction\",\"target\":[\"https:\/\/noticiasya.com\/2024\/10\/18\/claudia-sheinbaum-reforma-judicial-diario-oficial-orix\/\"]}]},{\"@type\":\"BreadcrumbList\",\"@id\":\"https:\/\/noticiasya.com\/2024\/10\/18\/claudia-sheinbaum-reforma-judicial-diario-oficial-orix\/#breadcrumb\",\"itemListElement\":[{\"@type\":\"ListItem\",\"position\":1,\"name\":\"Home\",\"item\":\"https:\/\/noticiasya.com\/\"},{\"@type\":\"ListItem\",\"position\":2,\"name\":\"Claudia Sheinbaum asegura que no van a bajar la publicaci\u00f3n de la reforma judicial del Diario Oficial de la Federaci\u00f3n\"}]},{\"@type\":\"WebSite\",\"@id\":\"https:\/\/noticiasya.com\/#website\",\"url\":\"https:\/\/noticiasya.com\/\",\"name\":\"Noticias\",\"description\":\"Lo que importa\",\"publisher\":{\"@id\":\"https:\/\/noticiasya.com\/#organization\"},\"potentialAction\":[{\"@type\":\"SearchAction\",\"target\":{\"@type\":\"EntryPoint\",\"urlTemplate\":\"https:\/\/noticiasya.com\/?s={search_term_string}\"},\"query-input\":{\"@type\":\"PropertyValueSpecification\",\"valueRequired\":true,\"valueName\":\"search_term_string\"}}],\"inLanguage\":\"es\"},{\"@type\":\"Organization\",\"@id\":\"https:\/\/noticiasya.com\/#organization\",\"name\":\"Noticias\",\"url\":\"https:\/\/noticiasya.com\/\",\"logo\":{\"@type\":\"ImageObject\",\"inLanguage\":\"es\",\"@id\":\"https:\/\/noticiasya.com\/#\/schema\/logo\/image\/\",\"url\":\"https:\/\/noticiasya.com\/wp-content\/uploads\/sites\/22\/2023\/12\/logo-nacional.png\",\"contentUrl\":\"https:\/\/noticiasya.com\/wp-content\/uploads\/sites\/22\/2023\/12\/logo-nacional.png\",\"width\":1801,\"height\":691,\"caption\":\"Noticias\"},\"image\":{\"@id\":\"https:\/\/noticiasya.com\/#\/schema\/logo\/image\/\"}}]}<\/script>\n<!-- \/ Yoast SEO plugin. -->","yoast_head_json":{"title":"Claudia Sheinbaum asegura que no van a bajar la publicaci\u00f3n de la reforma judicial del Diario Oficial de la Federaci\u00f3n - Noticias","robots":{"index":"index","follow":"follow","max-snippet":"max-snippet:-1","max-image-preview":"max-image-preview:large","max-video-preview":"max-video-preview:-1"},"canonical":"https:\/\/noticiasya.com\/2024\/10\/18\/claudia-sheinbaum-reforma-judicial-diario-oficial-orix\/","og_locale":"es_ES","og_type":"article","og_title":"Claudia Sheinbaum asegura que no van a bajar la publicaci\u00f3n de la reforma judicial del Diario Oficial de la Federaci\u00f3n - Noticias","og_description":"(CNN Espa\u00f1ol) &#8212;\u00a0La presidenta de M\u00e9xico, Claudia Sheinbaum, no dar\u00e1 marcha atr\u00e1s con la publicaci\u00f3n de la reforma judicial en el Diario Oficial de la Federaci\u00f3n (DOF), seg\u00fan dijo en la conferencia matutina de este viernes, luego de que una jueza ordenara bajarla en un plazo de 24 horas. \u201cJur\u00eddicamente no tiene ning\u00fan sustento\u201d, argument\u00f3 [&hellip;]","og_url":"https:\/\/noticiasya.com\/2024\/10\/18\/claudia-sheinbaum-reforma-judicial-diario-oficial-orix\/","og_site_name":"Noticias","article_published_time":"2024-10-18T17:03:45+00:00","twitter_card":"summary_large_image","twitter_misc":{"Est. reading time":"2 minutos"},"schema":{"@context":"https:\/\/schema.org","@graph":[{"@type":"Article","@id":"https:\/\/noticiasya.com\/2024\/10\/18\/claudia-sheinbaum-reforma-judicial-diario-oficial-orix\/#article","isPartOf":{"@id":"https:\/\/noticiasya.com\/2024\/10\/18\/claudia-sheinbaum-reforma-judicial-diario-oficial-orix\/"},"author":{"name":"","@id":""},"headline":"Claudia Sheinbaum asegura que no van a bajar la publicaci\u00f3n de la reforma judicial del Diario Oficial de la Federaci\u00f3n","datePublished":"2024-10-18T17:03:45+00:00","mainEntityOfPage":{"@id":"https:\/\/noticiasya.com\/2024\/10\/18\/claudia-sheinbaum-reforma-judicial-diario-oficial-orix\/"},"wordCount":387,"commentCount":0,"publisher":{"@id":"https:\/\/noticiasya.com\/#organization"},"articleSection":["Noticias Nacionales"],"inLanguage":"es","potentialAction":[{"@type":"CommentAction","name":"Comment","target":["https:\/\/noticiasya.com\/2024\/10\/18\/claudia-sheinbaum-reforma-judicial-diario-oficial-orix\/#respond"]}]},{"@type":"WebPage","@id":"https:\/\/noticiasya.com\/2024\/10\/18\/claudia-sheinbaum-reforma-judicial-diario-oficial-orix\/","url":"https:\/\/noticiasya.com\/2024\/10\/18\/claudia-sheinbaum-reforma-judicial-diario-oficial-orix\/","name":"Claudia Sheinbaum asegura que no van a bajar la publicaci\u00f3n de la reforma judicial del Diario Oficial de la Federaci\u00f3n - Noticias","isPartOf":{"@id":"https:\/\/noticiasya.com\/#website"},"datePublished":"2024-10-18T17:03:45+00:00","breadcrumb":{"@id":"https:\/\/noticiasya.com\/2024\/10\/18\/claudia-sheinbaum-reforma-judicial-diario-oficial-orix\/#breadcrumb"},"inLanguage":"es","potentialAction":[{"@type":"ReadAction","target":["https:\/\/noticiasya.com\/2024\/10\/18\/claudia-sheinbaum-reforma-judicial-diario-oficial-orix\/"]}]},{"@type":"BreadcrumbList","@id":"https:\/\/noticiasya.com\/2024\/10\/18\/claudia-sheinbaum-reforma-judicial-diario-oficial-orix\/#breadcrumb","itemListElement":[{"@type":"ListItem","position":1,"name":"Home","item":"https:\/\/noticiasya.com\/"},{"@type":"ListItem","position":2,"name":"Claudia Sheinbaum asegura que no van a bajar la publicaci\u00f3n de la reforma judicial del Diario Oficial de la Federaci\u00f3n"}]},{"@type":"WebSite","@id":"https:\/\/noticiasya.com\/#website","url":"https:\/\/noticiasya.com\/","name":"Noticias","description":"Lo que importa","publisher":{"@id":"https:\/\/noticiasya.com\/#organization"},"potentialAction":[{"@type":"SearchAction","target":{"@type":"EntryPoint","urlTemplate":"https:\/\/noticiasya.com\/?s={search_term_string}"},"query-input":{"@type":"PropertyValueSpecification","valueRequired":true,"valueName":"search_term_string"}}],"inLanguage":"es"},{"@type":"Organization","@id":"https:\/\/noticiasya.com\/#organization","name":"Noticias","url":"https:\/\/noticiasya.com\/","logo":{"@type":"ImageObject","inLanguage":"es","@id":"https:\/\/noticiasya.com\/#\/schema\/logo\/image\/","url":"https:\/\/noticiasya.com\/wp-content\/uploads\/sites\/22\/2023\/12\/logo-nacional.png","contentUrl":"https:\/\/noticiasya.com\/wp-content\/uploads\/sites\/22\/2023\/12\/logo-nacional.png","width":1801,"height":691,"caption":"Noticias"},"image":{"@id":"https:\/\/noticiasya.com\/#\/schema\/logo\/image\/"}}]}},"parsely":{"version":"1.1.0","canonical_url":"https:\/\/noticiasya.com\/midland-odessa\/2024\/10\/18\/claudia-sheinbaum-reforma-judicial-diario-oficial-orix\/","smart_links":{"inbound":0,"outbound":0},"traffic_boost_suggestions_count":0,"meta":{"@context":"https:\/\/schema.org","@type":"NewsArticle","headline":"Claudia Sheinbaum asegura que no van a bajar la publicaci\u00f3n de la reforma judicial del Diario Oficial de la Federaci\u00f3n","url":"http:\/\/noticiasya.com\/midland-odessa\/2024\/10\/18\/claudia-sheinbaum-reforma-judicial-diario-oficial-orix\/","mainEntityOfPage":{"@type":"WebPage","@id":"http:\/\/noticiasya.com\/midland-odessa\/2024\/10\/18\/claudia-sheinbaum-reforma-judicial-diario-oficial-orix\/"},"thumbnailUrl":"","image":{"@type":"ImageObject","url":""},"articleSection":"Noticias Nacionales","author":[],"creator":[],"publisher":{"@type":"Organization","name":"Noticias","logo":""},"keywords":[],"dateCreated":"2024-10-18T17:03:45Z","datePublished":"2024-10-18T17:03:45Z","dateModified":"2024-10-18T17:03:45Z"},"rendered":"<script type=\"application\/ld+json\" class=\"wp-parsely-metadata\">{\"@context\":\"https:\\\/\\\/schema.org\",\"@type\":\"NewsArticle\",\"headline\":\"Claudia Sheinbaum asegura que no van a bajar la publicaci\\u00f3n de la reforma judicial del Diario Oficial de la Federaci\\u00f3n\",\"url\":\"http:\\\/\\\/noticiasya.com\\\/midland-odessa\\\/2024\\\/10\\\/18\\\/claudia-sheinbaum-reforma-judicial-diario-oficial-orix\\\/\",\"mainEntityOfPage\":{\"@type\":\"WebPage\",\"@id\":\"http:\\\/\\\/noticiasya.com\\\/midland-odessa\\\/2024\\\/10\\\/18\\\/claudia-sheinbaum-reforma-judicial-diario-oficial-orix\\\/\"},\"thumbnailUrl\":\"\",\"image\":{\"@type\":\"ImageObject\",\"url\":\"\"},\"articleSection\":\"Noticias Nacionales\",\"author\":[],\"creator\":[],\"publisher\":{\"@type\":\"Organization\",\"name\":\"Noticias\",\"logo\":\"\"},\"keywords\":[],\"dateCreated\":\"2024-10-18T17:03:45Z\",\"datePublished\":\"2024-10-18T17:03:45Z\",\"dateModified\":\"2024-10-18T17:03:45Z\"}<\/script>","tracker_url":"https:\/\/cdn.parsely.com\/keys\/noticiasya.com\/p.js"},"jetpack_featured_media_url":"","jetpack-related-posts":[{"id":1455295,"url":"https:\/\/noticiasya.com\/midland-odessa\/2024\/10\/22\/sheinbaum-no-antecedentes-juez-eliminar-diario-oficial-orix\/","url_meta":{"origin":1455218,"position":0},"title":"Sheinbaum: &#171;No hay antecedentes de que un juez haya pedido eliminar algo del Diario Oficial de la Federaci\u00f3n&#187;","author":"","date":"octubre 22, 2024","format":false,"excerpt":"(CNN Espa\u00f1ol) -- La presidenta de M\u00e9xico Claudia Sheinbaum volvi\u00f3 a ratificar este martes la publicaci\u00f3n oficial de la reforma judicial. \"No hay antecedentes de que un juez haya pedido eliminar algo del Diario Oficial de la Federaci\u00f3n\", dijo la mandataria en su rueda de prensa matutina.\"\u00bfLa se\u00f1ora jueza est\u00e1\u2026","rel":"","context":"In &quot;Noticias Nacionales&quot;","block_context":{"text":"Noticias Nacionales","link":"https:\/\/noticiasya.com\/midland-odessa\/categoria\/noticias-nacionales"},"img":{"alt_text":"","src":"","width":0,"height":0},"classes":[]},{"id":1455317,"url":"https:\/\/noticiasya.com\/midland-odessa\/2024\/10\/23\/mexico-sheinbaum-qr-jueza-suspension-reforma-judicial-orix\/","url_meta":{"origin":1455218,"position":1},"title":"Sheinbaum se burla de que no funciona el c\u00f3digo QR que le envi\u00f3 la jueza que emiti\u00f3 una suspensi\u00f3n contra la reforma judicial","author":"","date":"octubre 23, 2024","format":false,"excerpt":"(CNN Espa\u00f1ol) \u2013\u2013 La presidenta de M\u00e9xico, Claudia Sheinbaum, se burl\u00f3 este mi\u00e9rcoles de que la notificaci\u00f3n judicial que le envi\u00f3 la jueza Nancy Ju\u00e1rez para eliminar la reforma judicial del Diario Oficial de la Federaci\u00f3n, hecha a trav\u00e9s de un c\u00f3digo QR, no funciona y env\u00eda a un aviso\u2026","rel":"","context":"In &quot;Noticias Nacionales&quot;","block_context":{"text":"Noticias Nacionales","link":"https:\/\/noticiasya.com\/midland-odessa\/categoria\/noticias-nacionales"},"img":{"alt_text":"","src":"","width":0,"height":0},"classes":[]},{"id":1455301,"url":"https:\/\/noticiasya.com\/midland-odessa\/2024\/10\/22\/juristas-corte-mexico-opinion-tecnica-reforma-judicial-orix\/","url_meta":{"origin":1455218,"position":2},"title":"50 juristas hispanoamericanos presentan a la Suprema Corte de M\u00e9xico opini\u00f3n t\u00e9cnica contra la reforma judicial","author":"","date":"octubre 22, 2024","format":false,"excerpt":"(CNN Espa\u00f1ol) \u2013\u2013 Un grupo de 50 acad\u00e9micos en derecho de diferentes universidades hispanoamericanas presentaron ante la Suprema Corte de Justicia de la Naci\u00f3n de M\u00e9xico una opini\u00f3n t\u00e9cnica conocida como \"amiga de la corte\" o amicus curia donde ofrecen argumentos contra la controvertida reforma judicial recientemente decretada, tras su\u2026","rel":"","context":"In &quot;Noticias Nacionales&quot;","block_context":{"text":"Noticias Nacionales","link":"https:\/\/noticiasya.com\/midland-odessa\/categoria\/noticias-nacionales"},"img":{"alt_text":"","src":"","width":0,"height":0},"classes":[]},{"id":1455497,"url":"https:\/\/noticiasya.com\/midland-odessa\/2024\/10\/31\/congreso-mexicano-declara-validez-de-la-reforma-de-supremacia-constitucional-tras-aval-en-mayoria-de-legislaturas-estatales\/","url_meta":{"origin":1455218,"position":3},"title":"Congreso mexicano declara validez de la reforma de supremac\u00eda constitucional tras aval en mayor\u00eda de legislaturas estatales","author":"","date":"octubre 31, 2024","format":false,"excerpt":"(CNN Espa\u00f1ol) -- Las C\u00e1maras de Diputados y Senadores avalaron este jueves la enmienda de supremac\u00eda constitucional, que blinda las reformas a la Constituci\u00f3n Nacional de cualquier amparo, controversia y acci\u00f3n de inconstitucionalidad, incluida la pol\u00e9mica reforma judicial, tras alcanzar los votos aprobatorios de 23 legislaturas estatales, informaron ambas c\u00e1maras\u2026","rel":"","context":"In &quot;Noticias Nacionales&quot;","block_context":{"text":"Noticias Nacionales","link":"https:\/\/noticiasya.com\/midland-odessa\/categoria\/noticias-nacionales"},"img":{"alt_text":"","src":"","width":0,"height":0},"classes":[]},{"id":1452049,"url":"https:\/\/noticiasya.com\/midland-odessa\/2024\/08\/21\/por-que-trabajadores-poder-judicial-mexico-se-oponen-a-reforma-amlo-orix\/","url_meta":{"origin":1455218,"position":4},"title":"\u00bfPor qu\u00e9 los trabajadores del Poder Judicial de M\u00e9xico se oponen a la reforma de AMLO?","author":"","date":"agosto 21, 2024","format":false,"excerpt":"(CNN Espa\u00f1ol) -- Desde el primer minuto de este mi\u00e9rcoles 21 de agosto, el Poder Judicial de M\u00e9xico qued\u00f3 paralizado como parte del paro nacional aprobado de trabajadores, jueces y magistrados para detener el actual proceso de la reforma al Poder Judicial impulsada por el presidente Andr\u00e9s Manuel L\u00f3pez Obrador.El\u2026","rel":"","context":"In &quot;Noticias Nacionales&quot;","block_context":{"text":"Noticias Nacionales","link":"https:\/\/noticiasya.com\/midland-odessa\/categoria\/noticias-nacionales"},"img":{"alt_text":"","src":"","width":0,"height":0},"classes":[]},{"id":1450778,"url":"https:\/\/noticiasya.com\/midland-odessa\/2024\/06\/28\/ministros-suprema-corte-reforma-al-poder-judicial-implemente-gradual-orix\/","url_meta":{"origin":1455218,"position":5},"title":"Ministros\u00a0de la Suprema Corte piden al Congreso de M\u00e9xico que la\u00a0reforma al Poder Judicial se implemente\u00a0de forma gradual","author":"","date":"junio 28, 2024","format":false,"excerpt":"(CNN Espa\u00f1ol) --\u00a0La propuesta de reforma al Poder Judicial, enviada por el presidente Andr\u00e9s Manuel L\u00f3pez Obrador al Congreso el 5 de febrero pasado, dividi\u00f3 opiniones entre ministros\u00a0de la Suprema Corte de Justicia de la Naci\u00f3n (SCJN), quienes pidieron que, ante lo que consideran una inminente\u00a0aprobaci\u00f3n de dicha propuesta\u00a0por la\u00a0amplia\u2026","rel":"","context":"In &quot;Noticias Nacionales&quot;","block_context":{"text":"Noticias Nacionales","link":"https:\/\/noticiasya.com\/midland-odessa\/categoria\/noticias-nacionales"},"img":{"alt_text":"","src":"","width":0,"height":0},"classes":[]}],"jetpack_sharing_enabled":true,"_links":{"self":[{"href":"https:\/\/noticiasya.com\/midland-odessa\/wp-json\/wp\/v2\/posts\/1455218","targetHints":{"allow":["GET"]}}],"collection":[{"href":"https:\/\/noticiasya.com\/midland-odessa\/wp-json\/wp\/v2\/posts"}],"about":[{"href":"https:\/\/noticiasya.com\/midland-odessa\/wp-json\/wp\/v2\/types\/post"}],"replies":[{"embeddable":true,"href":"https:\/\/noticiasya.com\/midland-odessa\/wp-json\/wp\/v2\/comments?post=1455218"}],"version-history":[{"count":0,"href":"https:\/\/noticiasya.com\/midland-odessa\/wp-json\/wp\/v2\/posts\/1455218\/revisions"}],"wp:attachment":[{"href":"https:\/\/noticiasya.com\/midland-odessa\/wp-json\/wp\/v2\/media?parent=1455218"}],"wp:term":[{"taxonomy":"category","embeddable":true,"href":"https:\/\/noticiasya.com\/midland-odessa\/wp-json\/wp\/v2\/categories?post=1455218"},{"taxonomy":"post_tag","embeddable":true,"href":"https:\/\/noticiasya.com\/midland-odessa\/wp-json\/wp\/v2\/tags?post=1455218"}],"curies":[{"name":"wp","href":"https:\/\/api.w.org\/{rel}","templated":true}]}}