{"id":1455222,"date":"2024-10-18T11:03:43","date_gmt":"2024-10-18T18:03:43","guid":{"rendered":"https:\/\/noticiasya.com\/2024\/10\/18\/cuba-apagon-toda-la-isla-fallo-planta-electrica-trax\/"},"modified":"2024-10-18T11:03:43","modified_gmt":"2024-10-18T18:03:43","slug":"cuba-apagon-toda-la-isla-fallo-planta-electrica-trax","status":"publish","type":"post","link":"https:\/\/noticiasya.com\/midland-odessa\/2024\/10\/18\/cuba-apagon-toda-la-isla-fallo-planta-electrica-trax\/","title":{"rendered":"Cuba experimenta un apag\u00f3n en toda la isla tras falla en planta el\u00e9ctrica"},"content":{"rendered":"<p>(CNN) &#8212;\u00a0La red el\u00e9ctrica de Cuba sufri\u00f3 un apag\u00f3n este viernes, dejando al pa\u00eds a oscuras tras &#171;la falla&#187; de una de las principales plantas de energ\u00eda de la isla, seg\u00fan su ministerio de energ\u00eda.<\/p>\n<p>En un comunicado en X, el ministerio dijo que &#171;la falla&#187; de la Central Termoel\u00e9ctrica Antonio Guiteras caus\u00f3 &#171;la desconexi\u00f3n total del Sistema El\u00e9ctrico Nacional&#187; desde las 11 a.m., hora Miami, de este viernes.<\/p>\n<p>Esto ocurre despu\u00e9s de que el Gobierno de Cuba, cada vez m\u00e1s escaso de energ\u00eda, tomara medidas draconianas para ahorrar energ\u00eda, incluyendo decirle a muchos trabajadores que se quedaran en casa.<\/p>\n<p>Cuba alcanza m\u00ednimo de producci\u00f3n el\u00e9ctrica en semanas con la mayor\u00eda de sus centrales energ\u00e9ticas da\u00f1adas o sin combustible<\/p>\n<p>Las clases en las escuelas fueron canceladas desde el viernes hasta el fin de semana, se orden\u00f3 el cierre de discotecas y centros de recreaci\u00f3n, y solo los &#171;trabajadores indispensables&#187; tuvieron que presentarse en sus trabajos, seg\u00fan una lista de medidas de ahorro de energ\u00eda publicada por el sitio web estatal Cubadebate m\u00e1s temprano este viernes.<\/p>\n<p>Millones de personas en la isla gobernada por el Partido Comunista se han quedado sin electricidad en los \u00faltimos d\u00edas mientras la envejecida red el\u00e9ctrica cubana colapsaba repetidamente.<\/p>\n<p>Los funcionarios cubanos culparon a una confluencia de eventos, desde el aumento de las sanciones econ\u00f3micas de EE.UU., hasta las interrupciones causadas por huracanes recientes y el estado empobrecido de la infraestructura de la isla.<\/p>\n<p>En un discurso televisado el jueves, que se retras\u00f3 debido a dificultades t\u00e9cnicas, el primer ministro de Cuba Manuel Marrero Cruz dijo que gran parte de la limitada producci\u00f3n del pa\u00eds se detuvo para evitar dejar completamente a la gente sin electricidad.<\/p>\n<p>&#171;Hemos estado paralizando la actividad econ\u00f3mica para generar (energ\u00eda) para la poblaci\u00f3n&#187;, explic\u00f3.<\/p>\n<p>Marrero dijo que la escasez de combustible hab\u00eda dejado a gran parte de Cuba en la oscuridad, pero que los env\u00edos por barco en los pr\u00f3ximos d\u00edas mejorar\u00edan la situaci\u00f3n.<\/p>\n<p>&#171;No estamos en un abismo sin fin&#187;, dijo.<\/p>\n<p>Esta es una historia en desarrollo y ser\u00e1 actualizada.<\/p>\n<p>The-CNN-Wire<br \/>&trade; &amp; &copy; 2024 Cable News Network, Inc., a Warner Bros. Discovery Company. All rights reserved.<\/p>\n","protected":false},"excerpt":{"rendered":"<p>(CNN) &#8212;\u00a0La red el\u00e9ctrica de Cuba sufri\u00f3 un apag\u00f3n este viernes, dejando al pa\u00eds a oscuras tras &#171;la falla&#187; de una de las principales plantas de energ\u00eda de la isla, seg\u00fan su ministerio de energ\u00eda. En un comunicado en X, el ministerio dijo que &#171;la falla&#187; de la Central Termoel\u00e9ctrica Antonio Guiteras caus\u00f3 &#171;la desconexi\u00f3n [&hellip;]<\/p>\n","protected":false},"author":0,"featured_media":0,"comment_status":"open","ping_status":"open","sticky":false,"template":"","format":"standard","meta":{"_jetpack_memberships_contains_paid_content":false,"footnotes":""},"categories":[10],"tags":[],"class_list":["post-1455222","post","type-post","status-publish","format-standard","hentry","category-noticias-nacionales","market-global"],"yoast_head":"<!-- This site is optimized with the Yoast SEO plugin v24.4 - https:\/\/yoast.com\/wordpress\/plugins\/seo\/ -->\n<title>Cuba experimenta un apag\u00f3n en toda la isla tras falla en planta el\u00e9ctrica - Noticias<\/title>\n<meta name=\"robots\" content=\"index, follow, max-snippet:-1, max-image-preview:large, max-video-preview:-1\" \/>\n<link rel=\"canonical\" href=\"https:\/\/noticiasya.com\/2024\/10\/18\/cuba-apagon-toda-la-isla-fallo-planta-electrica-trax\/\" \/>\n<meta property=\"og:locale\" content=\"es_ES\" \/>\n<meta property=\"og:type\" content=\"article\" \/>\n<meta property=\"og:title\" content=\"Cuba experimenta un apag\u00f3n en toda la isla tras falla en planta el\u00e9ctrica - Noticias\" \/>\n<meta property=\"og:description\" content=\"(CNN) &#8212;\u00a0La red el\u00e9ctrica de Cuba sufri\u00f3 un apag\u00f3n este viernes, dejando al pa\u00eds a oscuras tras &#171;la falla&#187; de una de las principales plantas de energ\u00eda de la isla, seg\u00fan su ministerio de energ\u00eda. En un comunicado en X, el ministerio dijo que &#171;la falla&#187; de la Central Termoel\u00e9ctrica Antonio Guiteras caus\u00f3 &#171;la desconexi\u00f3n [&hellip;]\" \/>\n<meta property=\"og:url\" content=\"https:\/\/noticiasya.com\/2024\/10\/18\/cuba-apagon-toda-la-isla-fallo-planta-electrica-trax\/\" \/>\n<meta property=\"og:site_name\" content=\"Noticias\" \/>\n<meta property=\"article:published_time\" content=\"2024-10-18T18:03:43+00:00\" \/>\n<meta name=\"twitter:card\" content=\"summary_large_image\" \/>\n<meta name=\"twitter:label1\" content=\"Est. reading time\" \/>\n\t<meta name=\"twitter:data1\" content=\"2 minutos\" \/>\n<script type=\"application\/ld+json\" class=\"yoast-schema-graph\">{\"@context\":\"https:\/\/schema.org\",\"@graph\":[{\"@type\":\"Article\",\"@id\":\"https:\/\/noticiasya.com\/2024\/10\/18\/cuba-apagon-toda-la-isla-fallo-planta-electrica-trax\/#article\",\"isPartOf\":{\"@id\":\"https:\/\/noticiasya.com\/2024\/10\/18\/cuba-apagon-toda-la-isla-fallo-planta-electrica-trax\/\"},\"author\":{\"name\":\"\",\"@id\":\"\"},\"headline\":\"Cuba experimenta un apag\u00f3n en toda la isla tras falla en planta el\u00e9ctrica\",\"datePublished\":\"2024-10-18T18:03:43+00:00\",\"mainEntityOfPage\":{\"@id\":\"https:\/\/noticiasya.com\/2024\/10\/18\/cuba-apagon-toda-la-isla-fallo-planta-electrica-trax\/\"},\"wordCount\":411,\"commentCount\":0,\"publisher\":{\"@id\":\"https:\/\/noticiasya.com\/#organization\"},\"articleSection\":[\"Noticias Nacionales\"],\"inLanguage\":\"es\",\"potentialAction\":[{\"@type\":\"CommentAction\",\"name\":\"Comment\",\"target\":[\"https:\/\/noticiasya.com\/2024\/10\/18\/cuba-apagon-toda-la-isla-fallo-planta-electrica-trax\/#respond\"]}]},{\"@type\":\"WebPage\",\"@id\":\"https:\/\/noticiasya.com\/2024\/10\/18\/cuba-apagon-toda-la-isla-fallo-planta-electrica-trax\/\",\"url\":\"https:\/\/noticiasya.com\/2024\/10\/18\/cuba-apagon-toda-la-isla-fallo-planta-electrica-trax\/\",\"name\":\"Cuba experimenta un apag\u00f3n en toda la isla tras falla en planta el\u00e9ctrica - Noticias\",\"isPartOf\":{\"@id\":\"https:\/\/noticiasya.com\/#website\"},\"datePublished\":\"2024-10-18T18:03:43+00:00\",\"breadcrumb\":{\"@id\":\"https:\/\/noticiasya.com\/2024\/10\/18\/cuba-apagon-toda-la-isla-fallo-planta-electrica-trax\/#breadcrumb\"},\"inLanguage\":\"es\",\"potentialAction\":[{\"@type\":\"ReadAction\",\"target\":[\"https:\/\/noticiasya.com\/2024\/10\/18\/cuba-apagon-toda-la-isla-fallo-planta-electrica-trax\/\"]}]},{\"@type\":\"BreadcrumbList\",\"@id\":\"https:\/\/noticiasya.com\/2024\/10\/18\/cuba-apagon-toda-la-isla-fallo-planta-electrica-trax\/#breadcrumb\",\"itemListElement\":[{\"@type\":\"ListItem\",\"position\":1,\"name\":\"Home\",\"item\":\"https:\/\/noticiasya.com\/\"},{\"@type\":\"ListItem\",\"position\":2,\"name\":\"Cuba experimenta un apag\u00f3n en toda la isla tras falla en planta el\u00e9ctrica\"}]},{\"@type\":\"WebSite\",\"@id\":\"https:\/\/noticiasya.com\/#website\",\"url\":\"https:\/\/noticiasya.com\/\",\"name\":\"Noticias\",\"description\":\"Lo que importa\",\"publisher\":{\"@id\":\"https:\/\/noticiasya.com\/#organization\"},\"potentialAction\":[{\"@type\":\"SearchAction\",\"target\":{\"@type\":\"EntryPoint\",\"urlTemplate\":\"https:\/\/noticiasya.com\/?s={search_term_string}\"},\"query-input\":{\"@type\":\"PropertyValueSpecification\",\"valueRequired\":true,\"valueName\":\"search_term_string\"}}],\"inLanguage\":\"es\"},{\"@type\":\"Organization\",\"@id\":\"https:\/\/noticiasya.com\/#organization\",\"name\":\"Noticias\",\"url\":\"https:\/\/noticiasya.com\/\",\"logo\":{\"@type\":\"ImageObject\",\"inLanguage\":\"es\",\"@id\":\"https:\/\/noticiasya.com\/#\/schema\/logo\/image\/\",\"url\":\"https:\/\/noticiasya.com\/wp-content\/uploads\/sites\/22\/2023\/12\/logo-nacional.png\",\"contentUrl\":\"https:\/\/noticiasya.com\/wp-content\/uploads\/sites\/22\/2023\/12\/logo-nacional.png\",\"width\":1801,\"height\":691,\"caption\":\"Noticias\"},\"image\":{\"@id\":\"https:\/\/noticiasya.com\/#\/schema\/logo\/image\/\"}}]}<\/script>\n<!-- \/ Yoast SEO plugin. -->","yoast_head_json":{"title":"Cuba experimenta un apag\u00f3n en toda la isla tras falla en planta el\u00e9ctrica - Noticias","robots":{"index":"index","follow":"follow","max-snippet":"max-snippet:-1","max-image-preview":"max-image-preview:large","max-video-preview":"max-video-preview:-1"},"canonical":"https:\/\/noticiasya.com\/2024\/10\/18\/cuba-apagon-toda-la-isla-fallo-planta-electrica-trax\/","og_locale":"es_ES","og_type":"article","og_title":"Cuba experimenta un apag\u00f3n en toda la isla tras falla en planta el\u00e9ctrica - Noticias","og_description":"(CNN) &#8212;\u00a0La red el\u00e9ctrica de Cuba sufri\u00f3 un apag\u00f3n este viernes, dejando al pa\u00eds a oscuras tras &#171;la falla&#187; de una de las principales plantas de energ\u00eda de la isla, seg\u00fan su ministerio de energ\u00eda. En un comunicado en X, el ministerio dijo que &#171;la falla&#187; de la Central Termoel\u00e9ctrica Antonio Guiteras caus\u00f3 &#171;la desconexi\u00f3n [&hellip;]","og_url":"https:\/\/noticiasya.com\/2024\/10\/18\/cuba-apagon-toda-la-isla-fallo-planta-electrica-trax\/","og_site_name":"Noticias","article_published_time":"2024-10-18T18:03:43+00:00","twitter_card":"summary_large_image","twitter_misc":{"Est. reading time":"2 minutos"},"schema":{"@context":"https:\/\/schema.org","@graph":[{"@type":"Article","@id":"https:\/\/noticiasya.com\/2024\/10\/18\/cuba-apagon-toda-la-isla-fallo-planta-electrica-trax\/#article","isPartOf":{"@id":"https:\/\/noticiasya.com\/2024\/10\/18\/cuba-apagon-toda-la-isla-fallo-planta-electrica-trax\/"},"author":{"name":"","@id":""},"headline":"Cuba experimenta un apag\u00f3n en toda la isla tras falla en planta el\u00e9ctrica","datePublished":"2024-10-18T18:03:43+00:00","mainEntityOfPage":{"@id":"https:\/\/noticiasya.com\/2024\/10\/18\/cuba-apagon-toda-la-isla-fallo-planta-electrica-trax\/"},"wordCount":411,"commentCount":0,"publisher":{"@id":"https:\/\/noticiasya.com\/#organization"},"articleSection":["Noticias Nacionales"],"inLanguage":"es","potentialAction":[{"@type":"CommentAction","name":"Comment","target":["https:\/\/noticiasya.com\/2024\/10\/18\/cuba-apagon-toda-la-isla-fallo-planta-electrica-trax\/#respond"]}]},{"@type":"WebPage","@id":"https:\/\/noticiasya.com\/2024\/10\/18\/cuba-apagon-toda-la-isla-fallo-planta-electrica-trax\/","url":"https:\/\/noticiasya.com\/2024\/10\/18\/cuba-apagon-toda-la-isla-fallo-planta-electrica-trax\/","name":"Cuba experimenta un apag\u00f3n en toda la isla tras falla en planta el\u00e9ctrica - Noticias","isPartOf":{"@id":"https:\/\/noticiasya.com\/#website"},"datePublished":"2024-10-18T18:03:43+00:00","breadcrumb":{"@id":"https:\/\/noticiasya.com\/2024\/10\/18\/cuba-apagon-toda-la-isla-fallo-planta-electrica-trax\/#breadcrumb"},"inLanguage":"es","potentialAction":[{"@type":"ReadAction","target":["https:\/\/noticiasya.com\/2024\/10\/18\/cuba-apagon-toda-la-isla-fallo-planta-electrica-trax\/"]}]},{"@type":"BreadcrumbList","@id":"https:\/\/noticiasya.com\/2024\/10\/18\/cuba-apagon-toda-la-isla-fallo-planta-electrica-trax\/#breadcrumb","itemListElement":[{"@type":"ListItem","position":1,"name":"Home","item":"https:\/\/noticiasya.com\/"},{"@type":"ListItem","position":2,"name":"Cuba experimenta un apag\u00f3n en toda la isla tras falla en planta el\u00e9ctrica"}]},{"@type":"WebSite","@id":"https:\/\/noticiasya.com\/#website","url":"https:\/\/noticiasya.com\/","name":"Noticias","description":"Lo que importa","publisher":{"@id":"https:\/\/noticiasya.com\/#organization"},"potentialAction":[{"@type":"SearchAction","target":{"@type":"EntryPoint","urlTemplate":"https:\/\/noticiasya.com\/?s={search_term_string}"},"query-input":{"@type":"PropertyValueSpecification","valueRequired":true,"valueName":"search_term_string"}}],"inLanguage":"es"},{"@type":"Organization","@id":"https:\/\/noticiasya.com\/#organization","name":"Noticias","url":"https:\/\/noticiasya.com\/","logo":{"@type":"ImageObject","inLanguage":"es","@id":"https:\/\/noticiasya.com\/#\/schema\/logo\/image\/","url":"https:\/\/noticiasya.com\/wp-content\/uploads\/sites\/22\/2023\/12\/logo-nacional.png","contentUrl":"https:\/\/noticiasya.com\/wp-content\/uploads\/sites\/22\/2023\/12\/logo-nacional.png","width":1801,"height":691,"caption":"Noticias"},"image":{"@id":"https:\/\/noticiasya.com\/#\/schema\/logo\/image\/"}}]}},"parsely":{"version":"1.1.0","canonical_url":"https:\/\/noticiasya.com\/midland-odessa\/2024\/10\/18\/cuba-apagon-toda-la-isla-fallo-planta-electrica-trax\/","smart_links":{"inbound":0,"outbound":0},"traffic_boost_suggestions_count":0,"meta":{"@context":"https:\/\/schema.org","@type":"NewsArticle","headline":"Cuba experimenta un apag\u00f3n en toda la isla tras falla en planta el\u00e9ctrica","url":"http:\/\/noticiasya.com\/midland-odessa\/2024\/10\/18\/cuba-apagon-toda-la-isla-fallo-planta-electrica-trax\/","mainEntityOfPage":{"@type":"WebPage","@id":"http:\/\/noticiasya.com\/midland-odessa\/2024\/10\/18\/cuba-apagon-toda-la-isla-fallo-planta-electrica-trax\/"},"thumbnailUrl":"","image":{"@type":"ImageObject","url":""},"articleSection":"Noticias Nacionales","author":[],"creator":[],"publisher":{"@type":"Organization","name":"Noticias","logo":""},"keywords":[],"dateCreated":"2024-10-18T18:03:43Z","datePublished":"2024-10-18T18:03:43Z","dateModified":"2024-10-18T18:03:43Z"},"rendered":"<script type=\"application\/ld+json\" class=\"wp-parsely-metadata\">{\"@context\":\"https:\\\/\\\/schema.org\",\"@type\":\"NewsArticle\",\"headline\":\"Cuba experimenta un apag\\u00f3n en toda la isla tras falla en planta el\\u00e9ctrica\",\"url\":\"http:\\\/\\\/noticiasya.com\\\/midland-odessa\\\/2024\\\/10\\\/18\\\/cuba-apagon-toda-la-isla-fallo-planta-electrica-trax\\\/\",\"mainEntityOfPage\":{\"@type\":\"WebPage\",\"@id\":\"http:\\\/\\\/noticiasya.com\\\/midland-odessa\\\/2024\\\/10\\\/18\\\/cuba-apagon-toda-la-isla-fallo-planta-electrica-trax\\\/\"},\"thumbnailUrl\":\"\",\"image\":{\"@type\":\"ImageObject\",\"url\":\"\"},\"articleSection\":\"Noticias Nacionales\",\"author\":[],\"creator\":[],\"publisher\":{\"@type\":\"Organization\",\"name\":\"Noticias\",\"logo\":\"\"},\"keywords\":[],\"dateCreated\":\"2024-10-18T18:03:43Z\",\"datePublished\":\"2024-10-18T18:03:43Z\",\"dateModified\":\"2024-10-18T18:03:43Z\"}<\/script>","tracker_url":"https:\/\/cdn.parsely.com\/keys\/noticiasya.com\/p.js"},"jetpack_featured_media_url":"","jetpack-related-posts":[{"id":1455248,"url":"https:\/\/noticiasya.com\/midland-odessa\/2024\/10\/19\/cuba-nuevo-apagon-nacional-restaurarse-electricidad-trax\/","url_meta":{"origin":1455222,"position":0},"title":"Cuba sufre un nuevo apag\u00f3n nacional horas despu\u00e9s de que comenzara a restaurarse la electricidad","author":"","date":"octubre 19, 2024","format":false,"excerpt":"(CNN) -- Cuba sufri\u00f3 un segundo apag\u00f3n nacional en la ma\u00f1ana de este s\u00e1bado, horas despu\u00e9s de que las autoridades dijeran que se estaba restaurando lentamente la electricidad.\"A las 6:15 am ocurri\u00f3 un nuevo apag\u00f3n total del sistema electroenerg\u00e9tico nacional\", dec\u00eda una publicaci\u00f3n en el canal oficial de Telegram de\u2026","rel":"","context":"In &quot;Noticias Nacionales&quot;","block_context":{"text":"Noticias Nacionales","link":"https:\/\/noticiasya.com\/midland-odessa\/categoria\/noticias-nacionales"},"img":{"alt_text":"","src":"","width":0,"height":0},"classes":[]},{"id":1459953,"url":"https:\/\/noticiasya.com\/midland-odessa\/2025\/03\/14\/apagon-masivo-occidente-cuba-orix\/","url_meta":{"origin":1455222,"position":1},"title":"Un apag\u00f3n masivo afecta al occidente de Cuba","author":"","date":"marzo 14, 2025","format":false,"excerpt":"Un apag\u00f3n masivo caus\u00f3 una \u201cp\u00e9rdida importante\u201d de generaci\u00f3n de energ\u00eda el\u00e9ctrica que afect\u00f3 al occidente de Cuba, inform\u00f3 este viernes el Ministerio de Energ\u00eda y Minas del pa\u00eds caribe\u00f1o.El incidente ocurri\u00f3 alrededor de las 20:15, hora local, agreg\u00f3.La isla ha enfrentado recientes apagones que han afectado a millones de\u2026","rel":"","context":"In &quot;Noticias Nacionales&quot;","block_context":{"text":"Noticias Nacionales","link":"https:\/\/noticiasya.com\/midland-odessa\/categoria\/noticias-nacionales"},"img":{"alt_text":"","src":"","width":0,"height":0},"classes":[]},{"id":1472433,"url":"https:\/\/noticiasya.com\/midland-odessa\/2026\/03\/21\/cuba-segundo-apagon-nacional-una-semana-trax\/","url_meta":{"origin":1455222,"position":2},"title":"Cuba anuncia segundo apag\u00f3n nacional en menos de una semana","author":"","date":"marzo 21, 2026","format":false,"excerpt":"El Ministerio de Energ\u00eda y Minas de Cuba anunci\u00f3 este s\u00e1bado que toda la isla ha sufrido otro apag\u00f3n el\u00e9ctrico.\u201cSe ha producido una desconexi\u00f3n total del Sistema El\u00e9ctrico Nacional\u201d, dijo el Ministerio en una publicaci\u00f3n en X. \u201cYa comienzan a implementarse los protocolos para el restablecimiento\u201d.Esto ocurre solo d\u00edas despu\u00e9s\u2026","rel":"","context":"In &quot;Noticias Nacionales&quot;","block_context":{"text":"Noticias Nacionales","link":"https:\/\/noticiasya.com\/midland-odessa\/categoria\/noticias-nacionales"},"img":{"alt_text":"","src":"","width":0,"height":0},"classes":[]},{"id":1466329,"url":"https:\/\/noticiasya.com\/midland-odessa\/2025\/09\/10\/cuba-apagon-cuarto-orix\/","url_meta":{"origin":1455222,"position":3},"title":"Cuba sufre un nuevo apag\u00f3n en todo el pa\u00eds, el cuarto en menos de un a\u00f1o","author":"","date":"septiembre 10, 2025","format":false,"excerpt":"Cuba sufri\u00f3 este mi\u00e9rcoles un nuevo apag\u00f3n en todo el pa\u00eds, seg\u00fan inform\u00f3 en redes sociales la estatal Uni\u00f3n El\u00e9ctrica (UNE). Es el cuarto a nivel nacional en menos de un a\u00f1o.El corte el\u00e9ctrico general ocurri\u00f3 a las 9:14 a.m. hora local.\u201cSe ha producido una desconexi\u00f3n total del Sistema El\u00e9ctrico,\u2026","rel":"","context":"In &quot;Noticias Nacionales&quot;","block_context":{"text":"Noticias Nacionales","link":"https:\/\/noticiasya.com\/midland-odessa\/categoria\/noticias-nacionales"},"img":{"alt_text":"","src":"","width":0,"height":0},"classes":[]},{"id":1458724,"url":"https:\/\/noticiasya.com\/midland-odessa\/2025\/02\/13\/cuba-suspende-actividades-no-imprescindibles-crisis-electrica-orix\/","url_meta":{"origin":1455222,"position":4},"title":"Cuba suspende actividades docentes y laborales &#171;no imprescindibles&#187; el viernes y s\u00e1bado debido a la crisis el\u00e9ctrica","author":"","date":"febrero 13, 2025","format":false,"excerpt":"El Gobierno de Cuba anunci\u00f3 este jueves la suspensi\u00f3n de actividades laborales y docentes \u201cno imprescindibles\u201d el viernes y s\u00e1bado, debido a la crisis energ\u00e9tica que afecta a la isla, inform\u00f3 la ministra de Trabajo y Seguridad Social, Marta Elena Feito Cabrera.\u201cTeniendo en cuenta la situaci\u00f3n energ\u00e9tica que afronta el\u2026","rel":"","context":"In &quot;Noticias Nacionales&quot;","block_context":{"text":"Noticias Nacionales","link":"https:\/\/noticiasya.com\/midland-odessa\/categoria\/noticias-nacionales"},"img":{"alt_text":"","src":"","width":0,"height":0},"classes":[]},{"id":1457095,"url":"https:\/\/noticiasya.com\/midland-odessa\/2024\/12\/31\/apagon-masivo-puerto-rico-sin-energia-usuarios-orix\/","url_meta":{"origin":1455222,"position":5},"title":"Apag\u00f3n masivo en Puerto Rico deja sin energ\u00eda el\u00e9ctrica a casi el 90% de los usuarios","author":"","date":"diciembre 31, 2024","format":false,"excerpt":"Una \u201cfalla cr\u00edtica\u201d provoc\u00f3 un apag\u00f3n masivo en Puerto Rico, inform\u00f3 este martes el gobernador de la isla, Pedro Pierluisi, en su cuenta de X.\u201cPodemos informar que ya se est\u00e1 trabajando en el restablecimiento del servicio con las plantas de San Juan y Palo Seco. Estamos exigiendo respuestas y soluciones,\u2026","rel":"","context":"In &quot;Noticias Nacionales&quot;","block_context":{"text":"Noticias Nacionales","link":"https:\/\/noticiasya.com\/midland-odessa\/categoria\/noticias-nacionales"},"img":{"alt_text":"","src":"","width":0,"height":0},"classes":[]}],"jetpack_sharing_enabled":true,"_links":{"self":[{"href":"https:\/\/noticiasya.com\/midland-odessa\/wp-json\/wp\/v2\/posts\/1455222","targetHints":{"allow":["GET"]}}],"collection":[{"href":"https:\/\/noticiasya.com\/midland-odessa\/wp-json\/wp\/v2\/posts"}],"about":[{"href":"https:\/\/noticiasya.com\/midland-odessa\/wp-json\/wp\/v2\/types\/post"}],"replies":[{"embeddable":true,"href":"https:\/\/noticiasya.com\/midland-odessa\/wp-json\/wp\/v2\/comments?post=1455222"}],"version-history":[{"count":0,"href":"https:\/\/noticiasya.com\/midland-odessa\/wp-json\/wp\/v2\/posts\/1455222\/revisions"}],"wp:attachment":[{"href":"https:\/\/noticiasya.com\/midland-odessa\/wp-json\/wp\/v2\/media?parent=1455222"}],"wp:term":[{"taxonomy":"category","embeddable":true,"href":"https:\/\/noticiasya.com\/midland-odessa\/wp-json\/wp\/v2\/categories?post=1455222"},{"taxonomy":"post_tag","embeddable":true,"href":"https:\/\/noticiasya.com\/midland-odessa\/wp-json\/wp\/v2\/tags?post=1455222"}],"curies":[{"name":"wp","href":"https:\/\/api.w.org\/{rel}","templated":true}]}}