{"id":1455233,"date":"2024-10-18T14:03:41","date_gmt":"2024-10-18T21:03:41","guid":{"rendered":"https:\/\/noticiasya.com\/2024\/10\/18\/temas-mas-importantes-relacion-mexico-estados-unidos-elecciones-de-2024-orix\/"},"modified":"2024-10-18T14:03:41","modified_gmt":"2024-10-18T21:03:41","slug":"temas-mas-importantes-relacion-mexico-estados-unidos-elecciones-de-2024-orix","status":"publish","type":"post","link":"https:\/\/noticiasya.com\/midland-odessa\/2024\/10\/18\/temas-mas-importantes-relacion-mexico-estados-unidos-elecciones-de-2024-orix\/","title":{"rendered":"Los temas m\u00e1s importantes en la relaci\u00f3n M\u00e9xico-Estados Unidos ante las elecciones de 2024"},"content":{"rendered":"<p>(CNN Espa\u00f1ol) &#8212;\u00a0La relaci\u00f3n entre M\u00e9xico y Estados Unidos es uno de los temas importantes\u00a0camino a la elecci\u00f3n presidencial del pr\u00f3ximo 5 de noviembre. Y es que no solo una frontera de m\u00e1s de 3.000 kil\u00f3metros une a ambas naciones, tambi\u00e9n los lazos comerciales, culturales e hist\u00f3ricos.<\/p>\n<p>&#171;EE.UU. es un pa\u00eds socio, el n\u00famero uno de M\u00e9xico, en donde depositamos el 85% de las exportaciones mexicanas y ellos tienen una relaci\u00f3n comercial muy intensa y una relaci\u00f3n pol\u00edtica muy importante con M\u00e9xico&#187;, dice Jos\u00e9 Luis Vald\u00e9s, polit\u00f3logo e internacionalista.<\/p>\n<p>Entre los principales temas destacan seguridad, migraci\u00f3n y econom\u00eda.<\/p>\n<p>&#171;Los desaf\u00edos m\u00e1s importantes que tenemos en este momento con Estados Unidos es el tema de la seguridad y el tema de la migraci\u00f3n. Son dos elementos que han conformado una relaci\u00f3n ciertamente conflictiva con EE.UU.&#187;, afirma Vald\u00e9s.<\/p>\n<p>Con mejor apariencia e inexpresivo, el Mayo Zambada acude a su primera audiencia frente al juez Brian Cogan<\/p>\n<p>Seguridad<\/p>\n<p>Durante la administraci\u00f3n del expresidente Andr\u00e9s Manuel L\u00f3pez Obrador, los desencuentros con Estados Unidos fueron constantes en\u00a0materia\u00a0de seguridad.\u00a0Tal es el caso de la detenci\u00f3n\u00a0del presunto narcotraficante Ismael &#171;el Mayo&#187; Zambada\u00a0por parte de Estados Unidos, un punto \u00e1lgido que puso en riesgo la cooperaci\u00f3n.<\/p>\n<p>&#171;El tema del Mayo Zambada ha sido una inc\u00f3gnita, y con eso cerramos la administraci\u00f3n anterior. Creo que eso dio una clara se\u00f1al, al menos a quienes no estamos en el gobierno, de que la cooperaci\u00f3n no estaba siendo tan fluida&#187;, asegura Mariana Aparicio, profesora de Ciencias Pol\u00edticas de la Universidad Nacional Aut\u00f3noma de M\u00e9xico (UNAM).<\/p>\n<p>La misi\u00f3n que llev\u00f3 al arresto del\u00a0Mayo Zambada y\u00a0Joaqu\u00edn Guzm\u00e1n L\u00f3pez, hijo de Joaqu\u00edn &#171;el Chapo&#187; Guzm\u00e1n fue objeto de cr\u00edticas por parte del Gobierno de M\u00e9xico, que no particip\u00f3 en la operaci\u00f3n.<\/p>\n<p>El embajador de EE.UU. en M\u00e9xico, Ken Salazar, dijo que contin\u00faan y esperaban mantener\u00a0una profunda cooperaci\u00f3n\u00a0con el Gobierno de M\u00e9xico bajo\u00a0el Marco Bicentenario sobre Seguridad: &#171;nuestros pueblos est\u00e1n m\u00e1s seguros como resultado de esta importante cooperaci\u00f3n&#187;, dijo en agosto.<\/p>\n<p>El Mayo Zambada en su comparecencia en Nueva York. (Jane Rosenberg)<\/p>\n<p>Antes del arresto,\u00a0L\u00f3pez Obrador critic\u00f3\u00a0a la\u00a0Administraci\u00f3n para el Control de Drogas\u00a0(DEA), tras una investigaci\u00f3n que afirmaba que su campa\u00f1a presidencial de 2006 recibi\u00f3 dinero del narcotr\u00e1fico,\u00a0algo que el mandatario\u00a0neg\u00f3, argumentando que esa afirmaci\u00f3n no era compatible con la cooperaci\u00f3n bilateral en migraci\u00f3n y contra las drogas.<\/p>\n<p>El Departamento de Justicia de Estados Unidos dijo a CNN que prefer\u00edan\u00a0no comentar sobre la investigaci\u00f3n, que respetan &#171;plenamente la soberan\u00eda de M\u00e9xico&#187; y que est\u00e1n comprometidos con\u00a0ese pa\u00eds para combatir a los carteles de la droga.<\/p>\n<p>El acad\u00e9mico asegura que esta situaci\u00f3n signific\u00f3 un claro alejamiento de las pol\u00edticas de cooperaci\u00f3n en seguridad, &#171;L\u00f3pez Obrador argument\u00f3 siempre la soberan\u00eda nacional y que ahora la presidenta Claudia Sheinbaum lo est\u00e1 planteando igual, lo que no representar\u00e1 mayor cambio en la pol\u00edtica bilateral para la administraci\u00f3n entrante del\u00a0vecino del norte.<\/p>\n<p>&#171;Y esto seguramente impedir\u00e1 obtener nuevos espacios de entendimiento sobre el tema de seguridad y todo lo que esto implica para los dos pa\u00edses&#187;, sostiene Vald\u00e9s.<\/p>\n<p>Migraci\u00f3n<\/p>\n<p>M\u00e9xico coopera continuamente con Estados Unidos para intentar contener los flujos migratorios que atraviesan el pa\u00eds, un asunto delicado\u00a0que se ha convertido en foco principal de la campa\u00f1a de la vicepresidenta Kamala Harris y el expresidente Donald Trump.<\/p>\n<p>M\u00e9xico ha sido clave en la disminuci\u00f3n de la cantidad\u00a0de aprehensiones en la frontera con Estados Unidos. Despu\u00e9s de alcanzar un r\u00e9cord hist\u00f3rico a finales de 2023 con m\u00e1s\u00a0de 260.000 encuentros,\u00a0el n\u00famero mensual de encuentros seg\u00fan la Patrulla Fronteriza en agosto de 2024 fue de 107.503.<\/p>\n<p>Seg\u00fan el\u00a0Centro de Investigaciones Pew, esta disminuci\u00f3n ha ocurrido en medio de cambios de pol\u00edticas en ambos pa\u00edses. Las autoridades de M\u00e9xico han intensificado la vigilancia para evitar que los migrantes lleguen a la frontera norte del pa\u00eds.<\/p>\n<p>La vicepresidenta de EE.UU. y candidata presidencial dem\u00f3crata, Kamala Harris, visita la frontera entre Estados Unidos y M\u00e9xico con el jefe del sector Tucson de la Patrulla Fronteriza de EE.UU., John Modlin, en Douglas, Arizona, el 27 de septiembre de 2024. (Foto: REBECCA NOBLE\/AFP v\u00eda Getty Images)<\/p>\n<p>Los expertos consultados aseguran que esto solo ha sido\u00a0posible gracias a la colaboraci\u00f3n entre ambos pa\u00edses, que consideran fundamental para los candidatos presidenciales.<\/p>\n<p>Kamala Harris dice que, de llegar a la Casa Blanca,\u00a0la frontera con M\u00e9xico\u00a0estar\u00eda cerrada a la inmigraci\u00f3n ilegal\u00a0y que su Gobierno sancionar\u00eda.\u00a0\u00a0Por su parte, Trump ha prometido llevar a cabo\u00a0un plan de deportaci\u00f3n masiva. El expresidente\u00a0dijo a TIME que su objetivo ser\u00eda\u00a0entre 15 y 20 millones de personas indocumentadas en Estados Unidos.<\/p>\n<p>&#171;El tema migratorio es parte de una agenda muy importante que proviene de distintas partes del mundo y que se proyecta en Estados Unidos&#187;, afirma Aparicio y agrega que &#171;es parte de la agenda de ambos candidatos y EE.UU. necesita que M\u00e9xico coopere claramente con este inter\u00e9s&#187;.<\/p>\n<p>Econom\u00eda<\/p>\n<p>El eje econ\u00f3mico tambi\u00e9n es crucial, ya que en 2026 se llevar\u00e1 a cabo la primera revisi\u00f3n del Acuerdo de Libre Comercio M\u00e9xico-Estados Unidos-Canad\u00e1 (T-MEC) estipulada en la &#171;cl\u00e1usula\u00a0sunset&#187;, en medio de ciertas disputas planteadas entre los pa\u00edses.<\/p>\n<p>&#171;En este per\u00edodo presidencial lo que se est\u00e1 jugando tambi\u00e9n es la revisi\u00f3n del T-MEC, que podr\u00eda tener algunas complicaciones dependiendo de qui\u00e9n llegue al poder, pero que\u00a0sin lugar a duda tendr\u00e1 un impacto econ\u00f3mico en ambos lados de la frontera&#187;, dice Aparicio.<\/p>\n<p>En agosto de 2023, Estados Unidos solicit\u00f3 un panel para resolver la controversia con M\u00e9xico sobre biotecnolog\u00eda agr\u00edcola, espec\u00edficamente contra el ma\u00edz gen\u00e9ticamente modificado. El asunto sigue bajo investigaci\u00f3n en el\u00a0panel.<\/p>\n<p>El mecanismo de resoluci\u00f3n se ha activado siete veces en diferentes sectores: el sector de los l\u00e1cteos, el automotriz, el energ\u00e9tico, el de biotecnolog\u00eda agr\u00edcola y el de producci\u00f3n de paneles solares, seg\u00fan rese\u00f1a el Centro de Investigaci\u00f3n Pol\u00edtica P\u00fablica.<\/p>\n<p>Trump ha dicho que quiere renegociar el acuerdo comercial que \u00e9l mismo negoci\u00f3 en 2018, asegurando que se puede mejorar.<\/p>\n<p>&#171;Al asumir el cargo, notificar\u00e9 formalmente a M\u00e9xico y Canad\u00e1 mi intenci\u00f3n de invocar la disposici\u00f3n de renegociaci\u00f3n de seis a\u00f1os del T-MEC que puse&#187;, dijo Trump la semana pasada durante un discurso en el Club Econ\u00f3mico de Detroit.<\/p>\n<p>Harris tambi\u00e9n\u00a0ha dicho que utilizar\u00eda el proceso de revisi\u00f3n\u00a0del T-MEC. Harris fue una de los 10 senadores estadounidenses que votaron en contra de este tratado\u00a0en\u00a0su\u00a0momento<\/p>\n<p>La relaci\u00f3n comercial entre M\u00e9xico y Estados Unidos es una de las m\u00e1s significativas del mundo. En los primeros siete meses de 2024, M\u00e9xico se posicion\u00f3 como el tercer\u00a0socio comercial de Estados Unidos solo detr\u00e1s de Canad\u00e1 y China, con un intercambio que super\u00f3 los US$ 486.000 millones,\u00a0seg\u00fan\u00a0la Oficina del Censo de EE.UU.<\/p>\n<p>Las reformas que se est\u00e1n llevando a cabo en M\u00e9xico,\u00a0como\u00a0la reforma judicial que ya fue aprobada, han generado incertidumbre y nerviosismo en los mercados internacionales.\u00a0Los analistas consultados aseguran que ante esto, M\u00e9xico podr\u00eda perder inversi\u00f3n extranjera.<\/p>\n<p>La profesora Mariana Aparicio explic\u00f3 que el nerviosismo proviene de las preocupaciones de los inversionistas sobre si se respetar\u00e1 el Estado de Derecho y las garant\u00edas judiciales. Sin\u00a0embargo, asegura que estas situaciones se ir\u00e1n arreglando y que la relaci\u00f3n comercial continuar\u00e1 su curso.<\/p>\n<p>&#171;Sobre todo porque hay muchos temas que no dependen completamente del Ejecutivo, sino que est\u00e1n institucionalizados y que permiten seguir el avance sistem\u00e1tico independientemente del cambio de gobierno&#187;, dijo Aparicio.<\/p>\n<p>El futuro de la relaci\u00f3n entre M\u00e9xico y Estados Unidos est\u00e1 en expectativa hasta el 5 de noviembre, cuando se conozca al ganador de las elecciones. Ambos pa\u00edses, con nuevos l\u00edderes casi al mismo tiempo, deber\u00e1n trabajar juntos para definir el futuro de su importante asociaci\u00f3n comercial.<\/p>\n<p>Para Aparicio &#171;la opci\u00f3n de no cooperar es m\u00e1s costosa que cooperar aun cuando tenemos diferencias profundas&#187;.<\/p>\n<p>The-CNN-Wire<br \/>&trade; &amp; &copy; 2024 Cable News Network, Inc., a Warner Bros. Discovery Company. All rights reserved.<\/p>\n","protected":false},"excerpt":{"rendered":"<p>(CNN Espa\u00f1ol) &#8212;\u00a0La relaci\u00f3n entre M\u00e9xico y Estados Unidos es uno de los temas importantes\u00a0camino a la elecci\u00f3n presidencial del pr\u00f3ximo 5 de noviembre. Y es que no solo una frontera de m\u00e1s de 3.000 kil\u00f3metros une a ambas naciones, tambi\u00e9n los lazos comerciales, culturales e hist\u00f3ricos. &#171;EE.UU. es un pa\u00eds socio, el n\u00famero uno [&hellip;]<\/p>\n","protected":false},"author":0,"featured_media":0,"comment_status":"open","ping_status":"open","sticky":false,"template":"","format":"standard","meta":{"_jetpack_memberships_contains_paid_content":false,"footnotes":""},"categories":[10],"tags":[],"class_list":["post-1455233","post","type-post","status-publish","format-standard","hentry","category-noticias-nacionales","market-global"],"yoast_head":"<!-- This site is optimized with the Yoast SEO plugin v24.4 - https:\/\/yoast.com\/wordpress\/plugins\/seo\/ -->\n<title>Los temas m\u00e1s importantes en la relaci\u00f3n M\u00e9xico-Estados Unidos ante las elecciones de 2024 - Noticias<\/title>\n<meta name=\"robots\" content=\"index, follow, max-snippet:-1, max-image-preview:large, max-video-preview:-1\" \/>\n<link rel=\"canonical\" href=\"https:\/\/noticiasya.com\/2024\/10\/18\/temas-mas-importantes-relacion-mexico-estados-unidos-elecciones-de-2024-orix\/\" \/>\n<meta property=\"og:locale\" content=\"es_ES\" \/>\n<meta property=\"og:type\" content=\"article\" \/>\n<meta property=\"og:title\" content=\"Los temas m\u00e1s importantes en la relaci\u00f3n M\u00e9xico-Estados Unidos ante las elecciones de 2024 - Noticias\" \/>\n<meta property=\"og:description\" content=\"(CNN Espa\u00f1ol) &#8212;\u00a0La relaci\u00f3n entre M\u00e9xico y Estados Unidos es uno de los temas importantes\u00a0camino a la elecci\u00f3n presidencial del pr\u00f3ximo 5 de noviembre. Y es que no solo una frontera de m\u00e1s de 3.000 kil\u00f3metros une a ambas naciones, tambi\u00e9n los lazos comerciales, culturales e hist\u00f3ricos. &#171;EE.UU. es un pa\u00eds socio, el n\u00famero uno [&hellip;]\" \/>\n<meta property=\"og:url\" content=\"https:\/\/noticiasya.com\/2024\/10\/18\/temas-mas-importantes-relacion-mexico-estados-unidos-elecciones-de-2024-orix\/\" \/>\n<meta property=\"og:site_name\" content=\"Noticias\" \/>\n<meta property=\"article:published_time\" content=\"2024-10-18T21:03:41+00:00\" \/>\n<meta name=\"twitter:card\" content=\"summary_large_image\" \/>\n<meta name=\"twitter:label1\" content=\"Est. reading time\" \/>\n\t<meta name=\"twitter:data1\" content=\"7 minutos\" \/>\n<script type=\"application\/ld+json\" class=\"yoast-schema-graph\">{\"@context\":\"https:\/\/schema.org\",\"@graph\":[{\"@type\":\"Article\",\"@id\":\"https:\/\/noticiasya.com\/2024\/10\/18\/temas-mas-importantes-relacion-mexico-estados-unidos-elecciones-de-2024-orix\/#article\",\"isPartOf\":{\"@id\":\"https:\/\/noticiasya.com\/2024\/10\/18\/temas-mas-importantes-relacion-mexico-estados-unidos-elecciones-de-2024-orix\/\"},\"author\":{\"name\":\"\",\"@id\":\"\"},\"headline\":\"Los temas m\u00e1s importantes en la relaci\u00f3n M\u00e9xico-Estados Unidos ante las elecciones de 2024\",\"datePublished\":\"2024-10-18T21:03:41+00:00\",\"mainEntityOfPage\":{\"@id\":\"https:\/\/noticiasya.com\/2024\/10\/18\/temas-mas-importantes-relacion-mexico-estados-unidos-elecciones-de-2024-orix\/\"},\"wordCount\":1495,\"commentCount\":0,\"publisher\":{\"@id\":\"https:\/\/noticiasya.com\/#organization\"},\"articleSection\":[\"Noticias Nacionales\"],\"inLanguage\":\"es\",\"potentialAction\":[{\"@type\":\"CommentAction\",\"name\":\"Comment\",\"target\":[\"https:\/\/noticiasya.com\/2024\/10\/18\/temas-mas-importantes-relacion-mexico-estados-unidos-elecciones-de-2024-orix\/#respond\"]}]},{\"@type\":\"WebPage\",\"@id\":\"https:\/\/noticiasya.com\/2024\/10\/18\/temas-mas-importantes-relacion-mexico-estados-unidos-elecciones-de-2024-orix\/\",\"url\":\"https:\/\/noticiasya.com\/2024\/10\/18\/temas-mas-importantes-relacion-mexico-estados-unidos-elecciones-de-2024-orix\/\",\"name\":\"Los temas m\u00e1s importantes en la relaci\u00f3n M\u00e9xico-Estados Unidos ante las elecciones de 2024 - Noticias\",\"isPartOf\":{\"@id\":\"https:\/\/noticiasya.com\/#website\"},\"datePublished\":\"2024-10-18T21:03:41+00:00\",\"breadcrumb\":{\"@id\":\"https:\/\/noticiasya.com\/2024\/10\/18\/temas-mas-importantes-relacion-mexico-estados-unidos-elecciones-de-2024-orix\/#breadcrumb\"},\"inLanguage\":\"es\",\"potentialAction\":[{\"@type\":\"ReadAction\",\"target\":[\"https:\/\/noticiasya.com\/2024\/10\/18\/temas-mas-importantes-relacion-mexico-estados-unidos-elecciones-de-2024-orix\/\"]}]},{\"@type\":\"BreadcrumbList\",\"@id\":\"https:\/\/noticiasya.com\/2024\/10\/18\/temas-mas-importantes-relacion-mexico-estados-unidos-elecciones-de-2024-orix\/#breadcrumb\",\"itemListElement\":[{\"@type\":\"ListItem\",\"position\":1,\"name\":\"Home\",\"item\":\"https:\/\/noticiasya.com\/\"},{\"@type\":\"ListItem\",\"position\":2,\"name\":\"Los temas m\u00e1s importantes en la relaci\u00f3n M\u00e9xico-Estados Unidos ante las elecciones de 2024\"}]},{\"@type\":\"WebSite\",\"@id\":\"https:\/\/noticiasya.com\/#website\",\"url\":\"https:\/\/noticiasya.com\/\",\"name\":\"Noticias\",\"description\":\"Lo que importa\",\"publisher\":{\"@id\":\"https:\/\/noticiasya.com\/#organization\"},\"potentialAction\":[{\"@type\":\"SearchAction\",\"target\":{\"@type\":\"EntryPoint\",\"urlTemplate\":\"https:\/\/noticiasya.com\/?s={search_term_string}\"},\"query-input\":{\"@type\":\"PropertyValueSpecification\",\"valueRequired\":true,\"valueName\":\"search_term_string\"}}],\"inLanguage\":\"es\"},{\"@type\":\"Organization\",\"@id\":\"https:\/\/noticiasya.com\/#organization\",\"name\":\"Noticias\",\"url\":\"https:\/\/noticiasya.com\/\",\"logo\":{\"@type\":\"ImageObject\",\"inLanguage\":\"es\",\"@id\":\"https:\/\/noticiasya.com\/#\/schema\/logo\/image\/\",\"url\":\"https:\/\/noticiasya.com\/wp-content\/uploads\/sites\/22\/2023\/12\/logo-nacional.png\",\"contentUrl\":\"https:\/\/noticiasya.com\/wp-content\/uploads\/sites\/22\/2023\/12\/logo-nacional.png\",\"width\":1801,\"height\":691,\"caption\":\"Noticias\"},\"image\":{\"@id\":\"https:\/\/noticiasya.com\/#\/schema\/logo\/image\/\"}}]}<\/script>\n<!-- \/ Yoast SEO plugin. -->","yoast_head_json":{"title":"Los temas m\u00e1s importantes en la relaci\u00f3n M\u00e9xico-Estados Unidos ante las elecciones de 2024 - Noticias","robots":{"index":"index","follow":"follow","max-snippet":"max-snippet:-1","max-image-preview":"max-image-preview:large","max-video-preview":"max-video-preview:-1"},"canonical":"https:\/\/noticiasya.com\/2024\/10\/18\/temas-mas-importantes-relacion-mexico-estados-unidos-elecciones-de-2024-orix\/","og_locale":"es_ES","og_type":"article","og_title":"Los temas m\u00e1s importantes en la relaci\u00f3n M\u00e9xico-Estados Unidos ante las elecciones de 2024 - Noticias","og_description":"(CNN Espa\u00f1ol) &#8212;\u00a0La relaci\u00f3n entre M\u00e9xico y Estados Unidos es uno de los temas importantes\u00a0camino a la elecci\u00f3n presidencial del pr\u00f3ximo 5 de noviembre. Y es que no solo una frontera de m\u00e1s de 3.000 kil\u00f3metros une a ambas naciones, tambi\u00e9n los lazos comerciales, culturales e hist\u00f3ricos. &#171;EE.UU. es un pa\u00eds socio, el n\u00famero uno [&hellip;]","og_url":"https:\/\/noticiasya.com\/2024\/10\/18\/temas-mas-importantes-relacion-mexico-estados-unidos-elecciones-de-2024-orix\/","og_site_name":"Noticias","article_published_time":"2024-10-18T21:03:41+00:00","twitter_card":"summary_large_image","twitter_misc":{"Est. reading time":"7 minutos"},"schema":{"@context":"https:\/\/schema.org","@graph":[{"@type":"Article","@id":"https:\/\/noticiasya.com\/2024\/10\/18\/temas-mas-importantes-relacion-mexico-estados-unidos-elecciones-de-2024-orix\/#article","isPartOf":{"@id":"https:\/\/noticiasya.com\/2024\/10\/18\/temas-mas-importantes-relacion-mexico-estados-unidos-elecciones-de-2024-orix\/"},"author":{"name":"","@id":""},"headline":"Los temas m\u00e1s importantes en la relaci\u00f3n M\u00e9xico-Estados Unidos ante las elecciones de 2024","datePublished":"2024-10-18T21:03:41+00:00","mainEntityOfPage":{"@id":"https:\/\/noticiasya.com\/2024\/10\/18\/temas-mas-importantes-relacion-mexico-estados-unidos-elecciones-de-2024-orix\/"},"wordCount":1495,"commentCount":0,"publisher":{"@id":"https:\/\/noticiasya.com\/#organization"},"articleSection":["Noticias Nacionales"],"inLanguage":"es","potentialAction":[{"@type":"CommentAction","name":"Comment","target":["https:\/\/noticiasya.com\/2024\/10\/18\/temas-mas-importantes-relacion-mexico-estados-unidos-elecciones-de-2024-orix\/#respond"]}]},{"@type":"WebPage","@id":"https:\/\/noticiasya.com\/2024\/10\/18\/temas-mas-importantes-relacion-mexico-estados-unidos-elecciones-de-2024-orix\/","url":"https:\/\/noticiasya.com\/2024\/10\/18\/temas-mas-importantes-relacion-mexico-estados-unidos-elecciones-de-2024-orix\/","name":"Los temas m\u00e1s importantes en la relaci\u00f3n M\u00e9xico-Estados Unidos ante las elecciones de 2024 - Noticias","isPartOf":{"@id":"https:\/\/noticiasya.com\/#website"},"datePublished":"2024-10-18T21:03:41+00:00","breadcrumb":{"@id":"https:\/\/noticiasya.com\/2024\/10\/18\/temas-mas-importantes-relacion-mexico-estados-unidos-elecciones-de-2024-orix\/#breadcrumb"},"inLanguage":"es","potentialAction":[{"@type":"ReadAction","target":["https:\/\/noticiasya.com\/2024\/10\/18\/temas-mas-importantes-relacion-mexico-estados-unidos-elecciones-de-2024-orix\/"]}]},{"@type":"BreadcrumbList","@id":"https:\/\/noticiasya.com\/2024\/10\/18\/temas-mas-importantes-relacion-mexico-estados-unidos-elecciones-de-2024-orix\/#breadcrumb","itemListElement":[{"@type":"ListItem","position":1,"name":"Home","item":"https:\/\/noticiasya.com\/"},{"@type":"ListItem","position":2,"name":"Los temas m\u00e1s importantes en la relaci\u00f3n M\u00e9xico-Estados Unidos ante las elecciones de 2024"}]},{"@type":"WebSite","@id":"https:\/\/noticiasya.com\/#website","url":"https:\/\/noticiasya.com\/","name":"Noticias","description":"Lo que importa","publisher":{"@id":"https:\/\/noticiasya.com\/#organization"},"potentialAction":[{"@type":"SearchAction","target":{"@type":"EntryPoint","urlTemplate":"https:\/\/noticiasya.com\/?s={search_term_string}"},"query-input":{"@type":"PropertyValueSpecification","valueRequired":true,"valueName":"search_term_string"}}],"inLanguage":"es"},{"@type":"Organization","@id":"https:\/\/noticiasya.com\/#organization","name":"Noticias","url":"https:\/\/noticiasya.com\/","logo":{"@type":"ImageObject","inLanguage":"es","@id":"https:\/\/noticiasya.com\/#\/schema\/logo\/image\/","url":"https:\/\/noticiasya.com\/wp-content\/uploads\/sites\/22\/2023\/12\/logo-nacional.png","contentUrl":"https:\/\/noticiasya.com\/wp-content\/uploads\/sites\/22\/2023\/12\/logo-nacional.png","width":1801,"height":691,"caption":"Noticias"},"image":{"@id":"https:\/\/noticiasya.com\/#\/schema\/logo\/image\/"}}]}},"parsely":{"version":"1.1.0","canonical_url":"https:\/\/noticiasya.com\/midland-odessa\/2024\/10\/18\/temas-mas-importantes-relacion-mexico-estados-unidos-elecciones-de-2024-orix\/","smart_links":{"inbound":0,"outbound":0},"traffic_boost_suggestions_count":0,"meta":{"@context":"https:\/\/schema.org","@type":"NewsArticle","headline":"Los temas m\u00e1s importantes en la relaci\u00f3n M\u00e9xico-Estados Unidos ante las elecciones de 2024","url":"http:\/\/noticiasya.com\/midland-odessa\/2024\/10\/18\/temas-mas-importantes-relacion-mexico-estados-unidos-elecciones-de-2024-orix\/","mainEntityOfPage":{"@type":"WebPage","@id":"http:\/\/noticiasya.com\/midland-odessa\/2024\/10\/18\/temas-mas-importantes-relacion-mexico-estados-unidos-elecciones-de-2024-orix\/"},"thumbnailUrl":"","image":{"@type":"ImageObject","url":""},"articleSection":"Noticias Nacionales","author":[],"creator":[],"publisher":{"@type":"Organization","name":"Noticias","logo":""},"keywords":[],"dateCreated":"2024-10-18T21:03:41Z","datePublished":"2024-10-18T21:03:41Z","dateModified":"2024-10-18T21:03:41Z"},"rendered":"<script type=\"application\/ld+json\" class=\"wp-parsely-metadata\">{\"@context\":\"https:\\\/\\\/schema.org\",\"@type\":\"NewsArticle\",\"headline\":\"Los temas m\\u00e1s importantes en la relaci\\u00f3n M\\u00e9xico-Estados Unidos ante las elecciones de 2024\",\"url\":\"http:\\\/\\\/noticiasya.com\\\/midland-odessa\\\/2024\\\/10\\\/18\\\/temas-mas-importantes-relacion-mexico-estados-unidos-elecciones-de-2024-orix\\\/\",\"mainEntityOfPage\":{\"@type\":\"WebPage\",\"@id\":\"http:\\\/\\\/noticiasya.com\\\/midland-odessa\\\/2024\\\/10\\\/18\\\/temas-mas-importantes-relacion-mexico-estados-unidos-elecciones-de-2024-orix\\\/\"},\"thumbnailUrl\":\"\",\"image\":{\"@type\":\"ImageObject\",\"url\":\"\"},\"articleSection\":\"Noticias Nacionales\",\"author\":[],\"creator\":[],\"publisher\":{\"@type\":\"Organization\",\"name\":\"Noticias\",\"logo\":\"\"},\"keywords\":[],\"dateCreated\":\"2024-10-18T21:03:41Z\",\"datePublished\":\"2024-10-18T21:03:41Z\",\"dateModified\":\"2024-10-18T21:03:41Z\"}<\/script>","tracker_url":"https:\/\/cdn.parsely.com\/keys\/noticiasya.com\/p.js"},"jetpack_featured_media_url":"","jetpack-related-posts":[{"id":1455580,"url":"https:\/\/noticiasya.com\/midland-odessa\/2024\/11\/05\/trump-aranceles-productos-mexico-inmigracion-ilegal-orix\/","url_meta":{"origin":1455233,"position":0},"title":"Trump dice que si llega a la presidencia impondr\u00e1 aranceles del 25% si el Gobierno de M\u00e9xico no detiene la inmigraci\u00f3n ilegal","author":"","date":"noviembre 5, 2024","format":false,"excerpt":"(CNN Espa\u00f1ol) -- En un discurso de campa\u00f1a, el d\u00eda previo a las elecciones de Estados Unidos, el candidato republicano Donald Trump dijo que, de ser elegido presidente, una de las primeras llamadas que har\u00e1 es a Claudia Sheinbaum, la presidenta de M\u00e9xico.\u201cNo la conozco, pero me dicen que es\u2026","rel":"","context":"In &quot;Noticias Nacionales&quot;","block_context":{"text":"Noticias Nacionales","link":"https:\/\/noticiasya.com\/midland-odessa\/categoria\/noticias-nacionales"},"img":{"alt_text":"","src":"","width":0,"height":0},"classes":[]},{"id":1448664,"url":"https:\/\/noticiasya.com\/midland-odessa\/2024\/04\/29\/amlo-biden-llamada-temas-migratorios-orix\/","url_meta":{"origin":1455233,"position":1},"title":"AMLO brinda detalles de la llamada con Biden sobre temas migratorios","author":"","date":"abril 29, 2024","format":false,"excerpt":"(CNN Espa\u00f1ol) -- El presidente de M\u00e9xico, Andr\u00e9s Manuel L\u00f3pez Obrador, sostuvo una llamada este domingo con su hom\u00f3logo de Estados Unidos, Joe Biden, en la que conversaron principalmente sobre migraci\u00f3n, confirm\u00f3 durante su conferencia de prensa matutina este lunes.L\u00f3pez Obrador destac\u00f3 que, como principales socios comerciales de Estados Unidos,\u2026","rel":"","context":"In &quot;Noticias Nacionales&quot;","block_context":{"text":"Noticias Nacionales","link":"https:\/\/noticiasya.com\/midland-odessa\/categoria\/noticias-nacionales"},"img":{"alt_text":"","src":"","width":0,"height":0},"classes":[]},{"id":1446793,"url":"https:\/\/noticiasya.com\/midland-odessa\/2024\/03\/11\/claudia-sheinbaum-propuesta-relacion-mexico-eeuu-orix\/","url_meta":{"origin":1455233,"position":2},"title":"\u00bfQu\u00e9 dijo y qu\u00e9 propone Sheinbaum sobre las relaciones entre EE.UU. y M\u00e9xico?","author":"","date":"marzo 11, 2024","format":false,"excerpt":"(CNN Espa\u00f1ol) \u2013\u2013 Claudia Sheinbaum, candidata a la presidencia de M\u00e9xico por la oficialista coalici\u00f3n Sigamos Haciendo Historia, dice que no quiere tener una relaci\u00f3n de subordinaci\u00f3n con Estados Unidos, sino una de iguales, en la que prevalezca la coordinaci\u00f3n y la cooperaci\u00f3n para el desarrollo, en caso de ganar\u2026","rel":"","context":"In &quot;Noticias Nacionales&quot;","block_context":{"text":"Noticias Nacionales","link":"https:\/\/noticiasya.com\/midland-odessa\/categoria\/noticias-nacionales"},"img":{"alt_text":"","src":"","width":0,"height":0},"classes":[]},{"id":1473499,"url":"https:\/\/noticiasya.com\/midland-odessa\/2026\/04\/25\/analisis-intrigas-desencuentros-eeuu-cia-orix\/","url_meta":{"origin":1455233,"position":3},"title":"Las intrigas y desencuentros detr\u00e1s de la enredada relaci\u00f3n de Sheinbaum, Chihuahua, la CIA y Trump","author":"","date":"abril 25, 2026","format":false,"excerpt":"Hace 43 a\u00f1os, el periodista Manuel Buend\u00eda public\u00f3 el libro \u201cLa CIA en M\u00e9xico\u201d, que cimbr\u00f3 a la sociedad mexicana y sus c\u00edrculos pol\u00edticos. En el libro, Buend\u00eda expone la forma en que operaba la agencia de inteligencia estadounidense en territorio mexicano en labores contrainsurgentes, estableciendo alianzas con actores pol\u00edticos,\u2026","rel":"","context":"In &quot;Noticias Nacionales&quot;","block_context":{"text":"Noticias Nacionales","link":"https:\/\/noticiasya.com\/midland-odessa\/categoria\/noticias-nacionales"},"img":{"alt_text":"","src":"","width":0,"height":0},"classes":[]},{"id":1465808,"url":"https:\/\/noticiasya.com\/midland-odessa\/2025\/08\/24\/cabeza-fria-subir-tono-sheinbaum-retos-relacion-trump-orix\/","url_meta":{"origin":1455233,"position":4},"title":"De mantener &#171;cabeza fr\u00eda&#187; a subir el tono, las declaraciones de Sheinbaum muestran los retos de M\u00e9xico para enfrentar a Trump","author":"","date":"agosto 24, 2025","format":false,"excerpt":"Un d\u00eda despu\u00e9s de que Donald Trump inici\u00f3 su segundo mandato en la Casa Blanca, la presidenta de M\u00e9xico, Claudia Sheinbaum, expres\u00f3 el principio que \u2014seg\u00fan dijo\u2014 guiar\u00eda la actitud de su Gobierno frente al presidente de Estados Unidos: \u201ccabeza fr\u00eda\u201d.Sheinbaum repiti\u00f3 esa frase en seis ocasiones durante su conferencia\u2026","rel":"","context":"In &quot;Noticias Nacionales&quot;","block_context":{"text":"Noticias Nacionales","link":"https:\/\/noticiasya.com\/midland-odessa\/categoria\/noticias-nacionales"},"img":{"alt_text":"","src":"","width":0,"height":0},"classes":[]},{"id":1472813,"url":"https:\/\/noticiasya.com\/midland-odessa\/2026\/04\/02\/roberto-velasco-propuesto-canciller-quien-es-orix\/","url_meta":{"origin":1455233,"position":5},"title":"Qui\u00e9n es Roberto Velasco, el especialista en la relaci\u00f3n con EE.UU. que Sheinbaum propuso como canciller de M\u00e9xico","author":"","date":"abril 2, 2026","format":false,"excerpt":"La presidenta de M\u00e9xico, Claudia Sheinbaum, anunci\u00f3 este mi\u00e9rcoles que propondr\u00e1 a Roberto Velasco \u00c1lvarez como el nuevo canciller del pa\u00eds, luego de que Juan Ram\u00f3n de la Fuente inform\u00f3 el martes que dejar\u00e1 el cargo por problemas de salud.Velasco, quien a\u00fan debe ser ratificado por el Senado, es un\u2026","rel":"","context":"In &quot;Noticias Nacionales&quot;","block_context":{"text":"Noticias Nacionales","link":"https:\/\/noticiasya.com\/midland-odessa\/categoria\/noticias-nacionales"},"img":{"alt_text":"","src":"","width":0,"height":0},"classes":[]}],"jetpack_sharing_enabled":true,"_links":{"self":[{"href":"https:\/\/noticiasya.com\/midland-odessa\/wp-json\/wp\/v2\/posts\/1455233","targetHints":{"allow":["GET"]}}],"collection":[{"href":"https:\/\/noticiasya.com\/midland-odessa\/wp-json\/wp\/v2\/posts"}],"about":[{"href":"https:\/\/noticiasya.com\/midland-odessa\/wp-json\/wp\/v2\/types\/post"}],"replies":[{"embeddable":true,"href":"https:\/\/noticiasya.com\/midland-odessa\/wp-json\/wp\/v2\/comments?post=1455233"}],"version-history":[{"count":0,"href":"https:\/\/noticiasya.com\/midland-odessa\/wp-json\/wp\/v2\/posts\/1455233\/revisions"}],"wp:attachment":[{"href":"https:\/\/noticiasya.com\/midland-odessa\/wp-json\/wp\/v2\/media?parent=1455233"}],"wp:term":[{"taxonomy":"category","embeddable":true,"href":"https:\/\/noticiasya.com\/midland-odessa\/wp-json\/wp\/v2\/categories?post=1455233"},{"taxonomy":"post_tag","embeddable":true,"href":"https:\/\/noticiasya.com\/midland-odessa\/wp-json\/wp\/v2\/tags?post=1455233"}],"curies":[{"name":"wp","href":"https:\/\/api.w.org\/{rel}","templated":true}]}}