{"id":1455235,"date":"2024-10-18T14:03:41","date_gmt":"2024-10-18T21:03:41","guid":{"rendered":"https:\/\/noticiasya.com\/2024\/10\/18\/el-mayo-zambada-primera-audiencia-juez-brian-cogan-orix\/"},"modified":"2024-10-18T14:03:41","modified_gmt":"2024-10-18T21:03:41","slug":"el-mayo-zambada-primera-audiencia-juez-brian-cogan-orix","status":"publish","type":"post","link":"https:\/\/noticiasya.com\/midland-odessa\/2024\/10\/18\/el-mayo-zambada-primera-audiencia-juez-brian-cogan-orix\/","title":{"rendered":"Con mejor apariencia e inexpresivo, el Mayo Zambada acude a su primera audiencia frente al juez Brian Cogan"},"content":{"rendered":"<p>(CNN Espa\u00f1ol) &#8212; Ismael &#171;el Mayo&#187; Zambada lleg\u00f3 este viernes a su segunda audiencia en Nueva York y la primera ante el juez Brian Cogan, el mismo que este mi\u00e9rcoles conden\u00f3 al exsecretario de Seguridad de M\u00e9xico, Genaro Garc\u00eda Luna, y a Joaqu\u00edn &#171;el Chapo&#187; Guzm\u00e1n en 2019, vestido de prisionero \u2013un traje color caqui y una camisa color naranja\u2013 y sin esposas que le impidieran realizar alg\u00fan tipo de movimiento. A diferencia de su primera audiencia, en septiembre, este viernes el cofundador y presunto l\u00edder del C\u00e1rtel de Sinaloa luc\u00eda mejor aspecto y no necesit\u00f3 ayuda para sentarse o levantarse de su asiento, aunque nuevamente se le vio cojear.<\/p>\n<p>En los apenas 10 minutos que dur\u00f3 la audiencia, el narcotraficante mexicano se mostr\u00f3 inexpresivo. Se sent\u00f3 en la corte para escuchar todo el proceso mediante un int\u00e9rprete y cruz\u00f3 algunas palabras con su abogado, Frank P\u00e9rez. Al finalizar, le dio la mano al defensor, hablaron brevemente y se fue.<\/p>\n<p>El Mayo Zambada enfrentar\u00e1 cargos adicionales y su pr\u00f3xima audiencia en Nueva York ser\u00e1 en enero<\/p>\n<p>Despu\u00e9s de su inesperada captura el 25 de julio, Zambada, de 76 a\u00f1os, est\u00e1 detenido sin derecho a fianza por 17 cargos de narcotr\u00e1fico y homicidio a los que se sum\u00f3 un cargo adicional por distribuci\u00f3n de fentanilo, dijeron los fiscales del caso en la audiencia de este viernes. El Mayo ha dicho que fue &#171;emboscado&#187; y llevado contra su voluntad a Estados Unidos.<\/p>\n<p>Al concluir la audiencia, el abogado de Zambada declin\u00f3 hacer comentarios a medios de comunicaci\u00f3n.<\/p>\n<p>El cofundador del C\u00e1rtel de Sinaloa se ha declarado inocente de todos los cargos. La pena m\u00ednima que pesar\u00e1 en su contra si es declarado culpable ser\u00e1 la cadena perpetua, y este viernes el juez Cogan pidi\u00f3 a la Fiscal\u00eda definir si solicitar\u00e1 la pena de muerte en su contra.<\/p>\n<p>El Mayo lleg\u00f3 en septiembre al Centro de Detenci\u00f3n Metropolitano de Brooklyn (MDC, por sus siglas en ingl\u00e9s), una c\u00e1rcel que ha sido descrita como &#171;el infierno en la tierra&#187; y donde el capo se encuentra bajo medidas administrativas especiales, que se imponen a prisioneros considerados de alto perfil y peligrosos que necesitan condiciones de seguridad especiales.<\/p>\n<p>El caso, complejo en s\u00ed mismo, tendr\u00e1 un elemento adicional en la pr\u00f3xima audiencia, el 15 de enero de 2025, ya que la Fiscal\u00eda solicit\u00f3 al juez que se remueva al abogado Frank P\u00e9rez como abogado del Mayo argumentando un posible conflicto de intereses.<\/p>\n<p>Foto sin fecha de la polic\u00eda muestra a Ismael Zambada. (Procuradur\u00eda General de la Rep\u00fablica\/Reuters)<\/p>\n<p>La fiscal\u00eda hizo notar al juez que P\u00e9rez tambi\u00e9n represent\u00f3 a su hijo, Vicente Zambada Niebla, al\u00edas Vicentillo, quien fue testigo colaborador en el juicio de conspiraci\u00f3n de Joaqu\u00edn &#171;el Chapo&#187; Guzm\u00e1n. Vicentillo fue sentenciado en 2019 a 15 a\u00f1os de prisi\u00f3n por cargos de conspiraci\u00f3n y tr\u00e1fico de drogas, pero fue liberado en 2021.<\/p>\n<p>Zambada Niebla fue uno de los primeros testigos encarcelados que testific\u00f3 contra Guzm\u00e1n para ser sentenciado, seg\u00fan los portavoces de las oficinas de los fiscales estadounidenses en Nueva York e Illinois.<\/p>\n<p>Durante el juicio contra el Chapo, el hijo del Mayo declar\u00f3 haber trabajado con la Administraci\u00f3n de Control de Drogas (DEA, por sus siglas en ingl\u00e9s) para ayudar a localizar a su padre. Afirm\u00f3 que lo llamaba por tel\u00e9fono celular y la DEA intentaba rastrear la ubicaci\u00f3n del Mayo Zambada.<\/p>\n<p>Esto significa que Zambada Niebla podr\u00eda declarar contra su propio padre.<\/p>\n<p>El juez Cogan dijo tomar\u00eda la decisi\u00f3n en la pr\u00f3xima audiencia y que esperar\u00e1 la decisi\u00f3n de la Fiscal\u00eda sobre si llamar\u00e1 a Vicentillo a declarar, as\u00ed como una explicaci\u00f3n sobre por qu\u00e9 creen que habr\u00eda conflicto de intereses el hecho de P\u00e9rez sea representante legal de padre e hijo.<\/p>\n<p>Mientras tanto, del otro lado de la frontera, en el estado mexicano de Sinaloa, la violencia derivada de la captura del Mayo Zambada ha dejado m\u00e1s de 190 muertos desde el 9 de septiembre, seg\u00fan cifras del Consejo Estatal de Seguridad P\u00fablica estatal.<\/p>\n<p>Culiac\u00e1n, la capital del estado, ha registrado enfrentamientos y bloqueos en las \u00faltimas semanas que ha dejado una ola de inseguridad que no cesa y ha obligado a suspender clases y afecta a la poblaci\u00f3n en general.<\/p>\n<p>The-CNN-Wire<br \/>&trade; &amp; &copy; 2024 Cable News Network, Inc., a Warner Bros. Discovery Company. All rights reserved.<\/p>\n","protected":false},"excerpt":{"rendered":"<p>(CNN Espa\u00f1ol) &#8212; Ismael &#171;el Mayo&#187; Zambada lleg\u00f3 este viernes a su segunda audiencia en Nueva York y la primera ante el juez Brian Cogan, el mismo que este mi\u00e9rcoles conden\u00f3 al exsecretario de Seguridad de M\u00e9xico, Genaro Garc\u00eda Luna, y a Joaqu\u00edn &#171;el Chapo&#187; Guzm\u00e1n en 2019, vestido de prisionero \u2013un traje color caqui [&hellip;]<\/p>\n","protected":false},"author":0,"featured_media":0,"comment_status":"open","ping_status":"open","sticky":false,"template":"","format":"standard","meta":{"_jetpack_memberships_contains_paid_content":false,"footnotes":""},"categories":[10],"tags":[],"class_list":["post-1455235","post","type-post","status-publish","format-standard","hentry","category-noticias-nacionales","market-global"],"yoast_head":"<!-- This site is optimized with the Yoast SEO plugin v24.4 - https:\/\/yoast.com\/wordpress\/plugins\/seo\/ -->\n<title>Con mejor apariencia e inexpresivo, el Mayo Zambada acude a su primera audiencia frente al juez Brian Cogan - Noticias<\/title>\n<meta name=\"robots\" content=\"index, follow, max-snippet:-1, max-image-preview:large, max-video-preview:-1\" \/>\n<link rel=\"canonical\" href=\"https:\/\/noticiasya.com\/2024\/10\/18\/el-mayo-zambada-primera-audiencia-juez-brian-cogan-orix\/\" \/>\n<meta property=\"og:locale\" content=\"es_ES\" \/>\n<meta property=\"og:type\" content=\"article\" \/>\n<meta property=\"og:title\" content=\"Con mejor apariencia e inexpresivo, el Mayo Zambada acude a su primera audiencia frente al juez Brian Cogan - Noticias\" \/>\n<meta property=\"og:description\" content=\"(CNN Espa\u00f1ol) &#8212; Ismael &#171;el Mayo&#187; Zambada lleg\u00f3 este viernes a su segunda audiencia en Nueva York y la primera ante el juez Brian Cogan, el mismo que este mi\u00e9rcoles conden\u00f3 al exsecretario de Seguridad de M\u00e9xico, Genaro Garc\u00eda Luna, y a Joaqu\u00edn &#171;el Chapo&#187; Guzm\u00e1n en 2019, vestido de prisionero \u2013un traje color caqui [&hellip;]\" \/>\n<meta property=\"og:url\" content=\"https:\/\/noticiasya.com\/2024\/10\/18\/el-mayo-zambada-primera-audiencia-juez-brian-cogan-orix\/\" \/>\n<meta property=\"og:site_name\" content=\"Noticias\" \/>\n<meta property=\"article:published_time\" content=\"2024-10-18T21:03:41+00:00\" \/>\n<meta name=\"twitter:card\" content=\"summary_large_image\" \/>\n<meta name=\"twitter:label1\" content=\"Est. reading time\" \/>\n\t<meta name=\"twitter:data1\" content=\"4 minutos\" \/>\n<script type=\"application\/ld+json\" class=\"yoast-schema-graph\">{\"@context\":\"https:\/\/schema.org\",\"@graph\":[{\"@type\":\"Article\",\"@id\":\"https:\/\/noticiasya.com\/2024\/10\/18\/el-mayo-zambada-primera-audiencia-juez-brian-cogan-orix\/#article\",\"isPartOf\":{\"@id\":\"https:\/\/noticiasya.com\/2024\/10\/18\/el-mayo-zambada-primera-audiencia-juez-brian-cogan-orix\/\"},\"author\":{\"name\":\"\",\"@id\":\"\"},\"headline\":\"Con mejor apariencia e inexpresivo, el Mayo Zambada acude a su primera audiencia frente al juez Brian Cogan\",\"datePublished\":\"2024-10-18T21:03:41+00:00\",\"mainEntityOfPage\":{\"@id\":\"https:\/\/noticiasya.com\/2024\/10\/18\/el-mayo-zambada-primera-audiencia-juez-brian-cogan-orix\/\"},\"wordCount\":782,\"commentCount\":0,\"publisher\":{\"@id\":\"https:\/\/noticiasya.com\/#organization\"},\"articleSection\":[\"Noticias Nacionales\"],\"inLanguage\":\"es\",\"potentialAction\":[{\"@type\":\"CommentAction\",\"name\":\"Comment\",\"target\":[\"https:\/\/noticiasya.com\/2024\/10\/18\/el-mayo-zambada-primera-audiencia-juez-brian-cogan-orix\/#respond\"]}]},{\"@type\":\"WebPage\",\"@id\":\"https:\/\/noticiasya.com\/2024\/10\/18\/el-mayo-zambada-primera-audiencia-juez-brian-cogan-orix\/\",\"url\":\"https:\/\/noticiasya.com\/2024\/10\/18\/el-mayo-zambada-primera-audiencia-juez-brian-cogan-orix\/\",\"name\":\"Con mejor apariencia e inexpresivo, el Mayo Zambada acude a su primera audiencia frente al juez Brian Cogan - Noticias\",\"isPartOf\":{\"@id\":\"https:\/\/noticiasya.com\/#website\"},\"datePublished\":\"2024-10-18T21:03:41+00:00\",\"breadcrumb\":{\"@id\":\"https:\/\/noticiasya.com\/2024\/10\/18\/el-mayo-zambada-primera-audiencia-juez-brian-cogan-orix\/#breadcrumb\"},\"inLanguage\":\"es\",\"potentialAction\":[{\"@type\":\"ReadAction\",\"target\":[\"https:\/\/noticiasya.com\/2024\/10\/18\/el-mayo-zambada-primera-audiencia-juez-brian-cogan-orix\/\"]}]},{\"@type\":\"BreadcrumbList\",\"@id\":\"https:\/\/noticiasya.com\/2024\/10\/18\/el-mayo-zambada-primera-audiencia-juez-brian-cogan-orix\/#breadcrumb\",\"itemListElement\":[{\"@type\":\"ListItem\",\"position\":1,\"name\":\"Home\",\"item\":\"https:\/\/noticiasya.com\/\"},{\"@type\":\"ListItem\",\"position\":2,\"name\":\"Con mejor apariencia e inexpresivo, el Mayo Zambada acude a su primera audiencia frente al juez Brian Cogan\"}]},{\"@type\":\"WebSite\",\"@id\":\"https:\/\/noticiasya.com\/#website\",\"url\":\"https:\/\/noticiasya.com\/\",\"name\":\"Noticias\",\"description\":\"Lo que importa\",\"publisher\":{\"@id\":\"https:\/\/noticiasya.com\/#organization\"},\"potentialAction\":[{\"@type\":\"SearchAction\",\"target\":{\"@type\":\"EntryPoint\",\"urlTemplate\":\"https:\/\/noticiasya.com\/?s={search_term_string}\"},\"query-input\":{\"@type\":\"PropertyValueSpecification\",\"valueRequired\":true,\"valueName\":\"search_term_string\"}}],\"inLanguage\":\"es\"},{\"@type\":\"Organization\",\"@id\":\"https:\/\/noticiasya.com\/#organization\",\"name\":\"Noticias\",\"url\":\"https:\/\/noticiasya.com\/\",\"logo\":{\"@type\":\"ImageObject\",\"inLanguage\":\"es\",\"@id\":\"https:\/\/noticiasya.com\/#\/schema\/logo\/image\/\",\"url\":\"https:\/\/noticiasya.com\/wp-content\/uploads\/sites\/22\/2023\/12\/logo-nacional.png\",\"contentUrl\":\"https:\/\/noticiasya.com\/wp-content\/uploads\/sites\/22\/2023\/12\/logo-nacional.png\",\"width\":1801,\"height\":691,\"caption\":\"Noticias\"},\"image\":{\"@id\":\"https:\/\/noticiasya.com\/#\/schema\/logo\/image\/\"}}]}<\/script>\n<!-- \/ Yoast SEO plugin. -->","yoast_head_json":{"title":"Con mejor apariencia e inexpresivo, el Mayo Zambada acude a su primera audiencia frente al juez Brian Cogan - Noticias","robots":{"index":"index","follow":"follow","max-snippet":"max-snippet:-1","max-image-preview":"max-image-preview:large","max-video-preview":"max-video-preview:-1"},"canonical":"https:\/\/noticiasya.com\/2024\/10\/18\/el-mayo-zambada-primera-audiencia-juez-brian-cogan-orix\/","og_locale":"es_ES","og_type":"article","og_title":"Con mejor apariencia e inexpresivo, el Mayo Zambada acude a su primera audiencia frente al juez Brian Cogan - Noticias","og_description":"(CNN Espa\u00f1ol) &#8212; Ismael &#171;el Mayo&#187; Zambada lleg\u00f3 este viernes a su segunda audiencia en Nueva York y la primera ante el juez Brian Cogan, el mismo que este mi\u00e9rcoles conden\u00f3 al exsecretario de Seguridad de M\u00e9xico, Genaro Garc\u00eda Luna, y a Joaqu\u00edn &#171;el Chapo&#187; Guzm\u00e1n en 2019, vestido de prisionero \u2013un traje color caqui [&hellip;]","og_url":"https:\/\/noticiasya.com\/2024\/10\/18\/el-mayo-zambada-primera-audiencia-juez-brian-cogan-orix\/","og_site_name":"Noticias","article_published_time":"2024-10-18T21:03:41+00:00","twitter_card":"summary_large_image","twitter_misc":{"Est. reading time":"4 minutos"},"schema":{"@context":"https:\/\/schema.org","@graph":[{"@type":"Article","@id":"https:\/\/noticiasya.com\/2024\/10\/18\/el-mayo-zambada-primera-audiencia-juez-brian-cogan-orix\/#article","isPartOf":{"@id":"https:\/\/noticiasya.com\/2024\/10\/18\/el-mayo-zambada-primera-audiencia-juez-brian-cogan-orix\/"},"author":{"name":"","@id":""},"headline":"Con mejor apariencia e inexpresivo, el Mayo Zambada acude a su primera audiencia frente al juez Brian Cogan","datePublished":"2024-10-18T21:03:41+00:00","mainEntityOfPage":{"@id":"https:\/\/noticiasya.com\/2024\/10\/18\/el-mayo-zambada-primera-audiencia-juez-brian-cogan-orix\/"},"wordCount":782,"commentCount":0,"publisher":{"@id":"https:\/\/noticiasya.com\/#organization"},"articleSection":["Noticias Nacionales"],"inLanguage":"es","potentialAction":[{"@type":"CommentAction","name":"Comment","target":["https:\/\/noticiasya.com\/2024\/10\/18\/el-mayo-zambada-primera-audiencia-juez-brian-cogan-orix\/#respond"]}]},{"@type":"WebPage","@id":"https:\/\/noticiasya.com\/2024\/10\/18\/el-mayo-zambada-primera-audiencia-juez-brian-cogan-orix\/","url":"https:\/\/noticiasya.com\/2024\/10\/18\/el-mayo-zambada-primera-audiencia-juez-brian-cogan-orix\/","name":"Con mejor apariencia e inexpresivo, el Mayo Zambada acude a su primera audiencia frente al juez Brian Cogan - Noticias","isPartOf":{"@id":"https:\/\/noticiasya.com\/#website"},"datePublished":"2024-10-18T21:03:41+00:00","breadcrumb":{"@id":"https:\/\/noticiasya.com\/2024\/10\/18\/el-mayo-zambada-primera-audiencia-juez-brian-cogan-orix\/#breadcrumb"},"inLanguage":"es","potentialAction":[{"@type":"ReadAction","target":["https:\/\/noticiasya.com\/2024\/10\/18\/el-mayo-zambada-primera-audiencia-juez-brian-cogan-orix\/"]}]},{"@type":"BreadcrumbList","@id":"https:\/\/noticiasya.com\/2024\/10\/18\/el-mayo-zambada-primera-audiencia-juez-brian-cogan-orix\/#breadcrumb","itemListElement":[{"@type":"ListItem","position":1,"name":"Home","item":"https:\/\/noticiasya.com\/"},{"@type":"ListItem","position":2,"name":"Con mejor apariencia e inexpresivo, el Mayo Zambada acude a su primera audiencia frente al juez Brian Cogan"}]},{"@type":"WebSite","@id":"https:\/\/noticiasya.com\/#website","url":"https:\/\/noticiasya.com\/","name":"Noticias","description":"Lo que importa","publisher":{"@id":"https:\/\/noticiasya.com\/#organization"},"potentialAction":[{"@type":"SearchAction","target":{"@type":"EntryPoint","urlTemplate":"https:\/\/noticiasya.com\/?s={search_term_string}"},"query-input":{"@type":"PropertyValueSpecification","valueRequired":true,"valueName":"search_term_string"}}],"inLanguage":"es"},{"@type":"Organization","@id":"https:\/\/noticiasya.com\/#organization","name":"Noticias","url":"https:\/\/noticiasya.com\/","logo":{"@type":"ImageObject","inLanguage":"es","@id":"https:\/\/noticiasya.com\/#\/schema\/logo\/image\/","url":"https:\/\/noticiasya.com\/wp-content\/uploads\/sites\/22\/2023\/12\/logo-nacional.png","contentUrl":"https:\/\/noticiasya.com\/wp-content\/uploads\/sites\/22\/2023\/12\/logo-nacional.png","width":1801,"height":691,"caption":"Noticias"},"image":{"@id":"https:\/\/noticiasya.com\/#\/schema\/logo\/image\/"}}]}},"parsely":{"version":"1.1.0","canonical_url":"https:\/\/noticiasya.com\/midland-odessa\/2024\/10\/18\/el-mayo-zambada-primera-audiencia-juez-brian-cogan-orix\/","smart_links":{"inbound":0,"outbound":0},"traffic_boost_suggestions_count":0,"meta":{"@context":"https:\/\/schema.org","@type":"NewsArticle","headline":"Con mejor apariencia e inexpresivo, el Mayo Zambada acude a su primera audiencia frente al juez Brian Cogan","url":"http:\/\/noticiasya.com\/midland-odessa\/2024\/10\/18\/el-mayo-zambada-primera-audiencia-juez-brian-cogan-orix\/","mainEntityOfPage":{"@type":"WebPage","@id":"http:\/\/noticiasya.com\/midland-odessa\/2024\/10\/18\/el-mayo-zambada-primera-audiencia-juez-brian-cogan-orix\/"},"thumbnailUrl":"","image":{"@type":"ImageObject","url":""},"articleSection":"Noticias Nacionales","author":[],"creator":[],"publisher":{"@type":"Organization","name":"Noticias","logo":""},"keywords":[],"dateCreated":"2024-10-18T21:03:41Z","datePublished":"2024-10-18T21:03:41Z","dateModified":"2024-10-18T21:03:41Z"},"rendered":"<script type=\"application\/ld+json\" class=\"wp-parsely-metadata\">{\"@context\":\"https:\\\/\\\/schema.org\",\"@type\":\"NewsArticle\",\"headline\":\"Con mejor apariencia e inexpresivo, el Mayo Zambada acude a su primera audiencia frente al juez Brian Cogan\",\"url\":\"http:\\\/\\\/noticiasya.com\\\/midland-odessa\\\/2024\\\/10\\\/18\\\/el-mayo-zambada-primera-audiencia-juez-brian-cogan-orix\\\/\",\"mainEntityOfPage\":{\"@type\":\"WebPage\",\"@id\":\"http:\\\/\\\/noticiasya.com\\\/midland-odessa\\\/2024\\\/10\\\/18\\\/el-mayo-zambada-primera-audiencia-juez-brian-cogan-orix\\\/\"},\"thumbnailUrl\":\"\",\"image\":{\"@type\":\"ImageObject\",\"url\":\"\"},\"articleSection\":\"Noticias Nacionales\",\"author\":[],\"creator\":[],\"publisher\":{\"@type\":\"Organization\",\"name\":\"Noticias\",\"logo\":\"\"},\"keywords\":[],\"dateCreated\":\"2024-10-18T21:03:41Z\",\"datePublished\":\"2024-10-18T21:03:41Z\",\"dateModified\":\"2024-10-18T21:03:41Z\"}<\/script>","tracker_url":"https:\/\/cdn.parsely.com\/keys\/noticiasya.com\/p.js"},"jetpack_featured_media_url":"","jetpack-related-posts":[{"id":1452659,"url":"https:\/\/noticiasya.com\/midland-odessa\/2024\/09\/13\/mayo-zambada-primera-audiencia-nueva-york-orix\/","url_meta":{"origin":1455235,"position":0},"title":"Inexpresivo y con cierta dificultad para levantarse: as\u00ed se le vio al Mayo Zambada en su primera audiencia en Nueva York","author":"","date":"septiembre 13, 2024","format":false,"excerpt":"(CNN Espa\u00f1ol) -- Con aparente serenidad pese a los 17 cargos que pesan en su contra, este viernes Ismael \u201cEl Mayo\u201d Zambada, cofundador del C\u00e1rtel de Sinaloa, se present\u00f3 en una corte de Nueva York, luego de viajar en avi\u00f3n el jueves por la noche desde El Paso, Texas, ciudad\u2026","rel":"","context":"In &quot;Noticias Nacionales&quot;","block_context":{"text":"Noticias Nacionales","link":"https:\/\/noticiasya.com\/midland-odessa\/categoria\/noticias-nacionales"},"img":{"alt_text":"","src":"","width":0,"height":0},"classes":[]},{"id":1457549,"url":"https:\/\/noticiasya.com\/midland-odessa\/2025\/01\/15\/ismael-el-mayo-zambada-frank-perez-abogado-conflicto-de-interes-orix\/","url_meta":{"origin":1455235,"position":1},"title":"Ismael &#171;el Mayo&#187; Zambada decide mantener a Frank P\u00e9rez como su abogado pese a conflicto de inter\u00e9s","author":"","date":"enero 15, 2025","format":false,"excerpt":"Ismael \u201cel Mayo\u201d Zambada regres\u00f3 este mi\u00e9rcoles la Corte de Distrito Este de Nueva York para su tercera audiencia, en la que decidi\u00f3 mantener a Frank P\u00e9rez como su abogado pese a la existencia de un conflicto de inter\u00e9s, debido a que el defensor tambi\u00e9n es representante de su hijo,\u2026","rel":"","context":"In &quot;Noticias Nacionales&quot;","block_context":{"text":"Noticias Nacionales","link":"https:\/\/noticiasya.com\/midland-odessa\/categoria\/noticias-nacionales"},"img":{"alt_text":"","src":"","width":0,"height":0},"classes":[]},{"id":1455446,"url":"https:\/\/noticiasya.com\/midland-odessa\/2024\/10\/30\/mayo-zamabada-captura-ken-salazar-washington-entrego-informacion-mexico-orix\/","url_meta":{"origin":1455235,"position":2},"title":"Embajador de EE.UU. en M\u00e9xico afirma que Washington entreg\u00f3 a M\u00e9xico informaci\u00f3n sobre captura del Mayo Zambada","author":"","date":"octubre 30, 2024","format":false,"excerpt":"(CNN Espa\u00f1ol) --\u00a0El embajador de Estados Unidos en M\u00e9xico, Ken Salazar, asegur\u00f3 el martes que su pa\u00eds ha cooperado y entregado documentos e informaci\u00f3n sobre la detenci\u00f3n de Ismael \"El Mayo\" Zambada en tiempo y forma, en respuesta al fiscal Alejandro Gertz Manero, quien insisti\u00f3 sobre la supuesta falta de\u2026","rel":"","context":"In &quot;Noticias Nacionales&quot;","block_context":{"text":"Noticias Nacionales","link":"https:\/\/noticiasya.com\/midland-odessa\/categoria\/noticias-nacionales"},"img":{"alt_text":"","src":"","width":0,"height":0},"classes":[]},{"id":1465179,"url":"https:\/\/noticiasya.com\/midland-odessa\/2025\/08\/06\/pena-muerte-delito-sheinbaum-casos-mayo-zambada-caro-quintero-orix\/","url_meta":{"origin":1455235,"position":3},"title":"&#171;Estamos en contra de la pena de muerte, no importa el delito&#187;, dice Sheinbaum sobre casos del Mayo Zambada y Caro Quintero","author":"","date":"agosto 6, 2025","format":false,"excerpt":"La presidenta de M\u00e9xico, Claudia Sheinbaum, dijo este mi\u00e9rcoles que el posicionamiento de su Gobierno es en contra de la pena de muerte, luego de las recientes decisiones de Estados Unidos de no pedir esta medida contra los presuntos narcotraficantes mexicanos Ismael \u201cel Mayo\u201d Zambada y Rafael Caro Quintero, quienes\u2026","rel":"","context":"In &quot;Noticias Nacionales&quot;","block_context":{"text":"Noticias Nacionales","link":"https:\/\/noticiasya.com\/midland-odessa\/categoria\/noticias-nacionales"},"img":{"alt_text":"","src":"","width":0,"height":0},"classes":[]},{"id":1452848,"url":"https:\/\/noticiasya.com\/midland-odessa\/2024\/09\/19\/lopez-obrador-violencia-sinaloa-estados-unidos-orix\/","url_meta":{"origin":1455235,"position":4},"title":"L\u00f3pez Obrador atribuye violencia en Sinaloa a un supuesto \u201cacuerdo\u201d negociado por el Departamento de Justicia de EE.UU.","author":"","date":"septiembre 19, 2024","format":false,"excerpt":"(CNN Espa\u00f1ol) -- El presidente de M\u00e9xico, Andr\u00e9s Manuel L\u00f3pez Obrador, reiter\u00f3 este jueves que le pidi\u00f3 una explicaci\u00f3n a Estados Unidos sobre los hechos que llevaron a la detenci\u00f3n del cofundador del c\u00e1rtel de Sinaloa, Ismael \u201cEl Mayo\u201d Zambada, ocurrida el 25 de julio, y afirm\u00f3 que la violencia\u2026","rel":"","context":"In &quot;Noticias Nacionales&quot;","block_context":{"text":"Noticias Nacionales","link":"https:\/\/noticiasya.com\/midland-odessa\/categoria\/noticias-nacionales"},"img":{"alt_text":"","src":"","width":0,"height":0},"classes":[]},{"id":1452490,"url":"https:\/\/noticiasya.com\/midland-odessa\/2024\/09\/06\/conceden-trasladar-ismael-mayo-zambada-texas-nueva-york-orix\/","url_meta":{"origin":1455235,"position":5},"title":"Conceden trasladar a Ismael &#171;el Mayo&#187; Zambada de Texas a Nueva York","author":"","date":"septiembre 6, 2024","format":false,"excerpt":"(CNN Espa\u00f1ol) --\u00a0Una jueza federal de Estados Unidos concedi\u00f3 este viernes el traslado de Texas a Nueva York a Ismael \"el Mayo\" Zambada para que siga el proceso penal que tiene en el pa\u00eds por varios cargos de narcotr\u00e1fico, seg\u00fan documentos judiciales que revis\u00f3 CNN.En su decisi\u00f3n, la jueza del\u2026","rel":"","context":"In &quot;Noticias Nacionales&quot;","block_context":{"text":"Noticias Nacionales","link":"https:\/\/noticiasya.com\/midland-odessa\/categoria\/noticias-nacionales"},"img":{"alt_text":"","src":"","width":0,"height":0},"classes":[]}],"jetpack_sharing_enabled":true,"_links":{"self":[{"href":"https:\/\/noticiasya.com\/midland-odessa\/wp-json\/wp\/v2\/posts\/1455235","targetHints":{"allow":["GET"]}}],"collection":[{"href":"https:\/\/noticiasya.com\/midland-odessa\/wp-json\/wp\/v2\/posts"}],"about":[{"href":"https:\/\/noticiasya.com\/midland-odessa\/wp-json\/wp\/v2\/types\/post"}],"replies":[{"embeddable":true,"href":"https:\/\/noticiasya.com\/midland-odessa\/wp-json\/wp\/v2\/comments?post=1455235"}],"version-history":[{"count":0,"href":"https:\/\/noticiasya.com\/midland-odessa\/wp-json\/wp\/v2\/posts\/1455235\/revisions"}],"wp:attachment":[{"href":"https:\/\/noticiasya.com\/midland-odessa\/wp-json\/wp\/v2\/media?parent=1455235"}],"wp:term":[{"taxonomy":"category","embeddable":true,"href":"https:\/\/noticiasya.com\/midland-odessa\/wp-json\/wp\/v2\/categories?post=1455235"},{"taxonomy":"post_tag","embeddable":true,"href":"https:\/\/noticiasya.com\/midland-odessa\/wp-json\/wp\/v2\/tags?post=1455235"}],"curies":[{"name":"wp","href":"https:\/\/api.w.org\/{rel}","templated":true}]}}