{"id":1455238,"date":"2024-10-18T15:03:55","date_gmt":"2024-10-18T22:03:55","guid":{"rendered":"https:\/\/noticiasya.com\/2024\/10\/18\/mueren-dos-atletas-campeonato-mundial-triatlon-espana-trax\/"},"modified":"2024-10-18T15:03:55","modified_gmt":"2024-10-18T22:03:55","slug":"mueren-dos-atletas-campeonato-mundial-triatlon-espana-trax","status":"publish","type":"post","link":"https:\/\/noticiasya.com\/midland-odessa\/2024\/10\/18\/mueren-dos-atletas-campeonato-mundial-triatlon-espana-trax\/","title":{"rendered":"Dos atletas mueren en el Campeonato Mundial de Triatl\u00f3n en Espa\u00f1a"},"content":{"rendered":"<p>(CNN) &#8212; Dos atletas murieron mientras participaban en el Campeonato Mundial de Triatl\u00f3n en Espa\u00f1a el jueves, confirm\u00f3 el organismo rector del deporte.<\/p>\n<p>Ambos atletas, uno de M\u00e9xico y otro de Gran Breta\u00f1a, estaban participando en la categor\u00eda de sprint en el primer d\u00eda de competencia en las Finales del Campeonato de Triatl\u00f3n Torremolinos-Andaluc\u00eda.<\/p>\n<p>&#171;Con profunda tristeza informamos que dos participantes (uno de M\u00e9xico y uno de Gran Breta\u00f1a) fallecieron en el Campeonato Mundial de Triatl\u00f3n de Distancia Sprint de Torremolinos-Andaluc\u00eda, que se lleva a cabo hoy, 17 de octubre&#187;, dijo World Triathlon en un comunicado. &#171;Nuestras m\u00e1s profundas condolencias van a sus respectivas familias, amigos, Federaciones Nacionales y toda la familia del triatl\u00f3n&#187;.<\/p>\n<p>&#171;World Triathlon, la Federaci\u00f3n Espa\u00f1ola y el LOC (siglas en ingl\u00e9s de Comit\u00e9 Organizador Local) est\u00e1n en contacto con sus familias y Federaciones Nacionales para brindar todo el apoyo necesario en estos tiempos dif\u00edciles y tristes&#187;.<\/p>\n<p>La historia de un hombre que perdi\u00f3 70 kilos y gan\u00f3 su primer triatl\u00f3n<\/p>\n<p>CNN se ha puesto en contacto con los organizadores del evento para obtener comentarios.<\/p>\n<p>La Federaci\u00f3n Mexicana de Triatl\u00f3n confirm\u00f3 la identidad de uno de los atletas como Roger Mas Colomer, de 79 a\u00f1os.<\/p>\n<p>&#171;Con profunda tristeza informamos el fallecimiento del triatleta mexicano Roger Mas Colomer, de 79 a\u00f1os, durante su participaci\u00f3n en el Campeonato Mundial de Triatl\u00f3n en la tarde del jueves 17 de octubre, en Torremolinos, Espa\u00f1a&#187;, dijo en un comunicado publicado en X, anteriormente conocido como Twitter.<\/p>\n<p>&#171;Lamentamos profundamente este evento y compartimos el dolor de su familia y amigos&#187;, agreg\u00f3.<\/p>\n<p>British Triathlon tambi\u00e9n confirm\u00f3 la muerte de un miembro de su equipo de Grupo de Edad, pero no revel\u00f3 el nombre del atleta.<\/p>\n<p>&#171;British Triathlon puede confirmar que uno de nuestro equipo de Grupo de Edad lamentablemente falleci\u00f3 mientras compet\u00eda en el Campeonato Mundial en Torremolinos, Espa\u00f1a&#187;, dijo en un comunicado.<\/p>\n<p>&#171;Su familia fue\u00a0 notificada y los estamos apoyando en este momento. British Triathlon y el equipo de Grupo de Edad env\u00edan sus condolencias y solicitamos que se respete su privacidad en este momento&#187;.<\/p>\n<p>No se dio alguna causa de muerte para ninguno de los competidores.<\/p>\n<p>La categor\u00eda de Grupo de Edad se refiere a triatletas no profesionales que compiten contra otros no profesionales dentro de un rango de edad de cinco a\u00f1os. Los competidores de Grupo de Edad reciben el t\u00edtulo de &#171;Triatleta Mundial.&#187;<\/p>\n<p>Cada carrera de Grupo de Edad incluy\u00f3 nataci\u00f3n de 750 metros, ciclismo de 20 km y una carrera de 5 km.<\/p>\n<p>El Campeonato Mundial de Triatl\u00f3n se lleva a cabo en el municipio de Torremolinos, en el sur de Espa\u00f1a. M\u00e1s de 5.500 atletas est\u00e1n compitiendo, con m\u00e1s de 4.000 de ellos siendo corredores de Grupo de Edad. 79 pa\u00edses est\u00e1n representados en los campeonatos.<\/p>\n<p>Los campeonatos comenzaron el jueves con las Finales Sub-23 y concluir\u00e1n el domingo con las Finales de Hombres Elite.<\/p>\n<p>The-CNN-Wire<br \/>&trade; &amp; &copy; 2024 Cable News Network, Inc., a Warner Bros. Discovery Company. All rights reserved.<\/p>\n","protected":false},"excerpt":{"rendered":"<p>(CNN) &#8212; Dos atletas murieron mientras participaban en el Campeonato Mundial de Triatl\u00f3n en Espa\u00f1a el jueves, confirm\u00f3 el organismo rector del deporte. Ambos atletas, uno de M\u00e9xico y otro de Gran Breta\u00f1a, estaban participando en la categor\u00eda de sprint en el primer d\u00eda de competencia en las Finales del Campeonato de Triatl\u00f3n Torremolinos-Andaluc\u00eda. &#171;Con [&hellip;]<\/p>\n","protected":false},"author":0,"featured_media":0,"comment_status":"open","ping_status":"open","sticky":false,"template":"","format":"standard","meta":{"_jetpack_memberships_contains_paid_content":false,"footnotes":""},"categories":[10],"tags":[],"class_list":["post-1455238","post","type-post","status-publish","format-standard","hentry","category-noticias-nacionales","market-global"],"yoast_head":"<!-- This site is optimized with the Yoast SEO plugin v24.4 - https:\/\/yoast.com\/wordpress\/plugins\/seo\/ -->\n<title>Dos atletas mueren en el Campeonato Mundial de Triatl\u00f3n en Espa\u00f1a - Noticias<\/title>\n<meta name=\"robots\" content=\"index, follow, max-snippet:-1, max-image-preview:large, max-video-preview:-1\" \/>\n<link rel=\"canonical\" href=\"https:\/\/noticiasya.com\/2024\/10\/18\/mueren-dos-atletas-campeonato-mundial-triatlon-espana-trax\/\" \/>\n<meta property=\"og:locale\" content=\"es_ES\" \/>\n<meta property=\"og:type\" content=\"article\" \/>\n<meta property=\"og:title\" content=\"Dos atletas mueren en el Campeonato Mundial de Triatl\u00f3n en Espa\u00f1a - Noticias\" \/>\n<meta property=\"og:description\" content=\"(CNN) &#8212; Dos atletas murieron mientras participaban en el Campeonato Mundial de Triatl\u00f3n en Espa\u00f1a el jueves, confirm\u00f3 el organismo rector del deporte. Ambos atletas, uno de M\u00e9xico y otro de Gran Breta\u00f1a, estaban participando en la categor\u00eda de sprint en el primer d\u00eda de competencia en las Finales del Campeonato de Triatl\u00f3n Torremolinos-Andaluc\u00eda. &#171;Con [&hellip;]\" \/>\n<meta property=\"og:url\" content=\"https:\/\/noticiasya.com\/2024\/10\/18\/mueren-dos-atletas-campeonato-mundial-triatlon-espana-trax\/\" \/>\n<meta property=\"og:site_name\" content=\"Noticias\" \/>\n<meta property=\"article:published_time\" content=\"2024-10-18T22:03:55+00:00\" \/>\n<meta name=\"twitter:card\" content=\"summary_large_image\" \/>\n<meta name=\"twitter:label1\" content=\"Est. reading time\" \/>\n\t<meta name=\"twitter:data1\" content=\"3 minutos\" \/>\n<script type=\"application\/ld+json\" class=\"yoast-schema-graph\">{\"@context\":\"https:\/\/schema.org\",\"@graph\":[{\"@type\":\"Article\",\"@id\":\"https:\/\/noticiasya.com\/2024\/10\/18\/mueren-dos-atletas-campeonato-mundial-triatlon-espana-trax\/#article\",\"isPartOf\":{\"@id\":\"https:\/\/noticiasya.com\/2024\/10\/18\/mueren-dos-atletas-campeonato-mundial-triatlon-espana-trax\/\"},\"author\":{\"name\":\"\",\"@id\":\"\"},\"headline\":\"Dos atletas mueren en el Campeonato Mundial de Triatl\u00f3n en Espa\u00f1a\",\"datePublished\":\"2024-10-18T22:03:55+00:00\",\"mainEntityOfPage\":{\"@id\":\"https:\/\/noticiasya.com\/2024\/10\/18\/mueren-dos-atletas-campeonato-mundial-triatlon-espana-trax\/\"},\"wordCount\":538,\"commentCount\":0,\"publisher\":{\"@id\":\"https:\/\/noticiasya.com\/#organization\"},\"articleSection\":[\"Noticias Nacionales\"],\"inLanguage\":\"es\",\"potentialAction\":[{\"@type\":\"CommentAction\",\"name\":\"Comment\",\"target\":[\"https:\/\/noticiasya.com\/2024\/10\/18\/mueren-dos-atletas-campeonato-mundial-triatlon-espana-trax\/#respond\"]}]},{\"@type\":\"WebPage\",\"@id\":\"https:\/\/noticiasya.com\/2024\/10\/18\/mueren-dos-atletas-campeonato-mundial-triatlon-espana-trax\/\",\"url\":\"https:\/\/noticiasya.com\/2024\/10\/18\/mueren-dos-atletas-campeonato-mundial-triatlon-espana-trax\/\",\"name\":\"Dos atletas mueren en el Campeonato Mundial de Triatl\u00f3n en Espa\u00f1a - Noticias\",\"isPartOf\":{\"@id\":\"https:\/\/noticiasya.com\/#website\"},\"datePublished\":\"2024-10-18T22:03:55+00:00\",\"breadcrumb\":{\"@id\":\"https:\/\/noticiasya.com\/2024\/10\/18\/mueren-dos-atletas-campeonato-mundial-triatlon-espana-trax\/#breadcrumb\"},\"inLanguage\":\"es\",\"potentialAction\":[{\"@type\":\"ReadAction\",\"target\":[\"https:\/\/noticiasya.com\/2024\/10\/18\/mueren-dos-atletas-campeonato-mundial-triatlon-espana-trax\/\"]}]},{\"@type\":\"BreadcrumbList\",\"@id\":\"https:\/\/noticiasya.com\/2024\/10\/18\/mueren-dos-atletas-campeonato-mundial-triatlon-espana-trax\/#breadcrumb\",\"itemListElement\":[{\"@type\":\"ListItem\",\"position\":1,\"name\":\"Home\",\"item\":\"https:\/\/noticiasya.com\/\"},{\"@type\":\"ListItem\",\"position\":2,\"name\":\"Dos atletas mueren en el Campeonato Mundial de Triatl\u00f3n en Espa\u00f1a\"}]},{\"@type\":\"WebSite\",\"@id\":\"https:\/\/noticiasya.com\/#website\",\"url\":\"https:\/\/noticiasya.com\/\",\"name\":\"Noticias\",\"description\":\"Lo que importa\",\"publisher\":{\"@id\":\"https:\/\/noticiasya.com\/#organization\"},\"potentialAction\":[{\"@type\":\"SearchAction\",\"target\":{\"@type\":\"EntryPoint\",\"urlTemplate\":\"https:\/\/noticiasya.com\/?s={search_term_string}\"},\"query-input\":{\"@type\":\"PropertyValueSpecification\",\"valueRequired\":true,\"valueName\":\"search_term_string\"}}],\"inLanguage\":\"es\"},{\"@type\":\"Organization\",\"@id\":\"https:\/\/noticiasya.com\/#organization\",\"name\":\"Noticias\",\"url\":\"https:\/\/noticiasya.com\/\",\"logo\":{\"@type\":\"ImageObject\",\"inLanguage\":\"es\",\"@id\":\"https:\/\/noticiasya.com\/#\/schema\/logo\/image\/\",\"url\":\"https:\/\/noticiasya.com\/wp-content\/uploads\/sites\/22\/2023\/12\/logo-nacional.png\",\"contentUrl\":\"https:\/\/noticiasya.com\/wp-content\/uploads\/sites\/22\/2023\/12\/logo-nacional.png\",\"width\":1801,\"height\":691,\"caption\":\"Noticias\"},\"image\":{\"@id\":\"https:\/\/noticiasya.com\/#\/schema\/logo\/image\/\"}}]}<\/script>\n<!-- \/ Yoast SEO plugin. -->","yoast_head_json":{"title":"Dos atletas mueren en el Campeonato Mundial de Triatl\u00f3n en Espa\u00f1a - Noticias","robots":{"index":"index","follow":"follow","max-snippet":"max-snippet:-1","max-image-preview":"max-image-preview:large","max-video-preview":"max-video-preview:-1"},"canonical":"https:\/\/noticiasya.com\/2024\/10\/18\/mueren-dos-atletas-campeonato-mundial-triatlon-espana-trax\/","og_locale":"es_ES","og_type":"article","og_title":"Dos atletas mueren en el Campeonato Mundial de Triatl\u00f3n en Espa\u00f1a - Noticias","og_description":"(CNN) &#8212; Dos atletas murieron mientras participaban en el Campeonato Mundial de Triatl\u00f3n en Espa\u00f1a el jueves, confirm\u00f3 el organismo rector del deporte. Ambos atletas, uno de M\u00e9xico y otro de Gran Breta\u00f1a, estaban participando en la categor\u00eda de sprint en el primer d\u00eda de competencia en las Finales del Campeonato de Triatl\u00f3n Torremolinos-Andaluc\u00eda. &#171;Con [&hellip;]","og_url":"https:\/\/noticiasya.com\/2024\/10\/18\/mueren-dos-atletas-campeonato-mundial-triatlon-espana-trax\/","og_site_name":"Noticias","article_published_time":"2024-10-18T22:03:55+00:00","twitter_card":"summary_large_image","twitter_misc":{"Est. reading time":"3 minutos"},"schema":{"@context":"https:\/\/schema.org","@graph":[{"@type":"Article","@id":"https:\/\/noticiasya.com\/2024\/10\/18\/mueren-dos-atletas-campeonato-mundial-triatlon-espana-trax\/#article","isPartOf":{"@id":"https:\/\/noticiasya.com\/2024\/10\/18\/mueren-dos-atletas-campeonato-mundial-triatlon-espana-trax\/"},"author":{"name":"","@id":""},"headline":"Dos atletas mueren en el Campeonato Mundial de Triatl\u00f3n en Espa\u00f1a","datePublished":"2024-10-18T22:03:55+00:00","mainEntityOfPage":{"@id":"https:\/\/noticiasya.com\/2024\/10\/18\/mueren-dos-atletas-campeonato-mundial-triatlon-espana-trax\/"},"wordCount":538,"commentCount":0,"publisher":{"@id":"https:\/\/noticiasya.com\/#organization"},"articleSection":["Noticias Nacionales"],"inLanguage":"es","potentialAction":[{"@type":"CommentAction","name":"Comment","target":["https:\/\/noticiasya.com\/2024\/10\/18\/mueren-dos-atletas-campeonato-mundial-triatlon-espana-trax\/#respond"]}]},{"@type":"WebPage","@id":"https:\/\/noticiasya.com\/2024\/10\/18\/mueren-dos-atletas-campeonato-mundial-triatlon-espana-trax\/","url":"https:\/\/noticiasya.com\/2024\/10\/18\/mueren-dos-atletas-campeonato-mundial-triatlon-espana-trax\/","name":"Dos atletas mueren en el Campeonato Mundial de Triatl\u00f3n en Espa\u00f1a - Noticias","isPartOf":{"@id":"https:\/\/noticiasya.com\/#website"},"datePublished":"2024-10-18T22:03:55+00:00","breadcrumb":{"@id":"https:\/\/noticiasya.com\/2024\/10\/18\/mueren-dos-atletas-campeonato-mundial-triatlon-espana-trax\/#breadcrumb"},"inLanguage":"es","potentialAction":[{"@type":"ReadAction","target":["https:\/\/noticiasya.com\/2024\/10\/18\/mueren-dos-atletas-campeonato-mundial-triatlon-espana-trax\/"]}]},{"@type":"BreadcrumbList","@id":"https:\/\/noticiasya.com\/2024\/10\/18\/mueren-dos-atletas-campeonato-mundial-triatlon-espana-trax\/#breadcrumb","itemListElement":[{"@type":"ListItem","position":1,"name":"Home","item":"https:\/\/noticiasya.com\/"},{"@type":"ListItem","position":2,"name":"Dos atletas mueren en el Campeonato Mundial de Triatl\u00f3n en Espa\u00f1a"}]},{"@type":"WebSite","@id":"https:\/\/noticiasya.com\/#website","url":"https:\/\/noticiasya.com\/","name":"Noticias","description":"Lo que importa","publisher":{"@id":"https:\/\/noticiasya.com\/#organization"},"potentialAction":[{"@type":"SearchAction","target":{"@type":"EntryPoint","urlTemplate":"https:\/\/noticiasya.com\/?s={search_term_string}"},"query-input":{"@type":"PropertyValueSpecification","valueRequired":true,"valueName":"search_term_string"}}],"inLanguage":"es"},{"@type":"Organization","@id":"https:\/\/noticiasya.com\/#organization","name":"Noticias","url":"https:\/\/noticiasya.com\/","logo":{"@type":"ImageObject","inLanguage":"es","@id":"https:\/\/noticiasya.com\/#\/schema\/logo\/image\/","url":"https:\/\/noticiasya.com\/wp-content\/uploads\/sites\/22\/2023\/12\/logo-nacional.png","contentUrl":"https:\/\/noticiasya.com\/wp-content\/uploads\/sites\/22\/2023\/12\/logo-nacional.png","width":1801,"height":691,"caption":"Noticias"},"image":{"@id":"https:\/\/noticiasya.com\/#\/schema\/logo\/image\/"}}]}},"parsely":{"version":"1.1.0","canonical_url":"https:\/\/noticiasya.com\/midland-odessa\/2024\/10\/18\/mueren-dos-atletas-campeonato-mundial-triatlon-espana-trax\/","smart_links":{"inbound":0,"outbound":0},"traffic_boost_suggestions_count":0,"meta":{"@context":"https:\/\/schema.org","@type":"NewsArticle","headline":"Dos atletas mueren en el Campeonato Mundial de Triatl\u00f3n en Espa\u00f1a","url":"http:\/\/noticiasya.com\/midland-odessa\/2024\/10\/18\/mueren-dos-atletas-campeonato-mundial-triatlon-espana-trax\/","mainEntityOfPage":{"@type":"WebPage","@id":"http:\/\/noticiasya.com\/midland-odessa\/2024\/10\/18\/mueren-dos-atletas-campeonato-mundial-triatlon-espana-trax\/"},"thumbnailUrl":"","image":{"@type":"ImageObject","url":""},"articleSection":"Noticias Nacionales","author":[],"creator":[],"publisher":{"@type":"Organization","name":"Noticias","logo":""},"keywords":[],"dateCreated":"2024-10-18T22:03:55Z","datePublished":"2024-10-18T22:03:55Z","dateModified":"2024-10-18T22:03:55Z"},"rendered":"<script type=\"application\/ld+json\" class=\"wp-parsely-metadata\">{\"@context\":\"https:\\\/\\\/schema.org\",\"@type\":\"NewsArticle\",\"headline\":\"Dos atletas mueren en el Campeonato Mundial de Triatl\\u00f3n en Espa\\u00f1a\",\"url\":\"http:\\\/\\\/noticiasya.com\\\/midland-odessa\\\/2024\\\/10\\\/18\\\/mueren-dos-atletas-campeonato-mundial-triatlon-espana-trax\\\/\",\"mainEntityOfPage\":{\"@type\":\"WebPage\",\"@id\":\"http:\\\/\\\/noticiasya.com\\\/midland-odessa\\\/2024\\\/10\\\/18\\\/mueren-dos-atletas-campeonato-mundial-triatlon-espana-trax\\\/\"},\"thumbnailUrl\":\"\",\"image\":{\"@type\":\"ImageObject\",\"url\":\"\"},\"articleSection\":\"Noticias Nacionales\",\"author\":[],\"creator\":[],\"publisher\":{\"@type\":\"Organization\",\"name\":\"Noticias\",\"logo\":\"\"},\"keywords\":[],\"dateCreated\":\"2024-10-18T22:03:55Z\",\"datePublished\":\"2024-10-18T22:03:55Z\",\"dateModified\":\"2024-10-18T22:03:55Z\"}<\/script>","tracker_url":"https:\/\/cdn.parsely.com\/keys\/noticiasya.com\/p.js"},"jetpack_featured_media_url":"","jetpack-related-posts":[{"id":1451492,"url":"https:\/\/noticiasya.com\/midland-odessa\/2024\/07\/30\/olimpicos-aplazan-pruebas-triatlon-masculino-contaminacion-rio-senat-trax\/","url_meta":{"origin":1455238,"position":0},"title":"Autoridades ol\u00edmpicas aplazan pruebas de triatl\u00f3n masculino por contaminaci\u00f3n del r\u00edo Sena","author":"","date":"julio 30, 2024","format":false,"excerpt":"(CNN) -- La prueba de triatl\u00f3n individual masculino de los Juegos Ol\u00edmpicos de Par\u00eds 2024 fue aplazada debido a la mala calidad del agua del r\u00edo Sena, anunci\u00f3 este lunes el organismo rector de este deporte, el Triatl\u00f3n Mundial.Inicialmente prevista para el martes, el Triatl\u00f3n Mundial, su equipo m\u00e9dico, el\u2026","rel":"","context":"In &quot;Noticias Nacionales&quot;","block_context":{"text":"Noticias Nacionales","link":"https:\/\/noticiasya.com\/midland-odessa\/categoria\/noticias-nacionales"},"img":{"alt_text":"","src":"","width":0,"height":0},"classes":[]},{"id":1451520,"url":"https:\/\/noticiasya.com\/midland-odessa\/2024\/07\/31\/pruebas-triatlon-olimpico-rio-sena-calidad-agua-trax\/","url_meta":{"origin":1455238,"position":1},"title":"Dan luz verde al triatl\u00f3n ol\u00edmpico en el r\u00edo Sena. La calidad del agua mejor\u00f3, seg\u00fan los organizadores","author":"","date":"julio 31, 2024","format":false,"excerpt":"(CNN) -- Las competiciones de triatl\u00f3n se han puesto en marcha este mi\u00e9rcoles en Par\u00eds, despu\u00e9s de que la preocupaci\u00f3n por la calidad del agua del r\u00edo Sena obligara a aplazar la prueba masculina un d\u00eda antes.Durante la noche llovi\u00f3 m\u00e1s en Par\u00eds, pero el Triatl\u00f3n Mundial y Par\u00eds 2024\u2026","rel":"","context":"In &quot;Noticias Nacionales&quot;","block_context":{"text":"Noticias Nacionales","link":"https:\/\/noticiasya.com\/midland-odessa\/categoria\/noticias-nacionales"},"img":{"alt_text":"","src":"","width":0,"height":0},"classes":[]},{"id":1451073,"url":"https:\/\/noticiasya.com\/midland-odessa\/2024\/07\/12\/todos-atletas-mexico-juegos-olimpicos-paris-2024-orix\/","url_meta":{"origin":1455238,"position":2},"title":"Estos son todos los atletas de M\u00e9xico que competir\u00e1n en los Juegos Ol\u00edmpicos de Par\u00eds 2024","author":"","date":"julio 12, 2024","format":false,"excerpt":"(CNN Espa\u00f1ol) -- La delegaci\u00f3n mexicana que asistir\u00e1 a los Juegos Ol\u00edmpicos de Par\u00eds 2024 ya est\u00e1 lista para la justa que se llevar\u00e1 a cabo en la ciudad francesa del 24 de julio al 11 de agosto.Hasta el s\u00e1bado 6 de julio, de acuerdo con datos que el Comit\u00e9\u2026","rel":"","context":"In &quot;Noticias Nacionales&quot;","block_context":{"text":"Noticias Nacionales","link":"https:\/\/noticiasya.com\/midland-odessa\/categoria\/noticias-nacionales"},"img":{"alt_text":"","src":"","width":0,"height":0},"classes":[]},{"id":1451648,"url":"https:\/\/noticiasya.com\/midland-odessa\/2024\/08\/07\/olimpicos-sesion-entrenamiento-natacion-maraton-rio-sena-trax\/","url_meta":{"origin":1455238,"position":3},"title":"Comienza la sesi\u00f3n de entrenamiento de nataci\u00f3n del marat\u00f3n en el r\u00edo Sena","author":"","date":"agosto 7, 2024","format":false,"excerpt":"(CNN) -- Un d\u00eda despu\u00e9s de que los organizadores cancelaran una sesi\u00f3n de entrenamiento para los nadadores del marat\u00f3n de Par\u00eds 2024 en el r\u00edo Sena, los atletas fueron autorizados a entrar en el agua para entrenar en las aguas de la capital francesa.\"Los resultados de las \u00faltimas pruebas de\u2026","rel":"","context":"In &quot;Noticias Nacionales&quot;","block_context":{"text":"Noticias Nacionales","link":"https:\/\/noticiasya.com\/midland-odessa\/categoria\/noticias-nacionales"},"img":{"alt_text":"","src":"","width":0,"height":0},"classes":[]},{"id":1451272,"url":"https:\/\/noticiasya.com\/midland-odessa\/2024\/07\/19\/espana-cuantas-medallas-juegos-olimpicos-mejor-participacion-orix\/","url_meta":{"origin":1455238,"position":4},"title":"Cu\u00e1ntas medallas ha ganado Espa\u00f1a en su historia en los Juegos Ol\u00edmpicos y cu\u00e1l fue su mejor participaci\u00f3n","author":"","date":"julio 19, 2024","format":false,"excerpt":"(CNN Espa\u00f1ol) --\u00a0Espa\u00f1a ha participado en un 24 ediciones de los Juegos Ol\u00edmpicos. El pa\u00eds hizo su debut en 1900, pero no volvi\u00f3 a competir hasta 1920. Este a\u00f1o Espa\u00f1a vuelve con las pilas cargadas para demostrar que tiene atletas de gran calibre. Casi 400 espa\u00f1oles ser\u00e1n los encargados de\u2026","rel":"","context":"In &quot;Noticias Nacionales&quot;","block_context":{"text":"Noticias Nacionales","link":"https:\/\/noticiasya.com\/midland-odessa\/categoria\/noticias-nacionales"},"img":{"alt_text":"","src":"","width":0,"height":0},"classes":[]},{"id":1452244,"url":"https:\/\/noticiasya.com\/midland-odessa\/2024\/08\/28\/calendario-juegos-paralimpicos-paris-2024-competencias-cuantos-atletas-participan-orix\/","url_meta":{"origin":1455238,"position":5},"title":"Juegos Paral\u00edmpicos de Par\u00eds 2024: calendario, cu\u00e1les son las competencias y cu\u00e1ntos atletas participan","author":"","date":"agosto 28, 2024","format":false,"excerpt":"(CNN Espa\u00f1ol) -- Los Juegos Paral\u00edmpicos de Par\u00eds, que comenzaron este mi\u00e9rcoles, reunen a 4.400 atletas paral\u00edmpicos m\u00e1s destacados del mundo que competir\u00e1n en diversas disciplinas durante once d\u00edas.Esta competencia \"ofrece una oportunidad \u00fanica para centrar la atenci\u00f3n del mundo en el deporte y la discapacidad, inspirar a las personas,\u2026","rel":"","context":"In &quot;Noticias Nacionales&quot;","block_context":{"text":"Noticias Nacionales","link":"https:\/\/noticiasya.com\/midland-odessa\/categoria\/noticias-nacionales"},"img":{"alt_text":"","src":"","width":0,"height":0},"classes":[]}],"jetpack_sharing_enabled":true,"_links":{"self":[{"href":"https:\/\/noticiasya.com\/midland-odessa\/wp-json\/wp\/v2\/posts\/1455238","targetHints":{"allow":["GET"]}}],"collection":[{"href":"https:\/\/noticiasya.com\/midland-odessa\/wp-json\/wp\/v2\/posts"}],"about":[{"href":"https:\/\/noticiasya.com\/midland-odessa\/wp-json\/wp\/v2\/types\/post"}],"replies":[{"embeddable":true,"href":"https:\/\/noticiasya.com\/midland-odessa\/wp-json\/wp\/v2\/comments?post=1455238"}],"version-history":[{"count":0,"href":"https:\/\/noticiasya.com\/midland-odessa\/wp-json\/wp\/v2\/posts\/1455238\/revisions"}],"wp:attachment":[{"href":"https:\/\/noticiasya.com\/midland-odessa\/wp-json\/wp\/v2\/media?parent=1455238"}],"wp:term":[{"taxonomy":"category","embeddable":true,"href":"https:\/\/noticiasya.com\/midland-odessa\/wp-json\/wp\/v2\/categories?post=1455238"},{"taxonomy":"post_tag","embeddable":true,"href":"https:\/\/noticiasya.com\/midland-odessa\/wp-json\/wp\/v2\/tags?post=1455238"}],"curies":[{"name":"wp","href":"https:\/\/api.w.org\/{rel}","templated":true}]}}