{"id":1455248,"date":"2024-10-19T05:03:54","date_gmt":"2024-10-19T12:03:54","guid":{"rendered":"https:\/\/noticiasya.com\/2024\/10\/19\/cuba-nuevo-apagon-nacional-restaurarse-electricidad-trax\/"},"modified":"2024-10-19T05:03:54","modified_gmt":"2024-10-19T12:03:54","slug":"cuba-nuevo-apagon-nacional-restaurarse-electricidad-trax","status":"publish","type":"post","link":"https:\/\/noticiasya.com\/midland-odessa\/2024\/10\/19\/cuba-nuevo-apagon-nacional-restaurarse-electricidad-trax\/","title":{"rendered":"Cuba sufre un nuevo apag\u00f3n nacional horas despu\u00e9s de que comenzara a restaurarse la electricidad"},"content":{"rendered":"<p>(CNN) &#8212; Cuba sufri\u00f3 un segundo apag\u00f3n nacional en la ma\u00f1ana de este s\u00e1bado, horas despu\u00e9s de que las autoridades dijeran que se estaba restaurando lentamente la electricidad.<\/p>\n<p>&#171;A las 6:15 am ocurri\u00f3 un nuevo apag\u00f3n total del sistema electroenerg\u00e9tico nacional&#187;, dec\u00eda una publicaci\u00f3n en el canal oficial de Telegram de la Uni\u00f3n El\u00e9ctrica de Cuba. &#171;La Uni\u00f3n El\u00e9ctrica est\u00e1 trabajando para restablecerlo&#187;.<\/p>\n<p>Cuba experimenta un apag\u00f3n en toda la isla tras falla en planta el\u00e9ctrica<\/p>\n<p>Anteriormente, las autoridades cubanas dijeron que se hab\u00edan restaurado peque\u00f1os focos de electricidad en toda la isla, aunque no se proporcionaron cifras inmediatas de cu\u00e1ntas personas hab\u00edan recuperado su servicio.<\/p>\n<p>Algunos cubanos se quejaron en las redes sociales de que su electricidad regres\u00f3 brevemente antes de apagarse nuevamente.<\/p>\n<p>Los apagones amenazaban con sumir a la naci\u00f3n gobernada por el Partido Comunista en una crisis m\u00e1s profunda, ya que sin electricidad la gente tampoco tendr\u00eda agua corriente y los alimentos comenzar\u00edan a echarse a perder r\u00e1pidamente.<\/p>\n<p>The-CNN-Wire<br \/>&trade; &amp; &copy; 2024 Cable News Network, Inc., a Warner Bros. Discovery Company. All rights reserved.<\/p>\n","protected":false},"excerpt":{"rendered":"<p>(CNN) &#8212; Cuba sufri\u00f3 un segundo apag\u00f3n nacional en la ma\u00f1ana de este s\u00e1bado, horas despu\u00e9s de que las autoridades dijeran que se estaba restaurando lentamente la electricidad. &#171;A las 6:15 am ocurri\u00f3 un nuevo apag\u00f3n total del sistema electroenerg\u00e9tico nacional&#187;, dec\u00eda una publicaci\u00f3n en el canal oficial de Telegram de la Uni\u00f3n El\u00e9ctrica de [&hellip;]<\/p>\n","protected":false},"author":0,"featured_media":0,"comment_status":"open","ping_status":"open","sticky":false,"template":"","format":"standard","meta":{"_jetpack_memberships_contains_paid_content":false,"footnotes":""},"categories":[10],"tags":[],"class_list":["post-1455248","post","type-post","status-publish","format-standard","hentry","category-noticias-nacionales","market-global"],"yoast_head":"<!-- This site is optimized with the Yoast SEO plugin v24.4 - https:\/\/yoast.com\/wordpress\/plugins\/seo\/ -->\n<title>Cuba sufre un nuevo apag\u00f3n nacional horas despu\u00e9s de que comenzara a restaurarse la electricidad - Noticias<\/title>\n<meta name=\"robots\" content=\"index, follow, max-snippet:-1, max-image-preview:large, max-video-preview:-1\" \/>\n<link rel=\"canonical\" href=\"https:\/\/noticiasya.com\/2024\/10\/19\/cuba-nuevo-apagon-nacional-restaurarse-electricidad-trax\/\" \/>\n<meta property=\"og:locale\" content=\"es_ES\" \/>\n<meta property=\"og:type\" content=\"article\" \/>\n<meta property=\"og:title\" content=\"Cuba sufre un nuevo apag\u00f3n nacional horas despu\u00e9s de que comenzara a restaurarse la electricidad - Noticias\" \/>\n<meta property=\"og:description\" content=\"(CNN) &#8212; Cuba sufri\u00f3 un segundo apag\u00f3n nacional en la ma\u00f1ana de este s\u00e1bado, horas despu\u00e9s de que las autoridades dijeran que se estaba restaurando lentamente la electricidad. &#171;A las 6:15 am ocurri\u00f3 un nuevo apag\u00f3n total del sistema electroenerg\u00e9tico nacional&#187;, dec\u00eda una publicaci\u00f3n en el canal oficial de Telegram de la Uni\u00f3n El\u00e9ctrica de [&hellip;]\" \/>\n<meta property=\"og:url\" content=\"https:\/\/noticiasya.com\/2024\/10\/19\/cuba-nuevo-apagon-nacional-restaurarse-electricidad-trax\/\" \/>\n<meta property=\"og:site_name\" content=\"Noticias\" \/>\n<meta property=\"article:published_time\" content=\"2024-10-19T12:03:54+00:00\" \/>\n<meta name=\"twitter:card\" content=\"summary_large_image\" \/>\n<meta name=\"twitter:label1\" content=\"Est. reading time\" \/>\n\t<meta name=\"twitter:data1\" content=\"1 minuto\" \/>\n<script type=\"application\/ld+json\" class=\"yoast-schema-graph\">{\"@context\":\"https:\/\/schema.org\",\"@graph\":[{\"@type\":\"Article\",\"@id\":\"https:\/\/noticiasya.com\/2024\/10\/19\/cuba-nuevo-apagon-nacional-restaurarse-electricidad-trax\/#article\",\"isPartOf\":{\"@id\":\"https:\/\/noticiasya.com\/2024\/10\/19\/cuba-nuevo-apagon-nacional-restaurarse-electricidad-trax\/\"},\"author\":{\"name\":\"\",\"@id\":\"\"},\"headline\":\"Cuba sufre un nuevo apag\u00f3n nacional horas despu\u00e9s de que comenzara a restaurarse la electricidad\",\"datePublished\":\"2024-10-19T12:03:54+00:00\",\"mainEntityOfPage\":{\"@id\":\"https:\/\/noticiasya.com\/2024\/10\/19\/cuba-nuevo-apagon-nacional-restaurarse-electricidad-trax\/\"},\"wordCount\":216,\"commentCount\":0,\"publisher\":{\"@id\":\"https:\/\/noticiasya.com\/#organization\"},\"articleSection\":[\"Noticias Nacionales\"],\"inLanguage\":\"es\",\"potentialAction\":[{\"@type\":\"CommentAction\",\"name\":\"Comment\",\"target\":[\"https:\/\/noticiasya.com\/2024\/10\/19\/cuba-nuevo-apagon-nacional-restaurarse-electricidad-trax\/#respond\"]}]},{\"@type\":\"WebPage\",\"@id\":\"https:\/\/noticiasya.com\/2024\/10\/19\/cuba-nuevo-apagon-nacional-restaurarse-electricidad-trax\/\",\"url\":\"https:\/\/noticiasya.com\/2024\/10\/19\/cuba-nuevo-apagon-nacional-restaurarse-electricidad-trax\/\",\"name\":\"Cuba sufre un nuevo apag\u00f3n nacional horas despu\u00e9s de que comenzara a restaurarse la electricidad - Noticias\",\"isPartOf\":{\"@id\":\"https:\/\/noticiasya.com\/#website\"},\"datePublished\":\"2024-10-19T12:03:54+00:00\",\"breadcrumb\":{\"@id\":\"https:\/\/noticiasya.com\/2024\/10\/19\/cuba-nuevo-apagon-nacional-restaurarse-electricidad-trax\/#breadcrumb\"},\"inLanguage\":\"es\",\"potentialAction\":[{\"@type\":\"ReadAction\",\"target\":[\"https:\/\/noticiasya.com\/2024\/10\/19\/cuba-nuevo-apagon-nacional-restaurarse-electricidad-trax\/\"]}]},{\"@type\":\"BreadcrumbList\",\"@id\":\"https:\/\/noticiasya.com\/2024\/10\/19\/cuba-nuevo-apagon-nacional-restaurarse-electricidad-trax\/#breadcrumb\",\"itemListElement\":[{\"@type\":\"ListItem\",\"position\":1,\"name\":\"Home\",\"item\":\"https:\/\/noticiasya.com\/\"},{\"@type\":\"ListItem\",\"position\":2,\"name\":\"Cuba sufre un nuevo apag\u00f3n nacional horas despu\u00e9s de que comenzara a restaurarse la electricidad\"}]},{\"@type\":\"WebSite\",\"@id\":\"https:\/\/noticiasya.com\/#website\",\"url\":\"https:\/\/noticiasya.com\/\",\"name\":\"Noticias\",\"description\":\"Lo que importa\",\"publisher\":{\"@id\":\"https:\/\/noticiasya.com\/#organization\"},\"potentialAction\":[{\"@type\":\"SearchAction\",\"target\":{\"@type\":\"EntryPoint\",\"urlTemplate\":\"https:\/\/noticiasya.com\/?s={search_term_string}\"},\"query-input\":{\"@type\":\"PropertyValueSpecification\",\"valueRequired\":true,\"valueName\":\"search_term_string\"}}],\"inLanguage\":\"es\"},{\"@type\":\"Organization\",\"@id\":\"https:\/\/noticiasya.com\/#organization\",\"name\":\"Noticias\",\"url\":\"https:\/\/noticiasya.com\/\",\"logo\":{\"@type\":\"ImageObject\",\"inLanguage\":\"es\",\"@id\":\"https:\/\/noticiasya.com\/#\/schema\/logo\/image\/\",\"url\":\"https:\/\/noticiasya.com\/wp-content\/uploads\/sites\/22\/2023\/12\/logo-nacional.png\",\"contentUrl\":\"https:\/\/noticiasya.com\/wp-content\/uploads\/sites\/22\/2023\/12\/logo-nacional.png\",\"width\":1801,\"height\":691,\"caption\":\"Noticias\"},\"image\":{\"@id\":\"https:\/\/noticiasya.com\/#\/schema\/logo\/image\/\"}}]}<\/script>\n<!-- \/ Yoast SEO plugin. -->","yoast_head_json":{"title":"Cuba sufre un nuevo apag\u00f3n nacional horas despu\u00e9s de que comenzara a restaurarse la electricidad - Noticias","robots":{"index":"index","follow":"follow","max-snippet":"max-snippet:-1","max-image-preview":"max-image-preview:large","max-video-preview":"max-video-preview:-1"},"canonical":"https:\/\/noticiasya.com\/2024\/10\/19\/cuba-nuevo-apagon-nacional-restaurarse-electricidad-trax\/","og_locale":"es_ES","og_type":"article","og_title":"Cuba sufre un nuevo apag\u00f3n nacional horas despu\u00e9s de que comenzara a restaurarse la electricidad - Noticias","og_description":"(CNN) &#8212; Cuba sufri\u00f3 un segundo apag\u00f3n nacional en la ma\u00f1ana de este s\u00e1bado, horas despu\u00e9s de que las autoridades dijeran que se estaba restaurando lentamente la electricidad. &#171;A las 6:15 am ocurri\u00f3 un nuevo apag\u00f3n total del sistema electroenerg\u00e9tico nacional&#187;, dec\u00eda una publicaci\u00f3n en el canal oficial de Telegram de la Uni\u00f3n El\u00e9ctrica de [&hellip;]","og_url":"https:\/\/noticiasya.com\/2024\/10\/19\/cuba-nuevo-apagon-nacional-restaurarse-electricidad-trax\/","og_site_name":"Noticias","article_published_time":"2024-10-19T12:03:54+00:00","twitter_card":"summary_large_image","twitter_misc":{"Est. reading time":"1 minuto"},"schema":{"@context":"https:\/\/schema.org","@graph":[{"@type":"Article","@id":"https:\/\/noticiasya.com\/2024\/10\/19\/cuba-nuevo-apagon-nacional-restaurarse-electricidad-trax\/#article","isPartOf":{"@id":"https:\/\/noticiasya.com\/2024\/10\/19\/cuba-nuevo-apagon-nacional-restaurarse-electricidad-trax\/"},"author":{"name":"","@id":""},"headline":"Cuba sufre un nuevo apag\u00f3n nacional horas despu\u00e9s de que comenzara a restaurarse la electricidad","datePublished":"2024-10-19T12:03:54+00:00","mainEntityOfPage":{"@id":"https:\/\/noticiasya.com\/2024\/10\/19\/cuba-nuevo-apagon-nacional-restaurarse-electricidad-trax\/"},"wordCount":216,"commentCount":0,"publisher":{"@id":"https:\/\/noticiasya.com\/#organization"},"articleSection":["Noticias Nacionales"],"inLanguage":"es","potentialAction":[{"@type":"CommentAction","name":"Comment","target":["https:\/\/noticiasya.com\/2024\/10\/19\/cuba-nuevo-apagon-nacional-restaurarse-electricidad-trax\/#respond"]}]},{"@type":"WebPage","@id":"https:\/\/noticiasya.com\/2024\/10\/19\/cuba-nuevo-apagon-nacional-restaurarse-electricidad-trax\/","url":"https:\/\/noticiasya.com\/2024\/10\/19\/cuba-nuevo-apagon-nacional-restaurarse-electricidad-trax\/","name":"Cuba sufre un nuevo apag\u00f3n nacional horas despu\u00e9s de que comenzara a restaurarse la electricidad - Noticias","isPartOf":{"@id":"https:\/\/noticiasya.com\/#website"},"datePublished":"2024-10-19T12:03:54+00:00","breadcrumb":{"@id":"https:\/\/noticiasya.com\/2024\/10\/19\/cuba-nuevo-apagon-nacional-restaurarse-electricidad-trax\/#breadcrumb"},"inLanguage":"es","potentialAction":[{"@type":"ReadAction","target":["https:\/\/noticiasya.com\/2024\/10\/19\/cuba-nuevo-apagon-nacional-restaurarse-electricidad-trax\/"]}]},{"@type":"BreadcrumbList","@id":"https:\/\/noticiasya.com\/2024\/10\/19\/cuba-nuevo-apagon-nacional-restaurarse-electricidad-trax\/#breadcrumb","itemListElement":[{"@type":"ListItem","position":1,"name":"Home","item":"https:\/\/noticiasya.com\/"},{"@type":"ListItem","position":2,"name":"Cuba sufre un nuevo apag\u00f3n nacional horas despu\u00e9s de que comenzara a restaurarse la electricidad"}]},{"@type":"WebSite","@id":"https:\/\/noticiasya.com\/#website","url":"https:\/\/noticiasya.com\/","name":"Noticias","description":"Lo que importa","publisher":{"@id":"https:\/\/noticiasya.com\/#organization"},"potentialAction":[{"@type":"SearchAction","target":{"@type":"EntryPoint","urlTemplate":"https:\/\/noticiasya.com\/?s={search_term_string}"},"query-input":{"@type":"PropertyValueSpecification","valueRequired":true,"valueName":"search_term_string"}}],"inLanguage":"es"},{"@type":"Organization","@id":"https:\/\/noticiasya.com\/#organization","name":"Noticias","url":"https:\/\/noticiasya.com\/","logo":{"@type":"ImageObject","inLanguage":"es","@id":"https:\/\/noticiasya.com\/#\/schema\/logo\/image\/","url":"https:\/\/noticiasya.com\/wp-content\/uploads\/sites\/22\/2023\/12\/logo-nacional.png","contentUrl":"https:\/\/noticiasya.com\/wp-content\/uploads\/sites\/22\/2023\/12\/logo-nacional.png","width":1801,"height":691,"caption":"Noticias"},"image":{"@id":"https:\/\/noticiasya.com\/#\/schema\/logo\/image\/"}}]}},"parsely":{"version":"1.1.0","canonical_url":"https:\/\/noticiasya.com\/midland-odessa\/2024\/10\/19\/cuba-nuevo-apagon-nacional-restaurarse-electricidad-trax\/","smart_links":{"inbound":0,"outbound":0},"traffic_boost_suggestions_count":0,"meta":{"@context":"https:\/\/schema.org","@type":"NewsArticle","headline":"Cuba sufre un nuevo apag\u00f3n nacional horas despu\u00e9s de que comenzara a restaurarse la electricidad","url":"http:\/\/noticiasya.com\/midland-odessa\/2024\/10\/19\/cuba-nuevo-apagon-nacional-restaurarse-electricidad-trax\/","mainEntityOfPage":{"@type":"WebPage","@id":"http:\/\/noticiasya.com\/midland-odessa\/2024\/10\/19\/cuba-nuevo-apagon-nacional-restaurarse-electricidad-trax\/"},"thumbnailUrl":"","image":{"@type":"ImageObject","url":""},"articleSection":"Noticias Nacionales","author":[],"creator":[],"publisher":{"@type":"Organization","name":"Noticias","logo":""},"keywords":[],"dateCreated":"2024-10-19T12:03:54Z","datePublished":"2024-10-19T12:03:54Z","dateModified":"2024-10-19T12:03:54Z"},"rendered":"<script type=\"application\/ld+json\" class=\"wp-parsely-metadata\">{\"@context\":\"https:\\\/\\\/schema.org\",\"@type\":\"NewsArticle\",\"headline\":\"Cuba sufre un nuevo apag\\u00f3n nacional horas despu\\u00e9s de que comenzara a restaurarse la electricidad\",\"url\":\"http:\\\/\\\/noticiasya.com\\\/midland-odessa\\\/2024\\\/10\\\/19\\\/cuba-nuevo-apagon-nacional-restaurarse-electricidad-trax\\\/\",\"mainEntityOfPage\":{\"@type\":\"WebPage\",\"@id\":\"http:\\\/\\\/noticiasya.com\\\/midland-odessa\\\/2024\\\/10\\\/19\\\/cuba-nuevo-apagon-nacional-restaurarse-electricidad-trax\\\/\"},\"thumbnailUrl\":\"\",\"image\":{\"@type\":\"ImageObject\",\"url\":\"\"},\"articleSection\":\"Noticias Nacionales\",\"author\":[],\"creator\":[],\"publisher\":{\"@type\":\"Organization\",\"name\":\"Noticias\",\"logo\":\"\"},\"keywords\":[],\"dateCreated\":\"2024-10-19T12:03:54Z\",\"datePublished\":\"2024-10-19T12:03:54Z\",\"dateModified\":\"2024-10-19T12:03:54Z\"}<\/script>","tracker_url":"https:\/\/cdn.parsely.com\/keys\/noticiasya.com\/p.js"},"jetpack_featured_media_url":"","jetpack-related-posts":[{"id":1455222,"url":"https:\/\/noticiasya.com\/midland-odessa\/2024\/10\/18\/cuba-apagon-toda-la-isla-fallo-planta-electrica-trax\/","url_meta":{"origin":1455248,"position":0},"title":"Cuba experimenta un apag\u00f3n en toda la isla tras falla en planta el\u00e9ctrica","author":"","date":"octubre 18, 2024","format":false,"excerpt":"(CNN) --\u00a0La red el\u00e9ctrica de Cuba sufri\u00f3 un apag\u00f3n este viernes, dejando al pa\u00eds a oscuras tras \"la falla\" de una de las principales plantas de energ\u00eda de la isla, seg\u00fan su ministerio de energ\u00eda.En un comunicado en X, el ministerio dijo que \"la falla\" de la Central Termoel\u00e9ctrica Antonio\u2026","rel":"","context":"In &quot;Noticias Nacionales&quot;","block_context":{"text":"Noticias Nacionales","link":"https:\/\/noticiasya.com\/midland-odessa\/categoria\/noticias-nacionales"},"img":{"alt_text":"","src":"","width":0,"height":0},"classes":[]},{"id":1466329,"url":"https:\/\/noticiasya.com\/midland-odessa\/2025\/09\/10\/cuba-apagon-cuarto-orix\/","url_meta":{"origin":1455248,"position":1},"title":"Cuba sufre un nuevo apag\u00f3n en todo el pa\u00eds, el cuarto en menos de un a\u00f1o","author":"","date":"septiembre 10, 2025","format":false,"excerpt":"Cuba sufri\u00f3 este mi\u00e9rcoles un nuevo apag\u00f3n en todo el pa\u00eds, seg\u00fan inform\u00f3 en redes sociales la estatal Uni\u00f3n El\u00e9ctrica (UNE). Es el cuarto a nivel nacional en menos de un a\u00f1o.El corte el\u00e9ctrico general ocurri\u00f3 a las 9:14 a.m. hora local.\u201cSe ha producido una desconexi\u00f3n total del Sistema El\u00e9ctrico,\u2026","rel":"","context":"In &quot;Noticias Nacionales&quot;","block_context":{"text":"Noticias Nacionales","link":"https:\/\/noticiasya.com\/midland-odessa\/categoria\/noticias-nacionales"},"img":{"alt_text":"","src":"","width":0,"height":0},"classes":[]},{"id":1472433,"url":"https:\/\/noticiasya.com\/midland-odessa\/2026\/03\/21\/cuba-segundo-apagon-nacional-una-semana-trax\/","url_meta":{"origin":1455248,"position":2},"title":"Cuba anuncia segundo apag\u00f3n nacional en menos de una semana","author":"","date":"marzo 21, 2026","format":false,"excerpt":"El Ministerio de Energ\u00eda y Minas de Cuba anunci\u00f3 este s\u00e1bado que toda la isla ha sufrido otro apag\u00f3n el\u00e9ctrico.\u201cSe ha producido una desconexi\u00f3n total del Sistema El\u00e9ctrico Nacional\u201d, dijo el Ministerio en una publicaci\u00f3n en X. \u201cYa comienzan a implementarse los protocolos para el restablecimiento\u201d.Esto ocurre solo d\u00edas despu\u00e9s\u2026","rel":"","context":"In &quot;Noticias Nacionales&quot;","block_context":{"text":"Noticias Nacionales","link":"https:\/\/noticiasya.com\/midland-odessa\/categoria\/noticias-nacionales"},"img":{"alt_text":"","src":"","width":0,"height":0},"classes":[]},{"id":1461305,"url":"https:\/\/noticiasya.com\/midland-odessa\/2025\/04\/17\/puerto-rico-se-sin-electricidad-fallo-planta-electrica-reux\/","url_meta":{"origin":1455248,"position":3},"title":"Casi la mitad de los residentes de Puerto Rico recuperan la electricidad tras apag\u00f3n masivo","author":"","date":"abril 17, 2025","format":false,"excerpt":"Un apag\u00f3n masivo afect\u00f3 a Puerto Rico este mi\u00e9rcoles y mantiene a gran parte de los residentes de la isla sin el servicio de electricidad.\u201cVamos a partir de las premisas correctas. Hubo un apag\u00f3n general en Puerto Rico por una falla en la transmisi\u00f3n. A este momento solamente se ha\u2026","rel":"","context":"In &quot;Noticias Nacionales&quot;","block_context":{"text":"Noticias Nacionales","link":"https:\/\/noticiasya.com\/midland-odessa\/categoria\/noticias-nacionales"},"img":{"alt_text":"","src":"","width":0,"height":0},"classes":[]},{"id":1455668,"url":"https:\/\/noticiasya.com\/midland-odessa\/2024\/11\/08\/rescate-cuba-huracan-rafael-electricidad-trax\/","url_meta":{"origin":1455248,"position":4},"title":"Se restablece la energ\u00eda en partes de Cuba tras apag\u00f3n nacional debido al hurac\u00e1n Rafael","author":"","date":"noviembre 8, 2024","format":false,"excerpt":"(CNN) -- La energ\u00eda fue restablecida en algunas \u00e1reas de Cuba despu\u00e9s de que el hurac\u00e1n Rafael azotara la isla el mi\u00e9rcoles, causando un apag\u00f3n nacional.Dos plantas el\u00e9ctricas han sido parcialmente restauradas y \u00e1reas en el este y centro de Cuba, junto con partes de la muy afectada Pinar del\u2026","rel":"","context":"In &quot;Noticias Nacionales&quot;","block_context":{"text":"Noticias Nacionales","link":"https:\/\/noticiasya.com\/midland-odessa\/categoria\/noticias-nacionales"},"img":{"alt_text":"","src":"","width":0,"height":0},"classes":[]},{"id":1472445,"url":"https:\/\/noticiasya.com\/midland-odessa\/2026\/03\/22\/cuba-recuperar-suministro-electrico-apagon-orix\/","url_meta":{"origin":1455248,"position":5},"title":"Cuba inicia labores para recuperar el suministro el\u00e9ctrico tras un nuevo apag\u00f3n total","author":"","date":"marzo 22, 2026","format":false,"excerpt":"Las autoridades de Cuba informaron este domingo el inicio de labores para restablecer el suministro el\u00e9ctrico, que sufri\u00f3 un colapso el s\u00e1bado por segunda vez en una semana, en medio de un bloqueo petrolero estadounidense.La red el\u00e9ctrica sufri\u00f3 \u201cuna desconexi\u00f3n total\u201d por un problema en la Unidad n\u00famero 6 de\u2026","rel":"","context":"In &quot;Noticias Nacionales&quot;","block_context":{"text":"Noticias Nacionales","link":"https:\/\/noticiasya.com\/midland-odessa\/categoria\/noticias-nacionales"},"img":{"alt_text":"","src":"","width":0,"height":0},"classes":[]}],"jetpack_sharing_enabled":true,"_links":{"self":[{"href":"https:\/\/noticiasya.com\/midland-odessa\/wp-json\/wp\/v2\/posts\/1455248","targetHints":{"allow":["GET"]}}],"collection":[{"href":"https:\/\/noticiasya.com\/midland-odessa\/wp-json\/wp\/v2\/posts"}],"about":[{"href":"https:\/\/noticiasya.com\/midland-odessa\/wp-json\/wp\/v2\/types\/post"}],"replies":[{"embeddable":true,"href":"https:\/\/noticiasya.com\/midland-odessa\/wp-json\/wp\/v2\/comments?post=1455248"}],"version-history":[{"count":0,"href":"https:\/\/noticiasya.com\/midland-odessa\/wp-json\/wp\/v2\/posts\/1455248\/revisions"}],"wp:attachment":[{"href":"https:\/\/noticiasya.com\/midland-odessa\/wp-json\/wp\/v2\/media?parent=1455248"}],"wp:term":[{"taxonomy":"category","embeddable":true,"href":"https:\/\/noticiasya.com\/midland-odessa\/wp-json\/wp\/v2\/categories?post=1455248"},{"taxonomy":"post_tag","embeddable":true,"href":"https:\/\/noticiasya.com\/midland-odessa\/wp-json\/wp\/v2\/tags?post=1455248"}],"curies":[{"name":"wp","href":"https:\/\/api.w.org\/{rel}","templated":true}]}}