{"id":1455252,"date":"2024-10-19T11:03:41","date_gmt":"2024-10-19T18:03:41","guid":{"rendered":"https:\/\/noticiasya.com\/2024\/10\/19\/ordenan-arresto-domiciliario-periodista-jose-ruben-zamora-guatemala-orix\/"},"modified":"2024-10-19T11:03:41","modified_gmt":"2024-10-19T18:03:41","slug":"ordenan-arresto-domiciliario-periodista-jose-ruben-zamora-guatemala-orix","status":"publish","type":"post","link":"https:\/\/noticiasya.com\/midland-odessa\/2024\/10\/19\/ordenan-arresto-domiciliario-periodista-jose-ruben-zamora-guatemala-orix\/","title":{"rendered":"Ordenan arresto domiciliario en segundo caso contra el periodista Jos\u00e9 Rub\u00e9n Zamora en Guatemala"},"content":{"rendered":"<p>(CNN Espa\u00f1ol) &#8212;\u00a0 Un tribunal de Guatemala orden\u00f3 este viernes que el periodista y empresario Jos\u00e9 Rub\u00e9n Zamora contin\u00fae bajo arresto domiciliario el proceso penal por supuesta obstrucci\u00f3n de la justicia, ya que el tiempo en prisi\u00f3n ha excedido los plazos que establece la ley para que una persona sea declarada culpable o inocente, dijo el juez Erick Daniel Garc\u00eda.<\/p>\n<p>El tribunal ordena que Zamora debe presentarse cada ocho d\u00edas a control biom\u00e9trico y nombrar a una persona ofrecida por la defensa como garante de que se presentar\u00e1 a las diligencias que a\u00fan est\u00e1n pendientes en dos procesos penales. Por la misma medida, el periodista no puede salir del pa\u00eds ni comunicarse con personas vinculadas al proceso.<\/p>\n<p>Zamora fue detenido en julio de 2022 y posteriormente, en junio de 2023, un tribunal lo conden\u00f3 a seis a\u00f1os de prisi\u00f3n por lavado de dinero y le impuso una multa de poco m\u00e1s de US$ 38.000 por supuestamente intentar introducir al sistema financiero una suma similar sin justificar su origen. Esa condena fue anulada en octubre de 2023 por una Corte de Apelaciones que orden\u00f3 repetir el juicio, diligencia para la cual a\u00fan no hay fecha.<\/p>\n<p>ONU alerta sobre las condiciones de detenci\u00f3n del periodista Jos\u00e9 Rub\u00e9n Zamora en Guatemala<\/p>\n<p>A solicitud de la defensa, que argument\u00f3 que a ra\u00edz de este caso Zamora se vio obligado a cerrar El Peri\u00f3dico, el tribunal no impuso cauci\u00f3n econ\u00f3mica al periodista en la audiencia de este viernes. Tras conocer el fallo, Zamora se mostr\u00f3 satisfecho. \u201cLos veo pronto\u201d, dijo a un grupo de reporteros ante la posibilidad de reunirse con su familia en los pr\u00f3ximos d\u00edas.<\/p>\n<p>Zamora no recuperar\u00e1 su libertad a\u00fan, ya que debe esperar a que el Tribunal notifique al centro penal del fallo emitido este viernes. Adem\u00e1s, el Ministerio P\u00fablico todav\u00eda tiene la posibilidad de interponer un recurso contra este fallo.<\/p>\n<p>De hecho, la Fiscal\u00eda Especial Contra la Impunidad, FECI, no estuvo de acuerdo con la libertad de Zamora y adelant\u00f3 durante la audiencia que hay otra investigaci\u00f3n en curso contra del periodista.<br \/>\nReacciones<\/p>\n<p>Una vez conocido el fallo, las reacciones fueron inmediatas. El presidente de Guatemala, Bernardo Ar\u00e9valo, aplaudi\u00f3 la decisi\u00f3n. \u201cZamora vuelve a casa. La justicia comienza a llegar, el ciclo oscuro va a terminar\u201d, escribi\u00f3 en su cuenta de X el mandatario guatemalteco, quien mantiene un largo enfrentamiento con la fiscal general, Consuelo Porras.<\/p>\n<p>Por su parte, Amnist\u00eda Internacional, organizaci\u00f3n que ha dado seguimiento al caso, pidi\u00f3 en su cuenta de X que las autoridades de Guatemala pongan fin inmediato \u201cal uso indebido de la justicia penal para para hostigar, intimidar y castigar a periodistas, personas defensoras de derechos humanos, jueces y fiscales\u201d.<\/p>\n<p>Organizaciones piden &#171;las garant\u00edas del debido proceso&#187;<\/p>\n<p>Este jueves, antes de la audiencia de revisi\u00f3n de medidas, unas 19 organizaciones internacionales pidieron que se \u201crespeten todas las garant\u00edas del debido proceso\u201d en el caso.<\/p>\n<p>Las organizaciones, entre las que se encuentran Amnist\u00eda Internacional y el Centro por la Justicia y el Derecho Internacional, han expresado su \u201cprofunda preocupaci\u00f3n\u201d por lo que consideran violaciones a los derechos humanos del galardonado periodista, fundador de El Peri\u00f3dico, un diario que cerr\u00f3 sus operaciones el 15 de mayo de 2023.<\/p>\n<p>De acuerdo con un comunicado difundido por Amnist\u00eda Internacional, estas organizaciones consideran que con la &#171;persecuci\u00f3n penal&#187; en contra de Zamora se atenta &#171;contra la libertad de expresi\u00f3n&#187; con el fin de &#171;acallar las voces cr\u00edticas en el pa\u00eds&#187;.<\/p>\n<p>The-CNN-Wire<br \/>&trade; &amp; &copy; 2024 Cable News Network, Inc., a Warner Bros. Discovery Company. All rights reserved.<\/p>\n","protected":false},"excerpt":{"rendered":"<p>(CNN Espa\u00f1ol) &#8212;\u00a0 Un tribunal de Guatemala orden\u00f3 este viernes que el periodista y empresario Jos\u00e9 Rub\u00e9n Zamora contin\u00fae bajo arresto domiciliario el proceso penal por supuesta obstrucci\u00f3n de la justicia, ya que el tiempo en prisi\u00f3n ha excedido los plazos que establece la ley para que una persona sea declarada culpable o inocente, dijo [&hellip;]<\/p>\n","protected":false},"author":0,"featured_media":0,"comment_status":"open","ping_status":"open","sticky":false,"template":"","format":"standard","meta":{"_jetpack_memberships_contains_paid_content":false,"footnotes":""},"categories":[10],"tags":[],"class_list":["post-1455252","post","type-post","status-publish","format-standard","hentry","category-noticias-nacionales","market-global"],"yoast_head":"<!-- This site is optimized with the Yoast SEO plugin v24.4 - https:\/\/yoast.com\/wordpress\/plugins\/seo\/ -->\n<title>Ordenan arresto domiciliario en segundo caso contra el periodista Jos\u00e9 Rub\u00e9n Zamora en Guatemala - Noticias<\/title>\n<meta name=\"robots\" content=\"index, follow, max-snippet:-1, max-image-preview:large, max-video-preview:-1\" \/>\n<link rel=\"canonical\" href=\"https:\/\/noticiasya.com\/2024\/10\/19\/ordenan-arresto-domiciliario-periodista-jose-ruben-zamora-guatemala-orix\/\" \/>\n<meta property=\"og:locale\" content=\"es_ES\" \/>\n<meta property=\"og:type\" content=\"article\" \/>\n<meta property=\"og:title\" content=\"Ordenan arresto domiciliario en segundo caso contra el periodista Jos\u00e9 Rub\u00e9n Zamora en Guatemala - Noticias\" \/>\n<meta property=\"og:description\" content=\"(CNN Espa\u00f1ol) &#8212;\u00a0 Un tribunal de Guatemala orden\u00f3 este viernes que el periodista y empresario Jos\u00e9 Rub\u00e9n Zamora contin\u00fae bajo arresto domiciliario el proceso penal por supuesta obstrucci\u00f3n de la justicia, ya que el tiempo en prisi\u00f3n ha excedido los plazos que establece la ley para que una persona sea declarada culpable o inocente, dijo [&hellip;]\" \/>\n<meta property=\"og:url\" content=\"https:\/\/noticiasya.com\/2024\/10\/19\/ordenan-arresto-domiciliario-periodista-jose-ruben-zamora-guatemala-orix\/\" \/>\n<meta property=\"og:site_name\" content=\"Noticias\" \/>\n<meta property=\"article:published_time\" content=\"2024-10-19T18:03:41+00:00\" \/>\n<meta name=\"twitter:card\" content=\"summary_large_image\" \/>\n<meta name=\"twitter:label1\" content=\"Est. reading time\" \/>\n\t<meta name=\"twitter:data1\" content=\"3 minutos\" \/>\n<script type=\"application\/ld+json\" class=\"yoast-schema-graph\">{\"@context\":\"https:\/\/schema.org\",\"@graph\":[{\"@type\":\"Article\",\"@id\":\"https:\/\/noticiasya.com\/2024\/10\/19\/ordenan-arresto-domiciliario-periodista-jose-ruben-zamora-guatemala-orix\/#article\",\"isPartOf\":{\"@id\":\"https:\/\/noticiasya.com\/2024\/10\/19\/ordenan-arresto-domiciliario-periodista-jose-ruben-zamora-guatemala-orix\/\"},\"author\":{\"name\":\"\",\"@id\":\"\"},\"headline\":\"Ordenan arresto domiciliario en segundo caso contra el periodista Jos\u00e9 Rub\u00e9n Zamora en Guatemala\",\"datePublished\":\"2024-10-19T18:03:41+00:00\",\"mainEntityOfPage\":{\"@id\":\"https:\/\/noticiasya.com\/2024\/10\/19\/ordenan-arresto-domiciliario-periodista-jose-ruben-zamora-guatemala-orix\/\"},\"wordCount\":638,\"commentCount\":0,\"publisher\":{\"@id\":\"https:\/\/noticiasya.com\/#organization\"},\"articleSection\":[\"Noticias Nacionales\"],\"inLanguage\":\"es\",\"potentialAction\":[{\"@type\":\"CommentAction\",\"name\":\"Comment\",\"target\":[\"https:\/\/noticiasya.com\/2024\/10\/19\/ordenan-arresto-domiciliario-periodista-jose-ruben-zamora-guatemala-orix\/#respond\"]}]},{\"@type\":\"WebPage\",\"@id\":\"https:\/\/noticiasya.com\/2024\/10\/19\/ordenan-arresto-domiciliario-periodista-jose-ruben-zamora-guatemala-orix\/\",\"url\":\"https:\/\/noticiasya.com\/2024\/10\/19\/ordenan-arresto-domiciliario-periodista-jose-ruben-zamora-guatemala-orix\/\",\"name\":\"Ordenan arresto domiciliario en segundo caso contra el periodista Jos\u00e9 Rub\u00e9n Zamora en Guatemala - Noticias\",\"isPartOf\":{\"@id\":\"https:\/\/noticiasya.com\/#website\"},\"datePublished\":\"2024-10-19T18:03:41+00:00\",\"breadcrumb\":{\"@id\":\"https:\/\/noticiasya.com\/2024\/10\/19\/ordenan-arresto-domiciliario-periodista-jose-ruben-zamora-guatemala-orix\/#breadcrumb\"},\"inLanguage\":\"es\",\"potentialAction\":[{\"@type\":\"ReadAction\",\"target\":[\"https:\/\/noticiasya.com\/2024\/10\/19\/ordenan-arresto-domiciliario-periodista-jose-ruben-zamora-guatemala-orix\/\"]}]},{\"@type\":\"BreadcrumbList\",\"@id\":\"https:\/\/noticiasya.com\/2024\/10\/19\/ordenan-arresto-domiciliario-periodista-jose-ruben-zamora-guatemala-orix\/#breadcrumb\",\"itemListElement\":[{\"@type\":\"ListItem\",\"position\":1,\"name\":\"Home\",\"item\":\"https:\/\/noticiasya.com\/\"},{\"@type\":\"ListItem\",\"position\":2,\"name\":\"Ordenan arresto domiciliario en segundo caso contra el periodista Jos\u00e9 Rub\u00e9n Zamora en Guatemala\"}]},{\"@type\":\"WebSite\",\"@id\":\"https:\/\/noticiasya.com\/#website\",\"url\":\"https:\/\/noticiasya.com\/\",\"name\":\"Noticias\",\"description\":\"Lo que importa\",\"publisher\":{\"@id\":\"https:\/\/noticiasya.com\/#organization\"},\"potentialAction\":[{\"@type\":\"SearchAction\",\"target\":{\"@type\":\"EntryPoint\",\"urlTemplate\":\"https:\/\/noticiasya.com\/?s={search_term_string}\"},\"query-input\":{\"@type\":\"PropertyValueSpecification\",\"valueRequired\":true,\"valueName\":\"search_term_string\"}}],\"inLanguage\":\"es\"},{\"@type\":\"Organization\",\"@id\":\"https:\/\/noticiasya.com\/#organization\",\"name\":\"Noticias\",\"url\":\"https:\/\/noticiasya.com\/\",\"logo\":{\"@type\":\"ImageObject\",\"inLanguage\":\"es\",\"@id\":\"https:\/\/noticiasya.com\/#\/schema\/logo\/image\/\",\"url\":\"https:\/\/noticiasya.com\/wp-content\/uploads\/sites\/22\/2023\/12\/logo-nacional.png\",\"contentUrl\":\"https:\/\/noticiasya.com\/wp-content\/uploads\/sites\/22\/2023\/12\/logo-nacional.png\",\"width\":1801,\"height\":691,\"caption\":\"Noticias\"},\"image\":{\"@id\":\"https:\/\/noticiasya.com\/#\/schema\/logo\/image\/\"}}]}<\/script>\n<!-- \/ Yoast SEO plugin. -->","yoast_head_json":{"title":"Ordenan arresto domiciliario en segundo caso contra el periodista Jos\u00e9 Rub\u00e9n Zamora en Guatemala - Noticias","robots":{"index":"index","follow":"follow","max-snippet":"max-snippet:-1","max-image-preview":"max-image-preview:large","max-video-preview":"max-video-preview:-1"},"canonical":"https:\/\/noticiasya.com\/2024\/10\/19\/ordenan-arresto-domiciliario-periodista-jose-ruben-zamora-guatemala-orix\/","og_locale":"es_ES","og_type":"article","og_title":"Ordenan arresto domiciliario en segundo caso contra el periodista Jos\u00e9 Rub\u00e9n Zamora en Guatemala - Noticias","og_description":"(CNN Espa\u00f1ol) &#8212;\u00a0 Un tribunal de Guatemala orden\u00f3 este viernes que el periodista y empresario Jos\u00e9 Rub\u00e9n Zamora contin\u00fae bajo arresto domiciliario el proceso penal por supuesta obstrucci\u00f3n de la justicia, ya que el tiempo en prisi\u00f3n ha excedido los plazos que establece la ley para que una persona sea declarada culpable o inocente, dijo [&hellip;]","og_url":"https:\/\/noticiasya.com\/2024\/10\/19\/ordenan-arresto-domiciliario-periodista-jose-ruben-zamora-guatemala-orix\/","og_site_name":"Noticias","article_published_time":"2024-10-19T18:03:41+00:00","twitter_card":"summary_large_image","twitter_misc":{"Est. reading time":"3 minutos"},"schema":{"@context":"https:\/\/schema.org","@graph":[{"@type":"Article","@id":"https:\/\/noticiasya.com\/2024\/10\/19\/ordenan-arresto-domiciliario-periodista-jose-ruben-zamora-guatemala-orix\/#article","isPartOf":{"@id":"https:\/\/noticiasya.com\/2024\/10\/19\/ordenan-arresto-domiciliario-periodista-jose-ruben-zamora-guatemala-orix\/"},"author":{"name":"","@id":""},"headline":"Ordenan arresto domiciliario en segundo caso contra el periodista Jos\u00e9 Rub\u00e9n Zamora en Guatemala","datePublished":"2024-10-19T18:03:41+00:00","mainEntityOfPage":{"@id":"https:\/\/noticiasya.com\/2024\/10\/19\/ordenan-arresto-domiciliario-periodista-jose-ruben-zamora-guatemala-orix\/"},"wordCount":638,"commentCount":0,"publisher":{"@id":"https:\/\/noticiasya.com\/#organization"},"articleSection":["Noticias Nacionales"],"inLanguage":"es","potentialAction":[{"@type":"CommentAction","name":"Comment","target":["https:\/\/noticiasya.com\/2024\/10\/19\/ordenan-arresto-domiciliario-periodista-jose-ruben-zamora-guatemala-orix\/#respond"]}]},{"@type":"WebPage","@id":"https:\/\/noticiasya.com\/2024\/10\/19\/ordenan-arresto-domiciliario-periodista-jose-ruben-zamora-guatemala-orix\/","url":"https:\/\/noticiasya.com\/2024\/10\/19\/ordenan-arresto-domiciliario-periodista-jose-ruben-zamora-guatemala-orix\/","name":"Ordenan arresto domiciliario en segundo caso contra el periodista Jos\u00e9 Rub\u00e9n Zamora en Guatemala - Noticias","isPartOf":{"@id":"https:\/\/noticiasya.com\/#website"},"datePublished":"2024-10-19T18:03:41+00:00","breadcrumb":{"@id":"https:\/\/noticiasya.com\/2024\/10\/19\/ordenan-arresto-domiciliario-periodista-jose-ruben-zamora-guatemala-orix\/#breadcrumb"},"inLanguage":"es","potentialAction":[{"@type":"ReadAction","target":["https:\/\/noticiasya.com\/2024\/10\/19\/ordenan-arresto-domiciliario-periodista-jose-ruben-zamora-guatemala-orix\/"]}]},{"@type":"BreadcrumbList","@id":"https:\/\/noticiasya.com\/2024\/10\/19\/ordenan-arresto-domiciliario-periodista-jose-ruben-zamora-guatemala-orix\/#breadcrumb","itemListElement":[{"@type":"ListItem","position":1,"name":"Home","item":"https:\/\/noticiasya.com\/"},{"@type":"ListItem","position":2,"name":"Ordenan arresto domiciliario en segundo caso contra el periodista Jos\u00e9 Rub\u00e9n Zamora en Guatemala"}]},{"@type":"WebSite","@id":"https:\/\/noticiasya.com\/#website","url":"https:\/\/noticiasya.com\/","name":"Noticias","description":"Lo que importa","publisher":{"@id":"https:\/\/noticiasya.com\/#organization"},"potentialAction":[{"@type":"SearchAction","target":{"@type":"EntryPoint","urlTemplate":"https:\/\/noticiasya.com\/?s={search_term_string}"},"query-input":{"@type":"PropertyValueSpecification","valueRequired":true,"valueName":"search_term_string"}}],"inLanguage":"es"},{"@type":"Organization","@id":"https:\/\/noticiasya.com\/#organization","name":"Noticias","url":"https:\/\/noticiasya.com\/","logo":{"@type":"ImageObject","inLanguage":"es","@id":"https:\/\/noticiasya.com\/#\/schema\/logo\/image\/","url":"https:\/\/noticiasya.com\/wp-content\/uploads\/sites\/22\/2023\/12\/logo-nacional.png","contentUrl":"https:\/\/noticiasya.com\/wp-content\/uploads\/sites\/22\/2023\/12\/logo-nacional.png","width":1801,"height":691,"caption":"Noticias"},"image":{"@id":"https:\/\/noticiasya.com\/#\/schema\/logo\/image\/"}}]}},"parsely":{"version":"1.1.0","canonical_url":"https:\/\/noticiasya.com\/midland-odessa\/2024\/10\/19\/ordenan-arresto-domiciliario-periodista-jose-ruben-zamora-guatemala-orix\/","smart_links":{"inbound":0,"outbound":0},"traffic_boost_suggestions_count":0,"meta":{"@context":"https:\/\/schema.org","@type":"NewsArticle","headline":"Ordenan arresto domiciliario en segundo caso contra el periodista Jos\u00e9 Rub\u00e9n Zamora en Guatemala","url":"http:\/\/noticiasya.com\/midland-odessa\/2024\/10\/19\/ordenan-arresto-domiciliario-periodista-jose-ruben-zamora-guatemala-orix\/","mainEntityOfPage":{"@type":"WebPage","@id":"http:\/\/noticiasya.com\/midland-odessa\/2024\/10\/19\/ordenan-arresto-domiciliario-periodista-jose-ruben-zamora-guatemala-orix\/"},"thumbnailUrl":"","image":{"@type":"ImageObject","url":""},"articleSection":"Noticias Nacionales","author":[],"creator":[],"publisher":{"@type":"Organization","name":"Noticias","logo":""},"keywords":[],"dateCreated":"2024-10-19T18:03:41Z","datePublished":"2024-10-19T18:03:41Z","dateModified":"2024-10-19T18:03:41Z"},"rendered":"<script type=\"application\/ld+json\" class=\"wp-parsely-metadata\">{\"@context\":\"https:\\\/\\\/schema.org\",\"@type\":\"NewsArticle\",\"headline\":\"Ordenan arresto domiciliario en segundo caso contra el periodista Jos\\u00e9 Rub\\u00e9n Zamora en Guatemala\",\"url\":\"http:\\\/\\\/noticiasya.com\\\/midland-odessa\\\/2024\\\/10\\\/19\\\/ordenan-arresto-domiciliario-periodista-jose-ruben-zamora-guatemala-orix\\\/\",\"mainEntityOfPage\":{\"@type\":\"WebPage\",\"@id\":\"http:\\\/\\\/noticiasya.com\\\/midland-odessa\\\/2024\\\/10\\\/19\\\/ordenan-arresto-domiciliario-periodista-jose-ruben-zamora-guatemala-orix\\\/\"},\"thumbnailUrl\":\"\",\"image\":{\"@type\":\"ImageObject\",\"url\":\"\"},\"articleSection\":\"Noticias Nacionales\",\"author\":[],\"creator\":[],\"publisher\":{\"@type\":\"Organization\",\"name\":\"Noticias\",\"logo\":\"\"},\"keywords\":[],\"dateCreated\":\"2024-10-19T18:03:41Z\",\"datePublished\":\"2024-10-19T18:03:41Z\",\"dateModified\":\"2024-10-19T18:03:41Z\"}<\/script>","tracker_url":"https:\/\/cdn.parsely.com\/keys\/noticiasya.com\/p.js"},"jetpack_featured_media_url":"","jetpack-related-posts":[{"id":1455860,"url":"https:\/\/noticiasya.com\/midland-odessa\/2024\/11\/15\/tribunal-ordena-jose-ruben-zamora-regrese-a-prision-guatemala-orix\/","url_meta":{"origin":1455252,"position":0},"title":"Tribunal ordena que el periodista Jos\u00e9 Rub\u00e9n Zamora regrese a prisi\u00f3n en Guatemala","author":"","date":"noviembre 15, 2024","format":false,"excerpt":"(CNN Espa\u00f1ol) -- Una Sala de Apelaciones de Guatemala revoc\u00f3 la medida de arresto domiciliario que ten\u00eda el periodista Jos\u00e9 Rub\u00e9n Zamora desde octubre pasado, seg\u00fan el fallo divulgado este viernes por Ricardo M\u00e9ndez Ruiz, presidente de la Fundaci\u00f3n contra el Terrorismo, agrupaci\u00f3n que es parte del proceso como acusador\u2026","rel":"","context":"In &quot;Noticias Nacionales&quot;","block_context":{"text":"Noticias Nacionales","link":"https:\/\/noticiasya.com\/midland-odessa\/categoria\/noticias-nacionales"},"img":{"alt_text":"","src":"","width":0,"height":0},"classes":[]},{"id":1452248,"url":"https:\/\/noticiasya.com\/midland-odessa\/2024\/08\/28\/onu-condiciones-detencion-periodista-zamora-guatemala-orix\/","url_meta":{"origin":1455252,"position":1},"title":"ONU alerta sobre las condiciones de detenci\u00f3n del periodista Jos\u00e9 Rub\u00e9n Zamora en Guatemala","author":"","date":"agosto 28, 2024","format":false,"excerpt":"(CNN Espa\u00f1ol) \u2013\u2013 Miembros del Consejo de Derechos Humanos de la Organizaci\u00f3n de las Naciones Unidas alertaron este mi\u00e9rcoles sobre las \"terribles condiciones\" en las que se encuentra detenido el periodista y empresario Jos\u00e9 Rub\u00e9n Zamora en Guatemala.Zamora fue detenido en julio de 2022 y posteriormente fue condenado en junio\u2026","rel":"","context":"In &quot;Noticias Nacionales&quot;","block_context":{"text":"Noticias Nacionales","link":"https:\/\/noticiasya.com\/midland-odessa\/categoria\/noticias-nacionales"},"img":{"alt_text":"","src":"","width":0,"height":0},"classes":[]},{"id":1467158,"url":"https:\/\/noticiasya.com\/midland-odessa\/2025\/10\/06\/corte-suprema-guatemala-anula-condena-jose-ruben-zamora-orix\/","url_meta":{"origin":1455252,"position":2},"title":"Corte Suprema de Guatemala anula condena a Jos\u00e9 Rub\u00e9n Zamora por lavado de dinero y ordena repetir juicio","author":"","date":"octubre 6, 2025","format":false,"excerpt":"La C\u00e1mara Penal de la Corte Suprema de Justicia (CSJ) anul\u00f3 la condena impuesta en junio de 2023 contra el periodista Jos\u00e9 Rub\u00e9n Zamora, acusado de lavado de dinero, y orden\u00f3 que se realice un nuevo juicio. En su resoluci\u00f3n, el tribunal se\u00f1ala que la Corte de Apelaciones no resolvi\u00f3\u2026","rel":"","context":"In &quot;Noticias Nacionales&quot;","block_context":{"text":"Noticias Nacionales","link":"https:\/\/noticiasya.com\/midland-odessa\/categoria\/noticias-nacionales"},"img":{"alt_text":"","src":"","width":0,"height":0},"classes":[]},{"id":1461866,"url":"https:\/\/noticiasya.com\/midland-odessa\/2025\/05\/01\/arresto-domiciliario-fernando-collor-mello-expresidente-brasil-corrupcion-lavado-orix\/","url_meta":{"origin":1455252,"position":3},"title":"Conceden arresto domiciliario a Fernando Collor de Mello, expresidente de Brasil condenado por corrupci\u00f3n y lavado de activos","author":"","date":"mayo 1, 2025","format":false,"excerpt":"El expresidente de Brasil, Fernando Collor de Mello, condenado a ocho a\u00f1os y 10 meses de prisi\u00f3n por corrupci\u00f3n pasiva y lavado de activos, podr\u00e1 cumplir su sentencia en arresto domiciliario, inform\u00f3 este jueves el Supremo Tribunal Federal del pa\u00eds sudamericano.La decisi\u00f3n se produjo luego de que el juez Alexandre\u2026","rel":"","context":"In &quot;Noticias Nacionales&quot;","block_context":{"text":"Noticias Nacionales","link":"https:\/\/noticiasya.com\/midland-odessa\/categoria\/noticias-nacionales"},"img":{"alt_text":"","src":"","width":0,"height":0},"classes":[]},{"id":1465118,"url":"https:\/\/noticiasya.com\/midland-odessa\/2025\/08\/04\/bolsonaro-arresto-domiciliario-brasil-trax\/","url_meta":{"origin":1455252,"position":4},"title":"El Tribunal Supremo de Brasil ordena el arresto domiciliario del expresidente Jair Bolsonaro","author":"","date":"agosto 4, 2025","format":false,"excerpt":"El Tribunal Supremo de Brasil orden\u00f3 el arresto domiciliario del expresidente Jair Bolsonaro, quien est\u00e1 siendo juzgado por un presunto complot para anular los resultados de las elecciones presidenciales de 2022.El juez Alexandre de Moraes emiti\u00f3 la orden el lunes, argumentando que Bolsonaro incumpli\u00f3 las restricciones impuestas previamente por el\u2026","rel":"","context":"In &quot;Noticias Nacionales&quot;","block_context":{"text":"Noticias Nacionales","link":"https:\/\/noticiasya.com\/midland-odessa\/categoria\/noticias-nacionales"},"img":{"alt_text":"","src":"","width":0,"height":0},"classes":[]},{"id":1451151,"url":"https:\/\/noticiasya.com\/midland-odessa\/2024\/07\/15\/arresto-extradicion-chile-secuestro-homicidio-ojeda-orix\/","url_meta":{"origin":1455252,"position":5},"title":"Tribunal de Costa Rica ordena arresto provisional con fines de extradici\u00f3n a Chile a presunto implicado en secuestro y homicidio de exmilitar venezolano","author":"","date":"julio 15, 2024","format":false,"excerpt":"(CNN Espa\u00f1ol) -- Una resoluci\u00f3n emitida por el Tribunal Penal del I Circuito Judicial de San Jos\u00e9, la capital de Costa Rica, orden\u00f3 este lunes el arresto con fines de extradici\u00f3n a Chile de Mikel Villegas, quien contaba con una alerta roja internacional por su presunta participaci\u00f3n en el secuestro\u2026","rel":"","context":"In &quot;Noticias Nacionales&quot;","block_context":{"text":"Noticias Nacionales","link":"https:\/\/noticiasya.com\/midland-odessa\/categoria\/noticias-nacionales"},"img":{"alt_text":"","src":"","width":0,"height":0},"classes":[]}],"jetpack_sharing_enabled":true,"_links":{"self":[{"href":"https:\/\/noticiasya.com\/midland-odessa\/wp-json\/wp\/v2\/posts\/1455252","targetHints":{"allow":["GET"]}}],"collection":[{"href":"https:\/\/noticiasya.com\/midland-odessa\/wp-json\/wp\/v2\/posts"}],"about":[{"href":"https:\/\/noticiasya.com\/midland-odessa\/wp-json\/wp\/v2\/types\/post"}],"replies":[{"embeddable":true,"href":"https:\/\/noticiasya.com\/midland-odessa\/wp-json\/wp\/v2\/comments?post=1455252"}],"version-history":[{"count":0,"href":"https:\/\/noticiasya.com\/midland-odessa\/wp-json\/wp\/v2\/posts\/1455252\/revisions"}],"wp:attachment":[{"href":"https:\/\/noticiasya.com\/midland-odessa\/wp-json\/wp\/v2\/media?parent=1455252"}],"wp:term":[{"taxonomy":"category","embeddable":true,"href":"https:\/\/noticiasya.com\/midland-odessa\/wp-json\/wp\/v2\/categories?post=1455252"},{"taxonomy":"post_tag","embeddable":true,"href":"https:\/\/noticiasya.com\/midland-odessa\/wp-json\/wp\/v2\/tags?post=1455252"}],"curies":[{"name":"wp","href":"https:\/\/api.w.org\/{rel}","templated":true}]}}