{"id":1455256,"date":"2024-10-19T19:03:58","date_gmt":"2024-10-20T02:03:58","guid":{"rendered":"https:\/\/noticiasya.com\/2024\/10\/19\/diario-el-debate-culiacan-denuncia-secuestro-repartidor-orix\/"},"modified":"2024-10-19T19:03:58","modified_gmt":"2024-10-20T02:03:58","slug":"diario-el-debate-culiacan-denuncia-secuestro-repartidor-orix","status":"publish","type":"post","link":"https:\/\/noticiasya.com\/midland-odessa\/2024\/10\/19\/diario-el-debate-culiacan-denuncia-secuestro-repartidor-orix\/","title":{"rendered":"El diario mexicano El Debate de Culiac\u00e1n denuncia el secuestro de uno de sus repartidores"},"content":{"rendered":"<p>(CNN Espa\u00f1ol) &#8212; El diario El Debate de Culiac\u00e1n, capital del estado mexicano de Sinaloa, denunci\u00f3 este s\u00e1bado el secuestro de uno de sus repartidores que, seg\u00fan dijo el medio en su cuenta de X, ocurri\u00f3 despu\u00e9s de que el trabajador fue perseguido por un grupo de hombres y tirado de su motocicleta.<\/p>\n<p>\u201cNuestro compa\u00f1ero hab\u00eda sido auxiliado por otro repartidor cuando fue llevado a la fuerza por sujetos durante la ma\u00f1ana de este 19 de octubre. Hasta el momento no sabemos nada de su paradero\u201d, se\u00f1al\u00f3 en una publicaci\u00f3n.<\/p>\n<p>El peri\u00f3dico tambi\u00e9n difundi\u00f3 una foto del trabajador y pidi\u00f3 ayuda para localizarlo. Su nombre no se ha dado a conocer por razones de seguridad.<\/p>\n<p>La agresi\u00f3n contra el repartidor fue condenada este s\u00e1bado por las organizaciones no gubernamentales Art\u00edculo 19 y Comit\u00e9 para la Protecci\u00f3n de los Periodistas.<\/p>\n<p>Un mes de conflicto en Sinaloa: m\u00e1s de 190 muertos y cientos de empleos perdidos<\/p>\n<p>El hecho ocurre luego de que esta semana las instalaciones de El Debate fueron atacadas con arma de fuego, seg\u00fan reportaron autoridades. El gobernador de Sinaloa, Rub\u00e9n Rocha, dijo en su cuenta de X que pidi\u00f3 a la Fiscal\u00eda y a la Secretar\u00eda de Seguridad del estado iniciar investigaciones sobre lo sucedido.<\/p>\n<p>CNN contact\u00f3 a ambas instituciones para pedir m\u00e1s informaci\u00f3n sobre la situaci\u00f3n del repartidor secuestrado y espera respuesta.<\/p>\n<p>Sinaloa, estado del noroeste de M\u00e9xico, tiene poco m\u00e1s de un mes viviendo hechos de violencia que han atra\u00eddo la atenci\u00f3n p\u00fablica nacional y llevado al Gobierno federal a enviar a m\u00e1s elementos militares para reforzar la seguridad. Un grupo adicional de 600 uniformados de la Secretar\u00eda de la Defensa Nacional (Sedena) fue enviado apenas el 21 de septiembre.<\/p>\n<p>Entre enero y agosto, en Sinaloa se registraron 338 homicidios dolosos, de acuerdo con el Secretariado Ejecutivo del Sistema Nacional de Seguridad P\u00fablica (SESNSP).<\/p>\n<p>Tan solo este viernes 18 de octubre, se contabilizaron seis casos, seg\u00fan los reportes del Gobierno federal y de la Fiscal\u00eda del estado.<\/p>\n<p>The-CNN-Wire<br \/>&trade; &amp; &copy; 2024 Cable News Network, Inc., a Warner Bros. Discovery Company. All rights reserved.<\/p>\n","protected":false},"excerpt":{"rendered":"<p>(CNN Espa\u00f1ol) &#8212; El diario El Debate de Culiac\u00e1n, capital del estado mexicano de Sinaloa, denunci\u00f3 este s\u00e1bado el secuestro de uno de sus repartidores que, seg\u00fan dijo el medio en su cuenta de X, ocurri\u00f3 despu\u00e9s de que el trabajador fue perseguido por un grupo de hombres y tirado de su motocicleta. \u201cNuestro compa\u00f1ero [&hellip;]<\/p>\n","protected":false},"author":0,"featured_media":0,"comment_status":"open","ping_status":"open","sticky":false,"template":"","format":"standard","meta":{"_jetpack_memberships_contains_paid_content":false,"footnotes":""},"categories":[10],"tags":[],"class_list":["post-1455256","post","type-post","status-publish","format-standard","hentry","category-noticias-nacionales","market-global"],"yoast_head":"<!-- This site is optimized with the Yoast SEO plugin v24.4 - https:\/\/yoast.com\/wordpress\/plugins\/seo\/ -->\n<title>El diario mexicano El Debate de Culiac\u00e1n denuncia el secuestro de uno de sus repartidores - Noticias<\/title>\n<meta name=\"robots\" content=\"index, follow, max-snippet:-1, max-image-preview:large, max-video-preview:-1\" \/>\n<link rel=\"canonical\" href=\"https:\/\/noticiasya.com\/2024\/10\/19\/diario-el-debate-culiacan-denuncia-secuestro-repartidor-orix\/\" \/>\n<meta property=\"og:locale\" content=\"es_ES\" \/>\n<meta property=\"og:type\" content=\"article\" \/>\n<meta property=\"og:title\" content=\"El diario mexicano El Debate de Culiac\u00e1n denuncia el secuestro de uno de sus repartidores - Noticias\" \/>\n<meta property=\"og:description\" content=\"(CNN Espa\u00f1ol) &#8212; El diario El Debate de Culiac\u00e1n, capital del estado mexicano de Sinaloa, denunci\u00f3 este s\u00e1bado el secuestro de uno de sus repartidores que, seg\u00fan dijo el medio en su cuenta de X, ocurri\u00f3 despu\u00e9s de que el trabajador fue perseguido por un grupo de hombres y tirado de su motocicleta. \u201cNuestro compa\u00f1ero [&hellip;]\" \/>\n<meta property=\"og:url\" content=\"https:\/\/noticiasya.com\/2024\/10\/19\/diario-el-debate-culiacan-denuncia-secuestro-repartidor-orix\/\" \/>\n<meta property=\"og:site_name\" content=\"Noticias\" \/>\n<meta property=\"article:published_time\" content=\"2024-10-20T02:03:58+00:00\" \/>\n<meta name=\"twitter:card\" content=\"summary_large_image\" \/>\n<meta name=\"twitter:label1\" content=\"Est. reading time\" \/>\n\t<meta name=\"twitter:data1\" content=\"2 minutos\" \/>\n<script type=\"application\/ld+json\" class=\"yoast-schema-graph\">{\"@context\":\"https:\/\/schema.org\",\"@graph\":[{\"@type\":\"Article\",\"@id\":\"https:\/\/noticiasya.com\/2024\/10\/19\/diario-el-debate-culiacan-denuncia-secuestro-repartidor-orix\/#article\",\"isPartOf\":{\"@id\":\"https:\/\/noticiasya.com\/2024\/10\/19\/diario-el-debate-culiacan-denuncia-secuestro-repartidor-orix\/\"},\"author\":{\"name\":\"\",\"@id\":\"\"},\"headline\":\"El diario mexicano El Debate de Culiac\u00e1n denuncia el secuestro de uno de sus repartidores\",\"datePublished\":\"2024-10-20T02:03:58+00:00\",\"mainEntityOfPage\":{\"@id\":\"https:\/\/noticiasya.com\/2024\/10\/19\/diario-el-debate-culiacan-denuncia-secuestro-repartidor-orix\/\"},\"wordCount\":389,\"commentCount\":0,\"publisher\":{\"@id\":\"https:\/\/noticiasya.com\/#organization\"},\"articleSection\":[\"Noticias Nacionales\"],\"inLanguage\":\"es\",\"potentialAction\":[{\"@type\":\"CommentAction\",\"name\":\"Comment\",\"target\":[\"https:\/\/noticiasya.com\/2024\/10\/19\/diario-el-debate-culiacan-denuncia-secuestro-repartidor-orix\/#respond\"]}]},{\"@type\":\"WebPage\",\"@id\":\"https:\/\/noticiasya.com\/2024\/10\/19\/diario-el-debate-culiacan-denuncia-secuestro-repartidor-orix\/\",\"url\":\"https:\/\/noticiasya.com\/2024\/10\/19\/diario-el-debate-culiacan-denuncia-secuestro-repartidor-orix\/\",\"name\":\"El diario mexicano El Debate de Culiac\u00e1n denuncia el secuestro de uno de sus repartidores - Noticias\",\"isPartOf\":{\"@id\":\"https:\/\/noticiasya.com\/#website\"},\"datePublished\":\"2024-10-20T02:03:58+00:00\",\"breadcrumb\":{\"@id\":\"https:\/\/noticiasya.com\/2024\/10\/19\/diario-el-debate-culiacan-denuncia-secuestro-repartidor-orix\/#breadcrumb\"},\"inLanguage\":\"es\",\"potentialAction\":[{\"@type\":\"ReadAction\",\"target\":[\"https:\/\/noticiasya.com\/2024\/10\/19\/diario-el-debate-culiacan-denuncia-secuestro-repartidor-orix\/\"]}]},{\"@type\":\"BreadcrumbList\",\"@id\":\"https:\/\/noticiasya.com\/2024\/10\/19\/diario-el-debate-culiacan-denuncia-secuestro-repartidor-orix\/#breadcrumb\",\"itemListElement\":[{\"@type\":\"ListItem\",\"position\":1,\"name\":\"Home\",\"item\":\"https:\/\/noticiasya.com\/\"},{\"@type\":\"ListItem\",\"position\":2,\"name\":\"El diario mexicano El Debate de Culiac\u00e1n denuncia el secuestro de uno de sus repartidores\"}]},{\"@type\":\"WebSite\",\"@id\":\"https:\/\/noticiasya.com\/#website\",\"url\":\"https:\/\/noticiasya.com\/\",\"name\":\"Noticias\",\"description\":\"Lo que importa\",\"publisher\":{\"@id\":\"https:\/\/noticiasya.com\/#organization\"},\"potentialAction\":[{\"@type\":\"SearchAction\",\"target\":{\"@type\":\"EntryPoint\",\"urlTemplate\":\"https:\/\/noticiasya.com\/?s={search_term_string}\"},\"query-input\":{\"@type\":\"PropertyValueSpecification\",\"valueRequired\":true,\"valueName\":\"search_term_string\"}}],\"inLanguage\":\"es\"},{\"@type\":\"Organization\",\"@id\":\"https:\/\/noticiasya.com\/#organization\",\"name\":\"Noticias\",\"url\":\"https:\/\/noticiasya.com\/\",\"logo\":{\"@type\":\"ImageObject\",\"inLanguage\":\"es\",\"@id\":\"https:\/\/noticiasya.com\/#\/schema\/logo\/image\/\",\"url\":\"https:\/\/noticiasya.com\/wp-content\/uploads\/sites\/22\/2023\/12\/logo-nacional.png\",\"contentUrl\":\"https:\/\/noticiasya.com\/wp-content\/uploads\/sites\/22\/2023\/12\/logo-nacional.png\",\"width\":1801,\"height\":691,\"caption\":\"Noticias\"},\"image\":{\"@id\":\"https:\/\/noticiasya.com\/#\/schema\/logo\/image\/\"}}]}<\/script>\n<!-- \/ Yoast SEO plugin. -->","yoast_head_json":{"title":"El diario mexicano El Debate de Culiac\u00e1n denuncia el secuestro de uno de sus repartidores - Noticias","robots":{"index":"index","follow":"follow","max-snippet":"max-snippet:-1","max-image-preview":"max-image-preview:large","max-video-preview":"max-video-preview:-1"},"canonical":"https:\/\/noticiasya.com\/2024\/10\/19\/diario-el-debate-culiacan-denuncia-secuestro-repartidor-orix\/","og_locale":"es_ES","og_type":"article","og_title":"El diario mexicano El Debate de Culiac\u00e1n denuncia el secuestro de uno de sus repartidores - Noticias","og_description":"(CNN Espa\u00f1ol) &#8212; El diario El Debate de Culiac\u00e1n, capital del estado mexicano de Sinaloa, denunci\u00f3 este s\u00e1bado el secuestro de uno de sus repartidores que, seg\u00fan dijo el medio en su cuenta de X, ocurri\u00f3 despu\u00e9s de que el trabajador fue perseguido por un grupo de hombres y tirado de su motocicleta. \u201cNuestro compa\u00f1ero [&hellip;]","og_url":"https:\/\/noticiasya.com\/2024\/10\/19\/diario-el-debate-culiacan-denuncia-secuestro-repartidor-orix\/","og_site_name":"Noticias","article_published_time":"2024-10-20T02:03:58+00:00","twitter_card":"summary_large_image","twitter_misc":{"Est. reading time":"2 minutos"},"schema":{"@context":"https:\/\/schema.org","@graph":[{"@type":"Article","@id":"https:\/\/noticiasya.com\/2024\/10\/19\/diario-el-debate-culiacan-denuncia-secuestro-repartidor-orix\/#article","isPartOf":{"@id":"https:\/\/noticiasya.com\/2024\/10\/19\/diario-el-debate-culiacan-denuncia-secuestro-repartidor-orix\/"},"author":{"name":"","@id":""},"headline":"El diario mexicano El Debate de Culiac\u00e1n denuncia el secuestro de uno de sus repartidores","datePublished":"2024-10-20T02:03:58+00:00","mainEntityOfPage":{"@id":"https:\/\/noticiasya.com\/2024\/10\/19\/diario-el-debate-culiacan-denuncia-secuestro-repartidor-orix\/"},"wordCount":389,"commentCount":0,"publisher":{"@id":"https:\/\/noticiasya.com\/#organization"},"articleSection":["Noticias Nacionales"],"inLanguage":"es","potentialAction":[{"@type":"CommentAction","name":"Comment","target":["https:\/\/noticiasya.com\/2024\/10\/19\/diario-el-debate-culiacan-denuncia-secuestro-repartidor-orix\/#respond"]}]},{"@type":"WebPage","@id":"https:\/\/noticiasya.com\/2024\/10\/19\/diario-el-debate-culiacan-denuncia-secuestro-repartidor-orix\/","url":"https:\/\/noticiasya.com\/2024\/10\/19\/diario-el-debate-culiacan-denuncia-secuestro-repartidor-orix\/","name":"El diario mexicano El Debate de Culiac\u00e1n denuncia el secuestro de uno de sus repartidores - Noticias","isPartOf":{"@id":"https:\/\/noticiasya.com\/#website"},"datePublished":"2024-10-20T02:03:58+00:00","breadcrumb":{"@id":"https:\/\/noticiasya.com\/2024\/10\/19\/diario-el-debate-culiacan-denuncia-secuestro-repartidor-orix\/#breadcrumb"},"inLanguage":"es","potentialAction":[{"@type":"ReadAction","target":["https:\/\/noticiasya.com\/2024\/10\/19\/diario-el-debate-culiacan-denuncia-secuestro-repartidor-orix\/"]}]},{"@type":"BreadcrumbList","@id":"https:\/\/noticiasya.com\/2024\/10\/19\/diario-el-debate-culiacan-denuncia-secuestro-repartidor-orix\/#breadcrumb","itemListElement":[{"@type":"ListItem","position":1,"name":"Home","item":"https:\/\/noticiasya.com\/"},{"@type":"ListItem","position":2,"name":"El diario mexicano El Debate de Culiac\u00e1n denuncia el secuestro de uno de sus repartidores"}]},{"@type":"WebSite","@id":"https:\/\/noticiasya.com\/#website","url":"https:\/\/noticiasya.com\/","name":"Noticias","description":"Lo que importa","publisher":{"@id":"https:\/\/noticiasya.com\/#organization"},"potentialAction":[{"@type":"SearchAction","target":{"@type":"EntryPoint","urlTemplate":"https:\/\/noticiasya.com\/?s={search_term_string}"},"query-input":{"@type":"PropertyValueSpecification","valueRequired":true,"valueName":"search_term_string"}}],"inLanguage":"es"},{"@type":"Organization","@id":"https:\/\/noticiasya.com\/#organization","name":"Noticias","url":"https:\/\/noticiasya.com\/","logo":{"@type":"ImageObject","inLanguage":"es","@id":"https:\/\/noticiasya.com\/#\/schema\/logo\/image\/","url":"https:\/\/noticiasya.com\/wp-content\/uploads\/sites\/22\/2023\/12\/logo-nacional.png","contentUrl":"https:\/\/noticiasya.com\/wp-content\/uploads\/sites\/22\/2023\/12\/logo-nacional.png","width":1801,"height":691,"caption":"Noticias"},"image":{"@id":"https:\/\/noticiasya.com\/#\/schema\/logo\/image\/"}}]}},"parsely":{"version":"1.1.0","canonical_url":"https:\/\/noticiasya.com\/midland-odessa\/2024\/10\/19\/diario-el-debate-culiacan-denuncia-secuestro-repartidor-orix\/","smart_links":{"inbound":0,"outbound":0},"traffic_boost_suggestions_count":0,"meta":{"@context":"https:\/\/schema.org","@type":"NewsArticle","headline":"El diario mexicano El Debate de Culiac\u00e1n denuncia el secuestro de uno de sus repartidores","url":"http:\/\/noticiasya.com\/midland-odessa\/2024\/10\/19\/diario-el-debate-culiacan-denuncia-secuestro-repartidor-orix\/","mainEntityOfPage":{"@type":"WebPage","@id":"http:\/\/noticiasya.com\/midland-odessa\/2024\/10\/19\/diario-el-debate-culiacan-denuncia-secuestro-repartidor-orix\/"},"thumbnailUrl":"","image":{"@type":"ImageObject","url":""},"articleSection":"Noticias Nacionales","author":[],"creator":[],"publisher":{"@type":"Organization","name":"Noticias","logo":""},"keywords":[],"dateCreated":"2024-10-20T02:03:58Z","datePublished":"2024-10-20T02:03:58Z","dateModified":"2024-10-20T02:03:58Z"},"rendered":"<script type=\"application\/ld+json\" class=\"wp-parsely-metadata\">{\"@context\":\"https:\\\/\\\/schema.org\",\"@type\":\"NewsArticle\",\"headline\":\"El diario mexicano El Debate de Culiac\\u00e1n denuncia el secuestro de uno de sus repartidores\",\"url\":\"http:\\\/\\\/noticiasya.com\\\/midland-odessa\\\/2024\\\/10\\\/19\\\/diario-el-debate-culiacan-denuncia-secuestro-repartidor-orix\\\/\",\"mainEntityOfPage\":{\"@type\":\"WebPage\",\"@id\":\"http:\\\/\\\/noticiasya.com\\\/midland-odessa\\\/2024\\\/10\\\/19\\\/diario-el-debate-culiacan-denuncia-secuestro-repartidor-orix\\\/\"},\"thumbnailUrl\":\"\",\"image\":{\"@type\":\"ImageObject\",\"url\":\"\"},\"articleSection\":\"Noticias Nacionales\",\"author\":[],\"creator\":[],\"publisher\":{\"@type\":\"Organization\",\"name\":\"Noticias\",\"logo\":\"\"},\"keywords\":[],\"dateCreated\":\"2024-10-20T02:03:58Z\",\"datePublished\":\"2024-10-20T02:03:58Z\",\"dateModified\":\"2024-10-20T02:03:58Z\"}<\/script>","tracker_url":"https:\/\/cdn.parsely.com\/keys\/noticiasya.com\/p.js"},"jetpack_featured_media_url":"","jetpack-related-posts":[{"id":1466209,"url":"https:\/\/noticiasya.com\/midland-odessa\/2025\/09\/06\/repartidores-washington-ice-trax\/","url_meta":{"origin":1455256,"position":0},"title":"Por temor a ser arrestados por ICE, los repartidores migrantes de Washington cambian de t\u00e1ctica o abandonan la ciudad","author":"","date":"septiembre 6, 2025","format":false,"excerpt":"Yakson ten\u00eda que recoger una entrega en el barrio de Mount Pleasant en la ciudad de Washington, pero primero observ\u00f3 la calle en busca de agentes de inmigraci\u00f3n. Una camioneta blanca estacionada cerca parec\u00eda sospechosa. Se qued\u00f3 mirando por la ventanilla del cami\u00f3n en busca de se\u00f1ales de un agente.\u2026","rel":"","context":"In &quot;Noticias Nacionales&quot;","block_context":{"text":"Noticias Nacionales","link":"https:\/\/noticiasya.com\/midland-odessa\/categoria\/noticias-nacionales"},"img":{"alt_text":"","src":"","width":0,"height":0},"classes":[]},{"id":1452061,"url":"https:\/\/noticiasya.com\/midland-odessa\/2024\/08\/21\/fiscalia-mexico-orden-aprehension-hijo-chapo-secuestro-mayo-zambada-orix\/","url_meta":{"origin":1455256,"position":1},"title":"Fiscal\u00eda de M\u00e9xico prepara orden de aprehensi\u00f3n contra hijo de &#171;El Chapo&#187; por secuestro del Mayo Zambada","author":"","date":"agosto 21, 2024","format":false,"excerpt":"(CNN Espa\u00f1ol) -- La Fiscal\u00eda General de la Rep\u00fablica (FGR) de M\u00e9xico inform\u00f3 este mi\u00e9rcoles que encontr\u00f3 el inmueble en donde presuntamente mataron a uno de los miembros de la comitiva de Ismael \"El Mayo\" Zambada y en donde lo habr\u00edan secuestrado para entregarlo a autoridades de Estados Unidos por\u2026","rel":"","context":"In &quot;Noticias Nacionales&quot;","block_context":{"text":"Noticias Nacionales","link":"https:\/\/noticiasya.com\/midland-odessa\/categoria\/noticias-nacionales"},"img":{"alt_text":"","src":"","width":0,"height":0},"classes":[]},{"id":1455196,"url":"https:\/\/noticiasya.com\/midland-odessa\/2024\/10\/17\/que-dice-reforma-laboral-mexico-seguridad-social-choferes-repartidores-aplicaciones-orix\/","url_meta":{"origin":1455256,"position":2},"title":"Qu\u00e9 dice la reforma laboral en M\u00e9xico sobre la seguridad social de choferes y repartidores de aplicaciones","author":"","date":"octubre 17, 2024","format":false,"excerpt":"(CNN Espa\u00f1ol) \u2014 El Gobierno de M\u00e9xico present\u00f3 una iniciativa de reforma a la ley Federal del Trabajo para regular las condiciones laborales de los trabajadores de plataformas digitales, como choferes y repartidores. Abarcar\u00eda a cerca de 658.000 personas, seg\u00fan datos del Servicio de Administraci\u00f3n Tributaria (SAT).La reforma otorgar\u00eda a\u2026","rel":"","context":"In &quot;Noticias Nacionales&quot;","block_context":{"text":"Noticias Nacionales","link":"https:\/\/noticiasya.com\/midland-odessa\/categoria\/noticias-nacionales"},"img":{"alt_text":"","src":"","width":0,"height":0},"classes":[]},{"id":1470996,"url":"https:\/\/noticiasya.com\/midland-odessa\/2026\/02\/08\/empleo-argentina-salario-aplicaciones-reparto-orix\/","url_meta":{"origin":1455256,"position":3},"title":"Desempleados o con un salario insuficiente, trabajadores argentinos se vuelcan a las apps de reparto y traslado","author":"","date":"febrero 8, 2026","format":false,"excerpt":"Adri\u00e1n Ayala se ajusta la mochila roja y cuadrada sobre la espalda antes de subirse a la bicicleta. Tanto el transporte como el bolso son prestados: favores de familiares y amigos que le permiten sumar algunos pesos m\u00e1s a fin de mes. En la aplicaci\u00f3n de repartos, cada d\u00eda aparecen\u2026","rel":"","context":"In &quot;Noticias Nacionales&quot;","block_context":{"text":"Noticias Nacionales","link":"https:\/\/noticiasya.com\/midland-odessa\/categoria\/noticias-nacionales"},"img":{"alt_text":"","src":"","width":0,"height":0},"classes":[]},{"id":1449875,"url":"https:\/\/noticiasya.com\/midland-odessa\/2024\/05\/30\/cargos-contra-el-nini-presunto-lider-cartel-de-sinaloa-orix\/","url_meta":{"origin":1455256,"position":4},"title":"\u00bfCu\u00e1les con los cargos contra alias &#171;El Nini&#187;, presunto l\u00edder del Cartel de Sinaloa que est\u00e1 detenido en Nueva York?","author":"","date":"mayo 30, 2024","format":false,"excerpt":"(CNN Espa\u00f1ol) -- N\u00e9stor Isidro P\u00e9rez Salas, alias \"El Nini\", ya se encuentra bajo custodia de las autoridades estadounidenses y est\u00e1 recluido en el Centro de Detenci\u00f3n Metropolitano de Brooklyn, en Nueva York, tras su extradici\u00f3n desde M\u00e9xico el s\u00e1bado.Considerado uno de los l\u00edderes del Cartel de Sinaloa, P\u00e9rez Salas\u2026","rel":"","context":"In &quot;Noticias Nacionales&quot;","block_context":{"text":"Noticias Nacionales","link":"https:\/\/noticiasya.com\/midland-odessa\/categoria\/noticias-nacionales"},"img":{"alt_text":"","src":"","width":0,"height":0},"classes":[]},{"id":1457883,"url":"https:\/\/noticiasya.com\/midland-odessa\/2025\/01\/25\/empresas-bebidas-alimentos-reanudan-operaciones-acapulco-orix\/","url_meta":{"origin":1455256,"position":5},"title":"Empresas multinacionales de bebidas y alimentos reanudan operaciones tras ataques contra repartidores en Acapulco, Guerrero","author":"","date":"enero 25, 2025","format":false,"excerpt":"Empresas transnacionales, incluida la compa\u00f1\u00eda refresquera Coca-Cola FEMSA, la cervecera Grupo Modelo y SIGMA Alimentos, restablecieron este s\u00e1bado sus operaciones de distribuci\u00f3n en el municipio de Acapulco, en el estado mexicano de Guerrero, tras registrarse varios hechos violentos que derivaron en la muerte de al menos uno de sus trabajadores\u2026","rel":"","context":"In &quot;Noticias Nacionales&quot;","block_context":{"text":"Noticias Nacionales","link":"https:\/\/noticiasya.com\/midland-odessa\/categoria\/noticias-nacionales"},"img":{"alt_text":"","src":"","width":0,"height":0},"classes":[]}],"jetpack_sharing_enabled":true,"_links":{"self":[{"href":"https:\/\/noticiasya.com\/midland-odessa\/wp-json\/wp\/v2\/posts\/1455256","targetHints":{"allow":["GET"]}}],"collection":[{"href":"https:\/\/noticiasya.com\/midland-odessa\/wp-json\/wp\/v2\/posts"}],"about":[{"href":"https:\/\/noticiasya.com\/midland-odessa\/wp-json\/wp\/v2\/types\/post"}],"replies":[{"embeddable":true,"href":"https:\/\/noticiasya.com\/midland-odessa\/wp-json\/wp\/v2\/comments?post=1455256"}],"version-history":[{"count":0,"href":"https:\/\/noticiasya.com\/midland-odessa\/wp-json\/wp\/v2\/posts\/1455256\/revisions"}],"wp:attachment":[{"href":"https:\/\/noticiasya.com\/midland-odessa\/wp-json\/wp\/v2\/media?parent=1455256"}],"wp:term":[{"taxonomy":"category","embeddable":true,"href":"https:\/\/noticiasya.com\/midland-odessa\/wp-json\/wp\/v2\/categories?post=1455256"},{"taxonomy":"post_tag","embeddable":true,"href":"https:\/\/noticiasya.com\/midland-odessa\/wp-json\/wp\/v2\/tags?post=1455256"}],"curies":[{"name":"wp","href":"https:\/\/api.w.org\/{rel}","templated":true}]}}