{"id":1455260,"date":"2024-10-20T01:03:39","date_gmt":"2024-10-20T08:03:39","guid":{"rendered":"https:\/\/noticiasya.com\/2024\/10\/20\/guerras-en-gaza-y-libano-tensan-los-vinculos-de-israel-europa-trax\/"},"modified":"2024-10-20T01:03:39","modified_gmt":"2024-10-20T08:03:39","slug":"guerras-en-gaza-y-libano-tensan-los-vinculos-de-israel-europa-trax","status":"publish","type":"post","link":"https:\/\/noticiasya.com\/midland-odessa\/2024\/10\/20\/guerras-en-gaza-y-libano-tensan-los-vinculos-de-israel-europa-trax\/","title":{"rendered":"Las guerras en Gaza y L\u00edbano tensan los v\u00ednculos de Israel con Europa"},"content":{"rendered":"<p>(CNN) &#8212; Israel fue objeto de duras cr\u00edticas por parte de los l\u00edderes europeos que est\u00e1n tratando de impedir que el Estado jud\u00edo siga adelante con sus guerras en Gaza y el sur del L\u00edbano.<\/p>\n<p>Desde los pedidos de un cese total de las ventas de armas a Israel y la consideraci\u00f3n de sanciones a los ministros israel\u00edes de extrema derecha, hasta las conversaciones entre los miembros de la UE sobre la revisi\u00f3n del Acuerdo de Asociaci\u00f3n de Israel con el bloque, los l\u00edderes europeos est\u00e1n tratando de usar su influencia para presionar al primer ministro de Israel, Benjamin Netanyahu, para que negocie ceses del fuego.<\/p>\n<p>Lo que da m\u00e1s impulso a sus esfuerzos es el hecho de que los ataques militares israel\u00edes est\u00e1n alcanzando bases de mantenimiento de la paz de las Naciones Unidas en el sur del L\u00edbano, que albergan tropas europeas.<\/p>\n<p>&#171;Los v\u00ednculos de Israel con la UE est\u00e1n bajo una tensi\u00f3n sin precedentes en este momento&#187;, dijo a CNN Hugh Lovatt, investigador principal de pol\u00edticas del Programa de Medio Oriente y \u00c1frica del Norte del grupo de expertos Consejo Europeo de Relaciones Exteriores (ECFR), con sede en Berl\u00edn.<\/p>\n<p>La posici\u00f3n del bloque es marcadamente diferente a lo que los expertos describieron como un apoyo inquebrantable a Israel por parte de los estados europeos el 7 de octubre del a\u00f1o pasado, cuando militantes liderados por Hamas mataron a m\u00e1s de 1.200 personas en Israel y tomaron a m\u00e1s de 250 como rehenes.<\/p>\n<p>Pero a medida que las represalias de Israel contra Hamas se transformaron en lo que los cr\u00edticos llaman una \u201cguerra eterna\u201d, matando a m\u00e1s de 42.000 personas en Gaza, seg\u00fan el Ministerio de Salud de Gaza, los pa\u00edses europeos han buscado distanciarse del Estado jud\u00edo.<\/p>\n<p>El alto responsable de la pol\u00edtica exterior de la Uni\u00f3n Europea, Josep Borrell, habla con el funcionario de la Media Luna Roja egipcia en Rafah, Egipto, el 9 de septiembre. (Cr\u00e9dito: Ali Moustafa\/Getty Images)Las crecientes cr\u00edticas europeas se producen en un momento en que Estados Unidos parece incapaz o no dispuesto a ejercer una presi\u00f3n significativa sobre Israel a pocas semanas de las elecciones presidenciales de noviembre, dijeron los expertos.<\/p>\n<p>\u201cHay mucha frustraci\u00f3n, al menos en las capitales de Europa occidental, por la forma en que Estados Unidos gestion\u00f3 la diplomacia durante el \u00faltimo a\u00f1o\u201d, dijo Lovatt, a\u00f1adiendo que algunos estados de la UE sent\u00edan que Estados Unidos deber\u00eda haber hecho m\u00e1s para \u201cmoderar y limitar las acciones israel\u00edes\u201d.<\/p>\n<p>El fin de semana pasado, la administraci\u00f3n Biden envi\u00f3 una carta al gobierno de Israel exigi\u00e9ndole que act\u00fae para mejorar la situaci\u00f3n humanitaria en Gaza dentro de los pr\u00f3ximos 30 d\u00edas o corre el riesgo de violar las leyes estadounidenses que rigen la asistencia militar extranjera.<\/p>\n<p>En una cr\u00edtica velada este jueves, el jefe de la diplomacia de la Uni\u00f3n Europea, Josep Borrell, dijo que demasiadas personas podr\u00edan morir en ese tiempo.<\/p>\n<p>\u201cEstados Unidos estuvo dici\u00e9ndole a Israel que tiene que mejorar el apoyo humanitario a Gaza, pero le dieron un mes de retraso\u201d, dijo el jefe de pol\u00edtica exterior de la UE a los periodistas antes de una cumbre de l\u00edderes, seg\u00fan Reuters . \u201cUn mes de retraso al ritmo actual de personas asesinadas. Es demasiada gente\u201d, dijo Borrell.<\/p>\n<p>La guerra del L\u00edbano \u201cpuso las cosas al l\u00edmite\u201d<\/p>\n<p>Las relaciones se tensaron inicialmente debido al ataque de Israel en Gaza, dijo Lovatt, \u201cque muchos gobiernos europeos, incluidos aquellos que todav\u00eda apoyan a Israel, consideran desproporcionado y en contradicci\u00f3n con el derecho internacional\u201d.<\/p>\n<p>La operaci\u00f3n terrestre de Israel contra el grupo militante Hezbollah, respaldado por Ir\u00e1n, en el sur del L\u00edbano puede haber \u201cpuesto las cosas al l\u00edmite\u201d para muchos estados europeos, dijo Lovatt. El reproche europeo a Israel alcanz\u00f3 nuevos niveles cuando los ataques militares israel\u00edes comenzaron a alcanzar puestos de la misi\u00f3n de mantenimiento de la paz de la ONU en el sur del L\u00edbano. La misi\u00f3n, UNIFIL, ha estado estacionada all\u00ed desde 1978 y est\u00e1 compuesta por 50 nacionalidades, incluidas tropas de Espa\u00f1a, Irlanda, Italia y Francia.<\/p>\n<p>Maya Sion-Tzidkiyahu, directora del Programa de Relaciones Israel-Europa del centro de estudios Mitvim en Jerusal\u00e9n, dijo que \u201ccuando se trata de defender a sus propios soldados\u201d, los estados europeos tienden a ser m\u00e1s expresivos.<\/p>\n<p>La ONU dijo que las FDI dispararon contra sus fuerzas de paz varias veces en las \u00faltimas semanas, hiriendo a m\u00e1s de una decena. Las fuerzas israel\u00edes tambi\u00e9n entraron por la fuerza en una base y detuvieron un movimiento log\u00edstico cr\u00edtico, dijo la ONU.<\/p>\n<p>Israel dijo que no tiene intenci\u00f3n de da\u00f1ar a las fuerzas de paz de la ONU en el sur del L\u00edbano, pero acus\u00f3 a Hezbollah de utilizar al personal de la FPNUL como escudos humanos. Netanyahu ha advertido que las fuerzas de paz de la ONU en el L\u00edbano est\u00e1n en \u201cpeligro\u201d y ha pedido al Secretario General de la ONU, Ant\u00f3nio Guterres, que las retire \u201cinmediatamente\u201d.<\/p>\n<p>La disputa diplom\u00e1tica entre Israel y algunos l\u00edderes europeos estall\u00f3 esta semana.<\/p>\n<p>En declaraciones que provocaron una dura respuesta de Israel, el presidente franc\u00e9s, Emmanuel Macron, fue citado el martes en una reuni\u00f3n de gabinete diciendo que \u201cNetanyahu no debe olvidar que su pa\u00eds fue creado por una decisi\u00f3n de la ONU\u201d, seg\u00fan la Agence France-Presse (AFP) con sede en Par\u00eds . Macron se refer\u00eda a la Resoluci\u00f3n 181 de la ONU, conocida como el Plan de Partici\u00f3n, que allan\u00f3 el camino para la creaci\u00f3n de Israel en 1948.<\/p>\n<p>Los veh\u00edculos blindados de transporte de personal de la FPNUL (Fuerza Provisional de las Naciones Unidas en el L\u00edbano) parten de una base para patrullar cerca de la frontera entre L\u00edbano e Israel, en Marjayoun, L\u00edbano, el 5 de octubre. (Cr\u00e9dito: Carl Court\/ Getty Images)<\/p>\n<p>\u201cNo es el momento de ignorar las decisiones de la ONU\u201d, a\u00f1adi\u00f3 Macron, seg\u00fan la AFP. El presidente franc\u00e9s hab\u00eda pedido anteriormente la suspensi\u00f3n total de la venta a Israel de armas utilizadas en la guerra de Gaza, aunque subray\u00f3 que Francia no ha intervenido en su suministro.<\/p>\n<p>En una declaraci\u00f3n el martes, Netanyahu dijo que \u201cno fue una decisi\u00f3n de la ONU\u2026 sino la victoria que se logr\u00f3 en la Guerra de la Independencia con la sangre de nuestros heroicos combatientes\u201d que cre\u00f3 el Estado de Israel, y agreg\u00f3 que muchos de esos combatientes \u201ceran sobrevivientes del Holocausto, incluso del r\u00e9gimen de Vichy en Francia\u201d.<\/p>\n<p>Netanyahu agreg\u00f3 que la ONU \u201cen las \u00faltimas d\u00e9cadas\u2026 aprob\u00f3 cientos de decisiones antisemitas\u201d contra Israel, con el prop\u00f3sito de negar al Estado jud\u00edo el \u201cderecho a existir y su capacidad de defenderse\u201d.<\/p>\n<p>Israel acus\u00f3 repetidamente a la ONU y a Guterres de antisemitismo y esta semana design\u00f3 al jefe de la ONU como persona non grata y le prohibi\u00f3 entrar en Israel. Borrell, de la UE, conden\u00f3 la decisi\u00f3n y calific\u00f3 de &#187; calumnias &#187; las acusaciones de antisemitismo contra Guterres.<\/p>\n<p>La UE y el Reino Unido consideran a Hamas una organizaci\u00f3n terrorista y condenaron reiteradamente sus acciones desde el 7 de octubre. La UE tambi\u00e9n ha sancionado al ala militar de Hezbollah.<\/p>\n<p>\u201cLo hemos bloqueado todo\u201d<\/p>\n<p>La primera ministra italiana, Giorgia Meloni, tambi\u00e9n conden\u00f3 las acciones de Israel en el L\u00edbano, incluido un ataque militar israel\u00ed que alcanz\u00f3 una base de mantenimiento de la paz de la ONU donde est\u00e1n estacionados alrededor de 1.100 soldados italianos.<\/p>\n<p>\u201cDefendemos el derecho de Israel a vivir en paz y seguridad, pero reiteramos la necesidad de que esto suceda en cumplimiento del derecho internacional humanitario\u201d, dijo Meloni el martes .<\/p>\n<p>Seg\u00fan el Instituto Internacional de Investigaci\u00f3n para la Paz de Estocolmo (SIPRI), Italia es el tercer mayor suministrador de armas a Israel, al que suministra helic\u00f3pteros y armas. Sin embargo, tras el inicio de la guerra en Gaza, Italia suspendi\u00f3 todas las nuevas licencias de exportaci\u00f3n y cancel\u00f3 todos los acuerdos firmados despu\u00e9s del 7 de octubre, dijo Meloni este martes a la agencia de noticias estatal italiana ANSA.<\/p>\n<p>Esta pol\u00edtica es \u201cmucho m\u00e1s restrictiva que la que aplican nuestros socios: Francia, Alemania y Reino Unido\u201d, afirm\u00f3 Meloni, seg\u00fan ANSA. \u201cLo hemos bloqueado todo\u201d.<\/p>\n<p>Entre los cr\u00edticos m\u00e1s duros de Israel se encuentran los l\u00edderes irlandeses y espa\u00f1oles, que han pedido a la UE que revise su Acuerdo de Asociaci\u00f3n con Israel, alegando que el Estado jud\u00edo est\u00e1 violando la cl\u00e1usula de derechos humanos del acuerdo comercial en su guerra en Gaza. La semana pasada, Borrell dijo que el tema se discutir\u00eda en el Consejo de Asuntos Exteriores, ya que hay &#171;suficientes pruebas&#187; para merecer el debate.<\/p>\n<p>Seg\u00fan Sion-Tzidkiyahu, modificar el acuerdo perjudicar\u00eda a Israel, especialmente si se ve afectado el comercio. La UE es el mayor socio comercial de Israel, con un comercio entre Israel y el bloque que totalizar\u00e1 US$ 50.700 millones (46.800 millones de euros) en 2022, seg\u00fan datos de la UE.<\/p>\n<p>En una medida anterior, en la que se protest\u00f3 por la guerra de Israel en Gaza, Espa\u00f1a, Irlanda y Noruega reconocieron formalmente el Estado palestino en mayo. Aunque ya no es miembro de la UE, Gran Breta\u00f1a tambi\u00e9n ha tratado de limitar la conducta de Israel, m\u00e1s recientemente considerando la posibilidad de imponer sanciones a ministros israel\u00edes de extrema derecha.<\/p>\n<p>El primer ministro del Reino Unido, Keir Starmer, dijo este mi\u00e9rcoles que su gobierno estaba \u201cconsiderando\u201d sanciones contra el ministro de Seguridad Nacional, Itamar Ben-Gvir, y el ministro de Finanzas, Bezalel Smotrich.<\/p>\n<p>Mientras tanto, David Cameron, quien se desempe\u00f1\u00f3 como secretario de Asuntos Exteriores brit\u00e1nico bajo el gobierno anterior hasta julio, dijo a Sky News el mi\u00e9rcoles que hab\u00eda planeado sancionar a los dos ministros durante su mandato, con la intenci\u00f3n de mostrarle a Israel que, si bien el Reino Unido apoya el derecho a la leg\u00edtima defensa, &#171;queremos que intenten obedecer la ley humanitaria&#187;.<\/p>\n<p>Tanto Ben Gvir como Smotrich rechazaron los comentarios de Starmer. Ben Gvir acus\u00f3 al Reino Unido de trabajar para \u201cimpedir\u201d el establecimiento del Estado jud\u00edo. \u201cLos brit\u00e1nicos deben darse cuenta de que los d\u00edas del mandato han terminado\u201d, dijo el portavoz de Ben Gvir en un comunicado, refiri\u00e9ndose a la administraci\u00f3n brit\u00e1nica de Palestina entre 1917 y 1947.<\/p>\n<p>El mes pasado, el Reino Unido suspendi\u00f3 30 de sus 350 licencias de exportaci\u00f3n de armas a Israel por el riesgo de que esas armas se utilizaran para cometer graves violaciones del derecho internacional humanitario. La decisi\u00f3n fue criticada por los funcionarios israel\u00edes.<\/p>\n<p>Soporte alem\u00e1n<\/p>\n<p>Los expertos afirman, sin embargo, que la UE no es un bloque homog\u00e9neo y que sus miembros han expresado diversos grados de cr\u00edticas hacia Israel.<\/p>\n<p>En lo que respecta a Israel, Alemania suele ser la excepci\u00f3n a la pol\u00edtica europea. Berl\u00edn es el segundo mayor suministrador de armas a Israel despu\u00e9s de Estados Unidos, y aporta aproximadamente el 30% de las armas israel\u00edes a partir de 2023. Este mi\u00e9rcoles, la agencia de noticias DPA inform\u00f3 de que, en las \u00faltimas ocho semanas, el gobierno alem\u00e1n hab\u00eda aprobado exportaciones de equipo militar y municiones a Israel por valor de 31 millones de euros (33,7 millones de d\u00f3lares). Eso es m\u00e1s del doble de lo que se hizo durante el resto del a\u00f1o, seg\u00fan DPA.<\/p>\n<p>Este jueves, el canciller Olaf Scholz dijo que su pa\u00eds continuar\u00eda suministrando armas a Israel.<\/p>\n<p>Los pol\u00edticos alemanes afirmaron en repetidas ocasiones que la seguridad de Israel es la \u201craz\u00f3n de Estado\u201d de Alemania. Este t\u00e9rmino hace referencia a la relaci\u00f3n especial que Alemania tiene con Israel debido a su pasado nazi, que vio al Estado alem\u00e1n asesinar sistem\u00e1ticamente a 6 millones de jud\u00edos en el Holocausto. Este genocidio marc\u00f3 profundamente la formulaci\u00f3n de pol\u00edticas del pa\u00eds.<\/p>\n<p>A pesar de las recientes tensiones con el bloque en general, Sion-Tzidkiyahu dijo que las relaciones de la UE con Israel \u201csiguen siendo muy fuertes\u201d y siguen siendo \u201cimportantes para Israel\u201d. Todav\u00eda no han causado da\u00f1os materiales, dijo, pero corren el riesgo de \u201cquitarle legitimidad al esca\u00f1o de Israel\u201d.<\/p>\n<p>Antoinette Radford de CNN contribuy\u00f3 con este informe.<\/p>\n<p>The-CNN-Wire<br \/>&trade; &amp; &copy; 2024 Cable News Network, Inc., a Warner Bros. Discovery Company. All rights reserved.<\/p>\n","protected":false},"excerpt":{"rendered":"<p>(CNN) &#8212; Israel fue objeto de duras cr\u00edticas por parte de los l\u00edderes europeos que est\u00e1n tratando de impedir que el Estado jud\u00edo siga adelante con sus guerras en Gaza y el sur del L\u00edbano. Desde los pedidos de un cese total de las ventas de armas a Israel y la consideraci\u00f3n de sanciones a [&hellip;]<\/p>\n","protected":false},"author":0,"featured_media":0,"comment_status":"open","ping_status":"open","sticky":false,"template":"","format":"standard","meta":{"_jetpack_memberships_contains_paid_content":false,"footnotes":""},"categories":[10],"tags":[],"class_list":["post-1455260","post","type-post","status-publish","format-standard","hentry","category-noticias-nacionales","market-global"],"yoast_head":"<!-- This site is optimized with the Yoast SEO plugin v24.4 - https:\/\/yoast.com\/wordpress\/plugins\/seo\/ -->\n<title>Las guerras en Gaza y L\u00edbano tensan los v\u00ednculos de Israel con Europa - Noticias<\/title>\n<meta name=\"robots\" content=\"index, follow, max-snippet:-1, max-image-preview:large, max-video-preview:-1\" \/>\n<link rel=\"canonical\" href=\"https:\/\/noticiasya.com\/2024\/10\/20\/guerras-en-gaza-y-libano-tensan-los-vinculos-de-israel-europa-trax\/\" \/>\n<meta property=\"og:locale\" content=\"es_ES\" \/>\n<meta property=\"og:type\" content=\"article\" \/>\n<meta property=\"og:title\" content=\"Las guerras en Gaza y L\u00edbano tensan los v\u00ednculos de Israel con Europa - Noticias\" \/>\n<meta property=\"og:description\" content=\"(CNN) &#8212; Israel fue objeto de duras cr\u00edticas por parte de los l\u00edderes europeos que est\u00e1n tratando de impedir que el Estado jud\u00edo siga adelante con sus guerras en Gaza y el sur del L\u00edbano. Desde los pedidos de un cese total de las ventas de armas a Israel y la consideraci\u00f3n de sanciones a [&hellip;]\" \/>\n<meta property=\"og:url\" content=\"https:\/\/noticiasya.com\/2024\/10\/20\/guerras-en-gaza-y-libano-tensan-los-vinculos-de-israel-europa-trax\/\" \/>\n<meta property=\"og:site_name\" content=\"Noticias\" \/>\n<meta property=\"article:published_time\" content=\"2024-10-20T08:03:39+00:00\" \/>\n<meta name=\"twitter:card\" content=\"summary_large_image\" \/>\n<meta name=\"twitter:label1\" content=\"Est. reading time\" \/>\n\t<meta name=\"twitter:data1\" content=\"11 minutos\" \/>\n<script type=\"application\/ld+json\" class=\"yoast-schema-graph\">{\"@context\":\"https:\/\/schema.org\",\"@graph\":[{\"@type\":\"Article\",\"@id\":\"https:\/\/noticiasya.com\/2024\/10\/20\/guerras-en-gaza-y-libano-tensan-los-vinculos-de-israel-europa-trax\/#article\",\"isPartOf\":{\"@id\":\"https:\/\/noticiasya.com\/2024\/10\/20\/guerras-en-gaza-y-libano-tensan-los-vinculos-de-israel-europa-trax\/\"},\"author\":{\"name\":\"\",\"@id\":\"\"},\"headline\":\"Las guerras en Gaza y L\u00edbano tensan los v\u00ednculos de Israel con Europa\",\"datePublished\":\"2024-10-20T08:03:39+00:00\",\"mainEntityOfPage\":{\"@id\":\"https:\/\/noticiasya.com\/2024\/10\/20\/guerras-en-gaza-y-libano-tensan-los-vinculos-de-israel-europa-trax\/\"},\"wordCount\":2157,\"commentCount\":0,\"publisher\":{\"@id\":\"https:\/\/noticiasya.com\/#organization\"},\"articleSection\":[\"Noticias Nacionales\"],\"inLanguage\":\"es\",\"potentialAction\":[{\"@type\":\"CommentAction\",\"name\":\"Comment\",\"target\":[\"https:\/\/noticiasya.com\/2024\/10\/20\/guerras-en-gaza-y-libano-tensan-los-vinculos-de-israel-europa-trax\/#respond\"]}]},{\"@type\":\"WebPage\",\"@id\":\"https:\/\/noticiasya.com\/2024\/10\/20\/guerras-en-gaza-y-libano-tensan-los-vinculos-de-israel-europa-trax\/\",\"url\":\"https:\/\/noticiasya.com\/2024\/10\/20\/guerras-en-gaza-y-libano-tensan-los-vinculos-de-israel-europa-trax\/\",\"name\":\"Las guerras en Gaza y L\u00edbano tensan los v\u00ednculos de Israel con Europa - Noticias\",\"isPartOf\":{\"@id\":\"https:\/\/noticiasya.com\/#website\"},\"datePublished\":\"2024-10-20T08:03:39+00:00\",\"breadcrumb\":{\"@id\":\"https:\/\/noticiasya.com\/2024\/10\/20\/guerras-en-gaza-y-libano-tensan-los-vinculos-de-israel-europa-trax\/#breadcrumb\"},\"inLanguage\":\"es\",\"potentialAction\":[{\"@type\":\"ReadAction\",\"target\":[\"https:\/\/noticiasya.com\/2024\/10\/20\/guerras-en-gaza-y-libano-tensan-los-vinculos-de-israel-europa-trax\/\"]}]},{\"@type\":\"BreadcrumbList\",\"@id\":\"https:\/\/noticiasya.com\/2024\/10\/20\/guerras-en-gaza-y-libano-tensan-los-vinculos-de-israel-europa-trax\/#breadcrumb\",\"itemListElement\":[{\"@type\":\"ListItem\",\"position\":1,\"name\":\"Home\",\"item\":\"https:\/\/noticiasya.com\/\"},{\"@type\":\"ListItem\",\"position\":2,\"name\":\"Las guerras en Gaza y L\u00edbano tensan los v\u00ednculos de Israel con Europa\"}]},{\"@type\":\"WebSite\",\"@id\":\"https:\/\/noticiasya.com\/#website\",\"url\":\"https:\/\/noticiasya.com\/\",\"name\":\"Noticias\",\"description\":\"Lo que importa\",\"publisher\":{\"@id\":\"https:\/\/noticiasya.com\/#organization\"},\"potentialAction\":[{\"@type\":\"SearchAction\",\"target\":{\"@type\":\"EntryPoint\",\"urlTemplate\":\"https:\/\/noticiasya.com\/?s={search_term_string}\"},\"query-input\":{\"@type\":\"PropertyValueSpecification\",\"valueRequired\":true,\"valueName\":\"search_term_string\"}}],\"inLanguage\":\"es\"},{\"@type\":\"Organization\",\"@id\":\"https:\/\/noticiasya.com\/#organization\",\"name\":\"Noticias\",\"url\":\"https:\/\/noticiasya.com\/\",\"logo\":{\"@type\":\"ImageObject\",\"inLanguage\":\"es\",\"@id\":\"https:\/\/noticiasya.com\/#\/schema\/logo\/image\/\",\"url\":\"https:\/\/noticiasya.com\/wp-content\/uploads\/sites\/22\/2023\/12\/logo-nacional.png\",\"contentUrl\":\"https:\/\/noticiasya.com\/wp-content\/uploads\/sites\/22\/2023\/12\/logo-nacional.png\",\"width\":1801,\"height\":691,\"caption\":\"Noticias\"},\"image\":{\"@id\":\"https:\/\/noticiasya.com\/#\/schema\/logo\/image\/\"}}]}<\/script>\n<!-- \/ Yoast SEO plugin. -->","yoast_head_json":{"title":"Las guerras en Gaza y L\u00edbano tensan los v\u00ednculos de Israel con Europa - Noticias","robots":{"index":"index","follow":"follow","max-snippet":"max-snippet:-1","max-image-preview":"max-image-preview:large","max-video-preview":"max-video-preview:-1"},"canonical":"https:\/\/noticiasya.com\/2024\/10\/20\/guerras-en-gaza-y-libano-tensan-los-vinculos-de-israel-europa-trax\/","og_locale":"es_ES","og_type":"article","og_title":"Las guerras en Gaza y L\u00edbano tensan los v\u00ednculos de Israel con Europa - Noticias","og_description":"(CNN) &#8212; Israel fue objeto de duras cr\u00edticas por parte de los l\u00edderes europeos que est\u00e1n tratando de impedir que el Estado jud\u00edo siga adelante con sus guerras en Gaza y el sur del L\u00edbano. Desde los pedidos de un cese total de las ventas de armas a Israel y la consideraci\u00f3n de sanciones a [&hellip;]","og_url":"https:\/\/noticiasya.com\/2024\/10\/20\/guerras-en-gaza-y-libano-tensan-los-vinculos-de-israel-europa-trax\/","og_site_name":"Noticias","article_published_time":"2024-10-20T08:03:39+00:00","twitter_card":"summary_large_image","twitter_misc":{"Est. reading time":"11 minutos"},"schema":{"@context":"https:\/\/schema.org","@graph":[{"@type":"Article","@id":"https:\/\/noticiasya.com\/2024\/10\/20\/guerras-en-gaza-y-libano-tensan-los-vinculos-de-israel-europa-trax\/#article","isPartOf":{"@id":"https:\/\/noticiasya.com\/2024\/10\/20\/guerras-en-gaza-y-libano-tensan-los-vinculos-de-israel-europa-trax\/"},"author":{"name":"","@id":""},"headline":"Las guerras en Gaza y L\u00edbano tensan los v\u00ednculos de Israel con Europa","datePublished":"2024-10-20T08:03:39+00:00","mainEntityOfPage":{"@id":"https:\/\/noticiasya.com\/2024\/10\/20\/guerras-en-gaza-y-libano-tensan-los-vinculos-de-israel-europa-trax\/"},"wordCount":2157,"commentCount":0,"publisher":{"@id":"https:\/\/noticiasya.com\/#organization"},"articleSection":["Noticias Nacionales"],"inLanguage":"es","potentialAction":[{"@type":"CommentAction","name":"Comment","target":["https:\/\/noticiasya.com\/2024\/10\/20\/guerras-en-gaza-y-libano-tensan-los-vinculos-de-israel-europa-trax\/#respond"]}]},{"@type":"WebPage","@id":"https:\/\/noticiasya.com\/2024\/10\/20\/guerras-en-gaza-y-libano-tensan-los-vinculos-de-israel-europa-trax\/","url":"https:\/\/noticiasya.com\/2024\/10\/20\/guerras-en-gaza-y-libano-tensan-los-vinculos-de-israel-europa-trax\/","name":"Las guerras en Gaza y L\u00edbano tensan los v\u00ednculos de Israel con Europa - Noticias","isPartOf":{"@id":"https:\/\/noticiasya.com\/#website"},"datePublished":"2024-10-20T08:03:39+00:00","breadcrumb":{"@id":"https:\/\/noticiasya.com\/2024\/10\/20\/guerras-en-gaza-y-libano-tensan-los-vinculos-de-israel-europa-trax\/#breadcrumb"},"inLanguage":"es","potentialAction":[{"@type":"ReadAction","target":["https:\/\/noticiasya.com\/2024\/10\/20\/guerras-en-gaza-y-libano-tensan-los-vinculos-de-israel-europa-trax\/"]}]},{"@type":"BreadcrumbList","@id":"https:\/\/noticiasya.com\/2024\/10\/20\/guerras-en-gaza-y-libano-tensan-los-vinculos-de-israel-europa-trax\/#breadcrumb","itemListElement":[{"@type":"ListItem","position":1,"name":"Home","item":"https:\/\/noticiasya.com\/"},{"@type":"ListItem","position":2,"name":"Las guerras en Gaza y L\u00edbano tensan los v\u00ednculos de Israel con Europa"}]},{"@type":"WebSite","@id":"https:\/\/noticiasya.com\/#website","url":"https:\/\/noticiasya.com\/","name":"Noticias","description":"Lo que importa","publisher":{"@id":"https:\/\/noticiasya.com\/#organization"},"potentialAction":[{"@type":"SearchAction","target":{"@type":"EntryPoint","urlTemplate":"https:\/\/noticiasya.com\/?s={search_term_string}"},"query-input":{"@type":"PropertyValueSpecification","valueRequired":true,"valueName":"search_term_string"}}],"inLanguage":"es"},{"@type":"Organization","@id":"https:\/\/noticiasya.com\/#organization","name":"Noticias","url":"https:\/\/noticiasya.com\/","logo":{"@type":"ImageObject","inLanguage":"es","@id":"https:\/\/noticiasya.com\/#\/schema\/logo\/image\/","url":"https:\/\/noticiasya.com\/wp-content\/uploads\/sites\/22\/2023\/12\/logo-nacional.png","contentUrl":"https:\/\/noticiasya.com\/wp-content\/uploads\/sites\/22\/2023\/12\/logo-nacional.png","width":1801,"height":691,"caption":"Noticias"},"image":{"@id":"https:\/\/noticiasya.com\/#\/schema\/logo\/image\/"}}]}},"parsely":{"version":"1.1.0","canonical_url":"https:\/\/noticiasya.com\/midland-odessa\/2024\/10\/20\/guerras-en-gaza-y-libano-tensan-los-vinculos-de-israel-europa-trax\/","smart_links":{"inbound":0,"outbound":0},"traffic_boost_suggestions_count":0,"meta":{"@context":"https:\/\/schema.org","@type":"NewsArticle","headline":"Las guerras en Gaza y L\u00edbano tensan los v\u00ednculos de Israel con Europa","url":"http:\/\/noticiasya.com\/midland-odessa\/2024\/10\/20\/guerras-en-gaza-y-libano-tensan-los-vinculos-de-israel-europa-trax\/","mainEntityOfPage":{"@type":"WebPage","@id":"http:\/\/noticiasya.com\/midland-odessa\/2024\/10\/20\/guerras-en-gaza-y-libano-tensan-los-vinculos-de-israel-europa-trax\/"},"thumbnailUrl":"","image":{"@type":"ImageObject","url":""},"articleSection":"Noticias Nacionales","author":[],"creator":[],"publisher":{"@type":"Organization","name":"Noticias","logo":""},"keywords":[],"dateCreated":"2024-10-20T08:03:39Z","datePublished":"2024-10-20T08:03:39Z","dateModified":"2024-10-20T08:03:39Z"},"rendered":"<script type=\"application\/ld+json\" class=\"wp-parsely-metadata\">{\"@context\":\"https:\\\/\\\/schema.org\",\"@type\":\"NewsArticle\",\"headline\":\"Las guerras en Gaza y L\\u00edbano tensan los v\\u00ednculos de Israel con Europa\",\"url\":\"http:\\\/\\\/noticiasya.com\\\/midland-odessa\\\/2024\\\/10\\\/20\\\/guerras-en-gaza-y-libano-tensan-los-vinculos-de-israel-europa-trax\\\/\",\"mainEntityOfPage\":{\"@type\":\"WebPage\",\"@id\":\"http:\\\/\\\/noticiasya.com\\\/midland-odessa\\\/2024\\\/10\\\/20\\\/guerras-en-gaza-y-libano-tensan-los-vinculos-de-israel-europa-trax\\\/\"},\"thumbnailUrl\":\"\",\"image\":{\"@type\":\"ImageObject\",\"url\":\"\"},\"articleSection\":\"Noticias Nacionales\",\"author\":[],\"creator\":[],\"publisher\":{\"@type\":\"Organization\",\"name\":\"Noticias\",\"logo\":\"\"},\"keywords\":[],\"dateCreated\":\"2024-10-20T08:03:39Z\",\"datePublished\":\"2024-10-20T08:03:39Z\",\"dateModified\":\"2024-10-20T08:03:39Z\"}<\/script>","tracker_url":"https:\/\/cdn.parsely.com\/keys\/noticiasya.com\/p.js"},"jetpack_featured_media_url":"","jetpack-related-posts":[{"id":1473292,"url":"https:\/\/noticiasya.com\/midland-odessa\/2026\/04\/17\/alto-fuego-libano-trump-netanyahu-trax\/","url_meta":{"origin":1455260,"position":0},"title":"Con el alto el fuego en L\u00edbano, Trump ha impuesto otra decisi\u00f3n a Netanyahu, una vez m\u00e1s","author":"","date":"abril 17, 2026","format":false,"excerpt":"La llamada que predijo el presidente Donald Trump no se produjo, pero dej\u00f3 pocas dudas sobre lo que vendr\u00eda despu\u00e9s.El jueves por la ma\u00f1ana, Trump anunci\u00f3 que el primer ministro de Israel, Benjamin Netanyahu, hablar\u00eda con el presidente del L\u00edbano, Joseph Aoun.Este habr\u00eda sido el primer contacto directo en d\u00e9cadas\u2026","rel":"","context":"In &quot;Noticias Nacionales&quot;","block_context":{"text":"Noticias Nacionales","link":"https:\/\/noticiasya.com\/midland-odessa\/categoria\/noticias-nacionales"},"img":{"alt_text":"","src":"","width":0,"height":0},"classes":[]},{"id":1473480,"url":"https:\/\/noticiasya.com\/midland-odessa\/2026\/04\/24\/estrategia-gaza-imagenes-satelitales-destruccion-libano-trax\/","url_meta":{"origin":1455260,"position":1},"title":"Como en Gaza: im\u00e1genes satelitales revelan la magnitud de la destrucci\u00f3n israel\u00ed en el L\u00edbano","author":"","date":"abril 24, 2026","format":false,"excerpt":"El 14 de abril, im\u00e1genes satelitales mostraron el centro de Bint Jbeil, en el sur del L\u00edbano, gravemente da\u00f1ado, con patrones grises de escombros que sugieren incendios compatibles con demoliciones. Para el 23 de abril, los edificios y estructuras restantes hab\u00edan quedado completamente arrasados.Cuando Hezbollah dispar\u00f3 cohetes contra Israel el\u2026","rel":"","context":"In &quot;Noticias Nacionales&quot;","block_context":{"text":"Noticias Nacionales","link":"https:\/\/noticiasya.com\/midland-odessa\/categoria\/noticias-nacionales"},"img":{"alt_text":"","src":"","width":0,"height":0},"classes":[]},{"id":1455802,"url":"https:\/\/noticiasya.com\/midland-odessa\/2024\/11\/13\/israel-amplio-operacion-militar-libano-trax\/","url_meta":{"origin":1455260,"position":2},"title":"Israel afirma que ampli\u00f3 su operaci\u00f3n militar terrestre en el L\u00edbano","author":"","date":"noviembre 13, 2024","format":false,"excerpt":"(CNN) \u2013\u2013 La operaci\u00f3n militar terrestre de Israel en el sur del L\u00edbano se ampli\u00f3, dijo este mi\u00e9rcoles el ministro de Defensa del pa\u00eds, Israel Katz.Katz no aclar\u00f3 cu\u00e1ndo se tom\u00f3 la decisi\u00f3n de extender las operaciones ni ofreci\u00f3 detalles sobre lo que implica la expansi\u00f3n. Israel lanz\u00f3 lo que\u2026","rel":"","context":"In &quot;Noticias Nacionales&quot;","block_context":{"text":"Noticias Nacionales","link":"https:\/\/noticiasya.com\/midland-odessa\/categoria\/noticias-nacionales"},"img":{"alt_text":"","src":"","width":0,"height":0},"classes":[]},{"id":1457888,"url":"https:\/\/noticiasya.com\/midland-odessa\/2025\/01\/26\/tres-personas-murieron-residentes-libano-desafian-ordenes-israelies-trax\/","url_meta":{"origin":1455260,"position":3},"title":"Tres personas murieron mientras residentes del sur del L\u00edbano desaf\u00edan las \u00f3rdenes israel\u00edes de no regresar a sus hogares","author":"","date":"enero 26, 2025","format":false,"excerpt":"Tropas israel\u00edes mataron a tres personas e hirieron a otras 31 en el sur del L\u00edbano, inform\u00f3 el Gobierno liban\u00e9s, mientras los residentes de las aldeas cercanas a la frontera desafiaban las \u00f3rdenes de las fuerzas israel\u00edes de no regresar a sus hogares.\u201cUn ciudadano muri\u00f3 en Houla y otros nueve\u2026","rel":"","context":"In &quot;Noticias Nacionales&quot;","block_context":{"text":"Noticias Nacionales","link":"https:\/\/noticiasya.com\/midland-odessa\/categoria\/noticias-nacionales"},"img":{"alt_text":"","src":"","width":0,"height":0},"classes":[]},{"id":1452984,"url":"https:\/\/noticiasya.com\/midland-odessa\/2024\/09\/24\/israel-ataca-libano-explicacion-hezbollah-trax\/","url_meta":{"origin":1455260,"position":4},"title":"Los ataques israel\u00edes provocan el d\u00eda m\u00e1s mort\u00edfero en el L\u00edbano en casi dos d\u00e9cadas. Esto es lo que sabemos","author":"","date":"septiembre 24, 2024","format":false,"excerpt":"(CNN) -- Israel lanz\u00f3 este lunes un intenso aluvi\u00f3n de ataques a\u00e9reos sobre amplias zonas del L\u00edbano en lo que fue el d\u00eda m\u00e1s mort\u00edfero para el pa\u00eds desde, al menos, la guerra librada en 2006 entre Israel y el poderoso grupo militante Hezbollah, respaldado por Ir\u00e1n.El terror y la\u2026","rel":"","context":"In &quot;Noticias Nacionales&quot;","block_context":{"text":"Noticias Nacionales","link":"https:\/\/noticiasya.com\/midland-odessa\/categoria\/noticias-nacionales"},"img":{"alt_text":"","src":"","width":0,"height":0},"classes":[]},{"id":1453247,"url":"https:\/\/noticiasya.com\/midland-odessa\/2024\/10\/01\/israel-incursion-terrestre-libano-explicacion-trax\/","url_meta":{"origin":1455260,"position":5},"title":"Las tropas israel\u00edes iniciaron una guerra terrestre en el sur del L\u00edbano. Esto es lo que sabemos","author":"","date":"octubre 1, 2024","format":false,"excerpt":"(CNN) -- Israel lanz\u00f3 lo que denomin\u00f3 \"una operaci\u00f3n terrestre limitada\" a trav\u00e9s de su frontera septentrional con L\u00edbano contra el grupo militante Hezbollah, respaldado por Ir\u00e1n, abriendo una nueva y peligrosa fase en casi un a\u00f1o de guerra.La incursi\u00f3n, que el Gabinete de Seguridad Nacional de Israel calific\u00f3 de\u2026","rel":"","context":"In &quot;Noticias Nacionales&quot;","block_context":{"text":"Noticias Nacionales","link":"https:\/\/noticiasya.com\/midland-odessa\/categoria\/noticias-nacionales"},"img":{"alt_text":"","src":"","width":0,"height":0},"classes":[]}],"jetpack_sharing_enabled":true,"_links":{"self":[{"href":"https:\/\/noticiasya.com\/midland-odessa\/wp-json\/wp\/v2\/posts\/1455260","targetHints":{"allow":["GET"]}}],"collection":[{"href":"https:\/\/noticiasya.com\/midland-odessa\/wp-json\/wp\/v2\/posts"}],"about":[{"href":"https:\/\/noticiasya.com\/midland-odessa\/wp-json\/wp\/v2\/types\/post"}],"replies":[{"embeddable":true,"href":"https:\/\/noticiasya.com\/midland-odessa\/wp-json\/wp\/v2\/comments?post=1455260"}],"version-history":[{"count":0,"href":"https:\/\/noticiasya.com\/midland-odessa\/wp-json\/wp\/v2\/posts\/1455260\/revisions"}],"wp:attachment":[{"href":"https:\/\/noticiasya.com\/midland-odessa\/wp-json\/wp\/v2\/media?parent=1455260"}],"wp:term":[{"taxonomy":"category","embeddable":true,"href":"https:\/\/noticiasya.com\/midland-odessa\/wp-json\/wp\/v2\/categories?post=1455260"},{"taxonomy":"post_tag","embeddable":true,"href":"https:\/\/noticiasya.com\/midland-odessa\/wp-json\/wp\/v2\/tags?post=1455260"}],"curies":[{"name":"wp","href":"https:\/\/api.w.org\/{rel}","templated":true}]}}