{"id":1455262,"date":"2024-10-20T04:03:43","date_gmt":"2024-10-20T11:03:43","guid":{"rendered":"https:\/\/noticiasya.com\/2024\/10\/20\/steve-bannon-emite-comunicado-culpa-a-kamala-harris-no-cumplir-fechas-excarcelacion-trax\/"},"modified":"2024-10-20T04:03:43","modified_gmt":"2024-10-20T11:03:43","slug":"steve-bannon-emite-comunicado-culpa-a-kamala-harris-no-cumplir-fechas-excarcelacion-trax","status":"publish","type":"post","link":"https:\/\/noticiasya.com\/midland-odessa\/2024\/10\/20\/steve-bannon-emite-comunicado-culpa-a-kamala-harris-no-cumplir-fechas-excarcelacion-trax\/","title":{"rendered":"Steve Bannon emite un comunicado en el que culpa a Kamala Harris de no cumplir las fechas de excarcelaci\u00f3n anteriores, incluso para \u00e9l"},"content":{"rendered":"<p>(CNN) &#8212; Steve Bannon emiti\u00f3 una mordaz declaraci\u00f3n desde la c\u00e1rcel criticando a la vicepresidenta Kamala Harris y sugiriendo sin pruebas que ella tiene un papel en la prolongaci\u00f3n de su sentencia de prisi\u00f3n m\u00e1s all\u00e1 de su fecha de liberaci\u00f3n m\u00e1s temprana posible. La declaraci\u00f3n fue obtenida por CNN este s\u00e1bado por la noche a trav\u00e9s de Maureen Bannon, una excapitana del Ej\u00e9rcito de EE.UU., que se mantiene en contacto con su padre mientras cumple su condena en una prisi\u00f3n federal en Danbury, Connecticut.<\/p>\n<p>&#171;La &#8216;Reina del Encarcelamiento Masivo&#8217;, Kamala Harris, perder\u00e1 su candidatura a la presidencia el 5 de noviembre debido a que los hombres negros e hispanos rechazan su candidatura y se niegan a votar por ella debido a su incapacidad para implementar la Ley del Primer Paso del presidente Trump&#187;, dec\u00eda el comunicado de Bannon.<\/p>\n<p>La Ley del Primer Paso es una ley aprobada durante la Administraci\u00f3n Trump que permiti\u00f3 que los presos federales que no son considerados una amenaza para la seguridad p\u00fablica sean liberados antes del tiempo completo de su condena. La fecha de liberaci\u00f3n obligatoria de Bannon ser\u00eda el 29 de octubre. Bajo la Ley del Primer Paso ser\u00eda elegible para ser liberado ahora.<\/p>\n<p>El comunicado de Bannon acusaba a la administraci\u00f3n Biden y a la Oficina Federal de Prisiones (BOP) de no cumplir las fechas de excarcelaci\u00f3n que permite la ley, y citaba a miles de otros presos sin sus recursos que tambi\u00e9n pueden optar a la excarcelaci\u00f3n, pero siguen cumpliendo condena.<\/p>\n<p>La Ley del Primer Paso permite a los presos de seguridad m\u00ednima y baja ganar hasta 15 d\u00edas cada mes de descuento en sus condenas y esos cr\u00e9ditos tienen un l\u00edmite de 365 d\u00edas. La Oficina de Prisiones ha tenido problemas con la aplicaci\u00f3n de la ley, en parte debido a la confusi\u00f3n en los c\u00e1lculos sobre cu\u00e1ntos cr\u00e9ditos hab\u00eda ganado cada recluso, as\u00ed como a fallos inform\u00e1ticos.<\/p>\n<p>&#171;Harris jug\u00f3 a la pol\u00edtica con la vida de la gente, y ahora pagar\u00e1 por su arrogancia: los hombres negros e hispanos la detestan y nunca votar\u00e1n por ella&#187;.<\/p>\n<p>&#171;Es imposible que gane Pensilvania, Michigan o Georgia sin este voto cr\u00edtico. El BOP de Harris me mantiene encarcelado 10 d\u00edas m\u00e1s de lo que es legal debido a la misma falta de aplicaci\u00f3n de la FSA&#187;, dice la declaraci\u00f3n.<\/p>\n<p>Declaraci\u00f3n completa a continuaci\u00f3n<\/p>\n<p>La &#8216;Reina del Encarcelamiento Masivo&#8217;, Kamala Harris, perder\u00e1 su candidatura a la presidencia el 5 de noviembre debido a que los hombres negros e hispanos rechazan su candidatura y se niegan a votar por ella debido a su incapacidad para implementar la Ley de Primer Paso del presidente Trump.<\/p>\n<p>Decenas de miles de hombres negros e hispanos deber\u00edan estar ahora de vuelta con sus familias o en un camino detallado de cuando salen de prisi\u00f3n.<\/p>\n<p>Harris jug\u00f3 a la pol\u00edtica con la vida de las personas, y ahora pagar\u00e1 por su arrogancia: los hombres negros e hispanos la detestan y nunca votar\u00e1n por ella.<\/p>\n<p>Es imposible que gane Pennsylvania, Michigan o Georgia sin este voto cr\u00edtico. El BOP de Harris me mantiene encarcelado 10 d\u00edas m\u00e1s de lo que es legal debido al mismo fracaso en implementar la FSA.<\/p>\n<p>The-CNN-Wire<br \/>&trade; &amp; &copy; 2024 Cable News Network, Inc., a Warner Bros. Discovery Company. All rights reserved.<\/p>\n","protected":false},"excerpt":{"rendered":"<p>(CNN) &#8212; Steve Bannon emiti\u00f3 una mordaz declaraci\u00f3n desde la c\u00e1rcel criticando a la vicepresidenta Kamala Harris y sugiriendo sin pruebas que ella tiene un papel en la prolongaci\u00f3n de su sentencia de prisi\u00f3n m\u00e1s all\u00e1 de su fecha de liberaci\u00f3n m\u00e1s temprana posible. La declaraci\u00f3n fue obtenida por CNN este s\u00e1bado por la noche [&hellip;]<\/p>\n","protected":false},"author":0,"featured_media":0,"comment_status":"open","ping_status":"open","sticky":false,"template":"","format":"standard","meta":{"_jetpack_memberships_contains_paid_content":false,"footnotes":""},"categories":[10],"tags":[],"class_list":["post-1455262","post","type-post","status-publish","format-standard","hentry","category-noticias-nacionales","market-global"],"yoast_head":"<!-- This site is optimized with the Yoast SEO plugin v24.4 - https:\/\/yoast.com\/wordpress\/plugins\/seo\/ -->\n<title>Steve Bannon emite un comunicado en el que culpa a Kamala Harris de no cumplir las fechas de excarcelaci\u00f3n anteriores, incluso para \u00e9l - Noticias<\/title>\n<meta name=\"robots\" content=\"index, follow, max-snippet:-1, max-image-preview:large, max-video-preview:-1\" \/>\n<link rel=\"canonical\" href=\"https:\/\/noticiasya.com\/2024\/10\/20\/steve-bannon-emite-comunicado-culpa-a-kamala-harris-no-cumplir-fechas-excarcelacion-trax\/\" \/>\n<meta property=\"og:locale\" content=\"es_ES\" \/>\n<meta property=\"og:type\" content=\"article\" \/>\n<meta property=\"og:title\" content=\"Steve Bannon emite un comunicado en el que culpa a Kamala Harris de no cumplir las fechas de excarcelaci\u00f3n anteriores, incluso para \u00e9l - Noticias\" \/>\n<meta property=\"og:description\" content=\"(CNN) &#8212; Steve Bannon emiti\u00f3 una mordaz declaraci\u00f3n desde la c\u00e1rcel criticando a la vicepresidenta Kamala Harris y sugiriendo sin pruebas que ella tiene un papel en la prolongaci\u00f3n de su sentencia de prisi\u00f3n m\u00e1s all\u00e1 de su fecha de liberaci\u00f3n m\u00e1s temprana posible. La declaraci\u00f3n fue obtenida por CNN este s\u00e1bado por la noche [&hellip;]\" \/>\n<meta property=\"og:url\" content=\"https:\/\/noticiasya.com\/2024\/10\/20\/steve-bannon-emite-comunicado-culpa-a-kamala-harris-no-cumplir-fechas-excarcelacion-trax\/\" \/>\n<meta property=\"og:site_name\" content=\"Noticias\" \/>\n<meta property=\"article:published_time\" content=\"2024-10-20T11:03:43+00:00\" \/>\n<meta name=\"twitter:card\" content=\"summary_large_image\" \/>\n<meta name=\"twitter:label1\" content=\"Est. reading time\" \/>\n\t<meta name=\"twitter:data1\" content=\"3 minutos\" \/>\n<script type=\"application\/ld+json\" class=\"yoast-schema-graph\">{\"@context\":\"https:\/\/schema.org\",\"@graph\":[{\"@type\":\"Article\",\"@id\":\"https:\/\/noticiasya.com\/2024\/10\/20\/steve-bannon-emite-comunicado-culpa-a-kamala-harris-no-cumplir-fechas-excarcelacion-trax\/#article\",\"isPartOf\":{\"@id\":\"https:\/\/noticiasya.com\/2024\/10\/20\/steve-bannon-emite-comunicado-culpa-a-kamala-harris-no-cumplir-fechas-excarcelacion-trax\/\"},\"author\":{\"name\":\"\",\"@id\":\"\"},\"headline\":\"Steve Bannon emite un comunicado en el que culpa a Kamala Harris de no cumplir las fechas de excarcelaci\u00f3n anteriores, incluso para \u00e9l\",\"datePublished\":\"2024-10-20T11:03:43+00:00\",\"mainEntityOfPage\":{\"@id\":\"https:\/\/noticiasya.com\/2024\/10\/20\/steve-bannon-emite-comunicado-culpa-a-kamala-harris-no-cumplir-fechas-excarcelacion-trax\/\"},\"wordCount\":614,\"commentCount\":0,\"publisher\":{\"@id\":\"https:\/\/noticiasya.com\/#organization\"},\"articleSection\":[\"Noticias Nacionales\"],\"inLanguage\":\"es\",\"potentialAction\":[{\"@type\":\"CommentAction\",\"name\":\"Comment\",\"target\":[\"https:\/\/noticiasya.com\/2024\/10\/20\/steve-bannon-emite-comunicado-culpa-a-kamala-harris-no-cumplir-fechas-excarcelacion-trax\/#respond\"]}]},{\"@type\":\"WebPage\",\"@id\":\"https:\/\/noticiasya.com\/2024\/10\/20\/steve-bannon-emite-comunicado-culpa-a-kamala-harris-no-cumplir-fechas-excarcelacion-trax\/\",\"url\":\"https:\/\/noticiasya.com\/2024\/10\/20\/steve-bannon-emite-comunicado-culpa-a-kamala-harris-no-cumplir-fechas-excarcelacion-trax\/\",\"name\":\"Steve Bannon emite un comunicado en el que culpa a Kamala Harris de no cumplir las fechas de excarcelaci\u00f3n anteriores, incluso para \u00e9l - Noticias\",\"isPartOf\":{\"@id\":\"https:\/\/noticiasya.com\/#website\"},\"datePublished\":\"2024-10-20T11:03:43+00:00\",\"breadcrumb\":{\"@id\":\"https:\/\/noticiasya.com\/2024\/10\/20\/steve-bannon-emite-comunicado-culpa-a-kamala-harris-no-cumplir-fechas-excarcelacion-trax\/#breadcrumb\"},\"inLanguage\":\"es\",\"potentialAction\":[{\"@type\":\"ReadAction\",\"target\":[\"https:\/\/noticiasya.com\/2024\/10\/20\/steve-bannon-emite-comunicado-culpa-a-kamala-harris-no-cumplir-fechas-excarcelacion-trax\/\"]}]},{\"@type\":\"BreadcrumbList\",\"@id\":\"https:\/\/noticiasya.com\/2024\/10\/20\/steve-bannon-emite-comunicado-culpa-a-kamala-harris-no-cumplir-fechas-excarcelacion-trax\/#breadcrumb\",\"itemListElement\":[{\"@type\":\"ListItem\",\"position\":1,\"name\":\"Home\",\"item\":\"https:\/\/noticiasya.com\/\"},{\"@type\":\"ListItem\",\"position\":2,\"name\":\"Steve Bannon emite un comunicado en el que culpa a Kamala Harris de no cumplir las fechas de excarcelaci\u00f3n anteriores, incluso para \u00e9l\"}]},{\"@type\":\"WebSite\",\"@id\":\"https:\/\/noticiasya.com\/#website\",\"url\":\"https:\/\/noticiasya.com\/\",\"name\":\"Noticias\",\"description\":\"Lo que importa\",\"publisher\":{\"@id\":\"https:\/\/noticiasya.com\/#organization\"},\"potentialAction\":[{\"@type\":\"SearchAction\",\"target\":{\"@type\":\"EntryPoint\",\"urlTemplate\":\"https:\/\/noticiasya.com\/?s={search_term_string}\"},\"query-input\":{\"@type\":\"PropertyValueSpecification\",\"valueRequired\":true,\"valueName\":\"search_term_string\"}}],\"inLanguage\":\"es\"},{\"@type\":\"Organization\",\"@id\":\"https:\/\/noticiasya.com\/#organization\",\"name\":\"Noticias\",\"url\":\"https:\/\/noticiasya.com\/\",\"logo\":{\"@type\":\"ImageObject\",\"inLanguage\":\"es\",\"@id\":\"https:\/\/noticiasya.com\/#\/schema\/logo\/image\/\",\"url\":\"https:\/\/noticiasya.com\/wp-content\/uploads\/sites\/22\/2023\/12\/logo-nacional.png\",\"contentUrl\":\"https:\/\/noticiasya.com\/wp-content\/uploads\/sites\/22\/2023\/12\/logo-nacional.png\",\"width\":1801,\"height\":691,\"caption\":\"Noticias\"},\"image\":{\"@id\":\"https:\/\/noticiasya.com\/#\/schema\/logo\/image\/\"}}]}<\/script>\n<!-- \/ Yoast SEO plugin. -->","yoast_head_json":{"title":"Steve Bannon emite un comunicado en el que culpa a Kamala Harris de no cumplir las fechas de excarcelaci\u00f3n anteriores, incluso para \u00e9l - Noticias","robots":{"index":"index","follow":"follow","max-snippet":"max-snippet:-1","max-image-preview":"max-image-preview:large","max-video-preview":"max-video-preview:-1"},"canonical":"https:\/\/noticiasya.com\/2024\/10\/20\/steve-bannon-emite-comunicado-culpa-a-kamala-harris-no-cumplir-fechas-excarcelacion-trax\/","og_locale":"es_ES","og_type":"article","og_title":"Steve Bannon emite un comunicado en el que culpa a Kamala Harris de no cumplir las fechas de excarcelaci\u00f3n anteriores, incluso para \u00e9l - Noticias","og_description":"(CNN) &#8212; Steve Bannon emiti\u00f3 una mordaz declaraci\u00f3n desde la c\u00e1rcel criticando a la vicepresidenta Kamala Harris y sugiriendo sin pruebas que ella tiene un papel en la prolongaci\u00f3n de su sentencia de prisi\u00f3n m\u00e1s all\u00e1 de su fecha de liberaci\u00f3n m\u00e1s temprana posible. La declaraci\u00f3n fue obtenida por CNN este s\u00e1bado por la noche [&hellip;]","og_url":"https:\/\/noticiasya.com\/2024\/10\/20\/steve-bannon-emite-comunicado-culpa-a-kamala-harris-no-cumplir-fechas-excarcelacion-trax\/","og_site_name":"Noticias","article_published_time":"2024-10-20T11:03:43+00:00","twitter_card":"summary_large_image","twitter_misc":{"Est. reading time":"3 minutos"},"schema":{"@context":"https:\/\/schema.org","@graph":[{"@type":"Article","@id":"https:\/\/noticiasya.com\/2024\/10\/20\/steve-bannon-emite-comunicado-culpa-a-kamala-harris-no-cumplir-fechas-excarcelacion-trax\/#article","isPartOf":{"@id":"https:\/\/noticiasya.com\/2024\/10\/20\/steve-bannon-emite-comunicado-culpa-a-kamala-harris-no-cumplir-fechas-excarcelacion-trax\/"},"author":{"name":"","@id":""},"headline":"Steve Bannon emite un comunicado en el que culpa a Kamala Harris de no cumplir las fechas de excarcelaci\u00f3n anteriores, incluso para \u00e9l","datePublished":"2024-10-20T11:03:43+00:00","mainEntityOfPage":{"@id":"https:\/\/noticiasya.com\/2024\/10\/20\/steve-bannon-emite-comunicado-culpa-a-kamala-harris-no-cumplir-fechas-excarcelacion-trax\/"},"wordCount":614,"commentCount":0,"publisher":{"@id":"https:\/\/noticiasya.com\/#organization"},"articleSection":["Noticias Nacionales"],"inLanguage":"es","potentialAction":[{"@type":"CommentAction","name":"Comment","target":["https:\/\/noticiasya.com\/2024\/10\/20\/steve-bannon-emite-comunicado-culpa-a-kamala-harris-no-cumplir-fechas-excarcelacion-trax\/#respond"]}]},{"@type":"WebPage","@id":"https:\/\/noticiasya.com\/2024\/10\/20\/steve-bannon-emite-comunicado-culpa-a-kamala-harris-no-cumplir-fechas-excarcelacion-trax\/","url":"https:\/\/noticiasya.com\/2024\/10\/20\/steve-bannon-emite-comunicado-culpa-a-kamala-harris-no-cumplir-fechas-excarcelacion-trax\/","name":"Steve Bannon emite un comunicado en el que culpa a Kamala Harris de no cumplir las fechas de excarcelaci\u00f3n anteriores, incluso para \u00e9l - Noticias","isPartOf":{"@id":"https:\/\/noticiasya.com\/#website"},"datePublished":"2024-10-20T11:03:43+00:00","breadcrumb":{"@id":"https:\/\/noticiasya.com\/2024\/10\/20\/steve-bannon-emite-comunicado-culpa-a-kamala-harris-no-cumplir-fechas-excarcelacion-trax\/#breadcrumb"},"inLanguage":"es","potentialAction":[{"@type":"ReadAction","target":["https:\/\/noticiasya.com\/2024\/10\/20\/steve-bannon-emite-comunicado-culpa-a-kamala-harris-no-cumplir-fechas-excarcelacion-trax\/"]}]},{"@type":"BreadcrumbList","@id":"https:\/\/noticiasya.com\/2024\/10\/20\/steve-bannon-emite-comunicado-culpa-a-kamala-harris-no-cumplir-fechas-excarcelacion-trax\/#breadcrumb","itemListElement":[{"@type":"ListItem","position":1,"name":"Home","item":"https:\/\/noticiasya.com\/"},{"@type":"ListItem","position":2,"name":"Steve Bannon emite un comunicado en el que culpa a Kamala Harris de no cumplir las fechas de excarcelaci\u00f3n anteriores, incluso para \u00e9l"}]},{"@type":"WebSite","@id":"https:\/\/noticiasya.com\/#website","url":"https:\/\/noticiasya.com\/","name":"Noticias","description":"Lo que importa","publisher":{"@id":"https:\/\/noticiasya.com\/#organization"},"potentialAction":[{"@type":"SearchAction","target":{"@type":"EntryPoint","urlTemplate":"https:\/\/noticiasya.com\/?s={search_term_string}"},"query-input":{"@type":"PropertyValueSpecification","valueRequired":true,"valueName":"search_term_string"}}],"inLanguage":"es"},{"@type":"Organization","@id":"https:\/\/noticiasya.com\/#organization","name":"Noticias","url":"https:\/\/noticiasya.com\/","logo":{"@type":"ImageObject","inLanguage":"es","@id":"https:\/\/noticiasya.com\/#\/schema\/logo\/image\/","url":"https:\/\/noticiasya.com\/wp-content\/uploads\/sites\/22\/2023\/12\/logo-nacional.png","contentUrl":"https:\/\/noticiasya.com\/wp-content\/uploads\/sites\/22\/2023\/12\/logo-nacional.png","width":1801,"height":691,"caption":"Noticias"},"image":{"@id":"https:\/\/noticiasya.com\/#\/schema\/logo\/image\/"}}]}},"parsely":{"version":"1.1.0","canonical_url":"https:\/\/noticiasya.com\/midland-odessa\/2024\/10\/20\/steve-bannon-emite-comunicado-culpa-a-kamala-harris-no-cumplir-fechas-excarcelacion-trax\/","smart_links":{"inbound":0,"outbound":0},"traffic_boost_suggestions_count":0,"meta":{"@context":"https:\/\/schema.org","@type":"NewsArticle","headline":"Steve Bannon emite un comunicado en el que culpa a Kamala Harris de no cumplir las fechas de excarcelaci\u00f3n anteriores, incluso para \u00e9l","url":"http:\/\/noticiasya.com\/midland-odessa\/2024\/10\/20\/steve-bannon-emite-comunicado-culpa-a-kamala-harris-no-cumplir-fechas-excarcelacion-trax\/","mainEntityOfPage":{"@type":"WebPage","@id":"http:\/\/noticiasya.com\/midland-odessa\/2024\/10\/20\/steve-bannon-emite-comunicado-culpa-a-kamala-harris-no-cumplir-fechas-excarcelacion-trax\/"},"thumbnailUrl":"","image":{"@type":"ImageObject","url":""},"articleSection":"Noticias Nacionales","author":[],"creator":[],"publisher":{"@type":"Organization","name":"Noticias","logo":""},"keywords":[],"dateCreated":"2024-10-20T11:03:43Z","datePublished":"2024-10-20T11:03:43Z","dateModified":"2024-10-20T11:03:43Z"},"rendered":"<script type=\"application\/ld+json\" class=\"wp-parsely-metadata\">{\"@context\":\"https:\\\/\\\/schema.org\",\"@type\":\"NewsArticle\",\"headline\":\"Steve Bannon emite un comunicado en el que culpa a Kamala Harris de no cumplir las fechas de excarcelaci\\u00f3n anteriores, incluso para \\u00e9l\",\"url\":\"http:\\\/\\\/noticiasya.com\\\/midland-odessa\\\/2024\\\/10\\\/20\\\/steve-bannon-emite-comunicado-culpa-a-kamala-harris-no-cumplir-fechas-excarcelacion-trax\\\/\",\"mainEntityOfPage\":{\"@type\":\"WebPage\",\"@id\":\"http:\\\/\\\/noticiasya.com\\\/midland-odessa\\\/2024\\\/10\\\/20\\\/steve-bannon-emite-comunicado-culpa-a-kamala-harris-no-cumplir-fechas-excarcelacion-trax\\\/\"},\"thumbnailUrl\":\"\",\"image\":{\"@type\":\"ImageObject\",\"url\":\"\"},\"articleSection\":\"Noticias Nacionales\",\"author\":[],\"creator\":[],\"publisher\":{\"@type\":\"Organization\",\"name\":\"Noticias\",\"logo\":\"\"},\"keywords\":[],\"dateCreated\":\"2024-10-20T11:03:43Z\",\"datePublished\":\"2024-10-20T11:03:43Z\",\"dateModified\":\"2024-10-20T11:03:43Z\"}<\/script>","tracker_url":"https:\/\/cdn.parsely.com\/keys\/noticiasya.com\/p.js"},"jetpack_featured_media_url":"","jetpack-related-posts":[{"id":1455471,"url":"https:\/\/noticiasya.com\/midland-odessa\/2024\/10\/31\/steve-bannon-liberado-de-prision-trax\/","url_meta":{"origin":1455262,"position":0},"title":"Excarcelan a Steve Bannon en la recta final de la campa\u00f1a electoral","author":"","date":"octubre 31, 2024","format":false,"excerpt":"(CNN) -- Steve Bannon sali\u00f3 este martes de la prisi\u00f3n federal, seg\u00fan una fuente conocedora, emergiendo justo una semana antes del d\u00eda de las elecciones para retomar el tim\u00f3n de su debilitada plataforma medi\u00e1tica de derechas.Bannon, presentador de podcasts de derecha y jefe ejecutivo de la campa\u00f1a presidencial de Donald\u2026","rel":"","context":"In &quot;Noticias Nacionales&quot;","block_context":{"text":"Noticias Nacionales","link":"https:\/\/noticiasya.com\/midland-odessa\/categoria\/noticias-nacionales"},"img":{"alt_text":"","src":"","width":0,"height":0},"classes":[]},{"id":1451569,"url":"https:\/\/noticiasya.com\/midland-odessa\/2024\/08\/02\/kamala-harris-votos-candidatura-presidencial-democrata-trax\/","url_meta":{"origin":1455262,"position":1},"title":"Kamala Harris obtuvo suficientes votos para ganar la candidatura presidencial dem\u00f3crata, anuncia el presidente del partido","author":"","date":"agosto 2, 2024","format":false,"excerpt":"(CNN) -- La vicepresidenta Kamala Harris obtuvo suficientes votos de los delegados dem\u00f3cratas para ganar la candidatura del partido a la presidencia, anunci\u00f3 el viernes el presidente de la Comisi\u00f3n Nacional Dem\u00f3crata, Jaime Harrison.Harris se convertir\u00e1 en la primera mujer negra y la primera estadounidense de origen asi\u00e1tico en encabezar\u2026","rel":"","context":"In &quot;Noticias Nacionales&quot;","block_context":{"text":"Noticias Nacionales","link":"https:\/\/noticiasya.com\/midland-odessa\/categoria\/noticias-nacionales"},"img":{"alt_text":"","src":"","width":0,"height":0},"classes":[]},{"id":1472901,"url":"https:\/\/noticiasya.com\/midland-odessa\/2026\/04\/06\/corte-suprema-caso-steve-bannon-trax\/","url_meta":{"origin":1455262,"position":2},"title":"La Corte Suprema deja v\u00eda libre para que el Departamento de Justicia de Trump desestime el caso penal contra Steve Bannon","author":"","date":"abril 6, 2026","format":false,"excerpt":"La Corte Suprema de EE.UU. permiti\u00f3 este lunes que el Gobierno del presidente Donald Trump avance en la desestimaci\u00f3n del caso penal contra Steve Bannon, exasesor de la Casa Blanca condenado en 2022 por no acatar una citaci\u00f3n del Congreso en la investigaci\u00f3n del asalto al Capitolio del 6 de\u2026","rel":"","context":"In &quot;Noticias Nacionales&quot;","block_context":{"text":"Noticias Nacionales","link":"https:\/\/noticiasya.com\/midland-odessa\/categoria\/noticias-nacionales"},"img":{"alt_text":"","src":"","width":0,"height":0},"classes":[]},{"id":1451313,"url":"https:\/\/noticiasya.com\/midland-odessa\/2024\/07\/22\/harris-contrasta-historial-fiscal-con-trump-como-delincuente-trax\/","url_meta":{"origin":1455262,"position":3},"title":"C\u00f3mo Harris se prepara para contrastar su historial como fiscal con el de Trump como delincuente","author":"","date":"julio 22, 2024","format":false,"excerpt":"(CNN) --\u00a0 Kamala Harris ha pasado mucho m\u00e1s tiempo de su vida como fiscal que como senadora o vicepresidenta, y es exactamente as\u00ed como ahora se presentar\u00e1 contra Donald Trump.En sesiones que se desarrollaban silenciosamente en el Observatorio Naval incluso antes del desastroso debate de Joe Biden, Harris y su\u2026","rel":"","context":"In &quot;Noticias Nacionales&quot;","block_context":{"text":"Noticias Nacionales","link":"https:\/\/noticiasya.com\/midland-odessa\/categoria\/noticias-nacionales"},"img":{"alt_text":"","src":"","width":0,"height":0},"classes":[]},{"id":1455313,"url":"https:\/\/noticiasya.com\/midland-odessa\/2024\/10\/23\/douglas-emhoff-esposo-kamala-harris-primer-caballero-estados-unidos-orix\/","url_meta":{"origin":1455262,"position":4},"title":"Douglas Emhoff, el esposo de Kamala Harris que podr\u00eda convertirse en primer caballero de Estados Unidos","author":"","date":"octubre 23, 2024","format":false,"excerpt":"(CNN Espa\u00f1ol) -- Si Kamala Harris gana las elecciones de Estados Unidos el pr\u00f3ximo 5 de noviembre, el tradicional t\u00edtulo de primera dama dejar\u00eda de existir y ser\u00eda reemplazado por el de primer caballero, un puesto que ocupar\u00eda Douglas Emhoff.En unos d\u00edas los votantes en Estados Unidos se dirigir\u00e1n a\u2026","rel":"","context":"In &quot;Noticias Nacionales&quot;","block_context":{"text":"Noticias Nacionales","link":"https:\/\/noticiasya.com\/midland-odessa\/categoria\/noticias-nacionales"},"img":{"alt_text":"","src":"","width":0,"height":0},"classes":[]},{"id":1471547,"url":"https:\/\/noticiasya.com\/midland-odessa\/2026\/02\/22\/gavin-newsom-kamala-harris-candidatura-2028-trax\/","url_meta":{"origin":1455262,"position":5},"title":"\u00bfNewsom vs. Harris en 2028? El gobernador de California habla al respecto y revela por qu\u00e9 su hijo se opone","author":"","date":"febrero 22, 2026","format":false,"excerpt":"El gobernador de California, Gavin Newsom, quien inicia una gira de libros que muchos ven como preludio a una candidatura presidencial, habl\u00f3 con CNN sobre la posibilidad de competir contra la exvicepresidenta Kamala Harris, otra figura de larga trayectoria en la pol\u00edtica californiana.\u201c\u00bfQu\u00e9 pasa si y cuando esas carreras paralelas\u2026","rel":"","context":"In &quot;Noticias Nacionales&quot;","block_context":{"text":"Noticias Nacionales","link":"https:\/\/noticiasya.com\/midland-odessa\/categoria\/noticias-nacionales"},"img":{"alt_text":"","src":"","width":0,"height":0},"classes":[]}],"jetpack_sharing_enabled":true,"_links":{"self":[{"href":"https:\/\/noticiasya.com\/midland-odessa\/wp-json\/wp\/v2\/posts\/1455262","targetHints":{"allow":["GET"]}}],"collection":[{"href":"https:\/\/noticiasya.com\/midland-odessa\/wp-json\/wp\/v2\/posts"}],"about":[{"href":"https:\/\/noticiasya.com\/midland-odessa\/wp-json\/wp\/v2\/types\/post"}],"replies":[{"embeddable":true,"href":"https:\/\/noticiasya.com\/midland-odessa\/wp-json\/wp\/v2\/comments?post=1455262"}],"version-history":[{"count":0,"href":"https:\/\/noticiasya.com\/midland-odessa\/wp-json\/wp\/v2\/posts\/1455262\/revisions"}],"wp:attachment":[{"href":"https:\/\/noticiasya.com\/midland-odessa\/wp-json\/wp\/v2\/media?parent=1455262"}],"wp:term":[{"taxonomy":"category","embeddable":true,"href":"https:\/\/noticiasya.com\/midland-odessa\/wp-json\/wp\/v2\/categories?post=1455262"},{"taxonomy":"post_tag","embeddable":true,"href":"https:\/\/noticiasya.com\/midland-odessa\/wp-json\/wp\/v2\/tags?post=1455262"}],"curies":[{"name":"wp","href":"https:\/\/api.w.org\/{rel}","templated":true}]}}