{"id":1455265,"date":"2024-10-20T14:03:40","date_gmt":"2024-10-20T21:03:40","guid":{"rendered":"https:\/\/noticiasya.com\/2024\/10\/20\/chiapas-investiga-muerte-parroco-perez-orix\/"},"modified":"2024-10-20T14:03:40","modified_gmt":"2024-10-20T21:03:40","slug":"chiapas-investiga-muerte-parroco-perez-orix","status":"publish","type":"post","link":"https:\/\/noticiasya.com\/midland-odessa\/2024\/10\/20\/chiapas-investiga-muerte-parroco-perez-orix\/","title":{"rendered":"Fiscal\u00eda de Chiapas investiga la muerte del p\u00e1rroco Marcelo P\u00e9rez P\u00e9rez"},"content":{"rendered":"<p>(CNN Espa\u00f1ol) \u2013\u2013 La Fiscal\u00eda del estado mexicano de Chiapas investiga el homicidio del padre Marcelo P\u00e9rez P\u00e9rez, registrado en el barrio de Cuxtitali, en la ciudad de San Crist\u00f3bal de Las Casas, inform\u00f3 la instituci\u00f3n en un comunicado publicado este domingo en su perfil de Facebook.<\/p>\n<p>El sacerdote era p\u00e1rroco de Cuxtitali. Seg\u00fan la Fiscal\u00eda, el padre habr\u00eda salido de la parroquia luego de oficiar misa y se dirig\u00eda a la iglesia de Guadalupe, cuando dos personas a bordo de una motocicleta le dispararon.<\/p>\n<p>Cr\u00e9dito: Centro Prodh.<\/p>\n<p>Miembros de la Fiscal\u00eda encontraron el cad\u00e1ver del sacerdote en una camioneta.<\/p>\n<p>Por su parte, la secretaria de Gobernaci\u00f3n de M\u00e9xico, Rosa Icela Rodr\u00edguez Vel\u00e1zquez, escribi\u00f3 en su perfil de X: &#171;Lamentamos los acontecimientos en los que perdi\u00f3 la vida el padre Marcelo P\u00e9rez P\u00e9rez. Nuestra solidaridad con la comunidad cat\u00f3lica y el compromiso del Gobierno de M\u00e9xico que no habr\u00e1 impunidad\u201d.<\/p>\n<p>La Fiscal\u00eda de Chiapas dijo en el comunicado que contin\u00faa con las investigaciones.<\/p>\n<p>The-CNN-Wire<br \/>&trade; &amp; &copy; 2024 Cable News Network, Inc., a Warner Bros. Discovery Company. All rights reserved.<\/p>\n","protected":false},"excerpt":{"rendered":"<p>(CNN Espa\u00f1ol) \u2013\u2013 La Fiscal\u00eda del estado mexicano de Chiapas investiga el homicidio del padre Marcelo P\u00e9rez P\u00e9rez, registrado en el barrio de Cuxtitali, en la ciudad de San Crist\u00f3bal de Las Casas, inform\u00f3 la instituci\u00f3n en un comunicado publicado este domingo en su perfil de Facebook. El sacerdote era p\u00e1rroco de Cuxtitali. Seg\u00fan la [&hellip;]<\/p>\n","protected":false},"author":0,"featured_media":0,"comment_status":"open","ping_status":"open","sticky":false,"template":"","format":"standard","meta":{"_jetpack_memberships_contains_paid_content":false,"footnotes":""},"categories":[10],"tags":[],"class_list":["post-1455265","post","type-post","status-publish","format-standard","hentry","category-noticias-nacionales","market-global"],"yoast_head":"<!-- This site is optimized with the Yoast SEO plugin v24.4 - https:\/\/yoast.com\/wordpress\/plugins\/seo\/ -->\n<title>Fiscal\u00eda de Chiapas investiga la muerte del p\u00e1rroco Marcelo P\u00e9rez P\u00e9rez - Noticias<\/title>\n<meta name=\"robots\" content=\"index, follow, max-snippet:-1, max-image-preview:large, max-video-preview:-1\" \/>\n<link rel=\"canonical\" href=\"https:\/\/noticiasya.com\/2024\/10\/20\/chiapas-investiga-muerte-parroco-perez-orix\/\" \/>\n<meta property=\"og:locale\" content=\"es_ES\" \/>\n<meta property=\"og:type\" content=\"article\" \/>\n<meta property=\"og:title\" content=\"Fiscal\u00eda de Chiapas investiga la muerte del p\u00e1rroco Marcelo P\u00e9rez P\u00e9rez - Noticias\" \/>\n<meta property=\"og:description\" content=\"(CNN Espa\u00f1ol) \u2013\u2013 La Fiscal\u00eda del estado mexicano de Chiapas investiga el homicidio del padre Marcelo P\u00e9rez P\u00e9rez, registrado en el barrio de Cuxtitali, en la ciudad de San Crist\u00f3bal de Las Casas, inform\u00f3 la instituci\u00f3n en un comunicado publicado este domingo en su perfil de Facebook. El sacerdote era p\u00e1rroco de Cuxtitali. Seg\u00fan la [&hellip;]\" \/>\n<meta property=\"og:url\" content=\"https:\/\/noticiasya.com\/2024\/10\/20\/chiapas-investiga-muerte-parroco-perez-orix\/\" \/>\n<meta property=\"og:site_name\" content=\"Noticias\" \/>\n<meta property=\"article:published_time\" content=\"2024-10-20T21:03:40+00:00\" \/>\n<meta name=\"twitter:card\" content=\"summary_large_image\" \/>\n<meta name=\"twitter:label1\" content=\"Est. reading time\" \/>\n\t<meta name=\"twitter:data1\" content=\"1 minuto\" \/>\n<script type=\"application\/ld+json\" class=\"yoast-schema-graph\">{\"@context\":\"https:\/\/schema.org\",\"@graph\":[{\"@type\":\"Article\",\"@id\":\"https:\/\/noticiasya.com\/2024\/10\/20\/chiapas-investiga-muerte-parroco-perez-orix\/#article\",\"isPartOf\":{\"@id\":\"https:\/\/noticiasya.com\/2024\/10\/20\/chiapas-investiga-muerte-parroco-perez-orix\/\"},\"author\":{\"name\":\"\",\"@id\":\"\"},\"headline\":\"Fiscal\u00eda de Chiapas investiga la muerte del p\u00e1rroco Marcelo P\u00e9rez P\u00e9rez\",\"datePublished\":\"2024-10-20T21:03:40+00:00\",\"mainEntityOfPage\":{\"@id\":\"https:\/\/noticiasya.com\/2024\/10\/20\/chiapas-investiga-muerte-parroco-perez-orix\/\"},\"wordCount\":217,\"commentCount\":0,\"publisher\":{\"@id\":\"https:\/\/noticiasya.com\/#organization\"},\"articleSection\":[\"Noticias Nacionales\"],\"inLanguage\":\"es\",\"potentialAction\":[{\"@type\":\"CommentAction\",\"name\":\"Comment\",\"target\":[\"https:\/\/noticiasya.com\/2024\/10\/20\/chiapas-investiga-muerte-parroco-perez-orix\/#respond\"]}]},{\"@type\":\"WebPage\",\"@id\":\"https:\/\/noticiasya.com\/2024\/10\/20\/chiapas-investiga-muerte-parroco-perez-orix\/\",\"url\":\"https:\/\/noticiasya.com\/2024\/10\/20\/chiapas-investiga-muerte-parroco-perez-orix\/\",\"name\":\"Fiscal\u00eda de Chiapas investiga la muerte del p\u00e1rroco Marcelo P\u00e9rez P\u00e9rez - Noticias\",\"isPartOf\":{\"@id\":\"https:\/\/noticiasya.com\/#website\"},\"datePublished\":\"2024-10-20T21:03:40+00:00\",\"breadcrumb\":{\"@id\":\"https:\/\/noticiasya.com\/2024\/10\/20\/chiapas-investiga-muerte-parroco-perez-orix\/#breadcrumb\"},\"inLanguage\":\"es\",\"potentialAction\":[{\"@type\":\"ReadAction\",\"target\":[\"https:\/\/noticiasya.com\/2024\/10\/20\/chiapas-investiga-muerte-parroco-perez-orix\/\"]}]},{\"@type\":\"BreadcrumbList\",\"@id\":\"https:\/\/noticiasya.com\/2024\/10\/20\/chiapas-investiga-muerte-parroco-perez-orix\/#breadcrumb\",\"itemListElement\":[{\"@type\":\"ListItem\",\"position\":1,\"name\":\"Home\",\"item\":\"https:\/\/noticiasya.com\/\"},{\"@type\":\"ListItem\",\"position\":2,\"name\":\"Fiscal\u00eda de Chiapas investiga la muerte del p\u00e1rroco Marcelo P\u00e9rez P\u00e9rez\"}]},{\"@type\":\"WebSite\",\"@id\":\"https:\/\/noticiasya.com\/#website\",\"url\":\"https:\/\/noticiasya.com\/\",\"name\":\"Noticias\",\"description\":\"Lo que importa\",\"publisher\":{\"@id\":\"https:\/\/noticiasya.com\/#organization\"},\"potentialAction\":[{\"@type\":\"SearchAction\",\"target\":{\"@type\":\"EntryPoint\",\"urlTemplate\":\"https:\/\/noticiasya.com\/?s={search_term_string}\"},\"query-input\":{\"@type\":\"PropertyValueSpecification\",\"valueRequired\":true,\"valueName\":\"search_term_string\"}}],\"inLanguage\":\"es\"},{\"@type\":\"Organization\",\"@id\":\"https:\/\/noticiasya.com\/#organization\",\"name\":\"Noticias\",\"url\":\"https:\/\/noticiasya.com\/\",\"logo\":{\"@type\":\"ImageObject\",\"inLanguage\":\"es\",\"@id\":\"https:\/\/noticiasya.com\/#\/schema\/logo\/image\/\",\"url\":\"https:\/\/noticiasya.com\/wp-content\/uploads\/sites\/22\/2023\/12\/logo-nacional.png\",\"contentUrl\":\"https:\/\/noticiasya.com\/wp-content\/uploads\/sites\/22\/2023\/12\/logo-nacional.png\",\"width\":1801,\"height\":691,\"caption\":\"Noticias\"},\"image\":{\"@id\":\"https:\/\/noticiasya.com\/#\/schema\/logo\/image\/\"}}]}<\/script>\n<!-- \/ Yoast SEO plugin. -->","yoast_head_json":{"title":"Fiscal\u00eda de Chiapas investiga la muerte del p\u00e1rroco Marcelo P\u00e9rez P\u00e9rez - Noticias","robots":{"index":"index","follow":"follow","max-snippet":"max-snippet:-1","max-image-preview":"max-image-preview:large","max-video-preview":"max-video-preview:-1"},"canonical":"https:\/\/noticiasya.com\/2024\/10\/20\/chiapas-investiga-muerte-parroco-perez-orix\/","og_locale":"es_ES","og_type":"article","og_title":"Fiscal\u00eda de Chiapas investiga la muerte del p\u00e1rroco Marcelo P\u00e9rez P\u00e9rez - Noticias","og_description":"(CNN Espa\u00f1ol) \u2013\u2013 La Fiscal\u00eda del estado mexicano de Chiapas investiga el homicidio del padre Marcelo P\u00e9rez P\u00e9rez, registrado en el barrio de Cuxtitali, en la ciudad de San Crist\u00f3bal de Las Casas, inform\u00f3 la instituci\u00f3n en un comunicado publicado este domingo en su perfil de Facebook. El sacerdote era p\u00e1rroco de Cuxtitali. Seg\u00fan la [&hellip;]","og_url":"https:\/\/noticiasya.com\/2024\/10\/20\/chiapas-investiga-muerte-parroco-perez-orix\/","og_site_name":"Noticias","article_published_time":"2024-10-20T21:03:40+00:00","twitter_card":"summary_large_image","twitter_misc":{"Est. reading time":"1 minuto"},"schema":{"@context":"https:\/\/schema.org","@graph":[{"@type":"Article","@id":"https:\/\/noticiasya.com\/2024\/10\/20\/chiapas-investiga-muerte-parroco-perez-orix\/#article","isPartOf":{"@id":"https:\/\/noticiasya.com\/2024\/10\/20\/chiapas-investiga-muerte-parroco-perez-orix\/"},"author":{"name":"","@id":""},"headline":"Fiscal\u00eda de Chiapas investiga la muerte del p\u00e1rroco Marcelo P\u00e9rez P\u00e9rez","datePublished":"2024-10-20T21:03:40+00:00","mainEntityOfPage":{"@id":"https:\/\/noticiasya.com\/2024\/10\/20\/chiapas-investiga-muerte-parroco-perez-orix\/"},"wordCount":217,"commentCount":0,"publisher":{"@id":"https:\/\/noticiasya.com\/#organization"},"articleSection":["Noticias Nacionales"],"inLanguage":"es","potentialAction":[{"@type":"CommentAction","name":"Comment","target":["https:\/\/noticiasya.com\/2024\/10\/20\/chiapas-investiga-muerte-parroco-perez-orix\/#respond"]}]},{"@type":"WebPage","@id":"https:\/\/noticiasya.com\/2024\/10\/20\/chiapas-investiga-muerte-parroco-perez-orix\/","url":"https:\/\/noticiasya.com\/2024\/10\/20\/chiapas-investiga-muerte-parroco-perez-orix\/","name":"Fiscal\u00eda de Chiapas investiga la muerte del p\u00e1rroco Marcelo P\u00e9rez P\u00e9rez - Noticias","isPartOf":{"@id":"https:\/\/noticiasya.com\/#website"},"datePublished":"2024-10-20T21:03:40+00:00","breadcrumb":{"@id":"https:\/\/noticiasya.com\/2024\/10\/20\/chiapas-investiga-muerte-parroco-perez-orix\/#breadcrumb"},"inLanguage":"es","potentialAction":[{"@type":"ReadAction","target":["https:\/\/noticiasya.com\/2024\/10\/20\/chiapas-investiga-muerte-parroco-perez-orix\/"]}]},{"@type":"BreadcrumbList","@id":"https:\/\/noticiasya.com\/2024\/10\/20\/chiapas-investiga-muerte-parroco-perez-orix\/#breadcrumb","itemListElement":[{"@type":"ListItem","position":1,"name":"Home","item":"https:\/\/noticiasya.com\/"},{"@type":"ListItem","position":2,"name":"Fiscal\u00eda de Chiapas investiga la muerte del p\u00e1rroco Marcelo P\u00e9rez P\u00e9rez"}]},{"@type":"WebSite","@id":"https:\/\/noticiasya.com\/#website","url":"https:\/\/noticiasya.com\/","name":"Noticias","description":"Lo que importa","publisher":{"@id":"https:\/\/noticiasya.com\/#organization"},"potentialAction":[{"@type":"SearchAction","target":{"@type":"EntryPoint","urlTemplate":"https:\/\/noticiasya.com\/?s={search_term_string}"},"query-input":{"@type":"PropertyValueSpecification","valueRequired":true,"valueName":"search_term_string"}}],"inLanguage":"es"},{"@type":"Organization","@id":"https:\/\/noticiasya.com\/#organization","name":"Noticias","url":"https:\/\/noticiasya.com\/","logo":{"@type":"ImageObject","inLanguage":"es","@id":"https:\/\/noticiasya.com\/#\/schema\/logo\/image\/","url":"https:\/\/noticiasya.com\/wp-content\/uploads\/sites\/22\/2023\/12\/logo-nacional.png","contentUrl":"https:\/\/noticiasya.com\/wp-content\/uploads\/sites\/22\/2023\/12\/logo-nacional.png","width":1801,"height":691,"caption":"Noticias"},"image":{"@id":"https:\/\/noticiasya.com\/#\/schema\/logo\/image\/"}}]}},"parsely":{"version":"1.1.0","canonical_url":"https:\/\/noticiasya.com\/midland-odessa\/2024\/10\/20\/chiapas-investiga-muerte-parroco-perez-orix\/","smart_links":{"inbound":0,"outbound":0},"traffic_boost_suggestions_count":0,"meta":{"@context":"https:\/\/schema.org","@type":"NewsArticle","headline":"Fiscal\u00eda de Chiapas investiga la muerte del p\u00e1rroco Marcelo P\u00e9rez P\u00e9rez","url":"http:\/\/noticiasya.com\/midland-odessa\/2024\/10\/20\/chiapas-investiga-muerte-parroco-perez-orix\/","mainEntityOfPage":{"@type":"WebPage","@id":"http:\/\/noticiasya.com\/midland-odessa\/2024\/10\/20\/chiapas-investiga-muerte-parroco-perez-orix\/"},"thumbnailUrl":"","image":{"@type":"ImageObject","url":""},"articleSection":"Noticias Nacionales","author":[],"creator":[],"publisher":{"@type":"Organization","name":"Noticias","logo":""},"keywords":[],"dateCreated":"2024-10-20T21:03:40Z","datePublished":"2024-10-20T21:03:40Z","dateModified":"2024-10-20T21:03:40Z"},"rendered":"<script type=\"application\/ld+json\" class=\"wp-parsely-metadata\">{\"@context\":\"https:\\\/\\\/schema.org\",\"@type\":\"NewsArticle\",\"headline\":\"Fiscal\\u00eda de Chiapas investiga la muerte del p\\u00e1rroco Marcelo P\\u00e9rez P\\u00e9rez\",\"url\":\"http:\\\/\\\/noticiasya.com\\\/midland-odessa\\\/2024\\\/10\\\/20\\\/chiapas-investiga-muerte-parroco-perez-orix\\\/\",\"mainEntityOfPage\":{\"@type\":\"WebPage\",\"@id\":\"http:\\\/\\\/noticiasya.com\\\/midland-odessa\\\/2024\\\/10\\\/20\\\/chiapas-investiga-muerte-parroco-perez-orix\\\/\"},\"thumbnailUrl\":\"\",\"image\":{\"@type\":\"ImageObject\",\"url\":\"\"},\"articleSection\":\"Noticias Nacionales\",\"author\":[],\"creator\":[],\"publisher\":{\"@type\":\"Organization\",\"name\":\"Noticias\",\"logo\":\"\"},\"keywords\":[],\"dateCreated\":\"2024-10-20T21:03:40Z\",\"datePublished\":\"2024-10-20T21:03:40Z\",\"dateModified\":\"2024-10-20T21:03:40Z\"}<\/script>","tracker_url":"https:\/\/cdn.parsely.com\/keys\/noticiasya.com\/p.js"},"jetpack_featured_media_url":"","jetpack-related-posts":[{"id":1455279,"url":"https:\/\/noticiasya.com\/midland-odessa\/2024\/10\/21\/sheinbaum-investigacion-parroco-chiapas-marcelo-perez-perez-orix\/","url_meta":{"origin":1455265,"position":0},"title":"Claudia Sheinbaum habl\u00f3 sobre el homicidio del p\u00e1rroco Marcelo P\u00e9rez P\u00e9rez: &#171;Que este crimen no quede impune&#187;","author":"","date":"octubre 21, 2024","format":false,"excerpt":"(CNN Espa\u00f1ol) -- La Fiscal\u00eda del Estado de Chiapas contin\u00faa con la investigaci\u00f3n por el homicidio del padre Marcelo P\u00e9rez P\u00e9rez ocurrido este domingo en el barrio de Cuxtitali, en la ciudad de San Crist\u00f3bal de Las Casas, inform\u00f3 este lunes la presidenta de M\u00e9xico, Claudia Sheinbaum en su rueda\u2026","rel":"","context":"In &quot;Noticias Nacionales&quot;","block_context":{"text":"Noticias Nacionales","link":"https:\/\/noticiasya.com\/midland-odessa\/categoria\/noticias-nacionales"},"img":{"alt_text":"","src":"","width":0,"height":0},"classes":[]},{"id":1455867,"url":"https:\/\/noticiasya.com\/midland-odessa\/2024\/11\/15\/iglesia-catolica-preocupacion-violencia-mexico-orix\/","url_meta":{"origin":1455265,"position":1},"title":"La Iglesia cat\u00f3lica manifiesta preocupaci\u00f3n por la violencia que azota a M\u00e9xico","author":"","date":"noviembre 15, 2024","format":false,"excerpt":"(CNN Espa\u00f1ol) --\u00a0La Conferencia del Episcopado Mexicano (CEM) manifest\u00f3 este viernes su preocupaci\u00f3n por la ola de violencia que afecta al pa\u00eds, al recordar el homicidio del sacerdote Marcelo P\u00e9rez, ocurrido hace menos de un mes en Chiapas, en el sureste de M\u00e9xico.\u201cNos preocupan profundamente nuestras comunidades afectadas por la\u2026","rel":"","context":"In &quot;Noticias Nacionales&quot;","block_context":{"text":"Noticias Nacionales","link":"https:\/\/noticiasya.com\/midland-odessa\/categoria\/noticias-nacionales"},"img":{"alt_text":"","src":"","width":0,"height":0},"classes":[]},{"id":1446051,"url":"https:\/\/noticiasya.com\/midland-odessa\/2024\/02\/27\/homicidio-candidatos-alcalde-maravatio-michoacan-orix\/","url_meta":{"origin":1455265,"position":2},"title":"Fiscal\u00eda investiga homicidio de dos candidatos a alcalde de Maravat\u00edo, Michoac\u00e1n","author":"","date":"febrero 27, 2024","format":false,"excerpt":"(CNN Espa\u00f1ol) -- La Fiscal\u00eda General de Michoac\u00e1n investiga el homicidio de dos candidatos a la alcald\u00eda de Maravat\u00edo, ciudad del noroeste del estado.La fiscal\u00eda identific\u00f3 a los aspirantes, hallados muertos con horas de diferencia, como Armando P\u00e9rez Luna, del Partido Acci\u00f3n Nacional (PAN), y Miguel \u00c1ngel Reyes Zavala, del\u2026","rel":"","context":"In &quot;Noticias Nacionales&quot;","block_context":{"text":"Noticias Nacionales","link":"https:\/\/noticiasya.com\/midland-odessa\/categoria\/noticias-nacionales"},"img":{"alt_text":"","src":"","width":0,"height":0},"classes":[]},{"id":1457182,"url":"https:\/\/noticiasya.com\/midland-odessa\/2025\/01\/03\/matan-bogota-asesinato-marcelo-pecci-orix\/","url_meta":{"origin":1455265,"position":3},"title":"Matan en c\u00e1rcel de Bogot\u00e1 a condenado por el asesinato del fiscal paraguayo Marcelo Pecci","author":"","date":"enero 3, 2025","format":false,"excerpt":"Francisco Luis Correa Galeano, condenado y testigo del asesinato del fiscal antidrogas paraguayo Marcelo Pecci ocurrido en mayo de 2022 en Colombia, fue asesinado este viernes con un arma blanca en la c\u00e1rcel La Picota en Bogot\u00e1 donde cumpl\u00eda su condena, inform\u00f3 el Ministerio de Justicia y Derecho de Colombia\u2026","rel":"","context":"In &quot;Noticias Nacionales&quot;","block_context":{"text":"Noticias Nacionales","link":"https:\/\/noticiasya.com\/midland-odessa\/categoria\/noticias-nacionales"},"img":{"alt_text":"","src":"","width":0,"height":0},"classes":[]},{"id":1455235,"url":"https:\/\/noticiasya.com\/midland-odessa\/2024\/10\/18\/el-mayo-zambada-primera-audiencia-juez-brian-cogan-orix\/","url_meta":{"origin":1455265,"position":4},"title":"Con mejor apariencia e inexpresivo, el Mayo Zambada acude a su primera audiencia frente al juez Brian Cogan","author":"","date":"octubre 18, 2024","format":false,"excerpt":"(CNN Espa\u00f1ol) -- Ismael \"el Mayo\" Zambada lleg\u00f3 este viernes a su segunda audiencia en Nueva York y la primera ante el juez Brian Cogan, el mismo que este mi\u00e9rcoles conden\u00f3 al exsecretario de Seguridad de M\u00e9xico, Genaro Garc\u00eda Luna, y a Joaqu\u00edn \"el Chapo\" Guzm\u00e1n en 2019, vestido de\u2026","rel":"","context":"In &quot;Noticias Nacionales&quot;","block_context":{"text":"Noticias Nacionales","link":"https:\/\/noticiasya.com\/midland-odessa\/categoria\/noticias-nacionales"},"img":{"alt_text":"","src":"","width":0,"height":0},"classes":[]},{"id":1457549,"url":"https:\/\/noticiasya.com\/midland-odessa\/2025\/01\/15\/ismael-el-mayo-zambada-frank-perez-abogado-conflicto-de-interes-orix\/","url_meta":{"origin":1455265,"position":5},"title":"Ismael &#171;el Mayo&#187; Zambada decide mantener a Frank P\u00e9rez como su abogado pese a conflicto de inter\u00e9s","author":"","date":"enero 15, 2025","format":false,"excerpt":"Ismael \u201cel Mayo\u201d Zambada regres\u00f3 este mi\u00e9rcoles la Corte de Distrito Este de Nueva York para su tercera audiencia, en la que decidi\u00f3 mantener a Frank P\u00e9rez como su abogado pese a la existencia de un conflicto de inter\u00e9s, debido a que el defensor tambi\u00e9n es representante de su hijo,\u2026","rel":"","context":"In &quot;Noticias Nacionales&quot;","block_context":{"text":"Noticias Nacionales","link":"https:\/\/noticiasya.com\/midland-odessa\/categoria\/noticias-nacionales"},"img":{"alt_text":"","src":"","width":0,"height":0},"classes":[]}],"jetpack_sharing_enabled":true,"_links":{"self":[{"href":"https:\/\/noticiasya.com\/midland-odessa\/wp-json\/wp\/v2\/posts\/1455265","targetHints":{"allow":["GET"]}}],"collection":[{"href":"https:\/\/noticiasya.com\/midland-odessa\/wp-json\/wp\/v2\/posts"}],"about":[{"href":"https:\/\/noticiasya.com\/midland-odessa\/wp-json\/wp\/v2\/types\/post"}],"replies":[{"embeddable":true,"href":"https:\/\/noticiasya.com\/midland-odessa\/wp-json\/wp\/v2\/comments?post=1455265"}],"version-history":[{"count":0,"href":"https:\/\/noticiasya.com\/midland-odessa\/wp-json\/wp\/v2\/posts\/1455265\/revisions"}],"wp:attachment":[{"href":"https:\/\/noticiasya.com\/midland-odessa\/wp-json\/wp\/v2\/media?parent=1455265"}],"wp:term":[{"taxonomy":"category","embeddable":true,"href":"https:\/\/noticiasya.com\/midland-odessa\/wp-json\/wp\/v2\/categories?post=1455265"},{"taxonomy":"post_tag","embeddable":true,"href":"https:\/\/noticiasya.com\/midland-odessa\/wp-json\/wp\/v2\/tags?post=1455265"}],"curies":[{"name":"wp","href":"https:\/\/api.w.org\/{rel}","templated":true}]}}