{"id":1455277,"date":"2024-10-21T08:03:44","date_gmt":"2024-10-21T15:03:44","guid":{"rendered":"https:\/\/noticiasya.com\/2024\/10\/21\/muere-egidio-cuadrado-acordeonista-carlos-vives-vallenato-orix\/"},"modified":"2024-10-21T08:03:44","modified_gmt":"2024-10-21T15:03:44","slug":"muere-egidio-cuadrado-acordeonista-carlos-vives-vallenato-orix","status":"publish","type":"post","link":"https:\/\/noticiasya.com\/midland-odessa\/2024\/10\/21\/muere-egidio-cuadrado-acordeonista-carlos-vives-vallenato-orix\/","title":{"rendered":"Muere Egidio Cuadrado, acordeonista de Carlos Vives por a\u00f1os y referente de la m\u00fasica vallenata"},"content":{"rendered":"<p>(CNN Espa\u00f1ol) &#8212; El m\u00fasico y referente del vallenato colombiano Egidio\u00a0Cuadrado, conocido por ser acordeonista del cantante Carlos Vives, falleci\u00f3 a los 71 a\u00f1os, inform\u00f3 este lunes en un comunicado la Cl\u00ednica Universitaria Colombia.<\/p>\n<p>El centro m\u00e9dico lament\u00f3 la p\u00e9rdida del m\u00fasico y destac\u00f3 que se dedic\u00f3 la difusi\u00f3n y conservaci\u00f3n del g\u00e9nero musical originario de la regi\u00f3n Caribe del pa\u00eds sudamericano en escenarios internacionales. &#171;Su legado permanecer\u00e1 en la memoria de todos aquellos que disfrutaron y admiraron su talento&#187;, agreg\u00f3 el escrito.<\/p>\n<p>Carlos Vives explica por qu\u00e9 rompi\u00f3 su guitarra durante una euf\u00f3rica presentaci\u00f3n<\/p>\n<p>&#171;Egidio\u00a0Cuadrado sali\u00f3 por el mundo a llevar la m\u00fasica vallenata al lado de Carlos Vives destac\u00f3 a este folclor, el mismo que hoy est\u00e1 de luto ante su partida a la derecha de Dios. Gracias maestro por darle tanto al vallenato y un abrazo enorme a tu familia. Descansa en paz&#187;, public\u00f3 en la red social X la Gobernaci\u00f3n del Departamento del C\u00e9sar sobre la muerte del ganador del Premio del Consejo Directivo del Grammy latino en 2021 y rey vallenato en 1985.<\/p>\n<p>&#171;Mi esposa, hijos, nietos, hermanos, familiares y yo invitamos a todos los compadres y comadres a mi despedida&#187;, se lee en una publicaci\u00f3n en la cuenta de Instagram de Egidio en la que se anunci\u00f3 que se velar\u00e1 al m\u00fasico este lunes de las 12:00 m hasta las 4:00 p.m. del martes hora local.<\/p>\n<p>El cantante Carlos Vives public\u00f3 este domingo un mensaje dedicado al instrumentista. \u201cSiempre juntos mi compadrito, c\u00f3mo lo quiero\u201d, escribi\u00f3 en una de sus historias en Instagram.<\/p>\n<p>Fernando Ramos colabor\u00f3 con este reporte<\/p>\n<p>The-CNN-Wire<br \/>&trade; &amp; &copy; 2024 Cable News Network, Inc., a Warner Bros. Discovery Company. All rights reserved.<\/p>\n","protected":false},"excerpt":{"rendered":"<p>(CNN Espa\u00f1ol) &#8212; El m\u00fasico y referente del vallenato colombiano Egidio\u00a0Cuadrado, conocido por ser acordeonista del cantante Carlos Vives, falleci\u00f3 a los 71 a\u00f1os, inform\u00f3 este lunes en un comunicado la Cl\u00ednica Universitaria Colombia. El centro m\u00e9dico lament\u00f3 la p\u00e9rdida del m\u00fasico y destac\u00f3 que se dedic\u00f3 la difusi\u00f3n y conservaci\u00f3n del g\u00e9nero musical originario [&hellip;]<\/p>\n","protected":false},"author":0,"featured_media":0,"comment_status":"open","ping_status":"open","sticky":false,"template":"","format":"standard","meta":{"_jetpack_memberships_contains_paid_content":false,"footnotes":""},"categories":[10],"tags":[],"class_list":["post-1455277","post","type-post","status-publish","format-standard","hentry","category-noticias-nacionales","market-global"],"yoast_head":"<!-- This site is optimized with the Yoast SEO plugin v24.4 - https:\/\/yoast.com\/wordpress\/plugins\/seo\/ -->\n<title>Muere Egidio Cuadrado, acordeonista de Carlos Vives por a\u00f1os y referente de la m\u00fasica vallenata - Noticias<\/title>\n<meta name=\"robots\" content=\"index, follow, max-snippet:-1, max-image-preview:large, max-video-preview:-1\" \/>\n<link rel=\"canonical\" href=\"https:\/\/noticiasya.com\/2024\/10\/21\/muere-egidio-cuadrado-acordeonista-carlos-vives-vallenato-orix\/\" \/>\n<meta property=\"og:locale\" content=\"es_ES\" \/>\n<meta property=\"og:type\" content=\"article\" \/>\n<meta property=\"og:title\" content=\"Muere Egidio Cuadrado, acordeonista de Carlos Vives por a\u00f1os y referente de la m\u00fasica vallenata - Noticias\" \/>\n<meta property=\"og:description\" content=\"(CNN Espa\u00f1ol) &#8212; El m\u00fasico y referente del vallenato colombiano Egidio\u00a0Cuadrado, conocido por ser acordeonista del cantante Carlos Vives, falleci\u00f3 a los 71 a\u00f1os, inform\u00f3 este lunes en un comunicado la Cl\u00ednica Universitaria Colombia. El centro m\u00e9dico lament\u00f3 la p\u00e9rdida del m\u00fasico y destac\u00f3 que se dedic\u00f3 la difusi\u00f3n y conservaci\u00f3n del g\u00e9nero musical originario [&hellip;]\" \/>\n<meta property=\"og:url\" content=\"https:\/\/noticiasya.com\/2024\/10\/21\/muere-egidio-cuadrado-acordeonista-carlos-vives-vallenato-orix\/\" \/>\n<meta property=\"og:site_name\" content=\"Noticias\" \/>\n<meta property=\"article:published_time\" content=\"2024-10-21T15:03:44+00:00\" \/>\n<meta name=\"twitter:card\" content=\"summary_large_image\" \/>\n<meta name=\"twitter:label1\" content=\"Est. reading time\" \/>\n\t<meta name=\"twitter:data1\" content=\"1 minuto\" \/>\n<script type=\"application\/ld+json\" class=\"yoast-schema-graph\">{\"@context\":\"https:\/\/schema.org\",\"@graph\":[{\"@type\":\"Article\",\"@id\":\"https:\/\/noticiasya.com\/2024\/10\/21\/muere-egidio-cuadrado-acordeonista-carlos-vives-vallenato-orix\/#article\",\"isPartOf\":{\"@id\":\"https:\/\/noticiasya.com\/2024\/10\/21\/muere-egidio-cuadrado-acordeonista-carlos-vives-vallenato-orix\/\"},\"author\":{\"name\":\"\",\"@id\":\"\"},\"headline\":\"Muere Egidio Cuadrado, acordeonista de Carlos Vives por a\u00f1os y referente de la m\u00fasica vallenata\",\"datePublished\":\"2024-10-21T15:03:44+00:00\",\"mainEntityOfPage\":{\"@id\":\"https:\/\/noticiasya.com\/2024\/10\/21\/muere-egidio-cuadrado-acordeonista-carlos-vives-vallenato-orix\/\"},\"wordCount\":316,\"commentCount\":0,\"publisher\":{\"@id\":\"https:\/\/noticiasya.com\/#organization\"},\"articleSection\":[\"Noticias Nacionales\"],\"inLanguage\":\"es\",\"potentialAction\":[{\"@type\":\"CommentAction\",\"name\":\"Comment\",\"target\":[\"https:\/\/noticiasya.com\/2024\/10\/21\/muere-egidio-cuadrado-acordeonista-carlos-vives-vallenato-orix\/#respond\"]}]},{\"@type\":\"WebPage\",\"@id\":\"https:\/\/noticiasya.com\/2024\/10\/21\/muere-egidio-cuadrado-acordeonista-carlos-vives-vallenato-orix\/\",\"url\":\"https:\/\/noticiasya.com\/2024\/10\/21\/muere-egidio-cuadrado-acordeonista-carlos-vives-vallenato-orix\/\",\"name\":\"Muere Egidio Cuadrado, acordeonista de Carlos Vives por a\u00f1os y referente de la m\u00fasica vallenata - Noticias\",\"isPartOf\":{\"@id\":\"https:\/\/noticiasya.com\/#website\"},\"datePublished\":\"2024-10-21T15:03:44+00:00\",\"breadcrumb\":{\"@id\":\"https:\/\/noticiasya.com\/2024\/10\/21\/muere-egidio-cuadrado-acordeonista-carlos-vives-vallenato-orix\/#breadcrumb\"},\"inLanguage\":\"es\",\"potentialAction\":[{\"@type\":\"ReadAction\",\"target\":[\"https:\/\/noticiasya.com\/2024\/10\/21\/muere-egidio-cuadrado-acordeonista-carlos-vives-vallenato-orix\/\"]}]},{\"@type\":\"BreadcrumbList\",\"@id\":\"https:\/\/noticiasya.com\/2024\/10\/21\/muere-egidio-cuadrado-acordeonista-carlos-vives-vallenato-orix\/#breadcrumb\",\"itemListElement\":[{\"@type\":\"ListItem\",\"position\":1,\"name\":\"Home\",\"item\":\"https:\/\/noticiasya.com\/\"},{\"@type\":\"ListItem\",\"position\":2,\"name\":\"Muere Egidio Cuadrado, acordeonista de Carlos Vives por a\u00f1os y referente de la m\u00fasica vallenata\"}]},{\"@type\":\"WebSite\",\"@id\":\"https:\/\/noticiasya.com\/#website\",\"url\":\"https:\/\/noticiasya.com\/\",\"name\":\"Noticias\",\"description\":\"Lo que importa\",\"publisher\":{\"@id\":\"https:\/\/noticiasya.com\/#organization\"},\"potentialAction\":[{\"@type\":\"SearchAction\",\"target\":{\"@type\":\"EntryPoint\",\"urlTemplate\":\"https:\/\/noticiasya.com\/?s={search_term_string}\"},\"query-input\":{\"@type\":\"PropertyValueSpecification\",\"valueRequired\":true,\"valueName\":\"search_term_string\"}}],\"inLanguage\":\"es\"},{\"@type\":\"Organization\",\"@id\":\"https:\/\/noticiasya.com\/#organization\",\"name\":\"Noticias\",\"url\":\"https:\/\/noticiasya.com\/\",\"logo\":{\"@type\":\"ImageObject\",\"inLanguage\":\"es\",\"@id\":\"https:\/\/noticiasya.com\/#\/schema\/logo\/image\/\",\"url\":\"https:\/\/noticiasya.com\/wp-content\/uploads\/sites\/22\/2023\/12\/logo-nacional.png\",\"contentUrl\":\"https:\/\/noticiasya.com\/wp-content\/uploads\/sites\/22\/2023\/12\/logo-nacional.png\",\"width\":1801,\"height\":691,\"caption\":\"Noticias\"},\"image\":{\"@id\":\"https:\/\/noticiasya.com\/#\/schema\/logo\/image\/\"}}]}<\/script>\n<!-- \/ Yoast SEO plugin. -->","yoast_head_json":{"title":"Muere Egidio Cuadrado, acordeonista de Carlos Vives por a\u00f1os y referente de la m\u00fasica vallenata - Noticias","robots":{"index":"index","follow":"follow","max-snippet":"max-snippet:-1","max-image-preview":"max-image-preview:large","max-video-preview":"max-video-preview:-1"},"canonical":"https:\/\/noticiasya.com\/2024\/10\/21\/muere-egidio-cuadrado-acordeonista-carlos-vives-vallenato-orix\/","og_locale":"es_ES","og_type":"article","og_title":"Muere Egidio Cuadrado, acordeonista de Carlos Vives por a\u00f1os y referente de la m\u00fasica vallenata - Noticias","og_description":"(CNN Espa\u00f1ol) &#8212; El m\u00fasico y referente del vallenato colombiano Egidio\u00a0Cuadrado, conocido por ser acordeonista del cantante Carlos Vives, falleci\u00f3 a los 71 a\u00f1os, inform\u00f3 este lunes en un comunicado la Cl\u00ednica Universitaria Colombia. El centro m\u00e9dico lament\u00f3 la p\u00e9rdida del m\u00fasico y destac\u00f3 que se dedic\u00f3 la difusi\u00f3n y conservaci\u00f3n del g\u00e9nero musical originario [&hellip;]","og_url":"https:\/\/noticiasya.com\/2024\/10\/21\/muere-egidio-cuadrado-acordeonista-carlos-vives-vallenato-orix\/","og_site_name":"Noticias","article_published_time":"2024-10-21T15:03:44+00:00","twitter_card":"summary_large_image","twitter_misc":{"Est. reading time":"1 minuto"},"schema":{"@context":"https:\/\/schema.org","@graph":[{"@type":"Article","@id":"https:\/\/noticiasya.com\/2024\/10\/21\/muere-egidio-cuadrado-acordeonista-carlos-vives-vallenato-orix\/#article","isPartOf":{"@id":"https:\/\/noticiasya.com\/2024\/10\/21\/muere-egidio-cuadrado-acordeonista-carlos-vives-vallenato-orix\/"},"author":{"name":"","@id":""},"headline":"Muere Egidio Cuadrado, acordeonista de Carlos Vives por a\u00f1os y referente de la m\u00fasica vallenata","datePublished":"2024-10-21T15:03:44+00:00","mainEntityOfPage":{"@id":"https:\/\/noticiasya.com\/2024\/10\/21\/muere-egidio-cuadrado-acordeonista-carlos-vives-vallenato-orix\/"},"wordCount":316,"commentCount":0,"publisher":{"@id":"https:\/\/noticiasya.com\/#organization"},"articleSection":["Noticias Nacionales"],"inLanguage":"es","potentialAction":[{"@type":"CommentAction","name":"Comment","target":["https:\/\/noticiasya.com\/2024\/10\/21\/muere-egidio-cuadrado-acordeonista-carlos-vives-vallenato-orix\/#respond"]}]},{"@type":"WebPage","@id":"https:\/\/noticiasya.com\/2024\/10\/21\/muere-egidio-cuadrado-acordeonista-carlos-vives-vallenato-orix\/","url":"https:\/\/noticiasya.com\/2024\/10\/21\/muere-egidio-cuadrado-acordeonista-carlos-vives-vallenato-orix\/","name":"Muere Egidio Cuadrado, acordeonista de Carlos Vives por a\u00f1os y referente de la m\u00fasica vallenata - Noticias","isPartOf":{"@id":"https:\/\/noticiasya.com\/#website"},"datePublished":"2024-10-21T15:03:44+00:00","breadcrumb":{"@id":"https:\/\/noticiasya.com\/2024\/10\/21\/muere-egidio-cuadrado-acordeonista-carlos-vives-vallenato-orix\/#breadcrumb"},"inLanguage":"es","potentialAction":[{"@type":"ReadAction","target":["https:\/\/noticiasya.com\/2024\/10\/21\/muere-egidio-cuadrado-acordeonista-carlos-vives-vallenato-orix\/"]}]},{"@type":"BreadcrumbList","@id":"https:\/\/noticiasya.com\/2024\/10\/21\/muere-egidio-cuadrado-acordeonista-carlos-vives-vallenato-orix\/#breadcrumb","itemListElement":[{"@type":"ListItem","position":1,"name":"Home","item":"https:\/\/noticiasya.com\/"},{"@type":"ListItem","position":2,"name":"Muere Egidio Cuadrado, acordeonista de Carlos Vives por a\u00f1os y referente de la m\u00fasica vallenata"}]},{"@type":"WebSite","@id":"https:\/\/noticiasya.com\/#website","url":"https:\/\/noticiasya.com\/","name":"Noticias","description":"Lo que importa","publisher":{"@id":"https:\/\/noticiasya.com\/#organization"},"potentialAction":[{"@type":"SearchAction","target":{"@type":"EntryPoint","urlTemplate":"https:\/\/noticiasya.com\/?s={search_term_string}"},"query-input":{"@type":"PropertyValueSpecification","valueRequired":true,"valueName":"search_term_string"}}],"inLanguage":"es"},{"@type":"Organization","@id":"https:\/\/noticiasya.com\/#organization","name":"Noticias","url":"https:\/\/noticiasya.com\/","logo":{"@type":"ImageObject","inLanguage":"es","@id":"https:\/\/noticiasya.com\/#\/schema\/logo\/image\/","url":"https:\/\/noticiasya.com\/wp-content\/uploads\/sites\/22\/2023\/12\/logo-nacional.png","contentUrl":"https:\/\/noticiasya.com\/wp-content\/uploads\/sites\/22\/2023\/12\/logo-nacional.png","width":1801,"height":691,"caption":"Noticias"},"image":{"@id":"https:\/\/noticiasya.com\/#\/schema\/logo\/image\/"}}]}},"parsely":{"version":"1.1.0","canonical_url":"https:\/\/noticiasya.com\/midland-odessa\/2024\/10\/21\/muere-egidio-cuadrado-acordeonista-carlos-vives-vallenato-orix\/","smart_links":{"inbound":0,"outbound":0},"traffic_boost_suggestions_count":0,"meta":{"@context":"https:\/\/schema.org","@type":"NewsArticle","headline":"Muere Egidio Cuadrado, acordeonista de Carlos Vives por a\u00f1os y referente de la m\u00fasica vallenata","url":"http:\/\/noticiasya.com\/midland-odessa\/2024\/10\/21\/muere-egidio-cuadrado-acordeonista-carlos-vives-vallenato-orix\/","mainEntityOfPage":{"@type":"WebPage","@id":"http:\/\/noticiasya.com\/midland-odessa\/2024\/10\/21\/muere-egidio-cuadrado-acordeonista-carlos-vives-vallenato-orix\/"},"thumbnailUrl":"","image":{"@type":"ImageObject","url":""},"articleSection":"Noticias Nacionales","author":[],"creator":[],"publisher":{"@type":"Organization","name":"Noticias","logo":""},"keywords":[],"dateCreated":"2024-10-21T15:03:44Z","datePublished":"2024-10-21T15:03:44Z","dateModified":"2024-10-21T15:03:44Z"},"rendered":"<script type=\"application\/ld+json\" class=\"wp-parsely-metadata\">{\"@context\":\"https:\\\/\\\/schema.org\",\"@type\":\"NewsArticle\",\"headline\":\"Muere Egidio Cuadrado, acordeonista de Carlos Vives por a\\u00f1os y referente de la m\\u00fasica vallenata\",\"url\":\"http:\\\/\\\/noticiasya.com\\\/midland-odessa\\\/2024\\\/10\\\/21\\\/muere-egidio-cuadrado-acordeonista-carlos-vives-vallenato-orix\\\/\",\"mainEntityOfPage\":{\"@type\":\"WebPage\",\"@id\":\"http:\\\/\\\/noticiasya.com\\\/midland-odessa\\\/2024\\\/10\\\/21\\\/muere-egidio-cuadrado-acordeonista-carlos-vives-vallenato-orix\\\/\"},\"thumbnailUrl\":\"\",\"image\":{\"@type\":\"ImageObject\",\"url\":\"\"},\"articleSection\":\"Noticias Nacionales\",\"author\":[],\"creator\":[],\"publisher\":{\"@type\":\"Organization\",\"name\":\"Noticias\",\"logo\":\"\"},\"keywords\":[],\"dateCreated\":\"2024-10-21T15:03:44Z\",\"datePublished\":\"2024-10-21T15:03:44Z\",\"dateModified\":\"2024-10-21T15:03:44Z\"}<\/script>","tracker_url":"https:\/\/cdn.parsely.com\/keys\/noticiasya.com\/p.js"},"jetpack_featured_media_url":"","jetpack-related-posts":[{"id":1472946,"url":"https:\/\/noticiasya.com\/midland-odessa\/2026\/04\/07\/daddy-yankee-persona-del-ano-2026-orix\/","url_meta":{"origin":1455277,"position":0},"title":"Daddy Yankee es nombrado Persona Del A\u00f1o 2026 por la Academia Latina de la Grabaci\u00f3n","author":"","date":"abril 7, 2026","format":false,"excerpt":"Daddy Yankee fue seleccionado por la Academia Latina de la Grabaci\u00f3n como Persona del A\u00f1o 2026. A trav\u00e9s de un comunicado, se inform\u00f3 que el artista puertorrique\u00f1o ser\u00e1 homenajeado el pr\u00f3ximo 11 de noviembre, durante la semana del Latin Grammy, con una gala especial que incluir\u00e1 un concierto tributo en\u2026","rel":"","context":"In &quot;Noticias Nacionales&quot;","block_context":{"text":"Noticias Nacionales","link":"https:\/\/noticiasya.com\/midland-odessa\/categoria\/noticias-nacionales"},"img":{"alt_text":"","src":"","width":0,"height":0},"classes":[]},{"id":1467690,"url":"https:\/\/noticiasya.com\/midland-odessa\/2025\/10\/23\/bad-bunny-daddy-yankee-premios-latin-billboard-efe\/","url_meta":{"origin":1455277,"position":1},"title":"Bad Bunny, un Daddy Yankee cristiano y m\u00fasica para el mundial marcaron los Latin Billboard","author":"","date":"octubre 23, 2025","format":false,"excerpt":"A los pies de Bad Bunny, el m\u00e1s premiado de la noche, con el mensaje cristiano en el regreso de Daddy Yankee, y un inicio musical de la temporada del Mundial 2026 con Wisin, Carlos Vives, Xavi y Emilia, los Latin Billboard llegaron este jueves a su edici\u00f3n 25.El Conejo\u2026","rel":"","context":"In &quot;Noticias Nacionales&quot;","block_context":{"text":"Noticias Nacionales","link":"https:\/\/noticiasya.com\/midland-odessa\/categoria\/noticias-nacionales"},"img":{"alt_text":"","src":"","width":0,"height":0},"classes":[]},{"id":1455840,"url":"https:\/\/noticiasya.com\/midland-odessa\/2024\/11\/14\/mejores-looks-latin-grammy-2024-orix\/","url_meta":{"origin":1455277,"position":2},"title":"FOTOS | Los mejores looks de la alfombra roja de los Latin Grammy 2024","author":"","date":"noviembre 14, 2024","format":false,"excerpt":"(CNN Espa\u00f1ol) \u2013\u2013 Este jueves se lleva a cabo la edici\u00f3n n\u00famero 25 de los Premios Latin Grammy en Miami, Florida. Al evento asisten personalidades destacadas del mundo de la m\u00fasica y el espect\u00e1culo.The Latin Recording Academy, que cada a\u00f1o organiza este evento, se define como una organizaci\u00f3n internacional sin\u2026","rel":"","context":"In &quot;Noticias Nacionales&quot;","block_context":{"text":"Noticias Nacionales","link":"https:\/\/noticiasya.com\/midland-odessa\/categoria\/noticias-nacionales"},"img":{"alt_text":"","src":"","width":0,"height":0},"classes":[]},{"id":1468294,"url":"https:\/\/noticiasya.com\/midland-odessa\/2025\/11\/13\/raphael-persona-2025-latin-grammy-orix\/","url_meta":{"origin":1455277,"position":3},"title":"Raphael recibe el premio a la &#171;Persona del a\u00f1o 2025&#187; por la Academia que otorga los Latin Grammy","author":"","date":"noviembre 13, 2025","format":false,"excerpt":"El cantante espa\u00f1ol Raphael, de 82 a\u00f1os, recibi\u00f3 el mi\u00e9rcoles el premio de \u201cPersona del a\u00f1o 2025\u201d en Las Vegas, Nevada, de parte de la Academia Latina de Grabaci\u00f3n que entrega los Latin Grammy, en reconocimiento a sus m\u00e1s de seis d\u00e9cadas de carrera.El evento se realiz\u00f3 en el Centro\u2026","rel":"","context":"In &quot;Noticias Nacionales&quot;","block_context":{"text":"Noticias Nacionales","link":"https:\/\/noticiasya.com\/midland-odessa\/categoria\/noticias-nacionales"},"img":{"alt_text":"","src":"","width":0,"height":0},"classes":[]},{"id":1447797,"url":"https:\/\/noticiasya.com\/midland-odessa\/2024\/04\/06\/longevo-britanico-111-anos-trax\/","url_meta":{"origin":1455277,"position":4},"title":"Con 111 a\u00f1os, este hombre nacido el mismo a\u00f1o en que se hundi\u00f3 el Titanic es ahora el m\u00e1s longevo del mundo","author":"","date":"abril 6, 2024","format":false,"excerpt":"(CNN) -- Con 111 a\u00f1os y 224 d\u00edas, John Alfred Tinniswood, nacido en Liverpool, reclam\u00f3 oficialmente el t\u00edtulo del hombre vivo m\u00e1s longevo del mundo.Guinness World Records hizo el anuncio este viernes, dos d\u00edas despu\u00e9s de anunciar la muerte del exposeedor del t\u00edtulo Juan Vicente P\u00e9rez a la edad de\u2026","rel":"","context":"In &quot;Noticias Nacionales&quot;","block_context":{"text":"Noticias Nacionales","link":"https:\/\/noticiasya.com\/midland-odessa\/categoria\/noticias-nacionales"},"img":{"alt_text":"","src":"","width":0,"height":0},"classes":[]},{"id":1436652,"url":"https:\/\/noticiasya.com\/midland-odessa\/2023\/01\/24\/premios-lo-nuestro-2023-donde-ver-y-como-votar-por-los-artistas\/","url_meta":{"origin":1455277,"position":5},"title":"Premios Lo Nuestro 2023: D\u00f3nde ver y c\u00f3mo votar por los artistas","author":"Eduardo Salinas","date":"enero 24, 2023","format":false,"excerpt":"Premios Lo Nuestro 2023 ya anunci\u00f3 las nominaciones de este a\u00f1o y ser\u00e1n 192 artistas diferentes los que competir\u00e1n por una estatuilla el pr\u00f3ximo 23 de febrero. La edici\u00f3n 35 de la premiaci\u00f3n fue dominada por Colombia con artistas como J Balvin, Karol G, Maluma, Camilo y Sebasti\u00e1n Yatra, este\u2026","rel":"","context":"In &quot;Entretenimiento&quot;","block_context":{"text":"Entretenimiento","link":"https:\/\/noticiasya.com\/midland-odessa\/categoria\/entretenimiento"},"img":{"alt_text":"","src":"","width":0,"height":0},"classes":[]}],"jetpack_sharing_enabled":true,"_links":{"self":[{"href":"https:\/\/noticiasya.com\/midland-odessa\/wp-json\/wp\/v2\/posts\/1455277","targetHints":{"allow":["GET"]}}],"collection":[{"href":"https:\/\/noticiasya.com\/midland-odessa\/wp-json\/wp\/v2\/posts"}],"about":[{"href":"https:\/\/noticiasya.com\/midland-odessa\/wp-json\/wp\/v2\/types\/post"}],"replies":[{"embeddable":true,"href":"https:\/\/noticiasya.com\/midland-odessa\/wp-json\/wp\/v2\/comments?post=1455277"}],"version-history":[{"count":0,"href":"https:\/\/noticiasya.com\/midland-odessa\/wp-json\/wp\/v2\/posts\/1455277\/revisions"}],"wp:attachment":[{"href":"https:\/\/noticiasya.com\/midland-odessa\/wp-json\/wp\/v2\/media?parent=1455277"}],"wp:term":[{"taxonomy":"category","embeddable":true,"href":"https:\/\/noticiasya.com\/midland-odessa\/wp-json\/wp\/v2\/categories?post=1455277"},{"taxonomy":"post_tag","embeddable":true,"href":"https:\/\/noticiasya.com\/midland-odessa\/wp-json\/wp\/v2\/tags?post=1455277"}],"curies":[{"name":"wp","href":"https:\/\/api.w.org\/{rel}","templated":true}]}}