{"id":1455279,"date":"2024-10-21T11:03:46","date_gmt":"2024-10-21T18:03:46","guid":{"rendered":"https:\/\/noticiasya.com\/2024\/10\/21\/sheinbaum-investigacion-parroco-chiapas-marcelo-perez-perez-orix\/"},"modified":"2024-10-21T11:03:46","modified_gmt":"2024-10-21T18:03:46","slug":"sheinbaum-investigacion-parroco-chiapas-marcelo-perez-perez-orix","status":"publish","type":"post","link":"https:\/\/noticiasya.com\/midland-odessa\/2024\/10\/21\/sheinbaum-investigacion-parroco-chiapas-marcelo-perez-perez-orix\/","title":{"rendered":"Claudia Sheinbaum habl\u00f3 sobre el homicidio del p\u00e1rroco Marcelo P\u00e9rez P\u00e9rez: &#171;Que este crimen no quede impune&#187;"},"content":{"rendered":"<p>(CNN Espa\u00f1ol) &#8212; La Fiscal\u00eda del Estado de Chiapas contin\u00faa con la investigaci\u00f3n por el homicidio del padre Marcelo P\u00e9rez P\u00e9rez ocurrido este domingo en el barrio de Cuxtitali, en la ciudad de San Crist\u00f3bal de Las Casas, inform\u00f3 este lunes la presidenta de M\u00e9xico, Claudia Sheinbaum en su rueda de prensa matutina.<\/p>\n<p>Las autoridades a\u00fan no han decidido si el caso ser\u00e1 transferido a la Fiscal\u00eda General de M\u00e9xico y mantiene continua comunicaci\u00f3n con las autoridades eclesiales y la Gobernaci\u00f3n de Chiapas \u201cpara que este crimen no quede impune\u201d, se\u00f1al\u00f3 Sheinbaum.<\/p>\n<p>\u00bfQu\u00e9 pas\u00f3 con el homicidio del sacerdote Marcelo P\u00e9rez en Chiapas? Esto sabemos<\/p>\n<p>La presidenta dijo que se necesita seguir con la investigaci\u00f3n y no hacer especulaciones del caso. Agreg\u00f3 que el Gobierno federal est\u00e1 dispuesto a colaborar en todo lo que sea necesario para esclarecer el caso.<\/p>\n<p>De acuerdo con la Fiscal\u00eda estatal, el padre sali\u00f3 de la parroquia luego de oficiar misa el domingo y se dirig\u00eda a la iglesia de Guadalupe, cuando dos personas a bordo de una motocicleta le dispararon.<\/p>\n<p>Miembros de la Fiscal\u00eda encontraron el cad\u00e1ver del sacerdote en una camioneta.<\/p>\n<p>The-CNN-Wire<br \/>&trade; &amp; &copy; 2024 Cable News Network, Inc., a Warner Bros. Discovery Company. All rights reserved.<\/p>\n","protected":false},"excerpt":{"rendered":"<p>(CNN Espa\u00f1ol) &#8212; La Fiscal\u00eda del Estado de Chiapas contin\u00faa con la investigaci\u00f3n por el homicidio del padre Marcelo P\u00e9rez P\u00e9rez ocurrido este domingo en el barrio de Cuxtitali, en la ciudad de San Crist\u00f3bal de Las Casas, inform\u00f3 este lunes la presidenta de M\u00e9xico, Claudia Sheinbaum en su rueda de prensa matutina. Las autoridades [&hellip;]<\/p>\n","protected":false},"author":0,"featured_media":0,"comment_status":"open","ping_status":"open","sticky":false,"template":"","format":"standard","meta":{"_jetpack_memberships_contains_paid_content":false,"footnotes":""},"categories":[10],"tags":[],"class_list":["post-1455279","post","type-post","status-publish","format-standard","hentry","category-noticias-nacionales","market-global"],"yoast_head":"<!-- This site is optimized with the Yoast SEO plugin v24.4 - https:\/\/yoast.com\/wordpress\/plugins\/seo\/ -->\n<title>Claudia Sheinbaum habl\u00f3 sobre el homicidio del p\u00e1rroco Marcelo P\u00e9rez P\u00e9rez: &quot;Que este crimen no quede impune&quot; - Noticias<\/title>\n<meta name=\"robots\" content=\"index, follow, max-snippet:-1, max-image-preview:large, max-video-preview:-1\" \/>\n<link rel=\"canonical\" href=\"https:\/\/noticiasya.com\/2024\/10\/21\/sheinbaum-investigacion-parroco-chiapas-marcelo-perez-perez-orix\/\" \/>\n<meta property=\"og:locale\" content=\"es_ES\" \/>\n<meta property=\"og:type\" content=\"article\" \/>\n<meta property=\"og:title\" content=\"Claudia Sheinbaum habl\u00f3 sobre el homicidio del p\u00e1rroco Marcelo P\u00e9rez P\u00e9rez: &quot;Que este crimen no quede impune&quot; - Noticias\" \/>\n<meta property=\"og:description\" content=\"(CNN Espa\u00f1ol) &#8212; La Fiscal\u00eda del Estado de Chiapas contin\u00faa con la investigaci\u00f3n por el homicidio del padre Marcelo P\u00e9rez P\u00e9rez ocurrido este domingo en el barrio de Cuxtitali, en la ciudad de San Crist\u00f3bal de Las Casas, inform\u00f3 este lunes la presidenta de M\u00e9xico, Claudia Sheinbaum en su rueda de prensa matutina. Las autoridades [&hellip;]\" \/>\n<meta property=\"og:url\" content=\"https:\/\/noticiasya.com\/2024\/10\/21\/sheinbaum-investigacion-parroco-chiapas-marcelo-perez-perez-orix\/\" \/>\n<meta property=\"og:site_name\" content=\"Noticias\" \/>\n<meta property=\"article:published_time\" content=\"2024-10-21T18:03:46+00:00\" \/>\n<meta name=\"twitter:card\" content=\"summary_large_image\" \/>\n<meta name=\"twitter:label1\" content=\"Est. reading time\" \/>\n\t<meta name=\"twitter:data1\" content=\"1 minuto\" \/>\n<script type=\"application\/ld+json\" class=\"yoast-schema-graph\">{\"@context\":\"https:\/\/schema.org\",\"@graph\":[{\"@type\":\"Article\",\"@id\":\"https:\/\/noticiasya.com\/2024\/10\/21\/sheinbaum-investigacion-parroco-chiapas-marcelo-perez-perez-orix\/#article\",\"isPartOf\":{\"@id\":\"https:\/\/noticiasya.com\/2024\/10\/21\/sheinbaum-investigacion-parroco-chiapas-marcelo-perez-perez-orix\/\"},\"author\":{\"name\":\"\",\"@id\":\"\"},\"headline\":\"Claudia Sheinbaum habl\u00f3 sobre el homicidio del p\u00e1rroco Marcelo P\u00e9rez P\u00e9rez: &#171;Que este crimen no quede impune&#187;\",\"datePublished\":\"2024-10-21T18:03:46+00:00\",\"mainEntityOfPage\":{\"@id\":\"https:\/\/noticiasya.com\/2024\/10\/21\/sheinbaum-investigacion-parroco-chiapas-marcelo-perez-perez-orix\/\"},\"wordCount\":244,\"commentCount\":0,\"publisher\":{\"@id\":\"https:\/\/noticiasya.com\/#organization\"},\"articleSection\":[\"Noticias Nacionales\"],\"inLanguage\":\"es\",\"potentialAction\":[{\"@type\":\"CommentAction\",\"name\":\"Comment\",\"target\":[\"https:\/\/noticiasya.com\/2024\/10\/21\/sheinbaum-investigacion-parroco-chiapas-marcelo-perez-perez-orix\/#respond\"]}]},{\"@type\":\"WebPage\",\"@id\":\"https:\/\/noticiasya.com\/2024\/10\/21\/sheinbaum-investigacion-parroco-chiapas-marcelo-perez-perez-orix\/\",\"url\":\"https:\/\/noticiasya.com\/2024\/10\/21\/sheinbaum-investigacion-parroco-chiapas-marcelo-perez-perez-orix\/\",\"name\":\"Claudia Sheinbaum habl\u00f3 sobre el homicidio del p\u00e1rroco Marcelo P\u00e9rez P\u00e9rez: \\\"Que este crimen no quede impune\\\" - Noticias\",\"isPartOf\":{\"@id\":\"https:\/\/noticiasya.com\/#website\"},\"datePublished\":\"2024-10-21T18:03:46+00:00\",\"breadcrumb\":{\"@id\":\"https:\/\/noticiasya.com\/2024\/10\/21\/sheinbaum-investigacion-parroco-chiapas-marcelo-perez-perez-orix\/#breadcrumb\"},\"inLanguage\":\"es\",\"potentialAction\":[{\"@type\":\"ReadAction\",\"target\":[\"https:\/\/noticiasya.com\/2024\/10\/21\/sheinbaum-investigacion-parroco-chiapas-marcelo-perez-perez-orix\/\"]}]},{\"@type\":\"BreadcrumbList\",\"@id\":\"https:\/\/noticiasya.com\/2024\/10\/21\/sheinbaum-investigacion-parroco-chiapas-marcelo-perez-perez-orix\/#breadcrumb\",\"itemListElement\":[{\"@type\":\"ListItem\",\"position\":1,\"name\":\"Home\",\"item\":\"https:\/\/noticiasya.com\/\"},{\"@type\":\"ListItem\",\"position\":2,\"name\":\"Claudia Sheinbaum habl\u00f3 sobre el homicidio del p\u00e1rroco Marcelo P\u00e9rez P\u00e9rez: &#171;Que este crimen no quede impune&#187;\"}]},{\"@type\":\"WebSite\",\"@id\":\"https:\/\/noticiasya.com\/#website\",\"url\":\"https:\/\/noticiasya.com\/\",\"name\":\"Noticias\",\"description\":\"Lo que importa\",\"publisher\":{\"@id\":\"https:\/\/noticiasya.com\/#organization\"},\"potentialAction\":[{\"@type\":\"SearchAction\",\"target\":{\"@type\":\"EntryPoint\",\"urlTemplate\":\"https:\/\/noticiasya.com\/?s={search_term_string}\"},\"query-input\":{\"@type\":\"PropertyValueSpecification\",\"valueRequired\":true,\"valueName\":\"search_term_string\"}}],\"inLanguage\":\"es\"},{\"@type\":\"Organization\",\"@id\":\"https:\/\/noticiasya.com\/#organization\",\"name\":\"Noticias\",\"url\":\"https:\/\/noticiasya.com\/\",\"logo\":{\"@type\":\"ImageObject\",\"inLanguage\":\"es\",\"@id\":\"https:\/\/noticiasya.com\/#\/schema\/logo\/image\/\",\"url\":\"https:\/\/noticiasya.com\/wp-content\/uploads\/sites\/22\/2023\/12\/logo-nacional.png\",\"contentUrl\":\"https:\/\/noticiasya.com\/wp-content\/uploads\/sites\/22\/2023\/12\/logo-nacional.png\",\"width\":1801,\"height\":691,\"caption\":\"Noticias\"},\"image\":{\"@id\":\"https:\/\/noticiasya.com\/#\/schema\/logo\/image\/\"}}]}<\/script>\n<!-- \/ Yoast SEO plugin. -->","yoast_head_json":{"title":"Claudia Sheinbaum habl\u00f3 sobre el homicidio del p\u00e1rroco Marcelo P\u00e9rez P\u00e9rez: \"Que este crimen no quede impune\" - Noticias","robots":{"index":"index","follow":"follow","max-snippet":"max-snippet:-1","max-image-preview":"max-image-preview:large","max-video-preview":"max-video-preview:-1"},"canonical":"https:\/\/noticiasya.com\/2024\/10\/21\/sheinbaum-investigacion-parroco-chiapas-marcelo-perez-perez-orix\/","og_locale":"es_ES","og_type":"article","og_title":"Claudia Sheinbaum habl\u00f3 sobre el homicidio del p\u00e1rroco Marcelo P\u00e9rez P\u00e9rez: \"Que este crimen no quede impune\" - Noticias","og_description":"(CNN Espa\u00f1ol) &#8212; La Fiscal\u00eda del Estado de Chiapas contin\u00faa con la investigaci\u00f3n por el homicidio del padre Marcelo P\u00e9rez P\u00e9rez ocurrido este domingo en el barrio de Cuxtitali, en la ciudad de San Crist\u00f3bal de Las Casas, inform\u00f3 este lunes la presidenta de M\u00e9xico, Claudia Sheinbaum en su rueda de prensa matutina. Las autoridades [&hellip;]","og_url":"https:\/\/noticiasya.com\/2024\/10\/21\/sheinbaum-investigacion-parroco-chiapas-marcelo-perez-perez-orix\/","og_site_name":"Noticias","article_published_time":"2024-10-21T18:03:46+00:00","twitter_card":"summary_large_image","twitter_misc":{"Est. reading time":"1 minuto"},"schema":{"@context":"https:\/\/schema.org","@graph":[{"@type":"Article","@id":"https:\/\/noticiasya.com\/2024\/10\/21\/sheinbaum-investigacion-parroco-chiapas-marcelo-perez-perez-orix\/#article","isPartOf":{"@id":"https:\/\/noticiasya.com\/2024\/10\/21\/sheinbaum-investigacion-parroco-chiapas-marcelo-perez-perez-orix\/"},"author":{"name":"","@id":""},"headline":"Claudia Sheinbaum habl\u00f3 sobre el homicidio del p\u00e1rroco Marcelo P\u00e9rez P\u00e9rez: &#171;Que este crimen no quede impune&#187;","datePublished":"2024-10-21T18:03:46+00:00","mainEntityOfPage":{"@id":"https:\/\/noticiasya.com\/2024\/10\/21\/sheinbaum-investigacion-parroco-chiapas-marcelo-perez-perez-orix\/"},"wordCount":244,"commentCount":0,"publisher":{"@id":"https:\/\/noticiasya.com\/#organization"},"articleSection":["Noticias Nacionales"],"inLanguage":"es","potentialAction":[{"@type":"CommentAction","name":"Comment","target":["https:\/\/noticiasya.com\/2024\/10\/21\/sheinbaum-investigacion-parroco-chiapas-marcelo-perez-perez-orix\/#respond"]}]},{"@type":"WebPage","@id":"https:\/\/noticiasya.com\/2024\/10\/21\/sheinbaum-investigacion-parroco-chiapas-marcelo-perez-perez-orix\/","url":"https:\/\/noticiasya.com\/2024\/10\/21\/sheinbaum-investigacion-parroco-chiapas-marcelo-perez-perez-orix\/","name":"Claudia Sheinbaum habl\u00f3 sobre el homicidio del p\u00e1rroco Marcelo P\u00e9rez P\u00e9rez: \"Que este crimen no quede impune\" - Noticias","isPartOf":{"@id":"https:\/\/noticiasya.com\/#website"},"datePublished":"2024-10-21T18:03:46+00:00","breadcrumb":{"@id":"https:\/\/noticiasya.com\/2024\/10\/21\/sheinbaum-investigacion-parroco-chiapas-marcelo-perez-perez-orix\/#breadcrumb"},"inLanguage":"es","potentialAction":[{"@type":"ReadAction","target":["https:\/\/noticiasya.com\/2024\/10\/21\/sheinbaum-investigacion-parroco-chiapas-marcelo-perez-perez-orix\/"]}]},{"@type":"BreadcrumbList","@id":"https:\/\/noticiasya.com\/2024\/10\/21\/sheinbaum-investigacion-parroco-chiapas-marcelo-perez-perez-orix\/#breadcrumb","itemListElement":[{"@type":"ListItem","position":1,"name":"Home","item":"https:\/\/noticiasya.com\/"},{"@type":"ListItem","position":2,"name":"Claudia Sheinbaum habl\u00f3 sobre el homicidio del p\u00e1rroco Marcelo P\u00e9rez P\u00e9rez: &#171;Que este crimen no quede impune&#187;"}]},{"@type":"WebSite","@id":"https:\/\/noticiasya.com\/#website","url":"https:\/\/noticiasya.com\/","name":"Noticias","description":"Lo que importa","publisher":{"@id":"https:\/\/noticiasya.com\/#organization"},"potentialAction":[{"@type":"SearchAction","target":{"@type":"EntryPoint","urlTemplate":"https:\/\/noticiasya.com\/?s={search_term_string}"},"query-input":{"@type":"PropertyValueSpecification","valueRequired":true,"valueName":"search_term_string"}}],"inLanguage":"es"},{"@type":"Organization","@id":"https:\/\/noticiasya.com\/#organization","name":"Noticias","url":"https:\/\/noticiasya.com\/","logo":{"@type":"ImageObject","inLanguage":"es","@id":"https:\/\/noticiasya.com\/#\/schema\/logo\/image\/","url":"https:\/\/noticiasya.com\/wp-content\/uploads\/sites\/22\/2023\/12\/logo-nacional.png","contentUrl":"https:\/\/noticiasya.com\/wp-content\/uploads\/sites\/22\/2023\/12\/logo-nacional.png","width":1801,"height":691,"caption":"Noticias"},"image":{"@id":"https:\/\/noticiasya.com\/#\/schema\/logo\/image\/"}}]}},"parsely":{"version":"1.1.0","canonical_url":"https:\/\/noticiasya.com\/midland-odessa\/2024\/10\/21\/sheinbaum-investigacion-parroco-chiapas-marcelo-perez-perez-orix\/","smart_links":{"inbound":0,"outbound":0},"traffic_boost_suggestions_count":0,"meta":{"@context":"https:\/\/schema.org","@type":"NewsArticle","headline":"Claudia Sheinbaum habl\u00f3 sobre el homicidio del p\u00e1rroco Marcelo P\u00e9rez P\u00e9rez: &#171;Que este crimen no quede impune&#187;","url":"http:\/\/noticiasya.com\/midland-odessa\/2024\/10\/21\/sheinbaum-investigacion-parroco-chiapas-marcelo-perez-perez-orix\/","mainEntityOfPage":{"@type":"WebPage","@id":"http:\/\/noticiasya.com\/midland-odessa\/2024\/10\/21\/sheinbaum-investigacion-parroco-chiapas-marcelo-perez-perez-orix\/"},"thumbnailUrl":"","image":{"@type":"ImageObject","url":""},"articleSection":"Noticias Nacionales","author":[],"creator":[],"publisher":{"@type":"Organization","name":"Noticias","logo":""},"keywords":[],"dateCreated":"2024-10-21T18:03:46Z","datePublished":"2024-10-21T18:03:46Z","dateModified":"2024-10-21T18:03:46Z"},"rendered":"<script type=\"application\/ld+json\" class=\"wp-parsely-metadata\">{\"@context\":\"https:\\\/\\\/schema.org\",\"@type\":\"NewsArticle\",\"headline\":\"Claudia Sheinbaum habl\\u00f3 sobre el homicidio del p\\u00e1rroco Marcelo P\\u00e9rez P\\u00e9rez: &#171;Que este crimen no quede impune&#187;\",\"url\":\"http:\\\/\\\/noticiasya.com\\\/midland-odessa\\\/2024\\\/10\\\/21\\\/sheinbaum-investigacion-parroco-chiapas-marcelo-perez-perez-orix\\\/\",\"mainEntityOfPage\":{\"@type\":\"WebPage\",\"@id\":\"http:\\\/\\\/noticiasya.com\\\/midland-odessa\\\/2024\\\/10\\\/21\\\/sheinbaum-investigacion-parroco-chiapas-marcelo-perez-perez-orix\\\/\"},\"thumbnailUrl\":\"\",\"image\":{\"@type\":\"ImageObject\",\"url\":\"\"},\"articleSection\":\"Noticias Nacionales\",\"author\":[],\"creator\":[],\"publisher\":{\"@type\":\"Organization\",\"name\":\"Noticias\",\"logo\":\"\"},\"keywords\":[],\"dateCreated\":\"2024-10-21T18:03:46Z\",\"datePublished\":\"2024-10-21T18:03:46Z\",\"dateModified\":\"2024-10-21T18:03:46Z\"}<\/script>","tracker_url":"https:\/\/cdn.parsely.com\/keys\/noticiasya.com\/p.js"},"jetpack_featured_media_url":"","jetpack-related-posts":[{"id":1455867,"url":"https:\/\/noticiasya.com\/midland-odessa\/2024\/11\/15\/iglesia-catolica-preocupacion-violencia-mexico-orix\/","url_meta":{"origin":1455279,"position":0},"title":"La Iglesia cat\u00f3lica manifiesta preocupaci\u00f3n por la violencia que azota a M\u00e9xico","author":"","date":"noviembre 15, 2024","format":false,"excerpt":"(CNN Espa\u00f1ol) --\u00a0La Conferencia del Episcopado Mexicano (CEM) manifest\u00f3 este viernes su preocupaci\u00f3n por la ola de violencia que afecta al pa\u00eds, al recordar el homicidio del sacerdote Marcelo P\u00e9rez, ocurrido hace menos de un mes en Chiapas, en el sureste de M\u00e9xico.\u201cNos preocupan profundamente nuestras comunidades afectadas por la\u2026","rel":"","context":"In &quot;Noticias Nacionales&quot;","block_context":{"text":"Noticias Nacionales","link":"https:\/\/noticiasya.com\/midland-odessa\/categoria\/noticias-nacionales"},"img":{"alt_text":"","src":"","width":0,"height":0},"classes":[]},{"id":1455265,"url":"https:\/\/noticiasya.com\/midland-odessa\/2024\/10\/20\/chiapas-investiga-muerte-parroco-perez-orix\/","url_meta":{"origin":1455279,"position":1},"title":"Fiscal\u00eda de Chiapas investiga la muerte del p\u00e1rroco Marcelo P\u00e9rez P\u00e9rez","author":"","date":"octubre 20, 2024","format":false,"excerpt":"(CNN Espa\u00f1ol) \u2013\u2013 La Fiscal\u00eda del estado mexicano de Chiapas investiga el homicidio del padre Marcelo P\u00e9rez P\u00e9rez, registrado en el barrio de Cuxtitali, en la ciudad de San Crist\u00f3bal de Las Casas, inform\u00f3 la instituci\u00f3n en un comunicado publicado este domingo en su perfil de Facebook.El sacerdote era p\u00e1rroco\u2026","rel":"","context":"In &quot;Noticias Nacionales&quot;","block_context":{"text":"Noticias Nacionales","link":"https:\/\/noticiasya.com\/midland-odessa\/categoria\/noticias-nacionales"},"img":{"alt_text":"","src":"","width":0,"height":0},"classes":[]},{"id":1464858,"url":"https:\/\/noticiasya.com\/midland-odessa\/2025\/07\/25\/investigan-secuestro-homicidio-irma-hernandez-veracruz-orix\/","url_meta":{"origin":1455279,"position":2},"title":"Investigan secuestro y homicidio de Irma Hern\u00e1ndez, una maestra jubilada y taxista hallada muerta en Veracruz","author":"","date":"julio 25, 2025","format":false,"excerpt":"La Fiscal\u00eda de Veracruz, en el este de M\u00e9xico, abri\u00f3 una investigaci\u00f3n por el secuestro y homicidio de Irma Hern\u00e1ndez, una maestra jubilada y taxista desaparecida desde el 18 de julio y cuyo cad\u00e1ver fue encontrado esta semana en el municipio de \u00c1lamo.La Fiscal\u00eda dijo el jueves en un comunicado\u2026","rel":"","context":"In &quot;Noticias Nacionales&quot;","block_context":{"text":"Noticias Nacionales","link":"https:\/\/noticiasya.com\/midland-odessa\/categoria\/noticias-nacionales"},"img":{"alt_text":"","src":"","width":0,"height":0},"classes":[]},{"id":1449490,"url":"https:\/\/noticiasya.com\/midland-odessa\/2024\/05\/15\/fiscalia-chiapas-homicidio-11-personas-orix\/","url_meta":{"origin":1455279,"position":3},"title":"Fiscal\u00eda de Chiapas reporta homicidio de 11 personas en zona fronteriza con Guatemala","author":"","date":"mayo 15, 2024","format":false,"excerpt":"(CNN Espa\u00f1ol) -- La Fiscal\u00eda General de Chiapas, en el sur de M\u00e9xico, inform\u00f3 este martes que investiga el homicidio de 11 personas en un hecho registrado en el municipio de Chicomuselo, cerca de la frontera de M\u00e9xico con Guatemala.Sin dar m\u00e1s detalles del hecho violento, la Fiscal\u00eda asegur\u00f3 a\u2026","rel":"","context":"In &quot;Noticias Nacionales&quot;","block_context":{"text":"Noticias Nacionales","link":"https:\/\/noticiasya.com\/midland-odessa\/categoria\/noticias-nacionales"},"img":{"alt_text":"","src":"","width":0,"height":0},"classes":[]},{"id":1467219,"url":"https:\/\/noticiasya.com\/midland-odessa\/2025\/10\/08\/familia-b-king-fiscalia-colombia-dj-regio-clown-mexico-orix\/","url_meta":{"origin":1455279,"position":4},"title":"Familia del m\u00fasico colombiano B King pide a Fiscal\u00eda de Colombia ayudar a esclarecer su homicidio y el del DJ Regio Clown","author":"","date":"octubre 8, 2025","format":false,"excerpt":"A dos semanas de que autoridades de M\u00e9xico informaron sobre el homicidio de los m\u00fasicos colombianos Bayron S\u00e1nchez Salazar, conocido como B King, y Jorge Luis Herrera Lemos, conocido como Regio Clown, la familia de S\u00e1nchez Salazar pidi\u00f3 a la Fiscal\u00eda de Colombia que ayude a esclarecer el caso.La petici\u00f3n\u2026","rel":"","context":"In &quot;Noticias Nacionales&quot;","block_context":{"text":"Noticias Nacionales","link":"https:\/\/noticiasya.com\/midland-odessa\/categoria\/noticias-nacionales"},"img":{"alt_text":"","src":"","width":0,"height":0},"classes":[]},{"id":1467906,"url":"https:\/\/noticiasya.com\/midland-odessa\/2025\/10\/31\/barco-menores-sinaloa-investigan-explotacion-infantil-laboral-orix\/","url_meta":{"origin":1455279,"position":5},"title":"Rescatan barco con 28 menores de edad en Sinaloa. Sheinbaum dice que investigan si se trata de explotaci\u00f3n laboral infantil","author":"","date":"octubre 31, 2025","format":false,"excerpt":"La Fiscal\u00eda General del Estado de Sinaloa report\u00f3 el jueves un rescate de 28 menores en altamar en el municipio de Ahome. La presidenta de M\u00e9xico, Claudia Sheinbaum, inform\u00f3 este viernes que detuvieron al adulto que los acompa\u00f1aba y que investigan los hechos para determinar \u201csi hay un modelo de\u2026","rel":"","context":"In &quot;Noticias Nacionales&quot;","block_context":{"text":"Noticias Nacionales","link":"https:\/\/noticiasya.com\/midland-odessa\/categoria\/noticias-nacionales"},"img":{"alt_text":"","src":"","width":0,"height":0},"classes":[]}],"jetpack_sharing_enabled":true,"_links":{"self":[{"href":"https:\/\/noticiasya.com\/midland-odessa\/wp-json\/wp\/v2\/posts\/1455279","targetHints":{"allow":["GET"]}}],"collection":[{"href":"https:\/\/noticiasya.com\/midland-odessa\/wp-json\/wp\/v2\/posts"}],"about":[{"href":"https:\/\/noticiasya.com\/midland-odessa\/wp-json\/wp\/v2\/types\/post"}],"replies":[{"embeddable":true,"href":"https:\/\/noticiasya.com\/midland-odessa\/wp-json\/wp\/v2\/comments?post=1455279"}],"version-history":[{"count":0,"href":"https:\/\/noticiasya.com\/midland-odessa\/wp-json\/wp\/v2\/posts\/1455279\/revisions"}],"wp:attachment":[{"href":"https:\/\/noticiasya.com\/midland-odessa\/wp-json\/wp\/v2\/media?parent=1455279"}],"wp:term":[{"taxonomy":"category","embeddable":true,"href":"https:\/\/noticiasya.com\/midland-odessa\/wp-json\/wp\/v2\/categories?post=1455279"},{"taxonomy":"post_tag","embeddable":true,"href":"https:\/\/noticiasya.com\/midland-odessa\/wp-json\/wp\/v2\/tags?post=1455279"}],"curies":[{"name":"wp","href":"https:\/\/api.w.org\/{rel}","templated":true}]}}