{"id":1455284,"date":"2024-10-21T16:03:41","date_gmt":"2024-10-21T23:03:41","guid":{"rendered":"https:\/\/noticiasya.com\/2024\/10\/21\/sentencian-20-anios-de-prision-expresidente-de-peru-alejandro-toledo-orix\/"},"modified":"2024-10-21T16:03:41","modified_gmt":"2024-10-21T23:03:41","slug":"sentencian-20-anios-de-prision-expresidente-de-peru-alejandro-toledo-orix","status":"publish","type":"post","link":"https:\/\/noticiasya.com\/midland-odessa\/2024\/10\/21\/sentencian-20-anios-de-prision-expresidente-de-peru-alejandro-toledo-orix\/","title":{"rendered":"Sentencian a m\u00e1s de 20 a\u00f1os de prisi\u00f3n al expresidente de Per\u00fa Alejandro Toledo por colusi\u00f3n y lavado de activos por caso Odebrecht"},"content":{"rendered":"<p>(CNN Espa\u00f1ol) &#8212;\u00a0El expresidente de Per\u00fa, Alejandro Toledo, fue sentenciado este lunes a 20 a\u00f1os y seis meses de prisi\u00f3n por un tribunal de Lima por colusi\u00f3n y lavado de activos relacionados con el denominado caso Odebrecht.<\/p>\n<p>Seg\u00fan la Fiscal\u00eda, Toledo recibi\u00f3 un soborno por parte de la transnacional brasile\u00f1a para obtener la concesi\u00f3n en la construcci\u00f3n del Proyecto Vial Interoce\u00e1nica Sur Per\u00fa-Brasil.<\/p>\n<p>La Fiscal\u00eda sostuvo que la empresa Odebrecht le entreg\u00f3, por medio de un amigo del exmandatario, m\u00e1s de US$ 30 millones.<\/p>\n<p>C\u00f3mo terminaron US$ 6,6 millones confiscados a una sociedad del expresidente de Per\u00fa Alejandro Toledo en el presupuesto nacional de Costa Rica<\/p>\n<p>Durante la audiencia de adelanto de sentencia de este lunes y, respecto a la acusaci\u00f3n de colusi\u00f3n, la jueza y directora de debates del juicio, In\u00e9s Rojas Contreras, dijo que Toledo hab\u00eda fallado al cumplir con su deber desde la Presidencia.<\/p>\n<p>&#171;En este caso, al haberse demostrado una serie o un rosario de irregularidades, una injerencia inusitada, una aceleraci\u00f3n del proceso y la intervenci\u00f3n directa e indirecta del se\u00f1or Toledo en el proceso, el se\u00f1or Toledo ha realizado la conducta t\u00edpica de la infracci\u00f3n del deber defraudando el Estado&#187;, explic\u00f3<\/p>\n<p>El expresidente neg\u00f3 durante el proceso las acusaciones.<\/p>\n<p>The-CNN-Wire<br \/>&trade; &amp; &copy; 2024 Cable News Network, Inc., a Warner Bros. Discovery Company. All rights reserved.<\/p>\n","protected":false},"excerpt":{"rendered":"<p>(CNN Espa\u00f1ol) &#8212;\u00a0El expresidente de Per\u00fa, Alejandro Toledo, fue sentenciado este lunes a 20 a\u00f1os y seis meses de prisi\u00f3n por un tribunal de Lima por colusi\u00f3n y lavado de activos relacionados con el denominado caso Odebrecht. Seg\u00fan la Fiscal\u00eda, Toledo recibi\u00f3 un soborno por parte de la transnacional brasile\u00f1a para obtener la concesi\u00f3n en [&hellip;]<\/p>\n","protected":false},"author":0,"featured_media":0,"comment_status":"open","ping_status":"open","sticky":false,"template":"","format":"standard","meta":{"_jetpack_memberships_contains_paid_content":false,"footnotes":""},"categories":[10],"tags":[],"class_list":["post-1455284","post","type-post","status-publish","format-standard","hentry","category-noticias-nacionales","market-global"],"yoast_head":"<!-- This site is optimized with the Yoast SEO plugin v24.4 - https:\/\/yoast.com\/wordpress\/plugins\/seo\/ -->\n<title>Sentencian a m\u00e1s de 20 a\u00f1os de prisi\u00f3n al expresidente de Per\u00fa Alejandro Toledo por colusi\u00f3n y lavado de activos por caso Odebrecht - Noticias<\/title>\n<meta name=\"robots\" content=\"index, follow, max-snippet:-1, max-image-preview:large, max-video-preview:-1\" \/>\n<link rel=\"canonical\" href=\"https:\/\/noticiasya.com\/2024\/10\/21\/sentencian-20-anios-de-prision-expresidente-de-peru-alejandro-toledo-orix\/\" \/>\n<meta property=\"og:locale\" content=\"es_ES\" \/>\n<meta property=\"og:type\" content=\"article\" \/>\n<meta property=\"og:title\" content=\"Sentencian a m\u00e1s de 20 a\u00f1os de prisi\u00f3n al expresidente de Per\u00fa Alejandro Toledo por colusi\u00f3n y lavado de activos por caso Odebrecht - Noticias\" \/>\n<meta property=\"og:description\" content=\"(CNN Espa\u00f1ol) &#8212;\u00a0El expresidente de Per\u00fa, Alejandro Toledo, fue sentenciado este lunes a 20 a\u00f1os y seis meses de prisi\u00f3n por un tribunal de Lima por colusi\u00f3n y lavado de activos relacionados con el denominado caso Odebrecht. Seg\u00fan la Fiscal\u00eda, Toledo recibi\u00f3 un soborno por parte de la transnacional brasile\u00f1a para obtener la concesi\u00f3n en [&hellip;]\" \/>\n<meta property=\"og:url\" content=\"https:\/\/noticiasya.com\/2024\/10\/21\/sentencian-20-anios-de-prision-expresidente-de-peru-alejandro-toledo-orix\/\" \/>\n<meta property=\"og:site_name\" content=\"Noticias\" \/>\n<meta property=\"article:published_time\" content=\"2024-10-21T23:03:41+00:00\" \/>\n<meta name=\"twitter:card\" content=\"summary_large_image\" \/>\n<meta name=\"twitter:label1\" content=\"Est. reading time\" \/>\n\t<meta name=\"twitter:data1\" content=\"1 minuto\" \/>\n<script type=\"application\/ld+json\" class=\"yoast-schema-graph\">{\"@context\":\"https:\/\/schema.org\",\"@graph\":[{\"@type\":\"Article\",\"@id\":\"https:\/\/noticiasya.com\/2024\/10\/21\/sentencian-20-anios-de-prision-expresidente-de-peru-alejandro-toledo-orix\/#article\",\"isPartOf\":{\"@id\":\"https:\/\/noticiasya.com\/2024\/10\/21\/sentencian-20-anios-de-prision-expresidente-de-peru-alejandro-toledo-orix\/\"},\"author\":{\"name\":\"\",\"@id\":\"\"},\"headline\":\"Sentencian a m\u00e1s de 20 a\u00f1os de prisi\u00f3n al expresidente de Per\u00fa Alejandro Toledo por colusi\u00f3n y lavado de activos por caso Odebrecht\",\"datePublished\":\"2024-10-21T23:03:41+00:00\",\"mainEntityOfPage\":{\"@id\":\"https:\/\/noticiasya.com\/2024\/10\/21\/sentencian-20-anios-de-prision-expresidente-de-peru-alejandro-toledo-orix\/\"},\"wordCount\":268,\"commentCount\":0,\"publisher\":{\"@id\":\"https:\/\/noticiasya.com\/#organization\"},\"articleSection\":[\"Noticias Nacionales\"],\"inLanguage\":\"es\",\"potentialAction\":[{\"@type\":\"CommentAction\",\"name\":\"Comment\",\"target\":[\"https:\/\/noticiasya.com\/2024\/10\/21\/sentencian-20-anios-de-prision-expresidente-de-peru-alejandro-toledo-orix\/#respond\"]}]},{\"@type\":\"WebPage\",\"@id\":\"https:\/\/noticiasya.com\/2024\/10\/21\/sentencian-20-anios-de-prision-expresidente-de-peru-alejandro-toledo-orix\/\",\"url\":\"https:\/\/noticiasya.com\/2024\/10\/21\/sentencian-20-anios-de-prision-expresidente-de-peru-alejandro-toledo-orix\/\",\"name\":\"Sentencian a m\u00e1s de 20 a\u00f1os de prisi\u00f3n al expresidente de Per\u00fa Alejandro Toledo por colusi\u00f3n y lavado de activos por caso Odebrecht - Noticias\",\"isPartOf\":{\"@id\":\"https:\/\/noticiasya.com\/#website\"},\"datePublished\":\"2024-10-21T23:03:41+00:00\",\"breadcrumb\":{\"@id\":\"https:\/\/noticiasya.com\/2024\/10\/21\/sentencian-20-anios-de-prision-expresidente-de-peru-alejandro-toledo-orix\/#breadcrumb\"},\"inLanguage\":\"es\",\"potentialAction\":[{\"@type\":\"ReadAction\",\"target\":[\"https:\/\/noticiasya.com\/2024\/10\/21\/sentencian-20-anios-de-prision-expresidente-de-peru-alejandro-toledo-orix\/\"]}]},{\"@type\":\"BreadcrumbList\",\"@id\":\"https:\/\/noticiasya.com\/2024\/10\/21\/sentencian-20-anios-de-prision-expresidente-de-peru-alejandro-toledo-orix\/#breadcrumb\",\"itemListElement\":[{\"@type\":\"ListItem\",\"position\":1,\"name\":\"Home\",\"item\":\"https:\/\/noticiasya.com\/\"},{\"@type\":\"ListItem\",\"position\":2,\"name\":\"Sentencian a m\u00e1s de 20 a\u00f1os de prisi\u00f3n al expresidente de Per\u00fa Alejandro Toledo por colusi\u00f3n y lavado de activos por caso Odebrecht\"}]},{\"@type\":\"WebSite\",\"@id\":\"https:\/\/noticiasya.com\/#website\",\"url\":\"https:\/\/noticiasya.com\/\",\"name\":\"Noticias\",\"description\":\"Lo que importa\",\"publisher\":{\"@id\":\"https:\/\/noticiasya.com\/#organization\"},\"potentialAction\":[{\"@type\":\"SearchAction\",\"target\":{\"@type\":\"EntryPoint\",\"urlTemplate\":\"https:\/\/noticiasya.com\/?s={search_term_string}\"},\"query-input\":{\"@type\":\"PropertyValueSpecification\",\"valueRequired\":true,\"valueName\":\"search_term_string\"}}],\"inLanguage\":\"es\"},{\"@type\":\"Organization\",\"@id\":\"https:\/\/noticiasya.com\/#organization\",\"name\":\"Noticias\",\"url\":\"https:\/\/noticiasya.com\/\",\"logo\":{\"@type\":\"ImageObject\",\"inLanguage\":\"es\",\"@id\":\"https:\/\/noticiasya.com\/#\/schema\/logo\/image\/\",\"url\":\"https:\/\/noticiasya.com\/wp-content\/uploads\/sites\/22\/2023\/12\/logo-nacional.png\",\"contentUrl\":\"https:\/\/noticiasya.com\/wp-content\/uploads\/sites\/22\/2023\/12\/logo-nacional.png\",\"width\":1801,\"height\":691,\"caption\":\"Noticias\"},\"image\":{\"@id\":\"https:\/\/noticiasya.com\/#\/schema\/logo\/image\/\"}}]}<\/script>\n<!-- \/ Yoast SEO plugin. -->","yoast_head_json":{"title":"Sentencian a m\u00e1s de 20 a\u00f1os de prisi\u00f3n al expresidente de Per\u00fa Alejandro Toledo por colusi\u00f3n y lavado de activos por caso Odebrecht - Noticias","robots":{"index":"index","follow":"follow","max-snippet":"max-snippet:-1","max-image-preview":"max-image-preview:large","max-video-preview":"max-video-preview:-1"},"canonical":"https:\/\/noticiasya.com\/2024\/10\/21\/sentencian-20-anios-de-prision-expresidente-de-peru-alejandro-toledo-orix\/","og_locale":"es_ES","og_type":"article","og_title":"Sentencian a m\u00e1s de 20 a\u00f1os de prisi\u00f3n al expresidente de Per\u00fa Alejandro Toledo por colusi\u00f3n y lavado de activos por caso Odebrecht - Noticias","og_description":"(CNN Espa\u00f1ol) &#8212;\u00a0El expresidente de Per\u00fa, Alejandro Toledo, fue sentenciado este lunes a 20 a\u00f1os y seis meses de prisi\u00f3n por un tribunal de Lima por colusi\u00f3n y lavado de activos relacionados con el denominado caso Odebrecht. Seg\u00fan la Fiscal\u00eda, Toledo recibi\u00f3 un soborno por parte de la transnacional brasile\u00f1a para obtener la concesi\u00f3n en [&hellip;]","og_url":"https:\/\/noticiasya.com\/2024\/10\/21\/sentencian-20-anios-de-prision-expresidente-de-peru-alejandro-toledo-orix\/","og_site_name":"Noticias","article_published_time":"2024-10-21T23:03:41+00:00","twitter_card":"summary_large_image","twitter_misc":{"Est. reading time":"1 minuto"},"schema":{"@context":"https:\/\/schema.org","@graph":[{"@type":"Article","@id":"https:\/\/noticiasya.com\/2024\/10\/21\/sentencian-20-anios-de-prision-expresidente-de-peru-alejandro-toledo-orix\/#article","isPartOf":{"@id":"https:\/\/noticiasya.com\/2024\/10\/21\/sentencian-20-anios-de-prision-expresidente-de-peru-alejandro-toledo-orix\/"},"author":{"name":"","@id":""},"headline":"Sentencian a m\u00e1s de 20 a\u00f1os de prisi\u00f3n al expresidente de Per\u00fa Alejandro Toledo por colusi\u00f3n y lavado de activos por caso Odebrecht","datePublished":"2024-10-21T23:03:41+00:00","mainEntityOfPage":{"@id":"https:\/\/noticiasya.com\/2024\/10\/21\/sentencian-20-anios-de-prision-expresidente-de-peru-alejandro-toledo-orix\/"},"wordCount":268,"commentCount":0,"publisher":{"@id":"https:\/\/noticiasya.com\/#organization"},"articleSection":["Noticias Nacionales"],"inLanguage":"es","potentialAction":[{"@type":"CommentAction","name":"Comment","target":["https:\/\/noticiasya.com\/2024\/10\/21\/sentencian-20-anios-de-prision-expresidente-de-peru-alejandro-toledo-orix\/#respond"]}]},{"@type":"WebPage","@id":"https:\/\/noticiasya.com\/2024\/10\/21\/sentencian-20-anios-de-prision-expresidente-de-peru-alejandro-toledo-orix\/","url":"https:\/\/noticiasya.com\/2024\/10\/21\/sentencian-20-anios-de-prision-expresidente-de-peru-alejandro-toledo-orix\/","name":"Sentencian a m\u00e1s de 20 a\u00f1os de prisi\u00f3n al expresidente de Per\u00fa Alejandro Toledo por colusi\u00f3n y lavado de activos por caso Odebrecht - Noticias","isPartOf":{"@id":"https:\/\/noticiasya.com\/#website"},"datePublished":"2024-10-21T23:03:41+00:00","breadcrumb":{"@id":"https:\/\/noticiasya.com\/2024\/10\/21\/sentencian-20-anios-de-prision-expresidente-de-peru-alejandro-toledo-orix\/#breadcrumb"},"inLanguage":"es","potentialAction":[{"@type":"ReadAction","target":["https:\/\/noticiasya.com\/2024\/10\/21\/sentencian-20-anios-de-prision-expresidente-de-peru-alejandro-toledo-orix\/"]}]},{"@type":"BreadcrumbList","@id":"https:\/\/noticiasya.com\/2024\/10\/21\/sentencian-20-anios-de-prision-expresidente-de-peru-alejandro-toledo-orix\/#breadcrumb","itemListElement":[{"@type":"ListItem","position":1,"name":"Home","item":"https:\/\/noticiasya.com\/"},{"@type":"ListItem","position":2,"name":"Sentencian a m\u00e1s de 20 a\u00f1os de prisi\u00f3n al expresidente de Per\u00fa Alejandro Toledo por colusi\u00f3n y lavado de activos por caso Odebrecht"}]},{"@type":"WebSite","@id":"https:\/\/noticiasya.com\/#website","url":"https:\/\/noticiasya.com\/","name":"Noticias","description":"Lo que importa","publisher":{"@id":"https:\/\/noticiasya.com\/#organization"},"potentialAction":[{"@type":"SearchAction","target":{"@type":"EntryPoint","urlTemplate":"https:\/\/noticiasya.com\/?s={search_term_string}"},"query-input":{"@type":"PropertyValueSpecification","valueRequired":true,"valueName":"search_term_string"}}],"inLanguage":"es"},{"@type":"Organization","@id":"https:\/\/noticiasya.com\/#organization","name":"Noticias","url":"https:\/\/noticiasya.com\/","logo":{"@type":"ImageObject","inLanguage":"es","@id":"https:\/\/noticiasya.com\/#\/schema\/logo\/image\/","url":"https:\/\/noticiasya.com\/wp-content\/uploads\/sites\/22\/2023\/12\/logo-nacional.png","contentUrl":"https:\/\/noticiasya.com\/wp-content\/uploads\/sites\/22\/2023\/12\/logo-nacional.png","width":1801,"height":691,"caption":"Noticias"},"image":{"@id":"https:\/\/noticiasya.com\/#\/schema\/logo\/image\/"}}]}},"parsely":{"version":"1.1.0","canonical_url":"https:\/\/noticiasya.com\/midland-odessa\/2024\/10\/21\/sentencian-20-anios-de-prision-expresidente-de-peru-alejandro-toledo-orix\/","smart_links":{"inbound":0,"outbound":0},"traffic_boost_suggestions_count":0,"meta":{"@context":"https:\/\/schema.org","@type":"NewsArticle","headline":"Sentencian a m\u00e1s de 20 a\u00f1os de prisi\u00f3n al expresidente de Per\u00fa Alejandro Toledo por colusi\u00f3n y lavado de activos por caso Odebrecht","url":"http:\/\/noticiasya.com\/midland-odessa\/2024\/10\/21\/sentencian-20-anios-de-prision-expresidente-de-peru-alejandro-toledo-orix\/","mainEntityOfPage":{"@type":"WebPage","@id":"http:\/\/noticiasya.com\/midland-odessa\/2024\/10\/21\/sentencian-20-anios-de-prision-expresidente-de-peru-alejandro-toledo-orix\/"},"thumbnailUrl":"","image":{"@type":"ImageObject","url":""},"articleSection":"Noticias Nacionales","author":[],"creator":[],"publisher":{"@type":"Organization","name":"Noticias","logo":""},"keywords":[],"dateCreated":"2024-10-21T23:03:41Z","datePublished":"2024-10-21T23:03:41Z","dateModified":"2024-10-21T23:03:41Z"},"rendered":"<script type=\"application\/ld+json\" class=\"wp-parsely-metadata\">{\"@context\":\"https:\\\/\\\/schema.org\",\"@type\":\"NewsArticle\",\"headline\":\"Sentencian a m\\u00e1s de 20 a\\u00f1os de prisi\\u00f3n al expresidente de Per\\u00fa Alejandro Toledo por colusi\\u00f3n y lavado de activos por caso Odebrecht\",\"url\":\"http:\\\/\\\/noticiasya.com\\\/midland-odessa\\\/2024\\\/10\\\/21\\\/sentencian-20-anios-de-prision-expresidente-de-peru-alejandro-toledo-orix\\\/\",\"mainEntityOfPage\":{\"@type\":\"WebPage\",\"@id\":\"http:\\\/\\\/noticiasya.com\\\/midland-odessa\\\/2024\\\/10\\\/21\\\/sentencian-20-anios-de-prision-expresidente-de-peru-alejandro-toledo-orix\\\/\"},\"thumbnailUrl\":\"\",\"image\":{\"@type\":\"ImageObject\",\"url\":\"\"},\"articleSection\":\"Noticias Nacionales\",\"author\":[],\"creator\":[],\"publisher\":{\"@type\":\"Organization\",\"name\":\"Noticias\",\"logo\":\"\"},\"keywords\":[],\"dateCreated\":\"2024-10-21T23:03:41Z\",\"datePublished\":\"2024-10-21T23:03:41Z\",\"dateModified\":\"2024-10-21T23:03:41Z\"}<\/script>","tracker_url":"https:\/\/cdn.parsely.com\/keys\/noticiasya.com\/p.js"},"jetpack_featured_media_url":"","jetpack-related-posts":[{"id":1466137,"url":"https:\/\/noticiasya.com\/midland-odessa\/2025\/09\/03\/sentencian-segunda-vez-expresidente-alejandro-toledo-peru-orix\/","url_meta":{"origin":1455284,"position":0},"title":"Sentencian por segunda vez al expresidente Alejandro Toledo en Per\u00fa","author":"","date":"septiembre 3, 2025","format":false,"excerpt":"El expresidente de Per\u00fa, Alejandro Toledo, fue sentenciado este mi\u00e9rcoles a 13 a\u00f1os y cuatro meses de prisi\u00f3n por lavado de activos agravado. Se trata de la segunda sentencia contra el exmandatario, esta vez por el caso conocido como Ecoteva. La primera fue de 20 a\u00f1os y seis meses de\u2026","rel":"","context":"In &quot;Noticias Nacionales&quot;","block_context":{"text":"Noticias Nacionales","link":"https:\/\/noticiasya.com\/midland-odessa\/categoria\/noticias-nacionales"},"img":{"alt_text":"","src":"","width":0,"height":0},"classes":[]},{"id":1455046,"url":"https:\/\/noticiasya.com\/midland-odessa\/2024\/10\/11\/alejandro-toledo-declara-juicio-odebrecht-orix\/","url_meta":{"origin":1455284,"position":1},"title":"Toledo declara por primera vez durante juicio en su contra por el caso Odebrecht","author":"","date":"octubre 11, 2024","format":false,"excerpt":"(CNN Espa\u00f1ol) -- Comenz\u00f3 la recta final en el juicio contra Alejandro Toledo. Este viernes, por primera vez, el expresidente de Per\u00fa declar\u00f3 en el proceso que se sigue en su contra por el caso conocido como Odebrecht o Interoce\u00e1nica. La intervenci\u00f3n del exmandatario es parte de los \u00faltimos pasos\u2026","rel":"","context":"In &quot;Noticias Nacionales&quot;","block_context":{"text":"Noticias Nacionales","link":"https:\/\/noticiasya.com\/midland-odessa\/categoria\/noticias-nacionales"},"img":{"alt_text":"","src":"","width":0,"height":0},"classes":[]},{"id":1449564,"url":"https:\/\/noticiasya.com\/midland-odessa\/2024\/05\/17\/caso-ecoteva-expresidente-peru-alejandro-toledo-presupuesto-costa-rica-orix\/","url_meta":{"origin":1455284,"position":2},"title":"C\u00f3mo terminaron US$ 6,6 millones confiscados a una sociedad del expresidente de Per\u00fa Alejandro Toledo en el presupuesto nacional de Costa Rica","author":"","date":"mayo 17, 2024","format":false,"excerpt":"(CNN Espa\u00f1ol) --\u00a0Una investigaci\u00f3n penal que el Ministerio P\u00fablico de Costa Rica inici\u00f3 en 2013, es el primer eslab\u00f3n en el recorrido de US$ 6,6 millones, que se le decomisaron a una sociedad en la que participaba el exmandatario de Per\u00fa Alejandro Toledo y que ahora, con el visto bueno\u2026","rel":"","context":"In &quot;Noticias Nacionales&quot;","block_context":{"text":"Noticias Nacionales","link":"https:\/\/noticiasya.com\/midland-odessa\/categoria\/noticias-nacionales"},"img":{"alt_text":"","src":"","width":0,"height":0},"classes":[]},{"id":1455287,"url":"https:\/\/noticiasya.com\/midland-odessa\/2024\/10\/22\/5-cosas-22-octubre-cuba-crisis-trump-orix\/","url_meta":{"origin":1455284,"position":3},"title":"Las 5 cosas que debes saber este 22 de octubre: Sentencian a 20 a\u00f1os de prisi\u00f3n a Alejandro Toledo","author":"","date":"octubre 22, 2024","format":false,"excerpt":"Entregan el informe toxicol\u00f3gico preliminar de Liam Payne a la fiscal\u00eda. Detienen a Pedro Tellechea, exministro de Petr\u00f3leo de Venezuela. Esto es lo que debes saber para comenzar el d\u00eda. Primero la verdad.Suscr\u00edbete aqu\u00ed para recibir el newsletter cada ma\u00f1ana en tu correo \ud83c\udf99 Escucha las 5 cosas de CNN1.\u2026","rel":"","context":"In &quot;Noticias Nacionales&quot;","block_context":{"text":"Noticias Nacionales","link":"https:\/\/noticiasya.com\/midland-odessa\/categoria\/noticias-nacionales"},"img":{"alt_text":"","src":"","width":0,"height":0},"classes":[]},{"id":1465520,"url":"https:\/\/noticiasya.com\/midland-odessa\/2025\/08\/14\/barbadillo-prision-expresidentes-peru-vizcarra-orix\/","url_meta":{"origin":1455284,"position":4},"title":"Barbadillo, la prisi\u00f3n sin barrotes para expresidentes que se ha convertido en s\u00edmbolo de la crisis pol\u00edtica en Per\u00fa","author":"","date":"agosto 14, 2025","format":false,"excerpt":"Apenas 20 kil\u00f3metros separan al penal de Barbadillo del Palacio de Gobierno en Lima, lo que equivale a unos 40 minutos en auto, o m\u00e1s, dependiendo del tr\u00e1fico en la capital peruana.En Barbadillo pasan sus noches cuatro de los presidentes peruanos que, precisamente, vivieron en el Palacio de Gobierno, el\u2026","rel":"","context":"In &quot;Noticias Nacionales&quot;","block_context":{"text":"Noticias Nacionales","link":"https:\/\/noticiasya.com\/midland-odessa\/categoria\/noticias-nacionales"},"img":{"alt_text":"","src":"","width":0,"height":0},"classes":[]},{"id":1468736,"url":"https:\/\/noticiasya.com\/midland-odessa\/2025\/11\/26\/barbadillo-prision-presidentes-peru-orix\/","url_meta":{"origin":1455284,"position":5},"title":"As\u00ed es Barbadillo, la &#171;prisi\u00f3n de los presidentes&#187; de Per\u00fa a la que podr\u00eda ser enviado Vizcarra","author":"","date":"noviembre 26, 2025","format":false,"excerpt":"Apenas 20 kil\u00f3metros separan al penal de Barbadillo del Palacio de Gobierno en Lima, lo que equivale a unos 40 minutos en auto, o m\u00e1s, dependiendo del tr\u00e1fico en la capital peruana.En Barbadillo pasan sus noches cuatro de los presidentes peruanos que, precisamente, vivieron en el Palacio de Gobierno, el\u2026","rel":"","context":"In &quot;Noticias Nacionales&quot;","block_context":{"text":"Noticias Nacionales","link":"https:\/\/noticiasya.com\/midland-odessa\/categoria\/noticias-nacionales"},"img":{"alt_text":"","src":"","width":0,"height":0},"classes":[]}],"jetpack_sharing_enabled":true,"_links":{"self":[{"href":"https:\/\/noticiasya.com\/midland-odessa\/wp-json\/wp\/v2\/posts\/1455284","targetHints":{"allow":["GET"]}}],"collection":[{"href":"https:\/\/noticiasya.com\/midland-odessa\/wp-json\/wp\/v2\/posts"}],"about":[{"href":"https:\/\/noticiasya.com\/midland-odessa\/wp-json\/wp\/v2\/types\/post"}],"replies":[{"embeddable":true,"href":"https:\/\/noticiasya.com\/midland-odessa\/wp-json\/wp\/v2\/comments?post=1455284"}],"version-history":[{"count":0,"href":"https:\/\/noticiasya.com\/midland-odessa\/wp-json\/wp\/v2\/posts\/1455284\/revisions"}],"wp:attachment":[{"href":"https:\/\/noticiasya.com\/midland-odessa\/wp-json\/wp\/v2\/media?parent=1455284"}],"wp:term":[{"taxonomy":"category","embeddable":true,"href":"https:\/\/noticiasya.com\/midland-odessa\/wp-json\/wp\/v2\/categories?post=1455284"},{"taxonomy":"post_tag","embeddable":true,"href":"https:\/\/noticiasya.com\/midland-odessa\/wp-json\/wp\/v2\/tags?post=1455284"}],"curies":[{"name":"wp","href":"https:\/\/api.w.org\/{rel}","templated":true}]}}