{"id":1455285,"date":"2024-10-21T17:03:40","date_gmt":"2024-10-22T00:03:40","guid":{"rendered":"https:\/\/noticiasya.com\/2024\/10\/21\/cinco-central-park-demandan-trump-difamacion-debate-trax\/"},"modified":"2024-10-21T17:03:40","modified_gmt":"2024-10-22T00:03:40","slug":"cinco-central-park-demandan-trump-difamacion-debate-trax","status":"publish","type":"post","link":"https:\/\/noticiasya.com\/midland-odessa\/2024\/10\/21\/cinco-central-park-demandan-trump-difamacion-debate-trax\/","title":{"rendered":"Los &#171;Cinco de Central Park&#187; demandan a Trump por difamaci\u00f3n tras sus comentarios en un debate sobre el caso de 1989"},"content":{"rendered":"<p>(CNN) &#8212; Los miembros de los &#171;Cinco de Central Park&#187; demandaron el lunes al expresidente Donald Trump por declaraciones &#171;falsas y difamatorias&#187; que, seg\u00fan alegan, hizo sobre su caso de 1989 durante el debate presidencial del mes pasado.<\/p>\n<p>Los cinco hombres afirman en una demanda federal que Trump sab\u00eda que estaba actuando con &#171;imprudencia temeraria&#187; hacia la verdad cuando dijo durante el debate de septiembre con la vicepresidenta Kamala Harris que se declararon culpables de delitos relacionados con un ataque a golpes y violaci\u00f3n a una mujer en la ciudad de Nueva York, y que los cinco adolescentes &#171;hirieron gravemente a una persona, mataron a una persona&#187; en el ataque.<\/p>\n<p>\u00bfQui\u00e9nes son los 5 del Central Park y cu\u00e1l fue la postura de Donald Trump ante el caso?<\/p>\n<p>&#171;Las declaraciones del acusado Trump eran falsas y difamatorias en numerosos aspectos&#187;, escribieron los abogados de los hombres, ahora todos en sus 50 a\u00f1os, en la demanda presentada ante un tribunal federal de Filadelfia. &#171;Los demandantes nunca se declararon culpables de las agresiones de Central Park. Todos los demandantes se declararon inocentes y mantuvieron su inocencia durante el juicio y el encarcelamiento, as\u00ed como despu\u00e9s de salir de prisi\u00f3n&#187;.<\/p>\n<p>&#171;Ninguna de las v\u00edctimas de las agresiones de Central Park muri\u00f3&#187;, escribieron los abogados de Yusef Salaam, Raymond Santana, Kevin Richardson, Antron Brown y Korey Wise.<\/p>\n<p>El portavoz de la campa\u00f1a de Trump, Steven Cheung, calific\u00f3 la demanda de &#171;otra fr\u00edvola demanda de interferencia electoral&#187; que, seg\u00fan \u00e9l, se present\u00f3 para &#171;distraer al pueblo estadounidense de la peligrosa agenda liberal de Kamala Harris y de su fallida campa\u00f1a&#187;.<\/p>\n<p>Los cinco hombres reclaman da\u00f1os compensatorios y punitivos. La demanda tambi\u00e9n afirma que los comentarios de Trump los pusieron bajo una imagen falsa y les hicieron &#171;sufrir una grave angustia emocional&#187;.<\/p>\n<p>El grupo fue presionado para que diera confesiones falsas en el caso. Fueron exonerados en 2002 cuando las pruebas de ADN vincularon a otra persona con el crimen. Los adolescentes demandaron a la ciudad, y el caso se resolvi\u00f3 en 2014.<\/p>\n<p>Nueva York honrar\u00e1 a los Central Park Five con una puerta en el reconocido parque<\/p>\n<p>Trump lleva mucho tiempo hablando abiertamente del caso, que sacudi\u00f3 Nueva York a finales de la d\u00e9cada de 1980, cuando era una figura destacada en el mundo inmobiliario y de celebridades de la ciudad. En aquella \u00e9poca, Trump public\u00f3 anuncios a p\u00e1gina completa en varios peri\u00f3dicos de Nueva York que dec\u00edan en may\u00fasculas: &#171;DEVOLVER LA PENA DE MUERTE. RECUPEREMOS A NUESTRA POLIC\u00cdA&#187;.<\/p>\n<p>Sus comentarios del mes pasado se produjeron en respuesta a que Harris sacara a colaci\u00f3n el anuncio durante una parte del debate dedicada a la raza y la pol\u00edtica en Estados Unidos.<\/p>\n<p>&#171;Recordemos que se trata del mismo individuo que sac\u00f3 un anuncio a toda p\u00e1gina en The New York Times pidiendo la ejecuci\u00f3n de cinco j\u00f3venes negros y latinos que eran inocentes, los Cinco de Central Park&#187;, dijo Harris. &#171;Sac\u00f3 un anuncio a toda p\u00e1gina pidiendo su ejecuci\u00f3n&#187;.<\/p>\n<p>En esta foto de mayo de 2019, Kevin Richardson, Antron Brown, Raymond Santana Jr, Korey Wise y Yusef Salaam, conocidos colectivamente como los &#171;Cinco de Central Park&#187;, asisten al estreno mundial de la pel\u00edcula de Netflix &#171;When They See Us&#187; en el Teatro Apollo de Nueva York. Cr\u00e9dito: Taylor Hill\/FilmMagic\/Getty Images<\/p>\n<p>Uno de los anuncios que compr\u00f3 Trump se incluy\u00f3 como prueba en la demanda.<\/p>\n<p>Durante sus tres candidaturas a la Casa Blanca, el expresidente ha intentado proyectar una imagen de mano dura contra la delincuencia, y los comentarios del debate pusieron de relieve su disposici\u00f3n a invocar casos criminales de la historia de EE.UU. con una fuerte carga racial y pol\u00edtica.<\/p>\n<p>Trump ha seguido criticando el caso a medida que se adentraba en la pol\u00edtica en los \u00faltimos a\u00f1os. En octubre de 2016, el entonces candidato Trump defendi\u00f3 sus acciones durante la \u00e9poca del caso, diciendo a CNN: &#171;Admitieron que eran culpables&#187;.<\/p>\n<p>Y en 2014, Trump escribi\u00f3 en un art\u00edculo de opini\u00f3n en el New York Daily News que el acuerdo de US$ 41 millones de la ciudad de Nueva York con los cinco hombres era &#171;una verg\u00fcenza&#187;.<\/p>\n<p>&#8212; Kate Sullivan de CNN contribuy\u00f3 con este reportaje.<\/p>\n<p>The-CNN-Wire<br \/>&trade; &amp; &copy; 2024 Cable News Network, Inc., a Warner Bros. Discovery Company. All rights reserved.<\/p>\n","protected":false},"excerpt":{"rendered":"<p>(CNN) &#8212; Los miembros de los &#171;Cinco de Central Park&#187; demandaron el lunes al expresidente Donald Trump por declaraciones &#171;falsas y difamatorias&#187; que, seg\u00fan alegan, hizo sobre su caso de 1989 durante el debate presidencial del mes pasado. Los cinco hombres afirman en una demanda federal que Trump sab\u00eda que estaba actuando con &#171;imprudencia temeraria&#187; [&hellip;]<\/p>\n","protected":false},"author":0,"featured_media":0,"comment_status":"open","ping_status":"open","sticky":false,"template":"","format":"standard","meta":{"_jetpack_memberships_contains_paid_content":false,"footnotes":""},"categories":[10],"tags":[],"class_list":["post-1455285","post","type-post","status-publish","format-standard","hentry","category-noticias-nacionales","market-global"],"yoast_head":"<!-- This site is optimized with the Yoast SEO plugin v24.4 - https:\/\/yoast.com\/wordpress\/plugins\/seo\/ -->\n<title>Los &quot;Cinco de Central Park&quot; demandan a Trump por difamaci\u00f3n tras sus comentarios en un debate sobre el caso de 1989 - Noticias<\/title>\n<meta name=\"robots\" content=\"index, follow, max-snippet:-1, max-image-preview:large, max-video-preview:-1\" \/>\n<link rel=\"canonical\" href=\"https:\/\/noticiasya.com\/2024\/10\/21\/cinco-central-park-demandan-trump-difamacion-debate-trax\/\" \/>\n<meta property=\"og:locale\" content=\"es_ES\" \/>\n<meta property=\"og:type\" content=\"article\" \/>\n<meta property=\"og:title\" content=\"Los &quot;Cinco de Central Park&quot; demandan a Trump por difamaci\u00f3n tras sus comentarios en un debate sobre el caso de 1989 - Noticias\" \/>\n<meta property=\"og:description\" content=\"(CNN) &#8212; Los miembros de los &#171;Cinco de Central Park&#187; demandaron el lunes al expresidente Donald Trump por declaraciones &#171;falsas y difamatorias&#187; que, seg\u00fan alegan, hizo sobre su caso de 1989 durante el debate presidencial del mes pasado. Los cinco hombres afirman en una demanda federal que Trump sab\u00eda que estaba actuando con &#171;imprudencia temeraria&#187; [&hellip;]\" \/>\n<meta property=\"og:url\" content=\"https:\/\/noticiasya.com\/2024\/10\/21\/cinco-central-park-demandan-trump-difamacion-debate-trax\/\" \/>\n<meta property=\"og:site_name\" content=\"Noticias\" \/>\n<meta property=\"article:published_time\" content=\"2024-10-22T00:03:40+00:00\" \/>\n<meta name=\"twitter:card\" content=\"summary_large_image\" \/>\n<meta name=\"twitter:label1\" content=\"Est. reading time\" \/>\n\t<meta name=\"twitter:data1\" content=\"4 minutos\" \/>\n<script type=\"application\/ld+json\" class=\"yoast-schema-graph\">{\"@context\":\"https:\/\/schema.org\",\"@graph\":[{\"@type\":\"Article\",\"@id\":\"https:\/\/noticiasya.com\/2024\/10\/21\/cinco-central-park-demandan-trump-difamacion-debate-trax\/#article\",\"isPartOf\":{\"@id\":\"https:\/\/noticiasya.com\/2024\/10\/21\/cinco-central-park-demandan-trump-difamacion-debate-trax\/\"},\"author\":{\"name\":\"\",\"@id\":\"\"},\"headline\":\"Los &#171;Cinco de Central Park&#187; demandan a Trump por difamaci\u00f3n tras sus comentarios en un debate sobre el caso de 1989\",\"datePublished\":\"2024-10-22T00:03:40+00:00\",\"mainEntityOfPage\":{\"@id\":\"https:\/\/noticiasya.com\/2024\/10\/21\/cinco-central-park-demandan-trump-difamacion-debate-trax\/\"},\"wordCount\":758,\"commentCount\":0,\"publisher\":{\"@id\":\"https:\/\/noticiasya.com\/#organization\"},\"articleSection\":[\"Noticias Nacionales\"],\"inLanguage\":\"es\",\"potentialAction\":[{\"@type\":\"CommentAction\",\"name\":\"Comment\",\"target\":[\"https:\/\/noticiasya.com\/2024\/10\/21\/cinco-central-park-demandan-trump-difamacion-debate-trax\/#respond\"]}]},{\"@type\":\"WebPage\",\"@id\":\"https:\/\/noticiasya.com\/2024\/10\/21\/cinco-central-park-demandan-trump-difamacion-debate-trax\/\",\"url\":\"https:\/\/noticiasya.com\/2024\/10\/21\/cinco-central-park-demandan-trump-difamacion-debate-trax\/\",\"name\":\"Los \\\"Cinco de Central Park\\\" demandan a Trump por difamaci\u00f3n tras sus comentarios en un debate sobre el caso de 1989 - Noticias\",\"isPartOf\":{\"@id\":\"https:\/\/noticiasya.com\/#website\"},\"datePublished\":\"2024-10-22T00:03:40+00:00\",\"breadcrumb\":{\"@id\":\"https:\/\/noticiasya.com\/2024\/10\/21\/cinco-central-park-demandan-trump-difamacion-debate-trax\/#breadcrumb\"},\"inLanguage\":\"es\",\"potentialAction\":[{\"@type\":\"ReadAction\",\"target\":[\"https:\/\/noticiasya.com\/2024\/10\/21\/cinco-central-park-demandan-trump-difamacion-debate-trax\/\"]}]},{\"@type\":\"BreadcrumbList\",\"@id\":\"https:\/\/noticiasya.com\/2024\/10\/21\/cinco-central-park-demandan-trump-difamacion-debate-trax\/#breadcrumb\",\"itemListElement\":[{\"@type\":\"ListItem\",\"position\":1,\"name\":\"Home\",\"item\":\"https:\/\/noticiasya.com\/\"},{\"@type\":\"ListItem\",\"position\":2,\"name\":\"Los &#171;Cinco de Central Park&#187; demandan a Trump por difamaci\u00f3n tras sus comentarios en un debate sobre el caso de 1989\"}]},{\"@type\":\"WebSite\",\"@id\":\"https:\/\/noticiasya.com\/#website\",\"url\":\"https:\/\/noticiasya.com\/\",\"name\":\"Noticias\",\"description\":\"Lo que importa\",\"publisher\":{\"@id\":\"https:\/\/noticiasya.com\/#organization\"},\"potentialAction\":[{\"@type\":\"SearchAction\",\"target\":{\"@type\":\"EntryPoint\",\"urlTemplate\":\"https:\/\/noticiasya.com\/?s={search_term_string}\"},\"query-input\":{\"@type\":\"PropertyValueSpecification\",\"valueRequired\":true,\"valueName\":\"search_term_string\"}}],\"inLanguage\":\"es\"},{\"@type\":\"Organization\",\"@id\":\"https:\/\/noticiasya.com\/#organization\",\"name\":\"Noticias\",\"url\":\"https:\/\/noticiasya.com\/\",\"logo\":{\"@type\":\"ImageObject\",\"inLanguage\":\"es\",\"@id\":\"https:\/\/noticiasya.com\/#\/schema\/logo\/image\/\",\"url\":\"https:\/\/noticiasya.com\/wp-content\/uploads\/sites\/22\/2023\/12\/logo-nacional.png\",\"contentUrl\":\"https:\/\/noticiasya.com\/wp-content\/uploads\/sites\/22\/2023\/12\/logo-nacional.png\",\"width\":1801,\"height\":691,\"caption\":\"Noticias\"},\"image\":{\"@id\":\"https:\/\/noticiasya.com\/#\/schema\/logo\/image\/\"}}]}<\/script>\n<!-- \/ Yoast SEO plugin. -->","yoast_head_json":{"title":"Los \"Cinco de Central Park\" demandan a Trump por difamaci\u00f3n tras sus comentarios en un debate sobre el caso de 1989 - Noticias","robots":{"index":"index","follow":"follow","max-snippet":"max-snippet:-1","max-image-preview":"max-image-preview:large","max-video-preview":"max-video-preview:-1"},"canonical":"https:\/\/noticiasya.com\/2024\/10\/21\/cinco-central-park-demandan-trump-difamacion-debate-trax\/","og_locale":"es_ES","og_type":"article","og_title":"Los \"Cinco de Central Park\" demandan a Trump por difamaci\u00f3n tras sus comentarios en un debate sobre el caso de 1989 - Noticias","og_description":"(CNN) &#8212; Los miembros de los &#171;Cinco de Central Park&#187; demandaron el lunes al expresidente Donald Trump por declaraciones &#171;falsas y difamatorias&#187; que, seg\u00fan alegan, hizo sobre su caso de 1989 durante el debate presidencial del mes pasado. Los cinco hombres afirman en una demanda federal que Trump sab\u00eda que estaba actuando con &#171;imprudencia temeraria&#187; [&hellip;]","og_url":"https:\/\/noticiasya.com\/2024\/10\/21\/cinco-central-park-demandan-trump-difamacion-debate-trax\/","og_site_name":"Noticias","article_published_time":"2024-10-22T00:03:40+00:00","twitter_card":"summary_large_image","twitter_misc":{"Est. reading time":"4 minutos"},"schema":{"@context":"https:\/\/schema.org","@graph":[{"@type":"Article","@id":"https:\/\/noticiasya.com\/2024\/10\/21\/cinco-central-park-demandan-trump-difamacion-debate-trax\/#article","isPartOf":{"@id":"https:\/\/noticiasya.com\/2024\/10\/21\/cinco-central-park-demandan-trump-difamacion-debate-trax\/"},"author":{"name":"","@id":""},"headline":"Los &#171;Cinco de Central Park&#187; demandan a Trump por difamaci\u00f3n tras sus comentarios en un debate sobre el caso de 1989","datePublished":"2024-10-22T00:03:40+00:00","mainEntityOfPage":{"@id":"https:\/\/noticiasya.com\/2024\/10\/21\/cinco-central-park-demandan-trump-difamacion-debate-trax\/"},"wordCount":758,"commentCount":0,"publisher":{"@id":"https:\/\/noticiasya.com\/#organization"},"articleSection":["Noticias Nacionales"],"inLanguage":"es","potentialAction":[{"@type":"CommentAction","name":"Comment","target":["https:\/\/noticiasya.com\/2024\/10\/21\/cinco-central-park-demandan-trump-difamacion-debate-trax\/#respond"]}]},{"@type":"WebPage","@id":"https:\/\/noticiasya.com\/2024\/10\/21\/cinco-central-park-demandan-trump-difamacion-debate-trax\/","url":"https:\/\/noticiasya.com\/2024\/10\/21\/cinco-central-park-demandan-trump-difamacion-debate-trax\/","name":"Los \"Cinco de Central Park\" demandan a Trump por difamaci\u00f3n tras sus comentarios en un debate sobre el caso de 1989 - Noticias","isPartOf":{"@id":"https:\/\/noticiasya.com\/#website"},"datePublished":"2024-10-22T00:03:40+00:00","breadcrumb":{"@id":"https:\/\/noticiasya.com\/2024\/10\/21\/cinco-central-park-demandan-trump-difamacion-debate-trax\/#breadcrumb"},"inLanguage":"es","potentialAction":[{"@type":"ReadAction","target":["https:\/\/noticiasya.com\/2024\/10\/21\/cinco-central-park-demandan-trump-difamacion-debate-trax\/"]}]},{"@type":"BreadcrumbList","@id":"https:\/\/noticiasya.com\/2024\/10\/21\/cinco-central-park-demandan-trump-difamacion-debate-trax\/#breadcrumb","itemListElement":[{"@type":"ListItem","position":1,"name":"Home","item":"https:\/\/noticiasya.com\/"},{"@type":"ListItem","position":2,"name":"Los &#171;Cinco de Central Park&#187; demandan a Trump por difamaci\u00f3n tras sus comentarios en un debate sobre el caso de 1989"}]},{"@type":"WebSite","@id":"https:\/\/noticiasya.com\/#website","url":"https:\/\/noticiasya.com\/","name":"Noticias","description":"Lo que importa","publisher":{"@id":"https:\/\/noticiasya.com\/#organization"},"potentialAction":[{"@type":"SearchAction","target":{"@type":"EntryPoint","urlTemplate":"https:\/\/noticiasya.com\/?s={search_term_string}"},"query-input":{"@type":"PropertyValueSpecification","valueRequired":true,"valueName":"search_term_string"}}],"inLanguage":"es"},{"@type":"Organization","@id":"https:\/\/noticiasya.com\/#organization","name":"Noticias","url":"https:\/\/noticiasya.com\/","logo":{"@type":"ImageObject","inLanguage":"es","@id":"https:\/\/noticiasya.com\/#\/schema\/logo\/image\/","url":"https:\/\/noticiasya.com\/wp-content\/uploads\/sites\/22\/2023\/12\/logo-nacional.png","contentUrl":"https:\/\/noticiasya.com\/wp-content\/uploads\/sites\/22\/2023\/12\/logo-nacional.png","width":1801,"height":691,"caption":"Noticias"},"image":{"@id":"https:\/\/noticiasya.com\/#\/schema\/logo\/image\/"}}]}},"parsely":{"version":"1.1.0","canonical_url":"https:\/\/noticiasya.com\/midland-odessa\/2024\/10\/21\/cinco-central-park-demandan-trump-difamacion-debate-trax\/","smart_links":{"inbound":0,"outbound":0},"traffic_boost_suggestions_count":0,"meta":{"@context":"https:\/\/schema.org","@type":"NewsArticle","headline":"Los &#171;Cinco de Central Park&#187; demandan a Trump por difamaci\u00f3n tras sus comentarios en un debate sobre el caso de 1989","url":"http:\/\/noticiasya.com\/midland-odessa\/2024\/10\/21\/cinco-central-park-demandan-trump-difamacion-debate-trax\/","mainEntityOfPage":{"@type":"WebPage","@id":"http:\/\/noticiasya.com\/midland-odessa\/2024\/10\/21\/cinco-central-park-demandan-trump-difamacion-debate-trax\/"},"thumbnailUrl":"","image":{"@type":"ImageObject","url":""},"articleSection":"Noticias Nacionales","author":[],"creator":[],"publisher":{"@type":"Organization","name":"Noticias","logo":""},"keywords":[],"dateCreated":"2024-10-22T00:03:40Z","datePublished":"2024-10-22T00:03:40Z","dateModified":"2024-10-22T00:03:40Z"},"rendered":"<script type=\"application\/ld+json\" class=\"wp-parsely-metadata\">{\"@context\":\"https:\\\/\\\/schema.org\",\"@type\":\"NewsArticle\",\"headline\":\"Los &#171;Cinco de Central Park&#187; demandan a Trump por difamaci\\u00f3n tras sus comentarios en un debate sobre el caso de 1989\",\"url\":\"http:\\\/\\\/noticiasya.com\\\/midland-odessa\\\/2024\\\/10\\\/21\\\/cinco-central-park-demandan-trump-difamacion-debate-trax\\\/\",\"mainEntityOfPage\":{\"@type\":\"WebPage\",\"@id\":\"http:\\\/\\\/noticiasya.com\\\/midland-odessa\\\/2024\\\/10\\\/21\\\/cinco-central-park-demandan-trump-difamacion-debate-trax\\\/\"},\"thumbnailUrl\":\"\",\"image\":{\"@type\":\"ImageObject\",\"url\":\"\"},\"articleSection\":\"Noticias Nacionales\",\"author\":[],\"creator\":[],\"publisher\":{\"@type\":\"Organization\",\"name\":\"Noticias\",\"logo\":\"\"},\"keywords\":[],\"dateCreated\":\"2024-10-22T00:03:40Z\",\"datePublished\":\"2024-10-22T00:03:40Z\",\"dateModified\":\"2024-10-22T00:03:40Z\"}<\/script>","tracker_url":"https:\/\/cdn.parsely.com\/keys\/noticiasya.com\/p.js"},"jetpack_featured_media_url":"","jetpack-related-posts":[{"id":1464834,"url":"https:\/\/noticiasya.com\/midland-odessa\/2025\/07\/24\/estreno-south-park-critica-trump-paramount-trax\/","url_meta":{"origin":1455285,"position":0},"title":"El estreno de \u2018South Park\u2019 critica a Trump y a Paramount en un regreso incendiario","author":"","date":"julio 24, 2025","format":false,"excerpt":"Los creadores de \u201cSouth Park\u201d, Trey Parker y Matt Stone, regresaron con fuerza el mi\u00e9rcoles, en un episodio que lanz\u00f3 cr\u00edticas tanto a la empresa matriz de la cadena que transmite su popular serie animada como al presidente de EE.UU. Donald Trump.El retrasado estreno de la temporada 27 de la\u2026","rel":"","context":"In &quot;Noticias Nacionales&quot;","block_context":{"text":"Noticias Nacionales","link":"https:\/\/noticiasya.com\/midland-odessa\/categoria\/noticias-nacionales"},"img":{"alt_text":"","src":"","width":0,"height":0},"classes":[]},{"id":1449508,"url":"https:\/\/noticiasya.com\/midland-odessa\/2024\/05\/16\/analisis-contrainterrogatorio-michael-cohen-juicio-donald-trump-trax\/","url_meta":{"origin":1455285,"position":1},"title":"AN\u00c1LISIS | Se reanuda el contrainterrogatorio a Cohen en el momento m\u00e1s cr\u00edtico del juicio a Trump","author":"","date":"mayo 16, 2024","format":false,"excerpt":"(CNN) -- El exapa\u00f1ador de Donald Trump, Michael Cohen, vuelve al estrado este jueves preparado para otra jornada de repreguntas que se perfila como el cap\u00edtulo m\u00e1s crucial del primer juicio penal a un expresidente.Cohen es el \u00faltimo testigo de la acusaci\u00f3n, y su testimonio es una se\u00f1al de que\u2026","rel":"","context":"In &quot;Noticias Nacionales&quot;","block_context":{"text":"Noticias Nacionales","link":"https:\/\/noticiasya.com\/midland-odessa\/categoria\/noticias-nacionales"},"img":{"alt_text":"","src":"","width":0,"height":0},"classes":[]},{"id":1450563,"url":"https:\/\/noticiasya.com\/midland-odessa\/2024\/06\/20\/como-preparan-biden-trump-debate-presidencial-trax\/","url_meta":{"origin":1455285,"position":2},"title":"C\u00f3mo se preparan Biden y Trump para su primer debate presidencial","author":"","date":"junio 20, 2024","format":false,"excerpt":"(CNN) -- Uno se recluye en un retiro en la ladera de una monta\u00f1a con un estrecho c\u00edrculo de asesores, estudiando minuciosamente las carpetas informativas, perfeccionando las l\u00edneas de ataque y prepar\u00e1ndose para las difamaciones personales.El otro est\u00e1 elaborando respuestas y r\u00e9plicas con los aspirantes a la vicepresidencia, afinando las\u2026","rel":"","context":"In &quot;Noticias Nacionales&quot;","block_context":{"text":"Noticias Nacionales","link":"https:\/\/noticiasya.com\/midland-odessa\/categoria\/noticias-nacionales"},"img":{"alt_text":"","src":"","width":0,"height":0},"classes":[]},{"id":1450646,"url":"https:\/\/noticiasya.com\/midland-odessa\/2024\/06\/24\/por-que-trump-habla-bien-biden-tras-meses-capacidad-cognitiva-trax\/","url_meta":{"origin":1455285,"position":3},"title":"Por qu\u00e9 Trump de repente habla bien de Biden tras meses vapuleando su capacidad cognitiva","author":"","date":"junio 24, 2024","format":false,"excerpt":"(CNN) -- Tras meses ridiculizando al presidente Joe Biden como un \"zombi con muerte cerebral\" con problemas cognitivos que no puede terminar una frase ni desenvolverse en un escenario, el expresidente Donald Trump y su campa\u00f1a est\u00e1n cambiando de tono d\u00edas antes del debate cr\u00edtico de las elecciones.Seg\u00fan Trump y\u2026","rel":"","context":"In &quot;Noticias Nacionales&quot;","block_context":{"text":"Noticias Nacionales","link":"https:\/\/noticiasya.com\/midland-odessa\/categoria\/noticias-nacionales"},"img":{"alt_text":"","src":"","width":0,"height":0},"classes":[]},{"id":1458922,"url":"https:\/\/noticiasya.com\/midland-odessa\/2025\/02\/19\/corte-suprema-inmunidad-trump-trax\/","url_meta":{"origin":1455285,"position":4},"title":"La Corte Suprema le dio inmunidad a Trump; \u00e9l la est\u00e1 usando como un cheque en blanco","author":"","date":"febrero 19, 2025","format":false,"excerpt":"El presidente Donald Trump ha expuesto una visi\u00f3n extraordinaria de su autoridad durante el \u00faltimo mes, bas\u00e1ndose en la decisi\u00f3n de la Corte Suprema del a\u00f1o pasado que le otorg\u00f3 inmunidad de procesamiento penal como un cheque en blanco en su b\u00fasqueda m\u00e1s amplia de poder.Los abogados personales de Trump\u2026","rel":"","context":"In &quot;Noticias Nacionales&quot;","block_context":{"text":"Noticias Nacionales","link":"https:\/\/noticiasya.com\/midland-odessa\/categoria\/noticias-nacionales"},"img":{"alt_text":"","src":"","width":0,"height":0},"classes":[]},{"id":1469053,"url":"https:\/\/noticiasya.com\/midland-odessa\/2025\/12\/07\/inmunidad-trump-ataque-lancha-caribe-trax\/","url_meta":{"origin":1455285,"position":5},"title":"Trump tiene inmunidad por los ataques a embarcaciones. \u00bfQu\u00e9 pasa con quienes est\u00e1n bajo su mando?","author":"","date":"diciembre 7, 2025","format":false,"excerpt":"Hay una persona que nunca podr\u00e1 enfrentar ninguna consecuencia por la muerte de las personas que se aferraban a una lancha presuntamente vinculada al narcotr\u00e1fico en el Caribe, en septiembre.Esa persona es Donald Trump, quien como presidente de Estados Unidos recibi\u00f3 una amplia inmunidad por actos oficiales por parte de\u2026","rel":"","context":"In &quot;Noticias Nacionales&quot;","block_context":{"text":"Noticias Nacionales","link":"https:\/\/noticiasya.com\/midland-odessa\/categoria\/noticias-nacionales"},"img":{"alt_text":"","src":"","width":0,"height":0},"classes":[]}],"jetpack_sharing_enabled":true,"_links":{"self":[{"href":"https:\/\/noticiasya.com\/midland-odessa\/wp-json\/wp\/v2\/posts\/1455285","targetHints":{"allow":["GET"]}}],"collection":[{"href":"https:\/\/noticiasya.com\/midland-odessa\/wp-json\/wp\/v2\/posts"}],"about":[{"href":"https:\/\/noticiasya.com\/midland-odessa\/wp-json\/wp\/v2\/types\/post"}],"replies":[{"embeddable":true,"href":"https:\/\/noticiasya.com\/midland-odessa\/wp-json\/wp\/v2\/comments?post=1455285"}],"version-history":[{"count":0,"href":"https:\/\/noticiasya.com\/midland-odessa\/wp-json\/wp\/v2\/posts\/1455285\/revisions"}],"wp:attachment":[{"href":"https:\/\/noticiasya.com\/midland-odessa\/wp-json\/wp\/v2\/media?parent=1455285"}],"wp:term":[{"taxonomy":"category","embeddable":true,"href":"https:\/\/noticiasya.com\/midland-odessa\/wp-json\/wp\/v2\/categories?post=1455285"},{"taxonomy":"post_tag","embeddable":true,"href":"https:\/\/noticiasya.com\/midland-odessa\/wp-json\/wp\/v2\/tags?post=1455285"}],"curies":[{"name":"wp","href":"https:\/\/api.w.org\/{rel}","templated":true}]}}