{"id":1455286,"date":"2024-10-21T23:03:51","date_gmt":"2024-10-22T06:03:51","guid":{"rendered":"https:\/\/noticiasya.com\/2024\/10\/21\/a-harvey-weinstein-le-diagnosticaron-cancer-segun-fuentes-trax\/"},"modified":"2024-10-21T23:03:51","modified_gmt":"2024-10-22T06:03:51","slug":"a-harvey-weinstein-le-diagnosticaron-cancer-segun-fuentes-trax","status":"publish","type":"post","link":"https:\/\/noticiasya.com\/midland-odessa\/2024\/10\/21\/a-harvey-weinstein-le-diagnosticaron-cancer-segun-fuentes-trax\/","title":{"rendered":"A Harvey Weinstein le diagnosticaron c\u00e1ncer, seg\u00fan fuentes"},"content":{"rendered":"<p>(CNN) &#8212;\u00a0 A Harvey Weinstein le diagnosticaron c\u00e1ncer de huesos, dijo a CNN una fuente cercana al productor encarcelado.<\/p>\n<p>El diagn\u00f3stico espec\u00edfico de Weinstein es leucemia mieloide cr\u00f3nica, una forma de c\u00e1ncer de la m\u00e9dula \u00f3sea, dice la fuente, y agrega que est\u00e1 recibiendo tratamiento en Rikers Island en Nueva York.<\/p>\n<p>Juda Engelmayer, portavoz de Weinstein desde hace mucho tiempo, se neg\u00f3 a hacer comentarios sobre el diagn\u00f3stico de Weinstein. Su abogado, Arthur Aidala, no respondi\u00f3 de inmediato a la solicitud de comentarios de CNN.<\/p>\n<p>El consultor penitenciario de Weinstein y representante legal autorizado de atenci\u00f3n m\u00e9dica en el estado de Nueva York, Craig Rothfeld, desminti\u00f3 las especulaciones sobre el diagn\u00f3stico de Weinstein.<\/p>\n<p>\u201cEs preocupante e inaceptable que asuntos de salud tan privados y confidenciales se hayan convertido en tema de debate p\u00fablico. Por respeto a la privacidad del se\u00f1or Weinstein, no ofreceremos m\u00e1s comentarios\u201d, dijo Rothfeld a CNN en un comunicado.<\/p>\n<p>El diagn\u00f3stico fue informado por primera vez por NBC News.<\/p>\n<p>La leucemia mieloide cr\u00f3nica (LMC) es un tipo raro de c\u00e1ncer que se forma en la m\u00e9dula \u00f3sea antes de extenderse a la sangre. Es un tipo de leucemia de crecimiento lento que puede volverse aguda si no se trata r\u00e1pidamente con terapia dirigida, seg\u00fan la Sociedad Estadounidense del C\u00e1ncer .<\/p>\n<p>Debido a que la LMC no es tan com\u00fan como otras enfermedades de la sangre, los cient\u00edficos han tardado a\u00f1os en desarrollar, probar y agilizar los tratamientos para el c\u00e1ncer, afirma la sociedad.<\/p>\n<p>Entre el 15% y el 30% de las personas con LMC desarrollan leucemia mieloide aguda. La LMC tambi\u00e9n suele afectar a m\u00e1s hombres que mujeres, afirma el estudio.<\/p>\n<p>El mes pasado, Weinstein se someti\u00f3 a una cirug\u00eda card\u00edaca de emergencia. Su portavoz le dijo a CNN en ese momento que lo llevaron de urgencia al Hospital Bellevue en Nueva York para el procedimiento y que lo dieron de alta poco despu\u00e9s.<\/p>\n<p>\u201cComo hemos dicho ampliamente antes, el Sr. Weinstein sufre una pl\u00e9tora de problemas de salud importantes que requieren tratamiento continuo\u201d, dijeron los representantes de Weinstein en septiembre.<\/p>\n<p>Una semana despu\u00e9s de ser liberado tras una cirug\u00eda card\u00edaca, Weinstein asisti\u00f3 a una audiencia judicial donde se declar\u00f3 inocente de un cargo de acto sexual criminal en primer grado despu\u00e9s de que un gran jurado lo acusara de un nuevo cargo a principios de mes.<\/p>\n<p>A principios de este a\u00f1o, un tribunal de apelaciones revoc\u00f3 la condena de Weinstein de 2020, que fue un punto de inflexi\u00f3n fundamental en el movimiento #MeToo. Est\u00e1 previsto tentativamente que se vuelva a juzgar a Weinstein en Nueva York el 12 de noviembre, aunque los fiscales han pedido combinar los casos de Weinstein en un solo juicio, una medida a la que su defensa se ha opuesto firmemente.<\/p>\n<p>Este lunes, el portavoz de Weinstein, Engelmayer, se neg\u00f3 a comentar si su pr\u00f3ximo juicio podr\u00eda verse afectado por su diagn\u00f3stico de c\u00e1ncer.<\/p>\n<p>The-CNN-Wire<br \/>&trade; &amp; &copy; 2024 Cable News Network, Inc., a Warner Bros. Discovery Company. All rights reserved.<\/p>\n","protected":false},"excerpt":{"rendered":"<p>(CNN) &#8212;\u00a0 A Harvey Weinstein le diagnosticaron c\u00e1ncer de huesos, dijo a CNN una fuente cercana al productor encarcelado. El diagn\u00f3stico espec\u00edfico de Weinstein es leucemia mieloide cr\u00f3nica, una forma de c\u00e1ncer de la m\u00e9dula \u00f3sea, dice la fuente, y agrega que est\u00e1 recibiendo tratamiento en Rikers Island en Nueva York. Juda Engelmayer, portavoz de [&hellip;]<\/p>\n","protected":false},"author":0,"featured_media":0,"comment_status":"open","ping_status":"open","sticky":false,"template":"","format":"standard","meta":{"_jetpack_memberships_contains_paid_content":false,"footnotes":""},"categories":[10],"tags":[],"class_list":["post-1455286","post","type-post","status-publish","format-standard","hentry","category-noticias-nacionales","market-global"],"yoast_head":"<!-- This site is optimized with the Yoast SEO plugin v24.4 - https:\/\/yoast.com\/wordpress\/plugins\/seo\/ -->\n<title>A Harvey Weinstein le diagnosticaron c\u00e1ncer, seg\u00fan fuentes - Noticias<\/title>\n<meta name=\"robots\" content=\"index, follow, max-snippet:-1, max-image-preview:large, max-video-preview:-1\" \/>\n<link rel=\"canonical\" href=\"https:\/\/noticiasya.com\/2024\/10\/21\/a-harvey-weinstein-le-diagnosticaron-cancer-segun-fuentes-trax\/\" \/>\n<meta property=\"og:locale\" content=\"es_ES\" \/>\n<meta property=\"og:type\" content=\"article\" \/>\n<meta property=\"og:title\" content=\"A Harvey Weinstein le diagnosticaron c\u00e1ncer, seg\u00fan fuentes - Noticias\" \/>\n<meta property=\"og:description\" content=\"(CNN) &#8212;\u00a0 A Harvey Weinstein le diagnosticaron c\u00e1ncer de huesos, dijo a CNN una fuente cercana al productor encarcelado. El diagn\u00f3stico espec\u00edfico de Weinstein es leucemia mieloide cr\u00f3nica, una forma de c\u00e1ncer de la m\u00e9dula \u00f3sea, dice la fuente, y agrega que est\u00e1 recibiendo tratamiento en Rikers Island en Nueva York. Juda Engelmayer, portavoz de [&hellip;]\" \/>\n<meta property=\"og:url\" content=\"https:\/\/noticiasya.com\/2024\/10\/21\/a-harvey-weinstein-le-diagnosticaron-cancer-segun-fuentes-trax\/\" \/>\n<meta property=\"og:site_name\" content=\"Noticias\" \/>\n<meta property=\"article:published_time\" content=\"2024-10-22T06:03:51+00:00\" \/>\n<meta name=\"twitter:card\" content=\"summary_large_image\" \/>\n<meta name=\"twitter:label1\" content=\"Est. reading time\" \/>\n\t<meta name=\"twitter:data1\" content=\"3 minutos\" \/>\n<script type=\"application\/ld+json\" class=\"yoast-schema-graph\">{\"@context\":\"https:\/\/schema.org\",\"@graph\":[{\"@type\":\"Article\",\"@id\":\"https:\/\/noticiasya.com\/2024\/10\/21\/a-harvey-weinstein-le-diagnosticaron-cancer-segun-fuentes-trax\/#article\",\"isPartOf\":{\"@id\":\"https:\/\/noticiasya.com\/2024\/10\/21\/a-harvey-weinstein-le-diagnosticaron-cancer-segun-fuentes-trax\/\"},\"author\":{\"name\":\"\",\"@id\":\"\"},\"headline\":\"A Harvey Weinstein le diagnosticaron c\u00e1ncer, seg\u00fan fuentes\",\"datePublished\":\"2024-10-22T06:03:51+00:00\",\"mainEntityOfPage\":{\"@id\":\"https:\/\/noticiasya.com\/2024\/10\/21\/a-harvey-weinstein-le-diagnosticaron-cancer-segun-fuentes-trax\/\"},\"wordCount\":543,\"commentCount\":0,\"publisher\":{\"@id\":\"https:\/\/noticiasya.com\/#organization\"},\"articleSection\":[\"Noticias Nacionales\"],\"inLanguage\":\"es\",\"potentialAction\":[{\"@type\":\"CommentAction\",\"name\":\"Comment\",\"target\":[\"https:\/\/noticiasya.com\/2024\/10\/21\/a-harvey-weinstein-le-diagnosticaron-cancer-segun-fuentes-trax\/#respond\"]}]},{\"@type\":\"WebPage\",\"@id\":\"https:\/\/noticiasya.com\/2024\/10\/21\/a-harvey-weinstein-le-diagnosticaron-cancer-segun-fuentes-trax\/\",\"url\":\"https:\/\/noticiasya.com\/2024\/10\/21\/a-harvey-weinstein-le-diagnosticaron-cancer-segun-fuentes-trax\/\",\"name\":\"A Harvey Weinstein le diagnosticaron c\u00e1ncer, seg\u00fan fuentes - Noticias\",\"isPartOf\":{\"@id\":\"https:\/\/noticiasya.com\/#website\"},\"datePublished\":\"2024-10-22T06:03:51+00:00\",\"breadcrumb\":{\"@id\":\"https:\/\/noticiasya.com\/2024\/10\/21\/a-harvey-weinstein-le-diagnosticaron-cancer-segun-fuentes-trax\/#breadcrumb\"},\"inLanguage\":\"es\",\"potentialAction\":[{\"@type\":\"ReadAction\",\"target\":[\"https:\/\/noticiasya.com\/2024\/10\/21\/a-harvey-weinstein-le-diagnosticaron-cancer-segun-fuentes-trax\/\"]}]},{\"@type\":\"BreadcrumbList\",\"@id\":\"https:\/\/noticiasya.com\/2024\/10\/21\/a-harvey-weinstein-le-diagnosticaron-cancer-segun-fuentes-trax\/#breadcrumb\",\"itemListElement\":[{\"@type\":\"ListItem\",\"position\":1,\"name\":\"Home\",\"item\":\"https:\/\/noticiasya.com\/\"},{\"@type\":\"ListItem\",\"position\":2,\"name\":\"A Harvey Weinstein le diagnosticaron c\u00e1ncer, seg\u00fan fuentes\"}]},{\"@type\":\"WebSite\",\"@id\":\"https:\/\/noticiasya.com\/#website\",\"url\":\"https:\/\/noticiasya.com\/\",\"name\":\"Noticias\",\"description\":\"Lo que importa\",\"publisher\":{\"@id\":\"https:\/\/noticiasya.com\/#organization\"},\"potentialAction\":[{\"@type\":\"SearchAction\",\"target\":{\"@type\":\"EntryPoint\",\"urlTemplate\":\"https:\/\/noticiasya.com\/?s={search_term_string}\"},\"query-input\":{\"@type\":\"PropertyValueSpecification\",\"valueRequired\":true,\"valueName\":\"search_term_string\"}}],\"inLanguage\":\"es\"},{\"@type\":\"Organization\",\"@id\":\"https:\/\/noticiasya.com\/#organization\",\"name\":\"Noticias\",\"url\":\"https:\/\/noticiasya.com\/\",\"logo\":{\"@type\":\"ImageObject\",\"inLanguage\":\"es\",\"@id\":\"https:\/\/noticiasya.com\/#\/schema\/logo\/image\/\",\"url\":\"https:\/\/noticiasya.com\/wp-content\/uploads\/sites\/22\/2023\/12\/logo-nacional.png\",\"contentUrl\":\"https:\/\/noticiasya.com\/wp-content\/uploads\/sites\/22\/2023\/12\/logo-nacional.png\",\"width\":1801,\"height\":691,\"caption\":\"Noticias\"},\"image\":{\"@id\":\"https:\/\/noticiasya.com\/#\/schema\/logo\/image\/\"}}]}<\/script>\n<!-- \/ Yoast SEO plugin. -->","yoast_head_json":{"title":"A Harvey Weinstein le diagnosticaron c\u00e1ncer, seg\u00fan fuentes - Noticias","robots":{"index":"index","follow":"follow","max-snippet":"max-snippet:-1","max-image-preview":"max-image-preview:large","max-video-preview":"max-video-preview:-1"},"canonical":"https:\/\/noticiasya.com\/2024\/10\/21\/a-harvey-weinstein-le-diagnosticaron-cancer-segun-fuentes-trax\/","og_locale":"es_ES","og_type":"article","og_title":"A Harvey Weinstein le diagnosticaron c\u00e1ncer, seg\u00fan fuentes - Noticias","og_description":"(CNN) &#8212;\u00a0 A Harvey Weinstein le diagnosticaron c\u00e1ncer de huesos, dijo a CNN una fuente cercana al productor encarcelado. El diagn\u00f3stico espec\u00edfico de Weinstein es leucemia mieloide cr\u00f3nica, una forma de c\u00e1ncer de la m\u00e9dula \u00f3sea, dice la fuente, y agrega que est\u00e1 recibiendo tratamiento en Rikers Island en Nueva York. Juda Engelmayer, portavoz de [&hellip;]","og_url":"https:\/\/noticiasya.com\/2024\/10\/21\/a-harvey-weinstein-le-diagnosticaron-cancer-segun-fuentes-trax\/","og_site_name":"Noticias","article_published_time":"2024-10-22T06:03:51+00:00","twitter_card":"summary_large_image","twitter_misc":{"Est. reading time":"3 minutos"},"schema":{"@context":"https:\/\/schema.org","@graph":[{"@type":"Article","@id":"https:\/\/noticiasya.com\/2024\/10\/21\/a-harvey-weinstein-le-diagnosticaron-cancer-segun-fuentes-trax\/#article","isPartOf":{"@id":"https:\/\/noticiasya.com\/2024\/10\/21\/a-harvey-weinstein-le-diagnosticaron-cancer-segun-fuentes-trax\/"},"author":{"name":"","@id":""},"headline":"A Harvey Weinstein le diagnosticaron c\u00e1ncer, seg\u00fan fuentes","datePublished":"2024-10-22T06:03:51+00:00","mainEntityOfPage":{"@id":"https:\/\/noticiasya.com\/2024\/10\/21\/a-harvey-weinstein-le-diagnosticaron-cancer-segun-fuentes-trax\/"},"wordCount":543,"commentCount":0,"publisher":{"@id":"https:\/\/noticiasya.com\/#organization"},"articleSection":["Noticias Nacionales"],"inLanguage":"es","potentialAction":[{"@type":"CommentAction","name":"Comment","target":["https:\/\/noticiasya.com\/2024\/10\/21\/a-harvey-weinstein-le-diagnosticaron-cancer-segun-fuentes-trax\/#respond"]}]},{"@type":"WebPage","@id":"https:\/\/noticiasya.com\/2024\/10\/21\/a-harvey-weinstein-le-diagnosticaron-cancer-segun-fuentes-trax\/","url":"https:\/\/noticiasya.com\/2024\/10\/21\/a-harvey-weinstein-le-diagnosticaron-cancer-segun-fuentes-trax\/","name":"A Harvey Weinstein le diagnosticaron c\u00e1ncer, seg\u00fan fuentes - Noticias","isPartOf":{"@id":"https:\/\/noticiasya.com\/#website"},"datePublished":"2024-10-22T06:03:51+00:00","breadcrumb":{"@id":"https:\/\/noticiasya.com\/2024\/10\/21\/a-harvey-weinstein-le-diagnosticaron-cancer-segun-fuentes-trax\/#breadcrumb"},"inLanguage":"es","potentialAction":[{"@type":"ReadAction","target":["https:\/\/noticiasya.com\/2024\/10\/21\/a-harvey-weinstein-le-diagnosticaron-cancer-segun-fuentes-trax\/"]}]},{"@type":"BreadcrumbList","@id":"https:\/\/noticiasya.com\/2024\/10\/21\/a-harvey-weinstein-le-diagnosticaron-cancer-segun-fuentes-trax\/#breadcrumb","itemListElement":[{"@type":"ListItem","position":1,"name":"Home","item":"https:\/\/noticiasya.com\/"},{"@type":"ListItem","position":2,"name":"A Harvey Weinstein le diagnosticaron c\u00e1ncer, seg\u00fan fuentes"}]},{"@type":"WebSite","@id":"https:\/\/noticiasya.com\/#website","url":"https:\/\/noticiasya.com\/","name":"Noticias","description":"Lo que importa","publisher":{"@id":"https:\/\/noticiasya.com\/#organization"},"potentialAction":[{"@type":"SearchAction","target":{"@type":"EntryPoint","urlTemplate":"https:\/\/noticiasya.com\/?s={search_term_string}"},"query-input":{"@type":"PropertyValueSpecification","valueRequired":true,"valueName":"search_term_string"}}],"inLanguage":"es"},{"@type":"Organization","@id":"https:\/\/noticiasya.com\/#organization","name":"Noticias","url":"https:\/\/noticiasya.com\/","logo":{"@type":"ImageObject","inLanguage":"es","@id":"https:\/\/noticiasya.com\/#\/schema\/logo\/image\/","url":"https:\/\/noticiasya.com\/wp-content\/uploads\/sites\/22\/2023\/12\/logo-nacional.png","contentUrl":"https:\/\/noticiasya.com\/wp-content\/uploads\/sites\/22\/2023\/12\/logo-nacional.png","width":1801,"height":691,"caption":"Noticias"},"image":{"@id":"https:\/\/noticiasya.com\/#\/schema\/logo\/image\/"}}]}},"parsely":{"version":"1.1.0","canonical_url":"https:\/\/noticiasya.com\/midland-odessa\/2024\/10\/21\/a-harvey-weinstein-le-diagnosticaron-cancer-segun-fuentes-trax\/","smart_links":{"inbound":0,"outbound":0},"traffic_boost_suggestions_count":0,"meta":{"@context":"https:\/\/schema.org","@type":"NewsArticle","headline":"A Harvey Weinstein le diagnosticaron c\u00e1ncer, seg\u00fan fuentes","url":"http:\/\/noticiasya.com\/midland-odessa\/2024\/10\/21\/a-harvey-weinstein-le-diagnosticaron-cancer-segun-fuentes-trax\/","mainEntityOfPage":{"@type":"WebPage","@id":"http:\/\/noticiasya.com\/midland-odessa\/2024\/10\/21\/a-harvey-weinstein-le-diagnosticaron-cancer-segun-fuentes-trax\/"},"thumbnailUrl":"","image":{"@type":"ImageObject","url":""},"articleSection":"Noticias Nacionales","author":[],"creator":[],"publisher":{"@type":"Organization","name":"Noticias","logo":""},"keywords":[],"dateCreated":"2024-10-22T06:03:51Z","datePublished":"2024-10-22T06:03:51Z","dateModified":"2024-10-22T06:03:51Z"},"rendered":"<script type=\"application\/ld+json\" class=\"wp-parsely-metadata\">{\"@context\":\"https:\\\/\\\/schema.org\",\"@type\":\"NewsArticle\",\"headline\":\"A Harvey Weinstein le diagnosticaron c\\u00e1ncer, seg\\u00fan fuentes\",\"url\":\"http:\\\/\\\/noticiasya.com\\\/midland-odessa\\\/2024\\\/10\\\/21\\\/a-harvey-weinstein-le-diagnosticaron-cancer-segun-fuentes-trax\\\/\",\"mainEntityOfPage\":{\"@type\":\"WebPage\",\"@id\":\"http:\\\/\\\/noticiasya.com\\\/midland-odessa\\\/2024\\\/10\\\/21\\\/a-harvey-weinstein-le-diagnosticaron-cancer-segun-fuentes-trax\\\/\"},\"thumbnailUrl\":\"\",\"image\":{\"@type\":\"ImageObject\",\"url\":\"\"},\"articleSection\":\"Noticias Nacionales\",\"author\":[],\"creator\":[],\"publisher\":{\"@type\":\"Organization\",\"name\":\"Noticias\",\"logo\":\"\"},\"keywords\":[],\"dateCreated\":\"2024-10-22T06:03:51Z\",\"datePublished\":\"2024-10-22T06:03:51Z\",\"dateModified\":\"2024-10-22T06:03:51Z\"}<\/script>","tracker_url":"https:\/\/cdn.parsely.com\/keys\/noticiasya.com\/p.js"},"jetpack_featured_media_url":"","jetpack-related-posts":[{"id":1452558,"url":"https:\/\/noticiasya.com\/midland-odessa\/2024\/09\/09\/hospitalizan-emergencia-harvey-weinstein-cirugia-corazon-trax\/","url_meta":{"origin":1455286,"position":0},"title":"Hospitalizan de emergencia a Harvey Weinstein para una cirug\u00eda del coraz\u00f3n","author":"","date":"septiembre 9, 2024","format":false,"excerpt":"(CNN) -- Harvey Weinstein fue \"trasladado de emergencia\" al Hospital Bellevue de Nueva York el domingo por la noche \"debido a varias afecciones m\u00e9dicas\", seg\u00fan los representantes del desacreditado exproductor de cine.\"Podemos confirmar que el se\u00f1or Weinstein fue sometido a un procedimiento y cirug\u00eda en su coraz\u00f3n hoy\", dijeron el\u2026","rel":"","context":"In &quot;Noticias Nacionales&quot;","block_context":{"text":"Noticias Nacionales","link":"https:\/\/noticiasya.com\/midland-odessa\/categoria\/noticias-nacionales"},"img":{"alt_text":"","src":"","width":0,"height":0},"classes":[]},{"id":1449679,"url":"https:\/\/noticiasya.com\/midland-odessa\/2024\/05\/22\/exclusiva-denunciante-harvey-weinstein-juicio-trump-silencio-trax\/","url_meta":{"origin":1455286,"position":1},"title":"EXCLUSIVA | Ella dice que Harvey Weinstein la agredi\u00f3. Ahora encuentra similitudes entre su caso y el juicio de Trump por sobornos","author":"","date":"mayo 22, 2024","format":false,"excerpt":"(CNN) --\u00a0Ambra Battilana Gutierrez dice que durante a\u00f1os supo que la estaban silenciando.Corr\u00eda el a\u00f1o 2015 cuando la modelo italiana dice haber sido agredida por el entonces magnate del cine Harvey Weinstein durante una reuni\u00f3n de casting. Inmediatamente acudi\u00f3 a la polic\u00eda para denunciar lo sucedido, dando por hecho que\u2026","rel":"","context":"In &quot;Noticias Nacionales&quot;","block_context":{"text":"Noticias Nacionales","link":"https:\/\/noticiasya.com\/midland-odessa\/categoria\/noticias-nacionales"},"img":{"alt_text":"","src":"","width":0,"height":0},"classes":[]},{"id":1448614,"url":"https:\/\/noticiasya.com\/midland-odessa\/2024\/04\/27\/harvey-weinstein-trasladado-pabellon-bellevue-hospital-trax\/","url_meta":{"origin":1455286,"position":2},"title":"Harvey Weinstein fue trasladado al pabell\u00f3n de prisi\u00f3n del Bellevue Hospital por razones m\u00e9dicas, seg\u00fan su abogado y registros en l\u00ednea","author":"","date":"abril 27, 2024","format":false,"excerpt":"(CNN) -- Harvey Weinstein, el poderoso productor de Hollywood cuya ca\u00edda fue un s\u00edmbolo del movimiento #MeToo, ha sido trasladado del Centro Correccional Mohawk en Rome, Nueva York, al pabell\u00f3n de prisi\u00f3n del Hospital Bellevue (BHPW), seg\u00fan registros en l\u00ednea y su abogado.\"Est\u00e1 en Bellevue por razones m\u00e9dicas\", dijo este\u2026","rel":"","context":"In &quot;Noticias Nacionales&quot;","block_context":{"text":"Noticias Nacionales","link":"https:\/\/noticiasya.com\/midland-odessa\/categoria\/noticias-nacionales"},"img":{"alt_text":"","src":"","width":0,"height":0},"classes":[]},{"id":1448519,"url":"https:\/\/noticiasya.com\/midland-odessa\/2024\/04\/25\/denunciantes-harvey-weinstein-nuevo-juicio-anulacion-condena-trax\/","url_meta":{"origin":1455286,"position":3},"title":"Denunciantes de Harvey Weinstein quieren un nuevo juicio tras anulaci\u00f3n de condena por violaci\u00f3n y agresi\u00f3n","author":"","date":"abril 25, 2024","format":false,"excerpt":"(CNN) -- Cuando el productor de Hollywood Harvey Weinstein fue declarado culpable de dos delitos sexuales en febrero de 2020, la condena fue aclamada como un momento hist\u00f3rico en el movimiento #MeToo.Ahora, m\u00e1s de cuatro a\u00f1os despu\u00e9s, el fallo de la Corte de Apelaciones de Nueva York que anula esa\u2026","rel":"","context":"In &quot;Noticias Nacionales&quot;","block_context":{"text":"Noticias Nacionales","link":"https:\/\/noticiasya.com\/midland-odessa\/categoria\/noticias-nacionales"},"img":{"alt_text":"","src":"","width":0,"height":0},"classes":[]},{"id":1449323,"url":"https:\/\/noticiasya.com\/midland-odessa\/2024\/05\/08\/legisladores-nueva-york-malos-actos-previos-procesos-agresion-sexual-trax\/","url_meta":{"origin":1455286,"position":4},"title":"Legisladores neoyorquinos proponen permitir que malos actos previos sean admisibles en los procesos","author":"","date":"mayo 8, 2024","format":false,"excerpt":"(CNN) -- Citando la reciente anulaci\u00f3n de la condena por delitos sexuales de Harvey Weinstein en Nueva York, los miembros de la Asamblea del Estado de Nueva York est\u00e1n presentando esta semana un proyecto de ley que modificar\u00eda la norma de procedimiento penal del estado para permitir que las pruebas\u2026","rel":"","context":"In &quot;Noticias Nacionales&quot;","block_context":{"text":"Noticias Nacionales","link":"https:\/\/noticiasya.com\/midland-odessa\/categoria\/noticias-nacionales"},"img":{"alt_text":"","src":"","width":0,"height":0},"classes":[]},{"id":1443256,"url":"https:\/\/noticiasya.com\/midland-odessa\/2024\/01\/06\/en-la-tercera-tanda-de-documentos-del-caso-epstein-figura-una-llamada-de-harvey-weinstein-mas-hombres-famosos-y-detalles-inquietantes\/","url_meta":{"origin":1455286,"position":5},"title":"En la tercera tanda de documentos del caso Epstein figura una llamada de Harvey Weinstein, m\u00e1s hombres famosos y detalles inquietantes","author":"","date":"enero 6, 2024","format":false,"excerpt":"(CNN) -- La tercera ronda de documentos de una demanda relacionada con Jeffrey Epstein, el pederasta convicto que muri\u00f3 en la c\u00e1rcel antes de poder enfrentar un juicio por cargos federales de tr\u00e1fico sexual, se hizo p\u00fablica este viernes.La publicaci\u00f3n de este viernes ten\u00eda m\u00e1s de mil p\u00e1ginas, y llega\u2026","rel":"","context":"In &quot;Noticias Nacionales&quot;","block_context":{"text":"Noticias Nacionales","link":"https:\/\/noticiasya.com\/midland-odessa\/categoria\/noticias-nacionales"},"img":{"alt_text":"","src":"","width":0,"height":0},"classes":[]}],"jetpack_sharing_enabled":true,"_links":{"self":[{"href":"https:\/\/noticiasya.com\/midland-odessa\/wp-json\/wp\/v2\/posts\/1455286","targetHints":{"allow":["GET"]}}],"collection":[{"href":"https:\/\/noticiasya.com\/midland-odessa\/wp-json\/wp\/v2\/posts"}],"about":[{"href":"https:\/\/noticiasya.com\/midland-odessa\/wp-json\/wp\/v2\/types\/post"}],"replies":[{"embeddable":true,"href":"https:\/\/noticiasya.com\/midland-odessa\/wp-json\/wp\/v2\/comments?post=1455286"}],"version-history":[{"count":0,"href":"https:\/\/noticiasya.com\/midland-odessa\/wp-json\/wp\/v2\/posts\/1455286\/revisions"}],"wp:attachment":[{"href":"https:\/\/noticiasya.com\/midland-odessa\/wp-json\/wp\/v2\/media?parent=1455286"}],"wp:term":[{"taxonomy":"category","embeddable":true,"href":"https:\/\/noticiasya.com\/midland-odessa\/wp-json\/wp\/v2\/categories?post=1455286"},{"taxonomy":"post_tag","embeddable":true,"href":"https:\/\/noticiasya.com\/midland-odessa\/wp-json\/wp\/v2\/tags?post=1455286"}],"curies":[{"name":"wp","href":"https:\/\/api.w.org\/{rel}","templated":true}]}}