{"id":1455290,"date":"2024-10-22T05:03:44","date_gmt":"2024-10-22T12:03:44","guid":{"rendered":"https:\/\/noticiasya.com\/2024\/10\/22\/sheinbaum-jueces-conferencia-prensa-mexico-orix\/"},"modified":"2024-10-22T05:03:44","modified_gmt":"2024-10-22T12:03:44","slug":"sheinbaum-jueces-conferencia-prensa-mexico-orix","status":"publish","type":"post","link":"https:\/\/noticiasya.com\/midland-odessa\/2024\/10\/22\/sheinbaum-jueces-conferencia-prensa-mexico-orix\/","title":{"rendered":"Sheinbaum dijo que los jueces \u201cest\u00e1n en su derecho\u201d de tener conferencias de prensa"},"content":{"rendered":"<p>(CNN Espa\u00f1ol) &#8212; La presidenta de M\u00e9xico, Claudia Sheinbaum, dijo este lunes en su rueda de prensa matutina que los jueces \u201cest\u00e1n en todo su derecho\u201d de hacer el mismo ejercicio de convocar a los medios a diario.<\/p>\n<p>La mandataria respondi\u00f3 as\u00ed a lo que los trabajadores del Poder Judicial consideran un &#171;ejercicio de derecho de r\u00e9plica&#187; por la secci\u00f3n que Sheinbaum dedica, una vez a la semana en su rueda de prensa matutina, para exhibir lo que ella considera malas pr\u00e1cticas en el sector judicial.<\/p>\n<p>Los jueces tambi\u00e9n anunciaron que en esas conferencias dar\u00e1n a conocer las acciones que ha emprendido en contra de la reforma judicial aprobada y publicada durante los \u00faltimos d\u00edas del sexenio del presidente Andr\u00e9s Manuel L\u00f3pez Obrador.<\/p>\n<p>The-CNN-Wire<br \/>&trade; &amp; &copy; 2024 Cable News Network, Inc., a Warner Bros. Discovery Company. All rights reserved.<\/p>\n","protected":false},"excerpt":{"rendered":"<p>(CNN Espa\u00f1ol) &#8212; La presidenta de M\u00e9xico, Claudia Sheinbaum, dijo este lunes en su rueda de prensa matutina que los jueces \u201cest\u00e1n en todo su derecho\u201d de hacer el mismo ejercicio de convocar a los medios a diario. La mandataria respondi\u00f3 as\u00ed a lo que los trabajadores del Poder Judicial consideran un &#171;ejercicio de derecho [&hellip;]<\/p>\n","protected":false},"author":0,"featured_media":0,"comment_status":"open","ping_status":"open","sticky":false,"template":"","format":"standard","meta":{"_jetpack_memberships_contains_paid_content":false,"footnotes":""},"categories":[10],"tags":[],"class_list":["post-1455290","post","type-post","status-publish","format-standard","hentry","category-noticias-nacionales","market-global"],"yoast_head":"<!-- This site is optimized with the Yoast SEO plugin v24.4 - https:\/\/yoast.com\/wordpress\/plugins\/seo\/ -->\n<title>Sheinbaum dijo que los jueces \u201cest\u00e1n en su derecho\u201d de tener conferencias de prensa - Noticias<\/title>\n<meta name=\"robots\" content=\"index, follow, max-snippet:-1, max-image-preview:large, max-video-preview:-1\" \/>\n<link rel=\"canonical\" href=\"https:\/\/noticiasya.com\/2024\/10\/22\/sheinbaum-jueces-conferencia-prensa-mexico-orix\/\" \/>\n<meta property=\"og:locale\" content=\"es_ES\" \/>\n<meta property=\"og:type\" content=\"article\" \/>\n<meta property=\"og:title\" content=\"Sheinbaum dijo que los jueces \u201cest\u00e1n en su derecho\u201d de tener conferencias de prensa - Noticias\" \/>\n<meta property=\"og:description\" content=\"(CNN Espa\u00f1ol) &#8212; La presidenta de M\u00e9xico, Claudia Sheinbaum, dijo este lunes en su rueda de prensa matutina que los jueces \u201cest\u00e1n en todo su derecho\u201d de hacer el mismo ejercicio de convocar a los medios a diario. La mandataria respondi\u00f3 as\u00ed a lo que los trabajadores del Poder Judicial consideran un &#171;ejercicio de derecho [&hellip;]\" \/>\n<meta property=\"og:url\" content=\"https:\/\/noticiasya.com\/2024\/10\/22\/sheinbaum-jueces-conferencia-prensa-mexico-orix\/\" \/>\n<meta property=\"og:site_name\" content=\"Noticias\" \/>\n<meta property=\"article:published_time\" content=\"2024-10-22T12:03:44+00:00\" \/>\n<meta name=\"twitter:card\" content=\"summary_large_image\" \/>\n<meta name=\"twitter:label1\" content=\"Est. reading time\" \/>\n\t<meta name=\"twitter:data1\" content=\"1 minuto\" \/>\n<script type=\"application\/ld+json\" class=\"yoast-schema-graph\">{\"@context\":\"https:\/\/schema.org\",\"@graph\":[{\"@type\":\"Article\",\"@id\":\"https:\/\/noticiasya.com\/2024\/10\/22\/sheinbaum-jueces-conferencia-prensa-mexico-orix\/#article\",\"isPartOf\":{\"@id\":\"https:\/\/noticiasya.com\/2024\/10\/22\/sheinbaum-jueces-conferencia-prensa-mexico-orix\/\"},\"author\":{\"name\":\"\",\"@id\":\"\"},\"headline\":\"Sheinbaum dijo que los jueces \u201cest\u00e1n en su derecho\u201d de tener conferencias de prensa\",\"datePublished\":\"2024-10-22T12:03:44+00:00\",\"mainEntityOfPage\":{\"@id\":\"https:\/\/noticiasya.com\/2024\/10\/22\/sheinbaum-jueces-conferencia-prensa-mexico-orix\/\"},\"wordCount\":165,\"commentCount\":0,\"publisher\":{\"@id\":\"https:\/\/noticiasya.com\/#organization\"},\"articleSection\":[\"Noticias Nacionales\"],\"inLanguage\":\"es\",\"potentialAction\":[{\"@type\":\"CommentAction\",\"name\":\"Comment\",\"target\":[\"https:\/\/noticiasya.com\/2024\/10\/22\/sheinbaum-jueces-conferencia-prensa-mexico-orix\/#respond\"]}]},{\"@type\":\"WebPage\",\"@id\":\"https:\/\/noticiasya.com\/2024\/10\/22\/sheinbaum-jueces-conferencia-prensa-mexico-orix\/\",\"url\":\"https:\/\/noticiasya.com\/2024\/10\/22\/sheinbaum-jueces-conferencia-prensa-mexico-orix\/\",\"name\":\"Sheinbaum dijo que los jueces \u201cest\u00e1n en su derecho\u201d de tener conferencias de prensa - Noticias\",\"isPartOf\":{\"@id\":\"https:\/\/noticiasya.com\/#website\"},\"datePublished\":\"2024-10-22T12:03:44+00:00\",\"breadcrumb\":{\"@id\":\"https:\/\/noticiasya.com\/2024\/10\/22\/sheinbaum-jueces-conferencia-prensa-mexico-orix\/#breadcrumb\"},\"inLanguage\":\"es\",\"potentialAction\":[{\"@type\":\"ReadAction\",\"target\":[\"https:\/\/noticiasya.com\/2024\/10\/22\/sheinbaum-jueces-conferencia-prensa-mexico-orix\/\"]}]},{\"@type\":\"BreadcrumbList\",\"@id\":\"https:\/\/noticiasya.com\/2024\/10\/22\/sheinbaum-jueces-conferencia-prensa-mexico-orix\/#breadcrumb\",\"itemListElement\":[{\"@type\":\"ListItem\",\"position\":1,\"name\":\"Home\",\"item\":\"https:\/\/noticiasya.com\/\"},{\"@type\":\"ListItem\",\"position\":2,\"name\":\"Sheinbaum dijo que los jueces \u201cest\u00e1n en su derecho\u201d de tener conferencias de prensa\"}]},{\"@type\":\"WebSite\",\"@id\":\"https:\/\/noticiasya.com\/#website\",\"url\":\"https:\/\/noticiasya.com\/\",\"name\":\"Noticias\",\"description\":\"Lo que importa\",\"publisher\":{\"@id\":\"https:\/\/noticiasya.com\/#organization\"},\"potentialAction\":[{\"@type\":\"SearchAction\",\"target\":{\"@type\":\"EntryPoint\",\"urlTemplate\":\"https:\/\/noticiasya.com\/?s={search_term_string}\"},\"query-input\":{\"@type\":\"PropertyValueSpecification\",\"valueRequired\":true,\"valueName\":\"search_term_string\"}}],\"inLanguage\":\"es\"},{\"@type\":\"Organization\",\"@id\":\"https:\/\/noticiasya.com\/#organization\",\"name\":\"Noticias\",\"url\":\"https:\/\/noticiasya.com\/\",\"logo\":{\"@type\":\"ImageObject\",\"inLanguage\":\"es\",\"@id\":\"https:\/\/noticiasya.com\/#\/schema\/logo\/image\/\",\"url\":\"https:\/\/noticiasya.com\/wp-content\/uploads\/sites\/22\/2023\/12\/logo-nacional.png\",\"contentUrl\":\"https:\/\/noticiasya.com\/wp-content\/uploads\/sites\/22\/2023\/12\/logo-nacional.png\",\"width\":1801,\"height\":691,\"caption\":\"Noticias\"},\"image\":{\"@id\":\"https:\/\/noticiasya.com\/#\/schema\/logo\/image\/\"}}]}<\/script>\n<!-- \/ Yoast SEO plugin. -->","yoast_head_json":{"title":"Sheinbaum dijo que los jueces \u201cest\u00e1n en su derecho\u201d de tener conferencias de prensa - Noticias","robots":{"index":"index","follow":"follow","max-snippet":"max-snippet:-1","max-image-preview":"max-image-preview:large","max-video-preview":"max-video-preview:-1"},"canonical":"https:\/\/noticiasya.com\/2024\/10\/22\/sheinbaum-jueces-conferencia-prensa-mexico-orix\/","og_locale":"es_ES","og_type":"article","og_title":"Sheinbaum dijo que los jueces \u201cest\u00e1n en su derecho\u201d de tener conferencias de prensa - Noticias","og_description":"(CNN Espa\u00f1ol) &#8212; La presidenta de M\u00e9xico, Claudia Sheinbaum, dijo este lunes en su rueda de prensa matutina que los jueces \u201cest\u00e1n en todo su derecho\u201d de hacer el mismo ejercicio de convocar a los medios a diario. La mandataria respondi\u00f3 as\u00ed a lo que los trabajadores del Poder Judicial consideran un &#171;ejercicio de derecho [&hellip;]","og_url":"https:\/\/noticiasya.com\/2024\/10\/22\/sheinbaum-jueces-conferencia-prensa-mexico-orix\/","og_site_name":"Noticias","article_published_time":"2024-10-22T12:03:44+00:00","twitter_card":"summary_large_image","twitter_misc":{"Est. reading time":"1 minuto"},"schema":{"@context":"https:\/\/schema.org","@graph":[{"@type":"Article","@id":"https:\/\/noticiasya.com\/2024\/10\/22\/sheinbaum-jueces-conferencia-prensa-mexico-orix\/#article","isPartOf":{"@id":"https:\/\/noticiasya.com\/2024\/10\/22\/sheinbaum-jueces-conferencia-prensa-mexico-orix\/"},"author":{"name":"","@id":""},"headline":"Sheinbaum dijo que los jueces \u201cest\u00e1n en su derecho\u201d de tener conferencias de prensa","datePublished":"2024-10-22T12:03:44+00:00","mainEntityOfPage":{"@id":"https:\/\/noticiasya.com\/2024\/10\/22\/sheinbaum-jueces-conferencia-prensa-mexico-orix\/"},"wordCount":165,"commentCount":0,"publisher":{"@id":"https:\/\/noticiasya.com\/#organization"},"articleSection":["Noticias Nacionales"],"inLanguage":"es","potentialAction":[{"@type":"CommentAction","name":"Comment","target":["https:\/\/noticiasya.com\/2024\/10\/22\/sheinbaum-jueces-conferencia-prensa-mexico-orix\/#respond"]}]},{"@type":"WebPage","@id":"https:\/\/noticiasya.com\/2024\/10\/22\/sheinbaum-jueces-conferencia-prensa-mexico-orix\/","url":"https:\/\/noticiasya.com\/2024\/10\/22\/sheinbaum-jueces-conferencia-prensa-mexico-orix\/","name":"Sheinbaum dijo que los jueces \u201cest\u00e1n en su derecho\u201d de tener conferencias de prensa - Noticias","isPartOf":{"@id":"https:\/\/noticiasya.com\/#website"},"datePublished":"2024-10-22T12:03:44+00:00","breadcrumb":{"@id":"https:\/\/noticiasya.com\/2024\/10\/22\/sheinbaum-jueces-conferencia-prensa-mexico-orix\/#breadcrumb"},"inLanguage":"es","potentialAction":[{"@type":"ReadAction","target":["https:\/\/noticiasya.com\/2024\/10\/22\/sheinbaum-jueces-conferencia-prensa-mexico-orix\/"]}]},{"@type":"BreadcrumbList","@id":"https:\/\/noticiasya.com\/2024\/10\/22\/sheinbaum-jueces-conferencia-prensa-mexico-orix\/#breadcrumb","itemListElement":[{"@type":"ListItem","position":1,"name":"Home","item":"https:\/\/noticiasya.com\/"},{"@type":"ListItem","position":2,"name":"Sheinbaum dijo que los jueces \u201cest\u00e1n en su derecho\u201d de tener conferencias de prensa"}]},{"@type":"WebSite","@id":"https:\/\/noticiasya.com\/#website","url":"https:\/\/noticiasya.com\/","name":"Noticias","description":"Lo que importa","publisher":{"@id":"https:\/\/noticiasya.com\/#organization"},"potentialAction":[{"@type":"SearchAction","target":{"@type":"EntryPoint","urlTemplate":"https:\/\/noticiasya.com\/?s={search_term_string}"},"query-input":{"@type":"PropertyValueSpecification","valueRequired":true,"valueName":"search_term_string"}}],"inLanguage":"es"},{"@type":"Organization","@id":"https:\/\/noticiasya.com\/#organization","name":"Noticias","url":"https:\/\/noticiasya.com\/","logo":{"@type":"ImageObject","inLanguage":"es","@id":"https:\/\/noticiasya.com\/#\/schema\/logo\/image\/","url":"https:\/\/noticiasya.com\/wp-content\/uploads\/sites\/22\/2023\/12\/logo-nacional.png","contentUrl":"https:\/\/noticiasya.com\/wp-content\/uploads\/sites\/22\/2023\/12\/logo-nacional.png","width":1801,"height":691,"caption":"Noticias"},"image":{"@id":"https:\/\/noticiasya.com\/#\/schema\/logo\/image\/"}}]}},"parsely":{"version":"1.1.0","canonical_url":"https:\/\/noticiasya.com\/midland-odessa\/2024\/10\/22\/sheinbaum-jueces-conferencia-prensa-mexico-orix\/","smart_links":{"inbound":0,"outbound":0},"traffic_boost_suggestions_count":0,"meta":{"@context":"https:\/\/schema.org","@type":"NewsArticle","headline":"Sheinbaum dijo que los jueces \u201cest\u00e1n en su derecho\u201d de tener conferencias de prensa","url":"http:\/\/noticiasya.com\/midland-odessa\/2024\/10\/22\/sheinbaum-jueces-conferencia-prensa-mexico-orix\/","mainEntityOfPage":{"@type":"WebPage","@id":"http:\/\/noticiasya.com\/midland-odessa\/2024\/10\/22\/sheinbaum-jueces-conferencia-prensa-mexico-orix\/"},"thumbnailUrl":"","image":{"@type":"ImageObject","url":""},"articleSection":"Noticias Nacionales","author":[],"creator":[],"publisher":{"@type":"Organization","name":"Noticias","logo":""},"keywords":[],"dateCreated":"2024-10-22T12:03:44Z","datePublished":"2024-10-22T12:03:44Z","dateModified":"2024-10-22T12:03:44Z"},"rendered":"<script type=\"application\/ld+json\" class=\"wp-parsely-metadata\">{\"@context\":\"https:\\\/\\\/schema.org\",\"@type\":\"NewsArticle\",\"headline\":\"Sheinbaum dijo que los jueces \\u201cest\\u00e1n en su derecho\\u201d de tener conferencias de prensa\",\"url\":\"http:\\\/\\\/noticiasya.com\\\/midland-odessa\\\/2024\\\/10\\\/22\\\/sheinbaum-jueces-conferencia-prensa-mexico-orix\\\/\",\"mainEntityOfPage\":{\"@type\":\"WebPage\",\"@id\":\"http:\\\/\\\/noticiasya.com\\\/midland-odessa\\\/2024\\\/10\\\/22\\\/sheinbaum-jueces-conferencia-prensa-mexico-orix\\\/\"},\"thumbnailUrl\":\"\",\"image\":{\"@type\":\"ImageObject\",\"url\":\"\"},\"articleSection\":\"Noticias Nacionales\",\"author\":[],\"creator\":[],\"publisher\":{\"@type\":\"Organization\",\"name\":\"Noticias\",\"logo\":\"\"},\"keywords\":[],\"dateCreated\":\"2024-10-22T12:03:44Z\",\"datePublished\":\"2024-10-22T12:03:44Z\",\"dateModified\":\"2024-10-22T12:03:44Z\"}<\/script>","tracker_url":"https:\/\/cdn.parsely.com\/keys\/noticiasya.com\/p.js"},"jetpack_featured_media_url":"","jetpack-related-posts":[{"id":1455295,"url":"https:\/\/noticiasya.com\/midland-odessa\/2024\/10\/22\/sheinbaum-no-antecedentes-juez-eliminar-diario-oficial-orix\/","url_meta":{"origin":1455290,"position":0},"title":"Sheinbaum: &#171;No hay antecedentes de que un juez haya pedido eliminar algo del Diario Oficial de la Federaci\u00f3n&#187;","author":"","date":"octubre 22, 2024","format":false,"excerpt":"(CNN Espa\u00f1ol) -- La presidenta de M\u00e9xico Claudia Sheinbaum volvi\u00f3 a ratificar este martes la publicaci\u00f3n oficial de la reforma judicial. \"No hay antecedentes de que un juez haya pedido eliminar algo del Diario Oficial de la Federaci\u00f3n\", dijo la mandataria en su rueda de prensa matutina.\"\u00bfLa se\u00f1ora jueza est\u00e1\u2026","rel":"","context":"In &quot;Noticias Nacionales&quot;","block_context":{"text":"Noticias Nacionales","link":"https:\/\/noticiasya.com\/midland-odessa\/categoria\/noticias-nacionales"},"img":{"alt_text":"","src":"","width":0,"height":0},"classes":[]},{"id":1455154,"url":"https:\/\/noticiasya.com\/midland-odessa\/2024\/10\/16\/sheinbaum-garcia-luna-reaccion-felipe-calderon-orix\/","url_meta":{"origin":1455290,"position":1},"title":"Sheinbaum dice que espera \u201cla sentencia de Garc\u00eda Luna y la reacci\u00f3n del expresidente Felipe Calder\u00f3n\u201d","author":"","date":"octubre 16, 2024","format":false,"excerpt":"(CNN Espa\u00f1ol) -- La presidenta de M\u00e9xico, Claudia Sheinbaum, en su rueda de prensa matutina del mi\u00e9rcoles expres\u00f3 que la carta que Genaro Garc\u00eda Luna, secretario de Seguridad P\u00fablica durante la presidencia de Felipe Calder\u00f3n y juzgado en Estados Unidos por cargos de narcotr\u00e1fico y v\u00ednculos con la delincuencia organizada,\u2026","rel":"","context":"In &quot;Noticias Nacionales&quot;","block_context":{"text":"Noticias Nacionales","link":"https:\/\/noticiasya.com\/midland-odessa\/categoria\/noticias-nacionales"},"img":{"alt_text":"","src":"","width":0,"height":0},"classes":[]},{"id":1452115,"url":"https:\/\/noticiasya.com\/midland-odessa\/2024\/08\/23\/cnn-verifica-claudia-sheinbaum-estados-unidos-jueces-voto-popular-orix\/","url_meta":{"origin":1455290,"position":2},"title":"CNN verifica: Claudia Sheinbaum afirma que en Estados Unidos se eligen los jueces por voto popular","author":"","date":"agosto 23, 2024","format":false,"excerpt":"(CNN Espa\u00f1ol) --\u00a0En medio de la discusi\u00f3n sobre la reforma al Poder Judicial en M\u00e9xico, la presidenta electa Claudia Sheinbaum public\u00f3 en X una afirmaci\u00f3n sobre el sistema judicial estadounidense, se\u00f1alando que en 43 de los 50 estados de Estados Unidos los jueces son elegidos por voto popular.Esa iniciativa forma\u2026","rel":"","context":"In &quot;Noticias Nacionales&quot;","block_context":{"text":"Noticias Nacionales","link":"https:\/\/noticiasya.com\/midland-odessa\/categoria\/noticias-nacionales"},"img":{"alt_text":"","src":"","width":0,"height":0},"classes":[]},{"id":1455449,"url":"https:\/\/noticiasya.com\/midland-odessa\/2024\/10\/30\/fin-no-justifica-medios-sheinbaum-captura-mayo-zambada-orix\/","url_meta":{"origin":1455290,"position":3},"title":"&#171;El fin no justifica los medios&#187;, dice Sheinbaum sobre la captura del Mayo Zambada","author":"","date":"octubre 30, 2024","format":false,"excerpt":"(CNN Espa\u00f1ol) -- La presidenta de M\u00e9xico Claudia Sheinbaum dijo este mi\u00e9rcoles durante su rueda de prensa matutina que \"el fin no justifica los medios\", al ser consultada sobre las declaraciones del martes del embajador de Estados Unidos, Ken Salazar, quien asegur\u00f3 que el Gobierno de Estados Unidos inform\u00f3 a\u2026","rel":"","context":"In &quot;Noticias Nacionales&quot;","block_context":{"text":"Noticias Nacionales","link":"https:\/\/noticiasya.com\/midland-odessa\/categoria\/noticias-nacionales"},"img":{"alt_text":"","src":"","width":0,"height":0},"classes":[]},{"id":1460019,"url":"https:\/\/noticiasya.com\/midland-odessa\/2025\/03\/17\/sheinbaum-hackeo-celular-correo-electronico-orix\/","url_meta":{"origin":1455290,"position":4},"title":"Sheinbaum confirma hackeo de uno de sus celulares y de una cuenta de correo electr\u00f3nico","author":"","date":"marzo 17, 2025","format":false,"excerpt":"Uno de los celulares de la presidenta de M\u00e9xico, Claudia Sheinbaum, y una cuenta de correo electr\u00f3nico de su propiedad fueron hackeadas, dijo este lunes la mandataria en su rueda de prensa matutina.\u201cS\u00ed, hackearon mi tel\u00e9fono y mi correo electr\u00f3nico\u201d, afirm\u00f3 Sheinbaum. Agreg\u00f3 que el n\u00famero telef\u00f3nico data de su\u2026","rel":"","context":"In &quot;Noticias Nacionales&quot;","block_context":{"text":"Noticias Nacionales","link":"https:\/\/noticiasya.com\/midland-odessa\/categoria\/noticias-nacionales"},"img":{"alt_text":"","src":"","width":0,"height":0},"classes":[]},{"id":1458635,"url":"https:\/\/noticiasya.com\/midland-odessa\/2025\/02\/12\/sheinbaum-canciller-rubio-aranceles-orix\/","url_meta":{"origin":1455290,"position":5},"title":"Sheinbaum dice que el canciller mexicano podr\u00eda hablar hoy o ma\u00f1ana con Rubio sobre aranceles","author":"","date":"febrero 12, 2025","format":false,"excerpt":"Este mi\u00e9rcoles, la presidenta de M\u00e9xico, Claudia Sheinbaum, inform\u00f3 durante su rueda de prensa matutina que su secretario de Relaciones Exteriores, Juan Ram\u00f3n de la Fuente, podr\u00eda hablar hoy o ma\u00f1ana con el secretario de Estado de EE.UU., Marco Rubio, en el marco de los anuncios sobre aranceles del Gobierno\u2026","rel":"","context":"In &quot;Noticias Nacionales&quot;","block_context":{"text":"Noticias Nacionales","link":"https:\/\/noticiasya.com\/midland-odessa\/categoria\/noticias-nacionales"},"img":{"alt_text":"","src":"","width":0,"height":0},"classes":[]}],"jetpack_sharing_enabled":true,"_links":{"self":[{"href":"https:\/\/noticiasya.com\/midland-odessa\/wp-json\/wp\/v2\/posts\/1455290","targetHints":{"allow":["GET"]}}],"collection":[{"href":"https:\/\/noticiasya.com\/midland-odessa\/wp-json\/wp\/v2\/posts"}],"about":[{"href":"https:\/\/noticiasya.com\/midland-odessa\/wp-json\/wp\/v2\/types\/post"}],"replies":[{"embeddable":true,"href":"https:\/\/noticiasya.com\/midland-odessa\/wp-json\/wp\/v2\/comments?post=1455290"}],"version-history":[{"count":0,"href":"https:\/\/noticiasya.com\/midland-odessa\/wp-json\/wp\/v2\/posts\/1455290\/revisions"}],"wp:attachment":[{"href":"https:\/\/noticiasya.com\/midland-odessa\/wp-json\/wp\/v2\/media?parent=1455290"}],"wp:term":[{"taxonomy":"category","embeddable":true,"href":"https:\/\/noticiasya.com\/midland-odessa\/wp-json\/wp\/v2\/categories?post=1455290"},{"taxonomy":"post_tag","embeddable":true,"href":"https:\/\/noticiasya.com\/midland-odessa\/wp-json\/wp\/v2\/tags?post=1455290"}],"curies":[{"name":"wp","href":"https:\/\/api.w.org\/{rel}","templated":true}]}}