{"id":1455293,"date":"2024-10-22T09:03:38","date_gmt":"2024-10-22T16:03:38","guid":{"rendered":"https:\/\/noticiasya.com\/2024\/10\/22\/exdelantero-manchester-united-tenis-profesional-trax\/"},"modified":"2024-10-22T09:03:38","modified_gmt":"2024-10-22T16:03:38","slug":"exdelantero-manchester-united-tenis-profesional-trax","status":"publish","type":"post","link":"https:\/\/noticiasya.com\/midland-odessa\/2024\/10\/22\/exdelantero-manchester-united-tenis-profesional-trax\/","title":{"rendered":"El exfutbolista Diego Forl\u00e1n debutar\u00e1 en el tenis profesional"},"content":{"rendered":"<p>(CNN) &#8212; El exdelantero del Manchester United y del Atl\u00e9tico de Madrid Diego Forl\u00e1n debutar\u00e1 en el tenis profesional en noviembre, cuando compita en un torneo de dobles de la ATP en su Uruguay natal.<\/p>\n<p>El jugador de 45 a\u00f1os, que se retir\u00f3 del f\u00fatbol en 2019, jugar\u00e1 junto al n\u00famero 101 del mundo en individuales masculinos, Federico Coria, en el Abierto de Uruguay, que se celebrar\u00e1 entre el 11 y el 17 de noviembre.<\/p>\n<p>El torneo, que en su d\u00eda gan\u00f3 el excampe\u00f3n del US Open Juan Mart\u00edn del Potro, forma parte del ATP Challenger Tour, el segundo nivel de la competici\u00f3n ten\u00edstica.<\/p>\n<p>Forl\u00e1n disfrut\u00f3 de una excelente carrera futbol\u00edstica, ganando la Premier League, la Copa Am\u00e9rica y la Europa League, entre otros trofeos, durante sus 22 a\u00f1os como profesional.<\/p>\n<p>Tambi\u00e9n fue nombrado mejor jugador del Mundial de Sud\u00e1frica 2010, tras proclamarse m\u00e1ximo goleador, y gan\u00f3 la Bota de Oro europea concedida al m\u00e1ximo goleador de las principales ligas del continente en dos ocasiones.<\/p>\n<p>Tras empezar a competir en torneos de tenis el a\u00f1o pasado, el uruguayo ha disputado recientemente torneos Masters de la ITF en la categor\u00eda de mayores de 45 a\u00f1os, en la que ocupa el puesto 108 del mundo.<\/p>\n<p>&#171;Lleva tiempo prepar\u00e1ndose, entrenando mucho en tenis&#187;, declar\u00f3 el director del torneo Abierto de Uruguay, Diego L\u00f3pez, al podcast Tenistas Sin Saque. &#171;Creo que se merece esta oportunidad&#187;.<\/p>\n<p>No es la \u00fanica estrella del f\u00fatbol que ha cambiado el terreno de juego por la cancha. La leyenda italiana Paolo Maldini jug\u00f3 un partido de dobles en el ATP Challenger Tour en 2017 tras una carrera futbol\u00edstica en la que gan\u00f3 cinco Ligas de Campeones y siete t\u00edtulos de la Serie A.<\/p>\n<p>Sin embargo, Maldini no tuvo tanto \u00e9xito con la raqueta como con la pelota en los pies, y perdi\u00f3 el partido por 6-1 y 6-1.<\/p>\n<p>Rangel Rangelov es el jugador que ha logrado m\u00e1s \u00e9xitos en ambos deportes, habiendo disputado dos finales de la Copa de Bulgaria en f\u00fatbol y dos Copas Davis entre 1956 y 1967.<\/p>\n<p>The-CNN-Wire<br \/>&trade; &amp; &copy; 2024 Cable News Network, Inc., a Warner Bros. Discovery Company. All rights reserved.<\/p>\n","protected":false},"excerpt":{"rendered":"<p>(CNN) &#8212; El exdelantero del Manchester United y del Atl\u00e9tico de Madrid Diego Forl\u00e1n debutar\u00e1 en el tenis profesional en noviembre, cuando compita en un torneo de dobles de la ATP en su Uruguay natal. El jugador de 45 a\u00f1os, que se retir\u00f3 del f\u00fatbol en 2019, jugar\u00e1 junto al n\u00famero 101 del mundo en [&hellip;]<\/p>\n","protected":false},"author":0,"featured_media":0,"comment_status":"open","ping_status":"open","sticky":false,"template":"","format":"standard","meta":{"_jetpack_memberships_contains_paid_content":false,"footnotes":""},"categories":[10],"tags":[],"class_list":["post-1455293","post","type-post","status-publish","format-standard","hentry","category-noticias-nacionales","market-global"],"yoast_head":"<!-- This site is optimized with the Yoast SEO plugin v24.4 - https:\/\/yoast.com\/wordpress\/plugins\/seo\/ -->\n<title>El exfutbolista Diego Forl\u00e1n debutar\u00e1 en el tenis profesional - Noticias<\/title>\n<meta name=\"robots\" content=\"index, follow, max-snippet:-1, max-image-preview:large, max-video-preview:-1\" \/>\n<link rel=\"canonical\" href=\"https:\/\/noticiasya.com\/2024\/10\/22\/exdelantero-manchester-united-tenis-profesional-trax\/\" \/>\n<meta property=\"og:locale\" content=\"es_ES\" \/>\n<meta property=\"og:type\" content=\"article\" \/>\n<meta property=\"og:title\" content=\"El exfutbolista Diego Forl\u00e1n debutar\u00e1 en el tenis profesional - Noticias\" \/>\n<meta property=\"og:description\" content=\"(CNN) &#8212; El exdelantero del Manchester United y del Atl\u00e9tico de Madrid Diego Forl\u00e1n debutar\u00e1 en el tenis profesional en noviembre, cuando compita en un torneo de dobles de la ATP en su Uruguay natal. El jugador de 45 a\u00f1os, que se retir\u00f3 del f\u00fatbol en 2019, jugar\u00e1 junto al n\u00famero 101 del mundo en [&hellip;]\" \/>\n<meta property=\"og:url\" content=\"https:\/\/noticiasya.com\/2024\/10\/22\/exdelantero-manchester-united-tenis-profesional-trax\/\" \/>\n<meta property=\"og:site_name\" content=\"Noticias\" \/>\n<meta property=\"article:published_time\" content=\"2024-10-22T16:03:38+00:00\" \/>\n<meta name=\"twitter:card\" content=\"summary_large_image\" \/>\n<meta name=\"twitter:label1\" content=\"Est. reading time\" \/>\n\t<meta name=\"twitter:data1\" content=\"2 minutos\" \/>\n<script type=\"application\/ld+json\" class=\"yoast-schema-graph\">{\"@context\":\"https:\/\/schema.org\",\"@graph\":[{\"@type\":\"Article\",\"@id\":\"https:\/\/noticiasya.com\/2024\/10\/22\/exdelantero-manchester-united-tenis-profesional-trax\/#article\",\"isPartOf\":{\"@id\":\"https:\/\/noticiasya.com\/2024\/10\/22\/exdelantero-manchester-united-tenis-profesional-trax\/\"},\"author\":{\"name\":\"\",\"@id\":\"\"},\"headline\":\"El exfutbolista Diego Forl\u00e1n debutar\u00e1 en el tenis profesional\",\"datePublished\":\"2024-10-22T16:03:38+00:00\",\"mainEntityOfPage\":{\"@id\":\"https:\/\/noticiasya.com\/2024\/10\/22\/exdelantero-manchester-united-tenis-profesional-trax\/\"},\"wordCount\":383,\"commentCount\":0,\"publisher\":{\"@id\":\"https:\/\/noticiasya.com\/#organization\"},\"articleSection\":[\"Noticias Nacionales\"],\"inLanguage\":\"es\",\"potentialAction\":[{\"@type\":\"CommentAction\",\"name\":\"Comment\",\"target\":[\"https:\/\/noticiasya.com\/2024\/10\/22\/exdelantero-manchester-united-tenis-profesional-trax\/#respond\"]}]},{\"@type\":\"WebPage\",\"@id\":\"https:\/\/noticiasya.com\/2024\/10\/22\/exdelantero-manchester-united-tenis-profesional-trax\/\",\"url\":\"https:\/\/noticiasya.com\/2024\/10\/22\/exdelantero-manchester-united-tenis-profesional-trax\/\",\"name\":\"El exfutbolista Diego Forl\u00e1n debutar\u00e1 en el tenis profesional - Noticias\",\"isPartOf\":{\"@id\":\"https:\/\/noticiasya.com\/#website\"},\"datePublished\":\"2024-10-22T16:03:38+00:00\",\"breadcrumb\":{\"@id\":\"https:\/\/noticiasya.com\/2024\/10\/22\/exdelantero-manchester-united-tenis-profesional-trax\/#breadcrumb\"},\"inLanguage\":\"es\",\"potentialAction\":[{\"@type\":\"ReadAction\",\"target\":[\"https:\/\/noticiasya.com\/2024\/10\/22\/exdelantero-manchester-united-tenis-profesional-trax\/\"]}]},{\"@type\":\"BreadcrumbList\",\"@id\":\"https:\/\/noticiasya.com\/2024\/10\/22\/exdelantero-manchester-united-tenis-profesional-trax\/#breadcrumb\",\"itemListElement\":[{\"@type\":\"ListItem\",\"position\":1,\"name\":\"Home\",\"item\":\"https:\/\/noticiasya.com\/\"},{\"@type\":\"ListItem\",\"position\":2,\"name\":\"El exfutbolista Diego Forl\u00e1n debutar\u00e1 en el tenis profesional\"}]},{\"@type\":\"WebSite\",\"@id\":\"https:\/\/noticiasya.com\/#website\",\"url\":\"https:\/\/noticiasya.com\/\",\"name\":\"Noticias\",\"description\":\"Lo que importa\",\"publisher\":{\"@id\":\"https:\/\/noticiasya.com\/#organization\"},\"potentialAction\":[{\"@type\":\"SearchAction\",\"target\":{\"@type\":\"EntryPoint\",\"urlTemplate\":\"https:\/\/noticiasya.com\/?s={search_term_string}\"},\"query-input\":{\"@type\":\"PropertyValueSpecification\",\"valueRequired\":true,\"valueName\":\"search_term_string\"}}],\"inLanguage\":\"es\"},{\"@type\":\"Organization\",\"@id\":\"https:\/\/noticiasya.com\/#organization\",\"name\":\"Noticias\",\"url\":\"https:\/\/noticiasya.com\/\",\"logo\":{\"@type\":\"ImageObject\",\"inLanguage\":\"es\",\"@id\":\"https:\/\/noticiasya.com\/#\/schema\/logo\/image\/\",\"url\":\"https:\/\/noticiasya.com\/wp-content\/uploads\/sites\/22\/2023\/12\/logo-nacional.png\",\"contentUrl\":\"https:\/\/noticiasya.com\/wp-content\/uploads\/sites\/22\/2023\/12\/logo-nacional.png\",\"width\":1801,\"height\":691,\"caption\":\"Noticias\"},\"image\":{\"@id\":\"https:\/\/noticiasya.com\/#\/schema\/logo\/image\/\"}}]}<\/script>\n<!-- \/ Yoast SEO plugin. -->","yoast_head_json":{"title":"El exfutbolista Diego Forl\u00e1n debutar\u00e1 en el tenis profesional - Noticias","robots":{"index":"index","follow":"follow","max-snippet":"max-snippet:-1","max-image-preview":"max-image-preview:large","max-video-preview":"max-video-preview:-1"},"canonical":"https:\/\/noticiasya.com\/2024\/10\/22\/exdelantero-manchester-united-tenis-profesional-trax\/","og_locale":"es_ES","og_type":"article","og_title":"El exfutbolista Diego Forl\u00e1n debutar\u00e1 en el tenis profesional - Noticias","og_description":"(CNN) &#8212; El exdelantero del Manchester United y del Atl\u00e9tico de Madrid Diego Forl\u00e1n debutar\u00e1 en el tenis profesional en noviembre, cuando compita en un torneo de dobles de la ATP en su Uruguay natal. El jugador de 45 a\u00f1os, que se retir\u00f3 del f\u00fatbol en 2019, jugar\u00e1 junto al n\u00famero 101 del mundo en [&hellip;]","og_url":"https:\/\/noticiasya.com\/2024\/10\/22\/exdelantero-manchester-united-tenis-profesional-trax\/","og_site_name":"Noticias","article_published_time":"2024-10-22T16:03:38+00:00","twitter_card":"summary_large_image","twitter_misc":{"Est. reading time":"2 minutos"},"schema":{"@context":"https:\/\/schema.org","@graph":[{"@type":"Article","@id":"https:\/\/noticiasya.com\/2024\/10\/22\/exdelantero-manchester-united-tenis-profesional-trax\/#article","isPartOf":{"@id":"https:\/\/noticiasya.com\/2024\/10\/22\/exdelantero-manchester-united-tenis-profesional-trax\/"},"author":{"name":"","@id":""},"headline":"El exfutbolista Diego Forl\u00e1n debutar\u00e1 en el tenis profesional","datePublished":"2024-10-22T16:03:38+00:00","mainEntityOfPage":{"@id":"https:\/\/noticiasya.com\/2024\/10\/22\/exdelantero-manchester-united-tenis-profesional-trax\/"},"wordCount":383,"commentCount":0,"publisher":{"@id":"https:\/\/noticiasya.com\/#organization"},"articleSection":["Noticias Nacionales"],"inLanguage":"es","potentialAction":[{"@type":"CommentAction","name":"Comment","target":["https:\/\/noticiasya.com\/2024\/10\/22\/exdelantero-manchester-united-tenis-profesional-trax\/#respond"]}]},{"@type":"WebPage","@id":"https:\/\/noticiasya.com\/2024\/10\/22\/exdelantero-manchester-united-tenis-profesional-trax\/","url":"https:\/\/noticiasya.com\/2024\/10\/22\/exdelantero-manchester-united-tenis-profesional-trax\/","name":"El exfutbolista Diego Forl\u00e1n debutar\u00e1 en el tenis profesional - Noticias","isPartOf":{"@id":"https:\/\/noticiasya.com\/#website"},"datePublished":"2024-10-22T16:03:38+00:00","breadcrumb":{"@id":"https:\/\/noticiasya.com\/2024\/10\/22\/exdelantero-manchester-united-tenis-profesional-trax\/#breadcrumb"},"inLanguage":"es","potentialAction":[{"@type":"ReadAction","target":["https:\/\/noticiasya.com\/2024\/10\/22\/exdelantero-manchester-united-tenis-profesional-trax\/"]}]},{"@type":"BreadcrumbList","@id":"https:\/\/noticiasya.com\/2024\/10\/22\/exdelantero-manchester-united-tenis-profesional-trax\/#breadcrumb","itemListElement":[{"@type":"ListItem","position":1,"name":"Home","item":"https:\/\/noticiasya.com\/"},{"@type":"ListItem","position":2,"name":"El exfutbolista Diego Forl\u00e1n debutar\u00e1 en el tenis profesional"}]},{"@type":"WebSite","@id":"https:\/\/noticiasya.com\/#website","url":"https:\/\/noticiasya.com\/","name":"Noticias","description":"Lo que importa","publisher":{"@id":"https:\/\/noticiasya.com\/#organization"},"potentialAction":[{"@type":"SearchAction","target":{"@type":"EntryPoint","urlTemplate":"https:\/\/noticiasya.com\/?s={search_term_string}"},"query-input":{"@type":"PropertyValueSpecification","valueRequired":true,"valueName":"search_term_string"}}],"inLanguage":"es"},{"@type":"Organization","@id":"https:\/\/noticiasya.com\/#organization","name":"Noticias","url":"https:\/\/noticiasya.com\/","logo":{"@type":"ImageObject","inLanguage":"es","@id":"https:\/\/noticiasya.com\/#\/schema\/logo\/image\/","url":"https:\/\/noticiasya.com\/wp-content\/uploads\/sites\/22\/2023\/12\/logo-nacional.png","contentUrl":"https:\/\/noticiasya.com\/wp-content\/uploads\/sites\/22\/2023\/12\/logo-nacional.png","width":1801,"height":691,"caption":"Noticias"},"image":{"@id":"https:\/\/noticiasya.com\/#\/schema\/logo\/image\/"}}]}},"parsely":{"version":"1.1.0","canonical_url":"https:\/\/noticiasya.com\/midland-odessa\/2024\/10\/22\/exdelantero-manchester-united-tenis-profesional-trax\/","smart_links":{"inbound":0,"outbound":0},"traffic_boost_suggestions_count":0,"meta":{"@context":"https:\/\/schema.org","@type":"NewsArticle","headline":"El exfutbolista Diego Forl\u00e1n debutar\u00e1 en el tenis profesional","url":"http:\/\/noticiasya.com\/midland-odessa\/2024\/10\/22\/exdelantero-manchester-united-tenis-profesional-trax\/","mainEntityOfPage":{"@type":"WebPage","@id":"http:\/\/noticiasya.com\/midland-odessa\/2024\/10\/22\/exdelantero-manchester-united-tenis-profesional-trax\/"},"thumbnailUrl":"","image":{"@type":"ImageObject","url":""},"articleSection":"Noticias Nacionales","author":[],"creator":[],"publisher":{"@type":"Organization","name":"Noticias","logo":""},"keywords":[],"dateCreated":"2024-10-22T16:03:38Z","datePublished":"2024-10-22T16:03:38Z","dateModified":"2024-10-22T16:03:38Z"},"rendered":"<script type=\"application\/ld+json\" class=\"wp-parsely-metadata\">{\"@context\":\"https:\\\/\\\/schema.org\",\"@type\":\"NewsArticle\",\"headline\":\"El exfutbolista Diego Forl\\u00e1n debutar\\u00e1 en el tenis profesional\",\"url\":\"http:\\\/\\\/noticiasya.com\\\/midland-odessa\\\/2024\\\/10\\\/22\\\/exdelantero-manchester-united-tenis-profesional-trax\\\/\",\"mainEntityOfPage\":{\"@type\":\"WebPage\",\"@id\":\"http:\\\/\\\/noticiasya.com\\\/midland-odessa\\\/2024\\\/10\\\/22\\\/exdelantero-manchester-united-tenis-profesional-trax\\\/\"},\"thumbnailUrl\":\"\",\"image\":{\"@type\":\"ImageObject\",\"url\":\"\"},\"articleSection\":\"Noticias Nacionales\",\"author\":[],\"creator\":[],\"publisher\":{\"@type\":\"Organization\",\"name\":\"Noticias\",\"logo\":\"\"},\"keywords\":[],\"dateCreated\":\"2024-10-22T16:03:38Z\",\"datePublished\":\"2024-10-22T16:03:38Z\",\"dateModified\":\"2024-10-22T16:03:38Z\"}<\/script>","tracker_url":"https:\/\/cdn.parsely.com\/keys\/noticiasya.com\/p.js"},"jetpack_featured_media_url":"","jetpack-related-posts":[{"id":1470153,"url":"https:\/\/noticiasya.com\/midland-odessa\/2026\/01\/16\/sinner-alcaraz-sabalenka-open-australia-orix\/","url_meta":{"origin":1455293,"position":0},"title":"Con Sinner, Alcaraz y Sabalenka como favoritos, arranca el Open de Australia","author":"","date":"enero 16, 2026","format":false,"excerpt":"El tenis tendr\u00e1 desde este fin de semana el comienzo de la primera gran atracci\u00f3n de la temporada 2026. Es el Open de Australia, que durante dos semanas mostrar\u00e1 a las mejores raquetas femeninas y masculinas, con un ambiente que desbordar\u00e1 pasi\u00f3n ten\u00edstica como lo hacen cada temporada los entusiastas\u2026","rel":"","context":"In &quot;Noticias Nacionales&quot;","block_context":{"text":"Noticias Nacionales","link":"https:\/\/noticiasya.com\/midland-odessa\/categoria\/noticias-nacionales"},"img":{"alt_text":"","src":"","width":0,"height":0},"classes":[]},{"id":1467317,"url":"https:\/\/noticiasya.com\/midland-odessa\/2025\/10\/12\/valentin-vacherot-djokovic-primo-masters-shanghai-trax\/","url_meta":{"origin":1455293,"position":1},"title":"El mejor fin de semana de su vida: el 204\u00b0 del mundo venci\u00f3 a Djokovic y a su propio primo para ganar el Masters de Shangh\u00e1i","author":"","date":"octubre 12, 2025","format":false,"excerpt":"De todas las rachas que Valentin Vacherot podr\u00eda haber emprendido para ganar su primer gran torneo de tenis, esta fue sin duda la m\u00e1s improbable.El n\u00famero 204 del mundo tuvo que sortear la fase de clasificaci\u00f3n para siquiera llegar al Masters de Shangh\u00e1i, y luego derrotar a cuatro jugadores, todos\u2026","rel":"","context":"In &quot;Noticias Nacionales&quot;","block_context":{"text":"Noticias Nacionales","link":"https:\/\/noticiasya.com\/midland-odessa\/categoria\/noticias-nacionales"},"img":{"alt_text":"","src":"","width":0,"height":0},"classes":[]},{"id":1462760,"url":"https:\/\/noticiasya.com\/midland-odessa\/2025\/05\/24\/novak-djokovic-gana-100-titulos-atp-tenis-trax\/","url_meta":{"origin":1455293,"position":2},"title":"Novak Djokovic se convierte en el tercer hombre en la historia en ganar 100 t\u00edtulos ATP tras vencer a Hubert Hurkacz","author":"","date":"mayo 24, 2025","format":false,"excerpt":"Novak Djokovic se convirti\u00f3 este s\u00e1bado en apenas el tercer hombre en la Era Abierta en ganar 100 t\u00edtulos individuales de la ATP, al derrotar a Hubert Hurkacz 5-7, 7-6 (7-2), 7-6 (7-2) en la final del Abierto de Ginebra.El ganador de 24 t\u00edtulos Grand Slam se une a Jimmy\u2026","rel":"","context":"In &quot;Noticias Nacionales&quot;","block_context":{"text":"Noticias Nacionales","link":"https:\/\/noticiasya.com\/midland-odessa\/categoria\/noticias-nacionales"},"img":{"alt_text":"","src":"","width":0,"height":0},"classes":[]},{"id":1451356,"url":"https:\/\/noticiasya.com\/midland-odessa\/2024\/07\/23\/andy-murray-confirma-que-se-retirara-tras-los-juegos-olimpicos-de-paris-trax\/","url_meta":{"origin":1455293,"position":3},"title":"Andy Murray confirma que se retirar\u00e1 tras los Juegos Ol\u00edmpicos de Par\u00eds","author":"","date":"julio 23, 2024","format":false,"excerpt":"(CNN) -- Andy Murray confirm\u00f3 que se retirar\u00e1 del tenis profesional despu\u00e9s de los Juegos Ol\u00edmpicos de Par\u00eds , diciendo que ser\u00e1 su \u201c\u00faltimo torneo de tenis\u201d.El tenista de 37 a\u00f1os, tres veces campe\u00f3n de Grand Slam, participar\u00e1 en sus quintos Juegos y es el \u00fanico hombre en la historia\u2026","rel":"","context":"In &quot;Noticias Nacionales&quot;","block_context":{"text":"Noticias Nacionales","link":"https:\/\/noticiasya.com\/midland-odessa\/categoria\/noticias-nacionales"},"img":{"alt_text":"","src":"","width":0,"height":0},"classes":[]},{"id":1468243,"url":"https:\/\/noticiasya.com\/midland-odessa\/2025\/11\/11\/jannik-sinner-carlos-alcaraz-atp-finals-orix\/","url_meta":{"origin":1455293,"position":4},"title":"&#171;Lo veo m\u00e1s que a mi madre&#187;: Sinner y Alcaraz hablan con CNN antes de alimentar la rivalidad \u2018Sincaraz\u2019 en el ATP Finals","author":"","date":"noviembre 11, 2025","format":false,"excerpt":"\u00bfQu\u00e9 sucede cuando una fuerza imparable se encuentra con un objeto inamovible?Ambos son igualmente poderosos, considerados indestructibles, y cuando se encuentran, las leyes de la f\u00edsica se ponen a prueba hasta sus l\u00edmites.Durante dos a\u00f1os, Jannik Sinner y Carlos Alcaraz han sido las figuras dominantes del tenis, redefiniendo los l\u00edmites\u2026","rel":"","context":"In &quot;Noticias Nacionales&quot;","block_context":{"text":"Noticias Nacionales","link":"https:\/\/noticiasya.com\/midland-odessa\/categoria\/noticias-nacionales"},"img":{"alt_text":"","src":"","width":0,"height":0},"classes":[]},{"id":1469911,"url":"https:\/\/noticiasya.com\/midland-odessa\/2026\/01\/08\/tenista-abdelkader-kenya-jugo-mal-viral-trax\/","url_meta":{"origin":1455293,"position":5},"title":"Una tenista jug\u00f3 tan mal que se hizo viral: parec\u00eda que era la primera vez que agarraba una raqueta","author":"","date":"enero 8, 2026","format":false,"excerpt":"Podr\u00eda haber sido un partido de tenis que pasara desapercibido. En cambio, se hizo viral instant\u00e1neamente en internet.La primera ronda del torneo W35 de la Federaci\u00f3n Internacional de Tenis, disputada en una cancha de tierra batida en Nairobi, Kenya, normalmente no causar\u00eda gran revuelo en el mundo del tenis, pero\u2026","rel":"","context":"In &quot;Noticias Nacionales&quot;","block_context":{"text":"Noticias Nacionales","link":"https:\/\/noticiasya.com\/midland-odessa\/categoria\/noticias-nacionales"},"img":{"alt_text":"","src":"","width":0,"height":0},"classes":[]}],"jetpack_sharing_enabled":true,"_links":{"self":[{"href":"https:\/\/noticiasya.com\/midland-odessa\/wp-json\/wp\/v2\/posts\/1455293","targetHints":{"allow":["GET"]}}],"collection":[{"href":"https:\/\/noticiasya.com\/midland-odessa\/wp-json\/wp\/v2\/posts"}],"about":[{"href":"https:\/\/noticiasya.com\/midland-odessa\/wp-json\/wp\/v2\/types\/post"}],"replies":[{"embeddable":true,"href":"https:\/\/noticiasya.com\/midland-odessa\/wp-json\/wp\/v2\/comments?post=1455293"}],"version-history":[{"count":0,"href":"https:\/\/noticiasya.com\/midland-odessa\/wp-json\/wp\/v2\/posts\/1455293\/revisions"}],"wp:attachment":[{"href":"https:\/\/noticiasya.com\/midland-odessa\/wp-json\/wp\/v2\/media?parent=1455293"}],"wp:term":[{"taxonomy":"category","embeddable":true,"href":"https:\/\/noticiasya.com\/midland-odessa\/wp-json\/wp\/v2\/categories?post=1455293"},{"taxonomy":"post_tag","embeddable":true,"href":"https:\/\/noticiasya.com\/midland-odessa\/wp-json\/wp\/v2\/tags?post=1455293"}],"curies":[{"name":"wp","href":"https:\/\/api.w.org\/{rel}","templated":true}]}}