{"id":1455301,"date":"2024-10-22T20:03:49","date_gmt":"2024-10-23T03:03:49","guid":{"rendered":"https:\/\/noticiasya.com\/2024\/10\/22\/juristas-corte-mexico-opinion-tecnica-reforma-judicial-orix\/"},"modified":"2024-10-22T20:03:49","modified_gmt":"2024-10-23T03:03:49","slug":"juristas-corte-mexico-opinion-tecnica-reforma-judicial-orix","status":"publish","type":"post","link":"https:\/\/noticiasya.com\/midland-odessa\/2024\/10\/22\/juristas-corte-mexico-opinion-tecnica-reforma-judicial-orix\/","title":{"rendered":"50 juristas hispanoamericanos presentan a la Suprema Corte de M\u00e9xico opini\u00f3n t\u00e9cnica contra la reforma judicial"},"content":{"rendered":"<p>(CNN Espa\u00f1ol) \u2013\u2013 Un grupo de 50 acad\u00e9micos en derecho de diferentes universidades hispanoamericanas presentaron ante la Suprema Corte de Justicia de la Naci\u00f3n de M\u00e9xico una opini\u00f3n t\u00e9cnica conocida como &#171;amiga de la corte&#187; o amicus curia donde ofrecen argumentos contra la controvertida reforma judicial recientemente decretada, tras su aprobaci\u00f3n por el Legislativo a iniciativa del Gobierno.<\/p>\n<p>En el escrito, un informe presentado por partes ajenas a un litigio pero con inter\u00e9s en la materia \u2013como define el propio tribunal\u2013, los especialistas argumentan que &#171;es el momento apropiado&#187; para que la Suprema Corte aborde el control judicial de las reformas constitucionales, es decir, de examinar la validez de estas por motivos de forma o fondo. Tambi\u00e9n plantean la necesidad de que la Corte haga efectivo un control judicial a los procedimientos de los \u00f3rganos con facultades para reformar la Constituci\u00f3n, y que en este caso tendr\u00eda que hacerlo a partir de una &#171;presunci\u00f3n de inconstitucionalidad\u201d.<\/p>\n<p>En el an\u00e1lisis se comparan casos de Colombia, Brasil, Argentina, Ecuador y Per\u00fa, donde las cortes constitucionales de esos pa\u00edses ejercieron control de constitucionalidad de varias reformas.<\/p>\n<p>Jueza dice que el Gobierno de M\u00e9xico fue omiso en juicio de amparo contra la reforma judicial<\/p>\n<p>Por ejemplo, los investigadores plantean que algunos de los cambios de la reforma de M\u00e9xico no ofrecen \u201csuficientes garant\u00edas de independencia, imparcialidad, capacidad e integridad profesional\u201d en el Poder Judicial, por lo que son \u201cmucho m\u00e1s radicales y definitivos\u201d que algunos cambios que en Colombia la Corte Constitucional ha invalidado \u201cpor considerar que no reforman sino que sustituyen la Constituci\u00f3n\u201d.<\/p>\n<p>La Suprema Corte de Justicia de la Naci\u00f3n de M\u00e9xico aprob\u00f3 el 3 de octubre revisar la reforma al Poder Judicial, que fue publicada en el Diario Oficial de la Federaci\u00f3n el 15 de septiembre. Por mayor\u00eda de ocho votos a favor y tres en contra, el Pleno del m\u00e1ximo tribunal admiti\u00f3 el an\u00e1lisis de constitucionalidad solicitado por un grupo de jueces y magistrados, cargos que bajo esta reforma podr\u00e1n ser electos por voto popular a partir de 2025. El proyecto aprobado argumenta que la Corte tiene el mandato de \u201cvelar por la autonom\u00eda e independencia de los \u00f3rganos e integrantes de la Judicatura federal\u201d.<\/p>\n<p>La presidenta de M\u00e9xico, Claudia Sheinbaum, ha desestimado esta revisi\u00f3n, por considerar que \u201cno tiene sustento\u201d y que la reforma judicial no peligra. CNN solicit\u00f3 a la Presidencia y a la Suprema Corte una reacci\u00f3n sobre la presentaci\u00f3n de los juristas, pero hasta el momento no ha recibido respuesta.<\/p>\n<p>The-CNN-Wire<br \/>&trade; &amp; &copy; 2024 Cable News Network, Inc., a Warner Bros. Discovery Company. All rights reserved.<\/p>\n","protected":false},"excerpt":{"rendered":"<p>(CNN Espa\u00f1ol) \u2013\u2013 Un grupo de 50 acad\u00e9micos en derecho de diferentes universidades hispanoamericanas presentaron ante la Suprema Corte de Justicia de la Naci\u00f3n de M\u00e9xico una opini\u00f3n t\u00e9cnica conocida como &#171;amiga de la corte&#187; o amicus curia donde ofrecen argumentos contra la controvertida reforma judicial recientemente decretada, tras su aprobaci\u00f3n por el Legislativo a [&hellip;]<\/p>\n","protected":false},"author":0,"featured_media":0,"comment_status":"open","ping_status":"open","sticky":false,"template":"","format":"standard","meta":{"_jetpack_memberships_contains_paid_content":false,"footnotes":""},"categories":[10],"tags":[],"class_list":["post-1455301","post","type-post","status-publish","format-standard","hentry","category-noticias-nacionales","market-global"],"yoast_head":"<!-- This site is optimized with the Yoast SEO plugin v24.4 - https:\/\/yoast.com\/wordpress\/plugins\/seo\/ -->\n<title>50 juristas hispanoamericanos presentan a la Suprema Corte de M\u00e9xico opini\u00f3n t\u00e9cnica contra la reforma judicial - Noticias<\/title>\n<meta name=\"robots\" content=\"index, follow, max-snippet:-1, max-image-preview:large, max-video-preview:-1\" \/>\n<link rel=\"canonical\" href=\"https:\/\/noticiasya.com\/2024\/10\/22\/juristas-corte-mexico-opinion-tecnica-reforma-judicial-orix\/\" \/>\n<meta property=\"og:locale\" content=\"es_ES\" \/>\n<meta property=\"og:type\" content=\"article\" \/>\n<meta property=\"og:title\" content=\"50 juristas hispanoamericanos presentan a la Suprema Corte de M\u00e9xico opini\u00f3n t\u00e9cnica contra la reforma judicial - Noticias\" \/>\n<meta property=\"og:description\" content=\"(CNN Espa\u00f1ol) \u2013\u2013 Un grupo de 50 acad\u00e9micos en derecho de diferentes universidades hispanoamericanas presentaron ante la Suprema Corte de Justicia de la Naci\u00f3n de M\u00e9xico una opini\u00f3n t\u00e9cnica conocida como &#171;amiga de la corte&#187; o amicus curia donde ofrecen argumentos contra la controvertida reforma judicial recientemente decretada, tras su aprobaci\u00f3n por el Legislativo a [&hellip;]\" \/>\n<meta property=\"og:url\" content=\"https:\/\/noticiasya.com\/2024\/10\/22\/juristas-corte-mexico-opinion-tecnica-reforma-judicial-orix\/\" \/>\n<meta property=\"og:site_name\" content=\"Noticias\" \/>\n<meta property=\"article:published_time\" content=\"2024-10-23T03:03:49+00:00\" \/>\n<meta name=\"twitter:card\" content=\"summary_large_image\" \/>\n<meta name=\"twitter:label1\" content=\"Est. reading time\" \/>\n\t<meta name=\"twitter:data1\" content=\"2 minutos\" \/>\n<script type=\"application\/ld+json\" class=\"yoast-schema-graph\">{\"@context\":\"https:\/\/schema.org\",\"@graph\":[{\"@type\":\"Article\",\"@id\":\"https:\/\/noticiasya.com\/2024\/10\/22\/juristas-corte-mexico-opinion-tecnica-reforma-judicial-orix\/#article\",\"isPartOf\":{\"@id\":\"https:\/\/noticiasya.com\/2024\/10\/22\/juristas-corte-mexico-opinion-tecnica-reforma-judicial-orix\/\"},\"author\":{\"name\":\"\",\"@id\":\"\"},\"headline\":\"50 juristas hispanoamericanos presentan a la Suprema Corte de M\u00e9xico opini\u00f3n t\u00e9cnica contra la reforma judicial\",\"datePublished\":\"2024-10-23T03:03:49+00:00\",\"mainEntityOfPage\":{\"@id\":\"https:\/\/noticiasya.com\/2024\/10\/22\/juristas-corte-mexico-opinion-tecnica-reforma-judicial-orix\/\"},\"wordCount\":474,\"commentCount\":0,\"publisher\":{\"@id\":\"https:\/\/noticiasya.com\/#organization\"},\"articleSection\":[\"Noticias Nacionales\"],\"inLanguage\":\"es\",\"potentialAction\":[{\"@type\":\"CommentAction\",\"name\":\"Comment\",\"target\":[\"https:\/\/noticiasya.com\/2024\/10\/22\/juristas-corte-mexico-opinion-tecnica-reforma-judicial-orix\/#respond\"]}]},{\"@type\":\"WebPage\",\"@id\":\"https:\/\/noticiasya.com\/2024\/10\/22\/juristas-corte-mexico-opinion-tecnica-reforma-judicial-orix\/\",\"url\":\"https:\/\/noticiasya.com\/2024\/10\/22\/juristas-corte-mexico-opinion-tecnica-reforma-judicial-orix\/\",\"name\":\"50 juristas hispanoamericanos presentan a la Suprema Corte de M\u00e9xico opini\u00f3n t\u00e9cnica contra la reforma judicial - Noticias\",\"isPartOf\":{\"@id\":\"https:\/\/noticiasya.com\/#website\"},\"datePublished\":\"2024-10-23T03:03:49+00:00\",\"breadcrumb\":{\"@id\":\"https:\/\/noticiasya.com\/2024\/10\/22\/juristas-corte-mexico-opinion-tecnica-reforma-judicial-orix\/#breadcrumb\"},\"inLanguage\":\"es\",\"potentialAction\":[{\"@type\":\"ReadAction\",\"target\":[\"https:\/\/noticiasya.com\/2024\/10\/22\/juristas-corte-mexico-opinion-tecnica-reforma-judicial-orix\/\"]}]},{\"@type\":\"BreadcrumbList\",\"@id\":\"https:\/\/noticiasya.com\/2024\/10\/22\/juristas-corte-mexico-opinion-tecnica-reforma-judicial-orix\/#breadcrumb\",\"itemListElement\":[{\"@type\":\"ListItem\",\"position\":1,\"name\":\"Home\",\"item\":\"https:\/\/noticiasya.com\/\"},{\"@type\":\"ListItem\",\"position\":2,\"name\":\"50 juristas hispanoamericanos presentan a la Suprema Corte de M\u00e9xico opini\u00f3n t\u00e9cnica contra la reforma judicial\"}]},{\"@type\":\"WebSite\",\"@id\":\"https:\/\/noticiasya.com\/#website\",\"url\":\"https:\/\/noticiasya.com\/\",\"name\":\"Noticias\",\"description\":\"Lo que importa\",\"publisher\":{\"@id\":\"https:\/\/noticiasya.com\/#organization\"},\"potentialAction\":[{\"@type\":\"SearchAction\",\"target\":{\"@type\":\"EntryPoint\",\"urlTemplate\":\"https:\/\/noticiasya.com\/?s={search_term_string}\"},\"query-input\":{\"@type\":\"PropertyValueSpecification\",\"valueRequired\":true,\"valueName\":\"search_term_string\"}}],\"inLanguage\":\"es\"},{\"@type\":\"Organization\",\"@id\":\"https:\/\/noticiasya.com\/#organization\",\"name\":\"Noticias\",\"url\":\"https:\/\/noticiasya.com\/\",\"logo\":{\"@type\":\"ImageObject\",\"inLanguage\":\"es\",\"@id\":\"https:\/\/noticiasya.com\/#\/schema\/logo\/image\/\",\"url\":\"https:\/\/noticiasya.com\/wp-content\/uploads\/sites\/22\/2023\/12\/logo-nacional.png\",\"contentUrl\":\"https:\/\/noticiasya.com\/wp-content\/uploads\/sites\/22\/2023\/12\/logo-nacional.png\",\"width\":1801,\"height\":691,\"caption\":\"Noticias\"},\"image\":{\"@id\":\"https:\/\/noticiasya.com\/#\/schema\/logo\/image\/\"}}]}<\/script>\n<!-- \/ Yoast SEO plugin. -->","yoast_head_json":{"title":"50 juristas hispanoamericanos presentan a la Suprema Corte de M\u00e9xico opini\u00f3n t\u00e9cnica contra la reforma judicial - Noticias","robots":{"index":"index","follow":"follow","max-snippet":"max-snippet:-1","max-image-preview":"max-image-preview:large","max-video-preview":"max-video-preview:-1"},"canonical":"https:\/\/noticiasya.com\/2024\/10\/22\/juristas-corte-mexico-opinion-tecnica-reforma-judicial-orix\/","og_locale":"es_ES","og_type":"article","og_title":"50 juristas hispanoamericanos presentan a la Suprema Corte de M\u00e9xico opini\u00f3n t\u00e9cnica contra la reforma judicial - Noticias","og_description":"(CNN Espa\u00f1ol) \u2013\u2013 Un grupo de 50 acad\u00e9micos en derecho de diferentes universidades hispanoamericanas presentaron ante la Suprema Corte de Justicia de la Naci\u00f3n de M\u00e9xico una opini\u00f3n t\u00e9cnica conocida como &#171;amiga de la corte&#187; o amicus curia donde ofrecen argumentos contra la controvertida reforma judicial recientemente decretada, tras su aprobaci\u00f3n por el Legislativo a [&hellip;]","og_url":"https:\/\/noticiasya.com\/2024\/10\/22\/juristas-corte-mexico-opinion-tecnica-reforma-judicial-orix\/","og_site_name":"Noticias","article_published_time":"2024-10-23T03:03:49+00:00","twitter_card":"summary_large_image","twitter_misc":{"Est. reading time":"2 minutos"},"schema":{"@context":"https:\/\/schema.org","@graph":[{"@type":"Article","@id":"https:\/\/noticiasya.com\/2024\/10\/22\/juristas-corte-mexico-opinion-tecnica-reforma-judicial-orix\/#article","isPartOf":{"@id":"https:\/\/noticiasya.com\/2024\/10\/22\/juristas-corte-mexico-opinion-tecnica-reforma-judicial-orix\/"},"author":{"name":"","@id":""},"headline":"50 juristas hispanoamericanos presentan a la Suprema Corte de M\u00e9xico opini\u00f3n t\u00e9cnica contra la reforma judicial","datePublished":"2024-10-23T03:03:49+00:00","mainEntityOfPage":{"@id":"https:\/\/noticiasya.com\/2024\/10\/22\/juristas-corte-mexico-opinion-tecnica-reforma-judicial-orix\/"},"wordCount":474,"commentCount":0,"publisher":{"@id":"https:\/\/noticiasya.com\/#organization"},"articleSection":["Noticias Nacionales"],"inLanguage":"es","potentialAction":[{"@type":"CommentAction","name":"Comment","target":["https:\/\/noticiasya.com\/2024\/10\/22\/juristas-corte-mexico-opinion-tecnica-reforma-judicial-orix\/#respond"]}]},{"@type":"WebPage","@id":"https:\/\/noticiasya.com\/2024\/10\/22\/juristas-corte-mexico-opinion-tecnica-reforma-judicial-orix\/","url":"https:\/\/noticiasya.com\/2024\/10\/22\/juristas-corte-mexico-opinion-tecnica-reforma-judicial-orix\/","name":"50 juristas hispanoamericanos presentan a la Suprema Corte de M\u00e9xico opini\u00f3n t\u00e9cnica contra la reforma judicial - Noticias","isPartOf":{"@id":"https:\/\/noticiasya.com\/#website"},"datePublished":"2024-10-23T03:03:49+00:00","breadcrumb":{"@id":"https:\/\/noticiasya.com\/2024\/10\/22\/juristas-corte-mexico-opinion-tecnica-reforma-judicial-orix\/#breadcrumb"},"inLanguage":"es","potentialAction":[{"@type":"ReadAction","target":["https:\/\/noticiasya.com\/2024\/10\/22\/juristas-corte-mexico-opinion-tecnica-reforma-judicial-orix\/"]}]},{"@type":"BreadcrumbList","@id":"https:\/\/noticiasya.com\/2024\/10\/22\/juristas-corte-mexico-opinion-tecnica-reforma-judicial-orix\/#breadcrumb","itemListElement":[{"@type":"ListItem","position":1,"name":"Home","item":"https:\/\/noticiasya.com\/"},{"@type":"ListItem","position":2,"name":"50 juristas hispanoamericanos presentan a la Suprema Corte de M\u00e9xico opini\u00f3n t\u00e9cnica contra la reforma judicial"}]},{"@type":"WebSite","@id":"https:\/\/noticiasya.com\/#website","url":"https:\/\/noticiasya.com\/","name":"Noticias","description":"Lo que importa","publisher":{"@id":"https:\/\/noticiasya.com\/#organization"},"potentialAction":[{"@type":"SearchAction","target":{"@type":"EntryPoint","urlTemplate":"https:\/\/noticiasya.com\/?s={search_term_string}"},"query-input":{"@type":"PropertyValueSpecification","valueRequired":true,"valueName":"search_term_string"}}],"inLanguage":"es"},{"@type":"Organization","@id":"https:\/\/noticiasya.com\/#organization","name":"Noticias","url":"https:\/\/noticiasya.com\/","logo":{"@type":"ImageObject","inLanguage":"es","@id":"https:\/\/noticiasya.com\/#\/schema\/logo\/image\/","url":"https:\/\/noticiasya.com\/wp-content\/uploads\/sites\/22\/2023\/12\/logo-nacional.png","contentUrl":"https:\/\/noticiasya.com\/wp-content\/uploads\/sites\/22\/2023\/12\/logo-nacional.png","width":1801,"height":691,"caption":"Noticias"},"image":{"@id":"https:\/\/noticiasya.com\/#\/schema\/logo\/image\/"}}]}},"parsely":{"version":"1.1.0","canonical_url":"https:\/\/noticiasya.com\/midland-odessa\/2024\/10\/22\/juristas-corte-mexico-opinion-tecnica-reforma-judicial-orix\/","smart_links":{"inbound":0,"outbound":0},"traffic_boost_suggestions_count":0,"meta":{"@context":"https:\/\/schema.org","@type":"NewsArticle","headline":"50 juristas hispanoamericanos presentan a la Suprema Corte de M\u00e9xico opini\u00f3n t\u00e9cnica contra la reforma judicial","url":"http:\/\/noticiasya.com\/midland-odessa\/2024\/10\/22\/juristas-corte-mexico-opinion-tecnica-reforma-judicial-orix\/","mainEntityOfPage":{"@type":"WebPage","@id":"http:\/\/noticiasya.com\/midland-odessa\/2024\/10\/22\/juristas-corte-mexico-opinion-tecnica-reforma-judicial-orix\/"},"thumbnailUrl":"","image":{"@type":"ImageObject","url":""},"articleSection":"Noticias Nacionales","author":[],"creator":[],"publisher":{"@type":"Organization","name":"Noticias","logo":""},"keywords":[],"dateCreated":"2024-10-23T03:03:49Z","datePublished":"2024-10-23T03:03:49Z","dateModified":"2024-10-23T03:03:49Z"},"rendered":"<script type=\"application\/ld+json\" class=\"wp-parsely-metadata\">{\"@context\":\"https:\\\/\\\/schema.org\",\"@type\":\"NewsArticle\",\"headline\":\"50 juristas hispanoamericanos presentan a la Suprema Corte de M\\u00e9xico opini\\u00f3n t\\u00e9cnica contra la reforma judicial\",\"url\":\"http:\\\/\\\/noticiasya.com\\\/midland-odessa\\\/2024\\\/10\\\/22\\\/juristas-corte-mexico-opinion-tecnica-reforma-judicial-orix\\\/\",\"mainEntityOfPage\":{\"@type\":\"WebPage\",\"@id\":\"http:\\\/\\\/noticiasya.com\\\/midland-odessa\\\/2024\\\/10\\\/22\\\/juristas-corte-mexico-opinion-tecnica-reforma-judicial-orix\\\/\"},\"thumbnailUrl\":\"\",\"image\":{\"@type\":\"ImageObject\",\"url\":\"\"},\"articleSection\":\"Noticias Nacionales\",\"author\":[],\"creator\":[],\"publisher\":{\"@type\":\"Organization\",\"name\":\"Noticias\",\"logo\":\"\"},\"keywords\":[],\"dateCreated\":\"2024-10-23T03:03:49Z\",\"datePublished\":\"2024-10-23T03:03:49Z\",\"dateModified\":\"2024-10-23T03:03:49Z\"}<\/script>","tracker_url":"https:\/\/cdn.parsely.com\/keys\/noticiasya.com\/p.js"},"jetpack_featured_media_url":"","jetpack-related-posts":[{"id":1452397,"url":"https:\/\/noticiasya.com\/midland-odessa\/2024\/09\/03\/suprema-corte-justicia-mexico-suspende-actividades-protesta-reforma-judicial-orix\/","url_meta":{"origin":1455301,"position":0},"title":"Suprema Corte de Justicia de M\u00e9xico suspende actividades en protesta a discusi\u00f3n de reforma judicial","author":"","date":"septiembre 3, 2024","format":false,"excerpt":"(CNN Espa\u00f1ol) --\u00a0La Suprema Corte de Justicia de M\u00e9xico determin\u00f3 este martes en sesi\u00f3n privada la suspensi\u00f3n de actividades en apoyo al paro de labores que llevan adelante los trabajadores del Poder Judicial, inform\u00f3 el m\u00e1ximo tribunal de justicia.Con ocho votos a favor del paro y tres en contra, se\u2026","rel":"","context":"In &quot;Noticias Nacionales&quot;","block_context":{"text":"Noticias Nacionales","link":"https:\/\/noticiasya.com\/midland-odessa\/categoria\/noticias-nacionales"},"img":{"alt_text":"","src":"","width":0,"height":0},"classes":[]},{"id":1458396,"url":"https:\/\/noticiasya.com\/midland-odessa\/2025\/02\/07\/suprema-corte-rechaza-candidatos-eleccion-judicial-orix\/","url_meta":{"origin":1455301,"position":1},"title":"Suprema Corte de M\u00e9xico rechaza a casi 1.000 candidatos a Elecci\u00f3n Judicial seleccionados por el Senado mediante sorteo","author":"","date":"febrero 7, 2025","format":false,"excerpt":"La Suprema Corte de Justicia de M\u00e9xico rechaz\u00f3 este jueves un listado de casi 1.000 aspirantes a personas juzgadoras que le envi\u00f3 el Senado mexicano para la Elecci\u00f3n Judicial del pr\u00f3ximo 1 de junio, y que result\u00f3 del proceso de insaculaci\u00f3n o sorteo realizado por la Mesa Directiva de la\u2026","rel":"","context":"In &quot;Noticias Nacionales&quot;","block_context":{"text":"Noticias Nacionales","link":"https:\/\/noticiasya.com\/midland-odessa\/categoria\/noticias-nacionales"},"img":{"alt_text":"","src":"","width":0,"height":0},"classes":[]},{"id":1452534,"url":"https:\/\/noticiasya.com\/midland-odessa\/2024\/09\/08\/corte-justicia-propuesta-reforma-integral-mexico-orix\/","url_meta":{"origin":1455301,"position":2},"title":"Suprema Corte de Justicia presenta la propuesta \u201cReforma integral al sistema de Justicia en M\u00e9xico\u201d","author":"","date":"septiembre 8, 2024","format":false,"excerpt":"(CNN Espa\u00f1ol) \u2013\u2013 La Suprema Corte de Justicia de M\u00e9xico anunci\u00f3 este domingo la propuesta \u201cReforma integral al sistema de justicia en M\u00e9xico: desaf\u00edos y propuestas\u201d, justo el mismo d\u00eda en que el Senado inici\u00f3 la discusi\u00f3n de la reforma al Poder Judicial propuesta por el presidente Andr\u00e9s Manuel L\u00f3pez\u2026","rel":"","context":"In &quot;Noticias Nacionales&quot;","block_context":{"text":"Noticias Nacionales","link":"https:\/\/noticiasya.com\/midland-odessa\/categoria\/noticias-nacionales"},"img":{"alt_text":"","src":"","width":0,"height":0},"classes":[]},{"id":1455596,"url":"https:\/\/noticiasya.com\/midland-odessa\/2024\/11\/05\/suprema-corte-justicia-desestima-proyecto-invalidar-reforma-judicial-mexico-orix\/","url_meta":{"origin":1455301,"position":3},"title":"Por falta de mayor\u00eda calificada, la Suprema Corte de Justicia de M\u00e9xico desestima proyecto que propon\u00eda invalidar en parte la reforma judicial","author":"","date":"noviembre 5, 2024","format":false,"excerpt":"(CNN Espa\u00f1ol) -- La Suprema Corte de Justicia de la Naci\u00f3n desestim\u00f3 este martes el proyecto de sentencia de uno de sus ministros que propon\u00eda invalidar parcialmente la reforma judicial que aprob\u00f3 el Congreso luego de que los ministros que apoyaban la iniciativa no alcanzaron la mayor\u00eda calificada de ocho\u2026","rel":"","context":"In &quot;Noticias Nacionales&quot;","block_context":{"text":"Noticias Nacionales","link":"https:\/\/noticiasya.com\/midland-odessa\/categoria\/noticias-nacionales"},"img":{"alt_text":"","src":"","width":0,"height":0},"classes":[]},{"id":1451557,"url":"https:\/\/noticiasya.com\/midland-odessa\/2024\/08\/01\/sheinbaum-expresidente-suprema-corte-zaldivar-gabinete-ampliado-reforma-judicial-orix\/","url_meta":{"origin":1455301,"position":4},"title":"Sheinbaum suma a expresidente de la Suprema Corte a su gabinete ampliado para supervisar la reforma judicial","author":"","date":"agosto 1, 2024","format":false,"excerpt":"(CNN Espa\u00f1ol) -- La pr\u00f3xima presidenta de M\u00e9xico, Claudia Sheinbaum, anunci\u00f3 este jueves que Arturo Zald\u00edvar, expresidente de la Suprema Corte de Justicia de la Naci\u00f3n, asumir\u00e1 el cargo de coordinador de Pol\u00edtica y Gobierno, instancia dependiente de la oficina de la presidencia del pa\u00eds. Esa cartera dar\u00e1 seguimiento a\u2026","rel":"","context":"In &quot;Noticias Nacionales&quot;","block_context":{"text":"Noticias Nacionales","link":"https:\/\/noticiasya.com\/midland-odessa\/categoria\/noticias-nacionales"},"img":{"alt_text":"","src":"","width":0,"height":0},"classes":[]},{"id":1450778,"url":"https:\/\/noticiasya.com\/midland-odessa\/2024\/06\/28\/ministros-suprema-corte-reforma-al-poder-judicial-implemente-gradual-orix\/","url_meta":{"origin":1455301,"position":5},"title":"Ministros\u00a0de la Suprema Corte piden al Congreso de M\u00e9xico que la\u00a0reforma al Poder Judicial se implemente\u00a0de forma gradual","author":"","date":"junio 28, 2024","format":false,"excerpt":"(CNN Espa\u00f1ol) --\u00a0La propuesta de reforma al Poder Judicial, enviada por el presidente Andr\u00e9s Manuel L\u00f3pez Obrador al Congreso el 5 de febrero pasado, dividi\u00f3 opiniones entre ministros\u00a0de la Suprema Corte de Justicia de la Naci\u00f3n (SCJN), quienes pidieron que, ante lo que consideran una inminente\u00a0aprobaci\u00f3n de dicha propuesta\u00a0por la\u00a0amplia\u2026","rel":"","context":"In &quot;Noticias Nacionales&quot;","block_context":{"text":"Noticias Nacionales","link":"https:\/\/noticiasya.com\/midland-odessa\/categoria\/noticias-nacionales"},"img":{"alt_text":"","src":"","width":0,"height":0},"classes":[]}],"jetpack_sharing_enabled":true,"_links":{"self":[{"href":"https:\/\/noticiasya.com\/midland-odessa\/wp-json\/wp\/v2\/posts\/1455301","targetHints":{"allow":["GET"]}}],"collection":[{"href":"https:\/\/noticiasya.com\/midland-odessa\/wp-json\/wp\/v2\/posts"}],"about":[{"href":"https:\/\/noticiasya.com\/midland-odessa\/wp-json\/wp\/v2\/types\/post"}],"replies":[{"embeddable":true,"href":"https:\/\/noticiasya.com\/midland-odessa\/wp-json\/wp\/v2\/comments?post=1455301"}],"version-history":[{"count":0,"href":"https:\/\/noticiasya.com\/midland-odessa\/wp-json\/wp\/v2\/posts\/1455301\/revisions"}],"wp:attachment":[{"href":"https:\/\/noticiasya.com\/midland-odessa\/wp-json\/wp\/v2\/media?parent=1455301"}],"wp:term":[{"taxonomy":"category","embeddable":true,"href":"https:\/\/noticiasya.com\/midland-odessa\/wp-json\/wp\/v2\/categories?post=1455301"},{"taxonomy":"post_tag","embeddable":true,"href":"https:\/\/noticiasya.com\/midland-odessa\/wp-json\/wp\/v2\/tags?post=1455301"}],"curies":[{"name":"wp","href":"https:\/\/api.w.org\/{rel}","templated":true}]}}