{"id":1455305,"date":"2024-10-22T23:03:38","date_gmt":"2024-10-23T06:03:38","guid":{"rendered":"https:\/\/noticiasya.com\/2024\/10\/22\/trump-fascista-john-kelly-trax\/"},"modified":"2024-10-22T23:03:38","modified_gmt":"2024-10-23T06:03:38","slug":"trump-fascista-john-kelly-trax","status":"publish","type":"post","link":"https:\/\/noticiasya.com\/midland-odessa\/2024\/10\/22\/trump-fascista-john-kelly-trax\/","title":{"rendered":"El exjefe de gabinete de Trump dice que encaja en la definici\u00f3n de &#171;fascista&#187; y prefiere el &#171;enfoque dictador&#187;"},"content":{"rendered":"<p>(CNN) &#8212; John Kelly, el general retirado de los Marines que fue jefe de gabinete de Donald Trump en la Casa Blanca, entr\u00f3 en la contienda de 2024 de manera sorprendente, diciendo que el expresidente encaja &#171;en la definici\u00f3n general de fascista&#187; y que quer\u00eda el &#171;tipo de generales que ten\u00eda Hitler&#187; en una serie de entrevistas publicadas este martes.<\/p>\n<p>Los comentarios de Kelly, a dos semanas de la jornada electoral, son los \u00faltimos de una serie de advertencias de antiguos ayudantes de Trump en la Casa Blanca sobre c\u00f3mo ve la presidencia y c\u00f3mo ejercer\u00eda el poder si volviera al cargo.<\/p>\n<p>Adem\u00e1s de los comentarios fascistas, Kelly -que fue jefe de gabinete de Trump entre 2017 y 2019- dijo a The New York Times que el expresidente &#171;ciertamente prefiere el enfoque dictatorial del gobierno.&#187;<\/p>\n<p>Una nerviosa campa\u00f1a de Harris hace grandes planes para asegurar una victoria ajustada<\/p>\n<p>Tambi\u00e9n confirm\u00f3 a The Atlantic que Trump hab\u00eda dicho que le gustar\u00eda que su personal militar le mostrara la misma deferencia que los generales nazis de Adolf Hitler mostraron al dictador alem\u00e1n durante la Segunda Guerra Mundial, y relat\u00f3 el momento.<\/p>\n<p>&#171;&#8216;\u00bfTe refieres a los generales de Bismarck?&#187;. Kelly cont\u00f3 a The Atlantic que le hab\u00eda preguntado a Trump. Y a\u00f1adi\u00f3: &#171;Quiero decir, yo sab\u00eda que \u00e9l no sab\u00eda qui\u00e9n era Bismarck, o sobre la Guerra Franco-Prusiana. Le dije: &#8216;\u00bfTe refieres a los generales del Kaiser? Seguro que no te refieres a los generales de Hitler&#8217;. Y \u00e9l respondi\u00f3: &#8216;S\u00ed, s\u00ed, los generales de Hitler&#8217;. Le expliqu\u00e9 que Rommel tuvo que suicidarse tras participar en un complot contra Hitler&#187;.<\/p>\n<p>La campa\u00f1a de Trump neg\u00f3 el intercambio. &#171;Esto es absolutamente falso. El presidente Trump nunca dijo esto&#187;, dijo el asesor de campa\u00f1a Alex Pfeiffer.<\/p>\n<p>Pero los dem\u00f3cratas se apoderaron r\u00e1pidamente de los comentarios. El compa\u00f1ero de f\u00f3rmula de la vicepresidenta Kamala Harris, el gobernador de Minnesota, Tim Walz, dijo este martes por la noche en un mitin en Wisconsin que los comentarios reportados sobre los generales de Hitler &#171;me enferman como el infierno.&#187;<\/p>\n<p>&#171;Amigos, los guardarra\u00edles han desaparecido. Trump est\u00e1 descendiendo a esta locura: un expresidente de Estados Unidos y el candidato a la presidencia de Estados Unidos dice que quiere generales como los que ten\u00eda Adolf Hitler&#187;, dijo Walz, que sirvi\u00f3 en la Guardia Nacional del Ej\u00e9rcito.<\/p>\n<p>Enemigo interior<\/p>\n<p>Los comentarios de Kelly se producen en los \u00faltimos d\u00edas de la carrera de Trump contra Harris, en su intento de volver al Despacho Oval cuatro a\u00f1os despu\u00e9s de perder unas elecciones que \u00e9l ha mantenido falsamente que estuvieron plagadas de fraude.<\/p>\n<p>En recientes discursos y entrevistas, Trump ha reflexionado sobre la posibilidad de utilizar el Ej\u00e9rcito estadounidense contra rivales pol\u00edticos a los que se refiri\u00f3 como el &#171;enemigo interior&#187;, comentarios que Harris se\u00f1al\u00f3 como prueba de que el expresidente est\u00e1 &#171;desquiciado&#187; y supone un peligro para los valores democr\u00e1ticos.<\/p>\n<p>AN\u00c1LISIS | C\u00f3mo Liz Cheney intent\u00f3 dar permiso a las mujeres del Partido Republicano para votar a Harris<\/p>\n<p>&#171;Esto es una democracia&#187;, declar\u00f3 a Fox News la semana pasada. &#171;Y en una democracia, el presidente de los Estados Unidos -en los Estados Unidos de Am\u00e9rica- deber\u00eda estar dispuesto a ser capaz de manejar las cr\u00edticas sin decir que encerrar\u00eda a la gente por hacerlo&#187;.<\/p>\n<p>El Times inform\u00f3 que Kelly critic\u00f3 los comentarios de Trump sobre el &#171;enemigo interno&#187;, diciendo que &#171;incluso decirlo con fines pol\u00edticos para ser elegido &#8211; creo que es una cosa muy, muy mala, por no hablar de hacerlo realmente.&#187;<\/p>\n<p>El peri\u00f3dico inform\u00f3 que en una entrevista grabada, se le pregunt\u00f3 a Kelly si el expresidente cumpl\u00eda con la definici\u00f3n de fascista y respondi\u00f3 leyendo en voz alta una definici\u00f3n que hab\u00eda encontrado en l\u00ednea.<\/p>\n<p>&#171;Bueno, mirando la definici\u00f3n de fascismo: Es una ideolog\u00eda y movimiento pol\u00edtico ultranacionalista autoritario de extrema derecha caracterizado por un l\u00edder dictatorial, autocracia centralizada, militarismo, supresi\u00f3n forzosa de la oposici\u00f3n, creencia en una jerarqu\u00eda social natural&#187;, dijo Kelly. &#171;As\u00ed que ciertamente, seg\u00fan mi experiencia, ese es el tipo de cosas que \u00e9l cree que funcionar\u00edan mejor en t\u00e9rminos de dirigir Estados Unidos&#187;.<\/p>\n<p>Kelly continu\u00f3: &#171;Ciertamente el expresidente est\u00e1 en el \u00e1rea de la extrema derecha, es ciertamente un autoritario, admira a la gente que es dictadora &#8211; \u00e9l lo ha dicho. As\u00ed que ciertamente cae en la definici\u00f3n general de fascista, seguro&#187;.<\/p>\n<p>Kelly dijo al Times que Trump &#171;nunca acept\u00f3 el hecho de que no era el hombre m\u00e1s poderoso del mundo &#8211; y por poder, me refiero a la capacidad de hacer cualquier cosa que quisiera, en cualquier momento que quisiera.&#187;<\/p>\n<p>&#171;Creo que le encantar\u00eda ser como era en los negocios: pod\u00eda decirle a la gente que hiciera cosas y ellos las hac\u00edan, sin preocuparse demasiado de cu\u00e1les eran las legalidades y todo eso&#187;, dijo.<\/p>\n<p>AN\u00c1LISIS | C\u00f3mo Liz Cheney intent\u00f3 dar permiso a las mujeres del Partido Republicano para votar a Harris<\/p>\n<p>Tambi\u00e9n dijo que Trump no entend\u00eda la Constituci\u00f3n o los valores sobre los que se construy\u00f3 la naci\u00f3n, y que &#171;era un concepto nuevo para \u00e9l&#187; que la lealtad de los altos funcionarios del Gobierno era hacia la Constituci\u00f3n, no hacia el presidente personalmente,<\/p>\n<p>El director de comunicaciones de la campa\u00f1a de Trump, Steven Cheung, dijo en un comunicado que Kelly &#171;se ha ridiculizado completamente con estas historias desacreditadas que ha fabricado porque no logr\u00f3 servir bien a su Presidente mientras trabajaba como Jefe de Gabinete y actualmente sufre de un caso debilitante del S\u00edndrome de locura por Trump.<\/p>\n<p>Elogios a los generales de Hitler<\/p>\n<p>Kelly tambi\u00e9n dijo a The Times que Trump hab\u00eda elogiado a Hitler.<\/p>\n<p>&#171;Coment\u00f3 m\u00e1s de una vez que, &#8216;Sabes, Hitler tambi\u00e9n hizo algunas cosas buenas'&#187;, dijo Kelly.<br \/>\nLos comentarios de Kelly al peri\u00f3dico se publicaron el mismo d\u00eda en que The Atlantic inform\u00f3 que Trump hab\u00eda elogiado a los generales de Hitler por su lealtad.<\/p>\n<p>&#171;Necesito el tipo de generales que ten\u00eda Hitler&#187; dijo Trump durante una conversaci\u00f3n privada en la Casa Blanca cuando era presidente, inform\u00f3 The Atlantic. &#171;Gente que le fuera totalmente leal, que siguiera \u00f3rdenes&#187;.<\/p>\n<p>Jeffrey Goldberg, el editor en jefe de The Atlantic, dijo a Kaitlan Collins de CNN este martes por la noche que la admiraci\u00f3n de Trump por Hitler fue quiz\u00e1s lo &#171;m\u00e1s impactante&#187; que Kelly escuch\u00f3 en la Casa Blanca.<\/p>\n<p>Marc\u00a0Anthony dio su apoyo a Kamala Harris: Yo recuerdo lo que fue la presidencia de Trump<\/p>\n<p>&#171;Recuerden que Donald Trump, a lo largo de su presidencia, se sinti\u00f3 frustrado por los generales, o &#8216;mis generales&#8217;, como \u00e9l los llamaba&#8230; porque no le hac\u00edan caso ni segu\u00edan sus \u00f3rdenes&#187;dijo Goldberg.<\/p>\n<p>Los oficiales militares estadounidenses, como los generales, prestan juramento a la Constituci\u00f3n y no al comandante en jefe.<\/p>\n<p>Trump hizo comentarios similares sobre Hitler y sus generales.<br \/>\nJim Sciutto, de CNN, inform\u00f3 previamente en su libro &#171;El retorno de las grandes potencias&#187; que Trump supuestamente elogi\u00f3 a Hitler diciendo:<\/p>\n<p>&#171;Hitler hizo algunas cosas buenas&#187; seg\u00fan Kelly.<\/p>\n<p>&#171;\u00c9l dijo: &#8216;Bueno, pero Hitler hizo algunas cosas buenas&#8217;. Le dije: &#8216;Bueno, \u00bfqu\u00e9? Y \u00e9l dijo: &#8216;Bueno, [Hitler] reconstruy\u00f3 la econom\u00eda&#8217;. \u00bfPero qu\u00e9 hizo con esa econom\u00eda reconstruida? La volvi\u00f3 contra su propio pueblo y contra el mundo. Y yo le dije: &#8216;Se\u00f1or, nunca podr\u00e1 decir nada bueno de ese tipo. Nada&#8217;\u201drelat\u00f3 Kelly a Sciutto. &#171;Quiero decir, Mussolini era un gran tipo en comparaci\u00f3n&#187;.<\/p>\n<p>&#171;Es bastante dif\u00edcil de creer que se perdiera el Holocausto, sin embargo, y bastante dif\u00edcil de entender c\u00f3mo se perdi\u00f3 los 400.000 soldados estadounidenses que fueron asesinados en el teatro de operaciones europeo&#187; dijo Kelly a Sciutto. &#171;Pero creo que es m\u00e1s, de nuevo, la cosa de tipo duro&#187;.<\/p>\n<p>Un libro publicado en 2022 tambi\u00e9n inform\u00f3 que Trump le dijo a Kelly: &#171;\u00bfPor qu\u00e9 no puedes ser como los generales alemanes?&#187;. Los comentarios de Trump cuando era presidente fueron recogidos en &#171;The Divider: Trump en la Casa Blanca&#187; de los periodistas Peter Baker y Susan Glasser.<\/p>\n<p>Kelly confirm\u00f3 el intercambio con Trump a The Atlantic.<\/p>\n<p>Liz Cheney promete continuar la lucha contra Trump despu\u00e9s de reconocer su derrota en las primarias de Wyoming (2022)<\/p>\n<p>El art\u00edculo expone una serie de historias que The Atlantic utiliza para ilustrar las opiniones de Trump sobre el Ej\u00e9rcito y sus deseos sobre c\u00f3mo debe actuar bajo su mando. Adem\u00e1s de relatar las reflexiones del expresidente sobre la lealtad de los generales nazis, The Atlantic tambi\u00e9n inform\u00f3 de que<\/p>\n<p>Trump se enfureci\u00f3 cuando le dijeron cu\u00e1nto costaba el funeral de un militar ca\u00eddo despu\u00e9s de que \u00e9l se hubiera ofrecido voluntario para pagarlo.<\/p>\n<p>The Atlantic inform\u00f3 de que Trump dijo a la familia de la soldado Vanessa Guillen, de Fort Hood, que muri\u00f3 apaleada con un martillo en la sala de armas donde trabajaba, que pagar\u00eda los gastos del funeral, pero nunca lo hizo.<\/p>\n<p>Cuando recibi\u00f3 la factura de US$ 60.000, seg\u00fan inform\u00f3 The Atlantic -citando a dos personas presentes en la reuni\u00f3n y las notas de alguien que asisti\u00f3 a la misma-, Trump dijo: &#171;\u00a1No cuesta US$ 60.000 enterrar a un p*** mexicano!&#187;.<\/p>\n<p>L\u00edderes militares alertan sobre un posible triunfo de Trump<\/p>\n<p>Trump se lo dijo a su entonces jefe de gabinete, Mark Meadows, y le orden\u00f3 que no pagara la factura del funeral. M\u00e1s tarde ese mismo d\u00eda, Trump habr\u00eda dicho: &#171;Maldita gente, tratando de estafarme&#187;.<\/p>\n<p>&#171;El presidente Donald Trump nunca dijo eso. Esta es una mentira escandalosa del Atl\u00e1ntico dos semanas antes de las elecciones&#187;dijo Pfeiffer.<\/p>\n<p>Alayna Treene de CNN contribuy\u00f3 a este informe.<\/p>\n<p>The-CNN-Wire<br \/>&trade; &amp; &copy; 2024 Cable News Network, Inc., a Warner Bros. Discovery Company. All rights reserved.<\/p>\n","protected":false},"excerpt":{"rendered":"<p>(CNN) &#8212; John Kelly, el general retirado de los Marines que fue jefe de gabinete de Donald Trump en la Casa Blanca, entr\u00f3 en la contienda de 2024 de manera sorprendente, diciendo que el expresidente encaja &#171;en la definici\u00f3n general de fascista&#187; y que quer\u00eda el &#171;tipo de generales que ten\u00eda Hitler&#187; en una serie [&hellip;]<\/p>\n","protected":false},"author":0,"featured_media":0,"comment_status":"open","ping_status":"open","sticky":false,"template":"","format":"standard","meta":{"_jetpack_memberships_contains_paid_content":false,"footnotes":""},"categories":[10],"tags":[],"class_list":["post-1455305","post","type-post","status-publish","format-standard","hentry","category-noticias-nacionales","market-global"],"yoast_head":"<!-- This site is optimized with the Yoast SEO plugin v24.4 - https:\/\/yoast.com\/wordpress\/plugins\/seo\/ -->\n<title>El exjefe de gabinete de Trump dice que encaja en la definici\u00f3n de &quot;fascista&quot; y prefiere el &quot;enfoque dictador&quot; - Noticias<\/title>\n<meta name=\"robots\" content=\"index, follow, max-snippet:-1, max-image-preview:large, max-video-preview:-1\" \/>\n<link rel=\"canonical\" href=\"https:\/\/noticiasya.com\/2024\/10\/22\/trump-fascista-john-kelly-trax\/\" \/>\n<meta property=\"og:locale\" content=\"es_ES\" \/>\n<meta property=\"og:type\" content=\"article\" \/>\n<meta property=\"og:title\" content=\"El exjefe de gabinete de Trump dice que encaja en la definici\u00f3n de &quot;fascista&quot; y prefiere el &quot;enfoque dictador&quot; - Noticias\" \/>\n<meta property=\"og:description\" content=\"(CNN) &#8212; John Kelly, el general retirado de los Marines que fue jefe de gabinete de Donald Trump en la Casa Blanca, entr\u00f3 en la contienda de 2024 de manera sorprendente, diciendo que el expresidente encaja &#171;en la definici\u00f3n general de fascista&#187; y que quer\u00eda el &#171;tipo de generales que ten\u00eda Hitler&#187; en una serie [&hellip;]\" \/>\n<meta property=\"og:url\" content=\"https:\/\/noticiasya.com\/2024\/10\/22\/trump-fascista-john-kelly-trax\/\" \/>\n<meta property=\"og:site_name\" content=\"Noticias\" \/>\n<meta property=\"article:published_time\" content=\"2024-10-23T06:03:38+00:00\" \/>\n<meta name=\"twitter:card\" content=\"summary_large_image\" \/>\n<meta name=\"twitter:label1\" content=\"Est. reading time\" \/>\n\t<meta name=\"twitter:data1\" content=\"8 minutos\" \/>\n<script type=\"application\/ld+json\" class=\"yoast-schema-graph\">{\"@context\":\"https:\/\/schema.org\",\"@graph\":[{\"@type\":\"Article\",\"@id\":\"https:\/\/noticiasya.com\/2024\/10\/22\/trump-fascista-john-kelly-trax\/#article\",\"isPartOf\":{\"@id\":\"https:\/\/noticiasya.com\/2024\/10\/22\/trump-fascista-john-kelly-trax\/\"},\"author\":{\"name\":\"\",\"@id\":\"\"},\"headline\":\"El exjefe de gabinete de Trump dice que encaja en la definici\u00f3n de &#171;fascista&#187; y prefiere el &#171;enfoque dictador&#187;\",\"datePublished\":\"2024-10-23T06:03:38+00:00\",\"mainEntityOfPage\":{\"@id\":\"https:\/\/noticiasya.com\/2024\/10\/22\/trump-fascista-john-kelly-trax\/\"},\"wordCount\":1706,\"commentCount\":0,\"publisher\":{\"@id\":\"https:\/\/noticiasya.com\/#organization\"},\"articleSection\":[\"Noticias Nacionales\"],\"inLanguage\":\"es\",\"potentialAction\":[{\"@type\":\"CommentAction\",\"name\":\"Comment\",\"target\":[\"https:\/\/noticiasya.com\/2024\/10\/22\/trump-fascista-john-kelly-trax\/#respond\"]}]},{\"@type\":\"WebPage\",\"@id\":\"https:\/\/noticiasya.com\/2024\/10\/22\/trump-fascista-john-kelly-trax\/\",\"url\":\"https:\/\/noticiasya.com\/2024\/10\/22\/trump-fascista-john-kelly-trax\/\",\"name\":\"El exjefe de gabinete de Trump dice que encaja en la definici\u00f3n de \\\"fascista\\\" y prefiere el \\\"enfoque dictador\\\" - Noticias\",\"isPartOf\":{\"@id\":\"https:\/\/noticiasya.com\/#website\"},\"datePublished\":\"2024-10-23T06:03:38+00:00\",\"breadcrumb\":{\"@id\":\"https:\/\/noticiasya.com\/2024\/10\/22\/trump-fascista-john-kelly-trax\/#breadcrumb\"},\"inLanguage\":\"es\",\"potentialAction\":[{\"@type\":\"ReadAction\",\"target\":[\"https:\/\/noticiasya.com\/2024\/10\/22\/trump-fascista-john-kelly-trax\/\"]}]},{\"@type\":\"BreadcrumbList\",\"@id\":\"https:\/\/noticiasya.com\/2024\/10\/22\/trump-fascista-john-kelly-trax\/#breadcrumb\",\"itemListElement\":[{\"@type\":\"ListItem\",\"position\":1,\"name\":\"Home\",\"item\":\"https:\/\/noticiasya.com\/\"},{\"@type\":\"ListItem\",\"position\":2,\"name\":\"El exjefe de gabinete de Trump dice que encaja en la definici\u00f3n de &#171;fascista&#187; y prefiere el &#171;enfoque dictador&#187;\"}]},{\"@type\":\"WebSite\",\"@id\":\"https:\/\/noticiasya.com\/#website\",\"url\":\"https:\/\/noticiasya.com\/\",\"name\":\"Noticias\",\"description\":\"Lo que importa\",\"publisher\":{\"@id\":\"https:\/\/noticiasya.com\/#organization\"},\"potentialAction\":[{\"@type\":\"SearchAction\",\"target\":{\"@type\":\"EntryPoint\",\"urlTemplate\":\"https:\/\/noticiasya.com\/?s={search_term_string}\"},\"query-input\":{\"@type\":\"PropertyValueSpecification\",\"valueRequired\":true,\"valueName\":\"search_term_string\"}}],\"inLanguage\":\"es\"},{\"@type\":\"Organization\",\"@id\":\"https:\/\/noticiasya.com\/#organization\",\"name\":\"Noticias\",\"url\":\"https:\/\/noticiasya.com\/\",\"logo\":{\"@type\":\"ImageObject\",\"inLanguage\":\"es\",\"@id\":\"https:\/\/noticiasya.com\/#\/schema\/logo\/image\/\",\"url\":\"https:\/\/noticiasya.com\/wp-content\/uploads\/sites\/22\/2023\/12\/logo-nacional.png\",\"contentUrl\":\"https:\/\/noticiasya.com\/wp-content\/uploads\/sites\/22\/2023\/12\/logo-nacional.png\",\"width\":1801,\"height\":691,\"caption\":\"Noticias\"},\"image\":{\"@id\":\"https:\/\/noticiasya.com\/#\/schema\/logo\/image\/\"}}]}<\/script>\n<!-- \/ Yoast SEO plugin. -->","yoast_head_json":{"title":"El exjefe de gabinete de Trump dice que encaja en la definici\u00f3n de \"fascista\" y prefiere el \"enfoque dictador\" - Noticias","robots":{"index":"index","follow":"follow","max-snippet":"max-snippet:-1","max-image-preview":"max-image-preview:large","max-video-preview":"max-video-preview:-1"},"canonical":"https:\/\/noticiasya.com\/2024\/10\/22\/trump-fascista-john-kelly-trax\/","og_locale":"es_ES","og_type":"article","og_title":"El exjefe de gabinete de Trump dice que encaja en la definici\u00f3n de \"fascista\" y prefiere el \"enfoque dictador\" - Noticias","og_description":"(CNN) &#8212; John Kelly, el general retirado de los Marines que fue jefe de gabinete de Donald Trump en la Casa Blanca, entr\u00f3 en la contienda de 2024 de manera sorprendente, diciendo que el expresidente encaja &#171;en la definici\u00f3n general de fascista&#187; y que quer\u00eda el &#171;tipo de generales que ten\u00eda Hitler&#187; en una serie [&hellip;]","og_url":"https:\/\/noticiasya.com\/2024\/10\/22\/trump-fascista-john-kelly-trax\/","og_site_name":"Noticias","article_published_time":"2024-10-23T06:03:38+00:00","twitter_card":"summary_large_image","twitter_misc":{"Est. reading time":"8 minutos"},"schema":{"@context":"https:\/\/schema.org","@graph":[{"@type":"Article","@id":"https:\/\/noticiasya.com\/2024\/10\/22\/trump-fascista-john-kelly-trax\/#article","isPartOf":{"@id":"https:\/\/noticiasya.com\/2024\/10\/22\/trump-fascista-john-kelly-trax\/"},"author":{"name":"","@id":""},"headline":"El exjefe de gabinete de Trump dice que encaja en la definici\u00f3n de &#171;fascista&#187; y prefiere el &#171;enfoque dictador&#187;","datePublished":"2024-10-23T06:03:38+00:00","mainEntityOfPage":{"@id":"https:\/\/noticiasya.com\/2024\/10\/22\/trump-fascista-john-kelly-trax\/"},"wordCount":1706,"commentCount":0,"publisher":{"@id":"https:\/\/noticiasya.com\/#organization"},"articleSection":["Noticias Nacionales"],"inLanguage":"es","potentialAction":[{"@type":"CommentAction","name":"Comment","target":["https:\/\/noticiasya.com\/2024\/10\/22\/trump-fascista-john-kelly-trax\/#respond"]}]},{"@type":"WebPage","@id":"https:\/\/noticiasya.com\/2024\/10\/22\/trump-fascista-john-kelly-trax\/","url":"https:\/\/noticiasya.com\/2024\/10\/22\/trump-fascista-john-kelly-trax\/","name":"El exjefe de gabinete de Trump dice que encaja en la definici\u00f3n de \"fascista\" y prefiere el \"enfoque dictador\" - Noticias","isPartOf":{"@id":"https:\/\/noticiasya.com\/#website"},"datePublished":"2024-10-23T06:03:38+00:00","breadcrumb":{"@id":"https:\/\/noticiasya.com\/2024\/10\/22\/trump-fascista-john-kelly-trax\/#breadcrumb"},"inLanguage":"es","potentialAction":[{"@type":"ReadAction","target":["https:\/\/noticiasya.com\/2024\/10\/22\/trump-fascista-john-kelly-trax\/"]}]},{"@type":"BreadcrumbList","@id":"https:\/\/noticiasya.com\/2024\/10\/22\/trump-fascista-john-kelly-trax\/#breadcrumb","itemListElement":[{"@type":"ListItem","position":1,"name":"Home","item":"https:\/\/noticiasya.com\/"},{"@type":"ListItem","position":2,"name":"El exjefe de gabinete de Trump dice que encaja en la definici\u00f3n de &#171;fascista&#187; y prefiere el &#171;enfoque dictador&#187;"}]},{"@type":"WebSite","@id":"https:\/\/noticiasya.com\/#website","url":"https:\/\/noticiasya.com\/","name":"Noticias","description":"Lo que importa","publisher":{"@id":"https:\/\/noticiasya.com\/#organization"},"potentialAction":[{"@type":"SearchAction","target":{"@type":"EntryPoint","urlTemplate":"https:\/\/noticiasya.com\/?s={search_term_string}"},"query-input":{"@type":"PropertyValueSpecification","valueRequired":true,"valueName":"search_term_string"}}],"inLanguage":"es"},{"@type":"Organization","@id":"https:\/\/noticiasya.com\/#organization","name":"Noticias","url":"https:\/\/noticiasya.com\/","logo":{"@type":"ImageObject","inLanguage":"es","@id":"https:\/\/noticiasya.com\/#\/schema\/logo\/image\/","url":"https:\/\/noticiasya.com\/wp-content\/uploads\/sites\/22\/2023\/12\/logo-nacional.png","contentUrl":"https:\/\/noticiasya.com\/wp-content\/uploads\/sites\/22\/2023\/12\/logo-nacional.png","width":1801,"height":691,"caption":"Noticias"},"image":{"@id":"https:\/\/noticiasya.com\/#\/schema\/logo\/image\/"}}]}},"parsely":{"version":"1.1.0","canonical_url":"https:\/\/noticiasya.com\/midland-odessa\/2024\/10\/22\/trump-fascista-john-kelly-trax\/","smart_links":{"inbound":0,"outbound":0},"traffic_boost_suggestions_count":0,"meta":{"@context":"https:\/\/schema.org","@type":"NewsArticle","headline":"El exjefe de gabinete de Trump dice que encaja en la definici\u00f3n de &#171;fascista&#187; y prefiere el &#171;enfoque dictador&#187;","url":"http:\/\/noticiasya.com\/midland-odessa\/2024\/10\/22\/trump-fascista-john-kelly-trax\/","mainEntityOfPage":{"@type":"WebPage","@id":"http:\/\/noticiasya.com\/midland-odessa\/2024\/10\/22\/trump-fascista-john-kelly-trax\/"},"thumbnailUrl":"","image":{"@type":"ImageObject","url":""},"articleSection":"Noticias Nacionales","author":[],"creator":[],"publisher":{"@type":"Organization","name":"Noticias","logo":""},"keywords":[],"dateCreated":"2024-10-23T06:03:38Z","datePublished":"2024-10-23T06:03:38Z","dateModified":"2024-10-23T06:03:38Z"},"rendered":"<script type=\"application\/ld+json\" class=\"wp-parsely-metadata\">{\"@context\":\"https:\\\/\\\/schema.org\",\"@type\":\"NewsArticle\",\"headline\":\"El exjefe de gabinete de Trump dice que encaja en la definici\\u00f3n de &#171;fascista&#187; y prefiere el &#171;enfoque dictador&#187;\",\"url\":\"http:\\\/\\\/noticiasya.com\\\/midland-odessa\\\/2024\\\/10\\\/22\\\/trump-fascista-john-kelly-trax\\\/\",\"mainEntityOfPage\":{\"@type\":\"WebPage\",\"@id\":\"http:\\\/\\\/noticiasya.com\\\/midland-odessa\\\/2024\\\/10\\\/22\\\/trump-fascista-john-kelly-trax\\\/\"},\"thumbnailUrl\":\"\",\"image\":{\"@type\":\"ImageObject\",\"url\":\"\"},\"articleSection\":\"Noticias Nacionales\",\"author\":[],\"creator\":[],\"publisher\":{\"@type\":\"Organization\",\"name\":\"Noticias\",\"logo\":\"\"},\"keywords\":[],\"dateCreated\":\"2024-10-23T06:03:38Z\",\"datePublished\":\"2024-10-23T06:03:38Z\",\"dateModified\":\"2024-10-23T06:03:38Z\"}<\/script>","tracker_url":"https:\/\/cdn.parsely.com\/keys\/noticiasya.com\/p.js"},"jetpack_featured_media_url":"","jetpack-related-posts":[{"id":1455323,"url":"https:\/\/noticiasya.com\/midland-odessa\/2024\/10\/23\/trump-vanessa-guillen-enterrar-mexicano-trax\/","url_meta":{"origin":1455305,"position":0},"title":"Trump sobre la soldado Vanessa Guillen: &#171;\u00a1No cuesta US$ 60.000 enterrar a un j**ida mexicana!&#187;","author":"","date":"octubre 23, 2024","format":false,"excerpt":"(CNN) --\u00a0Un art\u00edculo de The Atlantic publicado esta semana, en donde se citan afirmaciones del general retirado de los Marines John Kelly, ex secretario general de la Casa Blanca, ha causado un revuelo cuando faltan menos de dos semanas para el d\u00eda de las elecciones en EE.UU.Kelly dijo que el\u2026","rel":"","context":"In &quot;Noticias Nacionales&quot;","block_context":{"text":"Noticias Nacionales","link":"https:\/\/noticiasya.com\/midland-odessa\/categoria\/noticias-nacionales"},"img":{"alt_text":"","src":"","width":0,"height":0},"classes":[]},{"id":1455249,"url":"https:\/\/noticiasya.com\/midland-odessa\/2024\/10\/19\/lideres-militares-gobierno-trump-alertan-posibilidad-segundo-mandato-trax\/","url_meta":{"origin":1455305,"position":1},"title":"AN\u00c1LISIS | L\u00edderes militares que prestaron servicio bajo el Gobierno de Trump alertan sobre la posibilidad de que gane un segundo mandato","author":"","date":"octubre 19, 2024","format":false,"excerpt":"(CNN) -- La sugerencia del expresidente Donald Trump de que las fuerzas armadas estadounidenses deber\u00edan utilizarse para hacer frente \"al enemigo desde dentro\" el d\u00eda de las elecciones ha reavivado la preocupaci\u00f3n sobre lo que podr\u00eda pedirles a los militares si gana un segundo mandato como comandante en jefe.Y son\u2026","rel":"","context":"In &quot;Noticias Nacionales&quot;","block_context":{"text":"Noticias Nacionales","link":"https:\/\/noticiasya.com\/midland-odessa\/categoria\/noticias-nacionales"},"img":{"alt_text":"","src":"","width":0,"height":0},"classes":[]},{"id":1455307,"url":"https:\/\/noticiasya.com\/midland-odessa\/2024\/10\/23\/trump-partido-laborista-eleccion-queja-interferencia-starmer-trax\/","url_meta":{"origin":1455305,"position":2},"title":"La campa\u00f1a de Trump acusa al partido gobernante brit\u00e1nico de injerencia en las elecciones, lo que desata un enfrentamiento con un aliado de EE.UU.","author":"","date":"octubre 23, 2024","format":false,"excerpt":"(CNN) -- La campa\u00f1a de Donald Trump acus\u00f3 al partido gobernante brit\u00e1nico de \"flagrante interferencia extranjera\" en las elecciones presidenciales de Estados Unidos por un viaje de sus activistas para ayudar a la candidatura de la vicepresidenta Kamala Harris, lo que desat\u00f3 un enfrentamiento con uno de los aliados m\u00e1s\u2026","rel":"","context":"In &quot;Noticias Nacionales&quot;","block_context":{"text":"Noticias Nacionales","link":"https:\/\/noticiasya.com\/midland-odessa\/categoria\/noticias-nacionales"},"img":{"alt_text":"","src":"","width":0,"height":0},"classes":[]},{"id":1458073,"url":"https:\/\/noticiasya.com\/midland-odessa\/2025\/01\/31\/gobierno-trump-reunira-maduro-trax\/","url_meta":{"origin":1455305,"position":3},"title":"Exclusivo: representante del Gobierno de Trump se reunir\u00e1 con el presidente Nicol\u00e1s Maduro este viernes","author":"","date":"enero 31, 2025","format":false,"excerpt":"Se espera que Richard Grenell, enviado del presidente Donald Trump a misiones especiales, se re\u00fana este viernes con el presidente de Venezuela, Nicol\u00e1s Maduro, dijo a CNN una fuente familiarizada con el asunto.Se espera que Grenell discuta con el l\u00edder venezolano los vuelos de deportaci\u00f3n, entre otras cosas. Trump ha\u2026","rel":"","context":"In &quot;Noticias Nacionales&quot;","block_context":{"text":"Noticias Nacionales","link":"https:\/\/noticiasya.com\/midland-odessa\/categoria\/noticias-nacionales"},"img":{"alt_text":"","src":"","width":0,"height":0},"classes":[]},{"id":1450758,"url":"https:\/\/noticiasya.com\/midland-odessa\/2024\/06\/27\/cnn-verifica-trump-biden-afirmaciones-fact-check-trax\/","url_meta":{"origin":1455305,"position":4},"title":"CNN verifica las afirmaciones de Trump y Biden en el debate","author":"","date":"junio 27, 2024","format":false,"excerpt":"(CNN) -- El presidente Joe Biden y el expresidente Donald Trump se enfrentaron durante el debate presidencial de CNN en Atlanta el jueves por la noche. A continuaci\u00f3n se muestran algunas verificaciones de sus afirmaciones.CNN Verifica: lo que dijo Biden sobre los comentarios de Trump acerca del covid-19El presidente de\u2026","rel":"","context":"In &quot;Noticias Nacionales&quot;","block_context":{"text":"Noticias Nacionales","link":"https:\/\/noticiasya.com\/midland-odessa\/categoria\/noticias-nacionales"},"img":{"alt_text":"","src":"","width":0,"height":0},"classes":[]},{"id":1459228,"url":"https:\/\/noticiasya.com\/midland-odessa\/2025\/02\/26\/casa-blanca-musk-reunion-del-gabinete-trax\/","url_meta":{"origin":1455305,"position":5},"title":"La Casa Blanca explic\u00f3 por qu\u00e9 Musk asistir\u00e1 a la reuni\u00f3n del Gabinete de este mi\u00e9rcoles","author":"","date":"febrero 26, 2025","format":false,"excerpt":"La secretaria de prensa de la Casa Blanca, Karoline Leavitt, explic\u00f3 este mi\u00e9rcoles a los periodistas de la Casa Blanca por qu\u00e9 Elon Musk asistir\u00e1 a la primera reuni\u00f3n del Gabinete de Trump a pesar de no ser miembro del Gabinete, y dio un avance antes de la agenda de\u2026","rel":"","context":"In &quot;Noticias Nacionales&quot;","block_context":{"text":"Noticias Nacionales","link":"https:\/\/noticiasya.com\/midland-odessa\/categoria\/noticias-nacionales"},"img":{"alt_text":"","src":"","width":0,"height":0},"classes":[]}],"jetpack_sharing_enabled":true,"_links":{"self":[{"href":"https:\/\/noticiasya.com\/midland-odessa\/wp-json\/wp\/v2\/posts\/1455305","targetHints":{"allow":["GET"]}}],"collection":[{"href":"https:\/\/noticiasya.com\/midland-odessa\/wp-json\/wp\/v2\/posts"}],"about":[{"href":"https:\/\/noticiasya.com\/midland-odessa\/wp-json\/wp\/v2\/types\/post"}],"replies":[{"embeddable":true,"href":"https:\/\/noticiasya.com\/midland-odessa\/wp-json\/wp\/v2\/comments?post=1455305"}],"version-history":[{"count":0,"href":"https:\/\/noticiasya.com\/midland-odessa\/wp-json\/wp\/v2\/posts\/1455305\/revisions"}],"wp:attachment":[{"href":"https:\/\/noticiasya.com\/midland-odessa\/wp-json\/wp\/v2\/media?parent=1455305"}],"wp:term":[{"taxonomy":"category","embeddable":true,"href":"https:\/\/noticiasya.com\/midland-odessa\/wp-json\/wp\/v2\/categories?post=1455305"},{"taxonomy":"post_tag","embeddable":true,"href":"https:\/\/noticiasya.com\/midland-odessa\/wp-json\/wp\/v2\/tags?post=1455305"}],"curies":[{"name":"wp","href":"https:\/\/api.w.org\/{rel}","templated":true}]}}