{"id":1455310,"date":"2024-10-23T05:03:44","date_gmt":"2024-10-23T12:03:44","guid":{"rendered":"https:\/\/noticiasya.com\/2024\/10\/23\/morena-iniciativa-blindar-reforma-judicial-orix\/"},"modified":"2024-10-23T05:03:44","modified_gmt":"2024-10-23T12:03:44","slug":"morena-iniciativa-blindar-reforma-judicial-orix","status":"publish","type":"post","link":"https:\/\/noticiasya.com\/midland-odessa\/2024\/10\/23\/morena-iniciativa-blindar-reforma-judicial-orix\/","title":{"rendered":"Morena presenta iniciativa para blindar la reforma judicial y otras reformas constitucionales"},"content":{"rendered":"<p>(CNN Espa\u00f1ol) &#8212;\u00a0El grupo parlamentario de Morena en el Senado de M\u00e9xico propuso este martes reformas para evitar amparos contra adiciones o reformas a la Constituci\u00f3n.<\/p>\n<p>La iniciativa plantea modificaciones a los art\u00edculos 1, 103, 105 y 107 de la Constituci\u00f3n y detalla que &#171;no proceder\u00e1 el juicio de amparo contra adiciones o reformas a esta Constituci\u00f3n, incluyendo proceso deliberativo, correlativo y debida votaci\u00f3n&#187;.<\/p>\n<p>L\u00edderes legislativos de la oposici\u00f3n rechazaron la iniciativa al considerarla \u201cautoritaria\u201d y que \u201cbusca limitar los mecanismos de control constitucional&#187;.<\/p>\n<p>&#171;Esta iniciativa, en s\u00ed misma, demuestra que la Suprema Corte de Justicia de la Naci\u00f3n s\u00ed puede revertir reformas constitucionales, algo que el oficialismo reconoce t\u00e1citamente con esta propuesta&#187;, consider\u00f3 Alejandro Moreno, senador y presidente del Partido Revolucionario Institucional (PRI).<\/p>\n<p>&#171;Esta iniciativa de Morena es un claro ejemplo de autoritarismo. Quieren eliminar cualquier posibilidad de defensa legal&#187;, escribi\u00f3 la l\u00edder del Partido Acci\u00f3n Nacional (PAN) en el Senado, Guadalupe Murgu\u00eda, en su cuenta de X.<\/p>\n<p>La propuesta del partido oficialista llega luego de que se han presentado varios juicios de amparo, el m\u00e1s reciente por la jueza Nancy Ju\u00e1rez Salas, quien resolvi\u00f3 que la Presidencia de M\u00e9xico incumpli\u00f3 la suspensi\u00f3n provisional que le orden\u00f3 no publicar en el Diario Oficial de la Federaci\u00f3n la reforma judicial.<\/p>\n<p>The-CNN-Wire<br \/>&trade; &amp; &copy; 2024 Cable News Network, Inc., a Warner Bros. Discovery Company. All rights reserved.<\/p>\n","protected":false},"excerpt":{"rendered":"<p>(CNN Espa\u00f1ol) &#8212;\u00a0El grupo parlamentario de Morena en el Senado de M\u00e9xico propuso este martes reformas para evitar amparos contra adiciones o reformas a la Constituci\u00f3n. La iniciativa plantea modificaciones a los art\u00edculos 1, 103, 105 y 107 de la Constituci\u00f3n y detalla que &#171;no proceder\u00e1 el juicio de amparo contra adiciones o reformas a [&hellip;]<\/p>\n","protected":false},"author":0,"featured_media":0,"comment_status":"open","ping_status":"open","sticky":false,"template":"","format":"standard","meta":{"_jetpack_memberships_contains_paid_content":false,"footnotes":""},"categories":[10],"tags":[],"class_list":["post-1455310","post","type-post","status-publish","format-standard","hentry","category-noticias-nacionales","market-global"],"yoast_head":"<!-- This site is optimized with the Yoast SEO plugin v24.4 - https:\/\/yoast.com\/wordpress\/plugins\/seo\/ -->\n<title>Morena presenta iniciativa para blindar la reforma judicial y otras reformas constitucionales - Noticias<\/title>\n<meta name=\"robots\" content=\"index, follow, max-snippet:-1, max-image-preview:large, max-video-preview:-1\" \/>\n<link rel=\"canonical\" href=\"https:\/\/noticiasya.com\/2024\/10\/23\/morena-iniciativa-blindar-reforma-judicial-orix\/\" \/>\n<meta property=\"og:locale\" content=\"es_ES\" \/>\n<meta property=\"og:type\" content=\"article\" \/>\n<meta property=\"og:title\" content=\"Morena presenta iniciativa para blindar la reforma judicial y otras reformas constitucionales - Noticias\" \/>\n<meta property=\"og:description\" content=\"(CNN Espa\u00f1ol) &#8212;\u00a0El grupo parlamentario de Morena en el Senado de M\u00e9xico propuso este martes reformas para evitar amparos contra adiciones o reformas a la Constituci\u00f3n. La iniciativa plantea modificaciones a los art\u00edculos 1, 103, 105 y 107 de la Constituci\u00f3n y detalla que &#171;no proceder\u00e1 el juicio de amparo contra adiciones o reformas a [&hellip;]\" \/>\n<meta property=\"og:url\" content=\"https:\/\/noticiasya.com\/2024\/10\/23\/morena-iniciativa-blindar-reforma-judicial-orix\/\" \/>\n<meta property=\"og:site_name\" content=\"Noticias\" \/>\n<meta property=\"article:published_time\" content=\"2024-10-23T12:03:44+00:00\" \/>\n<meta name=\"twitter:card\" content=\"summary_large_image\" \/>\n<meta name=\"twitter:label1\" content=\"Est. reading time\" \/>\n\t<meta name=\"twitter:data1\" content=\"1 minuto\" \/>\n<script type=\"application\/ld+json\" class=\"yoast-schema-graph\">{\"@context\":\"https:\/\/schema.org\",\"@graph\":[{\"@type\":\"Article\",\"@id\":\"https:\/\/noticiasya.com\/2024\/10\/23\/morena-iniciativa-blindar-reforma-judicial-orix\/#article\",\"isPartOf\":{\"@id\":\"https:\/\/noticiasya.com\/2024\/10\/23\/morena-iniciativa-blindar-reforma-judicial-orix\/\"},\"author\":{\"name\":\"\",\"@id\":\"\"},\"headline\":\"Morena presenta iniciativa para blindar la reforma judicial y otras reformas constitucionales\",\"datePublished\":\"2024-10-23T12:03:44+00:00\",\"mainEntityOfPage\":{\"@id\":\"https:\/\/noticiasya.com\/2024\/10\/23\/morena-iniciativa-blindar-reforma-judicial-orix\/\"},\"wordCount\":254,\"commentCount\":0,\"publisher\":{\"@id\":\"https:\/\/noticiasya.com\/#organization\"},\"articleSection\":[\"Noticias Nacionales\"],\"inLanguage\":\"es\",\"potentialAction\":[{\"@type\":\"CommentAction\",\"name\":\"Comment\",\"target\":[\"https:\/\/noticiasya.com\/2024\/10\/23\/morena-iniciativa-blindar-reforma-judicial-orix\/#respond\"]}]},{\"@type\":\"WebPage\",\"@id\":\"https:\/\/noticiasya.com\/2024\/10\/23\/morena-iniciativa-blindar-reforma-judicial-orix\/\",\"url\":\"https:\/\/noticiasya.com\/2024\/10\/23\/morena-iniciativa-blindar-reforma-judicial-orix\/\",\"name\":\"Morena presenta iniciativa para blindar la reforma judicial y otras reformas constitucionales - Noticias\",\"isPartOf\":{\"@id\":\"https:\/\/noticiasya.com\/#website\"},\"datePublished\":\"2024-10-23T12:03:44+00:00\",\"breadcrumb\":{\"@id\":\"https:\/\/noticiasya.com\/2024\/10\/23\/morena-iniciativa-blindar-reforma-judicial-orix\/#breadcrumb\"},\"inLanguage\":\"es\",\"potentialAction\":[{\"@type\":\"ReadAction\",\"target\":[\"https:\/\/noticiasya.com\/2024\/10\/23\/morena-iniciativa-blindar-reforma-judicial-orix\/\"]}]},{\"@type\":\"BreadcrumbList\",\"@id\":\"https:\/\/noticiasya.com\/2024\/10\/23\/morena-iniciativa-blindar-reforma-judicial-orix\/#breadcrumb\",\"itemListElement\":[{\"@type\":\"ListItem\",\"position\":1,\"name\":\"Home\",\"item\":\"https:\/\/noticiasya.com\/\"},{\"@type\":\"ListItem\",\"position\":2,\"name\":\"Morena presenta iniciativa para blindar la reforma judicial y otras reformas constitucionales\"}]},{\"@type\":\"WebSite\",\"@id\":\"https:\/\/noticiasya.com\/#website\",\"url\":\"https:\/\/noticiasya.com\/\",\"name\":\"Noticias\",\"description\":\"Lo que importa\",\"publisher\":{\"@id\":\"https:\/\/noticiasya.com\/#organization\"},\"potentialAction\":[{\"@type\":\"SearchAction\",\"target\":{\"@type\":\"EntryPoint\",\"urlTemplate\":\"https:\/\/noticiasya.com\/?s={search_term_string}\"},\"query-input\":{\"@type\":\"PropertyValueSpecification\",\"valueRequired\":true,\"valueName\":\"search_term_string\"}}],\"inLanguage\":\"es\"},{\"@type\":\"Organization\",\"@id\":\"https:\/\/noticiasya.com\/#organization\",\"name\":\"Noticias\",\"url\":\"https:\/\/noticiasya.com\/\",\"logo\":{\"@type\":\"ImageObject\",\"inLanguage\":\"es\",\"@id\":\"https:\/\/noticiasya.com\/#\/schema\/logo\/image\/\",\"url\":\"https:\/\/noticiasya.com\/wp-content\/uploads\/sites\/22\/2023\/12\/logo-nacional.png\",\"contentUrl\":\"https:\/\/noticiasya.com\/wp-content\/uploads\/sites\/22\/2023\/12\/logo-nacional.png\",\"width\":1801,\"height\":691,\"caption\":\"Noticias\"},\"image\":{\"@id\":\"https:\/\/noticiasya.com\/#\/schema\/logo\/image\/\"}}]}<\/script>\n<!-- \/ Yoast SEO plugin. -->","yoast_head_json":{"title":"Morena presenta iniciativa para blindar la reforma judicial y otras reformas constitucionales - Noticias","robots":{"index":"index","follow":"follow","max-snippet":"max-snippet:-1","max-image-preview":"max-image-preview:large","max-video-preview":"max-video-preview:-1"},"canonical":"https:\/\/noticiasya.com\/2024\/10\/23\/morena-iniciativa-blindar-reforma-judicial-orix\/","og_locale":"es_ES","og_type":"article","og_title":"Morena presenta iniciativa para blindar la reforma judicial y otras reformas constitucionales - Noticias","og_description":"(CNN Espa\u00f1ol) &#8212;\u00a0El grupo parlamentario de Morena en el Senado de M\u00e9xico propuso este martes reformas para evitar amparos contra adiciones o reformas a la Constituci\u00f3n. La iniciativa plantea modificaciones a los art\u00edculos 1, 103, 105 y 107 de la Constituci\u00f3n y detalla que &#171;no proceder\u00e1 el juicio de amparo contra adiciones o reformas a [&hellip;]","og_url":"https:\/\/noticiasya.com\/2024\/10\/23\/morena-iniciativa-blindar-reforma-judicial-orix\/","og_site_name":"Noticias","article_published_time":"2024-10-23T12:03:44+00:00","twitter_card":"summary_large_image","twitter_misc":{"Est. reading time":"1 minuto"},"schema":{"@context":"https:\/\/schema.org","@graph":[{"@type":"Article","@id":"https:\/\/noticiasya.com\/2024\/10\/23\/morena-iniciativa-blindar-reforma-judicial-orix\/#article","isPartOf":{"@id":"https:\/\/noticiasya.com\/2024\/10\/23\/morena-iniciativa-blindar-reforma-judicial-orix\/"},"author":{"name":"","@id":""},"headline":"Morena presenta iniciativa para blindar la reforma judicial y otras reformas constitucionales","datePublished":"2024-10-23T12:03:44+00:00","mainEntityOfPage":{"@id":"https:\/\/noticiasya.com\/2024\/10\/23\/morena-iniciativa-blindar-reforma-judicial-orix\/"},"wordCount":254,"commentCount":0,"publisher":{"@id":"https:\/\/noticiasya.com\/#organization"},"articleSection":["Noticias Nacionales"],"inLanguage":"es","potentialAction":[{"@type":"CommentAction","name":"Comment","target":["https:\/\/noticiasya.com\/2024\/10\/23\/morena-iniciativa-blindar-reforma-judicial-orix\/#respond"]}]},{"@type":"WebPage","@id":"https:\/\/noticiasya.com\/2024\/10\/23\/morena-iniciativa-blindar-reforma-judicial-orix\/","url":"https:\/\/noticiasya.com\/2024\/10\/23\/morena-iniciativa-blindar-reforma-judicial-orix\/","name":"Morena presenta iniciativa para blindar la reforma judicial y otras reformas constitucionales - Noticias","isPartOf":{"@id":"https:\/\/noticiasya.com\/#website"},"datePublished":"2024-10-23T12:03:44+00:00","breadcrumb":{"@id":"https:\/\/noticiasya.com\/2024\/10\/23\/morena-iniciativa-blindar-reforma-judicial-orix\/#breadcrumb"},"inLanguage":"es","potentialAction":[{"@type":"ReadAction","target":["https:\/\/noticiasya.com\/2024\/10\/23\/morena-iniciativa-blindar-reforma-judicial-orix\/"]}]},{"@type":"BreadcrumbList","@id":"https:\/\/noticiasya.com\/2024\/10\/23\/morena-iniciativa-blindar-reforma-judicial-orix\/#breadcrumb","itemListElement":[{"@type":"ListItem","position":1,"name":"Home","item":"https:\/\/noticiasya.com\/"},{"@type":"ListItem","position":2,"name":"Morena presenta iniciativa para blindar la reforma judicial y otras reformas constitucionales"}]},{"@type":"WebSite","@id":"https:\/\/noticiasya.com\/#website","url":"https:\/\/noticiasya.com\/","name":"Noticias","description":"Lo que importa","publisher":{"@id":"https:\/\/noticiasya.com\/#organization"},"potentialAction":[{"@type":"SearchAction","target":{"@type":"EntryPoint","urlTemplate":"https:\/\/noticiasya.com\/?s={search_term_string}"},"query-input":{"@type":"PropertyValueSpecification","valueRequired":true,"valueName":"search_term_string"}}],"inLanguage":"es"},{"@type":"Organization","@id":"https:\/\/noticiasya.com\/#organization","name":"Noticias","url":"https:\/\/noticiasya.com\/","logo":{"@type":"ImageObject","inLanguage":"es","@id":"https:\/\/noticiasya.com\/#\/schema\/logo\/image\/","url":"https:\/\/noticiasya.com\/wp-content\/uploads\/sites\/22\/2023\/12\/logo-nacional.png","contentUrl":"https:\/\/noticiasya.com\/wp-content\/uploads\/sites\/22\/2023\/12\/logo-nacional.png","width":1801,"height":691,"caption":"Noticias"},"image":{"@id":"https:\/\/noticiasya.com\/#\/schema\/logo\/image\/"}}]}},"parsely":{"version":"1.1.0","canonical_url":"https:\/\/noticiasya.com\/midland-odessa\/2024\/10\/23\/morena-iniciativa-blindar-reforma-judicial-orix\/","smart_links":{"inbound":0,"outbound":0},"traffic_boost_suggestions_count":0,"meta":{"@context":"https:\/\/schema.org","@type":"NewsArticle","headline":"Morena presenta iniciativa para blindar la reforma judicial y otras reformas constitucionales","url":"http:\/\/noticiasya.com\/midland-odessa\/2024\/10\/23\/morena-iniciativa-blindar-reforma-judicial-orix\/","mainEntityOfPage":{"@type":"WebPage","@id":"http:\/\/noticiasya.com\/midland-odessa\/2024\/10\/23\/morena-iniciativa-blindar-reforma-judicial-orix\/"},"thumbnailUrl":"","image":{"@type":"ImageObject","url":""},"articleSection":"Noticias Nacionales","author":[],"creator":[],"publisher":{"@type":"Organization","name":"Noticias","logo":""},"keywords":[],"dateCreated":"2024-10-23T12:03:44Z","datePublished":"2024-10-23T12:03:44Z","dateModified":"2024-10-23T12:03:44Z"},"rendered":"<script type=\"application\/ld+json\" class=\"wp-parsely-metadata\">{\"@context\":\"https:\\\/\\\/schema.org\",\"@type\":\"NewsArticle\",\"headline\":\"Morena presenta iniciativa para blindar la reforma judicial y otras reformas constitucionales\",\"url\":\"http:\\\/\\\/noticiasya.com\\\/midland-odessa\\\/2024\\\/10\\\/23\\\/morena-iniciativa-blindar-reforma-judicial-orix\\\/\",\"mainEntityOfPage\":{\"@type\":\"WebPage\",\"@id\":\"http:\\\/\\\/noticiasya.com\\\/midland-odessa\\\/2024\\\/10\\\/23\\\/morena-iniciativa-blindar-reforma-judicial-orix\\\/\"},\"thumbnailUrl\":\"\",\"image\":{\"@type\":\"ImageObject\",\"url\":\"\"},\"articleSection\":\"Noticias Nacionales\",\"author\":[],\"creator\":[],\"publisher\":{\"@type\":\"Organization\",\"name\":\"Noticias\",\"logo\":\"\"},\"keywords\":[],\"dateCreated\":\"2024-10-23T12:03:44Z\",\"datePublished\":\"2024-10-23T12:03:44Z\",\"dateModified\":\"2024-10-23T12:03:44Z\"}<\/script>","tracker_url":"https:\/\/cdn.parsely.com\/keys\/noticiasya.com\/p.js"},"jetpack_featured_media_url":"","jetpack-related-posts":[{"id":1457370,"url":"https:\/\/noticiasya.com\/midland-odessa\/2025\/01\/08\/reformas-impulsadas-morena-aliados-orix\/","url_meta":{"origin":1455310,"position":0},"title":"\u00bfCalidad o cantidad? Las reformas impulsadas por Morena y sus aliados","author":"","date":"enero 8, 2025","format":false,"excerpt":"En dos meses y medio, el Congreso de M\u00e9xico aprob\u00f3 18 reformas constitucionales. De ellas, 16 fueron propuestas por el expresidente Andr\u00e9s Manuel L\u00f3pez Obrador, incluida la modificaci\u00f3n o creaci\u00f3n de nuevas leyes, destac\u00f3 la presidenta Claudia Sheinbaum el 13 de diciembre en su conferencia de prensa diaria.\u201cY despu\u00e9s, la\u2026","rel":"","context":"In &quot;Noticias Nacionales&quot;","block_context":{"text":"Noticias Nacionales","link":"https:\/\/noticiasya.com\/midland-odessa\/categoria\/noticias-nacionales"},"img":{"alt_text":"","src":"","width":0,"height":0},"classes":[]},{"id":1450098,"url":"https:\/\/noticiasya.com\/midland-odessa\/2024\/06\/06\/concentracion-poder-constitucion-dominio-morena-congreso-orix\/","url_meta":{"origin":1455310,"position":1},"title":"AN\u00c1LISIS | Constituci\u00f3n y Poder Judicial en riesgo por dominio de Morena en el Congreso de M\u00e9xico","author":"","date":"junio 6, 2024","format":false,"excerpt":"(CNN Espa\u00f1ol) -- El oficialista Morena y sus aliados, los partidos del Trabajo (PT) y Verde Ecologista (PVEM), se perfilan para ser la fuerza mayoritaria en el Congreso mexicano, tanto en la C\u00e1mara de Diputados como en el Senado, por los siguientes tres a\u00f1os.Analistas consultados por CNN coincidieron en que\u2026","rel":"","context":"In &quot;Noticias Nacionales&quot;","block_context":{"text":"Noticias Nacionales","link":"https:\/\/noticiasya.com\/midland-odessa\/categoria\/noticias-nacionales"},"img":{"alt_text":"","src":"","width":0,"height":0},"classes":[]},{"id":1455497,"url":"https:\/\/noticiasya.com\/midland-odessa\/2024\/10\/31\/congreso-mexicano-declara-validez-de-la-reforma-de-supremacia-constitucional-tras-aval-en-mayoria-de-legislaturas-estatales\/","url_meta":{"origin":1455310,"position":2},"title":"Congreso mexicano declara validez de la reforma de supremac\u00eda constitucional tras aval en mayor\u00eda de legislaturas estatales","author":"","date":"octubre 31, 2024","format":false,"excerpt":"(CNN Espa\u00f1ol) -- Las C\u00e1maras de Diputados y Senadores avalaron este jueves la enmienda de supremac\u00eda constitucional, que blinda las reformas a la Constituci\u00f3n Nacional de cualquier amparo, controversia y acci\u00f3n de inconstitucionalidad, incluida la pol\u00e9mica reforma judicial, tras alcanzar los votos aprobatorios de 23 legislaturas estatales, informaron ambas c\u00e1maras\u2026","rel":"","context":"In &quot;Noticias Nacionales&quot;","block_context":{"text":"Noticias Nacionales","link":"https:\/\/noticiasya.com\/midland-odessa\/categoria\/noticias-nacionales"},"img":{"alt_text":"","src":"","width":0,"height":0},"classes":[]},{"id":1452278,"url":"https:\/\/noticiasya.com\/midland-odessa\/2024\/08\/29\/morena-mayoria-calificada-congreso-tribunal-electoral-orix\/","url_meta":{"origin":1455310,"position":3},"title":"Morena consigue mayor\u00eda calificada en el Congreso tras aprobaci\u00f3n del Tribunal Electoral","author":"","date":"agosto 29, 2024","format":false,"excerpt":"(CNN Espa\u00f1ol) -- La Sala Superior del Tribunal Electoral del Poder Judicial de la Federaci\u00f3n (TEPJF) aprob\u00f3 este mi\u00e9rcoles, con cuatro votos a favor y uno en contra, el proyecto que confirma la mayor\u00eda calificada del partido en el poder Morena y sus aliados \u2014Verde Ecologista y Partido\u00a0del Trabajo\u2014 en\u2026","rel":"","context":"In &quot;Noticias Nacionales&quot;","block_context":{"text":"Noticias Nacionales","link":"https:\/\/noticiasya.com\/midland-odessa\/categoria\/noticias-nacionales"},"img":{"alt_text":"","src":"","width":0,"height":0},"classes":[]},{"id":1455484,"url":"https:\/\/noticiasya.com\/midland-odessa\/2024\/10\/31\/claudia-sheinbaum-mexico-constitucion-ley-maxima-orix\/","url_meta":{"origin":1455310,"position":4},"title":"Claudia Sheinbaum: \u201cLa Constituci\u00f3n es la ley m\u00e1xima\u201d","author":"","date":"octubre 31, 2024","format":false,"excerpt":"(CNN Espa\u00f1ol) \u2013\u2013 La presidenta de M\u00e9xico, Claudia Sheinbaum, critic\u00f3 este jueves a la oposici\u00f3n por el uso del t\u00e9rmino \u201csupremac\u00eda constitucional\u201d y se\u00f1al\u00f3 que la Corte menciona dicha palabra en diversos documentos.La mandataria subray\u00f3 que en el art\u00edculo 133 de la Constituci\u00f3n dice que la misma es \u201cla ley\u2026","rel":"","context":"In &quot;Noticias Nacionales&quot;","block_context":{"text":"Noticias Nacionales","link":"https:\/\/noticiasya.com\/midland-odessa\/categoria\/noticias-nacionales"},"img":{"alt_text":"","src":"","width":0,"height":0},"classes":[]},{"id":1448205,"url":"https:\/\/noticiasya.com\/midland-odessa\/2024\/04\/17\/ecuador-referendo-consulta-cambios-orix\/","url_meta":{"origin":1455310,"position":5},"title":"\u00bfPor qu\u00e9 hay referendo y consulta este domingo en Ecuador y qu\u00e9 cambios legales y constitucionales propone?","author":"","date":"abril 17, 2024","format":false,"excerpt":"(CNN Espa\u00f1ol) -- Los ecuatorianos volver\u00e1n a las urnas este domingo 21 de abril para decidir sobre reformas legales y cambios a la Constituci\u00f3n planteados por el presidente Daniel Noboa a trav\u00e9s de 11 preguntas \u2014de referendo y consulta popular\u2014 enfocadas en las \u00e1reas de seguridad, justicia, empleo y arbitrajes\u2026","rel":"","context":"In &quot;Noticias Nacionales&quot;","block_context":{"text":"Noticias Nacionales","link":"https:\/\/noticiasya.com\/midland-odessa\/categoria\/noticias-nacionales"},"img":{"alt_text":"","src":"","width":0,"height":0},"classes":[]}],"jetpack_sharing_enabled":true,"_links":{"self":[{"href":"https:\/\/noticiasya.com\/midland-odessa\/wp-json\/wp\/v2\/posts\/1455310","targetHints":{"allow":["GET"]}}],"collection":[{"href":"https:\/\/noticiasya.com\/midland-odessa\/wp-json\/wp\/v2\/posts"}],"about":[{"href":"https:\/\/noticiasya.com\/midland-odessa\/wp-json\/wp\/v2\/types\/post"}],"replies":[{"embeddable":true,"href":"https:\/\/noticiasya.com\/midland-odessa\/wp-json\/wp\/v2\/comments?post=1455310"}],"version-history":[{"count":0,"href":"https:\/\/noticiasya.com\/midland-odessa\/wp-json\/wp\/v2\/posts\/1455310\/revisions"}],"wp:attachment":[{"href":"https:\/\/noticiasya.com\/midland-odessa\/wp-json\/wp\/v2\/media?parent=1455310"}],"wp:term":[{"taxonomy":"category","embeddable":true,"href":"https:\/\/noticiasya.com\/midland-odessa\/wp-json\/wp\/v2\/categories?post=1455310"},{"taxonomy":"post_tag","embeddable":true,"href":"https:\/\/noticiasya.com\/midland-odessa\/wp-json\/wp\/v2\/tags?post=1455310"}],"curies":[{"name":"wp","href":"https:\/\/api.w.org\/{rel}","templated":true}]}}