{"id":1455317,"date":"2024-10-23T14:03:41","date_gmt":"2024-10-23T21:03:41","guid":{"rendered":"https:\/\/noticiasya.com\/2024\/10\/23\/mexico-sheinbaum-qr-jueza-suspension-reforma-judicial-orix\/"},"modified":"2024-10-23T14:03:41","modified_gmt":"2024-10-23T21:03:41","slug":"mexico-sheinbaum-qr-jueza-suspension-reforma-judicial-orix","status":"publish","type":"post","link":"https:\/\/noticiasya.com\/midland-odessa\/2024\/10\/23\/mexico-sheinbaum-qr-jueza-suspension-reforma-judicial-orix\/","title":{"rendered":"Sheinbaum se burla de que no funciona el c\u00f3digo QR que le envi\u00f3 la jueza que emiti\u00f3 una suspensi\u00f3n contra la reforma judicial"},"content":{"rendered":"<p>(CNN Espa\u00f1ol) \u2013\u2013 La presidenta de M\u00e9xico, Claudia Sheinbaum, se burl\u00f3 este mi\u00e9rcoles de que la notificaci\u00f3n judicial que le envi\u00f3 la jueza Nancy Ju\u00e1rez para eliminar la reforma judicial del Diario Oficial de la Federaci\u00f3n, hecha a trav\u00e9s de un c\u00f3digo QR, no funciona y env\u00eda a un aviso de que ha sido eliminado.<\/p>\n<p>\u201cTanto que han estado diciendo con la notificaci\u00f3n. La notificaci\u00f3n viene en un QR (\u2026) y no lleva a ning\u00fan lado, no hay notificaci\u00f3n\u201d, se\u00f1al\u00f3 en tono sarc\u00e1stico en su conferencia de prensa diaria.<\/p>\n<p>AN\u00c1LISIS | \u00bfPor qu\u00e9 genera tanta pol\u00e9mica la reforma judicial del Gobierno de L\u00f3pez Obrador?<\/p>\n<p>Sheinbaum agreg\u00f3 que certificaron por medio de un notario p\u00fablico que el c\u00f3digo no funcionaba.<\/p>\n<p>La jueza hab\u00eda enviado a la Consejer\u00eda Jur\u00eddica de la Presidencia la notificaci\u00f3n de que otorg\u00f3 una suspensi\u00f3n provisional para eliminar el decreto de la controvertida reforma judicial, que establece \u2015entre otras cosas\u2015 que los jueces mexicanos sean elegidos por votaci\u00f3n directa, algo que ha sido criticado por especialistas.<\/p>\n<p>El jueves, la jueza Ju\u00e1rez Salas, del Decimonoveno Juzgado de Distrito de Veracruz, resolvi\u00f3 que la Presidencia incumpli\u00f3 la suspensi\u00f3n provisional que le orden\u00f3 no publicar la reforma judicial en el Diario Oficial de la Federaci\u00f3n (DOF).<\/p>\n<p>CNN intent\u00f3 contactar a la jueza Ju\u00e1rez Salas para conocer su versi\u00f3n sobre el asunto, pero no ha obtenido respuesta.<\/p>\n<p>Este martes, la jueza dijo a CNN que el recurso hab\u00eda sido presentado contra la mandataria y el titular del DOF por la promulgaci\u00f3n, debido a que el 12 de septiembre se concedi\u00f3 una suspensi\u00f3n provisional para evitar la promulgaci\u00f3n. Agreg\u00f3 que, dado que esto ocurri\u00f3 a pesar de la orden judicial, determin\u00f3 otorgar un nuevo recurso para eliminar el decreto.<\/p>\n<p>\u201cConsider\u00e9 de manera objetiva y con base en el marco legal y constitucional que era procedente esta suspensi\u00f3n definitiva para el efecto de que se eliminara la publicaci\u00f3n del Diario Oficial, es decir tuvo unos efectos restitutorios\u201d, dijo en entrevista con Carmen Aristegui.<\/p>\n<p>Ju\u00e1rez Salas puntualiz\u00f3 que el recurso no se opone al texto constitucional, sino al proceso de aprobaci\u00f3n legislativa, que s\u00ed es impugnable por medios legales.<\/p>\n<p>\u201cEst\u00e1n un poco desorientados los asesores de la Presidencia porque aqu\u00ed lo que se est\u00e1 reclamando no es en s\u00ed la reforma constitucional en materia judicial, sino el proceso legislativo previo a la reforma\u201d, a\u00f1adi\u00f3.<\/p>\n<p>Sheinbaum: &#171;No hay antecedentes de que un juez haya pedido eliminar algo del Diario Oficial de la Federaci\u00f3n&#187;<\/p>\n<p>La presidenta afirm\u00f3 este viernes que no recibi\u00f3 ninguna notificaci\u00f3n, y ha reiterado que no bajar\u00e1n el decreto y que la reforma no peligra.<\/p>\n<p>La Ley Federal de Procedimiento Administrativo de M\u00e9xico indica que las notificaciones judiciales pueden realizarse por correo ordinario, mensajer\u00eda, telegrama, telefax o medios de comunicaci\u00f3n electr\u00f3nica (entre estos \u00faltimos se incluye al QR).<\/p>\n<p>CNN solicit\u00f3 a la portavoz de Sheinbaum informaci\u00f3n de si hab\u00eda recibido notificaciones por alguno de los otros medios, sin haber recibido respuesta hasta el momento.<\/p>\n<p>El asunto es una m\u00e1s de las controversias en los procesos iniciados contra la reforma judicial, que fue aprobada en el Congreso con el respaldo de la mayor\u00eda de Morena, el partido fundado por el ahora expresidente Andr\u00e9s Manuel L\u00f3pez Obrador y que tambi\u00e9n postul\u00f3 a la actual presidenta.<\/p>\n<p>The-CNN-Wire<br \/>&trade; &amp; &copy; 2024 Cable News Network, Inc., a Warner Bros. Discovery Company. All rights reserved.<\/p>\n","protected":false},"excerpt":{"rendered":"<p>(CNN Espa\u00f1ol) \u2013\u2013 La presidenta de M\u00e9xico, Claudia Sheinbaum, se burl\u00f3 este mi\u00e9rcoles de que la notificaci\u00f3n judicial que le envi\u00f3 la jueza Nancy Ju\u00e1rez para eliminar la reforma judicial del Diario Oficial de la Federaci\u00f3n, hecha a trav\u00e9s de un c\u00f3digo QR, no funciona y env\u00eda a un aviso de que ha sido eliminado. [&hellip;]<\/p>\n","protected":false},"author":0,"featured_media":0,"comment_status":"open","ping_status":"open","sticky":false,"template":"","format":"standard","meta":{"_jetpack_memberships_contains_paid_content":false,"footnotes":""},"categories":[10],"tags":[],"class_list":["post-1455317","post","type-post","status-publish","format-standard","hentry","category-noticias-nacionales","market-global"],"yoast_head":"<!-- This site is optimized with the Yoast SEO plugin v24.4 - https:\/\/yoast.com\/wordpress\/plugins\/seo\/ -->\n<title>Sheinbaum se burla de que no funciona el c\u00f3digo QR que le envi\u00f3 la jueza que emiti\u00f3 una suspensi\u00f3n contra la reforma judicial - Noticias<\/title>\n<meta name=\"robots\" content=\"index, follow, max-snippet:-1, max-image-preview:large, max-video-preview:-1\" \/>\n<link rel=\"canonical\" href=\"https:\/\/noticiasya.com\/2024\/10\/23\/mexico-sheinbaum-qr-jueza-suspension-reforma-judicial-orix\/\" \/>\n<meta property=\"og:locale\" content=\"es_ES\" \/>\n<meta property=\"og:type\" content=\"article\" \/>\n<meta property=\"og:title\" content=\"Sheinbaum se burla de que no funciona el c\u00f3digo QR que le envi\u00f3 la jueza que emiti\u00f3 una suspensi\u00f3n contra la reforma judicial - Noticias\" \/>\n<meta property=\"og:description\" content=\"(CNN Espa\u00f1ol) \u2013\u2013 La presidenta de M\u00e9xico, Claudia Sheinbaum, se burl\u00f3 este mi\u00e9rcoles de que la notificaci\u00f3n judicial que le envi\u00f3 la jueza Nancy Ju\u00e1rez para eliminar la reforma judicial del Diario Oficial de la Federaci\u00f3n, hecha a trav\u00e9s de un c\u00f3digo QR, no funciona y env\u00eda a un aviso de que ha sido eliminado. [&hellip;]\" \/>\n<meta property=\"og:url\" content=\"https:\/\/noticiasya.com\/2024\/10\/23\/mexico-sheinbaum-qr-jueza-suspension-reforma-judicial-orix\/\" \/>\n<meta property=\"og:site_name\" content=\"Noticias\" \/>\n<meta property=\"article:published_time\" content=\"2024-10-23T21:03:41+00:00\" \/>\n<meta name=\"twitter:card\" content=\"summary_large_image\" \/>\n<meta name=\"twitter:label1\" content=\"Est. reading time\" \/>\n\t<meta name=\"twitter:data1\" content=\"3 minutos\" \/>\n<script type=\"application\/ld+json\" class=\"yoast-schema-graph\">{\"@context\":\"https:\/\/schema.org\",\"@graph\":[{\"@type\":\"Article\",\"@id\":\"https:\/\/noticiasya.com\/2024\/10\/23\/mexico-sheinbaum-qr-jueza-suspension-reforma-judicial-orix\/#article\",\"isPartOf\":{\"@id\":\"https:\/\/noticiasya.com\/2024\/10\/23\/mexico-sheinbaum-qr-jueza-suspension-reforma-judicial-orix\/\"},\"author\":{\"name\":\"\",\"@id\":\"\"},\"headline\":\"Sheinbaum se burla de que no funciona el c\u00f3digo QR que le envi\u00f3 la jueza que emiti\u00f3 una suspensi\u00f3n contra la reforma judicial\",\"datePublished\":\"2024-10-23T21:03:41+00:00\",\"mainEntityOfPage\":{\"@id\":\"https:\/\/noticiasya.com\/2024\/10\/23\/mexico-sheinbaum-qr-jueza-suspension-reforma-judicial-orix\/\"},\"wordCount\":631,\"commentCount\":0,\"publisher\":{\"@id\":\"https:\/\/noticiasya.com\/#organization\"},\"articleSection\":[\"Noticias Nacionales\"],\"inLanguage\":\"es\",\"potentialAction\":[{\"@type\":\"CommentAction\",\"name\":\"Comment\",\"target\":[\"https:\/\/noticiasya.com\/2024\/10\/23\/mexico-sheinbaum-qr-jueza-suspension-reforma-judicial-orix\/#respond\"]}]},{\"@type\":\"WebPage\",\"@id\":\"https:\/\/noticiasya.com\/2024\/10\/23\/mexico-sheinbaum-qr-jueza-suspension-reforma-judicial-orix\/\",\"url\":\"https:\/\/noticiasya.com\/2024\/10\/23\/mexico-sheinbaum-qr-jueza-suspension-reforma-judicial-orix\/\",\"name\":\"Sheinbaum se burla de que no funciona el c\u00f3digo QR que le envi\u00f3 la jueza que emiti\u00f3 una suspensi\u00f3n contra la reforma judicial - Noticias\",\"isPartOf\":{\"@id\":\"https:\/\/noticiasya.com\/#website\"},\"datePublished\":\"2024-10-23T21:03:41+00:00\",\"breadcrumb\":{\"@id\":\"https:\/\/noticiasya.com\/2024\/10\/23\/mexico-sheinbaum-qr-jueza-suspension-reforma-judicial-orix\/#breadcrumb\"},\"inLanguage\":\"es\",\"potentialAction\":[{\"@type\":\"ReadAction\",\"target\":[\"https:\/\/noticiasya.com\/2024\/10\/23\/mexico-sheinbaum-qr-jueza-suspension-reforma-judicial-orix\/\"]}]},{\"@type\":\"BreadcrumbList\",\"@id\":\"https:\/\/noticiasya.com\/2024\/10\/23\/mexico-sheinbaum-qr-jueza-suspension-reforma-judicial-orix\/#breadcrumb\",\"itemListElement\":[{\"@type\":\"ListItem\",\"position\":1,\"name\":\"Home\",\"item\":\"https:\/\/noticiasya.com\/\"},{\"@type\":\"ListItem\",\"position\":2,\"name\":\"Sheinbaum se burla de que no funciona el c\u00f3digo QR que le envi\u00f3 la jueza que emiti\u00f3 una suspensi\u00f3n contra la reforma judicial\"}]},{\"@type\":\"WebSite\",\"@id\":\"https:\/\/noticiasya.com\/#website\",\"url\":\"https:\/\/noticiasya.com\/\",\"name\":\"Noticias\",\"description\":\"Lo que importa\",\"publisher\":{\"@id\":\"https:\/\/noticiasya.com\/#organization\"},\"potentialAction\":[{\"@type\":\"SearchAction\",\"target\":{\"@type\":\"EntryPoint\",\"urlTemplate\":\"https:\/\/noticiasya.com\/?s={search_term_string}\"},\"query-input\":{\"@type\":\"PropertyValueSpecification\",\"valueRequired\":true,\"valueName\":\"search_term_string\"}}],\"inLanguage\":\"es\"},{\"@type\":\"Organization\",\"@id\":\"https:\/\/noticiasya.com\/#organization\",\"name\":\"Noticias\",\"url\":\"https:\/\/noticiasya.com\/\",\"logo\":{\"@type\":\"ImageObject\",\"inLanguage\":\"es\",\"@id\":\"https:\/\/noticiasya.com\/#\/schema\/logo\/image\/\",\"url\":\"https:\/\/noticiasya.com\/wp-content\/uploads\/sites\/22\/2023\/12\/logo-nacional.png\",\"contentUrl\":\"https:\/\/noticiasya.com\/wp-content\/uploads\/sites\/22\/2023\/12\/logo-nacional.png\",\"width\":1801,\"height\":691,\"caption\":\"Noticias\"},\"image\":{\"@id\":\"https:\/\/noticiasya.com\/#\/schema\/logo\/image\/\"}}]}<\/script>\n<!-- \/ Yoast SEO plugin. -->","yoast_head_json":{"title":"Sheinbaum se burla de que no funciona el c\u00f3digo QR que le envi\u00f3 la jueza que emiti\u00f3 una suspensi\u00f3n contra la reforma judicial - Noticias","robots":{"index":"index","follow":"follow","max-snippet":"max-snippet:-1","max-image-preview":"max-image-preview:large","max-video-preview":"max-video-preview:-1"},"canonical":"https:\/\/noticiasya.com\/2024\/10\/23\/mexico-sheinbaum-qr-jueza-suspension-reforma-judicial-orix\/","og_locale":"es_ES","og_type":"article","og_title":"Sheinbaum se burla de que no funciona el c\u00f3digo QR que le envi\u00f3 la jueza que emiti\u00f3 una suspensi\u00f3n contra la reforma judicial - Noticias","og_description":"(CNN Espa\u00f1ol) \u2013\u2013 La presidenta de M\u00e9xico, Claudia Sheinbaum, se burl\u00f3 este mi\u00e9rcoles de que la notificaci\u00f3n judicial que le envi\u00f3 la jueza Nancy Ju\u00e1rez para eliminar la reforma judicial del Diario Oficial de la Federaci\u00f3n, hecha a trav\u00e9s de un c\u00f3digo QR, no funciona y env\u00eda a un aviso de que ha sido eliminado. [&hellip;]","og_url":"https:\/\/noticiasya.com\/2024\/10\/23\/mexico-sheinbaum-qr-jueza-suspension-reforma-judicial-orix\/","og_site_name":"Noticias","article_published_time":"2024-10-23T21:03:41+00:00","twitter_card":"summary_large_image","twitter_misc":{"Est. reading time":"3 minutos"},"schema":{"@context":"https:\/\/schema.org","@graph":[{"@type":"Article","@id":"https:\/\/noticiasya.com\/2024\/10\/23\/mexico-sheinbaum-qr-jueza-suspension-reforma-judicial-orix\/#article","isPartOf":{"@id":"https:\/\/noticiasya.com\/2024\/10\/23\/mexico-sheinbaum-qr-jueza-suspension-reforma-judicial-orix\/"},"author":{"name":"","@id":""},"headline":"Sheinbaum se burla de que no funciona el c\u00f3digo QR que le envi\u00f3 la jueza que emiti\u00f3 una suspensi\u00f3n contra la reforma judicial","datePublished":"2024-10-23T21:03:41+00:00","mainEntityOfPage":{"@id":"https:\/\/noticiasya.com\/2024\/10\/23\/mexico-sheinbaum-qr-jueza-suspension-reforma-judicial-orix\/"},"wordCount":631,"commentCount":0,"publisher":{"@id":"https:\/\/noticiasya.com\/#organization"},"articleSection":["Noticias Nacionales"],"inLanguage":"es","potentialAction":[{"@type":"CommentAction","name":"Comment","target":["https:\/\/noticiasya.com\/2024\/10\/23\/mexico-sheinbaum-qr-jueza-suspension-reforma-judicial-orix\/#respond"]}]},{"@type":"WebPage","@id":"https:\/\/noticiasya.com\/2024\/10\/23\/mexico-sheinbaum-qr-jueza-suspension-reforma-judicial-orix\/","url":"https:\/\/noticiasya.com\/2024\/10\/23\/mexico-sheinbaum-qr-jueza-suspension-reforma-judicial-orix\/","name":"Sheinbaum se burla de que no funciona el c\u00f3digo QR que le envi\u00f3 la jueza que emiti\u00f3 una suspensi\u00f3n contra la reforma judicial - Noticias","isPartOf":{"@id":"https:\/\/noticiasya.com\/#website"},"datePublished":"2024-10-23T21:03:41+00:00","breadcrumb":{"@id":"https:\/\/noticiasya.com\/2024\/10\/23\/mexico-sheinbaum-qr-jueza-suspension-reforma-judicial-orix\/#breadcrumb"},"inLanguage":"es","potentialAction":[{"@type":"ReadAction","target":["https:\/\/noticiasya.com\/2024\/10\/23\/mexico-sheinbaum-qr-jueza-suspension-reforma-judicial-orix\/"]}]},{"@type":"BreadcrumbList","@id":"https:\/\/noticiasya.com\/2024\/10\/23\/mexico-sheinbaum-qr-jueza-suspension-reforma-judicial-orix\/#breadcrumb","itemListElement":[{"@type":"ListItem","position":1,"name":"Home","item":"https:\/\/noticiasya.com\/"},{"@type":"ListItem","position":2,"name":"Sheinbaum se burla de que no funciona el c\u00f3digo QR que le envi\u00f3 la jueza que emiti\u00f3 una suspensi\u00f3n contra la reforma judicial"}]},{"@type":"WebSite","@id":"https:\/\/noticiasya.com\/#website","url":"https:\/\/noticiasya.com\/","name":"Noticias","description":"Lo que importa","publisher":{"@id":"https:\/\/noticiasya.com\/#organization"},"potentialAction":[{"@type":"SearchAction","target":{"@type":"EntryPoint","urlTemplate":"https:\/\/noticiasya.com\/?s={search_term_string}"},"query-input":{"@type":"PropertyValueSpecification","valueRequired":true,"valueName":"search_term_string"}}],"inLanguage":"es"},{"@type":"Organization","@id":"https:\/\/noticiasya.com\/#organization","name":"Noticias","url":"https:\/\/noticiasya.com\/","logo":{"@type":"ImageObject","inLanguage":"es","@id":"https:\/\/noticiasya.com\/#\/schema\/logo\/image\/","url":"https:\/\/noticiasya.com\/wp-content\/uploads\/sites\/22\/2023\/12\/logo-nacional.png","contentUrl":"https:\/\/noticiasya.com\/wp-content\/uploads\/sites\/22\/2023\/12\/logo-nacional.png","width":1801,"height":691,"caption":"Noticias"},"image":{"@id":"https:\/\/noticiasya.com\/#\/schema\/logo\/image\/"}}]}},"parsely":{"version":"1.1.0","canonical_url":"https:\/\/noticiasya.com\/midland-odessa\/2024\/10\/23\/mexico-sheinbaum-qr-jueza-suspension-reforma-judicial-orix\/","smart_links":{"inbound":0,"outbound":0},"traffic_boost_suggestions_count":0,"meta":{"@context":"https:\/\/schema.org","@type":"NewsArticle","headline":"Sheinbaum se burla de que no funciona el c\u00f3digo QR que le envi\u00f3 la jueza que emiti\u00f3 una suspensi\u00f3n contra la reforma judicial","url":"http:\/\/noticiasya.com\/midland-odessa\/2024\/10\/23\/mexico-sheinbaum-qr-jueza-suspension-reforma-judicial-orix\/","mainEntityOfPage":{"@type":"WebPage","@id":"http:\/\/noticiasya.com\/midland-odessa\/2024\/10\/23\/mexico-sheinbaum-qr-jueza-suspension-reforma-judicial-orix\/"},"thumbnailUrl":"","image":{"@type":"ImageObject","url":""},"articleSection":"Noticias Nacionales","author":[],"creator":[],"publisher":{"@type":"Organization","name":"Noticias","logo":""},"keywords":[],"dateCreated":"2024-10-23T21:03:41Z","datePublished":"2024-10-23T21:03:41Z","dateModified":"2024-10-23T21:03:41Z"},"rendered":"<script type=\"application\/ld+json\" class=\"wp-parsely-metadata\">{\"@context\":\"https:\\\/\\\/schema.org\",\"@type\":\"NewsArticle\",\"headline\":\"Sheinbaum se burla de que no funciona el c\\u00f3digo QR que le envi\\u00f3 la jueza que emiti\\u00f3 una suspensi\\u00f3n contra la reforma judicial\",\"url\":\"http:\\\/\\\/noticiasya.com\\\/midland-odessa\\\/2024\\\/10\\\/23\\\/mexico-sheinbaum-qr-jueza-suspension-reforma-judicial-orix\\\/\",\"mainEntityOfPage\":{\"@type\":\"WebPage\",\"@id\":\"http:\\\/\\\/noticiasya.com\\\/midland-odessa\\\/2024\\\/10\\\/23\\\/mexico-sheinbaum-qr-jueza-suspension-reforma-judicial-orix\\\/\"},\"thumbnailUrl\":\"\",\"image\":{\"@type\":\"ImageObject\",\"url\":\"\"},\"articleSection\":\"Noticias Nacionales\",\"author\":[],\"creator\":[],\"publisher\":{\"@type\":\"Organization\",\"name\":\"Noticias\",\"logo\":\"\"},\"keywords\":[],\"dateCreated\":\"2024-10-23T21:03:41Z\",\"datePublished\":\"2024-10-23T21:03:41Z\",\"dateModified\":\"2024-10-23T21:03:41Z\"}<\/script>","tracker_url":"https:\/\/cdn.parsely.com\/keys\/noticiasya.com\/p.js"},"jetpack_featured_media_url":"","jetpack-related-posts":[{"id":1455218,"url":"https:\/\/noticiasya.com\/midland-odessa\/2024\/10\/18\/claudia-sheinbaum-reforma-judicial-diario-oficial-orix\/","url_meta":{"origin":1455317,"position":0},"title":"Claudia Sheinbaum asegura que no van a bajar la publicaci\u00f3n de la reforma judicial del Diario Oficial de la Federaci\u00f3n","author":"","date":"octubre 18, 2024","format":false,"excerpt":"(CNN Espa\u00f1ol) --\u00a0La presidenta de M\u00e9xico, Claudia Sheinbaum, no dar\u00e1 marcha atr\u00e1s con la publicaci\u00f3n de la reforma judicial en el Diario Oficial de la Federaci\u00f3n (DOF), seg\u00fan dijo en la conferencia matutina de este viernes, luego de que una jueza ordenara bajarla en un plazo de 24 horas. \u201cJur\u00eddicamente\u2026","rel":"","context":"In &quot;Noticias Nacionales&quot;","block_context":{"text":"Noticias Nacionales","link":"https:\/\/noticiasya.com\/midland-odessa\/categoria\/noticias-nacionales"},"img":{"alt_text":"","src":"","width":0,"height":0},"classes":[]},{"id":1455295,"url":"https:\/\/noticiasya.com\/midland-odessa\/2024\/10\/22\/sheinbaum-no-antecedentes-juez-eliminar-diario-oficial-orix\/","url_meta":{"origin":1455317,"position":1},"title":"Sheinbaum: &#171;No hay antecedentes de que un juez haya pedido eliminar algo del Diario Oficial de la Federaci\u00f3n&#187;","author":"","date":"octubre 22, 2024","format":false,"excerpt":"(CNN Espa\u00f1ol) -- La presidenta de M\u00e9xico Claudia Sheinbaum volvi\u00f3 a ratificar este martes la publicaci\u00f3n oficial de la reforma judicial. \"No hay antecedentes de que un juez haya pedido eliminar algo del Diario Oficial de la Federaci\u00f3n\", dijo la mandataria en su rueda de prensa matutina.\"\u00bfLa se\u00f1ora jueza est\u00e1\u2026","rel":"","context":"In &quot;Noticias Nacionales&quot;","block_context":{"text":"Noticias Nacionales","link":"https:\/\/noticiasya.com\/midland-odessa\/categoria\/noticias-nacionales"},"img":{"alt_text":"","src":"","width":0,"height":0},"classes":[]},{"id":1455301,"url":"https:\/\/noticiasya.com\/midland-odessa\/2024\/10\/22\/juristas-corte-mexico-opinion-tecnica-reforma-judicial-orix\/","url_meta":{"origin":1455317,"position":2},"title":"50 juristas hispanoamericanos presentan a la Suprema Corte de M\u00e9xico opini\u00f3n t\u00e9cnica contra la reforma judicial","author":"","date":"octubre 22, 2024","format":false,"excerpt":"(CNN Espa\u00f1ol) \u2013\u2013 Un grupo de 50 acad\u00e9micos en derecho de diferentes universidades hispanoamericanas presentaron ante la Suprema Corte de Justicia de la Naci\u00f3n de M\u00e9xico una opini\u00f3n t\u00e9cnica conocida como \"amiga de la corte\" o amicus curia donde ofrecen argumentos contra la controvertida reforma judicial recientemente decretada, tras su\u2026","rel":"","context":"In &quot;Noticias Nacionales&quot;","block_context":{"text":"Noticias Nacionales","link":"https:\/\/noticiasya.com\/midland-odessa\/categoria\/noticias-nacionales"},"img":{"alt_text":"","src":"","width":0,"height":0},"classes":[]},{"id":1452833,"url":"https:\/\/noticiasya.com\/midland-odessa\/2024\/09\/19\/ebrard-reunion-sheinbaum-empresarios-reforma-judicial-orix\/","url_meta":{"origin":1455317,"position":3},"title":"Ebrard anuncia reuni\u00f3n de Sheinbaum con empresarios mexicanos y de EE.UU. para explicar la reforma judicial","author":"","date":"septiembre 19, 2024","format":false,"excerpt":"(CNN Espa\u00f1ol) -- Marcelo Ebrard, designado como pr\u00f3ximo secretario de Econom\u00eda por la presidenta electa Claudia Sheinbaum, anunci\u00f3 este mi\u00e9rcoles que el 15 de octubre Sheinbaum se reunir\u00e1 con los principales empresarios de M\u00e9xico y Estados Unidos para explicarles c\u00f3mo se implementar\u00e1 la reforma judicial.Agreg\u00f3 que durante la cumbre US-Mexico\u2026","rel":"","context":"In &quot;Noticias Nacionales&quot;","block_context":{"text":"Noticias Nacionales","link":"https:\/\/noticiasya.com\/midland-odessa\/categoria\/noticias-nacionales"},"img":{"alt_text":"","src":"","width":0,"height":0},"classes":[]},{"id":1452398,"url":"https:\/\/noticiasya.com\/midland-odessa\/2024\/09\/03\/lopez-obrador-orden-reforma-judicial-invasion-poder-legislativo-orix\/","url_meta":{"origin":1455317,"position":4},"title":"L\u00f3pez Obrador dice que la orden que suspende la reforma judicial es una invasi\u00f3n al Poder Legislativo","author":"","date":"septiembre 3, 2024","format":false,"excerpt":"(CNN Espa\u00f1ol)\u00a0 \u2013\u2013 El presidente de M\u00e9xico, Andr\u00e9s Manuel L\u00f3pez Obrador, calific\u00f3 este lunes de \u201cinvasi\u00f3n franca y arbitraria a la facultad del Poder Legislativo\u201d la decisi\u00f3n de una jueza federal de M\u00e9xico, que suspendi\u00f3 provisionalmente la discusi\u00f3n de la reforma al Poder Judicial que impulsa el mandatario.El fallo de\u2026","rel":"","context":"In &quot;Noticias Nacionales&quot;","block_context":{"text":"Noticias Nacionales","link":"https:\/\/noticiasya.com\/midland-odessa\/categoria\/noticias-nacionales"},"img":{"alt_text":"","src":"","width":0,"height":0},"classes":[]},{"id":1465835,"url":"https:\/\/noticiasya.com\/midland-odessa\/2025\/08\/25\/abrego-deportacion-uganda-ice-trax\/","url_meta":{"origin":1455317,"position":5},"title":"Kilmar \u00c1brego Garc\u00eda lucha contra su deportaci\u00f3n a Uganda tras quedar bajo custodia del ICE","author":"","date":"agosto 25, 2025","format":false,"excerpt":"Minutos despu\u00e9s de que Kilmar \u00c1brego Garc\u00eda fuera detenido por funcionarios de inmigraci\u00f3n en Baltimore, sus abogados presentaron una nueva demanda instando a una jueza federal a ordenar su liberaci\u00f3n y agilizar su proceso de deportaci\u00f3n para que pueda tener la oportunidad de impugnar su posible env\u00edo a Uganda.La jueza\u2026","rel":"","context":"In &quot;Noticias Nacionales&quot;","block_context":{"text":"Noticias Nacionales","link":"https:\/\/noticiasya.com\/midland-odessa\/categoria\/noticias-nacionales"},"img":{"alt_text":"","src":"","width":0,"height":0},"classes":[]}],"jetpack_sharing_enabled":true,"_links":{"self":[{"href":"https:\/\/noticiasya.com\/midland-odessa\/wp-json\/wp\/v2\/posts\/1455317","targetHints":{"allow":["GET"]}}],"collection":[{"href":"https:\/\/noticiasya.com\/midland-odessa\/wp-json\/wp\/v2\/posts"}],"about":[{"href":"https:\/\/noticiasya.com\/midland-odessa\/wp-json\/wp\/v2\/types\/post"}],"replies":[{"embeddable":true,"href":"https:\/\/noticiasya.com\/midland-odessa\/wp-json\/wp\/v2\/comments?post=1455317"}],"version-history":[{"count":0,"href":"https:\/\/noticiasya.com\/midland-odessa\/wp-json\/wp\/v2\/posts\/1455317\/revisions"}],"wp:attachment":[{"href":"https:\/\/noticiasya.com\/midland-odessa\/wp-json\/wp\/v2\/media?parent=1455317"}],"wp:term":[{"taxonomy":"category","embeddable":true,"href":"https:\/\/noticiasya.com\/midland-odessa\/wp-json\/wp\/v2\/categories?post=1455317"},{"taxonomy":"post_tag","embeddable":true,"href":"https:\/\/noticiasya.com\/midland-odessa\/wp-json\/wp\/v2\/tags?post=1455317"}],"curies":[{"name":"wp","href":"https:\/\/api.w.org\/{rel}","templated":true}]}}